{"id":34667,"date":"2025-03-04T13:41:45","date_gmt":"2025-03-04T10:41:45","guid":{"rendered":"https:\/\/denizcankizil.tr\/uncategorized-tr\/izmirliler-kiradan-bile-dusuk-bedelle-ev-sahibi-olacak\/"},"modified":"2025-03-04T13:41:45","modified_gmt":"2025-03-04T10:41:45","slug":"izmirliler-kiradan-bile-dusuk-bedelle-ev-sahibi-olacak","status":"publish","type":"post","link":"http:\/\/denizcankizil.tr\/uk\/haberler\/gundem\/izmirliler-kiradan-bile-dusuk-bedelle-ev-sahibi-olacak\/","title":{"rendered":"\u0130zmirliler kiradan bile d\u00fc\u015f\u00fck bedelle ev sahibi olacak"},"content":{"rendered":"<p>\u0130zmir B\u00fcy\u00fck\u015fehir Belediye Ba\u015fkan\u0131 Dr. Cemil Tugay\u2019\u0131n adayl\u0131k s\u00fcrecindeki vaatlerinden 25 bin sosyal konut projesinin ilk aya\u011f\u0131 olacak Ege\u015fehir Menemen Konutlar\u0131\u2019n\u0131n tan\u0131t\u0131m\u0131 yap\u0131ld\u0131.\u0130ZM\u0130R (\u0130GFA) &#8211; \u0130zmir B\u00fcy\u00fck\u015fehir Belediye Ba\u015fkan\u0131 Dr. Cemil Tugay\u2019\u0131n se\u00e7im vaatlerinden olan 25 bin sosyal konut i\u00e7in harekete ge\u00e7ildi. T\u00fcrkiye\u2019deki ekonomik krizin derinle\u015fmesiyle konut s\u0131k\u0131nt\u0131s\u0131 ya\u015fayan orta ve alt gelir grubundaki vatanda\u015flara nefes ald\u0131racak projenin ilk etab\u0131 olan Ege\u015fehir Menemen Konutlar\u0131 projesinin tan\u0131t\u0131m\u0131 Tarihi Havagaz\u0131 Fabrikas\u0131 K\u00fclt\u00fcr Merkezi\u2019nde yap\u0131ld\u0131.<br \/>\nProjenin sunumunu Ege\u015fehir Yap\u0131 Planlama M\u00fc\u015favirlik ve Teknoloji Anonim \u015eirketi (Ege\u015fehir A\u015e) Genel M\u00fcd\u00fcr S\u00fcleyman Ekinci ger\u00e7ekle\u015ftirdi. Ba\u015fkan Dr. Cemil Tugay ise \u0130zmir\u2019den T\u00fcrkiye\u2019ye \u00f6rnek bir proje ba\u015flatt\u0131klar\u0131n\u0131 anlatt\u0131.<br \/>\nProjeye ba\u015fvurular, yar\u0131ndan itibaren ba\u015fl\u0131yor. Ege\u015fehir Menemen Konutlar\u0131 Sosyal Konut Ba\u015fvuru formuna http:\/\/www.egesehir.com.tr\/basvuru-form \u00fczerinden ula\u015f\u0131labiliyor. Ba\u015fvuru sistemi bir ay a\u00e7\u0131k olacak.<\/p>\n<p>Konut hakk\u0131n\u0131n \u00f6nemine de\u011finen, ulusal ve uluslararas\u0131 s\u00f6zle\u015fmelerden \u00f6rnekler veren \u0130zmir B\u00fcy\u00fck\u015fehir Belediye Ba\u015fkan\u0131 Dr. Cemil Tugay, \u201cBug\u00fcn se\u00e7im \u00f6ncesinde verdi\u011fimiz 25 bin sosyal konut vaadinin ilk etab\u0131 i\u00e7in bir araday\u0131z. Belediye bu i\u015fi niye yaps\u0131n, yapabilir mi sorular\u0131n\u0131n akl\u0131n\u0131zda olu\u015ftu\u011funu biliyorum. Her \u015feyden \u00f6nce neden yapt\u0131\u011f\u0131m\u0131z\u0131 sizlere s\u00f6ylemek isterim. Biliyorsunuz bar\u0131nma hakk\u0131 en temel insan hakk\u0131d\u0131r. Konut hakk\u0131, Birle\u015fmi\u015f Milletler Evrensel \u0130nsan Haklar\u0131 Beyannamesi\u2019nde Ekonomik Sosyal K\u00fclt\u00fcrel Haklar S\u00f6zle\u015fmesi\u2019nde ifade edilmi\u015f.\u00a0 Anayasam\u0131zda da Konut Hakk\u0131 ba\u015fl\u0131kl\u0131 57\u2019nci maddede \u2018Devlet, \u015fehirlerin \u00f6zelliklerini ve \u00e7evre \u015fartlar\u0131n\u0131 g\u00f6zeten planlama \u00e7er\u00e7evesinde konut ihtiyac\u0131n\u0131 kar\u015f\u0131layacak tedbirleri al\u0131r, ayr\u0131ca toplu konut te\u015febb\u00fcslerini destekler\u2019 denmi\u015ftir. \u0130\u015fte bu sorumlulukla \u00f6zellikle son zamanlarda \u00e7ok daha belirgin bir \u015fekilde ya\u015fad\u0131\u011f\u0131m\u0131z konut krizini gidermek i\u00e7in bir ad\u0131m atmaya karar verdik. \u0130\u015ftirakimiz olan Ege\u015fehir A\u015e\u2019yi g\u00f6revlendirdik\u201d diye konu\u015ftu.<br \/>\nKonutun bir l\u00fcks, yat\u0131r\u0131m arac\u0131 ve rant kap\u0131s\u0131 olmad\u0131\u011f\u0131n\u0131 bir kez daha vurgulayan Ba\u015fkan Tugay, \u201cKonut temel bir insan hakk\u0131d\u0131r. \u0130zmir\u2019de bunu yapt\u0131\u011f\u0131m\u0131z i\u015flerle g\u00f6sterece\u011fiz. \u0130zmirlileri ev sahibi yapmak istiyoruz. Uygun bir finansman modeli geli\u015ftirdi\u011fimize inan\u0131yoruz. Asgari \u00fccrete endeksli bir planlama yap\u0131ld\u0131. Ola\u011fan\u00fcst\u00fc enflasyona kar\u015f\u0131 taksit art\u0131\u015f oran\u0131nda \u00fcst limiti y\u00fczde 30 olarak belirledik\u201d dedi.<\/p>\n<p>Ama\u00e7lar\u0131n\u0131n sadece konut de\u011fil insanlara ya\u015fam alan\u0131 olu\u015fturmak oldu\u011funu belirten Tugay,\u00a0 \u201c\u0130nsanlar\u0131m\u0131z\u0131n nitelikli bir ortamda ya\u015famalar\u0131n\u0131 sa\u011flamak istiyoruz. Hem \u00e7evreci hem sosyal olanaklar a\u00e7\u0131s\u0131ndan yeterli hem de g\u00fcvenlik a\u00e7\u0131s\u0131ndan sorunu olmayan atmosferler olu\u015fturaca\u011f\u0131z. Bir \u00fclkenin geli\u015fmi\u015fli\u011fi g\u00f6kdelenleriyle de\u011fil insanlar\u0131n\u0131n huzur i\u00e7inde ya\u015fayaca\u011f\u0131 yuvalar\u0131yla \u00f6l\u00e7\u00fcl\u00fcr. \u0130zmirlilere, bu konutlarda oturacak vatanda\u015flar\u0131m\u0131za \u015fimdiden hay\u0131rl\u0131 olsun. Burada sadece bir bina yapmayaca\u011f\u0131z. Ayn\u0131 zamanda devletle halk\u0131n tekrar birbirine kavu\u015ftu\u011fu, halk\u0131n devlete g\u00fcveninin tekrar tesis edildi\u011fi bir sistem kuraca\u011f\u0131z. Bir t\u00fcr dayan\u0131\u015fma geli\u015ftirdi\u011fimize inan\u0131yorum. T\u00fcrkiye\u2019ye \u00f6rnek olacak bir proje olacakt\u0131r\u201d ifadelerini kulland\u0131.<br \/>\nYEN\u0130 NES\u0130L KONUT V\u0130ZYONU<br \/>\nProje, \u0130zmir\u2019in s\u00fcrd\u00fcr\u00fclebilir kalk\u0131nma hedefleri do\u011frultusunda hayata ge\u00e7irilerek bar\u0131nma ihtiyac\u0131na \u00e7\u00f6z\u00fcm sunarken, ayn\u0131 zamanda kentin sosyal ve ekonomik yap\u0131s\u0131n\u0131 da destekleyecek. Ege\u015fehir Yap\u0131 Planlama M\u00fc\u015favirlik ve Teknoloji Anonim \u015eirketi (Ege\u015fehir A\u015e) sosyal donat\u0131larla g\u00fc\u00e7lendirilmi\u015f, nitelikli altyap\u0131 sistemleri ile desteklenmi\u015f yap\u0131larla, yeni sosyal konut vizyonuna \u00f6nc\u00fcl\u00fck edecek.<br \/>\nProje, afetlere diren\u00e7li kent vizyonu i\u00e7in de \u00f6nemli bir ad\u0131m olacak.<br \/>\nB\u00f6lgede imar plan\u0131na esas jeolojik ve jeoteknik et\u00fct \u00e7al\u0131\u015fmalar\u0131 yap\u0131ld\u0131 ve parseller yap\u0131la\u015fmaya en uygun zeminlerde konumland\u0131r\u0131ld\u0131. Mimari projeye esas detayl\u0131 zemin et\u00fct \u00e7al\u0131\u015fmalar\u0131 ayr\u0131ca yap\u0131lacak.<\/p>\n<p>\u200b\u0130zmir B\u00fcy\u00fck\u015fehir Belediye Ba\u015fkan\u0131 Dr. Cemil Tugay\u2019\u0131n adayl\u0131k s\u00fcrecindeki vaatlerinden 25 bin sosyal konut projesinin ilk aya\u011f\u0131 olacak Ege\u015fehir Menemen Konutlar\u0131\u2019n\u0131n tan\u0131t\u0131m\u0131 yap\u0131ld\u0131.\u0130ZM\u0130R (\u0130GFA) &#8211; \u0130zmir B\u00fcy\u00fck\u015fehir Belediye Ba\u015fkan\u0131 Dr. Cemil Tugay\u2019\u0131n se\u00e7im vaatlerinden olan 25 bin sosyal konut i\u00e7in harekete ge\u00e7ildi. T\u00fcrkiye\u2019deki ekonomik krizin derinle\u015fmesiyle konut s\u0131k\u0131nt\u0131s\u0131 ya\u015fayan orta ve alt gelir grubundaki vatanda\u015flara nefes ald\u0131racak projenin ilk etab\u0131 olan Ege\u015fehir Menemen Konutlar\u0131 projesinin tan\u0131t\u0131m\u0131 Tarihi Havagaz\u0131 Fabrikas\u0131 K\u00fclt\u00fcr Merkezi\u2019nde yap\u0131ld\u0131.<br \/>\nProjenin sunumunu Ege\u015fehir Yap\u0131 Planlama M\u00fc\u015favirlik ve Teknoloji Anonim \u015eirketi (Ege\u015fehir A\u015e) Genel M\u00fcd\u00fcr S\u00fcleyman Ekinci ger\u00e7ekle\u015ftirdi. Ba\u015fkan Dr. Cemil Tugay ise \u0130zmir\u2019den T\u00fcrkiye\u2019ye \u00f6rnek bir proje ba\u015flatt\u0131klar\u0131n\u0131 anlatt\u0131.<br \/>\nProjeye ba\u015fvurular, yar\u0131ndan itibaren ba\u015fl\u0131yor. Ege\u015fehir Menemen Konutlar\u0131 Sosyal Konut Ba\u015fvuru formuna http:\/\/www.egesehir.com.tr\/basvuru-form \u00fczerinden ula\u015f\u0131labiliyor. Ba\u015fvuru sistemi bir ay a\u00e7\u0131k olacak.<\/p>\n<p>Konut hakk\u0131n\u0131n \u00f6nemine de\u011finen, ulusal ve uluslararas\u0131 s\u00f6zle\u015fmelerden \u00f6rnekler veren \u0130zmir B\u00fcy\u00fck\u015fehir Belediye Ba\u015fkan\u0131 Dr. Cemil Tugay, \u201cBug\u00fcn se\u00e7im \u00f6ncesinde verdi\u011fimiz 25 bin sosyal konut vaadinin ilk etab\u0131 i\u00e7in bir araday\u0131z. Belediye bu i\u015fi niye yaps\u0131n, yapabilir mi sorular\u0131n\u0131n akl\u0131n\u0131zda olu\u015ftu\u011funu biliyorum. Her \u015feyden \u00f6nce neden yapt\u0131\u011f\u0131m\u0131z\u0131 sizlere s\u00f6ylemek isterim. Biliyorsunuz bar\u0131nma hakk\u0131 en temel insan hakk\u0131d\u0131r. Konut hakk\u0131, Birle\u015fmi\u015f Milletler Evrensel \u0130nsan Haklar\u0131 Beyannamesi\u2019nde Ekonomik Sosyal K\u00fclt\u00fcrel Haklar S\u00f6zle\u015fmesi\u2019nde ifade edilmi\u015f.\u00a0 Anayasam\u0131zda da Konut Hakk\u0131 ba\u015fl\u0131kl\u0131 57\u2019nci maddede \u2018Devlet, \u015fehirlerin \u00f6zelliklerini ve \u00e7evre \u015fartlar\u0131n\u0131 g\u00f6zeten planlama \u00e7er\u00e7evesinde konut ihtiyac\u0131n\u0131 kar\u015f\u0131layacak tedbirleri al\u0131r, ayr\u0131ca toplu konut te\u015febb\u00fcslerini destekler\u2019 denmi\u015ftir. \u0130\u015fte bu sorumlulukla \u00f6zellikle son zamanlarda \u00e7ok daha belirgin bir \u015fekilde ya\u015fad\u0131\u011f\u0131m\u0131z konut krizini gidermek i\u00e7in bir ad\u0131m atmaya karar verdik. \u0130\u015ftirakimiz olan Ege\u015fehir A\u015e\u2019yi g\u00f6revlendirdik\u201d diye konu\u015ftu.<br \/>\nKonutun bir l\u00fcks, yat\u0131r\u0131m arac\u0131 ve rant kap\u0131s\u0131 olmad\u0131\u011f\u0131n\u0131 bir kez daha vurgulayan Ba\u015fkan Tugay, \u201cKonut temel bir insan hakk\u0131d\u0131r. \u0130zmir\u2019de bunu yapt\u0131\u011f\u0131m\u0131z i\u015flerle g\u00f6sterece\u011fiz. \u0130zmirlileri ev sahibi yapmak istiyoruz. Uygun bir finansman modeli geli\u015ftirdi\u011fimize inan\u0131yoruz. Asgari \u00fccrete endeksli bir planlama yap\u0131ld\u0131. Ola\u011fan\u00fcst\u00fc enflasyona kar\u015f\u0131 taksit art\u0131\u015f oran\u0131nda \u00fcst limiti y\u00fczde 30 olarak belirledik\u201d dedi.<\/p>\n<p>Ama\u00e7lar\u0131n\u0131n sadece konut de\u011fil insanlara ya\u015fam alan\u0131 olu\u015fturmak oldu\u011funu belirten Tugay,\u00a0 \u201c\u0130nsanlar\u0131m\u0131z\u0131n nitelikli bir ortamda ya\u015famalar\u0131n\u0131 sa\u011flamak istiyoruz. Hem \u00e7evreci hem sosyal olanaklar a\u00e7\u0131s\u0131ndan yeterli hem de g\u00fcvenlik a\u00e7\u0131s\u0131ndan sorunu olmayan atmosferler olu\u015fturaca\u011f\u0131z. Bir \u00fclkenin geli\u015fmi\u015fli\u011fi g\u00f6kdelenleriyle de\u011fil insanlar\u0131n\u0131n huzur i\u00e7inde ya\u015fayaca\u011f\u0131 yuvalar\u0131yla \u00f6l\u00e7\u00fcl\u00fcr. \u0130zmirlilere, bu konutlarda oturacak vatanda\u015flar\u0131m\u0131za \u015fimdiden hay\u0131rl\u0131 olsun. Burada sadece bir bina yapmayaca\u011f\u0131z. Ayn\u0131 zamanda devletle halk\u0131n tekrar birbirine kavu\u015ftu\u011fu, halk\u0131n devlete g\u00fcveninin tekrar tesis edildi\u011fi bir sistem kuraca\u011f\u0131z. Bir t\u00fcr dayan\u0131\u015fma geli\u015ftirdi\u011fimize inan\u0131yorum. T\u00fcrkiye\u2019ye \u00f6rnek olacak bir proje olacakt\u0131r\u201d ifadelerini kulland\u0131.<br \/>\nYEN\u0130 NES\u0130L KONUT V\u0130ZYONU<br \/>\nProje, \u0130zmir\u2019in s\u00fcrd\u00fcr\u00fclebilir kalk\u0131nma hedefleri do\u011frultusunda hayata ge\u00e7irilerek bar\u0131nma ihtiyac\u0131na \u00e7\u00f6z\u00fcm sunarken, ayn\u0131 zamanda kentin sosyal ve ekonomik yap\u0131s\u0131n\u0131 da destekleyecek. Ege\u015fehir Yap\u0131 Planlama M\u00fc\u015favirlik ve Teknoloji Anonim \u015eirketi (Ege\u015fehir A\u015e) sosyal donat\u0131larla g\u00fc\u00e7lendirilmi\u015f, nitelikli altyap\u0131 sistemleri ile desteklenmi\u015f yap\u0131larla, yeni sosyal konut vizyonuna \u00f6nc\u00fcl\u00fck edecek.<br \/>\nProje, afetlere diren\u00e7li kent vizyonu i\u00e7in de \u00f6nemli bir ad\u0131m olacak.<br \/>\nB\u00f6lgede imar plan\u0131na esas jeolojik ve jeoteknik et\u00fct \u00e7al\u0131\u015fmalar\u0131 yap\u0131ld\u0131 ve parseller yap\u0131la\u015fmaya en uygun zeminlerde konumland\u0131r\u0131ld\u0131. Mimari projeye esas detayl\u0131 zemin et\u00fct \u00e7al\u0131\u015fmalar\u0131 ayr\u0131ca yap\u0131lacak.\u00a0<\/p>\n<p>\u200bHaberin Al\u0131nt\u0131land\u0131\u011f\u0131 Kaynak: www.iskenderun.org<\/p>","protected":false},"excerpt":{"rendered":"<p>\u0130zmir B\u00fcy\u00fck\u015fehir Belediye Ba\u015fkan\u0131 Dr. Cemil Tugay\u2019\u0131n adayl\u0131k s\u00fcrecindeki vaatlerinden 25 bin sosyal konut projesinin ilk aya\u011f\u0131 olacak Ege\u015fehir Menemen Konutlar\u0131\u2019n\u0131n tan\u0131t\u0131m\u0131 yap\u0131ld\u0131.\u0130ZM\u0130R (\u0130GFA) &#8211; \u0130zmir B\u00fcy\u00fck\u015fehir Belediye Ba\u015fkan\u0131 Dr. Cemil Tugay\u2019\u0131n se\u00e7im vaatlerinden olan 25 bin sosyal konut i\u00e7in harekete ge\u00e7ildi. T\u00fcrkiye\u2019deki ekonomik krizin derinle\u015fmesiyle konut s\u0131k\u0131nt\u0131s\u0131 ya\u015fayan orta ve alt gelir grubundaki vatanda\u015flara nefes ald\u0131racak projenin ilk etab\u0131 olan Ege\u015fehir Menemen Konutlar\u0131 projesinin tan\u0131t\u0131m\u0131 Tarihi Havagaz\u0131 Fabrikas\u0131 K\u00fclt\u00fcr Merkezi\u2019nde yap\u0131ld\u0131. Projenin sunumunu Ege\u015fehir Yap\u0131 Planlama M\u00fc\u015favirlik ve Teknoloji Anonim \u015eirketi (Ege\u015fehir A\u015e) Genel M\u00fcd\u00fcr S\u00fcleyman Ekinci ger\u00e7ekle\u015ftirdi. Ba\u015fkan Dr. Cemil Tugay ise \u0130zmir\u2019den T\u00fcrkiye\u2019ye \u00f6rnek bir proje ba\u015flatt\u0131klar\u0131n\u0131 anlatt\u0131. Projeye ba\u015fvurular, yar\u0131ndan itibaren ba\u015fl\u0131yor. Ege\u015fehir Menemen Konutlar\u0131 Sosyal Konut Ba\u015fvuru formuna http:\/\/www.egesehir.com.tr\/basvuru-form \u00fczerinden ula\u015f\u0131labiliyor. Ba\u015fvuru sistemi bir ay a\u00e7\u0131k olacak. Konut hakk\u0131n\u0131n \u00f6nemine de\u011finen, ulusal ve uluslararas\u0131 s\u00f6zle\u015fmelerden \u00f6rnekler veren \u0130zmir B\u00fcy\u00fck\u015fehir Belediye Ba\u015fkan\u0131 Dr. Cemil Tugay, \u201cBug\u00fcn se\u00e7im \u00f6ncesinde verdi\u011fimiz 25 bin sosyal konut vaadinin ilk etab\u0131 i\u00e7in bir araday\u0131z. Belediye bu i\u015fi niye yaps\u0131n, yapabilir mi sorular\u0131n\u0131n akl\u0131n\u0131zda olu\u015ftu\u011funu biliyorum. Her \u015feyden \u00f6nce neden yapt\u0131\u011f\u0131m\u0131z\u0131 sizlere s\u00f6ylemek isterim. Biliyorsunuz bar\u0131nma hakk\u0131 en temel insan hakk\u0131d\u0131r. Konut hakk\u0131, Birle\u015fmi\u015f Milletler Evrensel \u0130nsan Haklar\u0131 Beyannamesi\u2019nde Ekonomik Sosyal K\u00fclt\u00fcrel Haklar S\u00f6zle\u015fmesi\u2019nde ifade edilmi\u015f.\u00a0 Anayasam\u0131zda da Konut Hakk\u0131 ba\u015fl\u0131kl\u0131 57\u2019nci &hellip;<\/p>","protected":false},"author":1,"featured_media":0,"comment_status":"open","ping_status":"open","sticky":false,"template":"","format":"standard","meta":{"_acf_changed":false,"footnotes":""},"categories":[24],"tags":[],"class_list":["post-34667","post","type-post","status-publish","format-standard","has-post-thumbnail","hentry","category-gundem"],"acf":[],"yoast_head":"<!-- This site is optimized with the Yoast SEO Premium plugin v26.6 (Yoast SEO v27.1.1) - https:\/\/yoast.com\/product\/yoast-seo-premium-wordpress\/ -->\n<title>\u0130zmirliler kiradan bile d\u00fc\u015f\u00fck bedelle ev sahibi olacak - Av. Deniz Can K\u0131z\u0131l<\/title>\n<meta name=\"robots\" content=\"index, follow, max-snippet:-1, max-image-preview:large, max-video-preview:-1\" \/>\n<link rel=\"canonical\" href=\"http:\/\/denizcankizil.tr\/uk\/haberler\/gundem\/izmirliler-kiradan-bile-dusuk-bedelle-ev-sahibi-olacak\/\" \/>\n<meta property=\"og:locale\" content=\"uk_UA\" \/>\n<meta property=\"og:type\" content=\"article\" \/>\n<meta property=\"og:title\" content=\"\u0130zmirliler kiradan bile d\u00fc\u015f\u00fck bedelle ev sahibi olacak\" \/>\n<meta property=\"og:description\" content=\"\u0130zmir B\u00fcy\u00fck\u015fehir Belediye Ba\u015fkan\u0131 Dr. Cemil Tugay\u2019\u0131n adayl\u0131k s\u00fcrecindeki vaatlerinden 25 bin sosyal konut projesinin ilk aya\u011f\u0131 olacak Ege\u015fehir Menemen Konutlar\u0131\u2019n\u0131n tan\u0131t\u0131m\u0131 yap\u0131ld\u0131.\u0130ZM\u0130R (\u0130GFA) &#8211; \u0130zmir B\u00fcy\u00fck\u015fehir Belediye Ba\u015fkan\u0131 Dr. Cemil Tugay\u2019\u0131n se\u00e7im vaatlerinden olan 25 bin sosyal konut i\u00e7in harekete ge\u00e7ildi. T\u00fcrkiye\u2019deki ekonomik krizin derinle\u015fmesiyle konut s\u0131k\u0131nt\u0131s\u0131 ya\u015fayan orta ve alt gelir grubundaki vatanda\u015flara nefes ald\u0131racak projenin ilk etab\u0131 olan Ege\u015fehir Menemen Konutlar\u0131 projesinin tan\u0131t\u0131m\u0131 Tarihi Havagaz\u0131 Fabrikas\u0131 K\u00fclt\u00fcr Merkezi\u2019nde yap\u0131ld\u0131. Projenin sunumunu Ege\u015fehir Yap\u0131 Planlama M\u00fc\u015favirlik ve Teknoloji Anonim \u015eirketi (Ege\u015fehir A\u015e) Genel M\u00fcd\u00fcr S\u00fcleyman Ekinci ger\u00e7ekle\u015ftirdi. Ba\u015fkan Dr. Cemil Tugay ise \u0130zmir\u2019den T\u00fcrkiye\u2019ye \u00f6rnek bir proje ba\u015flatt\u0131klar\u0131n\u0131 anlatt\u0131. Projeye ba\u015fvurular, yar\u0131ndan itibaren ba\u015fl\u0131yor. Ege\u015fehir Menemen Konutlar\u0131 Sosyal Konut Ba\u015fvuru formuna http:\/\/www.egesehir.com.tr\/basvuru-form \u00fczerinden ula\u015f\u0131labiliyor. Ba\u015fvuru sistemi bir ay a\u00e7\u0131k olacak. Konut hakk\u0131n\u0131n \u00f6nemine de\u011finen, ulusal ve uluslararas\u0131 s\u00f6zle\u015fmelerden \u00f6rnekler veren \u0130zmir B\u00fcy\u00fck\u015fehir Belediye Ba\u015fkan\u0131 Dr. Cemil Tugay, \u201cBug\u00fcn se\u00e7im \u00f6ncesinde verdi\u011fimiz 25 bin sosyal konut vaadinin ilk etab\u0131 i\u00e7in bir araday\u0131z. Belediye bu i\u015fi niye yaps\u0131n, yapabilir mi sorular\u0131n\u0131n akl\u0131n\u0131zda olu\u015ftu\u011funu biliyorum. Her \u015feyden \u00f6nce neden yapt\u0131\u011f\u0131m\u0131z\u0131 sizlere s\u00f6ylemek isterim. Biliyorsunuz bar\u0131nma hakk\u0131 en temel insan hakk\u0131d\u0131r. Konut hakk\u0131, Birle\u015fmi\u015f Milletler Evrensel \u0130nsan Haklar\u0131 Beyannamesi\u2019nde Ekonomik Sosyal K\u00fclt\u00fcrel Haklar S\u00f6zle\u015fmesi\u2019nde ifade edilmi\u015f.\u00a0 Anayasam\u0131zda da Konut Hakk\u0131 ba\u015fl\u0131kl\u0131 57\u2019nci &hellip;\" \/>\n<meta property=\"og:url\" content=\"http:\/\/denizcankizil.tr\/uk\/haberler\/gundem\/izmirliler-kiradan-bile-dusuk-bedelle-ev-sahibi-olacak\/\" \/>\n<meta property=\"og:site_name\" content=\"Av. Deniz Can K\u0131z\u0131l\" \/>\n<meta property=\"article:published_time\" content=\"2025-03-04T10:41:45+00:00\" \/>\n<meta name=\"author\" content=\"admin\" \/>\n<meta name=\"twitter:card\" content=\"summary_large_image\" \/>\n<meta name=\"twitter:label1\" content=\"\u041d\u0430\u043f\u0438\u0441\u0430\u043d\u043e\" \/>\n\t<meta name=\"twitter:data1\" content=\"admin\" \/>\n\t<meta name=\"twitter:label2\" content=\"\u041f\u0440\u0438\u0431\u043b. \u0447\u0430\u0441 \u0447\u0438\u0442\u0430\u043d\u043d\u044f\" \/>\n\t<meta name=\"twitter:data2\" content=\"7 \u0445\u0432\u0438\u043b\u0438\u043d\" \/>\n<script type=\"application\/ld+json\" class=\"yoast-schema-graph\">{\"@context\":\"https:\/\/schema.org\",\"@graph\":[{\"@type\":\"Article\",\"@id\":\"http:\/\/denizcankizil.tr\/uk\/haberler\/gundem\/izmirliler-kiradan-bile-dusuk-bedelle-ev-sahibi-olacak\/#article\",\"isPartOf\":{\"@id\":\"http:\/\/denizcankizil.tr\/uk\/haberler\/gundem\/izmirliler-kiradan-bile-dusuk-bedelle-ev-sahibi-olacak\/\"},\"author\":{\"name\":\"admin\",\"@id\":\"https:\/\/denizcankizil.tr\/#\/schema\/person\/be3c05fe6a12686905512445d8185489\"},\"headline\":\"\u0130zmirliler kiradan bile d\u00fc\u015f\u00fck bedelle ev sahibi olacak\",\"datePublished\":\"2025-03-04T10:41:45+00:00\",\"mainEntityOfPage\":{\"@id\":\"http:\/\/denizcankizil.tr\/uk\/haberler\/gundem\/izmirliler-kiradan-bile-dusuk-bedelle-ev-sahibi-olacak\/\"},\"wordCount\":1437,\"commentCount\":0,\"publisher\":{\"@id\":\"https:\/\/denizcankizil.tr\/#organization\"},\"articleSection\":[\"G\u00fcndem\"],\"inLanguage\":\"uk\",\"potentialAction\":[{\"@type\":\"CommentAction\",\"name\":\"Comment\",\"target\":[\"http:\/\/denizcankizil.tr\/uk\/haberler\/gundem\/izmirliler-kiradan-bile-dusuk-bedelle-ev-sahibi-olacak\/#respond\"]}]},{\"@type\":\"WebPage\",\"@id\":\"http:\/\/denizcankizil.tr\/uk\/haberler\/gundem\/izmirliler-kiradan-bile-dusuk-bedelle-ev-sahibi-olacak\/\",\"url\":\"http:\/\/denizcankizil.tr\/uk\/haberler\/gundem\/izmirliler-kiradan-bile-dusuk-bedelle-ev-sahibi-olacak\/\",\"name\":\"\u0130zmirliler kiradan bile d\u00fc\u015f\u00fck bedelle ev sahibi olacak - Av. Deniz Can K\u0131z\u0131l\",\"isPartOf\":{\"@id\":\"https:\/\/denizcankizil.tr\/#website\"},\"datePublished\":\"2025-03-04T10:41:45+00:00\",\"breadcrumb\":{\"@id\":\"http:\/\/denizcankizil.tr\/uk\/haberler\/gundem\/izmirliler-kiradan-bile-dusuk-bedelle-ev-sahibi-olacak\/#breadcrumb\"},\"inLanguage\":\"uk\",\"potentialAction\":[{\"@type\":\"ReadAction\",\"target\":[\"http:\/\/denizcankizil.tr\/uk\/haberler\/gundem\/izmirliler-kiradan-bile-dusuk-bedelle-ev-sahibi-olacak\/\"]}]},{\"@type\":\"BreadcrumbList\",\"@id\":\"http:\/\/denizcankizil.tr\/uk\/haberler\/gundem\/izmirliler-kiradan-bile-dusuk-bedelle-ev-sahibi-olacak\/#breadcrumb\",\"itemListElement\":[{\"@type\":\"ListItem\",\"position\":1,\"name\":\"Home\",\"item\":\"https:\/\/denizcankizil.tr\/de\/\"},{\"@type\":\"ListItem\",\"position\":2,\"name\":\"\u0130zmirliler kiradan bile d\u00fc\u015f\u00fck bedelle ev sahibi olacak\"}]},{\"@type\":\"WebSite\",\"@id\":\"https:\/\/denizcankizil.tr\/#website\",\"url\":\"https:\/\/denizcankizil.tr\/\",\"name\":\"Av. Deniz Can K\u0131z\u0131l\",\"description\":\"Avukat Deniz Can K\u0131z\u0131l Antalya Barosu\",\"publisher\":{\"@id\":\"https:\/\/denizcankizil.tr\/#organization\"},\"potentialAction\":[{\"@type\":\"SearchAction\",\"target\":{\"@type\":\"EntryPoint\",\"urlTemplate\":\"https:\/\/denizcankizil.tr\/?s={search_term_string}\"},\"query-input\":{\"@type\":\"PropertyValueSpecification\",\"valueRequired\":true,\"valueName\":\"search_term_string\"}}],\"inLanguage\":\"uk\"},{\"@type\":\"Organization\",\"@id\":\"https:\/\/denizcankizil.tr\/#organization\",\"name\":\"Av. Deniz Can K\u0131z\u0131l\",\"url\":\"https:\/\/denizcankizil.tr\/\",\"logo\":{\"@type\":\"ImageObject\",\"inLanguage\":\"uk\",\"@id\":\"https:\/\/denizcankizil.tr\/#\/schema\/logo\/image\/\",\"url\":\"http:\/\/denizcankizil.tr\/wp-content\/uploads\/2024\/10\/siyah-logo-svg.svg\",\"contentUrl\":\"http:\/\/denizcankizil.tr\/wp-content\/uploads\/2024\/10\/siyah-logo-svg.svg\",\"width\":1080,\"height\":1080,\"caption\":\"Av. Deniz Can K\u0131z\u0131l\"},\"image\":{\"@id\":\"https:\/\/denizcankizil.tr\/#\/schema\/logo\/image\/\"}},{\"@type\":\"Person\",\"@id\":\"https:\/\/denizcankizil.tr\/#\/schema\/person\/be3c05fe6a12686905512445d8185489\",\"name\":\"admin\",\"image\":{\"@type\":\"ImageObject\",\"inLanguage\":\"uk\",\"@id\":\"https:\/\/denizcankizil.tr\/#\/schema\/person\/image\/\",\"url\":\"https:\/\/secure.gravatar.com\/avatar\/c1fce94c830dc79107e174f890d7210541c4a63e8e5d816341794a2151c9d58c?s=96&d=mm&r=g\",\"contentUrl\":\"https:\/\/secure.gravatar.com\/avatar\/c1fce94c830dc79107e174f890d7210541c4a63e8e5d816341794a2151c9d58c?s=96&d=mm&r=g\",\"caption\":\"admin\"},\"sameAs\":[\"http:\/\/denizcankizil.tr\"],\"url\":\"https:\/\/www.iskenderun.org\/izmirliler-kiradan-bile-dusuk-bedelle-ev-sahibi-olacak\"}]}<\/script>\n<!-- \/ Yoast SEO Premium plugin. -->","yoast_head_json":{"title":"\u0130zmirliler kiradan bile d\u00fc\u015f\u00fck bedelle ev sahibi olacak - Av. Deniz Can K\u0131z\u0131l","robots":{"index":"index","follow":"follow","max-snippet":"max-snippet:-1","max-image-preview":"max-image-preview:large","max-video-preview":"max-video-preview:-1"},"canonical":"http:\/\/denizcankizil.tr\/uk\/haberler\/gundem\/izmirliler-kiradan-bile-dusuk-bedelle-ev-sahibi-olacak\/","og_locale":"uk_UA","og_type":"article","og_title":"\u0130zmirliler kiradan bile d\u00fc\u015f\u00fck bedelle ev sahibi olacak","og_description":"\u0130zmir B\u00fcy\u00fck\u015fehir Belediye Ba\u015fkan\u0131 Dr. Cemil Tugay\u2019\u0131n adayl\u0131k s\u00fcrecindeki vaatlerinden 25 bin sosyal konut projesinin ilk aya\u011f\u0131 olacak Ege\u015fehir Menemen Konutlar\u0131\u2019n\u0131n tan\u0131t\u0131m\u0131 yap\u0131ld\u0131.\u0130ZM\u0130R (\u0130GFA) &#8211; \u0130zmir B\u00fcy\u00fck\u015fehir Belediye Ba\u015fkan\u0131 Dr. Cemil Tugay\u2019\u0131n se\u00e7im vaatlerinden olan 25 bin sosyal konut i\u00e7in harekete ge\u00e7ildi. T\u00fcrkiye\u2019deki ekonomik krizin derinle\u015fmesiyle konut s\u0131k\u0131nt\u0131s\u0131 ya\u015fayan orta ve alt gelir grubundaki vatanda\u015flara nefes ald\u0131racak projenin ilk etab\u0131 olan Ege\u015fehir Menemen Konutlar\u0131 projesinin tan\u0131t\u0131m\u0131 Tarihi Havagaz\u0131 Fabrikas\u0131 K\u00fclt\u00fcr Merkezi\u2019nde yap\u0131ld\u0131. Projenin sunumunu Ege\u015fehir Yap\u0131 Planlama M\u00fc\u015favirlik ve Teknoloji Anonim \u015eirketi (Ege\u015fehir A\u015e) Genel M\u00fcd\u00fcr S\u00fcleyman Ekinci ger\u00e7ekle\u015ftirdi. Ba\u015fkan Dr. Cemil Tugay ise \u0130zmir\u2019den T\u00fcrkiye\u2019ye \u00f6rnek bir proje ba\u015flatt\u0131klar\u0131n\u0131 anlatt\u0131. Projeye ba\u015fvurular, yar\u0131ndan itibaren ba\u015fl\u0131yor. Ege\u015fehir Menemen Konutlar\u0131 Sosyal Konut Ba\u015fvuru formuna http:\/\/www.egesehir.com.tr\/basvuru-form \u00fczerinden ula\u015f\u0131labiliyor. Ba\u015fvuru sistemi bir ay a\u00e7\u0131k olacak. Konut hakk\u0131n\u0131n \u00f6nemine de\u011finen, ulusal ve uluslararas\u0131 s\u00f6zle\u015fmelerden \u00f6rnekler veren \u0130zmir B\u00fcy\u00fck\u015fehir Belediye Ba\u015fkan\u0131 Dr. Cemil Tugay, \u201cBug\u00fcn se\u00e7im \u00f6ncesinde verdi\u011fimiz 25 bin sosyal konut vaadinin ilk etab\u0131 i\u00e7in bir araday\u0131z. Belediye bu i\u015fi niye yaps\u0131n, yapabilir mi sorular\u0131n\u0131n akl\u0131n\u0131zda olu\u015ftu\u011funu biliyorum. Her \u015feyden \u00f6nce neden yapt\u0131\u011f\u0131m\u0131z\u0131 sizlere s\u00f6ylemek isterim. Biliyorsunuz bar\u0131nma hakk\u0131 en temel insan hakk\u0131d\u0131r. Konut hakk\u0131, Birle\u015fmi\u015f Milletler Evrensel \u0130nsan Haklar\u0131 Beyannamesi\u2019nde Ekonomik Sosyal K\u00fclt\u00fcrel Haklar S\u00f6zle\u015fmesi\u2019nde ifade edilmi\u015f.\u00a0 Anayasam\u0131zda da Konut Hakk\u0131 ba\u015fl\u0131kl\u0131 57\u2019nci &hellip;","og_url":"http:\/\/denizcankizil.tr\/uk\/haberler\/gundem\/izmirliler-kiradan-bile-dusuk-bedelle-ev-sahibi-olacak\/","og_site_name":"Av. Deniz Can K\u0131z\u0131l","article_published_time":"2025-03-04T10:41:45+00:00","author":"admin","twitter_card":"summary_large_image","twitter_misc":{"\u041d\u0430\u043f\u0438\u0441\u0430\u043d\u043e":"admin","\u041f\u0440\u0438\u0431\u043b. \u0447\u0430\u0441 \u0447\u0438\u0442\u0430\u043d\u043d\u044f":"7 \u0445\u0432\u0438\u043b\u0438\u043d"},"schema":{"@context":"https:\/\/schema.org","@graph":[{"@type":"Article","@id":"http:\/\/denizcankizil.tr\/uk\/haberler\/gundem\/izmirliler-kiradan-bile-dusuk-bedelle-ev-sahibi-olacak\/#article","isPartOf":{"@id":"http:\/\/denizcankizil.tr\/uk\/haberler\/gundem\/izmirliler-kiradan-bile-dusuk-bedelle-ev-sahibi-olacak\/"},"author":{"name":"admin","@id":"https:\/\/denizcankizil.tr\/#\/schema\/person\/be3c05fe6a12686905512445d8185489"},"headline":"\u0130zmirliler kiradan bile d\u00fc\u015f\u00fck bedelle ev sahibi olacak","datePublished":"2025-03-04T10:41:45+00:00","mainEntityOfPage":{"@id":"http:\/\/denizcankizil.tr\/uk\/haberler\/gundem\/izmirliler-kiradan-bile-dusuk-bedelle-ev-sahibi-olacak\/"},"wordCount":1437,"commentCount":0,"publisher":{"@id":"https:\/\/denizcankizil.tr\/#organization"},"articleSection":["G\u00fcndem"],"inLanguage":"uk","potentialAction":[{"@type":"CommentAction","name":"Comment","target":["http:\/\/denizcankizil.tr\/uk\/haberler\/gundem\/izmirliler-kiradan-bile-dusuk-bedelle-ev-sahibi-olacak\/#respond"]}]},{"@type":"WebPage","@id":"http:\/\/denizcankizil.tr\/uk\/haberler\/gundem\/izmirliler-kiradan-bile-dusuk-bedelle-ev-sahibi-olacak\/","url":"http:\/\/denizcankizil.tr\/uk\/haberler\/gundem\/izmirliler-kiradan-bile-dusuk-bedelle-ev-sahibi-olacak\/","name":"\u0130zmirliler kiradan bile d\u00fc\u015f\u00fck bedelle ev sahibi olacak - Av. Deniz Can K\u0131z\u0131l","isPartOf":{"@id":"https:\/\/denizcankizil.tr\/#website"},"datePublished":"2025-03-04T10:41:45+00:00","breadcrumb":{"@id":"http:\/\/denizcankizil.tr\/uk\/haberler\/gundem\/izmirliler-kiradan-bile-dusuk-bedelle-ev-sahibi-olacak\/#breadcrumb"},"inLanguage":"uk","potentialAction":[{"@type":"ReadAction","target":["http:\/\/denizcankizil.tr\/uk\/haberler\/gundem\/izmirliler-kiradan-bile-dusuk-bedelle-ev-sahibi-olacak\/"]}]},{"@type":"BreadcrumbList","@id":"http:\/\/denizcankizil.tr\/uk\/haberler\/gundem\/izmirliler-kiradan-bile-dusuk-bedelle-ev-sahibi-olacak\/#breadcrumb","itemListElement":[{"@type":"ListItem","position":1,"name":"Home","item":"https:\/\/denizcankizil.tr\/de\/"},{"@type":"ListItem","position":2,"name":"\u0130zmirliler kiradan bile d\u00fc\u015f\u00fck bedelle ev sahibi olacak"}]},{"@type":"WebSite","@id":"https:\/\/denizcankizil.tr\/#website","url":"https:\/\/denizcankizil.tr\/","name":"Av. Deniz Can K\u0131z\u0131l","description":"Avukat Deniz Can K\u0131z\u0131l Antalya Barosu","publisher":{"@id":"https:\/\/denizcankizil.tr\/#organization"},"potentialAction":[{"@type":"SearchAction","target":{"@type":"EntryPoint","urlTemplate":"https:\/\/denizcankizil.tr\/?s={search_term_string}"},"query-input":{"@type":"PropertyValueSpecification","valueRequired":true,"valueName":"search_term_string"}}],"inLanguage":"uk"},{"@type":"Organization","@id":"https:\/\/denizcankizil.tr\/#organization","name":"Av. Deniz Can K\u0131z\u0131l","url":"https:\/\/denizcankizil.tr\/","logo":{"@type":"ImageObject","inLanguage":"uk","@id":"https:\/\/denizcankizil.tr\/#\/schema\/logo\/image\/","url":"http:\/\/denizcankizil.tr\/wp-content\/uploads\/2024\/10\/siyah-logo-svg.svg","contentUrl":"http:\/\/denizcankizil.tr\/wp-content\/uploads\/2024\/10\/siyah-logo-svg.svg","width":1080,"height":1080,"caption":"Av. Deniz Can K\u0131z\u0131l"},"image":{"@id":"https:\/\/denizcankizil.tr\/#\/schema\/logo\/image\/"}},{"@type":"Person","@id":"https:\/\/denizcankizil.tr\/#\/schema\/person\/be3c05fe6a12686905512445d8185489","name":"\u0430\u0434\u043c\u0456\u043d","image":{"@type":"ImageObject","inLanguage":"uk","@id":"https:\/\/denizcankizil.tr\/#\/schema\/person\/image\/","url":"https:\/\/secure.gravatar.com\/avatar\/c1fce94c830dc79107e174f890d7210541c4a63e8e5d816341794a2151c9d58c?s=96&d=mm&r=g","contentUrl":"https:\/\/secure.gravatar.com\/avatar\/c1fce94c830dc79107e174f890d7210541c4a63e8e5d816341794a2151c9d58c?s=96&d=mm&r=g","caption":"admin"},"sameAs":["http:\/\/denizcankizil.tr"],"url":"https:\/\/www.iskenderun.org\/izmirliler-kiradan-bile-dusuk-bedelle-ev-sahibi-olacak"}]}},"_links":{"self":[{"href":"http:\/\/denizcankizil.tr\/uk\/wp-json\/wp\/v2\/posts\/34667","targetHints":{"allow":["GET"]}}],"collection":[{"href":"http:\/\/denizcankizil.tr\/uk\/wp-json\/wp\/v2\/posts"}],"about":[{"href":"http:\/\/denizcankizil.tr\/uk\/wp-json\/wp\/v2\/types\/post"}],"author":[{"embeddable":true,"href":"http:\/\/denizcankizil.tr\/uk\/wp-json\/wp\/v2\/users\/1"}],"replies":[{"embeddable":true,"href":"http:\/\/denizcankizil.tr\/uk\/wp-json\/wp\/v2\/comments?post=34667"}],"version-history":[{"count":0,"href":"http:\/\/denizcankizil.tr\/uk\/wp-json\/wp\/v2\/posts\/34667\/revisions"}],"wp:attachment":[{"href":"http:\/\/denizcankizil.tr\/uk\/wp-json\/wp\/v2\/media?parent=34667"}],"wp:term":[{"taxonomy":"category","embeddable":true,"href":"http:\/\/denizcankizil.tr\/uk\/wp-json\/wp\/v2\/categories?post=34667"},{"taxonomy":"post_tag","embeddable":true,"href":"http:\/\/denizcankizil.tr\/uk\/wp-json\/wp\/v2\/tags?post=34667"}],"curies":[{"name":"wp","href":"https:\/\/api.w.org\/{rel}","templated":true}]}}