{"id":34553,"date":"2025-03-03T11:42:00","date_gmt":"2025-03-03T08:42:00","guid":{"rendered":"https:\/\/denizcankizil.tr\/uncategorized-tr\/halusi-sahinin-yangin-hassasiyeti-binalarimizin-guvenligini-alalim-2\/"},"modified":"2025-03-03T11:42:00","modified_gmt":"2025-03-03T08:42:00","slug":"halusi-sahinin-yangin-hassasiyeti-binalarimizin-guvenligini-alalim-2","status":"publish","type":"post","link":"http:\/\/denizcankizil.tr\/uk\/haberler\/gundem\/halusi-sahinin-yangin-hassasiyeti-binalarimizin-guvenligini-alalim-2\/","title":{"rendered":"Halusi \u015eahin\u2019in \u2018yang\u0131n\u2019 hassasiyeti: \u201cBinalar\u0131m\u0131z\u0131n g\u00fcvenli\u011fini alal\u0131m\u201d"},"content":{"rendered":"<p>AESOB taraf\u0131ndan her y\u0131l geleneksel olarak d\u00fczenlenen iftar program\u0131, Mimar Sinan K\u00fclt\u00fcr Merkezi&#8217;nde ger\u00e7ekle\u015ftirildi. \u0130ftara, Vali Hulusi \u015eahin, B\u00fcy\u00fck\u015fehir Belediye Ba\u015fkan\u0131 Muhittin B\u00f6cek, Cumhuriyet Ba\u015fsavc\u0131s\u0131 Yakup Ali Kahveci, \u0130l Emniyet M\u00fcd\u00fcr\u00fc \u0130lker Arslan, baz\u0131 AK Parti, CHP ve MHP Antalya Milletvekilleri, belediye ba\u015fkanlar\u0131, baz\u0131 partilerin il ba\u015fkanlar\u0131, belediye meclis \u00fcyeleri, birlik, oda ve kooperatif ba\u015fkanlar\u0131, y\u00f6netim ve denetim kurulu \u00fcyeleri, muhtarlar, kooperatif ortaklar\u0131 ve \u00e7ok say\u0131da esnaf ve sanatkar kat\u0131ld\u0131. Program dualar ile ba\u015flad\u0131.<\/p>\n<p>\u201cB\u0130R\u00c7OK BEREKET SOFRASINDA BULU\u015eACA\u011eIZ\u201d<\/p>\n<p>\u0130ftar\u0131n ard\u0131ndan konu\u015fan AESOB Ba\u015fkan\u0131 Adl\u0131han Dere, \u201cYard\u0131mla\u015fma, dayan\u0131\u015fma, birlik ve beraberlikle, karde\u015flik duygular\u0131n\u0131n peki\u015fti\u011fi, g\u00fczelliklerle dolu, bu rahmet ay\u0131nda kalplerimizden sevgi, sofralar\u0131m\u0131zdan bolluk ve bereket, evlerinizden, hanelerimizden, i\u015f yerlerimizden huzur ve mutluluk eksik olmas\u0131n. Ramazan ay\u0131n\u0131n sevgi, bar\u0131\u015f, ho\u015fg\u00f6r\u00fc ortam\u0131n\u0131n geli\u015fmesine, insani ve ahlaki meziyetlerimizin yeniden ye\u015fermesine vesile olmas\u0131na, \u0130slam aleminin insanlara hay\u0131rlar getirmesini temenni ediyorum. Ramazan ay\u0131 boyunca bir\u00e7ok bereket sofras\u0131nda bulu\u015faca\u011f\u0131z. G\u00f6n\u00fclden g\u00f6n\u00fcle in\u015fa edilmi\u015f manevi k\u00f6pr\u00fcler sayesinde varl\u0131\u011f\u0131m\u0131z\u0131n da daha da g\u00fc\u00e7lenmesini diliyorum. \u0130n\u015fallah sava\u015fs\u0131z, bar\u0131\u015f i\u00e7erisinde yeniden bir ramazanda bulu\u015fma dile\u011fini buradan ifade etmek istiyorum&#8221; dedi.<\/p>\n<p>\u201c\u0130HT\u0130YA\u00c7 SAH\u0130PLER\u0130NE DESTEK OLMAYA DEVAM EDECE\u011e\u0130Z\u201d<\/p>\n<p>Antalya B\u00fcy\u00fck\u015fehir Belediye Ba\u015fkan\u0131 Muhittin B\u00f6cek, \u201c\u00d6ncelikle ramazan ay\u0131n\u0131z\u0131 tebrik ediyorum. Allah\u2019\u0131m tutmu\u015f oldu\u011fumuz oru\u00e7lar\u0131n\u0131z\u0131 kabul eylesin. Ge\u00e7en y\u0131l yine burada sizlerle bulu\u015ftuk, ancak burada eksikler vard\u0131. Belediye ba\u015fkanlar\u0131n\u0131n se\u00e7im s\u00fcreci vard\u0131 ve kimi kat\u0131lamam\u0131\u015ft\u0131. Bug\u00fcn burada ba\u015fta say\u0131n valimiz olmak \u00fczere, iktidar\u0131yla muhalefetiyle hep birlikte bir araday\u0131z. G\u00fc\u00e7l\u00fc bir Antalya, T\u00fcrk turizminin verimli topraklar\u0131yla tar\u0131m\u0131n ba\u015fkenti Antalya&#8217;m\u0131zda, bir tarafta \u00e7evrelerin ba\u015fkenti oldu. Allah bu birli\u011fimizi beraberli\u011fimizi bozmas\u0131n. Ramazan boyunca say\u0131n valimizle, kurum kurulu\u015flar\u0131m\u0131zla, belediye ba\u015fkanlar\u0131m\u0131zla, b\u00fct\u00fcn ihtiya\u00e7 sahiplerine destek olmaya devam edece\u011fiz&#8221; diye konu\u015ftu.<\/p>\n<p>\u201cK\u0130MSEN\u0130N CANINI YAKMAYALIM\u201d<\/p>\n<p>Antalya Valisi Hulusi \u015eahin ise \u201cRamazan\u0131 bir de\u011ferlendirme ay\u0131 olarak g\u00f6r\u00fcyorum. Esnaf\u0131m\u0131z da biraz \u00f6nce bahsettiler. Ahilik k\u00fclt\u00fcr\u00fc, karde\u015flik k\u00fclt\u00fcr\u00fc sadece kazanmay\u0131 de\u011fil, hak\u00e7a kazanmay\u0131 ve b\u00f6l\u00fc\u015fmeyi sal\u0131k bilir. \u00d6l\u00e7\u00fcde tart\u0131da hata yapmamay\u0131 tavsiye eder. Benim esnaf\u0131m da bunu bu ayda \u00f6detirse ramazan amac\u0131na ula\u015f\u0131r diye d\u00fc\u015f\u00fcn\u00fcyorum. B\u00fcy\u00fck kazanc\u0131n asla ama\u00e7 olmad\u0131\u011f\u0131n\u0131, as\u0131l amac\u0131n hak\u00e7a bir payla\u015f\u0131m oldu\u011funu ve yapt\u0131\u011f\u0131m\u0131z i\u015flerde helalinden kazanman\u0131n, bereketlendirmenin esas olmas\u0131 gerekti\u011fini hi\u00e7 unutmayal\u0131m. G\u0131da g\u00fcvenli\u011fine \u00f6nem verelim. Yang\u0131n ba\u015fta olmak \u00fczere binalar\u0131m\u0131z\u0131n g\u00fcvenli\u011fini alal\u0131m. Bu ramazan bu hususta hassasiyet g\u00f6sterdi\u011finiz bir ramazan olsun. Kimsenin can\u0131n\u0131 yakmayal\u0131m, kimsenin hakk\u0131na girmeyelim. As\u0131l M\u00fcsl\u00fcmanl\u0131k budur diye d\u00fc\u015f\u00fcn\u00fcyorum&#8221; dedi. \u0130ftar program\u0131 konu\u015fmalar\u0131n ard\u0131ndan sona erdi.<\/p>\n<p>\u200bAntalya Esnaf ve Sanatkarlar Odalar\u0131 Birli\u011fi\u2019nin (AESOB) iftar program\u0131na kat\u0131lan Antalya Valisi Hulusi \u015eahin, \u201cYang\u0131n ba\u015fta olmak \u00fczere binalar\u0131m\u0131z\u0131n g\u00fcvenli\u011fini alal\u0131m. Bu ramazan bu hususta hassasiyet g\u00f6sterdi\u011finiz bir ramazan olsun\u201d dedi.\u00a0<\/p>\n<p>\u200bHaberin Al\u0131nt\u0131land\u0131\u011f\u0131 Kaynak: www.antalyakorfez.com<\/p>","protected":false},"excerpt":{"rendered":"<p>AESOB taraf\u0131ndan her y\u0131l geleneksel olarak d\u00fczenlenen iftar program\u0131, Mimar Sinan K\u00fclt\u00fcr Merkezi&#8217;nde ger\u00e7ekle\u015ftirildi. \u0130ftara, Vali Hulusi \u015eahin, B\u00fcy\u00fck\u015fehir Belediye Ba\u015fkan\u0131 Muhittin B\u00f6cek, Cumhuriyet Ba\u015fsavc\u0131s\u0131 Yakup Ali Kahveci, \u0130l Emniyet M\u00fcd\u00fcr\u00fc \u0130lker Arslan, baz\u0131 AK Parti, CHP ve MHP Antalya Milletvekilleri, belediye ba\u015fkanlar\u0131, baz\u0131 partilerin il ba\u015fkanlar\u0131, belediye meclis \u00fcyeleri, birlik, oda ve kooperatif ba\u015fkanlar\u0131, y\u00f6netim ve denetim kurulu \u00fcyeleri, muhtarlar, kooperatif ortaklar\u0131 ve \u00e7ok say\u0131da esnaf ve sanatkar kat\u0131ld\u0131. Program dualar ile ba\u015flad\u0131. \u201cB\u0130R\u00c7OK BEREKET SOFRASINDA BULU\u015eACA\u011eIZ\u201d \u0130ftar\u0131n ard\u0131ndan konu\u015fan AESOB Ba\u015fkan\u0131 Adl\u0131han Dere, \u201cYard\u0131mla\u015fma, dayan\u0131\u015fma, birlik ve beraberlikle, karde\u015flik duygular\u0131n\u0131n peki\u015fti\u011fi, g\u00fczelliklerle dolu, bu rahmet ay\u0131nda kalplerimizden sevgi, sofralar\u0131m\u0131zdan bolluk ve bereket, evlerinizden, hanelerimizden, i\u015f yerlerimizden huzur ve mutluluk eksik olmas\u0131n. Ramazan ay\u0131n\u0131n sevgi, bar\u0131\u015f, ho\u015fg\u00f6r\u00fc ortam\u0131n\u0131n geli\u015fmesine, insani ve ahlaki meziyetlerimizin yeniden ye\u015fermesine vesile olmas\u0131na, \u0130slam aleminin insanlara hay\u0131rlar getirmesini temenni ediyorum. Ramazan ay\u0131 boyunca bir\u00e7ok bereket sofras\u0131nda bulu\u015faca\u011f\u0131z. G\u00f6n\u00fclden g\u00f6n\u00fcle in\u015fa edilmi\u015f manevi k\u00f6pr\u00fcler sayesinde varl\u0131\u011f\u0131m\u0131z\u0131n da daha da g\u00fc\u00e7lenmesini diliyorum. \u0130n\u015fallah sava\u015fs\u0131z, bar\u0131\u015f i\u00e7erisinde yeniden bir ramazanda bulu\u015fma dile\u011fini buradan ifade etmek istiyorum&#8221; dedi. \u201c\u0130HT\u0130YA\u00c7 SAH\u0130PLER\u0130NE DESTEK OLMAYA DEVAM EDECE\u011e\u0130Z\u201d Antalya B\u00fcy\u00fck\u015fehir Belediye Ba\u015fkan\u0131 Muhittin B\u00f6cek, \u201c\u00d6ncelikle ramazan ay\u0131n\u0131z\u0131 tebrik ediyorum. Allah\u2019\u0131m tutmu\u015f oldu\u011fumuz oru\u00e7lar\u0131n\u0131z\u0131 kabul eylesin. Ge\u00e7en y\u0131l yine burada sizlerle bulu\u015ftuk, ancak burada &hellip;<\/p>","protected":false},"author":5,"featured_media":0,"comment_status":"open","ping_status":"open","sticky":false,"template":"","format":"standard","meta":{"_acf_changed":false,"footnotes":""},"categories":[24],"tags":[],"class_list":["post-34553","post","type-post","status-publish","format-standard","has-post-thumbnail","hentry","category-gundem"],"acf":[],"yoast_head":"<!-- This site is optimized with the Yoast SEO Premium plugin v26.6 (Yoast SEO v27.1.1) - https:\/\/yoast.com\/product\/yoast-seo-premium-wordpress\/ -->\n<title>Halusi \u015eahin\u2019in \u2018yang\u0131n\u2019 hassasiyeti: \u201cBinalar\u0131m\u0131z\u0131n g\u00fcvenli\u011fini alal\u0131m\u201d - Av. Deniz Can K\u0131z\u0131l<\/title>\n<meta name=\"robots\" content=\"index, follow, max-snippet:-1, max-image-preview:large, max-video-preview:-1\" \/>\n<link rel=\"canonical\" href=\"https:\/\/denizcankizil.tr\/uk\/haberler\/gundem\/halusi-sahinin-yangin-hassasiyeti-binalarimizin-guvenligini-alalim-2\/\" \/>\n<meta property=\"og:locale\" content=\"uk_UA\" \/>\n<meta property=\"og:type\" content=\"article\" \/>\n<meta property=\"og:title\" content=\"Halusi \u015eahin\u2019in \u2018yang\u0131n\u2019 hassasiyeti: \u201cBinalar\u0131m\u0131z\u0131n g\u00fcvenli\u011fini alal\u0131m\u201d\" \/>\n<meta property=\"og:description\" content=\"AESOB taraf\u0131ndan her y\u0131l geleneksel olarak d\u00fczenlenen iftar program\u0131, Mimar Sinan K\u00fclt\u00fcr Merkezi&#8217;nde ger\u00e7ekle\u015ftirildi. \u0130ftara, Vali Hulusi \u015eahin, B\u00fcy\u00fck\u015fehir Belediye Ba\u015fkan\u0131 Muhittin B\u00f6cek, Cumhuriyet Ba\u015fsavc\u0131s\u0131 Yakup Ali Kahveci, \u0130l Emniyet M\u00fcd\u00fcr\u00fc \u0130lker Arslan, baz\u0131 AK Parti, CHP ve MHP Antalya Milletvekilleri, belediye ba\u015fkanlar\u0131, baz\u0131 partilerin il ba\u015fkanlar\u0131, belediye meclis \u00fcyeleri, birlik, oda ve kooperatif ba\u015fkanlar\u0131, y\u00f6netim ve denetim kurulu \u00fcyeleri, muhtarlar, kooperatif ortaklar\u0131 ve \u00e7ok say\u0131da esnaf ve sanatkar kat\u0131ld\u0131. Program dualar ile ba\u015flad\u0131. \u201cB\u0130R\u00c7OK BEREKET SOFRASINDA BULU\u015eACA\u011eIZ\u201d \u0130ftar\u0131n ard\u0131ndan konu\u015fan AESOB Ba\u015fkan\u0131 Adl\u0131han Dere, \u201cYard\u0131mla\u015fma, dayan\u0131\u015fma, birlik ve beraberlikle, karde\u015flik duygular\u0131n\u0131n peki\u015fti\u011fi, g\u00fczelliklerle dolu, bu rahmet ay\u0131nda kalplerimizden sevgi, sofralar\u0131m\u0131zdan bolluk ve bereket, evlerinizden, hanelerimizden, i\u015f yerlerimizden huzur ve mutluluk eksik olmas\u0131n. Ramazan ay\u0131n\u0131n sevgi, bar\u0131\u015f, ho\u015fg\u00f6r\u00fc ortam\u0131n\u0131n geli\u015fmesine, insani ve ahlaki meziyetlerimizin yeniden ye\u015fermesine vesile olmas\u0131na, \u0130slam aleminin insanlara hay\u0131rlar getirmesini temenni ediyorum. Ramazan ay\u0131 boyunca bir\u00e7ok bereket sofras\u0131nda bulu\u015faca\u011f\u0131z. G\u00f6n\u00fclden g\u00f6n\u00fcle in\u015fa edilmi\u015f manevi k\u00f6pr\u00fcler sayesinde varl\u0131\u011f\u0131m\u0131z\u0131n da daha da g\u00fc\u00e7lenmesini diliyorum. \u0130n\u015fallah sava\u015fs\u0131z, bar\u0131\u015f i\u00e7erisinde yeniden bir ramazanda bulu\u015fma dile\u011fini buradan ifade etmek istiyorum&#8221; dedi. \u201c\u0130HT\u0130YA\u00c7 SAH\u0130PLER\u0130NE DESTEK OLMAYA DEVAM EDECE\u011e\u0130Z\u201d Antalya B\u00fcy\u00fck\u015fehir Belediye Ba\u015fkan\u0131 Muhittin B\u00f6cek, \u201c\u00d6ncelikle ramazan ay\u0131n\u0131z\u0131 tebrik ediyorum. Allah\u2019\u0131m tutmu\u015f oldu\u011fumuz oru\u00e7lar\u0131n\u0131z\u0131 kabul eylesin. Ge\u00e7en y\u0131l yine burada sizlerle bulu\u015ftuk, ancak burada &hellip;\" \/>\n<meta property=\"og:url\" content=\"https:\/\/denizcankizil.tr\/uk\/haberler\/gundem\/halusi-sahinin-yangin-hassasiyeti-binalarimizin-guvenligini-alalim-2\/\" \/>\n<meta property=\"og:site_name\" content=\"Av. Deniz Can K\u0131z\u0131l\" \/>\n<meta property=\"article:published_time\" content=\"2025-03-03T08:42:00+00:00\" \/>\n<meta name=\"author\" content=\"Antalya K\u00f6rfez\" \/>\n<meta name=\"twitter:card\" content=\"summary_large_image\" \/>\n<meta name=\"twitter:label1\" content=\"\u041d\u0430\u043f\u0438\u0441\u0430\u043d\u043e\" \/>\n\t<meta name=\"twitter:data1\" content=\"Antalya K\u00f6rfez\" \/>\n\t<meta name=\"twitter:label2\" content=\"\u041f\u0440\u0438\u0431\u043b. \u0447\u0430\u0441 \u0447\u0438\u0442\u0430\u043d\u043d\u044f\" \/>\n\t<meta name=\"twitter:data2\" content=\"3 \u0445\u0432\u0438\u043b\u0438\u043d\u0438\" \/>\n<script type=\"application\/ld+json\" class=\"yoast-schema-graph\">{\"@context\":\"https:\/\/schema.org\",\"@graph\":[{\"@type\":\"Article\",\"@id\":\"https:\/\/denizcankizil.tr\/ru\/haberler\/gundem\/halusi-sahinin-yangin-hassasiyeti-binalarimizin-guvenligini-alalim-2\/#article\",\"isPartOf\":{\"@id\":\"https:\/\/denizcankizil.tr\/ru\/haberler\/gundem\/halusi-sahinin-yangin-hassasiyeti-binalarimizin-guvenligini-alalim-2\/\"},\"author\":{\"name\":\"Antalya K\u00f6rfez\",\"@id\":\"https:\/\/denizcankizil.tr\/de\/#\/schema\/person\/e1eb71bb4dd684d46563f0af307e1234\"},\"headline\":\"Halusi \u015eahin\u2019in \u2018yang\u0131n\u2019 hassasiyeti: \u201cBinalar\u0131m\u0131z\u0131n g\u00fcvenli\u011fini alal\u0131m\u201d\",\"datePublished\":\"2025-03-03T08:42:00+00:00\",\"mainEntityOfPage\":{\"@id\":\"https:\/\/denizcankizil.tr\/ru\/haberler\/gundem\/halusi-sahinin-yangin-hassasiyeti-binalarimizin-guvenligini-alalim-2\/\"},\"wordCount\":633,\"commentCount\":0,\"publisher\":{\"@id\":\"https:\/\/denizcankizil.tr\/de\/#organization\"},\"articleSection\":[\"G\u00fcndem\"],\"inLanguage\":\"uk\",\"potentialAction\":[{\"@type\":\"CommentAction\",\"name\":\"Comment\",\"target\":[\"https:\/\/denizcankizil.tr\/ru\/haberler\/gundem\/halusi-sahinin-yangin-hassasiyeti-binalarimizin-guvenligini-alalim-2\/#respond\"]}]},{\"@type\":\"WebPage\",\"@id\":\"https:\/\/denizcankizil.tr\/ru\/haberler\/gundem\/halusi-sahinin-yangin-hassasiyeti-binalarimizin-guvenligini-alalim-2\/\",\"url\":\"https:\/\/denizcankizil.tr\/ru\/haberler\/gundem\/halusi-sahinin-yangin-hassasiyeti-binalarimizin-guvenligini-alalim-2\/\",\"name\":\"Halusi \u015eahin\u2019in \u2018yang\u0131n\u2019 hassasiyeti: \u201cBinalar\u0131m\u0131z\u0131n g\u00fcvenli\u011fini alal\u0131m\u201d - Av. Deniz Can K\u0131z\u0131l\",\"isPartOf\":{\"@id\":\"https:\/\/denizcankizil.tr\/de\/#website\"},\"datePublished\":\"2025-03-03T08:42:00+00:00\",\"breadcrumb\":{\"@id\":\"https:\/\/denizcankizil.tr\/ru\/haberler\/gundem\/halusi-sahinin-yangin-hassasiyeti-binalarimizin-guvenligini-alalim-2\/#breadcrumb\"},\"inLanguage\":\"uk\",\"potentialAction\":[{\"@type\":\"ReadAction\",\"target\":[\"https:\/\/denizcankizil.tr\/ru\/haberler\/gundem\/halusi-sahinin-yangin-hassasiyeti-binalarimizin-guvenligini-alalim-2\/\"]}]},{\"@type\":\"BreadcrumbList\",\"@id\":\"https:\/\/denizcankizil.tr\/ru\/haberler\/gundem\/halusi-sahinin-yangin-hassasiyeti-binalarimizin-guvenligini-alalim-2\/#breadcrumb\",\"itemListElement\":[{\"@type\":\"ListItem\",\"position\":1,\"name\":\"Home\",\"item\":\"https:\/\/denizcankizil.tr\/de\/\"},{\"@type\":\"ListItem\",\"position\":2,\"name\":\"Halusi \u015eahin\u2019in \u2018yang\u0131n\u2019 hassasiyeti: \u201cBinalar\u0131m\u0131z\u0131n g\u00fcvenli\u011fini alal\u0131m\u201d\"}]},{\"@type\":\"WebSite\",\"@id\":\"https:\/\/denizcankizil.tr\/de\/#website\",\"url\":\"https:\/\/denizcankizil.tr\/de\/\",\"name\":\"Av. Deniz Can K\u0131z\u0131l\",\"description\":\"Avukat Deniz Can K\u0131z\u0131l Antalya Barosu\",\"publisher\":{\"@id\":\"https:\/\/denizcankizil.tr\/de\/#organization\"},\"potentialAction\":[{\"@type\":\"SearchAction\",\"target\":{\"@type\":\"EntryPoint\",\"urlTemplate\":\"https:\/\/denizcankizil.tr\/de\/?s={search_term_string}\"},\"query-input\":{\"@type\":\"PropertyValueSpecification\",\"valueRequired\":true,\"valueName\":\"search_term_string\"}}],\"inLanguage\":\"uk\"},{\"@type\":\"Organization\",\"@id\":\"https:\/\/denizcankizil.tr\/de\/#organization\",\"name\":\"Av. Deniz Can K\u0131z\u0131l\",\"url\":\"https:\/\/denizcankizil.tr\/de\/\",\"logo\":{\"@type\":\"ImageObject\",\"inLanguage\":\"uk\",\"@id\":\"https:\/\/denizcankizil.tr\/de\/#\/schema\/logo\/image\/\",\"url\":\"http:\/\/denizcankizil.tr\/wp-content\/uploads\/2024\/10\/siyah-logo-svg.svg\",\"contentUrl\":\"http:\/\/denizcankizil.tr\/wp-content\/uploads\/2024\/10\/siyah-logo-svg.svg\",\"width\":1080,\"height\":1080,\"caption\":\"Av. Deniz Can K\u0131z\u0131l\"},\"image\":{\"@id\":\"https:\/\/denizcankizil.tr\/de\/#\/schema\/logo\/image\/\"}},{\"@type\":\"Person\",\"@id\":\"https:\/\/denizcankizil.tr\/de\/#\/schema\/person\/e1eb71bb4dd684d46563f0af307e1234\",\"name\":\"Antalya K\u00f6rfez\",\"image\":{\"@type\":\"ImageObject\",\"inLanguage\":\"uk\",\"@id\":\"https:\/\/denizcankizil.tr\/de\/#\/schema\/person\/image\/\",\"url\":\"https:\/\/secure.gravatar.com\/avatar\/42b01982558a48a0b501fdcab6a408d3717ea5919095ee2e67b0e521799c5905?s=96&d=mm&r=g\",\"contentUrl\":\"https:\/\/secure.gravatar.com\/avatar\/42b01982558a48a0b501fdcab6a408d3717ea5919095ee2e67b0e521799c5905?s=96&d=mm&r=g\",\"caption\":\"Antalya K\u00f6rfez\"},\"sameAs\":[\"http:\/\/www.antalyakorfez.com\"],\"url\":\"https:\/\/www.antalyakorfez.com\/halusi-sahinin-yangin-hassasiyeti-binalarimizin-guvenligini-alalim\"}]}<\/script>\n<!-- \/ Yoast SEO Premium plugin. -->","yoast_head_json":{"title":"Halusi \u015eahin\u2019in \u2018yang\u0131n\u2019 hassasiyeti: \u201cBinalar\u0131m\u0131z\u0131n g\u00fcvenli\u011fini alal\u0131m\u201d - Av. Deniz Can K\u0131z\u0131l","robots":{"index":"index","follow":"follow","max-snippet":"max-snippet:-1","max-image-preview":"max-image-preview:large","max-video-preview":"max-video-preview:-1"},"canonical":"https:\/\/denizcankizil.tr\/uk\/haberler\/gundem\/halusi-sahinin-yangin-hassasiyeti-binalarimizin-guvenligini-alalim-2\/","og_locale":"uk_UA","og_type":"article","og_title":"Halusi \u015eahin\u2019in \u2018yang\u0131n\u2019 hassasiyeti: \u201cBinalar\u0131m\u0131z\u0131n g\u00fcvenli\u011fini alal\u0131m\u201d","og_description":"AESOB taraf\u0131ndan her y\u0131l geleneksel olarak d\u00fczenlenen iftar program\u0131, Mimar Sinan K\u00fclt\u00fcr Merkezi&#8217;nde ger\u00e7ekle\u015ftirildi. \u0130ftara, Vali Hulusi \u015eahin, B\u00fcy\u00fck\u015fehir Belediye Ba\u015fkan\u0131 Muhittin B\u00f6cek, Cumhuriyet Ba\u015fsavc\u0131s\u0131 Yakup Ali Kahveci, \u0130l Emniyet M\u00fcd\u00fcr\u00fc \u0130lker Arslan, baz\u0131 AK Parti, CHP ve MHP Antalya Milletvekilleri, belediye ba\u015fkanlar\u0131, baz\u0131 partilerin il ba\u015fkanlar\u0131, belediye meclis \u00fcyeleri, birlik, oda ve kooperatif ba\u015fkanlar\u0131, y\u00f6netim ve denetim kurulu \u00fcyeleri, muhtarlar, kooperatif ortaklar\u0131 ve \u00e7ok say\u0131da esnaf ve sanatkar kat\u0131ld\u0131. Program dualar ile ba\u015flad\u0131. \u201cB\u0130R\u00c7OK BEREKET SOFRASINDA BULU\u015eACA\u011eIZ\u201d \u0130ftar\u0131n ard\u0131ndan konu\u015fan AESOB Ba\u015fkan\u0131 Adl\u0131han Dere, \u201cYard\u0131mla\u015fma, dayan\u0131\u015fma, birlik ve beraberlikle, karde\u015flik duygular\u0131n\u0131n peki\u015fti\u011fi, g\u00fczelliklerle dolu, bu rahmet ay\u0131nda kalplerimizden sevgi, sofralar\u0131m\u0131zdan bolluk ve bereket, evlerinizden, hanelerimizden, i\u015f yerlerimizden huzur ve mutluluk eksik olmas\u0131n. Ramazan ay\u0131n\u0131n sevgi, bar\u0131\u015f, ho\u015fg\u00f6r\u00fc ortam\u0131n\u0131n geli\u015fmesine, insani ve ahlaki meziyetlerimizin yeniden ye\u015fermesine vesile olmas\u0131na, \u0130slam aleminin insanlara hay\u0131rlar getirmesini temenni ediyorum. Ramazan ay\u0131 boyunca bir\u00e7ok bereket sofras\u0131nda bulu\u015faca\u011f\u0131z. G\u00f6n\u00fclden g\u00f6n\u00fcle in\u015fa edilmi\u015f manevi k\u00f6pr\u00fcler sayesinde varl\u0131\u011f\u0131m\u0131z\u0131n da daha da g\u00fc\u00e7lenmesini diliyorum. \u0130n\u015fallah sava\u015fs\u0131z, bar\u0131\u015f i\u00e7erisinde yeniden bir ramazanda bulu\u015fma dile\u011fini buradan ifade etmek istiyorum&#8221; dedi. \u201c\u0130HT\u0130YA\u00c7 SAH\u0130PLER\u0130NE DESTEK OLMAYA DEVAM EDECE\u011e\u0130Z\u201d Antalya B\u00fcy\u00fck\u015fehir Belediye Ba\u015fkan\u0131 Muhittin B\u00f6cek, \u201c\u00d6ncelikle ramazan ay\u0131n\u0131z\u0131 tebrik ediyorum. Allah\u2019\u0131m tutmu\u015f oldu\u011fumuz oru\u00e7lar\u0131n\u0131z\u0131 kabul eylesin. Ge\u00e7en y\u0131l yine burada sizlerle bulu\u015ftuk, ancak burada &hellip;","og_url":"https:\/\/denizcankizil.tr\/uk\/haberler\/gundem\/halusi-sahinin-yangin-hassasiyeti-binalarimizin-guvenligini-alalim-2\/","og_site_name":"Av. Deniz Can K\u0131z\u0131l","article_published_time":"2025-03-03T08:42:00+00:00","author":"Antalya K\u00f6rfez","twitter_card":"summary_large_image","twitter_misc":{"\u041d\u0430\u043f\u0438\u0441\u0430\u043d\u043e":"Antalya K\u00f6rfez","\u041f\u0440\u0438\u0431\u043b. \u0447\u0430\u0441 \u0447\u0438\u0442\u0430\u043d\u043d\u044f":"3 \u0445\u0432\u0438\u043b\u0438\u043d\u0438"},"schema":{"@context":"https:\/\/schema.org","@graph":[{"@type":"Article","@id":"https:\/\/denizcankizil.tr\/ru\/haberler\/gundem\/halusi-sahinin-yangin-hassasiyeti-binalarimizin-guvenligini-alalim-2\/#article","isPartOf":{"@id":"https:\/\/denizcankizil.tr\/ru\/haberler\/gundem\/halusi-sahinin-yangin-hassasiyeti-binalarimizin-guvenligini-alalim-2\/"},"author":{"name":"Antalya K\u00f6rfez","@id":"https:\/\/denizcankizil.tr\/de\/#\/schema\/person\/e1eb71bb4dd684d46563f0af307e1234"},"headline":"Halusi \u015eahin\u2019in \u2018yang\u0131n\u2019 hassasiyeti: \u201cBinalar\u0131m\u0131z\u0131n g\u00fcvenli\u011fini alal\u0131m\u201d","datePublished":"2025-03-03T08:42:00+00:00","mainEntityOfPage":{"@id":"https:\/\/denizcankizil.tr\/ru\/haberler\/gundem\/halusi-sahinin-yangin-hassasiyeti-binalarimizin-guvenligini-alalim-2\/"},"wordCount":633,"commentCount":0,"publisher":{"@id":"https:\/\/denizcankizil.tr\/de\/#organization"},"articleSection":["G\u00fcndem"],"inLanguage":"uk","potentialAction":[{"@type":"CommentAction","name":"Comment","target":["https:\/\/denizcankizil.tr\/ru\/haberler\/gundem\/halusi-sahinin-yangin-hassasiyeti-binalarimizin-guvenligini-alalim-2\/#respond"]}]},{"@type":"WebPage","@id":"https:\/\/denizcankizil.tr\/ru\/haberler\/gundem\/halusi-sahinin-yangin-hassasiyeti-binalarimizin-guvenligini-alalim-2\/","url":"https:\/\/denizcankizil.tr\/ru\/haberler\/gundem\/halusi-sahinin-yangin-hassasiyeti-binalarimizin-guvenligini-alalim-2\/","name":"Halusi \u015eahin\u2019in \u2018yang\u0131n\u2019 hassasiyeti: \u201cBinalar\u0131m\u0131z\u0131n g\u00fcvenli\u011fini alal\u0131m\u201d - Av. Deniz Can K\u0131z\u0131l","isPartOf":{"@id":"https:\/\/denizcankizil.tr\/de\/#website"},"datePublished":"2025-03-03T08:42:00+00:00","breadcrumb":{"@id":"https:\/\/denizcankizil.tr\/ru\/haberler\/gundem\/halusi-sahinin-yangin-hassasiyeti-binalarimizin-guvenligini-alalim-2\/#breadcrumb"},"inLanguage":"uk","potentialAction":[{"@type":"ReadAction","target":["https:\/\/denizcankizil.tr\/ru\/haberler\/gundem\/halusi-sahinin-yangin-hassasiyeti-binalarimizin-guvenligini-alalim-2\/"]}]},{"@type":"BreadcrumbList","@id":"https:\/\/denizcankizil.tr\/ru\/haberler\/gundem\/halusi-sahinin-yangin-hassasiyeti-binalarimizin-guvenligini-alalim-2\/#breadcrumb","itemListElement":[{"@type":"ListItem","position":1,"name":"Home","item":"https:\/\/denizcankizil.tr\/de\/"},{"@type":"ListItem","position":2,"name":"Halusi \u015eahin\u2019in \u2018yang\u0131n\u2019 hassasiyeti: \u201cBinalar\u0131m\u0131z\u0131n g\u00fcvenli\u011fini alal\u0131m\u201d"}]},{"@type":"WebSite","@id":"https:\/\/denizcankizil.tr\/de\/#website","url":"https:\/\/denizcankizil.tr\/de\/","name":"Av. Deniz Can K\u0131z\u0131l","description":"Avukat Deniz Can K\u0131z\u0131l Antalya Barosu","publisher":{"@id":"https:\/\/denizcankizil.tr\/de\/#organization"},"potentialAction":[{"@type":"SearchAction","target":{"@type":"EntryPoint","urlTemplate":"https:\/\/denizcankizil.tr\/de\/?s={search_term_string}"},"query-input":{"@type":"PropertyValueSpecification","valueRequired":true,"valueName":"search_term_string"}}],"inLanguage":"uk"},{"@type":"Organization","@id":"https:\/\/denizcankizil.tr\/de\/#organization","name":"Av. Deniz Can K\u0131z\u0131l","url":"https:\/\/denizcankizil.tr\/de\/","logo":{"@type":"ImageObject","inLanguage":"uk","@id":"https:\/\/denizcankizil.tr\/de\/#\/schema\/logo\/image\/","url":"http:\/\/denizcankizil.tr\/wp-content\/uploads\/2024\/10\/siyah-logo-svg.svg","contentUrl":"http:\/\/denizcankizil.tr\/wp-content\/uploads\/2024\/10\/siyah-logo-svg.svg","width":1080,"height":1080,"caption":"Av. Deniz Can K\u0131z\u0131l"},"image":{"@id":"https:\/\/denizcankizil.tr\/de\/#\/schema\/logo\/image\/"}},{"@type":"Person","@id":"https:\/\/denizcankizil.tr\/de\/#\/schema\/person\/e1eb71bb4dd684d46563f0af307e1234","name":"Antalya K\u00f6rfez","image":{"@type":"ImageObject","inLanguage":"uk","@id":"https:\/\/denizcankizil.tr\/de\/#\/schema\/person\/image\/","url":"https:\/\/secure.gravatar.com\/avatar\/42b01982558a48a0b501fdcab6a408d3717ea5919095ee2e67b0e521799c5905?s=96&d=mm&r=g","contentUrl":"https:\/\/secure.gravatar.com\/avatar\/42b01982558a48a0b501fdcab6a408d3717ea5919095ee2e67b0e521799c5905?s=96&d=mm&r=g","caption":"Antalya K\u00f6rfez"},"sameAs":["http:\/\/www.antalyakorfez.com"],"url":"https:\/\/www.antalyakorfez.com\/halusi-sahinin-yangin-hassasiyeti-binalarimizin-guvenligini-alalim"}]}},"_links":{"self":[{"href":"http:\/\/denizcankizil.tr\/uk\/wp-json\/wp\/v2\/posts\/34553","targetHints":{"allow":["GET"]}}],"collection":[{"href":"http:\/\/denizcankizil.tr\/uk\/wp-json\/wp\/v2\/posts"}],"about":[{"href":"http:\/\/denizcankizil.tr\/uk\/wp-json\/wp\/v2\/types\/post"}],"author":[{"embeddable":true,"href":"http:\/\/denizcankizil.tr\/uk\/wp-json\/wp\/v2\/users\/5"}],"replies":[{"embeddable":true,"href":"http:\/\/denizcankizil.tr\/uk\/wp-json\/wp\/v2\/comments?post=34553"}],"version-history":[{"count":0,"href":"http:\/\/denizcankizil.tr\/uk\/wp-json\/wp\/v2\/posts\/34553\/revisions"}],"wp:attachment":[{"href":"http:\/\/denizcankizil.tr\/uk\/wp-json\/wp\/v2\/media?parent=34553"}],"wp:term":[{"taxonomy":"category","embeddable":true,"href":"http:\/\/denizcankizil.tr\/uk\/wp-json\/wp\/v2\/categories?post=34553"},{"taxonomy":"post_tag","embeddable":true,"href":"http:\/\/denizcankizil.tr\/uk\/wp-json\/wp\/v2\/tags?post=34553"}],"curies":[{"name":"wp","href":"https:\/\/api.w.org\/{rel}","templated":true}]}}