{"id":33881,"date":"2025-02-22T12:41:31","date_gmt":"2025-02-22T09:41:31","guid":{"rendered":"https:\/\/denizcankizil.tr\/uncategorized-tr\/posta-guvercini-tutkunlari-bornova-bulustu\/"},"modified":"2025-02-22T12:41:31","modified_gmt":"2025-02-22T09:41:31","slug":"posta-guvercini-tutkunlari-bornova-bulustu","status":"publish","type":"post","link":"http:\/\/denizcankizil.tr\/uk\/haberler\/gundem\/posta-guvercini-tutkunlari-bornova-bulustu\/","title":{"rendered":"Posta g\u00fcvercini tutkunlar\u0131 Bornova bulu\u015ftu"},"content":{"rendered":"<p>\u0130zmir Posta G\u00fcvercini Sevenler Derne\u011fi\u2019nin \u00f6d\u00fcl t\u00f6reni, Bornova Belediyesi\u2019nin ev sahipli\u011finde \u00c7amdibi\u2019deki \u015eehit Er Adem Bilalo\u011flu Tesisleri\u2019nde ger\u00e7ekle\u015ftirildi.<\/p>\n<p>\u200b\u0130zmir Posta G\u00fcvercini Sevenler Derne\u011fi\u2019nin \u00f6d\u00fcl t\u00f6reni, Bornova Belediyesi\u2019nin ev sahipli\u011finde \u00c7amdibi\u2019deki \u015eehit Er Adem Bilalo\u011flu Tesisleri\u2019nde ger\u00e7ekle\u015ftirildi.\u00a0<\/p>\n<p>\u200bHaberin Al\u0131nt\u0131land\u0131\u011f\u0131 Kaynak: www.iskenderun.org<\/p>","protected":false},"excerpt":{"rendered":"<p>\u0130zmir Posta G\u00fcvercini Sevenler Derne\u011fi\u2019nin \u00f6d\u00fcl t\u00f6reni, Bornova Belediyesi\u2019nin ev sahipli\u011finde \u00c7amdibi\u2019deki \u015eehit Er Adem Bilalo\u011flu Tesisleri\u2019nde ger\u00e7ekle\u015ftirildi. \u200b\u0130zmir Posta G\u00fcvercini Sevenler Derne\u011fi\u2019nin \u00f6d\u00fcl t\u00f6reni, Bornova Belediyesi\u2019nin ev sahipli\u011finde \u00c7amdibi\u2019deki \u015eehit Er Adem Bilalo\u011flu Tesisleri\u2019nde ger\u00e7ekle\u015ftirildi.\u00a0 \u200bHaberin Al\u0131nt\u0131land\u0131\u011f\u0131 Kaynak: www.iskenderun.org<\/p>","protected":false},"author":1,"featured_media":0,"comment_status":"open","ping_status":"open","sticky":false,"template":"","format":"standard","meta":{"_acf_changed":false,"footnotes":""},"categories":[24],"tags":[],"class_list":["post-33881","post","type-post","status-publish","format-standard","has-post-thumbnail","hentry","category-gundem"],"acf":[],"yoast_head":"<!-- This site is optimized with the Yoast SEO Premium plugin v26.6 (Yoast SEO v27.1.1) - https:\/\/yoast.com\/product\/yoast-seo-premium-wordpress\/ -->\n<title>Posta g\u00fcvercini tutkunlar\u0131 Bornova bulu\u015ftu - Av. Deniz Can K\u0131z\u0131l<\/title>\n<meta name=\"robots\" content=\"index, follow, max-snippet:-1, max-image-preview:large, max-video-preview:-1\" \/>\n<link rel=\"canonical\" href=\"http:\/\/denizcankizil.tr\/uk\/haberler\/gundem\/posta-guvercini-tutkunlari-bornova-bulustu\/\" \/>\n<meta property=\"og:locale\" content=\"uk_UA\" \/>\n<meta property=\"og:type\" content=\"article\" \/>\n<meta property=\"og:title\" content=\"Posta g\u00fcvercini tutkunlar\u0131 Bornova bulu\u015ftu\" \/>\n<meta property=\"og:description\" content=\"\u0130zmir Posta G\u00fcvercini Sevenler Derne\u011fi\u2019nin \u00f6d\u00fcl t\u00f6reni, Bornova Belediyesi\u2019nin ev sahipli\u011finde \u00c7amdibi\u2019deki \u015eehit Er Adem Bilalo\u011flu Tesisleri\u2019nde ger\u00e7ekle\u015ftirildi. \u200b\u0130zmir Posta G\u00fcvercini Sevenler Derne\u011fi\u2019nin \u00f6d\u00fcl t\u00f6reni, Bornova Belediyesi\u2019nin ev sahipli\u011finde \u00c7amdibi\u2019deki \u015eehit Er Adem Bilalo\u011flu Tesisleri\u2019nde ger\u00e7ekle\u015ftirildi.\u00a0 \u200bHaberin Al\u0131nt\u0131land\u0131\u011f\u0131 Kaynak: www.iskenderun.org\" \/>\n<meta property=\"og:url\" content=\"http:\/\/denizcankizil.tr\/uk\/haberler\/gundem\/posta-guvercini-tutkunlari-bornova-bulustu\/\" \/>\n<meta property=\"og:site_name\" content=\"Av. Deniz Can K\u0131z\u0131l\" \/>\n<meta property=\"article:published_time\" content=\"2025-02-22T09:41:31+00:00\" \/>\n<meta name=\"author\" content=\"admin\" \/>\n<meta name=\"twitter:card\" content=\"summary_large_image\" \/>\n<meta name=\"twitter:label1\" content=\"\u041d\u0430\u043f\u0438\u0441\u0430\u043d\u043e\" \/>\n\t<meta name=\"twitter:data1\" content=\"admin\" \/>\n<script type=\"application\/ld+json\" class=\"yoast-schema-graph\">{\"@context\":\"https:\/\/schema.org\",\"@graph\":[{\"@type\":\"Article\",\"@id\":\"http:\/\/denizcankizil.tr\/ru\/haberler\/gundem\/posta-guvercini-tutkunlari-bornova-bulustu\/#article\",\"isPartOf\":{\"@id\":\"http:\/\/denizcankizil.tr\/ru\/haberler\/gundem\/posta-guvercini-tutkunlari-bornova-bulustu\/\"},\"author\":{\"name\":\"admin\",\"@id\":\"https:\/\/denizcankizil.tr\/#\/schema\/person\/be3c05fe6a12686905512445d8185489\"},\"headline\":\"Posta g\u00fcvercini tutkunlar\u0131 Bornova bulu\u015ftu\",\"datePublished\":\"2025-02-22T09:41:31+00:00\",\"mainEntityOfPage\":{\"@id\":\"http:\/\/denizcankizil.tr\/ru\/haberler\/gundem\/posta-guvercini-tutkunlari-bornova-bulustu\/\"},\"wordCount\":75,\"commentCount\":0,\"publisher\":{\"@id\":\"https:\/\/denizcankizil.tr\/#organization\"},\"articleSection\":[\"G\u00fcndem\"],\"inLanguage\":\"uk\",\"potentialAction\":[{\"@type\":\"CommentAction\",\"name\":\"Comment\",\"target\":[\"http:\/\/denizcankizil.tr\/ru\/haberler\/gundem\/posta-guvercini-tutkunlari-bornova-bulustu\/#respond\"]}]},{\"@type\":\"WebPage\",\"@id\":\"http:\/\/denizcankizil.tr\/ru\/haberler\/gundem\/posta-guvercini-tutkunlari-bornova-bulustu\/\",\"url\":\"http:\/\/denizcankizil.tr\/ru\/haberler\/gundem\/posta-guvercini-tutkunlari-bornova-bulustu\/\",\"name\":\"Posta g\u00fcvercini tutkunlar\u0131 Bornova bulu\u015ftu - Av. Deniz Can K\u0131z\u0131l\",\"isPartOf\":{\"@id\":\"https:\/\/denizcankizil.tr\/#website\"},\"datePublished\":\"2025-02-22T09:41:31+00:00\",\"breadcrumb\":{\"@id\":\"http:\/\/denizcankizil.tr\/ru\/haberler\/gundem\/posta-guvercini-tutkunlari-bornova-bulustu\/#breadcrumb\"},\"inLanguage\":\"uk\",\"potentialAction\":[{\"@type\":\"ReadAction\",\"target\":[\"http:\/\/denizcankizil.tr\/ru\/haberler\/gundem\/posta-guvercini-tutkunlari-bornova-bulustu\/\"]}]},{\"@type\":\"BreadcrumbList\",\"@id\":\"http:\/\/denizcankizil.tr\/ru\/haberler\/gundem\/posta-guvercini-tutkunlari-bornova-bulustu\/#breadcrumb\",\"itemListElement\":[{\"@type\":\"ListItem\",\"position\":1,\"name\":\"Home\",\"item\":\"https:\/\/denizcankizil.tr\/uk\/\"},{\"@type\":\"ListItem\",\"position\":2,\"name\":\"Posta g\u00fcvercini tutkunlar\u0131 Bornova bulu\u015ftu\"}]},{\"@type\":\"WebSite\",\"@id\":\"https:\/\/denizcankizil.tr\/#website\",\"url\":\"https:\/\/denizcankizil.tr\/\",\"name\":\"Av. Deniz Can K\u0131z\u0131l\",\"description\":\"Avukat Deniz Can K\u0131z\u0131l Antalya Barosu\",\"publisher\":{\"@id\":\"https:\/\/denizcankizil.tr\/#organization\"},\"potentialAction\":[{\"@type\":\"SearchAction\",\"target\":{\"@type\":\"EntryPoint\",\"urlTemplate\":\"https:\/\/denizcankizil.tr\/?s={search_term_string}\"},\"query-input\":{\"@type\":\"PropertyValueSpecification\",\"valueRequired\":true,\"valueName\":\"search_term_string\"}}],\"inLanguage\":\"uk\"},{\"@type\":\"Organization\",\"@id\":\"https:\/\/denizcankizil.tr\/#organization\",\"name\":\"Av. Deniz Can K\u0131z\u0131l\",\"url\":\"https:\/\/denizcankizil.tr\/\",\"logo\":{\"@type\":\"ImageObject\",\"inLanguage\":\"uk\",\"@id\":\"https:\/\/denizcankizil.tr\/#\/schema\/logo\/image\/\",\"url\":\"http:\/\/denizcankizil.tr\/wp-content\/uploads\/2024\/10\/siyah-logo-svg.svg\",\"contentUrl\":\"http:\/\/denizcankizil.tr\/wp-content\/uploads\/2024\/10\/siyah-logo-svg.svg\",\"width\":1080,\"height\":1080,\"caption\":\"Av. Deniz Can K\u0131z\u0131l\"},\"image\":{\"@id\":\"https:\/\/denizcankizil.tr\/#\/schema\/logo\/image\/\"}},{\"@type\":\"Person\",\"@id\":\"https:\/\/denizcankizil.tr\/#\/schema\/person\/be3c05fe6a12686905512445d8185489\",\"name\":\"admin\",\"image\":{\"@type\":\"ImageObject\",\"inLanguage\":\"uk\",\"@id\":\"https:\/\/denizcankizil.tr\/#\/schema\/person\/image\/\",\"url\":\"https:\/\/secure.gravatar.com\/avatar\/c1fce94c830dc79107e174f890d7210541c4a63e8e5d816341794a2151c9d58c?s=96&d=mm&r=g\",\"contentUrl\":\"https:\/\/secure.gravatar.com\/avatar\/c1fce94c830dc79107e174f890d7210541c4a63e8e5d816341794a2151c9d58c?s=96&d=mm&r=g\",\"caption\":\"admin\"},\"sameAs\":[\"http:\/\/denizcankizil.tr\"],\"url\":\"https:\/\/www.iskenderun.org\/posta-guvercini-tutkunlari-bornova-bulustu\"}]}<\/script>\n<!-- \/ Yoast SEO Premium plugin. -->","yoast_head_json":{"title":"Posta g\u00fcvercini tutkunlar\u0131 Bornova bulu\u015ftu - Av. Deniz Can K\u0131z\u0131l","robots":{"index":"index","follow":"follow","max-snippet":"max-snippet:-1","max-image-preview":"max-image-preview:large","max-video-preview":"max-video-preview:-1"},"canonical":"http:\/\/denizcankizil.tr\/uk\/haberler\/gundem\/posta-guvercini-tutkunlari-bornova-bulustu\/","og_locale":"uk_UA","og_type":"article","og_title":"Posta g\u00fcvercini tutkunlar\u0131 Bornova bulu\u015ftu","og_description":"\u0130zmir Posta G\u00fcvercini Sevenler Derne\u011fi\u2019nin \u00f6d\u00fcl t\u00f6reni, Bornova Belediyesi\u2019nin ev sahipli\u011finde \u00c7amdibi\u2019deki \u015eehit Er Adem Bilalo\u011flu Tesisleri\u2019nde ger\u00e7ekle\u015ftirildi. \u200b\u0130zmir Posta G\u00fcvercini Sevenler Derne\u011fi\u2019nin \u00f6d\u00fcl t\u00f6reni, Bornova Belediyesi\u2019nin ev sahipli\u011finde \u00c7amdibi\u2019deki \u015eehit Er Adem Bilalo\u011flu Tesisleri\u2019nde ger\u00e7ekle\u015ftirildi.\u00a0 \u200bHaberin Al\u0131nt\u0131land\u0131\u011f\u0131 Kaynak: www.iskenderun.org","og_url":"http:\/\/denizcankizil.tr\/uk\/haberler\/gundem\/posta-guvercini-tutkunlari-bornova-bulustu\/","og_site_name":"Av. Deniz Can K\u0131z\u0131l","article_published_time":"2025-02-22T09:41:31+00:00","author":"admin","twitter_card":"summary_large_image","twitter_misc":{"\u041d\u0430\u043f\u0438\u0441\u0430\u043d\u043e":"admin"},"schema":{"@context":"https:\/\/schema.org","@graph":[{"@type":"Article","@id":"http:\/\/denizcankizil.tr\/ru\/haberler\/gundem\/posta-guvercini-tutkunlari-bornova-bulustu\/#article","isPartOf":{"@id":"http:\/\/denizcankizil.tr\/ru\/haberler\/gundem\/posta-guvercini-tutkunlari-bornova-bulustu\/"},"author":{"name":"admin","@id":"https:\/\/denizcankizil.tr\/#\/schema\/person\/be3c05fe6a12686905512445d8185489"},"headline":"Posta g\u00fcvercini tutkunlar\u0131 Bornova bulu\u015ftu","datePublished":"2025-02-22T09:41:31+00:00","mainEntityOfPage":{"@id":"http:\/\/denizcankizil.tr\/ru\/haberler\/gundem\/posta-guvercini-tutkunlari-bornova-bulustu\/"},"wordCount":75,"commentCount":0,"publisher":{"@id":"https:\/\/denizcankizil.tr\/#organization"},"articleSection":["G\u00fcndem"],"inLanguage":"uk","potentialAction":[{"@type":"CommentAction","name":"Comment","target":["http:\/\/denizcankizil.tr\/ru\/haberler\/gundem\/posta-guvercini-tutkunlari-bornova-bulustu\/#respond"]}]},{"@type":"WebPage","@id":"http:\/\/denizcankizil.tr\/ru\/haberler\/gundem\/posta-guvercini-tutkunlari-bornova-bulustu\/","url":"http:\/\/denizcankizil.tr\/ru\/haberler\/gundem\/posta-guvercini-tutkunlari-bornova-bulustu\/","name":"Posta g\u00fcvercini tutkunlar\u0131 Bornova bulu\u015ftu - Av. Deniz Can K\u0131z\u0131l","isPartOf":{"@id":"https:\/\/denizcankizil.tr\/#website"},"datePublished":"2025-02-22T09:41:31+00:00","breadcrumb":{"@id":"http:\/\/denizcankizil.tr\/ru\/haberler\/gundem\/posta-guvercini-tutkunlari-bornova-bulustu\/#breadcrumb"},"inLanguage":"uk","potentialAction":[{"@type":"ReadAction","target":["http:\/\/denizcankizil.tr\/ru\/haberler\/gundem\/posta-guvercini-tutkunlari-bornova-bulustu\/"]}]},{"@type":"BreadcrumbList","@id":"http:\/\/denizcankizil.tr\/ru\/haberler\/gundem\/posta-guvercini-tutkunlari-bornova-bulustu\/#breadcrumb","itemListElement":[{"@type":"ListItem","position":1,"name":"Home","item":"https:\/\/denizcankizil.tr\/uk\/"},{"@type":"ListItem","position":2,"name":"Posta g\u00fcvercini tutkunlar\u0131 Bornova bulu\u015ftu"}]},{"@type":"WebSite","@id":"https:\/\/denizcankizil.tr\/#website","url":"https:\/\/denizcankizil.tr\/","name":"Av. Deniz Can K\u0131z\u0131l","description":"Avukat Deniz Can K\u0131z\u0131l Antalya Barosu","publisher":{"@id":"https:\/\/denizcankizil.tr\/#organization"},"potentialAction":[{"@type":"SearchAction","target":{"@type":"EntryPoint","urlTemplate":"https:\/\/denizcankizil.tr\/?s={search_term_string}"},"query-input":{"@type":"PropertyValueSpecification","valueRequired":true,"valueName":"search_term_string"}}],"inLanguage":"uk"},{"@type":"Organization","@id":"https:\/\/denizcankizil.tr\/#organization","name":"Av. Deniz Can K\u0131z\u0131l","url":"https:\/\/denizcankizil.tr\/","logo":{"@type":"ImageObject","inLanguage":"uk","@id":"https:\/\/denizcankizil.tr\/#\/schema\/logo\/image\/","url":"http:\/\/denizcankizil.tr\/wp-content\/uploads\/2024\/10\/siyah-logo-svg.svg","contentUrl":"http:\/\/denizcankizil.tr\/wp-content\/uploads\/2024\/10\/siyah-logo-svg.svg","width":1080,"height":1080,"caption":"Av. Deniz Can K\u0131z\u0131l"},"image":{"@id":"https:\/\/denizcankizil.tr\/#\/schema\/logo\/image\/"}},{"@type":"Person","@id":"https:\/\/denizcankizil.tr\/#\/schema\/person\/be3c05fe6a12686905512445d8185489","name":"\u0430\u0434\u043c\u0456\u043d","image":{"@type":"ImageObject","inLanguage":"uk","@id":"https:\/\/denizcankizil.tr\/#\/schema\/person\/image\/","url":"https:\/\/secure.gravatar.com\/avatar\/c1fce94c830dc79107e174f890d7210541c4a63e8e5d816341794a2151c9d58c?s=96&d=mm&r=g","contentUrl":"https:\/\/secure.gravatar.com\/avatar\/c1fce94c830dc79107e174f890d7210541c4a63e8e5d816341794a2151c9d58c?s=96&d=mm&r=g","caption":"admin"},"sameAs":["http:\/\/denizcankizil.tr"],"url":"https:\/\/www.iskenderun.org\/posta-guvercini-tutkunlari-bornova-bulustu"}]}},"_links":{"self":[{"href":"http:\/\/denizcankizil.tr\/uk\/wp-json\/wp\/v2\/posts\/33881","targetHints":{"allow":["GET"]}}],"collection":[{"href":"http:\/\/denizcankizil.tr\/uk\/wp-json\/wp\/v2\/posts"}],"about":[{"href":"http:\/\/denizcankizil.tr\/uk\/wp-json\/wp\/v2\/types\/post"}],"author":[{"embeddable":true,"href":"http:\/\/denizcankizil.tr\/uk\/wp-json\/wp\/v2\/users\/1"}],"replies":[{"embeddable":true,"href":"http:\/\/denizcankizil.tr\/uk\/wp-json\/wp\/v2\/comments?post=33881"}],"version-history":[{"count":0,"href":"http:\/\/denizcankizil.tr\/uk\/wp-json\/wp\/v2\/posts\/33881\/revisions"}],"wp:attachment":[{"href":"http:\/\/denizcankizil.tr\/uk\/wp-json\/wp\/v2\/media?parent=33881"}],"wp:term":[{"taxonomy":"category","embeddable":true,"href":"http:\/\/denizcankizil.tr\/uk\/wp-json\/wp\/v2\/categories?post=33881"},{"taxonomy":"post_tag","embeddable":true,"href":"http:\/\/denizcankizil.tr\/uk\/wp-json\/wp\/v2\/tags?post=33881"}],"curies":[{"name":"wp","href":"https:\/\/api.w.org\/{rel}","templated":true}]}}