{"id":33606,"date":"2025-02-20T10:41:54","date_gmt":"2025-02-20T07:41:54","guid":{"rendered":"https:\/\/denizcankizil.tr\/uncategorized-tr\/izmir-budanan-agaclar-geri-donusturuyor\/"},"modified":"2025-02-20T10:41:54","modified_gmt":"2025-02-20T07:41:54","slug":"izmir-budanan-agaclar-geri-donusturuyor","status":"publish","type":"post","link":"http:\/\/denizcankizil.tr\/uk\/haberler\/gundem\/izmir-budanan-agaclar-geri-donusturuyor\/","title":{"rendered":"\u0130zmir budanan a\u011fa\u00e7lar geri d\u00f6n\u00fc\u015ft\u00fcr\u00fcyor"},"content":{"rendered":"<p>\u0130zmir B\u00fcy\u00fck\u015fehir Belediyesi, mezar alanlar\u0131nda budad\u0131\u011f\u0131 a\u011fa\u00e7lar\u0131 geri d\u00f6n\u00fc\u015ft\u00fcr\u00fcyor. Mezarl\u0131klar Dairesi Ba\u015fkanl\u0131\u011f\u0131\u2019n\u0131n P\u0131narba\u015f\u0131\u2019ndaki at\u00f6lyesinde kerestelerden mezar ba\u015fucu tahtas\u0131, defin i\u015flemlerinde kullan\u0131lan tahta elde edilirken, eskimi\u015f banklar ve masalar da yenileniyor.\u00a0\u0130ZM\u0130R (\u0130GFA) &#8211;\u00a0\u0130zmir B\u00fcy\u00fck\u015fehir Belediye Mezarl\u0131klar Dairesi Ba\u015fkanl\u0131\u011f\u0131\u2019n\u0131n marangoz at\u00f6lyesi, fabrika gibi \u00e7al\u0131\u015f\u0131yor. Kentte bulunan yakla\u015f\u0131k 2 bin mezarl\u0131k alan\u0131ndaki a\u011fa\u00e7lar\u0131n budanmas\u0131 sonucu elde edilen keresteler, Bornova P\u0131narba\u015f\u0131\u2019ndaki at\u00f6lyeye getiriliyor. Burada testere makinesinden ge\u00e7irilen keresteler; mezar tahtas\u0131, mezar ba\u015fucu tahtas\u0131na d\u00f6n\u00fc\u015ft\u00fcr\u00fcl\u00fcyor. B\u00f6ylelikle hem budanan a\u011fa\u00e7lar de\u011ferlendiriliyor hem de belediyenin b\u00fct\u00e7esi daha verimli kullan\u0131l\u0131yor.\u00a0<br \/>\nBUDANAN A\u011eA\u00c7LAR DE\u011eERLEND\u0130R\u0130L\u0130YOR<br \/>\nP\u0131narba\u015f\u0131 At\u00f6lye Sorumlusu Eray Akg\u00fcn, \u0130zmir B\u00fcy\u00fck\u015fehir Belediyesi Mezarl\u0131klar Dairesi Ba\u015fkanl\u0131\u011f\u0131 olarak, 30 il\u00e7ede yakla\u015f\u0131k 2 bin mezarl\u0131kta defin i\u015flemlerinin yan\u0131 s\u0131ra her t\u00fcrl\u00fc bak\u0131m ve onar\u0131m hizmetini titizlikle y\u00fcr\u00fctt\u00fcklerini belirterek, \u201cMezarl\u0131k alanlar\u0131m\u0131zdan budama sonucu elde edilen kereste ile hurda olan ah\u015faplar\u0131, marangoz at\u00f6lyemizde mezar tahtas\u0131, mezar ba\u015fucu tahtas\u0131, \u00e7it ve bank tahtas\u0131na d\u00f6n\u00fc\u015ft\u00fcr\u00fcyoruz.\u00a0 \u00dcretilen mezar tahtalar\u0131 mezarl\u0131k alanlar\u0131nda g\u00f6m\u00fc an\u0131nda kullan\u0131l\u0131yor. Mezar ba\u015fucu tahtalar\u0131n\u0131 ise kimsesizler ve bebek mezarlar\u0131nda numarataj i\u015flemi i\u00e7in kullan\u0131yoruz\u201d dedi.\u00a0\u00a0<\/p>\n<p>BANKLAR AT\u00d6LYEDE YEN\u0130LEND\u0130<br \/>\nAt\u00f6lyede mezarl\u0131k alanlar\u0131nda bulunan oturma banklar\u0131 ve masalar\u0131n da yenilendi\u011fini aktaran Akg\u00fcn, \u201c2024 y\u0131l\u0131nda defin i\u015flemlerinde kullan\u0131lan mezar tahtalar\u0131n\u0131n y\u00fczde 20\u2019si at\u00f6lyemizde \u00fcretildi. Yine mezarl\u0131k alanlar\u0131nda eskimi\u015f ve yenilenmesi gereken mevcut banklar\u0131n y\u00fczde 30\u2019u\u00a0da at\u00f6lyemizde d\u00f6n\u00fc\u015ft\u00fcr\u00fcld\u00fc. Ayr\u0131ca keresteden \u00fcretilen \u00e7itler de Mezarl\u0131klar Dairesi Ba\u015fkanl\u0131\u011f\u0131\u2019na ba\u011fl\u0131 birimlerde kullan\u0131ld\u0131. Biz bu \u00e7al\u0131\u015fmalar\u0131 belediyemizin \u00f6z kaynaklar\u0131yla yap\u0131yoruz. B\u00f6ylece hem tasarruf sa\u011fl\u0131yoruz hem de kurum b\u00fct\u00e7esine art\u0131 de\u011fer kat\u0131yoruz\u201d diye konu\u015ftu.\u00a0<\/p>\n<p>\u200b\u0130zmir B\u00fcy\u00fck\u015fehir Belediyesi, mezar alanlar\u0131nda budad\u0131\u011f\u0131 a\u011fa\u00e7lar\u0131 geri d\u00f6n\u00fc\u015ft\u00fcr\u00fcyor. Mezarl\u0131klar Dairesi Ba\u015fkanl\u0131\u011f\u0131\u2019n\u0131n P\u0131narba\u015f\u0131\u2019ndaki at\u00f6lyesinde kerestelerden mezar ba\u015fucu tahtas\u0131, defin i\u015flemlerinde kullan\u0131lan tahta elde edilirken, eskimi\u015f banklar ve masalar da yenileniyor.\u00a0\u0130ZM\u0130R (\u0130GFA) &#8211;\u00a0\u0130zmir B\u00fcy\u00fck\u015fehir Belediye Mezarl\u0131klar Dairesi Ba\u015fkanl\u0131\u011f\u0131\u2019n\u0131n marangoz at\u00f6lyesi, fabrika gibi \u00e7al\u0131\u015f\u0131yor. Kentte bulunan yakla\u015f\u0131k 2 bin mezarl\u0131k alan\u0131ndaki a\u011fa\u00e7lar\u0131n budanmas\u0131 sonucu elde edilen keresteler, Bornova P\u0131narba\u015f\u0131\u2019ndaki at\u00f6lyeye getiriliyor. Burada testere makinesinden ge\u00e7irilen keresteler; mezar tahtas\u0131, mezar ba\u015fucu tahtas\u0131na d\u00f6n\u00fc\u015ft\u00fcr\u00fcl\u00fcyor. B\u00f6ylelikle hem budanan a\u011fa\u00e7lar de\u011ferlendiriliyor hem de belediyenin b\u00fct\u00e7esi daha verimli kullan\u0131l\u0131yor.\u00a0<br \/>\nBUDANAN A\u011eA\u00c7LAR DE\u011eERLEND\u0130R\u0130L\u0130YOR<br \/>\nP\u0131narba\u015f\u0131 At\u00f6lye Sorumlusu Eray Akg\u00fcn, \u0130zmir B\u00fcy\u00fck\u015fehir Belediyesi Mezarl\u0131klar Dairesi Ba\u015fkanl\u0131\u011f\u0131 olarak, 30 il\u00e7ede yakla\u015f\u0131k 2 bin mezarl\u0131kta defin i\u015flemlerinin yan\u0131 s\u0131ra her t\u00fcrl\u00fc bak\u0131m ve onar\u0131m hizmetini titizlikle y\u00fcr\u00fctt\u00fcklerini belirterek, \u201cMezarl\u0131k alanlar\u0131m\u0131zdan budama sonucu elde edilen kereste ile hurda olan ah\u015faplar\u0131, marangoz at\u00f6lyemizde mezar tahtas\u0131, mezar ba\u015fucu tahtas\u0131, \u00e7it ve bank tahtas\u0131na d\u00f6n\u00fc\u015ft\u00fcr\u00fcyoruz.\u00a0 \u00dcretilen mezar tahtalar\u0131 mezarl\u0131k alanlar\u0131nda g\u00f6m\u00fc an\u0131nda kullan\u0131l\u0131yor. Mezar ba\u015fucu tahtalar\u0131n\u0131 ise kimsesizler ve bebek mezarlar\u0131nda numarataj i\u015flemi i\u00e7in kullan\u0131yoruz\u201d dedi.\u00a0\u00a0<\/p>\n<p>BANKLAR AT\u00d6LYEDE YEN\u0130LEND\u0130<br \/>\nAt\u00f6lyede mezarl\u0131k alanlar\u0131nda bulunan oturma banklar\u0131 ve masalar\u0131n da yenilendi\u011fini aktaran Akg\u00fcn, \u201c2024 y\u0131l\u0131nda defin i\u015flemlerinde kullan\u0131lan mezar tahtalar\u0131n\u0131n y\u00fczde 20\u2019si at\u00f6lyemizde \u00fcretildi. Yine mezarl\u0131k alanlar\u0131nda eskimi\u015f ve yenilenmesi gereken mevcut banklar\u0131n y\u00fczde 30\u2019u\u00a0da at\u00f6lyemizde d\u00f6n\u00fc\u015ft\u00fcr\u00fcld\u00fc. Ayr\u0131ca keresteden \u00fcretilen \u00e7itler de Mezarl\u0131klar Dairesi Ba\u015fkanl\u0131\u011f\u0131\u2019na ba\u011fl\u0131 birimlerde kullan\u0131ld\u0131. Biz bu \u00e7al\u0131\u015fmalar\u0131 belediyemizin \u00f6z kaynaklar\u0131yla yap\u0131yoruz. B\u00f6ylece hem tasarruf sa\u011fl\u0131yoruz hem de kurum b\u00fct\u00e7esine art\u0131 de\u011fer kat\u0131yoruz\u201d diye konu\u015ftu.\u00a0\u00a0<\/p>\n<p>\u200bHaberin Al\u0131nt\u0131land\u0131\u011f\u0131 Kaynak: www.iskenderun.org<\/p>","protected":false},"excerpt":{"rendered":"<p>\u0130zmir B\u00fcy\u00fck\u015fehir Belediyesi, mezar alanlar\u0131nda budad\u0131\u011f\u0131 a\u011fa\u00e7lar\u0131 geri d\u00f6n\u00fc\u015ft\u00fcr\u00fcyor. Mezarl\u0131klar Dairesi Ba\u015fkanl\u0131\u011f\u0131\u2019n\u0131n P\u0131narba\u015f\u0131\u2019ndaki at\u00f6lyesinde kerestelerden mezar ba\u015fucu tahtas\u0131, defin i\u015flemlerinde kullan\u0131lan tahta elde edilirken, eskimi\u015f banklar ve masalar da yenileniyor.\u00a0\u0130ZM\u0130R (\u0130GFA) &#8211;\u00a0\u0130zmir B\u00fcy\u00fck\u015fehir Belediye Mezarl\u0131klar Dairesi Ba\u015fkanl\u0131\u011f\u0131\u2019n\u0131n marangoz at\u00f6lyesi, fabrika gibi \u00e7al\u0131\u015f\u0131yor. Kentte bulunan yakla\u015f\u0131k 2 bin mezarl\u0131k alan\u0131ndaki a\u011fa\u00e7lar\u0131n budanmas\u0131 sonucu elde edilen keresteler, Bornova P\u0131narba\u015f\u0131\u2019ndaki at\u00f6lyeye getiriliyor. Burada testere makinesinden ge\u00e7irilen keresteler; mezar tahtas\u0131, mezar ba\u015fucu tahtas\u0131na d\u00f6n\u00fc\u015ft\u00fcr\u00fcl\u00fcyor. B\u00f6ylelikle hem budanan a\u011fa\u00e7lar de\u011ferlendiriliyor hem de belediyenin b\u00fct\u00e7esi daha verimli kullan\u0131l\u0131yor.\u00a0 BUDANAN A\u011eA\u00c7LAR DE\u011eERLEND\u0130R\u0130L\u0130YOR P\u0131narba\u015f\u0131 At\u00f6lye Sorumlusu Eray Akg\u00fcn, \u0130zmir B\u00fcy\u00fck\u015fehir Belediyesi Mezarl\u0131klar Dairesi Ba\u015fkanl\u0131\u011f\u0131 olarak, 30 il\u00e7ede yakla\u015f\u0131k 2 bin mezarl\u0131kta defin i\u015flemlerinin yan\u0131 s\u0131ra her t\u00fcrl\u00fc bak\u0131m ve onar\u0131m hizmetini titizlikle y\u00fcr\u00fctt\u00fcklerini belirterek, \u201cMezarl\u0131k alanlar\u0131m\u0131zdan budama sonucu elde edilen kereste ile hurda olan ah\u015faplar\u0131, marangoz at\u00f6lyemizde mezar tahtas\u0131, mezar ba\u015fucu tahtas\u0131, \u00e7it ve bank tahtas\u0131na d\u00f6n\u00fc\u015ft\u00fcr\u00fcyoruz.\u00a0 \u00dcretilen mezar tahtalar\u0131 mezarl\u0131k alanlar\u0131nda g\u00f6m\u00fc an\u0131nda kullan\u0131l\u0131yor. Mezar ba\u015fucu tahtalar\u0131n\u0131 ise kimsesizler ve bebek mezarlar\u0131nda numarataj i\u015flemi i\u00e7in kullan\u0131yoruz\u201d dedi.\u00a0\u00a0 BANKLAR AT\u00d6LYEDE YEN\u0130LEND\u0130 At\u00f6lyede mezarl\u0131k alanlar\u0131nda bulunan oturma banklar\u0131 ve masalar\u0131n da yenilendi\u011fini aktaran Akg\u00fcn, \u201c2024 y\u0131l\u0131nda defin i\u015flemlerinde kullan\u0131lan mezar tahtalar\u0131n\u0131n y\u00fczde 20\u2019si at\u00f6lyemizde \u00fcretildi. Yine mezarl\u0131k alanlar\u0131nda eskimi\u015f ve yenilenmesi gereken mevcut banklar\u0131n y\u00fczde 30\u2019u\u00a0da at\u00f6lyemizde d\u00f6n\u00fc\u015ft\u00fcr\u00fcld\u00fc. Ayr\u0131ca &hellip;<\/p>","protected":false},"author":1,"featured_media":0,"comment_status":"open","ping_status":"open","sticky":false,"template":"","format":"standard","meta":{"_acf_changed":false,"footnotes":""},"categories":[24],"tags":[],"class_list":["post-33606","post","type-post","status-publish","format-standard","has-post-thumbnail","hentry","category-gundem"],"acf":[],"yoast_head":"<!-- This site is optimized with the Yoast SEO Premium plugin v26.6 (Yoast SEO v27.1.1) - https:\/\/yoast.com\/product\/yoast-seo-premium-wordpress\/ -->\n<title>\u0130zmir budanan a\u011fa\u00e7lar geri d\u00f6n\u00fc\u015ft\u00fcr\u00fcyor - Av. Deniz Can K\u0131z\u0131l<\/title>\n<meta name=\"robots\" content=\"index, follow, max-snippet:-1, max-image-preview:large, max-video-preview:-1\" \/>\n<link rel=\"canonical\" href=\"http:\/\/denizcankizil.tr\/uk\/haberler\/gundem\/izmir-budanan-agaclar-geri-donusturuyor\/\" \/>\n<meta property=\"og:locale\" content=\"uk_UA\" \/>\n<meta property=\"og:type\" content=\"article\" \/>\n<meta property=\"og:title\" content=\"\u0130zmir budanan a\u011fa\u00e7lar geri d\u00f6n\u00fc\u015ft\u00fcr\u00fcyor\" \/>\n<meta property=\"og:description\" content=\"\u0130zmir B\u00fcy\u00fck\u015fehir Belediyesi, mezar alanlar\u0131nda budad\u0131\u011f\u0131 a\u011fa\u00e7lar\u0131 geri d\u00f6n\u00fc\u015ft\u00fcr\u00fcyor. Mezarl\u0131klar Dairesi Ba\u015fkanl\u0131\u011f\u0131\u2019n\u0131n P\u0131narba\u015f\u0131\u2019ndaki at\u00f6lyesinde kerestelerden mezar ba\u015fucu tahtas\u0131, defin i\u015flemlerinde kullan\u0131lan tahta elde edilirken, eskimi\u015f banklar ve masalar da yenileniyor.\u00a0\u0130ZM\u0130R (\u0130GFA) &#8211;\u00a0\u0130zmir B\u00fcy\u00fck\u015fehir Belediye Mezarl\u0131klar Dairesi Ba\u015fkanl\u0131\u011f\u0131\u2019n\u0131n marangoz at\u00f6lyesi, fabrika gibi \u00e7al\u0131\u015f\u0131yor. Kentte bulunan yakla\u015f\u0131k 2 bin mezarl\u0131k alan\u0131ndaki a\u011fa\u00e7lar\u0131n budanmas\u0131 sonucu elde edilen keresteler, Bornova P\u0131narba\u015f\u0131\u2019ndaki at\u00f6lyeye getiriliyor. Burada testere makinesinden ge\u00e7irilen keresteler; mezar tahtas\u0131, mezar ba\u015fucu tahtas\u0131na d\u00f6n\u00fc\u015ft\u00fcr\u00fcl\u00fcyor. B\u00f6ylelikle hem budanan a\u011fa\u00e7lar de\u011ferlendiriliyor hem de belediyenin b\u00fct\u00e7esi daha verimli kullan\u0131l\u0131yor.\u00a0 BUDANAN A\u011eA\u00c7LAR DE\u011eERLEND\u0130R\u0130L\u0130YOR P\u0131narba\u015f\u0131 At\u00f6lye Sorumlusu Eray Akg\u00fcn, \u0130zmir B\u00fcy\u00fck\u015fehir Belediyesi Mezarl\u0131klar Dairesi Ba\u015fkanl\u0131\u011f\u0131 olarak, 30 il\u00e7ede yakla\u015f\u0131k 2 bin mezarl\u0131kta defin i\u015flemlerinin yan\u0131 s\u0131ra her t\u00fcrl\u00fc bak\u0131m ve onar\u0131m hizmetini titizlikle y\u00fcr\u00fctt\u00fcklerini belirterek, \u201cMezarl\u0131k alanlar\u0131m\u0131zdan budama sonucu elde edilen kereste ile hurda olan ah\u015faplar\u0131, marangoz at\u00f6lyemizde mezar tahtas\u0131, mezar ba\u015fucu tahtas\u0131, \u00e7it ve bank tahtas\u0131na d\u00f6n\u00fc\u015ft\u00fcr\u00fcyoruz.\u00a0 \u00dcretilen mezar tahtalar\u0131 mezarl\u0131k alanlar\u0131nda g\u00f6m\u00fc an\u0131nda kullan\u0131l\u0131yor. Mezar ba\u015fucu tahtalar\u0131n\u0131 ise kimsesizler ve bebek mezarlar\u0131nda numarataj i\u015flemi i\u00e7in kullan\u0131yoruz\u201d dedi.\u00a0\u00a0 BANKLAR AT\u00d6LYEDE YEN\u0130LEND\u0130 At\u00f6lyede mezarl\u0131k alanlar\u0131nda bulunan oturma banklar\u0131 ve masalar\u0131n da yenilendi\u011fini aktaran Akg\u00fcn, \u201c2024 y\u0131l\u0131nda defin i\u015flemlerinde kullan\u0131lan mezar tahtalar\u0131n\u0131n y\u00fczde 20\u2019si at\u00f6lyemizde \u00fcretildi. Yine mezarl\u0131k alanlar\u0131nda eskimi\u015f ve yenilenmesi gereken mevcut banklar\u0131n y\u00fczde 30\u2019u\u00a0da at\u00f6lyemizde d\u00f6n\u00fc\u015ft\u00fcr\u00fcld\u00fc. Ayr\u0131ca &hellip;\" \/>\n<meta property=\"og:url\" content=\"http:\/\/denizcankizil.tr\/uk\/haberler\/gundem\/izmir-budanan-agaclar-geri-donusturuyor\/\" \/>\n<meta property=\"og:site_name\" content=\"Av. Deniz Can K\u0131z\u0131l\" \/>\n<meta property=\"article:published_time\" content=\"2025-02-20T07:41:54+00:00\" \/>\n<meta name=\"author\" content=\"admin\" \/>\n<meta name=\"twitter:card\" content=\"summary_large_image\" \/>\n<meta name=\"twitter:label1\" content=\"\u041d\u0430\u043f\u0438\u0441\u0430\u043d\u043e\" \/>\n\t<meta name=\"twitter:data1\" content=\"admin\" \/>\n\t<meta name=\"twitter:label2\" content=\"\u041f\u0440\u0438\u0431\u043b. \u0447\u0430\u0441 \u0447\u0438\u0442\u0430\u043d\u043d\u044f\" \/>\n\t<meta name=\"twitter:data2\" content=\"4 \u0445\u0432\u0438\u043b\u0438\u043d\u0438\" \/>\n<script type=\"application\/ld+json\" class=\"yoast-schema-graph\">{\"@context\":\"https:\/\/schema.org\",\"@graph\":[{\"@type\":\"Article\",\"@id\":\"http:\/\/denizcankizil.tr\/uk\/haberler\/gundem\/izmir-budanan-agaclar-geri-donusturuyor\/#article\",\"isPartOf\":{\"@id\":\"http:\/\/denizcankizil.tr\/uk\/haberler\/gundem\/izmir-budanan-agaclar-geri-donusturuyor\/\"},\"author\":{\"name\":\"admin\",\"@id\":\"https:\/\/denizcankizil.tr\/#\/schema\/person\/be3c05fe6a12686905512445d8185489\"},\"headline\":\"\u0130zmir budanan a\u011fa\u00e7lar geri d\u00f6n\u00fc\u015ft\u00fcr\u00fcyor\",\"datePublished\":\"2025-02-20T07:41:54+00:00\",\"mainEntityOfPage\":{\"@id\":\"http:\/\/denizcankizil.tr\/uk\/haberler\/gundem\/izmir-budanan-agaclar-geri-donusturuyor\/\"},\"wordCount\":767,\"commentCount\":0,\"publisher\":{\"@id\":\"https:\/\/denizcankizil.tr\/#organization\"},\"articleSection\":[\"G\u00fcndem\"],\"inLanguage\":\"uk\",\"potentialAction\":[{\"@type\":\"CommentAction\",\"name\":\"Comment\",\"target\":[\"http:\/\/denizcankizil.tr\/uk\/haberler\/gundem\/izmir-budanan-agaclar-geri-donusturuyor\/#respond\"]}]},{\"@type\":\"WebPage\",\"@id\":\"http:\/\/denizcankizil.tr\/uk\/haberler\/gundem\/izmir-budanan-agaclar-geri-donusturuyor\/\",\"url\":\"http:\/\/denizcankizil.tr\/uk\/haberler\/gundem\/izmir-budanan-agaclar-geri-donusturuyor\/\",\"name\":\"\u0130zmir budanan a\u011fa\u00e7lar geri d\u00f6n\u00fc\u015ft\u00fcr\u00fcyor - Av. Deniz Can K\u0131z\u0131l\",\"isPartOf\":{\"@id\":\"https:\/\/denizcankizil.tr\/#website\"},\"datePublished\":\"2025-02-20T07:41:54+00:00\",\"breadcrumb\":{\"@id\":\"http:\/\/denizcankizil.tr\/uk\/haberler\/gundem\/izmir-budanan-agaclar-geri-donusturuyor\/#breadcrumb\"},\"inLanguage\":\"uk\",\"potentialAction\":[{\"@type\":\"ReadAction\",\"target\":[\"http:\/\/denizcankizil.tr\/uk\/haberler\/gundem\/izmir-budanan-agaclar-geri-donusturuyor\/\"]}]},{\"@type\":\"BreadcrumbList\",\"@id\":\"http:\/\/denizcankizil.tr\/uk\/haberler\/gundem\/izmir-budanan-agaclar-geri-donusturuyor\/#breadcrumb\",\"itemListElement\":[{\"@type\":\"ListItem\",\"position\":1,\"name\":\"Home\",\"item\":\"https:\/\/denizcankizil.tr\/de\/\"},{\"@type\":\"ListItem\",\"position\":2,\"name\":\"\u0130zmir budanan a\u011fa\u00e7lar geri d\u00f6n\u00fc\u015ft\u00fcr\u00fcyor\"}]},{\"@type\":\"WebSite\",\"@id\":\"https:\/\/denizcankizil.tr\/#website\",\"url\":\"https:\/\/denizcankizil.tr\/\",\"name\":\"Av. Deniz Can K\u0131z\u0131l\",\"description\":\"Avukat Deniz Can K\u0131z\u0131l Antalya Barosu\",\"publisher\":{\"@id\":\"https:\/\/denizcankizil.tr\/#organization\"},\"potentialAction\":[{\"@type\":\"SearchAction\",\"target\":{\"@type\":\"EntryPoint\",\"urlTemplate\":\"https:\/\/denizcankizil.tr\/?s={search_term_string}\"},\"query-input\":{\"@type\":\"PropertyValueSpecification\",\"valueRequired\":true,\"valueName\":\"search_term_string\"}}],\"inLanguage\":\"uk\"},{\"@type\":\"Organization\",\"@id\":\"https:\/\/denizcankizil.tr\/#organization\",\"name\":\"Av. Deniz Can K\u0131z\u0131l\",\"url\":\"https:\/\/denizcankizil.tr\/\",\"logo\":{\"@type\":\"ImageObject\",\"inLanguage\":\"uk\",\"@id\":\"https:\/\/denizcankizil.tr\/#\/schema\/logo\/image\/\",\"url\":\"http:\/\/denizcankizil.tr\/wp-content\/uploads\/2024\/10\/siyah-logo-svg.svg\",\"contentUrl\":\"http:\/\/denizcankizil.tr\/wp-content\/uploads\/2024\/10\/siyah-logo-svg.svg\",\"width\":1080,\"height\":1080,\"caption\":\"Av. Deniz Can K\u0131z\u0131l\"},\"image\":{\"@id\":\"https:\/\/denizcankizil.tr\/#\/schema\/logo\/image\/\"}},{\"@type\":\"Person\",\"@id\":\"https:\/\/denizcankizil.tr\/#\/schema\/person\/be3c05fe6a12686905512445d8185489\",\"name\":\"admin\",\"image\":{\"@type\":\"ImageObject\",\"inLanguage\":\"uk\",\"@id\":\"https:\/\/denizcankizil.tr\/#\/schema\/person\/image\/\",\"url\":\"https:\/\/secure.gravatar.com\/avatar\/c1fce94c830dc79107e174f890d7210541c4a63e8e5d816341794a2151c9d58c?s=96&d=mm&r=g\",\"contentUrl\":\"https:\/\/secure.gravatar.com\/avatar\/c1fce94c830dc79107e174f890d7210541c4a63e8e5d816341794a2151c9d58c?s=96&d=mm&r=g\",\"caption\":\"admin\"},\"sameAs\":[\"http:\/\/denizcankizil.tr\"],\"url\":\"https:\/\/www.iskenderun.org\/izmir-budanan-agaclar-geri-donusturuyor\"}]}<\/script>\n<!-- \/ Yoast SEO Premium plugin. -->","yoast_head_json":{"title":"\u0130zmir budanan a\u011fa\u00e7lar geri d\u00f6n\u00fc\u015ft\u00fcr\u00fcyor - Av. Deniz Can K\u0131z\u0131l","robots":{"index":"index","follow":"follow","max-snippet":"max-snippet:-1","max-image-preview":"max-image-preview:large","max-video-preview":"max-video-preview:-1"},"canonical":"http:\/\/denizcankizil.tr\/uk\/haberler\/gundem\/izmir-budanan-agaclar-geri-donusturuyor\/","og_locale":"uk_UA","og_type":"article","og_title":"\u0130zmir budanan a\u011fa\u00e7lar geri d\u00f6n\u00fc\u015ft\u00fcr\u00fcyor","og_description":"\u0130zmir B\u00fcy\u00fck\u015fehir Belediyesi, mezar alanlar\u0131nda budad\u0131\u011f\u0131 a\u011fa\u00e7lar\u0131 geri d\u00f6n\u00fc\u015ft\u00fcr\u00fcyor. Mezarl\u0131klar Dairesi Ba\u015fkanl\u0131\u011f\u0131\u2019n\u0131n P\u0131narba\u015f\u0131\u2019ndaki at\u00f6lyesinde kerestelerden mezar ba\u015fucu tahtas\u0131, defin i\u015flemlerinde kullan\u0131lan tahta elde edilirken, eskimi\u015f banklar ve masalar da yenileniyor.\u00a0\u0130ZM\u0130R (\u0130GFA) &#8211;\u00a0\u0130zmir B\u00fcy\u00fck\u015fehir Belediye Mezarl\u0131klar Dairesi Ba\u015fkanl\u0131\u011f\u0131\u2019n\u0131n marangoz at\u00f6lyesi, fabrika gibi \u00e7al\u0131\u015f\u0131yor. Kentte bulunan yakla\u015f\u0131k 2 bin mezarl\u0131k alan\u0131ndaki a\u011fa\u00e7lar\u0131n budanmas\u0131 sonucu elde edilen keresteler, Bornova P\u0131narba\u015f\u0131\u2019ndaki at\u00f6lyeye getiriliyor. Burada testere makinesinden ge\u00e7irilen keresteler; mezar tahtas\u0131, mezar ba\u015fucu tahtas\u0131na d\u00f6n\u00fc\u015ft\u00fcr\u00fcl\u00fcyor. B\u00f6ylelikle hem budanan a\u011fa\u00e7lar de\u011ferlendiriliyor hem de belediyenin b\u00fct\u00e7esi daha verimli kullan\u0131l\u0131yor.\u00a0 BUDANAN A\u011eA\u00c7LAR DE\u011eERLEND\u0130R\u0130L\u0130YOR P\u0131narba\u015f\u0131 At\u00f6lye Sorumlusu Eray Akg\u00fcn, \u0130zmir B\u00fcy\u00fck\u015fehir Belediyesi Mezarl\u0131klar Dairesi Ba\u015fkanl\u0131\u011f\u0131 olarak, 30 il\u00e7ede yakla\u015f\u0131k 2 bin mezarl\u0131kta defin i\u015flemlerinin yan\u0131 s\u0131ra her t\u00fcrl\u00fc bak\u0131m ve onar\u0131m hizmetini titizlikle y\u00fcr\u00fctt\u00fcklerini belirterek, \u201cMezarl\u0131k alanlar\u0131m\u0131zdan budama sonucu elde edilen kereste ile hurda olan ah\u015faplar\u0131, marangoz at\u00f6lyemizde mezar tahtas\u0131, mezar ba\u015fucu tahtas\u0131, \u00e7it ve bank tahtas\u0131na d\u00f6n\u00fc\u015ft\u00fcr\u00fcyoruz.\u00a0 \u00dcretilen mezar tahtalar\u0131 mezarl\u0131k alanlar\u0131nda g\u00f6m\u00fc an\u0131nda kullan\u0131l\u0131yor. Mezar ba\u015fucu tahtalar\u0131n\u0131 ise kimsesizler ve bebek mezarlar\u0131nda numarataj i\u015flemi i\u00e7in kullan\u0131yoruz\u201d dedi.\u00a0\u00a0 BANKLAR AT\u00d6LYEDE YEN\u0130LEND\u0130 At\u00f6lyede mezarl\u0131k alanlar\u0131nda bulunan oturma banklar\u0131 ve masalar\u0131n da yenilendi\u011fini aktaran Akg\u00fcn, \u201c2024 y\u0131l\u0131nda defin i\u015flemlerinde kullan\u0131lan mezar tahtalar\u0131n\u0131n y\u00fczde 20\u2019si at\u00f6lyemizde \u00fcretildi. Yine mezarl\u0131k alanlar\u0131nda eskimi\u015f ve yenilenmesi gereken mevcut banklar\u0131n y\u00fczde 30\u2019u\u00a0da at\u00f6lyemizde d\u00f6n\u00fc\u015ft\u00fcr\u00fcld\u00fc. Ayr\u0131ca &hellip;","og_url":"http:\/\/denizcankizil.tr\/uk\/haberler\/gundem\/izmir-budanan-agaclar-geri-donusturuyor\/","og_site_name":"Av. Deniz Can K\u0131z\u0131l","article_published_time":"2025-02-20T07:41:54+00:00","author":"admin","twitter_card":"summary_large_image","twitter_misc":{"\u041d\u0430\u043f\u0438\u0441\u0430\u043d\u043e":"admin","\u041f\u0440\u0438\u0431\u043b. \u0447\u0430\u0441 \u0447\u0438\u0442\u0430\u043d\u043d\u044f":"4 \u0445\u0432\u0438\u043b\u0438\u043d\u0438"},"schema":{"@context":"https:\/\/schema.org","@graph":[{"@type":"Article","@id":"http:\/\/denizcankizil.tr\/uk\/haberler\/gundem\/izmir-budanan-agaclar-geri-donusturuyor\/#article","isPartOf":{"@id":"http:\/\/denizcankizil.tr\/uk\/haberler\/gundem\/izmir-budanan-agaclar-geri-donusturuyor\/"},"author":{"name":"admin","@id":"https:\/\/denizcankizil.tr\/#\/schema\/person\/be3c05fe6a12686905512445d8185489"},"headline":"\u0130zmir budanan a\u011fa\u00e7lar geri d\u00f6n\u00fc\u015ft\u00fcr\u00fcyor","datePublished":"2025-02-20T07:41:54+00:00","mainEntityOfPage":{"@id":"http:\/\/denizcankizil.tr\/uk\/haberler\/gundem\/izmir-budanan-agaclar-geri-donusturuyor\/"},"wordCount":767,"commentCount":0,"publisher":{"@id":"https:\/\/denizcankizil.tr\/#organization"},"articleSection":["G\u00fcndem"],"inLanguage":"uk","potentialAction":[{"@type":"CommentAction","name":"Comment","target":["http:\/\/denizcankizil.tr\/uk\/haberler\/gundem\/izmir-budanan-agaclar-geri-donusturuyor\/#respond"]}]},{"@type":"WebPage","@id":"http:\/\/denizcankizil.tr\/uk\/haberler\/gundem\/izmir-budanan-agaclar-geri-donusturuyor\/","url":"http:\/\/denizcankizil.tr\/uk\/haberler\/gundem\/izmir-budanan-agaclar-geri-donusturuyor\/","name":"\u0130zmir budanan a\u011fa\u00e7lar geri d\u00f6n\u00fc\u015ft\u00fcr\u00fcyor - Av. Deniz Can K\u0131z\u0131l","isPartOf":{"@id":"https:\/\/denizcankizil.tr\/#website"},"datePublished":"2025-02-20T07:41:54+00:00","breadcrumb":{"@id":"http:\/\/denizcankizil.tr\/uk\/haberler\/gundem\/izmir-budanan-agaclar-geri-donusturuyor\/#breadcrumb"},"inLanguage":"uk","potentialAction":[{"@type":"ReadAction","target":["http:\/\/denizcankizil.tr\/uk\/haberler\/gundem\/izmir-budanan-agaclar-geri-donusturuyor\/"]}]},{"@type":"BreadcrumbList","@id":"http:\/\/denizcankizil.tr\/uk\/haberler\/gundem\/izmir-budanan-agaclar-geri-donusturuyor\/#breadcrumb","itemListElement":[{"@type":"ListItem","position":1,"name":"Home","item":"https:\/\/denizcankizil.tr\/de\/"},{"@type":"ListItem","position":2,"name":"\u0130zmir budanan a\u011fa\u00e7lar geri d\u00f6n\u00fc\u015ft\u00fcr\u00fcyor"}]},{"@type":"WebSite","@id":"https:\/\/denizcankizil.tr\/#website","url":"https:\/\/denizcankizil.tr\/","name":"Av. Deniz Can K\u0131z\u0131l","description":"Avukat Deniz Can K\u0131z\u0131l Antalya Barosu","publisher":{"@id":"https:\/\/denizcankizil.tr\/#organization"},"potentialAction":[{"@type":"SearchAction","target":{"@type":"EntryPoint","urlTemplate":"https:\/\/denizcankizil.tr\/?s={search_term_string}"},"query-input":{"@type":"PropertyValueSpecification","valueRequired":true,"valueName":"search_term_string"}}],"inLanguage":"uk"},{"@type":"Organization","@id":"https:\/\/denizcankizil.tr\/#organization","name":"Av. Deniz Can K\u0131z\u0131l","url":"https:\/\/denizcankizil.tr\/","logo":{"@type":"ImageObject","inLanguage":"uk","@id":"https:\/\/denizcankizil.tr\/#\/schema\/logo\/image\/","url":"http:\/\/denizcankizil.tr\/wp-content\/uploads\/2024\/10\/siyah-logo-svg.svg","contentUrl":"http:\/\/denizcankizil.tr\/wp-content\/uploads\/2024\/10\/siyah-logo-svg.svg","width":1080,"height":1080,"caption":"Av. Deniz Can K\u0131z\u0131l"},"image":{"@id":"https:\/\/denizcankizil.tr\/#\/schema\/logo\/image\/"}},{"@type":"Person","@id":"https:\/\/denizcankizil.tr\/#\/schema\/person\/be3c05fe6a12686905512445d8185489","name":"\u0430\u0434\u043c\u0456\u043d","image":{"@type":"ImageObject","inLanguage":"uk","@id":"https:\/\/denizcankizil.tr\/#\/schema\/person\/image\/","url":"https:\/\/secure.gravatar.com\/avatar\/c1fce94c830dc79107e174f890d7210541c4a63e8e5d816341794a2151c9d58c?s=96&d=mm&r=g","contentUrl":"https:\/\/secure.gravatar.com\/avatar\/c1fce94c830dc79107e174f890d7210541c4a63e8e5d816341794a2151c9d58c?s=96&d=mm&r=g","caption":"admin"},"sameAs":["http:\/\/denizcankizil.tr"],"url":"https:\/\/www.iskenderun.org\/izmir-budanan-agaclar-geri-donusturuyor"}]}},"_links":{"self":[{"href":"http:\/\/denizcankizil.tr\/uk\/wp-json\/wp\/v2\/posts\/33606","targetHints":{"allow":["GET"]}}],"collection":[{"href":"http:\/\/denizcankizil.tr\/uk\/wp-json\/wp\/v2\/posts"}],"about":[{"href":"http:\/\/denizcankizil.tr\/uk\/wp-json\/wp\/v2\/types\/post"}],"author":[{"embeddable":true,"href":"http:\/\/denizcankizil.tr\/uk\/wp-json\/wp\/v2\/users\/1"}],"replies":[{"embeddable":true,"href":"http:\/\/denizcankizil.tr\/uk\/wp-json\/wp\/v2\/comments?post=33606"}],"version-history":[{"count":0,"href":"http:\/\/denizcankizil.tr\/uk\/wp-json\/wp\/v2\/posts\/33606\/revisions"}],"wp:attachment":[{"href":"http:\/\/denizcankizil.tr\/uk\/wp-json\/wp\/v2\/media?parent=33606"}],"wp:term":[{"taxonomy":"category","embeddable":true,"href":"http:\/\/denizcankizil.tr\/uk\/wp-json\/wp\/v2\/categories?post=33606"},{"taxonomy":"post_tag","embeddable":true,"href":"http:\/\/denizcankizil.tr\/uk\/wp-json\/wp\/v2\/tags?post=33606"}],"curies":[{"name":"wp","href":"https:\/\/api.w.org\/{rel}","templated":true}]}}