{"id":30910,"date":"2025-02-07T10:42:13","date_gmt":"2025-02-07T07:42:13","guid":{"rendered":"https:\/\/denizcankizil.tr\/uncategorized-tr\/antalyada-is-yerine-silahli-saldiri\/"},"modified":"2025-02-07T10:42:13","modified_gmt":"2025-02-07T07:42:13","slug":"antalyada-is-yerine-silahli-saldiri","status":"publish","type":"post","link":"http:\/\/denizcankizil.tr\/uk\/haberler\/antalya\/antalyada-is-yerine-silahli-saldiri\/","title":{"rendered":"Antalya&#8217;da i\u015f yerine silahl\u0131 sald\u0131r\u0131"},"content":{"rendered":"<p>Olay, saat 20.45 s\u0131ralar\u0131nda \u0130stiklal Mahallesi Atat\u00fcrk Caddesi \u00fczerinde meydana geldi. Edinilen bilgilere g\u00f6re, kap\u00fc\u015fonlu iki sald\u0131rgan, motosikletle i\u015f yerinin \u00f6n\u00fcne gelerek t\u00fcfekle 4 el ate\u015f a\u00e7t\u0131. Olayda herhangi bir yaralanma olmazken, t\u00fcfekten \u00e7\u0131kan kur\u015funlar i\u015f yerinin cam\u0131na ve \u00f6n\u00fcnde park halinde bulunan cipe isabet etti. Olay\u0131n ard\u0131ndan h\u0131zla ka\u00e7an \u015f\u00fcphelilerin D\u00f6rtyol mevkii y\u00f6n\u00fcne do\u011fru ilerledi\u011fi iddia edildi. \u00c7evredeki vatanda\u015flar\u0131n ihbar\u0131 \u00fczerine olay yerine \u00e7ok say\u0131da polis ekibi sevk edildi.<br \/>\nOlay yeri inceleme ekipleri, sald\u0131r\u0131n\u0131n ger\u00e7ekle\u015fti\u011fi b\u00f6lgede geni\u015f \u00e7apl\u0131 ara\u015ft\u0131rma yaparken, yerde 4 bo\u015f kovan bulundu. \u0130\u015f yerinin g\u00fcvenlik kameralar\u0131 incelemeye al\u0131n\u0131rken, polis ekipleri sald\u0131rganlar\u0131n kimli\u011fini tespit etmek ve yakalamak i\u00e7in geni\u015f \u00e7apl\u0131 bir \u00e7al\u0131\u015fmaba\u015flatt\u0131.<\/p>\n<p>Kaynak: www.kanalv.com.tr Haber Sitesinden Al\u0131nm\u0131\u015ft\u0131r.<\/p>","protected":false},"excerpt":{"rendered":"<p>Olay, saat 20.45 s\u0131ralar\u0131nda \u0130stiklal Mahallesi Atat\u00fcrk Caddesi \u00fczerinde meydana geldi. Edinilen bilgilere g\u00f6re, kap\u00fc\u015fonlu iki sald\u0131rgan, motosikletle i\u015f yerinin \u00f6n\u00fcne gelerek t\u00fcfekle 4 el ate\u015f a\u00e7t\u0131. Olayda herhangi bir yaralanma olmazken, t\u00fcfekten \u00e7\u0131kan kur\u015funlar i\u015f yerinin cam\u0131na ve \u00f6n\u00fcnde park halinde bulunan cipe isabet etti. Olay\u0131n ard\u0131ndan h\u0131zla ka\u00e7an \u015f\u00fcphelilerin D\u00f6rtyol mevkii y\u00f6n\u00fcne do\u011fru ilerledi\u011fi iddia edildi. \u00c7evredeki vatanda\u015flar\u0131n ihbar\u0131 \u00fczerine olay yerine \u00e7ok say\u0131da polis ekibi sevk edildi. Olay yeri inceleme ekipleri, sald\u0131r\u0131n\u0131n ger\u00e7ekle\u015fti\u011fi b\u00f6lgede geni\u015f \u00e7apl\u0131 ara\u015ft\u0131rma yaparken, yerde 4 bo\u015f kovan bulundu. \u0130\u015f yerinin g\u00fcvenlik kameralar\u0131 incelemeye al\u0131n\u0131rken, polis ekipleri sald\u0131rganlar\u0131n kimli\u011fini tespit etmek ve yakalamak i\u00e7in geni\u015f \u00e7apl\u0131 bir \u00e7al\u0131\u015fmaba\u015flatt\u0131. Kaynak: www.kanalv.com.tr Haber Sitesinden Al\u0131nm\u0131\u015ft\u0131r.<\/p>","protected":false},"author":4,"featured_media":30911,"comment_status":"open","ping_status":"open","sticky":false,"template":"","format":"standard","meta":{"_acf_changed":false,"footnotes":""},"categories":[26],"tags":[],"class_list":["post-30910","post","type-post","status-publish","format-standard","has-post-thumbnail","hentry","category-antalya"],"acf":[],"yoast_head":"<!-- This site is optimized with the Yoast SEO Premium plugin v26.6 (Yoast SEO v27.1.1) - https:\/\/yoast.com\/product\/yoast-seo-premium-wordpress\/ -->\n<title>Antalya&#039;da i\u015f yerine silahl\u0131 sald\u0131r\u0131 - Av. Deniz Can K\u0131z\u0131l<\/title>\n<meta name=\"robots\" content=\"index, follow, max-snippet:-1, max-image-preview:large, max-video-preview:-1\" \/>\n<link rel=\"canonical\" href=\"http:\/\/denizcankizil.tr\/uk\/haberler\/antalya\/antalyada-is-yerine-silahli-saldiri\/\" \/>\n<meta property=\"og:locale\" content=\"uk_UA\" \/>\n<meta property=\"og:type\" content=\"article\" \/>\n<meta property=\"og:title\" content=\"Antalya&#039;da i\u015f yerine silahl\u0131 sald\u0131r\u0131\" \/>\n<meta property=\"og:description\" content=\"Olay, saat 20.45 s\u0131ralar\u0131nda \u0130stiklal Mahallesi Atat\u00fcrk Caddesi \u00fczerinde meydana geldi. Edinilen bilgilere g\u00f6re, kap\u00fc\u015fonlu iki sald\u0131rgan, motosikletle i\u015f yerinin \u00f6n\u00fcne gelerek t\u00fcfekle 4 el ate\u015f a\u00e7t\u0131. Olayda herhangi bir yaralanma olmazken, t\u00fcfekten \u00e7\u0131kan kur\u015funlar i\u015f yerinin cam\u0131na ve \u00f6n\u00fcnde park halinde bulunan cipe isabet etti. Olay\u0131n ard\u0131ndan h\u0131zla ka\u00e7an \u015f\u00fcphelilerin D\u00f6rtyol mevkii y\u00f6n\u00fcne do\u011fru ilerledi\u011fi iddia edildi. \u00c7evredeki vatanda\u015flar\u0131n ihbar\u0131 \u00fczerine olay yerine \u00e7ok say\u0131da polis ekibi sevk edildi. Olay yeri inceleme ekipleri, sald\u0131r\u0131n\u0131n ger\u00e7ekle\u015fti\u011fi b\u00f6lgede geni\u015f \u00e7apl\u0131 ara\u015ft\u0131rma yaparken, yerde 4 bo\u015f kovan bulundu. \u0130\u015f yerinin g\u00fcvenlik kameralar\u0131 incelemeye al\u0131n\u0131rken, polis ekipleri sald\u0131rganlar\u0131n kimli\u011fini tespit etmek ve yakalamak i\u00e7in geni\u015f \u00e7apl\u0131 bir \u00e7al\u0131\u015fmaba\u015flatt\u0131. Kaynak: www.kanalv.com.tr Haber Sitesinden Al\u0131nm\u0131\u015ft\u0131r.\" \/>\n<meta property=\"og:url\" content=\"http:\/\/denizcankizil.tr\/uk\/haberler\/antalya\/antalyada-is-yerine-silahli-saldiri\/\" \/>\n<meta property=\"og:site_name\" content=\"Av. Deniz Can K\u0131z\u0131l\" \/>\n<meta property=\"article:published_time\" content=\"2025-02-07T07:42:13+00:00\" \/>\n<meta property=\"og:image\" content=\"http:\/\/denizcankizil.tr\/wp-content\/uploads\/2025\/02\/4517-01-3bGcCe.jpeg\" \/>\n\t<meta property=\"og:image:width\" content=\"1280\" \/>\n\t<meta property=\"og:image:height\" content=\"720\" \/>\n\t<meta property=\"og:image:type\" content=\"image\/jpeg\" \/>\n<meta name=\"author\" content=\"Av. Deniz Can K\u0131z\u0131l\" \/>\n<meta name=\"twitter:card\" content=\"summary_large_image\" \/>\n<meta name=\"twitter:label1\" content=\"\u041d\u0430\u043f\u0438\u0441\u0430\u043d\u043e\" \/>\n\t<meta name=\"twitter:data1\" content=\"Av. Deniz Can K\u0131z\u0131l\" \/>\n\t<meta name=\"twitter:label2\" content=\"\u041f\u0440\u0438\u0431\u043b. \u0447\u0430\u0441 \u0447\u0438\u0442\u0430\u043d\u043d\u044f\" \/>\n\t<meta name=\"twitter:data2\" content=\"1 \u0445\u0432\u0438\u043b\u0438\u043d\u0430\" \/>\n<script type=\"application\/ld+json\" class=\"yoast-schema-graph\">{\"@context\":\"https:\/\/schema.org\",\"@graph\":[{\"@type\":\"Article\",\"@id\":\"http:\/\/denizcankizil.tr\/uk\/haberler\/antalya\/antalyada-is-yerine-silahli-saldiri\/#article\",\"isPartOf\":{\"@id\":\"http:\/\/denizcankizil.tr\/uk\/haberler\/antalya\/antalyada-is-yerine-silahli-saldiri\/\"},\"author\":{\"name\":\"Av. Deniz Can K\u0131z\u0131l\",\"@id\":\"https:\/\/denizcankizil.tr\/de\/#\/schema\/person\/5dc1b22991bd7ac833867c10afc9b0ff\"},\"headline\":\"Antalya&#8217;da i\u015f yerine silahl\u0131 sald\u0131r\u0131\",\"datePublished\":\"2025-02-07T07:42:13+00:00\",\"mainEntityOfPage\":{\"@id\":\"http:\/\/denizcankizil.tr\/uk\/haberler\/antalya\/antalyada-is-yerine-silahli-saldiri\/\"},\"wordCount\":162,\"commentCount\":0,\"publisher\":{\"@id\":\"https:\/\/denizcankizil.tr\/de\/#organization\"},\"image\":{\"@id\":\"http:\/\/denizcankizil.tr\/uk\/haberler\/antalya\/antalyada-is-yerine-silahli-saldiri\/#primaryimage\"},\"thumbnailUrl\":\"http:\/\/denizcankizil.tr\/wp-content\/uploads\/2025\/02\/4517-01-3bGcCe.jpeg\",\"articleSection\":[\"Antalya\"],\"inLanguage\":\"uk\",\"potentialAction\":[{\"@type\":\"CommentAction\",\"name\":\"Comment\",\"target\":[\"http:\/\/denizcankizil.tr\/uk\/haberler\/antalya\/antalyada-is-yerine-silahli-saldiri\/#respond\"]}]},{\"@type\":\"WebPage\",\"@id\":\"http:\/\/denizcankizil.tr\/uk\/haberler\/antalya\/antalyada-is-yerine-silahli-saldiri\/\",\"url\":\"http:\/\/denizcankizil.tr\/uk\/haberler\/antalya\/antalyada-is-yerine-silahli-saldiri\/\",\"name\":\"Antalya'da i\u015f yerine silahl\u0131 sald\u0131r\u0131 - Av. Deniz Can K\u0131z\u0131l\",\"isPartOf\":{\"@id\":\"https:\/\/denizcankizil.tr\/de\/#website\"},\"primaryImageOfPage\":{\"@id\":\"http:\/\/denizcankizil.tr\/uk\/haberler\/antalya\/antalyada-is-yerine-silahli-saldiri\/#primaryimage\"},\"image\":{\"@id\":\"http:\/\/denizcankizil.tr\/uk\/haberler\/antalya\/antalyada-is-yerine-silahli-saldiri\/#primaryimage\"},\"thumbnailUrl\":\"http:\/\/denizcankizil.tr\/wp-content\/uploads\/2025\/02\/4517-01-3bGcCe.jpeg\",\"datePublished\":\"2025-02-07T07:42:13+00:00\",\"breadcrumb\":{\"@id\":\"http:\/\/denizcankizil.tr\/uk\/haberler\/antalya\/antalyada-is-yerine-silahli-saldiri\/#breadcrumb\"},\"inLanguage\":\"uk\",\"potentialAction\":[{\"@type\":\"ReadAction\",\"target\":[\"http:\/\/denizcankizil.tr\/uk\/haberler\/antalya\/antalyada-is-yerine-silahli-saldiri\/\"]}]},{\"@type\":\"ImageObject\",\"inLanguage\":\"uk\",\"@id\":\"http:\/\/denizcankizil.tr\/uk\/haberler\/antalya\/antalyada-is-yerine-silahli-saldiri\/#primaryimage\",\"url\":\"http:\/\/denizcankizil.tr\/wp-content\/uploads\/2025\/02\/4517-01-3bGcCe.jpeg\",\"contentUrl\":\"http:\/\/denizcankizil.tr\/wp-content\/uploads\/2025\/02\/4517-01-3bGcCe.jpeg\",\"width\":1280,\"height\":720},{\"@type\":\"BreadcrumbList\",\"@id\":\"http:\/\/denizcankizil.tr\/uk\/haberler\/antalya\/antalyada-is-yerine-silahli-saldiri\/#breadcrumb\",\"itemListElement\":[{\"@type\":\"ListItem\",\"position\":1,\"name\":\"Home\",\"item\":\"https:\/\/denizcankizil.tr\/de\/\"},{\"@type\":\"ListItem\",\"position\":2,\"name\":\"Antalya&#8217;da i\u015f yerine silahl\u0131 sald\u0131r\u0131\"}]},{\"@type\":\"WebSite\",\"@id\":\"https:\/\/denizcankizil.tr\/de\/#website\",\"url\":\"https:\/\/denizcankizil.tr\/de\/\",\"name\":\"Av. Deniz Can K\u0131z\u0131l\",\"description\":\"Avukat Deniz Can K\u0131z\u0131l Antalya Barosu\",\"publisher\":{\"@id\":\"https:\/\/denizcankizil.tr\/de\/#organization\"},\"potentialAction\":[{\"@type\":\"SearchAction\",\"target\":{\"@type\":\"EntryPoint\",\"urlTemplate\":\"https:\/\/denizcankizil.tr\/de\/?s={search_term_string}\"},\"query-input\":{\"@type\":\"PropertyValueSpecification\",\"valueRequired\":true,\"valueName\":\"search_term_string\"}}],\"inLanguage\":\"uk\"},{\"@type\":\"Organization\",\"@id\":\"https:\/\/denizcankizil.tr\/de\/#organization\",\"name\":\"Av. Deniz Can K\u0131z\u0131l\",\"url\":\"https:\/\/denizcankizil.tr\/de\/\",\"logo\":{\"@type\":\"ImageObject\",\"inLanguage\":\"uk\",\"@id\":\"https:\/\/denizcankizil.tr\/de\/#\/schema\/logo\/image\/\",\"url\":\"http:\/\/denizcankizil.tr\/wp-content\/uploads\/2024\/10\/siyah-logo-svg.svg\",\"contentUrl\":\"http:\/\/denizcankizil.tr\/wp-content\/uploads\/2024\/10\/siyah-logo-svg.svg\",\"width\":1080,\"height\":1080,\"caption\":\"Av. Deniz Can K\u0131z\u0131l\"},\"image\":{\"@id\":\"https:\/\/denizcankizil.tr\/de\/#\/schema\/logo\/image\/\"}},{\"@type\":\"Person\",\"@id\":\"https:\/\/denizcankizil.tr\/de\/#\/schema\/person\/5dc1b22991bd7ac833867c10afc9b0ff\",\"name\":\"Av. Deniz Can K\u0131z\u0131l\",\"image\":{\"@type\":\"ImageObject\",\"inLanguage\":\"uk\",\"@id\":\"https:\/\/denizcankizil.tr\/de\/#\/schema\/person\/image\/\",\"url\":\"https:\/\/secure.gravatar.com\/avatar\/a0b128fb9855c79efc976d5640eedb31dc35ec297594d6016d2cf7c60e975bb6?s=96&d=mm&r=g\",\"contentUrl\":\"https:\/\/secure.gravatar.com\/avatar\/a0b128fb9855c79efc976d5640eedb31dc35ec297594d6016d2cf7c60e975bb6?s=96&d=mm&r=g\",\"caption\":\"Av. Deniz Can K\u0131z\u0131l\"},\"sameAs\":[\"http:\/\/www.denizcankizil.tr\"],\"url\":\"http:\/\/denizcankizil.tr\/uk\/author\/denizcankizil\/\"}]}<\/script>\n<!-- \/ Yoast SEO Premium plugin. -->","yoast_head_json":{"title":"Antalya'da i\u015f yerine silahl\u0131 sald\u0131r\u0131 - Av. Deniz Can K\u0131z\u0131l","robots":{"index":"index","follow":"follow","max-snippet":"max-snippet:-1","max-image-preview":"max-image-preview:large","max-video-preview":"max-video-preview:-1"},"canonical":"http:\/\/denizcankizil.tr\/uk\/haberler\/antalya\/antalyada-is-yerine-silahli-saldiri\/","og_locale":"uk_UA","og_type":"article","og_title":"Antalya'da i\u015f yerine silahl\u0131 sald\u0131r\u0131","og_description":"Olay, saat 20.45 s\u0131ralar\u0131nda \u0130stiklal Mahallesi Atat\u00fcrk Caddesi \u00fczerinde meydana geldi. Edinilen bilgilere g\u00f6re, kap\u00fc\u015fonlu iki sald\u0131rgan, motosikletle i\u015f yerinin \u00f6n\u00fcne gelerek t\u00fcfekle 4 el ate\u015f a\u00e7t\u0131. Olayda herhangi bir yaralanma olmazken, t\u00fcfekten \u00e7\u0131kan kur\u015funlar i\u015f yerinin cam\u0131na ve \u00f6n\u00fcnde park halinde bulunan cipe isabet etti. Olay\u0131n ard\u0131ndan h\u0131zla ka\u00e7an \u015f\u00fcphelilerin D\u00f6rtyol mevkii y\u00f6n\u00fcne do\u011fru ilerledi\u011fi iddia edildi. \u00c7evredeki vatanda\u015flar\u0131n ihbar\u0131 \u00fczerine olay yerine \u00e7ok say\u0131da polis ekibi sevk edildi. Olay yeri inceleme ekipleri, sald\u0131r\u0131n\u0131n ger\u00e7ekle\u015fti\u011fi b\u00f6lgede geni\u015f \u00e7apl\u0131 ara\u015ft\u0131rma yaparken, yerde 4 bo\u015f kovan bulundu. \u0130\u015f yerinin g\u00fcvenlik kameralar\u0131 incelemeye al\u0131n\u0131rken, polis ekipleri sald\u0131rganlar\u0131n kimli\u011fini tespit etmek ve yakalamak i\u00e7in geni\u015f \u00e7apl\u0131 bir \u00e7al\u0131\u015fmaba\u015flatt\u0131. Kaynak: www.kanalv.com.tr Haber Sitesinden Al\u0131nm\u0131\u015ft\u0131r.","og_url":"http:\/\/denizcankizil.tr\/uk\/haberler\/antalya\/antalyada-is-yerine-silahli-saldiri\/","og_site_name":"Av. Deniz Can K\u0131z\u0131l","article_published_time":"2025-02-07T07:42:13+00:00","og_image":[{"width":1280,"height":720,"url":"http:\/\/denizcankizil.tr\/wp-content\/uploads\/2025\/02\/4517-01-3bGcCe.jpeg","type":"image\/jpeg"}],"author":"Av. Deniz Can K\u0131z\u0131l","twitter_card":"summary_large_image","twitter_misc":{"\u041d\u0430\u043f\u0438\u0441\u0430\u043d\u043e":"Av. Deniz Can K\u0131z\u0131l","\u041f\u0440\u0438\u0431\u043b. \u0447\u0430\u0441 \u0447\u0438\u0442\u0430\u043d\u043d\u044f":"1 \u0445\u0432\u0438\u043b\u0438\u043d\u0430"},"schema":{"@context":"https:\/\/schema.org","@graph":[{"@type":"Article","@id":"http:\/\/denizcankizil.tr\/uk\/haberler\/antalya\/antalyada-is-yerine-silahli-saldiri\/#article","isPartOf":{"@id":"http:\/\/denizcankizil.tr\/uk\/haberler\/antalya\/antalyada-is-yerine-silahli-saldiri\/"},"author":{"name":"Av. Deniz Can K\u0131z\u0131l","@id":"https:\/\/denizcankizil.tr\/de\/#\/schema\/person\/5dc1b22991bd7ac833867c10afc9b0ff"},"headline":"Antalya&#8217;da i\u015f yerine silahl\u0131 sald\u0131r\u0131","datePublished":"2025-02-07T07:42:13+00:00","mainEntityOfPage":{"@id":"http:\/\/denizcankizil.tr\/uk\/haberler\/antalya\/antalyada-is-yerine-silahli-saldiri\/"},"wordCount":162,"commentCount":0,"publisher":{"@id":"https:\/\/denizcankizil.tr\/de\/#organization"},"image":{"@id":"http:\/\/denizcankizil.tr\/uk\/haberler\/antalya\/antalyada-is-yerine-silahli-saldiri\/#primaryimage"},"thumbnailUrl":"http:\/\/denizcankizil.tr\/wp-content\/uploads\/2025\/02\/4517-01-3bGcCe.jpeg","articleSection":["Antalya"],"inLanguage":"uk","potentialAction":[{"@type":"CommentAction","name":"Comment","target":["http:\/\/denizcankizil.tr\/uk\/haberler\/antalya\/antalyada-is-yerine-silahli-saldiri\/#respond"]}]},{"@type":"WebPage","@id":"http:\/\/denizcankizil.tr\/uk\/haberler\/antalya\/antalyada-is-yerine-silahli-saldiri\/","url":"http:\/\/denizcankizil.tr\/uk\/haberler\/antalya\/antalyada-is-yerine-silahli-saldiri\/","name":"Antalya'da i\u015f yerine silahl\u0131 sald\u0131r\u0131 - Av. Deniz Can K\u0131z\u0131l","isPartOf":{"@id":"https:\/\/denizcankizil.tr\/de\/#website"},"primaryImageOfPage":{"@id":"http:\/\/denizcankizil.tr\/uk\/haberler\/antalya\/antalyada-is-yerine-silahli-saldiri\/#primaryimage"},"image":{"@id":"http:\/\/denizcankizil.tr\/uk\/haberler\/antalya\/antalyada-is-yerine-silahli-saldiri\/#primaryimage"},"thumbnailUrl":"http:\/\/denizcankizil.tr\/wp-content\/uploads\/2025\/02\/4517-01-3bGcCe.jpeg","datePublished":"2025-02-07T07:42:13+00:00","breadcrumb":{"@id":"http:\/\/denizcankizil.tr\/uk\/haberler\/antalya\/antalyada-is-yerine-silahli-saldiri\/#breadcrumb"},"inLanguage":"uk","potentialAction":[{"@type":"ReadAction","target":["http:\/\/denizcankizil.tr\/uk\/haberler\/antalya\/antalyada-is-yerine-silahli-saldiri\/"]}]},{"@type":"ImageObject","inLanguage":"uk","@id":"http:\/\/denizcankizil.tr\/uk\/haberler\/antalya\/antalyada-is-yerine-silahli-saldiri\/#primaryimage","url":"http:\/\/denizcankizil.tr\/wp-content\/uploads\/2025\/02\/4517-01-3bGcCe.jpeg","contentUrl":"http:\/\/denizcankizil.tr\/wp-content\/uploads\/2025\/02\/4517-01-3bGcCe.jpeg","width":1280,"height":720},{"@type":"BreadcrumbList","@id":"http:\/\/denizcankizil.tr\/uk\/haberler\/antalya\/antalyada-is-yerine-silahli-saldiri\/#breadcrumb","itemListElement":[{"@type":"ListItem","position":1,"name":"Home","item":"https:\/\/denizcankizil.tr\/de\/"},{"@type":"ListItem","position":2,"name":"Antalya&#8217;da i\u015f yerine silahl\u0131 sald\u0131r\u0131"}]},{"@type":"WebSite","@id":"https:\/\/denizcankizil.tr\/de\/#website","url":"https:\/\/denizcankizil.tr\/de\/","name":"Av. Deniz Can K\u0131z\u0131l","description":"Avukat Deniz Can K\u0131z\u0131l Antalya Barosu","publisher":{"@id":"https:\/\/denizcankizil.tr\/de\/#organization"},"potentialAction":[{"@type":"SearchAction","target":{"@type":"EntryPoint","urlTemplate":"https:\/\/denizcankizil.tr\/de\/?s={search_term_string}"},"query-input":{"@type":"PropertyValueSpecification","valueRequired":true,"valueName":"search_term_string"}}],"inLanguage":"uk"},{"@type":"Organization","@id":"https:\/\/denizcankizil.tr\/de\/#organization","name":"Av. Deniz Can K\u0131z\u0131l","url":"https:\/\/denizcankizil.tr\/de\/","logo":{"@type":"ImageObject","inLanguage":"uk","@id":"https:\/\/denizcankizil.tr\/de\/#\/schema\/logo\/image\/","url":"http:\/\/denizcankizil.tr\/wp-content\/uploads\/2024\/10\/siyah-logo-svg.svg","contentUrl":"http:\/\/denizcankizil.tr\/wp-content\/uploads\/2024\/10\/siyah-logo-svg.svg","width":1080,"height":1080,"caption":"Av. Deniz Can K\u0131z\u0131l"},"image":{"@id":"https:\/\/denizcankizil.tr\/de\/#\/schema\/logo\/image\/"}},{"@type":"Person","@id":"https:\/\/denizcankizil.tr\/de\/#\/schema\/person\/5dc1b22991bd7ac833867c10afc9b0ff","name":"Av. Deniz Can K\u0131z\u0131l","image":{"@type":"ImageObject","inLanguage":"uk","@id":"https:\/\/denizcankizil.tr\/de\/#\/schema\/person\/image\/","url":"https:\/\/secure.gravatar.com\/avatar\/a0b128fb9855c79efc976d5640eedb31dc35ec297594d6016d2cf7c60e975bb6?s=96&d=mm&r=g","contentUrl":"https:\/\/secure.gravatar.com\/avatar\/a0b128fb9855c79efc976d5640eedb31dc35ec297594d6016d2cf7c60e975bb6?s=96&d=mm&r=g","caption":"Av. Deniz Can K\u0131z\u0131l"},"sameAs":["http:\/\/www.denizcankizil.tr"],"url":"http:\/\/denizcankizil.tr\/uk\/author\/denizcankizil\/"}]}},"_links":{"self":[{"href":"http:\/\/denizcankizil.tr\/uk\/wp-json\/wp\/v2\/posts\/30910","targetHints":{"allow":["GET"]}}],"collection":[{"href":"http:\/\/denizcankizil.tr\/uk\/wp-json\/wp\/v2\/posts"}],"about":[{"href":"http:\/\/denizcankizil.tr\/uk\/wp-json\/wp\/v2\/types\/post"}],"author":[{"embeddable":true,"href":"http:\/\/denizcankizil.tr\/uk\/wp-json\/wp\/v2\/users\/4"}],"replies":[{"embeddable":true,"href":"http:\/\/denizcankizil.tr\/uk\/wp-json\/wp\/v2\/comments?post=30910"}],"version-history":[{"count":0,"href":"http:\/\/denizcankizil.tr\/uk\/wp-json\/wp\/v2\/posts\/30910\/revisions"}],"wp:featuredmedia":[{"embeddable":true,"href":"http:\/\/denizcankizil.tr\/uk\/wp-json\/wp\/v2\/media\/30911"}],"wp:attachment":[{"href":"http:\/\/denizcankizil.tr\/uk\/wp-json\/wp\/v2\/media?parent=30910"}],"wp:term":[{"taxonomy":"category","embeddable":true,"href":"http:\/\/denizcankizil.tr\/uk\/wp-json\/wp\/v2\/categories?post=30910"},{"taxonomy":"post_tag","embeddable":true,"href":"http:\/\/denizcankizil.tr\/uk\/wp-json\/wp\/v2\/tags?post=30910"}],"curies":[{"name":"wp","href":"https:\/\/api.w.org\/{rel}","templated":true}]}}