{"id":30659,"date":"2025-02-06T12:42:07","date_gmt":"2025-02-06T09:42:07","guid":{"rendered":"https:\/\/denizcankizil.tr\/uncategorized-tr\/antalyanin-trafik-sorununa-yeni-cozum-15-dakikalik-sehir-modeli\/"},"modified":"2025-02-06T12:42:07","modified_gmt":"2025-02-06T09:42:07","slug":"antalyanin-trafik-sorununa-yeni-cozum-15-dakikalik-sehir-modeli","status":"publish","type":"post","link":"http:\/\/denizcankizil.tr\/uk\/haberler\/gundem\/antalyanin-trafik-sorununa-yeni-cozum-15-dakikalik-sehir-modeli\/","title":{"rendered":"Antalya\u2019n\u0131n trafik sorununa yeni \u00e7\u00f6z\u00fcm: 15 dakikal\u0131k \u015fehir modeli"},"content":{"rendered":"<p>\u015eehir planc\u0131s\u0131 Dr. Ebru Manavo\u011flu, Antalya&#8217;da artan ula\u015f\u0131m sorunlar\u0131na dikkati \u00e7ekerek, bireysel ara\u00e7 kullan\u0131m\u0131n\u0131n azalt\u0131lmas\u0131na y\u00f6nelik stratejiler olu\u015fturulup, yaya ve bisiklet yollar\u0131n\u0131n artt\u0131r\u0131lmas\u0131 gerekti\u011fini s\u00f6yledi. Manavo\u011flu, d\u00fcnyada bir\u00e7ok kentte uygulanan &#8217;15 Dakikal\u0131k \u015eehir&#8217; konseptinin Antalya&#8217;da nas\u0131l uygulanabilece\u011fini de\u011ferlendirdi.<\/p>\n<p>TRAF\u0130K SORUNU HER GE\u00c7EN DAHA DER\u0130NLE\u015e\u0130YOR\u00a0<\/p>\n<p>\u015eehir planc\u0131s\u0131 Dr. Ebru Manavo\u011flu, d\u00fcnya genelinde n\u00fcfus art\u0131\u015f\u0131 ve g\u00f6\u00e7 hareketlili\u011fiyle birlikte kentlerde ula\u015f\u0131m\u0131n giderek b\u00fcy\u00fcyen bir sorun haline geldi\u011fini belirtti. Kent planlamas\u0131nda al\u0131nan yap\u0131la\u015fma kararlar\u0131n\u0131n ayn\u0131 zamanda ula\u015f\u0131m\u0131 ve insanlar\u0131n ya\u015fam kalitesini de do\u011frudan etkiledi\u011fini vurgulayan Manavo\u011flu, kentte yaya hareketlili\u011fini ve toplu ta\u015f\u0131may\u0131 geli\u015ftirecek s\u00fcrd\u00fcr\u00fclebilir ula\u015f\u0131m sistemlerinin olu\u015fturulmas\u0131 gerekti\u011fini belirtti. Manavo\u011flu, &#8220;D\u00fcnya Sa\u011fl\u0131k \u00d6rg\u00fct\u00fc&#8217;n\u00fcn verilerine g\u00f6re fiziksel olarak aktif olman\u0131n sa\u011fl\u0131k, sosyal ve ekonomik a\u00e7\u0131dan bir\u00e7ok faydas\u0131 bulunmaktad\u0131r. Planlamada kentsel hareketlili\u011fi te\u015fvik eden uygulamalar; obezite, ya\u015fl\u0131larda yaln\u0131zl\u0131k, stres gibi bir\u00e7ok sa\u011fl\u0131k sorununun tedavisine yard\u0131mc\u0131 olmaktad\u0131r. Bununla birlikte, sosyal etkile\u015fimin g\u00fc\u00e7lendirilerek kom\u015fuluk ili\u015fkilerinin geli\u015ftirilmesine, sa\u011fl\u0131kl\u0131 bir toplum olu\u015fturularak ya\u015fam s\u00fcresinin uzamas\u0131na, daha ya\u015fanabilir, g\u00fcvenli ve eri\u015filebilir bir kent olmaya katk\u0131 sa\u011flamaktad\u0131r&#8221; diye konu\u015ftu.\u00a0<\/p>\n<p>ARA\u00c7 SAYISINDAK\u0130 ARTI\u015e \u00a0<\/p>\n<p>Bu kapsamda s\u00fcrd\u00fcr\u00fclebilir ula\u015f\u0131m sistemlerin \u00f6nemini vurgulayan Manavo\u011flu, kent sakinlerinin temel ihtiya\u00e7lar\u0131na y\u00fcr\u00fcyerek ya da bisikletle 15 dakikada ula\u015fabildi\u011fi &#8217;15 Dakikal\u0131k \u015eehir&#8217; konseptinin yaya \u00f6ncelikli hareketlili\u011fi te\u015fvik eden bir strateji oldu\u011funu aktard\u0131. Antalya&#8217;da bireysel ara\u00e7 kullan\u0131m\u0131n\u0131n artt\u0131\u011f\u0131n\u0131 ve bunun ula\u015f\u0131m\u0131 zorla\u015ft\u0131rd\u0131\u011f\u0131n\u0131 belirten Manavo\u011flu, &#8220;En son 2017 y\u0131l\u0131nda yay\u0131nlanan, Antalya Ula\u015f\u0131m Plan\u0131 Y\u00f6netici \u00d6zeti Raporu&#8217;na g\u00f6re, Konyaalt\u0131 ve D\u00f6\u015femealt\u0131 il\u00e7elerinde ya\u015fayanlar\u0131n y\u00fczde 80&#8217;i ula\u015f\u0131m\u0131n\u0131 ara\u00e7la sa\u011fl\u0131yor. Merkez b\u00f6lgesinde ara\u00e7l\u0131 yolculuk oran\u0131 y\u00fczde 72&#8217;ye ula\u015ft\u0131. Raporda, bu yolculuklar i\u00e7in hi\u00e7bir \u00f6neri geli\u015ftirilmedi\u011fi takdirde yaya hareketlili\u011finin y\u00fczde 26&#8217;dan y\u00fczde 20&#8217;ye d\u00fc\u015fece\u011fi, \u00f6zel oto yolculuklar\u0131n\u0131n ise y\u00fczde 33&#8217;ten y\u00fczde 43&#8217;e \u00e7\u0131karak, ula\u015f\u0131m d\u00fczeninde g\u00fcn ge\u00e7tikte \u00f6zel otoyu te\u015fvik eden bir uygulamaya d\u00f6n\u00fc\u015fme e\u011filimi oldu\u011funa dikkat \u00e7ekiliyor&#8221; dedi.<\/p>\n<p>\u201cULA\u015eIM STRATEJ\u0130LER\u0130NE \u0130HT\u0130YA\u00c7 VAR\u201d<\/p>\n<p>Kas\u0131m ay\u0131ndan itibaren bir ayda motorlu kara ta\u015f\u0131tlar\u0131 say\u0131s\u0131n\u0131n 11 bin 171 artt\u0131\u011f\u0131n\u0131 ve bir senede bu rakam\u0131n 122 bin 270 oldu\u011funu aktaran Manavo\u011flu, &#8220;T\u00dc\u0130K verilerine g\u00f6re, Aral\u0131k 2024 itibar\u0131yla kentteki motorlu ta\u015f\u0131t say\u0131s\u0131 1 milyon 571 bin 626&#8217;ya y\u00fckseldi. Son bir y\u0131lda ta\u015f\u0131t say\u0131s\u0131nda yakla\u015f\u0131k y\u00fczde 8&#8217;lik bir art\u0131\u015f ya\u015fand\u0131&#8221; diye konu\u015ftu. Bu verilerin, kentte otomobil ba\u011f\u0131ml\u0131l\u0131\u011f\u0131n\u0131n artt\u0131\u011f\u0131n\u0131 g\u00f6sterdi\u011fini ifade eden Manavo\u011flu, &#8220;Bir turizm kenti olan Antalya&#8217;n\u0131n trafik s\u0131k\u0131\u015f\u0131kl\u0131\u011f\u0131n\u0131 \u00f6nleyecek s\u00fcrd\u00fcr\u00fclebilir ula\u015f\u0131m stratejilerine ihtiya\u00e7 var; veriler de bunu do\u011fruluyor. Antalya ili g\u00fcn\u00fcm\u00fczde ta\u015f\u0131t say\u0131s\u0131 ile \u0130stanbul, Ankara, \u0130zmir&#8217;den sonra 4. s\u0131rada yer al\u0131yor. Bu nedenle s\u00fcrd\u00fcr\u00fclebilir ula\u015f\u0131m politikalar\u0131na ihtiyac\u0131m\u0131z var&#8221; diye konu\u015ftu.<\/p>\n<p>15 DAK\u0130KALIK \u015eEH\u0130R MODEL\u0130<\/p>\n<p>&#8217;15 Dakikal\u0131k \u015eehir&#8217; konseptinin, bireylerin y\u00fcr\u00fcyerek, bisikletle veya toplu ta\u015f\u0131mayla temel ihtiya\u00e7lar\u0131n\u0131 kar\u015f\u0131layabilecekleri bir model oldu\u011funu belirten Manavo\u011flu, &#8220;Paris belediye ba\u015fkan\u0131n\u0131n se\u00e7im vaadi olarak g\u00fcndeme gelen &#8217;15 Dakikal\u0131k \u015eehir&#8217; konsepti, kentsel planlamada arazi kullan\u0131m\u0131 kararlar\u0131nda eri\u015filebilirlik kriterlerinin \u00f6nemine dikkati \u00e7eken ve yaya \u00f6ncelikli hareketlili\u011fi te\u015fvik eden bir di\u011fer strateji olarak kar\u015f\u0131m\u0131za \u00e7\u0131k\u0131yor. Bu model, kent sakinlerinin otomobile ba\u011f\u0131ml\u0131 olmadan sa\u011fl\u0131k, e\u011fitim, al\u0131\u015fveri\u015f ve sosyal aktivitelere ula\u015fmas\u0131n\u0131 hedefliyor. Ula\u015f\u0131m s\u00fcrelerini k\u0131saltarak daha verimli bir kent ya\u015fam\u0131 sunuyor&#8221; dedi.<\/p>\n<p>\u201cYAYA HAREKETL\u0130L\u0130\u011e\u0130N\u0130 ARTIRMALI\u201d<\/p>\n<p>S\u00fcrd\u00fcr\u00fclebilir ula\u015f\u0131m sistemlerinin sa\u011fl\u0131kl\u0131 kentleri, sa\u011fl\u0131kl\u0131 kentlerin ise ya\u015fam kalitesi y\u00fcksek toplumlar\u0131 olu\u015fturdu\u011funu s\u00f6yleyen \u015fehir planc\u0131s\u0131 Dr. Ebru Manavo\u011flu, &#8220;Antalya gibi h\u0131zl\u0131 b\u00fcy\u00fcyen bir kentte, ula\u015f\u0131m sistemimizin g\u00fcvenli, eri\u015filebilir ve s\u00fcrd\u00fcr\u00fclebilir hale getirilmesi gerekiyor. Yaya hareketlili\u011fini art\u0131rmal\u0131, bisiklet yollar\u0131n\u0131 yayg\u0131nla\u015ft\u0131rmal\u0131 ve toplu ta\u015f\u0131may\u0131 te\u015fvik etmeliyiz. Daha b\u00fct\u00fcnc\u00fcl, g\u00fcvenli ve s\u00fcrd\u00fcr\u00fclebilir bir ula\u015f\u0131m sisteminin kent planlama kararlar\u0131yla birlikte olu\u015fturulmas\u0131 gerekiyor. Kent sakinleri olarak, y\u00f6neticilerden kesintisiz ve g\u00fcvenli y\u00fcr\u00fcy\u00fc\u015f ve bisiklet yollar\u0131 talep etmeliyiz&#8221; dedi.<\/p>\n<p>\u00a0<\/p>\n<p>\u200b\u015eehir planc\u0131s\u0131 Dr. Ebru Manavo\u011flu, Antalya&#8217;n\u0131n kanayan yaras\u0131 olan ula\u015f\u0131m sorununa dikkat \u00e7ekti. Manavo\u011flu, \u201c15 dakikal\u0131k \u015fehir konsepti, kentsel planlamada arazi kullan\u0131m\u0131 kararlar\u0131nda eri\u015filebilirlik kriterlerinin \u00f6nemine dikkati \u00e7eken ve yaya \u00f6ncelikli hareketlili\u011fi te\u015fvik eden bir di\u011fer strateji olarak kar\u015f\u0131m\u0131za \u00e7\u0131k\u0131yor. Bu model, ula\u015f\u0131m s\u00fcrelerini k\u0131saltarak daha verimli bir kent ya\u015fam\u0131 sunuyor\u201d dedi.\u00a0<\/p>\n<p>\u200bHaberin Al\u0131nt\u0131land\u0131\u011f\u0131 Kaynak: www.antalyakorfez.com<\/p>","protected":false},"excerpt":{"rendered":"<p>\u015eehir planc\u0131s\u0131 Dr. Ebru Manavo\u011flu, Antalya&#8217;da artan ula\u015f\u0131m sorunlar\u0131na dikkati \u00e7ekerek, bireysel ara\u00e7 kullan\u0131m\u0131n\u0131n azalt\u0131lmas\u0131na y\u00f6nelik stratejiler olu\u015fturulup, yaya ve bisiklet yollar\u0131n\u0131n artt\u0131r\u0131lmas\u0131 gerekti\u011fini s\u00f6yledi. Manavo\u011flu, d\u00fcnyada bir\u00e7ok kentte uygulanan &#8217;15 Dakikal\u0131k \u015eehir&#8217; konseptinin Antalya&#8217;da nas\u0131l uygulanabilece\u011fini de\u011ferlendirdi. TRAF\u0130K SORUNU HER GE\u00c7EN DAHA DER\u0130NLE\u015e\u0130YOR\u00a0 \u015eehir planc\u0131s\u0131 Dr. Ebru Manavo\u011flu, d\u00fcnya genelinde n\u00fcfus art\u0131\u015f\u0131 ve g\u00f6\u00e7 hareketlili\u011fiyle birlikte kentlerde ula\u015f\u0131m\u0131n giderek b\u00fcy\u00fcyen bir sorun haline geldi\u011fini belirtti. Kent planlamas\u0131nda al\u0131nan yap\u0131la\u015fma kararlar\u0131n\u0131n ayn\u0131 zamanda ula\u015f\u0131m\u0131 ve insanlar\u0131n ya\u015fam kalitesini de do\u011frudan etkiledi\u011fini vurgulayan Manavo\u011flu, kentte yaya hareketlili\u011fini ve toplu ta\u015f\u0131may\u0131 geli\u015ftirecek s\u00fcrd\u00fcr\u00fclebilir ula\u015f\u0131m sistemlerinin olu\u015fturulmas\u0131 gerekti\u011fini belirtti. Manavo\u011flu, &#8220;D\u00fcnya Sa\u011fl\u0131k \u00d6rg\u00fct\u00fc&#8217;n\u00fcn verilerine g\u00f6re fiziksel olarak aktif olman\u0131n sa\u011fl\u0131k, sosyal ve ekonomik a\u00e7\u0131dan bir\u00e7ok faydas\u0131 bulunmaktad\u0131r. Planlamada kentsel hareketlili\u011fi te\u015fvik eden uygulamalar; obezite, ya\u015fl\u0131larda yaln\u0131zl\u0131k, stres gibi bir\u00e7ok sa\u011fl\u0131k sorununun tedavisine yard\u0131mc\u0131 olmaktad\u0131r. Bununla birlikte, sosyal etkile\u015fimin g\u00fc\u00e7lendirilerek kom\u015fuluk ili\u015fkilerinin geli\u015ftirilmesine, sa\u011fl\u0131kl\u0131 bir toplum olu\u015fturularak ya\u015fam s\u00fcresinin uzamas\u0131na, daha ya\u015fanabilir, g\u00fcvenli ve eri\u015filebilir bir kent olmaya katk\u0131 sa\u011flamaktad\u0131r&#8221; diye konu\u015ftu.\u00a0 ARA\u00c7 SAYISINDAK\u0130 ARTI\u015e \u00a0 Bu kapsamda s\u00fcrd\u00fcr\u00fclebilir ula\u015f\u0131m sistemlerin \u00f6nemini vurgulayan Manavo\u011flu, kent sakinlerinin temel ihtiya\u00e7lar\u0131na y\u00fcr\u00fcyerek ya da bisikletle 15 dakikada ula\u015fabildi\u011fi &#8217;15 Dakikal\u0131k \u015eehir&#8217; konseptinin yaya \u00f6ncelikli hareketlili\u011fi te\u015fvik eden bir strateji oldu\u011funu aktard\u0131. Antalya&#8217;da bireysel ara\u00e7 kullan\u0131m\u0131n\u0131n artt\u0131\u011f\u0131n\u0131 ve &hellip;<\/p>","protected":false},"author":5,"featured_media":0,"comment_status":"open","ping_status":"open","sticky":false,"template":"","format":"standard","meta":{"_acf_changed":false,"footnotes":""},"categories":[24],"tags":[],"class_list":["post-30659","post","type-post","status-publish","format-standard","has-post-thumbnail","hentry","category-gundem"],"acf":[],"yoast_head":"<!-- This site is optimized with the Yoast SEO Premium plugin v26.6 (Yoast SEO v27.1.1) - https:\/\/yoast.com\/product\/yoast-seo-premium-wordpress\/ -->\n<title>Antalya\u2019n\u0131n trafik sorununa yeni \u00e7\u00f6z\u00fcm: 15 dakikal\u0131k \u015fehir modeli - Av. Deniz Can K\u0131z\u0131l<\/title>\n<meta name=\"robots\" content=\"index, follow, max-snippet:-1, max-image-preview:large, max-video-preview:-1\" \/>\n<link rel=\"canonical\" href=\"http:\/\/denizcankizil.tr\/uk\/haberler\/gundem\/antalyanin-trafik-sorununa-yeni-cozum-15-dakikalik-sehir-modeli\/\" \/>\n<meta property=\"og:locale\" content=\"uk_UA\" \/>\n<meta property=\"og:type\" content=\"article\" \/>\n<meta property=\"og:title\" content=\"Antalya\u2019n\u0131n trafik sorununa yeni \u00e7\u00f6z\u00fcm: 15 dakikal\u0131k \u015fehir modeli\" \/>\n<meta property=\"og:description\" content=\"\u015eehir planc\u0131s\u0131 Dr. Ebru Manavo\u011flu, Antalya&#8217;da artan ula\u015f\u0131m sorunlar\u0131na dikkati \u00e7ekerek, bireysel ara\u00e7 kullan\u0131m\u0131n\u0131n azalt\u0131lmas\u0131na y\u00f6nelik stratejiler olu\u015fturulup, yaya ve bisiklet yollar\u0131n\u0131n artt\u0131r\u0131lmas\u0131 gerekti\u011fini s\u00f6yledi. Manavo\u011flu, d\u00fcnyada bir\u00e7ok kentte uygulanan &#8217;15 Dakikal\u0131k \u015eehir&#8217; konseptinin Antalya&#8217;da nas\u0131l uygulanabilece\u011fini de\u011ferlendirdi. TRAF\u0130K SORUNU HER GE\u00c7EN DAHA DER\u0130NLE\u015e\u0130YOR\u00a0 \u015eehir planc\u0131s\u0131 Dr. Ebru Manavo\u011flu, d\u00fcnya genelinde n\u00fcfus art\u0131\u015f\u0131 ve g\u00f6\u00e7 hareketlili\u011fiyle birlikte kentlerde ula\u015f\u0131m\u0131n giderek b\u00fcy\u00fcyen bir sorun haline geldi\u011fini belirtti. Kent planlamas\u0131nda al\u0131nan yap\u0131la\u015fma kararlar\u0131n\u0131n ayn\u0131 zamanda ula\u015f\u0131m\u0131 ve insanlar\u0131n ya\u015fam kalitesini de do\u011frudan etkiledi\u011fini vurgulayan Manavo\u011flu, kentte yaya hareketlili\u011fini ve toplu ta\u015f\u0131may\u0131 geli\u015ftirecek s\u00fcrd\u00fcr\u00fclebilir ula\u015f\u0131m sistemlerinin olu\u015fturulmas\u0131 gerekti\u011fini belirtti. Manavo\u011flu, &#8220;D\u00fcnya Sa\u011fl\u0131k \u00d6rg\u00fct\u00fc&#8217;n\u00fcn verilerine g\u00f6re fiziksel olarak aktif olman\u0131n sa\u011fl\u0131k, sosyal ve ekonomik a\u00e7\u0131dan bir\u00e7ok faydas\u0131 bulunmaktad\u0131r. Planlamada kentsel hareketlili\u011fi te\u015fvik eden uygulamalar; obezite, ya\u015fl\u0131larda yaln\u0131zl\u0131k, stres gibi bir\u00e7ok sa\u011fl\u0131k sorununun tedavisine yard\u0131mc\u0131 olmaktad\u0131r. Bununla birlikte, sosyal etkile\u015fimin g\u00fc\u00e7lendirilerek kom\u015fuluk ili\u015fkilerinin geli\u015ftirilmesine, sa\u011fl\u0131kl\u0131 bir toplum olu\u015fturularak ya\u015fam s\u00fcresinin uzamas\u0131na, daha ya\u015fanabilir, g\u00fcvenli ve eri\u015filebilir bir kent olmaya katk\u0131 sa\u011flamaktad\u0131r&#8221; diye konu\u015ftu.\u00a0 ARA\u00c7 SAYISINDAK\u0130 ARTI\u015e \u00a0 Bu kapsamda s\u00fcrd\u00fcr\u00fclebilir ula\u015f\u0131m sistemlerin \u00f6nemini vurgulayan Manavo\u011flu, kent sakinlerinin temel ihtiya\u00e7lar\u0131na y\u00fcr\u00fcyerek ya da bisikletle 15 dakikada ula\u015fabildi\u011fi &#8217;15 Dakikal\u0131k \u015eehir&#8217; konseptinin yaya \u00f6ncelikli hareketlili\u011fi te\u015fvik eden bir strateji oldu\u011funu aktard\u0131. Antalya&#8217;da bireysel ara\u00e7 kullan\u0131m\u0131n\u0131n artt\u0131\u011f\u0131n\u0131 ve &hellip;\" \/>\n<meta property=\"og:url\" content=\"http:\/\/denizcankizil.tr\/uk\/haberler\/gundem\/antalyanin-trafik-sorununa-yeni-cozum-15-dakikalik-sehir-modeli\/\" \/>\n<meta property=\"og:site_name\" content=\"Av. Deniz Can K\u0131z\u0131l\" \/>\n<meta property=\"article:published_time\" content=\"2025-02-06T09:42:07+00:00\" \/>\n<meta name=\"author\" content=\"Antalya K\u00f6rfez\" \/>\n<meta name=\"twitter:card\" content=\"summary_large_image\" \/>\n<meta name=\"twitter:label1\" content=\"\u041d\u0430\u043f\u0438\u0441\u0430\u043d\u043e\" \/>\n\t<meta name=\"twitter:data1\" content=\"Antalya K\u00f6rfez\" \/>\n\t<meta name=\"twitter:label2\" content=\"\u041f\u0440\u0438\u0431\u043b. \u0447\u0430\u0441 \u0447\u0438\u0442\u0430\u043d\u043d\u044f\" \/>\n\t<meta name=\"twitter:data2\" content=\"5 \u0445\u0432\u0438\u043b\u0438\u043d\" \/>\n<script type=\"application\/ld+json\" class=\"yoast-schema-graph\">{\"@context\":\"https:\/\/schema.org\",\"@graph\":[{\"@type\":\"Article\",\"@id\":\"http:\/\/denizcankizil.tr\/uk\/haberler\/gundem\/antalyanin-trafik-sorununa-yeni-cozum-15-dakikalik-sehir-modeli\/#article\",\"isPartOf\":{\"@id\":\"http:\/\/denizcankizil.tr\/uk\/haberler\/gundem\/antalyanin-trafik-sorununa-yeni-cozum-15-dakikalik-sehir-modeli\/\"},\"author\":{\"name\":\"Antalya K\u00f6rfez\",\"@id\":\"https:\/\/denizcankizil.tr\/de\/#\/schema\/person\/e1eb71bb4dd684d46563f0af307e1234\"},\"headline\":\"Antalya\u2019n\u0131n trafik sorununa yeni \u00e7\u00f6z\u00fcm: 15 dakikal\u0131k \u015fehir modeli\",\"datePublished\":\"2025-02-06T09:42:07+00:00\",\"mainEntityOfPage\":{\"@id\":\"http:\/\/denizcankizil.tr\/uk\/haberler\/gundem\/antalyanin-trafik-sorununa-yeni-cozum-15-dakikalik-sehir-modeli\/\"},\"wordCount\":933,\"commentCount\":0,\"publisher\":{\"@id\":\"https:\/\/denizcankizil.tr\/de\/#organization\"},\"articleSection\":[\"G\u00fcndem\"],\"inLanguage\":\"uk\",\"potentialAction\":[{\"@type\":\"CommentAction\",\"name\":\"Comment\",\"target\":[\"http:\/\/denizcankizil.tr\/uk\/haberler\/gundem\/antalyanin-trafik-sorununa-yeni-cozum-15-dakikalik-sehir-modeli\/#respond\"]}]},{\"@type\":\"WebPage\",\"@id\":\"http:\/\/denizcankizil.tr\/uk\/haberler\/gundem\/antalyanin-trafik-sorununa-yeni-cozum-15-dakikalik-sehir-modeli\/\",\"url\":\"http:\/\/denizcankizil.tr\/uk\/haberler\/gundem\/antalyanin-trafik-sorununa-yeni-cozum-15-dakikalik-sehir-modeli\/\",\"name\":\"Antalya\u2019n\u0131n trafik sorununa yeni \u00e7\u00f6z\u00fcm: 15 dakikal\u0131k \u015fehir modeli - Av. Deniz Can K\u0131z\u0131l\",\"isPartOf\":{\"@id\":\"https:\/\/denizcankizil.tr\/de\/#website\"},\"datePublished\":\"2025-02-06T09:42:07+00:00\",\"breadcrumb\":{\"@id\":\"http:\/\/denizcankizil.tr\/uk\/haberler\/gundem\/antalyanin-trafik-sorununa-yeni-cozum-15-dakikalik-sehir-modeli\/#breadcrumb\"},\"inLanguage\":\"uk\",\"potentialAction\":[{\"@type\":\"ReadAction\",\"target\":[\"http:\/\/denizcankizil.tr\/uk\/haberler\/gundem\/antalyanin-trafik-sorununa-yeni-cozum-15-dakikalik-sehir-modeli\/\"]}]},{\"@type\":\"BreadcrumbList\",\"@id\":\"http:\/\/denizcankizil.tr\/uk\/haberler\/gundem\/antalyanin-trafik-sorununa-yeni-cozum-15-dakikalik-sehir-modeli\/#breadcrumb\",\"itemListElement\":[{\"@type\":\"ListItem\",\"position\":1,\"name\":\"Home\",\"item\":\"https:\/\/denizcankizil.tr\/de\/\"},{\"@type\":\"ListItem\",\"position\":2,\"name\":\"Antalya\u2019n\u0131n trafik sorununa yeni \u00e7\u00f6z\u00fcm: 15 dakikal\u0131k \u015fehir modeli\"}]},{\"@type\":\"WebSite\",\"@id\":\"https:\/\/denizcankizil.tr\/de\/#website\",\"url\":\"https:\/\/denizcankizil.tr\/de\/\",\"name\":\"Av. Deniz Can K\u0131z\u0131l\",\"description\":\"Avukat Deniz Can K\u0131z\u0131l Antalya Barosu\",\"publisher\":{\"@id\":\"https:\/\/denizcankizil.tr\/de\/#organization\"},\"potentialAction\":[{\"@type\":\"SearchAction\",\"target\":{\"@type\":\"EntryPoint\",\"urlTemplate\":\"https:\/\/denizcankizil.tr\/de\/?s={search_term_string}\"},\"query-input\":{\"@type\":\"PropertyValueSpecification\",\"valueRequired\":true,\"valueName\":\"search_term_string\"}}],\"inLanguage\":\"uk\"},{\"@type\":\"Organization\",\"@id\":\"https:\/\/denizcankizil.tr\/de\/#organization\",\"name\":\"Av. Deniz Can K\u0131z\u0131l\",\"url\":\"https:\/\/denizcankizil.tr\/de\/\",\"logo\":{\"@type\":\"ImageObject\",\"inLanguage\":\"uk\",\"@id\":\"https:\/\/denizcankizil.tr\/de\/#\/schema\/logo\/image\/\",\"url\":\"http:\/\/denizcankizil.tr\/wp-content\/uploads\/2024\/10\/siyah-logo-svg.svg\",\"contentUrl\":\"http:\/\/denizcankizil.tr\/wp-content\/uploads\/2024\/10\/siyah-logo-svg.svg\",\"width\":1080,\"height\":1080,\"caption\":\"Av. Deniz Can K\u0131z\u0131l\"},\"image\":{\"@id\":\"https:\/\/denizcankizil.tr\/de\/#\/schema\/logo\/image\/\"}},{\"@type\":\"Person\",\"@id\":\"https:\/\/denizcankizil.tr\/de\/#\/schema\/person\/e1eb71bb4dd684d46563f0af307e1234\",\"name\":\"Antalya K\u00f6rfez\",\"image\":{\"@type\":\"ImageObject\",\"inLanguage\":\"uk\",\"@id\":\"https:\/\/denizcankizil.tr\/de\/#\/schema\/person\/image\/\",\"url\":\"https:\/\/secure.gravatar.com\/avatar\/42b01982558a48a0b501fdcab6a408d3717ea5919095ee2e67b0e521799c5905?s=96&d=mm&r=g\",\"contentUrl\":\"https:\/\/secure.gravatar.com\/avatar\/42b01982558a48a0b501fdcab6a408d3717ea5919095ee2e67b0e521799c5905?s=96&d=mm&r=g\",\"caption\":\"Antalya K\u00f6rfez\"},\"sameAs\":[\"http:\/\/www.antalyakorfez.com\"],\"url\":\"https:\/\/www.antalyakorfez.com\/antalyanin-trafik-sorununa-yeni-cozum-15-dakikalik-sehir-modeli\"}]}<\/script>\n<!-- \/ Yoast SEO Premium plugin. -->","yoast_head_json":{"title":"Antalya\u2019n\u0131n trafik sorununa yeni \u00e7\u00f6z\u00fcm: 15 dakikal\u0131k \u015fehir modeli - Av. Deniz Can K\u0131z\u0131l","robots":{"index":"index","follow":"follow","max-snippet":"max-snippet:-1","max-image-preview":"max-image-preview:large","max-video-preview":"max-video-preview:-1"},"canonical":"http:\/\/denizcankizil.tr\/uk\/haberler\/gundem\/antalyanin-trafik-sorununa-yeni-cozum-15-dakikalik-sehir-modeli\/","og_locale":"uk_UA","og_type":"article","og_title":"Antalya\u2019n\u0131n trafik sorununa yeni \u00e7\u00f6z\u00fcm: 15 dakikal\u0131k \u015fehir modeli","og_description":"\u015eehir planc\u0131s\u0131 Dr. Ebru Manavo\u011flu, Antalya&#8217;da artan ula\u015f\u0131m sorunlar\u0131na dikkati \u00e7ekerek, bireysel ara\u00e7 kullan\u0131m\u0131n\u0131n azalt\u0131lmas\u0131na y\u00f6nelik stratejiler olu\u015fturulup, yaya ve bisiklet yollar\u0131n\u0131n artt\u0131r\u0131lmas\u0131 gerekti\u011fini s\u00f6yledi. Manavo\u011flu, d\u00fcnyada bir\u00e7ok kentte uygulanan &#8217;15 Dakikal\u0131k \u015eehir&#8217; konseptinin Antalya&#8217;da nas\u0131l uygulanabilece\u011fini de\u011ferlendirdi. TRAF\u0130K SORUNU HER GE\u00c7EN DAHA DER\u0130NLE\u015e\u0130YOR\u00a0 \u015eehir planc\u0131s\u0131 Dr. Ebru Manavo\u011flu, d\u00fcnya genelinde n\u00fcfus art\u0131\u015f\u0131 ve g\u00f6\u00e7 hareketlili\u011fiyle birlikte kentlerde ula\u015f\u0131m\u0131n giderek b\u00fcy\u00fcyen bir sorun haline geldi\u011fini belirtti. Kent planlamas\u0131nda al\u0131nan yap\u0131la\u015fma kararlar\u0131n\u0131n ayn\u0131 zamanda ula\u015f\u0131m\u0131 ve insanlar\u0131n ya\u015fam kalitesini de do\u011frudan etkiledi\u011fini vurgulayan Manavo\u011flu, kentte yaya hareketlili\u011fini ve toplu ta\u015f\u0131may\u0131 geli\u015ftirecek s\u00fcrd\u00fcr\u00fclebilir ula\u015f\u0131m sistemlerinin olu\u015fturulmas\u0131 gerekti\u011fini belirtti. Manavo\u011flu, &#8220;D\u00fcnya Sa\u011fl\u0131k \u00d6rg\u00fct\u00fc&#8217;n\u00fcn verilerine g\u00f6re fiziksel olarak aktif olman\u0131n sa\u011fl\u0131k, sosyal ve ekonomik a\u00e7\u0131dan bir\u00e7ok faydas\u0131 bulunmaktad\u0131r. Planlamada kentsel hareketlili\u011fi te\u015fvik eden uygulamalar; obezite, ya\u015fl\u0131larda yaln\u0131zl\u0131k, stres gibi bir\u00e7ok sa\u011fl\u0131k sorununun tedavisine yard\u0131mc\u0131 olmaktad\u0131r. Bununla birlikte, sosyal etkile\u015fimin g\u00fc\u00e7lendirilerek kom\u015fuluk ili\u015fkilerinin geli\u015ftirilmesine, sa\u011fl\u0131kl\u0131 bir toplum olu\u015fturularak ya\u015fam s\u00fcresinin uzamas\u0131na, daha ya\u015fanabilir, g\u00fcvenli ve eri\u015filebilir bir kent olmaya katk\u0131 sa\u011flamaktad\u0131r&#8221; diye konu\u015ftu.\u00a0 ARA\u00c7 SAYISINDAK\u0130 ARTI\u015e \u00a0 Bu kapsamda s\u00fcrd\u00fcr\u00fclebilir ula\u015f\u0131m sistemlerin \u00f6nemini vurgulayan Manavo\u011flu, kent sakinlerinin temel ihtiya\u00e7lar\u0131na y\u00fcr\u00fcyerek ya da bisikletle 15 dakikada ula\u015fabildi\u011fi &#8217;15 Dakikal\u0131k \u015eehir&#8217; konseptinin yaya \u00f6ncelikli hareketlili\u011fi te\u015fvik eden bir strateji oldu\u011funu aktard\u0131. Antalya&#8217;da bireysel ara\u00e7 kullan\u0131m\u0131n\u0131n artt\u0131\u011f\u0131n\u0131 ve &hellip;","og_url":"http:\/\/denizcankizil.tr\/uk\/haberler\/gundem\/antalyanin-trafik-sorununa-yeni-cozum-15-dakikalik-sehir-modeli\/","og_site_name":"Av. Deniz Can K\u0131z\u0131l","article_published_time":"2025-02-06T09:42:07+00:00","author":"Antalya K\u00f6rfez","twitter_card":"summary_large_image","twitter_misc":{"\u041d\u0430\u043f\u0438\u0441\u0430\u043d\u043e":"Antalya K\u00f6rfez","\u041f\u0440\u0438\u0431\u043b. \u0447\u0430\u0441 \u0447\u0438\u0442\u0430\u043d\u043d\u044f":"5 \u0445\u0432\u0438\u043b\u0438\u043d"},"schema":{"@context":"https:\/\/schema.org","@graph":[{"@type":"Article","@id":"http:\/\/denizcankizil.tr\/uk\/haberler\/gundem\/antalyanin-trafik-sorununa-yeni-cozum-15-dakikalik-sehir-modeli\/#article","isPartOf":{"@id":"http:\/\/denizcankizil.tr\/uk\/haberler\/gundem\/antalyanin-trafik-sorununa-yeni-cozum-15-dakikalik-sehir-modeli\/"},"author":{"name":"Antalya K\u00f6rfez","@id":"https:\/\/denizcankizil.tr\/de\/#\/schema\/person\/e1eb71bb4dd684d46563f0af307e1234"},"headline":"Antalya\u2019n\u0131n trafik sorununa yeni \u00e7\u00f6z\u00fcm: 15 dakikal\u0131k \u015fehir modeli","datePublished":"2025-02-06T09:42:07+00:00","mainEntityOfPage":{"@id":"http:\/\/denizcankizil.tr\/uk\/haberler\/gundem\/antalyanin-trafik-sorununa-yeni-cozum-15-dakikalik-sehir-modeli\/"},"wordCount":933,"commentCount":0,"publisher":{"@id":"https:\/\/denizcankizil.tr\/de\/#organization"},"articleSection":["G\u00fcndem"],"inLanguage":"uk","potentialAction":[{"@type":"CommentAction","name":"Comment","target":["http:\/\/denizcankizil.tr\/uk\/haberler\/gundem\/antalyanin-trafik-sorununa-yeni-cozum-15-dakikalik-sehir-modeli\/#respond"]}]},{"@type":"WebPage","@id":"http:\/\/denizcankizil.tr\/uk\/haberler\/gundem\/antalyanin-trafik-sorununa-yeni-cozum-15-dakikalik-sehir-modeli\/","url":"http:\/\/denizcankizil.tr\/uk\/haberler\/gundem\/antalyanin-trafik-sorununa-yeni-cozum-15-dakikalik-sehir-modeli\/","name":"Antalya\u2019n\u0131n trafik sorununa yeni \u00e7\u00f6z\u00fcm: 15 dakikal\u0131k \u015fehir modeli - Av. Deniz Can K\u0131z\u0131l","isPartOf":{"@id":"https:\/\/denizcankizil.tr\/de\/#website"},"datePublished":"2025-02-06T09:42:07+00:00","breadcrumb":{"@id":"http:\/\/denizcankizil.tr\/uk\/haberler\/gundem\/antalyanin-trafik-sorununa-yeni-cozum-15-dakikalik-sehir-modeli\/#breadcrumb"},"inLanguage":"uk","potentialAction":[{"@type":"ReadAction","target":["http:\/\/denizcankizil.tr\/uk\/haberler\/gundem\/antalyanin-trafik-sorununa-yeni-cozum-15-dakikalik-sehir-modeli\/"]}]},{"@type":"BreadcrumbList","@id":"http:\/\/denizcankizil.tr\/uk\/haberler\/gundem\/antalyanin-trafik-sorununa-yeni-cozum-15-dakikalik-sehir-modeli\/#breadcrumb","itemListElement":[{"@type":"ListItem","position":1,"name":"Home","item":"https:\/\/denizcankizil.tr\/de\/"},{"@type":"ListItem","position":2,"name":"Antalya\u2019n\u0131n trafik sorununa yeni \u00e7\u00f6z\u00fcm: 15 dakikal\u0131k \u015fehir modeli"}]},{"@type":"WebSite","@id":"https:\/\/denizcankizil.tr\/de\/#website","url":"https:\/\/denizcankizil.tr\/de\/","name":"Av. Deniz Can K\u0131z\u0131l","description":"Avukat Deniz Can K\u0131z\u0131l Antalya Barosu","publisher":{"@id":"https:\/\/denizcankizil.tr\/de\/#organization"},"potentialAction":[{"@type":"SearchAction","target":{"@type":"EntryPoint","urlTemplate":"https:\/\/denizcankizil.tr\/de\/?s={search_term_string}"},"query-input":{"@type":"PropertyValueSpecification","valueRequired":true,"valueName":"search_term_string"}}],"inLanguage":"uk"},{"@type":"Organization","@id":"https:\/\/denizcankizil.tr\/de\/#organization","name":"Av. Deniz Can K\u0131z\u0131l","url":"https:\/\/denizcankizil.tr\/de\/","logo":{"@type":"ImageObject","inLanguage":"uk","@id":"https:\/\/denizcankizil.tr\/de\/#\/schema\/logo\/image\/","url":"http:\/\/denizcankizil.tr\/wp-content\/uploads\/2024\/10\/siyah-logo-svg.svg","contentUrl":"http:\/\/denizcankizil.tr\/wp-content\/uploads\/2024\/10\/siyah-logo-svg.svg","width":1080,"height":1080,"caption":"Av. Deniz Can K\u0131z\u0131l"},"image":{"@id":"https:\/\/denizcankizil.tr\/de\/#\/schema\/logo\/image\/"}},{"@type":"Person","@id":"https:\/\/denizcankizil.tr\/de\/#\/schema\/person\/e1eb71bb4dd684d46563f0af307e1234","name":"Antalya K\u00f6rfez","image":{"@type":"ImageObject","inLanguage":"uk","@id":"https:\/\/denizcankizil.tr\/de\/#\/schema\/person\/image\/","url":"https:\/\/secure.gravatar.com\/avatar\/42b01982558a48a0b501fdcab6a408d3717ea5919095ee2e67b0e521799c5905?s=96&d=mm&r=g","contentUrl":"https:\/\/secure.gravatar.com\/avatar\/42b01982558a48a0b501fdcab6a408d3717ea5919095ee2e67b0e521799c5905?s=96&d=mm&r=g","caption":"Antalya K\u00f6rfez"},"sameAs":["http:\/\/www.antalyakorfez.com"],"url":"https:\/\/www.antalyakorfez.com\/antalyanin-trafik-sorununa-yeni-cozum-15-dakikalik-sehir-modeli"}]}},"_links":{"self":[{"href":"http:\/\/denizcankizil.tr\/uk\/wp-json\/wp\/v2\/posts\/30659","targetHints":{"allow":["GET"]}}],"collection":[{"href":"http:\/\/denizcankizil.tr\/uk\/wp-json\/wp\/v2\/posts"}],"about":[{"href":"http:\/\/denizcankizil.tr\/uk\/wp-json\/wp\/v2\/types\/post"}],"author":[{"embeddable":true,"href":"http:\/\/denizcankizil.tr\/uk\/wp-json\/wp\/v2\/users\/5"}],"replies":[{"embeddable":true,"href":"http:\/\/denizcankizil.tr\/uk\/wp-json\/wp\/v2\/comments?post=30659"}],"version-history":[{"count":0,"href":"http:\/\/denizcankizil.tr\/uk\/wp-json\/wp\/v2\/posts\/30659\/revisions"}],"wp:attachment":[{"href":"http:\/\/denizcankizil.tr\/uk\/wp-json\/wp\/v2\/media?parent=30659"}],"wp:term":[{"taxonomy":"category","embeddable":true,"href":"http:\/\/denizcankizil.tr\/uk\/wp-json\/wp\/v2\/categories?post=30659"},{"taxonomy":"post_tag","embeddable":true,"href":"http:\/\/denizcankizil.tr\/uk\/wp-json\/wp\/v2\/tags?post=30659"}],"curies":[{"name":"wp","href":"https:\/\/api.w.org\/{rel}","templated":true}]}}