{"id":30142,"date":"2025-02-04T17:41:42","date_gmt":"2025-02-04T14:41:42","guid":{"rendered":"https:\/\/denizcankizil.tr\/uncategorized-tr\/kentsel-donusum-sakaryanin-beka-meselesidir\/"},"modified":"2025-02-04T17:41:42","modified_gmt":"2025-02-04T14:41:42","slug":"kentsel-donusum-sakaryanin-beka-meselesidir","status":"publish","type":"post","link":"http:\/\/denizcankizil.tr\/uk\/haberler\/gundem\/kentsel-donusum-sakaryanin-beka-meselesidir\/","title":{"rendered":"\u201cKentsel d\u00f6n\u00fc\u015f\u00fcm Sakarya\u2019n\u0131n beka meselesidir\u201d"},"content":{"rendered":"<p>Sakarya B\u00fcy\u00fck\u015fehir Belediye Ba\u015fkan\u0131 Yusuf Alemdar, Cumhurba\u015fkan\u0131 Erdo\u011fan\u2019\u0131n \u201cdepreme haz\u0131rl\u0131k bir beka meselesidir\u201d a\u00e7\u0131klamas\u0131 sonras\u0131d\u00f6n\u00fc\u015f\u00fcm seferberli\u011fine yeniden dikkat \u00e7ekti.SAKARYA (\u0130GFA) &#8211;\u00a0Ege Denizi&#8217;nde bir haftad\u0131r s\u00fcren deprem hareketlili\u011fi sonras\u0131nda Cumhurba\u015fkan\u0131 Recep Tayyip Erdo\u011fan \u201cdepreme haz\u0131rl\u0131k bir beka meselesidir\u201d s\u00f6zlerine dikkat \u00e7ekti.<br \/>\nErdo\u011fan\u2019dan d\u00f6n\u00fc\u015f\u00fcm vurgusu<br \/>\nCumhurba\u015fkan\u0131 Erdo\u011fan yerel y\u00f6netimlere enerjilerini bu alanda sarf etmeleri y\u00f6n\u00fcnde bir \u00e7a\u011fr\u0131 yaparak, \u201c\u015eehirlerimizi s\u00fcratle depreme dayan\u0131kl\u0131 h\u00e2le getirmek d\u0131\u015f\u0131nda bir se\u00e7ene\u011fimiz bulunmuyor. Yerel y\u00f6neticilerin de kentsel d\u00f6n\u00fc\u015f\u00fcm projeleriyle y\u00f6nettikleri \u015fehirleri depreme haz\u0131rlamas\u0131 gerekti\u011fini bug\u00fcn tekrar ifade etmek istiyorum.\u201d ifadelerini kulland\u0131.<br \/>\nSakarya B\u00fcy\u00fck\u015fehir Belediye Ba\u015fkan\u0131 Yusuf Alemdar da, Cumhurba\u015fkan\u0131 Erdo\u011fan\u2019\u0131n \u00fczerinde hassasiyetle durdu\u011fu kentsel d\u00f6n\u00fc\u015f\u00fcm \u00e7al\u0131\u015fmalar\u0131na dikkat \u00e7ekerek d\u00f6n\u00fc\u015f\u00fcm\u00fcn \u00f6nemini hat\u0131rlatt\u0131.<br \/>\n\u201cD\u00f6n\u00fc\u015f\u00fcm, d\u00f6n\u00fc\u015f\u00fcm, d\u00f6n\u00fc\u015f\u00fcm\u201d<br \/>\nDepremin siyaset \u00fcst\u00fc, Sakarya i\u00e7in ise tercih de\u011fil zorunluluk oldu\u011funu ifade eden Ba\u015fkan Alemdar, \u201cEge Denizi\u2019nde bir haftad\u0131r s\u00fcren deprem f\u0131rt\u0131nas\u0131 sonras\u0131 Cumhurba\u015fkan\u0131m\u0131z Recep Tayyip Erdo\u011fan, depreme haz\u0131rl\u0131k konusunu \u00fclkemiz i\u00e7in bir beka meselesi oldu\u011funu ifade etti.<br \/>\nDeprem siyaset \u00fcst\u00fcd\u00fcr.Deprem bu \u00fclkenin, ya\u015fad\u0131\u011f\u0131m\u0131z co\u011frafyan\u0131n bir ger\u00e7e\u011fidir. Bu ger\u00e7e\u011fi bilip bu konuda \u00f6nlem almak, tedbirleri art\u0131rmak bizim elimizde. Bunun da en \u00f6nemli \u00e7\u00f6z\u00fcm\u00fc kentsel d\u00f6n\u00fc\u015f\u00fcm. Bizler de g\u00f6reve geldi\u011fimiz g\u00fcnden bu yana her f\u0131rsatta d\u00f6n\u00fc\u015f\u00fcm, d\u00f6n\u00fc\u015f\u00fcm, d\u00f6n\u00fc\u015f\u00fcm diyerek vatanda\u015flar\u0131m\u0131z\u0131 bu konuda hassasiyetini art\u0131rmaya \u00e7al\u0131\u015f\u0131yoruz\u201d dedi.<br \/>\nTopyek\u00fcn birliktelik \u00e7a\u011fr\u0131s\u0131<br \/>\nEn \u00f6nemli \u00f6nceliklerinin \u015fehri d\u00f6n\u00fc\u015ft\u00fcrmek oldu\u011funu aktaran Ba\u015fkan Alemdar, \u201cBu d\u00fc\u015f\u00fcncemizi her ortamda ifade ediyoruz. \u015eehrin en \u00f6nemli ger\u00e7e\u011fi d\u00f6n\u00fc\u015f\u00fcm. Bu konuda gerekli haz\u0131rl\u0131klar\u0131m\u0131z\u0131 s\u00fcrd\u00fcr\u00fcyor, ad\u0131m ad\u0131m ilerliyoruz. Bu d\u00f6n\u00fc\u015f\u00fcm\u00fcnde tek tarafl\u0131 bir yolu yok. Burada kamunun g\u00f6sterdi\u011fi iradeye vatanda\u015f\u0131nda ortak olmas\u0131, d\u00f6n\u00fc\u015f\u00fcmden yana olmas\u0131 gerekiyor. Kentsel d\u00f6n\u00fc\u015f\u00fcmle ilgili gerekli ad\u0131mlar\u0131 kararl\u0131l\u0131kla atmaya devam edece\u011fiz. \u0130n\u015fallah \u015fehrimizi el birli\u011fi ile d\u00f6n\u00fc\u015ft\u00fcr\u00fcp, gelecek yar\u0131nlar\u0131m\u0131za daha diren\u00e7li, ye\u015fil ve sosyal bir \u015fehir b\u0131rakmak istiyoruz\u201d ifadelerini kulland\u0131.<\/p>\n<p>\u200bSakarya B\u00fcy\u00fck\u015fehir Belediye Ba\u015fkan\u0131 Yusuf Alemdar, Cumhurba\u015fkan\u0131 Erdo\u011fan\u2019\u0131n \u201cdepreme haz\u0131rl\u0131k bir beka meselesidir\u201d a\u00e7\u0131klamas\u0131 sonras\u0131d\u00f6n\u00fc\u015f\u00fcm seferberli\u011fine yeniden dikkat \u00e7ekti.SAKARYA (\u0130GFA) &#8211;\u00a0Ege Denizi&#8217;nde bir haftad\u0131r s\u00fcren deprem hareketlili\u011fi sonras\u0131nda Cumhurba\u015fkan\u0131 Recep Tayyip Erdo\u011fan \u201cdepreme haz\u0131rl\u0131k bir beka meselesidir\u201d s\u00f6zlerine dikkat \u00e7ekti.<br \/>\nErdo\u011fan\u2019dan d\u00f6n\u00fc\u015f\u00fcm vurgusu<br \/>\nCumhurba\u015fkan\u0131 Erdo\u011fan yerel y\u00f6netimlere enerjilerini bu alanda sarf etmeleri y\u00f6n\u00fcnde bir \u00e7a\u011fr\u0131 yaparak, \u201c\u015eehirlerimizi s\u00fcratle depreme dayan\u0131kl\u0131 h\u00e2le getirmek d\u0131\u015f\u0131nda bir se\u00e7ene\u011fimiz bulunmuyor. Yerel y\u00f6neticilerin de kentsel d\u00f6n\u00fc\u015f\u00fcm projeleriyle y\u00f6nettikleri \u015fehirleri depreme haz\u0131rlamas\u0131 gerekti\u011fini bug\u00fcn tekrar ifade etmek istiyorum.\u201d ifadelerini kulland\u0131.<br \/>\nSakarya B\u00fcy\u00fck\u015fehir Belediye Ba\u015fkan\u0131 Yusuf Alemdar da, Cumhurba\u015fkan\u0131 Erdo\u011fan\u2019\u0131n \u00fczerinde hassasiyetle durdu\u011fu kentsel d\u00f6n\u00fc\u015f\u00fcm \u00e7al\u0131\u015fmalar\u0131na dikkat \u00e7ekerek d\u00f6n\u00fc\u015f\u00fcm\u00fcn \u00f6nemini hat\u0131rlatt\u0131.<br \/>\n\u201cD\u00f6n\u00fc\u015f\u00fcm, d\u00f6n\u00fc\u015f\u00fcm, d\u00f6n\u00fc\u015f\u00fcm\u201d<br \/>\nDepremin siyaset \u00fcst\u00fc, Sakarya i\u00e7in ise tercih de\u011fil zorunluluk oldu\u011funu ifade eden Ba\u015fkan Alemdar, \u201cEge Denizi\u2019nde bir haftad\u0131r s\u00fcren deprem f\u0131rt\u0131nas\u0131 sonras\u0131 Cumhurba\u015fkan\u0131m\u0131z Recep Tayyip Erdo\u011fan, depreme haz\u0131rl\u0131k konusunu \u00fclkemiz i\u00e7in bir beka meselesi oldu\u011funu ifade etti.<br \/>\nDeprem siyaset \u00fcst\u00fcd\u00fcr.Deprem bu \u00fclkenin, ya\u015fad\u0131\u011f\u0131m\u0131z co\u011frafyan\u0131n bir ger\u00e7e\u011fidir. Bu ger\u00e7e\u011fi bilip bu konuda \u00f6nlem almak, tedbirleri art\u0131rmak bizim elimizde. Bunun da en \u00f6nemli \u00e7\u00f6z\u00fcm\u00fc kentsel d\u00f6n\u00fc\u015f\u00fcm. Bizler de g\u00f6reve geldi\u011fimiz g\u00fcnden bu yana her f\u0131rsatta d\u00f6n\u00fc\u015f\u00fcm, d\u00f6n\u00fc\u015f\u00fcm, d\u00f6n\u00fc\u015f\u00fcm diyerek vatanda\u015flar\u0131m\u0131z\u0131 bu konuda hassasiyetini art\u0131rmaya \u00e7al\u0131\u015f\u0131yoruz\u201d dedi.<br \/>\nTopyek\u00fcn birliktelik \u00e7a\u011fr\u0131s\u0131<br \/>\nEn \u00f6nemli \u00f6nceliklerinin \u015fehri d\u00f6n\u00fc\u015ft\u00fcrmek oldu\u011funu aktaran Ba\u015fkan Alemdar, \u201cBu d\u00fc\u015f\u00fcncemizi her ortamda ifade ediyoruz. \u015eehrin en \u00f6nemli ger\u00e7e\u011fi d\u00f6n\u00fc\u015f\u00fcm. Bu konuda gerekli haz\u0131rl\u0131klar\u0131m\u0131z\u0131 s\u00fcrd\u00fcr\u00fcyor, ad\u0131m ad\u0131m ilerliyoruz. Bu d\u00f6n\u00fc\u015f\u00fcm\u00fcnde tek tarafl\u0131 bir yolu yok. Burada kamunun g\u00f6sterdi\u011fi iradeye vatanda\u015f\u0131nda ortak olmas\u0131, d\u00f6n\u00fc\u015f\u00fcmden yana olmas\u0131 gerekiyor. Kentsel d\u00f6n\u00fc\u015f\u00fcmle ilgili gerekli ad\u0131mlar\u0131 kararl\u0131l\u0131kla atmaya devam edece\u011fiz. \u0130n\u015fallah \u015fehrimizi el birli\u011fi ile d\u00f6n\u00fc\u015ft\u00fcr\u00fcp, gelecek yar\u0131nlar\u0131m\u0131za daha diren\u00e7li, ye\u015fil ve sosyal bir \u015fehir b\u0131rakmak istiyoruz\u201d ifadelerini kulland\u0131.\u00a0<\/p>\n<p>\u200bHaberin Al\u0131nt\u0131land\u0131\u011f\u0131 Kaynak: www.iskenderun.org<\/p>","protected":false},"excerpt":{"rendered":"<p>Sakarya B\u00fcy\u00fck\u015fehir Belediye Ba\u015fkan\u0131 Yusuf Alemdar, Cumhurba\u015fkan\u0131 Erdo\u011fan\u2019\u0131n \u201cdepreme haz\u0131rl\u0131k bir beka meselesidir\u201d a\u00e7\u0131klamas\u0131 sonras\u0131d\u00f6n\u00fc\u015f\u00fcm seferberli\u011fine yeniden dikkat \u00e7ekti.SAKARYA (\u0130GFA) &#8211;\u00a0Ege Denizi&#8217;nde bir haftad\u0131r s\u00fcren deprem hareketlili\u011fi sonras\u0131nda Cumhurba\u015fkan\u0131 Recep Tayyip Erdo\u011fan \u201cdepreme haz\u0131rl\u0131k bir beka meselesidir\u201d s\u00f6zlerine dikkat \u00e7ekti. Erdo\u011fan\u2019dan d\u00f6n\u00fc\u015f\u00fcm vurgusu Cumhurba\u015fkan\u0131 Erdo\u011fan yerel y\u00f6netimlere enerjilerini bu alanda sarf etmeleri y\u00f6n\u00fcnde bir \u00e7a\u011fr\u0131 yaparak, \u201c\u015eehirlerimizi s\u00fcratle depreme dayan\u0131kl\u0131 h\u00e2le getirmek d\u0131\u015f\u0131nda bir se\u00e7ene\u011fimiz bulunmuyor. Yerel y\u00f6neticilerin de kentsel d\u00f6n\u00fc\u015f\u00fcm projeleriyle y\u00f6nettikleri \u015fehirleri depreme haz\u0131rlamas\u0131 gerekti\u011fini bug\u00fcn tekrar ifade etmek istiyorum.\u201d ifadelerini kulland\u0131. Sakarya B\u00fcy\u00fck\u015fehir Belediye Ba\u015fkan\u0131 Yusuf Alemdar da, Cumhurba\u015fkan\u0131 Erdo\u011fan\u2019\u0131n \u00fczerinde hassasiyetle durdu\u011fu kentsel d\u00f6n\u00fc\u015f\u00fcm \u00e7al\u0131\u015fmalar\u0131na dikkat \u00e7ekerek d\u00f6n\u00fc\u015f\u00fcm\u00fcn \u00f6nemini hat\u0131rlatt\u0131. \u201cD\u00f6n\u00fc\u015f\u00fcm, d\u00f6n\u00fc\u015f\u00fcm, d\u00f6n\u00fc\u015f\u00fcm\u201d Depremin siyaset \u00fcst\u00fc, Sakarya i\u00e7in ise tercih de\u011fil zorunluluk oldu\u011funu ifade eden Ba\u015fkan Alemdar, \u201cEge Denizi\u2019nde bir haftad\u0131r s\u00fcren deprem f\u0131rt\u0131nas\u0131 sonras\u0131 Cumhurba\u015fkan\u0131m\u0131z Recep Tayyip Erdo\u011fan, depreme haz\u0131rl\u0131k konusunu \u00fclkemiz i\u00e7in bir beka meselesi oldu\u011funu ifade etti. Deprem siyaset \u00fcst\u00fcd\u00fcr.Deprem bu \u00fclkenin, ya\u015fad\u0131\u011f\u0131m\u0131z co\u011frafyan\u0131n bir ger\u00e7e\u011fidir. Bu ger\u00e7e\u011fi bilip bu konuda \u00f6nlem almak, tedbirleri art\u0131rmak bizim elimizde. Bunun da en \u00f6nemli \u00e7\u00f6z\u00fcm\u00fc kentsel d\u00f6n\u00fc\u015f\u00fcm. Bizler de g\u00f6reve geldi\u011fimiz g\u00fcnden bu yana her f\u0131rsatta d\u00f6n\u00fc\u015f\u00fcm, d\u00f6n\u00fc\u015f\u00fcm, d\u00f6n\u00fc\u015f\u00fcm diyerek vatanda\u015flar\u0131m\u0131z\u0131 bu konuda hassasiyetini art\u0131rmaya \u00e7al\u0131\u015f\u0131yoruz\u201d dedi. Topyek\u00fcn birliktelik \u00e7a\u011fr\u0131s\u0131 En \u00f6nemli \u00f6nceliklerinin \u015fehri d\u00f6n\u00fc\u015ft\u00fcrmek oldu\u011funu &hellip;<\/p>","protected":false},"author":1,"featured_media":0,"comment_status":"open","ping_status":"open","sticky":false,"template":"","format":"standard","meta":{"_acf_changed":false,"footnotes":""},"categories":[24],"tags":[],"class_list":["post-30142","post","type-post","status-publish","format-standard","has-post-thumbnail","hentry","category-gundem"],"acf":[],"yoast_head":"<!-- This site is optimized with the Yoast SEO Premium plugin v26.6 (Yoast SEO v27.1.1) - https:\/\/yoast.com\/product\/yoast-seo-premium-wordpress\/ -->\n<title>\u201cKentsel d\u00f6n\u00fc\u015f\u00fcm Sakarya\u2019n\u0131n beka meselesidir\u201d - Av. Deniz Can K\u0131z\u0131l<\/title>\n<meta name=\"robots\" content=\"index, follow, max-snippet:-1, max-image-preview:large, max-video-preview:-1\" \/>\n<link rel=\"canonical\" href=\"http:\/\/denizcankizil.tr\/uk\/haberler\/gundem\/kentsel-donusum-sakaryanin-beka-meselesidir\/\" \/>\n<meta property=\"og:locale\" content=\"uk_UA\" \/>\n<meta property=\"og:type\" content=\"article\" \/>\n<meta property=\"og:title\" content=\"\u201cKentsel d\u00f6n\u00fc\u015f\u00fcm Sakarya\u2019n\u0131n beka meselesidir\u201d\" \/>\n<meta property=\"og:description\" content=\"Sakarya B\u00fcy\u00fck\u015fehir Belediye Ba\u015fkan\u0131 Yusuf Alemdar, Cumhurba\u015fkan\u0131 Erdo\u011fan\u2019\u0131n \u201cdepreme haz\u0131rl\u0131k bir beka meselesidir\u201d a\u00e7\u0131klamas\u0131 sonras\u0131d\u00f6n\u00fc\u015f\u00fcm seferberli\u011fine yeniden dikkat \u00e7ekti.SAKARYA (\u0130GFA) &#8211;\u00a0Ege Denizi&#8217;nde bir haftad\u0131r s\u00fcren deprem hareketlili\u011fi sonras\u0131nda Cumhurba\u015fkan\u0131 Recep Tayyip Erdo\u011fan \u201cdepreme haz\u0131rl\u0131k bir beka meselesidir\u201d s\u00f6zlerine dikkat \u00e7ekti. Erdo\u011fan\u2019dan d\u00f6n\u00fc\u015f\u00fcm vurgusu Cumhurba\u015fkan\u0131 Erdo\u011fan yerel y\u00f6netimlere enerjilerini bu alanda sarf etmeleri y\u00f6n\u00fcnde bir \u00e7a\u011fr\u0131 yaparak, \u201c\u015eehirlerimizi s\u00fcratle depreme dayan\u0131kl\u0131 h\u00e2le getirmek d\u0131\u015f\u0131nda bir se\u00e7ene\u011fimiz bulunmuyor. Yerel y\u00f6neticilerin de kentsel d\u00f6n\u00fc\u015f\u00fcm projeleriyle y\u00f6nettikleri \u015fehirleri depreme haz\u0131rlamas\u0131 gerekti\u011fini bug\u00fcn tekrar ifade etmek istiyorum.\u201d ifadelerini kulland\u0131. Sakarya B\u00fcy\u00fck\u015fehir Belediye Ba\u015fkan\u0131 Yusuf Alemdar da, Cumhurba\u015fkan\u0131 Erdo\u011fan\u2019\u0131n \u00fczerinde hassasiyetle durdu\u011fu kentsel d\u00f6n\u00fc\u015f\u00fcm \u00e7al\u0131\u015fmalar\u0131na dikkat \u00e7ekerek d\u00f6n\u00fc\u015f\u00fcm\u00fcn \u00f6nemini hat\u0131rlatt\u0131. \u201cD\u00f6n\u00fc\u015f\u00fcm, d\u00f6n\u00fc\u015f\u00fcm, d\u00f6n\u00fc\u015f\u00fcm\u201d Depremin siyaset \u00fcst\u00fc, Sakarya i\u00e7in ise tercih de\u011fil zorunluluk oldu\u011funu ifade eden Ba\u015fkan Alemdar, \u201cEge Denizi\u2019nde bir haftad\u0131r s\u00fcren deprem f\u0131rt\u0131nas\u0131 sonras\u0131 Cumhurba\u015fkan\u0131m\u0131z Recep Tayyip Erdo\u011fan, depreme haz\u0131rl\u0131k konusunu \u00fclkemiz i\u00e7in bir beka meselesi oldu\u011funu ifade etti. Deprem siyaset \u00fcst\u00fcd\u00fcr.Deprem bu \u00fclkenin, ya\u015fad\u0131\u011f\u0131m\u0131z co\u011frafyan\u0131n bir ger\u00e7e\u011fidir. Bu ger\u00e7e\u011fi bilip bu konuda \u00f6nlem almak, tedbirleri art\u0131rmak bizim elimizde. Bunun da en \u00f6nemli \u00e7\u00f6z\u00fcm\u00fc kentsel d\u00f6n\u00fc\u015f\u00fcm. Bizler de g\u00f6reve geldi\u011fimiz g\u00fcnden bu yana her f\u0131rsatta d\u00f6n\u00fc\u015f\u00fcm, d\u00f6n\u00fc\u015f\u00fcm, d\u00f6n\u00fc\u015f\u00fcm diyerek vatanda\u015flar\u0131m\u0131z\u0131 bu konuda hassasiyetini art\u0131rmaya \u00e7al\u0131\u015f\u0131yoruz\u201d dedi. Topyek\u00fcn birliktelik \u00e7a\u011fr\u0131s\u0131 En \u00f6nemli \u00f6nceliklerinin \u015fehri d\u00f6n\u00fc\u015ft\u00fcrmek oldu\u011funu &hellip;\" \/>\n<meta property=\"og:url\" content=\"http:\/\/denizcankizil.tr\/uk\/haberler\/gundem\/kentsel-donusum-sakaryanin-beka-meselesidir\/\" \/>\n<meta property=\"og:site_name\" content=\"Av. Deniz Can K\u0131z\u0131l\" \/>\n<meta property=\"article:published_time\" content=\"2025-02-04T14:41:42+00:00\" \/>\n<meta name=\"author\" content=\"admin\" \/>\n<meta name=\"twitter:card\" content=\"summary_large_image\" \/>\n<meta name=\"twitter:label1\" content=\"\u041d\u0430\u043f\u0438\u0441\u0430\u043d\u043e\" \/>\n\t<meta name=\"twitter:data1\" content=\"admin\" \/>\n\t<meta name=\"twitter:label2\" content=\"\u041f\u0440\u0438\u0431\u043b. \u0447\u0430\u0441 \u0447\u0438\u0442\u0430\u043d\u043d\u044f\" \/>\n\t<meta name=\"twitter:data2\" content=\"4 \u0445\u0432\u0438\u043b\u0438\u043d\u0438\" \/>\n<script type=\"application\/ld+json\" class=\"yoast-schema-graph\">{\"@context\":\"https:\/\/schema.org\",\"@graph\":[{\"@type\":\"Article\",\"@id\":\"http:\/\/denizcankizil.tr\/uk\/haberler\/gundem\/kentsel-donusum-sakaryanin-beka-meselesidir\/#article\",\"isPartOf\":{\"@id\":\"http:\/\/denizcankizil.tr\/uk\/haberler\/gundem\/kentsel-donusum-sakaryanin-beka-meselesidir\/\"},\"author\":{\"name\":\"admin\",\"@id\":\"https:\/\/denizcankizil.tr\/de\/#\/schema\/person\/be3c05fe6a12686905512445d8185489\"},\"headline\":\"\u201cKentsel d\u00f6n\u00fc\u015f\u00fcm Sakarya\u2019n\u0131n beka meselesidir\u201d\",\"datePublished\":\"2025-02-04T14:41:42+00:00\",\"mainEntityOfPage\":{\"@id\":\"http:\/\/denizcankizil.tr\/uk\/haberler\/gundem\/kentsel-donusum-sakaryanin-beka-meselesidir\/\"},\"wordCount\":887,\"commentCount\":0,\"publisher\":{\"@id\":\"https:\/\/denizcankizil.tr\/de\/#organization\"},\"articleSection\":[\"G\u00fcndem\"],\"inLanguage\":\"uk\",\"potentialAction\":[{\"@type\":\"CommentAction\",\"name\":\"Comment\",\"target\":[\"http:\/\/denizcankizil.tr\/uk\/haberler\/gundem\/kentsel-donusum-sakaryanin-beka-meselesidir\/#respond\"]}]},{\"@type\":\"WebPage\",\"@id\":\"http:\/\/denizcankizil.tr\/uk\/haberler\/gundem\/kentsel-donusum-sakaryanin-beka-meselesidir\/\",\"url\":\"http:\/\/denizcankizil.tr\/uk\/haberler\/gundem\/kentsel-donusum-sakaryanin-beka-meselesidir\/\",\"name\":\"\u201cKentsel d\u00f6n\u00fc\u015f\u00fcm Sakarya\u2019n\u0131n beka meselesidir\u201d - Av. Deniz Can K\u0131z\u0131l\",\"isPartOf\":{\"@id\":\"https:\/\/denizcankizil.tr\/de\/#website\"},\"datePublished\":\"2025-02-04T14:41:42+00:00\",\"breadcrumb\":{\"@id\":\"http:\/\/denizcankizil.tr\/uk\/haberler\/gundem\/kentsel-donusum-sakaryanin-beka-meselesidir\/#breadcrumb\"},\"inLanguage\":\"uk\",\"potentialAction\":[{\"@type\":\"ReadAction\",\"target\":[\"http:\/\/denizcankizil.tr\/uk\/haberler\/gundem\/kentsel-donusum-sakaryanin-beka-meselesidir\/\"]}]},{\"@type\":\"BreadcrumbList\",\"@id\":\"http:\/\/denizcankizil.tr\/uk\/haberler\/gundem\/kentsel-donusum-sakaryanin-beka-meselesidir\/#breadcrumb\",\"itemListElement\":[{\"@type\":\"ListItem\",\"position\":1,\"name\":\"Home\",\"item\":\"https:\/\/denizcankizil.tr\/de\/\"},{\"@type\":\"ListItem\",\"position\":2,\"name\":\"\u201cKentsel d\u00f6n\u00fc\u015f\u00fcm Sakarya\u2019n\u0131n beka meselesidir\u201d\"}]},{\"@type\":\"WebSite\",\"@id\":\"https:\/\/denizcankizil.tr\/de\/#website\",\"url\":\"https:\/\/denizcankizil.tr\/de\/\",\"name\":\"Av. Deniz Can K\u0131z\u0131l\",\"description\":\"Avukat Deniz Can K\u0131z\u0131l Antalya Barosu\",\"publisher\":{\"@id\":\"https:\/\/denizcankizil.tr\/de\/#organization\"},\"potentialAction\":[{\"@type\":\"SearchAction\",\"target\":{\"@type\":\"EntryPoint\",\"urlTemplate\":\"https:\/\/denizcankizil.tr\/de\/?s={search_term_string}\"},\"query-input\":{\"@type\":\"PropertyValueSpecification\",\"valueRequired\":true,\"valueName\":\"search_term_string\"}}],\"inLanguage\":\"uk\"},{\"@type\":\"Organization\",\"@id\":\"https:\/\/denizcankizil.tr\/de\/#organization\",\"name\":\"Av. Deniz Can K\u0131z\u0131l\",\"url\":\"https:\/\/denizcankizil.tr\/de\/\",\"logo\":{\"@type\":\"ImageObject\",\"inLanguage\":\"uk\",\"@id\":\"https:\/\/denizcankizil.tr\/de\/#\/schema\/logo\/image\/\",\"url\":\"http:\/\/denizcankizil.tr\/wp-content\/uploads\/2024\/10\/siyah-logo-svg.svg\",\"contentUrl\":\"http:\/\/denizcankizil.tr\/wp-content\/uploads\/2024\/10\/siyah-logo-svg.svg\",\"width\":1080,\"height\":1080,\"caption\":\"Av. Deniz Can K\u0131z\u0131l\"},\"image\":{\"@id\":\"https:\/\/denizcankizil.tr\/de\/#\/schema\/logo\/image\/\"}},{\"@type\":\"Person\",\"@id\":\"https:\/\/denizcankizil.tr\/de\/#\/schema\/person\/be3c05fe6a12686905512445d8185489\",\"name\":\"admin\",\"image\":{\"@type\":\"ImageObject\",\"inLanguage\":\"uk\",\"@id\":\"https:\/\/denizcankizil.tr\/de\/#\/schema\/person\/image\/\",\"url\":\"https:\/\/secure.gravatar.com\/avatar\/c1fce94c830dc79107e174f890d7210541c4a63e8e5d816341794a2151c9d58c?s=96&d=mm&r=g\",\"contentUrl\":\"https:\/\/secure.gravatar.com\/avatar\/c1fce94c830dc79107e174f890d7210541c4a63e8e5d816341794a2151c9d58c?s=96&d=mm&r=g\",\"caption\":\"admin\"},\"sameAs\":[\"http:\/\/denizcankizil.tr\"],\"url\":\"https:\/\/www.iskenderun.org\/kentsel-donusum-sakaryanin-beka-meselesidir\"}]}<\/script>\n<!-- \/ Yoast SEO Premium plugin. -->","yoast_head_json":{"title":"\u201cKentsel d\u00f6n\u00fc\u015f\u00fcm Sakarya\u2019n\u0131n beka meselesidir\u201d - Av. Deniz Can K\u0131z\u0131l","robots":{"index":"index","follow":"follow","max-snippet":"max-snippet:-1","max-image-preview":"max-image-preview:large","max-video-preview":"max-video-preview:-1"},"canonical":"http:\/\/denizcankizil.tr\/uk\/haberler\/gundem\/kentsel-donusum-sakaryanin-beka-meselesidir\/","og_locale":"uk_UA","og_type":"article","og_title":"\u201cKentsel d\u00f6n\u00fc\u015f\u00fcm Sakarya\u2019n\u0131n beka meselesidir\u201d","og_description":"Sakarya B\u00fcy\u00fck\u015fehir Belediye Ba\u015fkan\u0131 Yusuf Alemdar, Cumhurba\u015fkan\u0131 Erdo\u011fan\u2019\u0131n \u201cdepreme haz\u0131rl\u0131k bir beka meselesidir\u201d a\u00e7\u0131klamas\u0131 sonras\u0131d\u00f6n\u00fc\u015f\u00fcm seferberli\u011fine yeniden dikkat \u00e7ekti.SAKARYA (\u0130GFA) &#8211;\u00a0Ege Denizi&#8217;nde bir haftad\u0131r s\u00fcren deprem hareketlili\u011fi sonras\u0131nda Cumhurba\u015fkan\u0131 Recep Tayyip Erdo\u011fan \u201cdepreme haz\u0131rl\u0131k bir beka meselesidir\u201d s\u00f6zlerine dikkat \u00e7ekti. Erdo\u011fan\u2019dan d\u00f6n\u00fc\u015f\u00fcm vurgusu Cumhurba\u015fkan\u0131 Erdo\u011fan yerel y\u00f6netimlere enerjilerini bu alanda sarf etmeleri y\u00f6n\u00fcnde bir \u00e7a\u011fr\u0131 yaparak, \u201c\u015eehirlerimizi s\u00fcratle depreme dayan\u0131kl\u0131 h\u00e2le getirmek d\u0131\u015f\u0131nda bir se\u00e7ene\u011fimiz bulunmuyor. Yerel y\u00f6neticilerin de kentsel d\u00f6n\u00fc\u015f\u00fcm projeleriyle y\u00f6nettikleri \u015fehirleri depreme haz\u0131rlamas\u0131 gerekti\u011fini bug\u00fcn tekrar ifade etmek istiyorum.\u201d ifadelerini kulland\u0131. Sakarya B\u00fcy\u00fck\u015fehir Belediye Ba\u015fkan\u0131 Yusuf Alemdar da, Cumhurba\u015fkan\u0131 Erdo\u011fan\u2019\u0131n \u00fczerinde hassasiyetle durdu\u011fu kentsel d\u00f6n\u00fc\u015f\u00fcm \u00e7al\u0131\u015fmalar\u0131na dikkat \u00e7ekerek d\u00f6n\u00fc\u015f\u00fcm\u00fcn \u00f6nemini hat\u0131rlatt\u0131. \u201cD\u00f6n\u00fc\u015f\u00fcm, d\u00f6n\u00fc\u015f\u00fcm, d\u00f6n\u00fc\u015f\u00fcm\u201d Depremin siyaset \u00fcst\u00fc, Sakarya i\u00e7in ise tercih de\u011fil zorunluluk oldu\u011funu ifade eden Ba\u015fkan Alemdar, \u201cEge Denizi\u2019nde bir haftad\u0131r s\u00fcren deprem f\u0131rt\u0131nas\u0131 sonras\u0131 Cumhurba\u015fkan\u0131m\u0131z Recep Tayyip Erdo\u011fan, depreme haz\u0131rl\u0131k konusunu \u00fclkemiz i\u00e7in bir beka meselesi oldu\u011funu ifade etti. Deprem siyaset \u00fcst\u00fcd\u00fcr.Deprem bu \u00fclkenin, ya\u015fad\u0131\u011f\u0131m\u0131z co\u011frafyan\u0131n bir ger\u00e7e\u011fidir. Bu ger\u00e7e\u011fi bilip bu konuda \u00f6nlem almak, tedbirleri art\u0131rmak bizim elimizde. Bunun da en \u00f6nemli \u00e7\u00f6z\u00fcm\u00fc kentsel d\u00f6n\u00fc\u015f\u00fcm. Bizler de g\u00f6reve geldi\u011fimiz g\u00fcnden bu yana her f\u0131rsatta d\u00f6n\u00fc\u015f\u00fcm, d\u00f6n\u00fc\u015f\u00fcm, d\u00f6n\u00fc\u015f\u00fcm diyerek vatanda\u015flar\u0131m\u0131z\u0131 bu konuda hassasiyetini art\u0131rmaya \u00e7al\u0131\u015f\u0131yoruz\u201d dedi. Topyek\u00fcn birliktelik \u00e7a\u011fr\u0131s\u0131 En \u00f6nemli \u00f6nceliklerinin \u015fehri d\u00f6n\u00fc\u015ft\u00fcrmek oldu\u011funu &hellip;","og_url":"http:\/\/denizcankizil.tr\/uk\/haberler\/gundem\/kentsel-donusum-sakaryanin-beka-meselesidir\/","og_site_name":"Av. Deniz Can K\u0131z\u0131l","article_published_time":"2025-02-04T14:41:42+00:00","author":"admin","twitter_card":"summary_large_image","twitter_misc":{"\u041d\u0430\u043f\u0438\u0441\u0430\u043d\u043e":"admin","\u041f\u0440\u0438\u0431\u043b. \u0447\u0430\u0441 \u0447\u0438\u0442\u0430\u043d\u043d\u044f":"4 \u0445\u0432\u0438\u043b\u0438\u043d\u0438"},"schema":{"@context":"https:\/\/schema.org","@graph":[{"@type":"Article","@id":"http:\/\/denizcankizil.tr\/uk\/haberler\/gundem\/kentsel-donusum-sakaryanin-beka-meselesidir\/#article","isPartOf":{"@id":"http:\/\/denizcankizil.tr\/uk\/haberler\/gundem\/kentsel-donusum-sakaryanin-beka-meselesidir\/"},"author":{"name":"admin","@id":"https:\/\/denizcankizil.tr\/de\/#\/schema\/person\/be3c05fe6a12686905512445d8185489"},"headline":"\u201cKentsel d\u00f6n\u00fc\u015f\u00fcm Sakarya\u2019n\u0131n beka meselesidir\u201d","datePublished":"2025-02-04T14:41:42+00:00","mainEntityOfPage":{"@id":"http:\/\/denizcankizil.tr\/uk\/haberler\/gundem\/kentsel-donusum-sakaryanin-beka-meselesidir\/"},"wordCount":887,"commentCount":0,"publisher":{"@id":"https:\/\/denizcankizil.tr\/de\/#organization"},"articleSection":["G\u00fcndem"],"inLanguage":"uk","potentialAction":[{"@type":"CommentAction","name":"Comment","target":["http:\/\/denizcankizil.tr\/uk\/haberler\/gundem\/kentsel-donusum-sakaryanin-beka-meselesidir\/#respond"]}]},{"@type":"WebPage","@id":"http:\/\/denizcankizil.tr\/uk\/haberler\/gundem\/kentsel-donusum-sakaryanin-beka-meselesidir\/","url":"http:\/\/denizcankizil.tr\/uk\/haberler\/gundem\/kentsel-donusum-sakaryanin-beka-meselesidir\/","name":"\u201cKentsel d\u00f6n\u00fc\u015f\u00fcm Sakarya\u2019n\u0131n beka meselesidir\u201d - Av. Deniz Can K\u0131z\u0131l","isPartOf":{"@id":"https:\/\/denizcankizil.tr\/de\/#website"},"datePublished":"2025-02-04T14:41:42+00:00","breadcrumb":{"@id":"http:\/\/denizcankizil.tr\/uk\/haberler\/gundem\/kentsel-donusum-sakaryanin-beka-meselesidir\/#breadcrumb"},"inLanguage":"uk","potentialAction":[{"@type":"ReadAction","target":["http:\/\/denizcankizil.tr\/uk\/haberler\/gundem\/kentsel-donusum-sakaryanin-beka-meselesidir\/"]}]},{"@type":"BreadcrumbList","@id":"http:\/\/denizcankizil.tr\/uk\/haberler\/gundem\/kentsel-donusum-sakaryanin-beka-meselesidir\/#breadcrumb","itemListElement":[{"@type":"ListItem","position":1,"name":"Home","item":"https:\/\/denizcankizil.tr\/de\/"},{"@type":"ListItem","position":2,"name":"\u201cKentsel d\u00f6n\u00fc\u015f\u00fcm Sakarya\u2019n\u0131n beka meselesidir\u201d"}]},{"@type":"WebSite","@id":"https:\/\/denizcankizil.tr\/de\/#website","url":"https:\/\/denizcankizil.tr\/de\/","name":"Av. Deniz Can K\u0131z\u0131l","description":"Avukat Deniz Can K\u0131z\u0131l Antalya Barosu","publisher":{"@id":"https:\/\/denizcankizil.tr\/de\/#organization"},"potentialAction":[{"@type":"SearchAction","target":{"@type":"EntryPoint","urlTemplate":"https:\/\/denizcankizil.tr\/de\/?s={search_term_string}"},"query-input":{"@type":"PropertyValueSpecification","valueRequired":true,"valueName":"search_term_string"}}],"inLanguage":"uk"},{"@type":"Organization","@id":"https:\/\/denizcankizil.tr\/de\/#organization","name":"Av. Deniz Can K\u0131z\u0131l","url":"https:\/\/denizcankizil.tr\/de\/","logo":{"@type":"ImageObject","inLanguage":"uk","@id":"https:\/\/denizcankizil.tr\/de\/#\/schema\/logo\/image\/","url":"http:\/\/denizcankizil.tr\/wp-content\/uploads\/2024\/10\/siyah-logo-svg.svg","contentUrl":"http:\/\/denizcankizil.tr\/wp-content\/uploads\/2024\/10\/siyah-logo-svg.svg","width":1080,"height":1080,"caption":"Av. Deniz Can K\u0131z\u0131l"},"image":{"@id":"https:\/\/denizcankizil.tr\/de\/#\/schema\/logo\/image\/"}},{"@type":"Person","@id":"https:\/\/denizcankizil.tr\/de\/#\/schema\/person\/be3c05fe6a12686905512445d8185489","name":"\u0430\u0434\u043c\u0456\u043d","image":{"@type":"ImageObject","inLanguage":"uk","@id":"https:\/\/denizcankizil.tr\/de\/#\/schema\/person\/image\/","url":"https:\/\/secure.gravatar.com\/avatar\/c1fce94c830dc79107e174f890d7210541c4a63e8e5d816341794a2151c9d58c?s=96&d=mm&r=g","contentUrl":"https:\/\/secure.gravatar.com\/avatar\/c1fce94c830dc79107e174f890d7210541c4a63e8e5d816341794a2151c9d58c?s=96&d=mm&r=g","caption":"admin"},"sameAs":["http:\/\/denizcankizil.tr"],"url":"https:\/\/www.iskenderun.org\/kentsel-donusum-sakaryanin-beka-meselesidir"}]}},"_links":{"self":[{"href":"http:\/\/denizcankizil.tr\/uk\/wp-json\/wp\/v2\/posts\/30142","targetHints":{"allow":["GET"]}}],"collection":[{"href":"http:\/\/denizcankizil.tr\/uk\/wp-json\/wp\/v2\/posts"}],"about":[{"href":"http:\/\/denizcankizil.tr\/uk\/wp-json\/wp\/v2\/types\/post"}],"author":[{"embeddable":true,"href":"http:\/\/denizcankizil.tr\/uk\/wp-json\/wp\/v2\/users\/1"}],"replies":[{"embeddable":true,"href":"http:\/\/denizcankizil.tr\/uk\/wp-json\/wp\/v2\/comments?post=30142"}],"version-history":[{"count":0,"href":"http:\/\/denizcankizil.tr\/uk\/wp-json\/wp\/v2\/posts\/30142\/revisions"}],"wp:attachment":[{"href":"http:\/\/denizcankizil.tr\/uk\/wp-json\/wp\/v2\/media?parent=30142"}],"wp:term":[{"taxonomy":"category","embeddable":true,"href":"http:\/\/denizcankizil.tr\/uk\/wp-json\/wp\/v2\/categories?post=30142"},{"taxonomy":"post_tag","embeddable":true,"href":"http:\/\/denizcankizil.tr\/uk\/wp-json\/wp\/v2\/tags?post=30142"}],"curies":[{"name":"wp","href":"https:\/\/api.w.org\/{rel}","templated":true}]}}