{"id":30089,"date":"2025-02-04T15:41:14","date_gmt":"2025-02-04T12:41:14","guid":{"rendered":"https:\/\/denizcankizil.tr\/uncategorized-tr\/yariyil-tatilinin-gozdesi-oldu\/"},"modified":"2025-02-04T15:41:14","modified_gmt":"2025-02-04T12:41:14","slug":"yariyil-tatilinin-gozdesi-oldu","status":"publish","type":"post","link":"http:\/\/denizcankizil.tr\/uk\/haberler\/antalya\/yariyil-tatilinin-gozdesi-oldu\/","title":{"rendered":"Yar\u0131y\u0131l tatilinin g\u00f6zdesi oldu"},"content":{"rendered":"<p>Her y\u0131l ara tatilde 10 binin \u00fczerinde ziyaret\u00e7iyi a\u011f\u0131rlayan Antalya&#8217;n\u0131n Kepez Belediyesi&#8217;nin Anadolu Oyuncak M\u00fczesi bu y\u0131l da g\u00f6rd\u00fc\u011f\u00fc yo\u011fun ilgi ile rekor bir kat\u0131l\u0131ma ula\u015ft\u0131. Anadolu Oyuncak M\u00fczesi&#8217;ni s\u00f6mestir tatilinde yeti\u015fkinlerle beraber toplam 20 bin 148 ki\u015fi ziyaret etti. 15 farkl\u0131 temaya sahip 15 salonda yakla\u015f\u0131k 13 bin 800 oyunca\u011f\u0131n sergilendi\u011fi m\u00fcze, \u00e7ocuklar kadar yeti\u015fkinlerin de ilgi oda\u011f\u0131 oldu. Kara tahtal\u0131 okul s\u0131n\u0131f\u0131ndan, masal odas\u0131na, esnaf soka\u011f\u0131ndan Kalei\u00e7i Soka\u011f\u0131&#8217;na, arabalardan, bebeklere kadar binlerce oyunca\u011fa ev sahipli\u011fi yapan m\u00fcze, yeti\u015fkinlere nostaljiyi ya\u015fatt\u0131. \u00d6zel park\u0131 ile toplam 5 d\u00f6n\u00fcml\u00fck alana kurulan m\u00fczede e\u011fitici, e\u011flendirici ve beceriler kazand\u0131ran at\u00f6lye \u00e7al\u0131\u015fmalar\u0131 da yap\u0131l\u0131yor.<\/p>\n<p>Kaynak: www.kanalv.com.tr Haber Sitesinden Al\u0131nm\u0131\u015ft\u0131r.<\/p>","protected":false},"excerpt":{"rendered":"<p>Her y\u0131l ara tatilde 10 binin \u00fczerinde ziyaret\u00e7iyi a\u011f\u0131rlayan Antalya&#8217;n\u0131n Kepez Belediyesi&#8217;nin Anadolu Oyuncak M\u00fczesi bu y\u0131l da g\u00f6rd\u00fc\u011f\u00fc yo\u011fun ilgi ile rekor bir kat\u0131l\u0131ma ula\u015ft\u0131. Anadolu Oyuncak M\u00fczesi&#8217;ni s\u00f6mestir tatilinde yeti\u015fkinlerle beraber toplam 20 bin 148 ki\u015fi ziyaret etti. 15 farkl\u0131 temaya sahip 15 salonda yakla\u015f\u0131k 13 bin 800 oyunca\u011f\u0131n sergilendi\u011fi m\u00fcze, \u00e7ocuklar kadar yeti\u015fkinlerin de ilgi oda\u011f\u0131 oldu. Kara tahtal\u0131 okul s\u0131n\u0131f\u0131ndan, masal odas\u0131na, esnaf soka\u011f\u0131ndan Kalei\u00e7i Soka\u011f\u0131&#8217;na, arabalardan, bebeklere kadar binlerce oyunca\u011fa ev sahipli\u011fi yapan m\u00fcze, yeti\u015fkinlere nostaljiyi ya\u015fatt\u0131. \u00d6zel park\u0131 ile toplam 5 d\u00f6n\u00fcml\u00fck alana kurulan m\u00fczede e\u011fitici, e\u011flendirici ve beceriler kazand\u0131ran at\u00f6lye \u00e7al\u0131\u015fmalar\u0131 da yap\u0131l\u0131yor. Kaynak: www.kanalv.com.tr Haber Sitesinden Al\u0131nm\u0131\u015ft\u0131r.<\/p>","protected":false},"author":4,"featured_media":30090,"comment_status":"open","ping_status":"open","sticky":false,"template":"","format":"standard","meta":{"_acf_changed":false,"footnotes":""},"categories":[26],"tags":[],"class_list":["post-30089","post","type-post","status-publish","format-standard","has-post-thumbnail","hentry","category-antalya"],"acf":[],"yoast_head":"<!-- This site is optimized with the Yoast SEO Premium plugin v26.6 (Yoast SEO v27.1.1) - https:\/\/yoast.com\/product\/yoast-seo-premium-wordpress\/ -->\n<title>Yar\u0131y\u0131l tatilinin g\u00f6zdesi oldu - Av. Deniz Can K\u0131z\u0131l<\/title>\n<meta name=\"robots\" content=\"index, follow, max-snippet:-1, max-image-preview:large, max-video-preview:-1\" \/>\n<link rel=\"canonical\" href=\"http:\/\/denizcankizil.tr\/uk\/haberler\/antalya\/yariyil-tatilinin-gozdesi-oldu\/\" \/>\n<meta property=\"og:locale\" content=\"uk_UA\" \/>\n<meta property=\"og:type\" content=\"article\" \/>\n<meta property=\"og:title\" content=\"Yar\u0131y\u0131l tatilinin g\u00f6zdesi oldu\" \/>\n<meta property=\"og:description\" content=\"Her y\u0131l ara tatilde 10 binin \u00fczerinde ziyaret\u00e7iyi a\u011f\u0131rlayan Antalya&#8217;n\u0131n Kepez Belediyesi&#8217;nin Anadolu Oyuncak M\u00fczesi bu y\u0131l da g\u00f6rd\u00fc\u011f\u00fc yo\u011fun ilgi ile rekor bir kat\u0131l\u0131ma ula\u015ft\u0131. Anadolu Oyuncak M\u00fczesi&#8217;ni s\u00f6mestir tatilinde yeti\u015fkinlerle beraber toplam 20 bin 148 ki\u015fi ziyaret etti. 15 farkl\u0131 temaya sahip 15 salonda yakla\u015f\u0131k 13 bin 800 oyunca\u011f\u0131n sergilendi\u011fi m\u00fcze, \u00e7ocuklar kadar yeti\u015fkinlerin de ilgi oda\u011f\u0131 oldu. Kara tahtal\u0131 okul s\u0131n\u0131f\u0131ndan, masal odas\u0131na, esnaf soka\u011f\u0131ndan Kalei\u00e7i Soka\u011f\u0131&#8217;na, arabalardan, bebeklere kadar binlerce oyunca\u011fa ev sahipli\u011fi yapan m\u00fcze, yeti\u015fkinlere nostaljiyi ya\u015fatt\u0131. \u00d6zel park\u0131 ile toplam 5 d\u00f6n\u00fcml\u00fck alana kurulan m\u00fczede e\u011fitici, e\u011flendirici ve beceriler kazand\u0131ran at\u00f6lye \u00e7al\u0131\u015fmalar\u0131 da yap\u0131l\u0131yor. Kaynak: www.kanalv.com.tr Haber Sitesinden Al\u0131nm\u0131\u015ft\u0131r.\" \/>\n<meta property=\"og:url\" content=\"http:\/\/denizcankizil.tr\/uk\/haberler\/antalya\/yariyil-tatilinin-gozdesi-oldu\/\" \/>\n<meta property=\"og:site_name\" content=\"Av. Deniz Can K\u0131z\u0131l\" \/>\n<meta property=\"article:published_time\" content=\"2025-02-04T12:41:14+00:00\" \/>\n<meta property=\"og:image\" content=\"http:\/\/denizcankizil.tr\/wp-content\/uploads\/2025\/02\/4476-01-1vq85D.jpeg\" \/>\n\t<meta property=\"og:image:width\" content=\"1280\" \/>\n\t<meta property=\"og:image:height\" content=\"720\" \/>\n\t<meta property=\"og:image:type\" content=\"image\/jpeg\" \/>\n<meta name=\"author\" content=\"Av. Deniz Can K\u0131z\u0131l\" \/>\n<meta name=\"twitter:card\" content=\"summary_large_image\" \/>\n<meta name=\"twitter:label1\" content=\"\u041d\u0430\u043f\u0438\u0441\u0430\u043d\u043e\" \/>\n\t<meta name=\"twitter:data1\" content=\"Av. Deniz Can K\u0131z\u0131l\" \/>\n\t<meta name=\"twitter:label2\" content=\"\u041f\u0440\u0438\u0431\u043b. \u0447\u0430\u0441 \u0447\u0438\u0442\u0430\u043d\u043d\u044f\" \/>\n\t<meta name=\"twitter:data2\" content=\"1 \u0445\u0432\u0438\u043b\u0438\u043d\u0430\" \/>\n<script type=\"application\/ld+json\" class=\"yoast-schema-graph\">{\"@context\":\"https:\/\/schema.org\",\"@graph\":[{\"@type\":\"Article\",\"@id\":\"http:\/\/denizcankizil.tr\/uk\/haberler\/antalya\/yariyil-tatilinin-gozdesi-oldu\/#article\",\"isPartOf\":{\"@id\":\"http:\/\/denizcankizil.tr\/uk\/haberler\/antalya\/yariyil-tatilinin-gozdesi-oldu\/\"},\"author\":{\"name\":\"Av. Deniz Can K\u0131z\u0131l\",\"@id\":\"https:\/\/denizcankizil.tr\/de\/#\/schema\/person\/5dc1b22991bd7ac833867c10afc9b0ff\"},\"headline\":\"Yar\u0131y\u0131l tatilinin g\u00f6zdesi oldu\",\"datePublished\":\"2025-02-04T12:41:14+00:00\",\"mainEntityOfPage\":{\"@id\":\"http:\/\/denizcankizil.tr\/uk\/haberler\/antalya\/yariyil-tatilinin-gozdesi-oldu\/\"},\"wordCount\":156,\"commentCount\":0,\"publisher\":{\"@id\":\"https:\/\/denizcankizil.tr\/de\/#organization\"},\"image\":{\"@id\":\"http:\/\/denizcankizil.tr\/uk\/haberler\/antalya\/yariyil-tatilinin-gozdesi-oldu\/#primaryimage\"},\"thumbnailUrl\":\"http:\/\/denizcankizil.tr\/wp-content\/uploads\/2025\/02\/4476-01-1vq85D.jpeg\",\"articleSection\":[\"Antalya\"],\"inLanguage\":\"uk\",\"potentialAction\":[{\"@type\":\"CommentAction\",\"name\":\"Comment\",\"target\":[\"http:\/\/denizcankizil.tr\/uk\/haberler\/antalya\/yariyil-tatilinin-gozdesi-oldu\/#respond\"]}]},{\"@type\":\"WebPage\",\"@id\":\"http:\/\/denizcankizil.tr\/uk\/haberler\/antalya\/yariyil-tatilinin-gozdesi-oldu\/\",\"url\":\"http:\/\/denizcankizil.tr\/uk\/haberler\/antalya\/yariyil-tatilinin-gozdesi-oldu\/\",\"name\":\"Yar\u0131y\u0131l tatilinin g\u00f6zdesi oldu - Av. Deniz Can K\u0131z\u0131l\",\"isPartOf\":{\"@id\":\"https:\/\/denizcankizil.tr\/de\/#website\"},\"primaryImageOfPage\":{\"@id\":\"http:\/\/denizcankizil.tr\/uk\/haberler\/antalya\/yariyil-tatilinin-gozdesi-oldu\/#primaryimage\"},\"image\":{\"@id\":\"http:\/\/denizcankizil.tr\/uk\/haberler\/antalya\/yariyil-tatilinin-gozdesi-oldu\/#primaryimage\"},\"thumbnailUrl\":\"http:\/\/denizcankizil.tr\/wp-content\/uploads\/2025\/02\/4476-01-1vq85D.jpeg\",\"datePublished\":\"2025-02-04T12:41:14+00:00\",\"breadcrumb\":{\"@id\":\"http:\/\/denizcankizil.tr\/uk\/haberler\/antalya\/yariyil-tatilinin-gozdesi-oldu\/#breadcrumb\"},\"inLanguage\":\"uk\",\"potentialAction\":[{\"@type\":\"ReadAction\",\"target\":[\"http:\/\/denizcankizil.tr\/uk\/haberler\/antalya\/yariyil-tatilinin-gozdesi-oldu\/\"]}]},{\"@type\":\"ImageObject\",\"inLanguage\":\"uk\",\"@id\":\"http:\/\/denizcankizil.tr\/uk\/haberler\/antalya\/yariyil-tatilinin-gozdesi-oldu\/#primaryimage\",\"url\":\"http:\/\/denizcankizil.tr\/wp-content\/uploads\/2025\/02\/4476-01-1vq85D.jpeg\",\"contentUrl\":\"http:\/\/denizcankizil.tr\/wp-content\/uploads\/2025\/02\/4476-01-1vq85D.jpeg\",\"width\":1280,\"height\":720},{\"@type\":\"BreadcrumbList\",\"@id\":\"http:\/\/denizcankizil.tr\/uk\/haberler\/antalya\/yariyil-tatilinin-gozdesi-oldu\/#breadcrumb\",\"itemListElement\":[{\"@type\":\"ListItem\",\"position\":1,\"name\":\"Home\",\"item\":\"https:\/\/denizcankizil.tr\/de\/\"},{\"@type\":\"ListItem\",\"position\":2,\"name\":\"Yar\u0131y\u0131l tatilinin g\u00f6zdesi oldu\"}]},{\"@type\":\"WebSite\",\"@id\":\"https:\/\/denizcankizil.tr\/de\/#website\",\"url\":\"https:\/\/denizcankizil.tr\/de\/\",\"name\":\"Av. Deniz Can K\u0131z\u0131l\",\"description\":\"Avukat Deniz Can K\u0131z\u0131l Antalya Barosu\",\"publisher\":{\"@id\":\"https:\/\/denizcankizil.tr\/de\/#organization\"},\"potentialAction\":[{\"@type\":\"SearchAction\",\"target\":{\"@type\":\"EntryPoint\",\"urlTemplate\":\"https:\/\/denizcankizil.tr\/de\/?s={search_term_string}\"},\"query-input\":{\"@type\":\"PropertyValueSpecification\",\"valueRequired\":true,\"valueName\":\"search_term_string\"}}],\"inLanguage\":\"uk\"},{\"@type\":\"Organization\",\"@id\":\"https:\/\/denizcankizil.tr\/de\/#organization\",\"name\":\"Av. Deniz Can K\u0131z\u0131l\",\"url\":\"https:\/\/denizcankizil.tr\/de\/\",\"logo\":{\"@type\":\"ImageObject\",\"inLanguage\":\"uk\",\"@id\":\"https:\/\/denizcankizil.tr\/de\/#\/schema\/logo\/image\/\",\"url\":\"http:\/\/denizcankizil.tr\/wp-content\/uploads\/2024\/10\/siyah-logo-svg.svg\",\"contentUrl\":\"http:\/\/denizcankizil.tr\/wp-content\/uploads\/2024\/10\/siyah-logo-svg.svg\",\"width\":1080,\"height\":1080,\"caption\":\"Av. Deniz Can K\u0131z\u0131l\"},\"image\":{\"@id\":\"https:\/\/denizcankizil.tr\/de\/#\/schema\/logo\/image\/\"}},{\"@type\":\"Person\",\"@id\":\"https:\/\/denizcankizil.tr\/de\/#\/schema\/person\/5dc1b22991bd7ac833867c10afc9b0ff\",\"name\":\"Av. Deniz Can K\u0131z\u0131l\",\"image\":{\"@type\":\"ImageObject\",\"inLanguage\":\"uk\",\"@id\":\"https:\/\/denizcankizil.tr\/de\/#\/schema\/person\/image\/\",\"url\":\"https:\/\/secure.gravatar.com\/avatar\/a0b128fb9855c79efc976d5640eedb31dc35ec297594d6016d2cf7c60e975bb6?s=96&d=mm&r=g\",\"contentUrl\":\"https:\/\/secure.gravatar.com\/avatar\/a0b128fb9855c79efc976d5640eedb31dc35ec297594d6016d2cf7c60e975bb6?s=96&d=mm&r=g\",\"caption\":\"Av. Deniz Can K\u0131z\u0131l\"},\"sameAs\":[\"http:\/\/www.denizcankizil.tr\"],\"url\":\"http:\/\/denizcankizil.tr\/uk\/author\/denizcankizil\/\"}]}<\/script>\n<!-- \/ Yoast SEO Premium plugin. -->","yoast_head_json":{"title":"Yar\u0131y\u0131l tatilinin g\u00f6zdesi oldu - Av. Deniz Can K\u0131z\u0131l","robots":{"index":"index","follow":"follow","max-snippet":"max-snippet:-1","max-image-preview":"max-image-preview:large","max-video-preview":"max-video-preview:-1"},"canonical":"http:\/\/denizcankizil.tr\/uk\/haberler\/antalya\/yariyil-tatilinin-gozdesi-oldu\/","og_locale":"uk_UA","og_type":"article","og_title":"Yar\u0131y\u0131l tatilinin g\u00f6zdesi oldu","og_description":"Her y\u0131l ara tatilde 10 binin \u00fczerinde ziyaret\u00e7iyi a\u011f\u0131rlayan Antalya&#8217;n\u0131n Kepez Belediyesi&#8217;nin Anadolu Oyuncak M\u00fczesi bu y\u0131l da g\u00f6rd\u00fc\u011f\u00fc yo\u011fun ilgi ile rekor bir kat\u0131l\u0131ma ula\u015ft\u0131. Anadolu Oyuncak M\u00fczesi&#8217;ni s\u00f6mestir tatilinde yeti\u015fkinlerle beraber toplam 20 bin 148 ki\u015fi ziyaret etti. 15 farkl\u0131 temaya sahip 15 salonda yakla\u015f\u0131k 13 bin 800 oyunca\u011f\u0131n sergilendi\u011fi m\u00fcze, \u00e7ocuklar kadar yeti\u015fkinlerin de ilgi oda\u011f\u0131 oldu. Kara tahtal\u0131 okul s\u0131n\u0131f\u0131ndan, masal odas\u0131na, esnaf soka\u011f\u0131ndan Kalei\u00e7i Soka\u011f\u0131&#8217;na, arabalardan, bebeklere kadar binlerce oyunca\u011fa ev sahipli\u011fi yapan m\u00fcze, yeti\u015fkinlere nostaljiyi ya\u015fatt\u0131. \u00d6zel park\u0131 ile toplam 5 d\u00f6n\u00fcml\u00fck alana kurulan m\u00fczede e\u011fitici, e\u011flendirici ve beceriler kazand\u0131ran at\u00f6lye \u00e7al\u0131\u015fmalar\u0131 da yap\u0131l\u0131yor. Kaynak: www.kanalv.com.tr Haber Sitesinden Al\u0131nm\u0131\u015ft\u0131r.","og_url":"http:\/\/denizcankizil.tr\/uk\/haberler\/antalya\/yariyil-tatilinin-gozdesi-oldu\/","og_site_name":"Av. Deniz Can K\u0131z\u0131l","article_published_time":"2025-02-04T12:41:14+00:00","og_image":[{"width":1280,"height":720,"url":"http:\/\/denizcankizil.tr\/wp-content\/uploads\/2025\/02\/4476-01-1vq85D.jpeg","type":"image\/jpeg"}],"author":"Av. Deniz Can K\u0131z\u0131l","twitter_card":"summary_large_image","twitter_misc":{"\u041d\u0430\u043f\u0438\u0441\u0430\u043d\u043e":"Av. Deniz Can K\u0131z\u0131l","\u041f\u0440\u0438\u0431\u043b. \u0447\u0430\u0441 \u0447\u0438\u0442\u0430\u043d\u043d\u044f":"1 \u0445\u0432\u0438\u043b\u0438\u043d\u0430"},"schema":{"@context":"https:\/\/schema.org","@graph":[{"@type":"Article","@id":"http:\/\/denizcankizil.tr\/uk\/haberler\/antalya\/yariyil-tatilinin-gozdesi-oldu\/#article","isPartOf":{"@id":"http:\/\/denizcankizil.tr\/uk\/haberler\/antalya\/yariyil-tatilinin-gozdesi-oldu\/"},"author":{"name":"Av. Deniz Can K\u0131z\u0131l","@id":"https:\/\/denizcankizil.tr\/de\/#\/schema\/person\/5dc1b22991bd7ac833867c10afc9b0ff"},"headline":"Yar\u0131y\u0131l tatilinin g\u00f6zdesi oldu","datePublished":"2025-02-04T12:41:14+00:00","mainEntityOfPage":{"@id":"http:\/\/denizcankizil.tr\/uk\/haberler\/antalya\/yariyil-tatilinin-gozdesi-oldu\/"},"wordCount":156,"commentCount":0,"publisher":{"@id":"https:\/\/denizcankizil.tr\/de\/#organization"},"image":{"@id":"http:\/\/denizcankizil.tr\/uk\/haberler\/antalya\/yariyil-tatilinin-gozdesi-oldu\/#primaryimage"},"thumbnailUrl":"http:\/\/denizcankizil.tr\/wp-content\/uploads\/2025\/02\/4476-01-1vq85D.jpeg","articleSection":["Antalya"],"inLanguage":"uk","potentialAction":[{"@type":"CommentAction","name":"Comment","target":["http:\/\/denizcankizil.tr\/uk\/haberler\/antalya\/yariyil-tatilinin-gozdesi-oldu\/#respond"]}]},{"@type":"WebPage","@id":"http:\/\/denizcankizil.tr\/uk\/haberler\/antalya\/yariyil-tatilinin-gozdesi-oldu\/","url":"http:\/\/denizcankizil.tr\/uk\/haberler\/antalya\/yariyil-tatilinin-gozdesi-oldu\/","name":"Yar\u0131y\u0131l tatilinin g\u00f6zdesi oldu - Av. Deniz Can K\u0131z\u0131l","isPartOf":{"@id":"https:\/\/denizcankizil.tr\/de\/#website"},"primaryImageOfPage":{"@id":"http:\/\/denizcankizil.tr\/uk\/haberler\/antalya\/yariyil-tatilinin-gozdesi-oldu\/#primaryimage"},"image":{"@id":"http:\/\/denizcankizil.tr\/uk\/haberler\/antalya\/yariyil-tatilinin-gozdesi-oldu\/#primaryimage"},"thumbnailUrl":"http:\/\/denizcankizil.tr\/wp-content\/uploads\/2025\/02\/4476-01-1vq85D.jpeg","datePublished":"2025-02-04T12:41:14+00:00","breadcrumb":{"@id":"http:\/\/denizcankizil.tr\/uk\/haberler\/antalya\/yariyil-tatilinin-gozdesi-oldu\/#breadcrumb"},"inLanguage":"uk","potentialAction":[{"@type":"ReadAction","target":["http:\/\/denizcankizil.tr\/uk\/haberler\/antalya\/yariyil-tatilinin-gozdesi-oldu\/"]}]},{"@type":"ImageObject","inLanguage":"uk","@id":"http:\/\/denizcankizil.tr\/uk\/haberler\/antalya\/yariyil-tatilinin-gozdesi-oldu\/#primaryimage","url":"http:\/\/denizcankizil.tr\/wp-content\/uploads\/2025\/02\/4476-01-1vq85D.jpeg","contentUrl":"http:\/\/denizcankizil.tr\/wp-content\/uploads\/2025\/02\/4476-01-1vq85D.jpeg","width":1280,"height":720},{"@type":"BreadcrumbList","@id":"http:\/\/denizcankizil.tr\/uk\/haberler\/antalya\/yariyil-tatilinin-gozdesi-oldu\/#breadcrumb","itemListElement":[{"@type":"ListItem","position":1,"name":"Home","item":"https:\/\/denizcankizil.tr\/de\/"},{"@type":"ListItem","position":2,"name":"Yar\u0131y\u0131l tatilinin g\u00f6zdesi oldu"}]},{"@type":"WebSite","@id":"https:\/\/denizcankizil.tr\/de\/#website","url":"https:\/\/denizcankizil.tr\/de\/","name":"Av. Deniz Can K\u0131z\u0131l","description":"Avukat Deniz Can K\u0131z\u0131l Antalya Barosu","publisher":{"@id":"https:\/\/denizcankizil.tr\/de\/#organization"},"potentialAction":[{"@type":"SearchAction","target":{"@type":"EntryPoint","urlTemplate":"https:\/\/denizcankizil.tr\/de\/?s={search_term_string}"},"query-input":{"@type":"PropertyValueSpecification","valueRequired":true,"valueName":"search_term_string"}}],"inLanguage":"uk"},{"@type":"Organization","@id":"https:\/\/denizcankizil.tr\/de\/#organization","name":"Av. Deniz Can K\u0131z\u0131l","url":"https:\/\/denizcankizil.tr\/de\/","logo":{"@type":"ImageObject","inLanguage":"uk","@id":"https:\/\/denizcankizil.tr\/de\/#\/schema\/logo\/image\/","url":"http:\/\/denizcankizil.tr\/wp-content\/uploads\/2024\/10\/siyah-logo-svg.svg","contentUrl":"http:\/\/denizcankizil.tr\/wp-content\/uploads\/2024\/10\/siyah-logo-svg.svg","width":1080,"height":1080,"caption":"Av. Deniz Can K\u0131z\u0131l"},"image":{"@id":"https:\/\/denizcankizil.tr\/de\/#\/schema\/logo\/image\/"}},{"@type":"Person","@id":"https:\/\/denizcankizil.tr\/de\/#\/schema\/person\/5dc1b22991bd7ac833867c10afc9b0ff","name":"Av. Deniz Can K\u0131z\u0131l","image":{"@type":"ImageObject","inLanguage":"uk","@id":"https:\/\/denizcankizil.tr\/de\/#\/schema\/person\/image\/","url":"https:\/\/secure.gravatar.com\/avatar\/a0b128fb9855c79efc976d5640eedb31dc35ec297594d6016d2cf7c60e975bb6?s=96&d=mm&r=g","contentUrl":"https:\/\/secure.gravatar.com\/avatar\/a0b128fb9855c79efc976d5640eedb31dc35ec297594d6016d2cf7c60e975bb6?s=96&d=mm&r=g","caption":"Av. Deniz Can K\u0131z\u0131l"},"sameAs":["http:\/\/www.denizcankizil.tr"],"url":"http:\/\/denizcankizil.tr\/uk\/author\/denizcankizil\/"}]}},"_links":{"self":[{"href":"http:\/\/denizcankizil.tr\/uk\/wp-json\/wp\/v2\/posts\/30089","targetHints":{"allow":["GET"]}}],"collection":[{"href":"http:\/\/denizcankizil.tr\/uk\/wp-json\/wp\/v2\/posts"}],"about":[{"href":"http:\/\/denizcankizil.tr\/uk\/wp-json\/wp\/v2\/types\/post"}],"author":[{"embeddable":true,"href":"http:\/\/denizcankizil.tr\/uk\/wp-json\/wp\/v2\/users\/4"}],"replies":[{"embeddable":true,"href":"http:\/\/denizcankizil.tr\/uk\/wp-json\/wp\/v2\/comments?post=30089"}],"version-history":[{"count":0,"href":"http:\/\/denizcankizil.tr\/uk\/wp-json\/wp\/v2\/posts\/30089\/revisions"}],"wp:featuredmedia":[{"embeddable":true,"href":"http:\/\/denizcankizil.tr\/uk\/wp-json\/wp\/v2\/media\/30090"}],"wp:attachment":[{"href":"http:\/\/denizcankizil.tr\/uk\/wp-json\/wp\/v2\/media?parent=30089"}],"wp:term":[{"taxonomy":"category","embeddable":true,"href":"http:\/\/denizcankizil.tr\/uk\/wp-json\/wp\/v2\/categories?post=30089"},{"taxonomy":"post_tag","embeddable":true,"href":"http:\/\/denizcankizil.tr\/uk\/wp-json\/wp\/v2\/tags?post=30089"}],"curies":[{"name":"wp","href":"https:\/\/api.w.org\/{rel}","templated":true}]}}