{"id":29565,"date":"2025-02-02T17:41:31","date_gmt":"2025-02-02T14:41:31","guid":{"rendered":"https:\/\/denizcankizil.tr\/uncategorized-tr\/gazipasaya-inmesi-gereken-ucak-antalyaya-havalimanina-yonlendirildi\/"},"modified":"2025-02-02T17:41:31","modified_gmt":"2025-02-02T14:41:31","slug":"gazipasaya-inmesi-gereken-ucak-antalyaya-havalimanina-yonlendirildi","status":"publish","type":"post","link":"http:\/\/denizcankizil.tr\/uk\/haberler\/gundem\/gazipasaya-inmesi-gereken-ucak-antalyaya-havalimanina-yonlendirildi\/","title":{"rendered":"Gazipa\u015fa\u2019ya inmesi gereken u\u00e7ak, Antalya\u2019ya Havaliman\u0131\u2019na y\u00f6nlendirildi"},"content":{"rendered":"<p>\u0130stanbul Havaliman\u0131\u2019ndan kalk\u0131\u015f yapan T\u00fcrk Hava Yollar\u0131\u2019n\u0131n ait \u00a0TC-JHN tescilli Boeing 737 tipi u\u00e7ak, Alanya Gazipa\u015fa Havaliman\u0131\u2019na inmesi gerekirken bilinmeye bir sebepten \u00f6t\u00fcr\u00fc Antalya Havaliman\u0131\u2019na y\u00f6nlendirildi.\u00a0<\/p>\n<p>ANTALYA HAVAL\u0130MANI\u2019NA \u0130ND\u0130\u00a0<\/p>\n<p>Hava Sosyal Medya sayfas\u0131nda edinilen bilgiye g\u00f6re; \u0130stanbul-Gazipa\u015fa seferini yapan u\u00e7ak bir anda Antalya Havaliman\u0131\u2019na y\u00f6nlendirildi ve u\u00e7ak burada uzun bir s\u00fcre bekledi. Ard\u0131ndan u\u00e7ak tekrardan kalk\u0131\u015f yaparak Gazipa\u015fa Havaliman\u0131\u2019na emniyetli bir bi\u00e7imde inerek seferini tamamlad\u0131.<\/p>\n<p>RESM\u0130 B\u0130R A\u00c7IKLAMA YOK<\/p>\n<p>U\u00e7a\u011f\u0131n neden Gazipa\u015fa Havaliman\u0131 yerine neden Antalya Havaliman\u0131\u2019na y\u00f6nlendirildi\u011fi ya da burada neden bu kadar uzun bir s\u00fcre bekledi\u011fine dahil resmi bir a\u00e7\u0131klama yap\u0131lmad\u0131.\u00a0<\/p>\n<p>\u00a0<\/p>\n<p>\u200b\u0130stanbul-Gazipa\u015fa seferini yapan T\u00fcrk Havayollar\u0131\u2019na ait u\u00e7ak, bilinmeyen bir nedenden \u00f6t\u00fcr\u00fc Antalya Havaliman\u0131\u2019na y\u00f6nlendirildi. Havaliman\u0131\u2019na inen u\u00e7ak uzun bir s\u00fcre burada bekledi.\u00a0<\/p>\n<p>\u200bHaberin Al\u0131nt\u0131land\u0131\u011f\u0131 Kaynak: www.antalyakorfez.com<\/p>","protected":false},"excerpt":{"rendered":"<p>\u0130stanbul Havaliman\u0131\u2019ndan kalk\u0131\u015f yapan T\u00fcrk Hava Yollar\u0131\u2019n\u0131n ait \u00a0TC-JHN tescilli Boeing 737 tipi u\u00e7ak, Alanya Gazipa\u015fa Havaliman\u0131\u2019na inmesi gerekirken bilinmeye bir sebepten \u00f6t\u00fcr\u00fc Antalya Havaliman\u0131\u2019na y\u00f6nlendirildi.\u00a0 ANTALYA HAVAL\u0130MANI\u2019NA \u0130ND\u0130\u00a0 Hava Sosyal Medya sayfas\u0131nda edinilen bilgiye g\u00f6re; \u0130stanbul-Gazipa\u015fa seferini yapan u\u00e7ak bir anda Antalya Havaliman\u0131\u2019na y\u00f6nlendirildi ve u\u00e7ak burada uzun bir s\u00fcre bekledi. Ard\u0131ndan u\u00e7ak tekrardan kalk\u0131\u015f yaparak Gazipa\u015fa Havaliman\u0131\u2019na emniyetli bir bi\u00e7imde inerek seferini tamamlad\u0131. RESM\u0130 B\u0130R A\u00c7IKLAMA YOK U\u00e7a\u011f\u0131n neden Gazipa\u015fa Havaliman\u0131 yerine neden Antalya Havaliman\u0131\u2019na y\u00f6nlendirildi\u011fi ya da burada neden bu kadar uzun bir s\u00fcre bekledi\u011fine dahil resmi bir a\u00e7\u0131klama yap\u0131lmad\u0131.\u00a0 \u00a0 \u200b\u0130stanbul-Gazipa\u015fa seferini yapan T\u00fcrk Havayollar\u0131\u2019na ait u\u00e7ak, bilinmeyen bir nedenden \u00f6t\u00fcr\u00fc Antalya Havaliman\u0131\u2019na y\u00f6nlendirildi. Havaliman\u0131\u2019na inen u\u00e7ak uzun bir s\u00fcre burada bekledi.\u00a0 \u200bHaberin Al\u0131nt\u0131land\u0131\u011f\u0131 Kaynak: www.antalyakorfez.com<\/p>","protected":false},"author":5,"featured_media":0,"comment_status":"open","ping_status":"open","sticky":false,"template":"","format":"standard","meta":{"_acf_changed":false,"footnotes":""},"categories":[24],"tags":[],"class_list":["post-29565","post","type-post","status-publish","format-standard","has-post-thumbnail","hentry","category-gundem"],"acf":[],"yoast_head":"<!-- This site is optimized with the Yoast SEO Premium plugin v26.6 (Yoast SEO v27.1.1) - https:\/\/yoast.com\/product\/yoast-seo-premium-wordpress\/ -->\n<title>Gazipa\u015fa\u2019ya inmesi gereken u\u00e7ak, Antalya\u2019ya Havaliman\u0131\u2019na y\u00f6nlendirildi - Av. Deniz Can K\u0131z\u0131l<\/title>\n<meta name=\"robots\" content=\"index, follow, max-snippet:-1, max-image-preview:large, max-video-preview:-1\" \/>\n<link rel=\"canonical\" href=\"https:\/\/denizcankizil.tr\/uk\/haberler\/gundem\/gazipasaya-inmesi-gereken-ucak-antalyaya-havalimanina-yonlendirildi\/\" \/>\n<meta property=\"og:locale\" content=\"uk_UA\" \/>\n<meta property=\"og:type\" content=\"article\" \/>\n<meta property=\"og:title\" content=\"Gazipa\u015fa\u2019ya inmesi gereken u\u00e7ak, Antalya\u2019ya Havaliman\u0131\u2019na y\u00f6nlendirildi\" \/>\n<meta property=\"og:description\" content=\"\u0130stanbul Havaliman\u0131\u2019ndan kalk\u0131\u015f yapan T\u00fcrk Hava Yollar\u0131\u2019n\u0131n ait \u00a0TC-JHN tescilli Boeing 737 tipi u\u00e7ak, Alanya Gazipa\u015fa Havaliman\u0131\u2019na inmesi gerekirken bilinmeye bir sebepten \u00f6t\u00fcr\u00fc Antalya Havaliman\u0131\u2019na y\u00f6nlendirildi.\u00a0 ANTALYA HAVAL\u0130MANI\u2019NA \u0130ND\u0130\u00a0 Hava Sosyal Medya sayfas\u0131nda edinilen bilgiye g\u00f6re; \u0130stanbul-Gazipa\u015fa seferini yapan u\u00e7ak bir anda Antalya Havaliman\u0131\u2019na y\u00f6nlendirildi ve u\u00e7ak burada uzun bir s\u00fcre bekledi. Ard\u0131ndan u\u00e7ak tekrardan kalk\u0131\u015f yaparak Gazipa\u015fa Havaliman\u0131\u2019na emniyetli bir bi\u00e7imde inerek seferini tamamlad\u0131. RESM\u0130 B\u0130R A\u00c7IKLAMA YOK U\u00e7a\u011f\u0131n neden Gazipa\u015fa Havaliman\u0131 yerine neden Antalya Havaliman\u0131\u2019na y\u00f6nlendirildi\u011fi ya da burada neden bu kadar uzun bir s\u00fcre bekledi\u011fine dahil resmi bir a\u00e7\u0131klama yap\u0131lmad\u0131.\u00a0 \u00a0 \u200b\u0130stanbul-Gazipa\u015fa seferini yapan T\u00fcrk Havayollar\u0131\u2019na ait u\u00e7ak, bilinmeyen bir nedenden \u00f6t\u00fcr\u00fc Antalya Havaliman\u0131\u2019na y\u00f6nlendirildi. Havaliman\u0131\u2019na inen u\u00e7ak uzun bir s\u00fcre burada bekledi.\u00a0 \u200bHaberin Al\u0131nt\u0131land\u0131\u011f\u0131 Kaynak: www.antalyakorfez.com\" \/>\n<meta property=\"og:url\" content=\"https:\/\/denizcankizil.tr\/uk\/haberler\/gundem\/gazipasaya-inmesi-gereken-ucak-antalyaya-havalimanina-yonlendirildi\/\" \/>\n<meta property=\"og:site_name\" content=\"Av. Deniz Can K\u0131z\u0131l\" \/>\n<meta property=\"article:published_time\" content=\"2025-02-02T14:41:31+00:00\" \/>\n<meta name=\"author\" content=\"Antalya K\u00f6rfez\" \/>\n<meta name=\"twitter:card\" content=\"summary_large_image\" \/>\n<meta name=\"twitter:label1\" content=\"\u041d\u0430\u043f\u0438\u0441\u0430\u043d\u043e\" \/>\n\t<meta name=\"twitter:data1\" content=\"Antalya K\u00f6rfez\" \/>\n\t<meta name=\"twitter:label2\" content=\"\u041f\u0440\u0438\u0431\u043b. \u0447\u0430\u0441 \u0447\u0438\u0442\u0430\u043d\u043d\u044f\" \/>\n\t<meta name=\"twitter:data2\" content=\"1 \u0445\u0432\u0438\u043b\u0438\u043d\u0430\" \/>\n<script type=\"application\/ld+json\" class=\"yoast-schema-graph\">{\"@context\":\"https:\/\/schema.org\",\"@graph\":[{\"@type\":\"Article\",\"@id\":\"https:\/\/denizcankizil.tr\/de\/haberler\/gundem\/gazipasaya-inmesi-gereken-ucak-antalyaya-havalimanina-yonlendirildi\/#article\",\"isPartOf\":{\"@id\":\"https:\/\/denizcankizil.tr\/de\/haberler\/gundem\/gazipasaya-inmesi-gereken-ucak-antalyaya-havalimanina-yonlendirildi\/\"},\"author\":{\"name\":\"Antalya K\u00f6rfez\",\"@id\":\"https:\/\/denizcankizil.tr\/de\/#\/schema\/person\/e1eb71bb4dd684d46563f0af307e1234\"},\"headline\":\"Gazipa\u015fa\u2019ya inmesi gereken u\u00e7ak, Antalya\u2019ya Havaliman\u0131\u2019na y\u00f6nlendirildi\",\"datePublished\":\"2025-02-02T14:41:31+00:00\",\"mainEntityOfPage\":{\"@id\":\"https:\/\/denizcankizil.tr\/de\/haberler\/gundem\/gazipasaya-inmesi-gereken-ucak-antalyaya-havalimanina-yonlendirildi\/\"},\"wordCount\":182,\"commentCount\":0,\"publisher\":{\"@id\":\"https:\/\/denizcankizil.tr\/de\/#organization\"},\"articleSection\":[\"G\u00fcndem\"],\"inLanguage\":\"uk\",\"potentialAction\":[{\"@type\":\"CommentAction\",\"name\":\"Comment\",\"target\":[\"https:\/\/denizcankizil.tr\/de\/haberler\/gundem\/gazipasaya-inmesi-gereken-ucak-antalyaya-havalimanina-yonlendirildi\/#respond\"]}]},{\"@type\":\"WebPage\",\"@id\":\"https:\/\/denizcankizil.tr\/de\/haberler\/gundem\/gazipasaya-inmesi-gereken-ucak-antalyaya-havalimanina-yonlendirildi\/\",\"url\":\"https:\/\/denizcankizil.tr\/de\/haberler\/gundem\/gazipasaya-inmesi-gereken-ucak-antalyaya-havalimanina-yonlendirildi\/\",\"name\":\"Gazipa\u015fa\u2019ya inmesi gereken u\u00e7ak, Antalya\u2019ya Havaliman\u0131\u2019na y\u00f6nlendirildi - Av. Deniz Can K\u0131z\u0131l\",\"isPartOf\":{\"@id\":\"https:\/\/denizcankizil.tr\/de\/#website\"},\"datePublished\":\"2025-02-02T14:41:31+00:00\",\"breadcrumb\":{\"@id\":\"https:\/\/denizcankizil.tr\/de\/haberler\/gundem\/gazipasaya-inmesi-gereken-ucak-antalyaya-havalimanina-yonlendirildi\/#breadcrumb\"},\"inLanguage\":\"uk\",\"potentialAction\":[{\"@type\":\"ReadAction\",\"target\":[\"https:\/\/denizcankizil.tr\/de\/haberler\/gundem\/gazipasaya-inmesi-gereken-ucak-antalyaya-havalimanina-yonlendirildi\/\"]}]},{\"@type\":\"BreadcrumbList\",\"@id\":\"https:\/\/denizcankizil.tr\/de\/haberler\/gundem\/gazipasaya-inmesi-gereken-ucak-antalyaya-havalimanina-yonlendirildi\/#breadcrumb\",\"itemListElement\":[{\"@type\":\"ListItem\",\"position\":1,\"name\":\"Home\",\"item\":\"https:\/\/denizcankizil.tr\/de\/\"},{\"@type\":\"ListItem\",\"position\":2,\"name\":\"Gazipa\u015fa\u2019ya inmesi gereken u\u00e7ak, Antalya\u2019ya Havaliman\u0131\u2019na y\u00f6nlendirildi\"}]},{\"@type\":\"WebSite\",\"@id\":\"https:\/\/denizcankizil.tr\/de\/#website\",\"url\":\"https:\/\/denizcankizil.tr\/de\/\",\"name\":\"Av. Deniz Can K\u0131z\u0131l\",\"description\":\"Avukat Deniz Can K\u0131z\u0131l Antalya Barosu\",\"publisher\":{\"@id\":\"https:\/\/denizcankizil.tr\/de\/#organization\"},\"potentialAction\":[{\"@type\":\"SearchAction\",\"target\":{\"@type\":\"EntryPoint\",\"urlTemplate\":\"https:\/\/denizcankizil.tr\/de\/?s={search_term_string}\"},\"query-input\":{\"@type\":\"PropertyValueSpecification\",\"valueRequired\":true,\"valueName\":\"search_term_string\"}}],\"inLanguage\":\"uk\"},{\"@type\":\"Organization\",\"@id\":\"https:\/\/denizcankizil.tr\/de\/#organization\",\"name\":\"Av. Deniz Can K\u0131z\u0131l\",\"url\":\"https:\/\/denizcankizil.tr\/de\/\",\"logo\":{\"@type\":\"ImageObject\",\"inLanguage\":\"uk\",\"@id\":\"https:\/\/denizcankizil.tr\/de\/#\/schema\/logo\/image\/\",\"url\":\"http:\/\/denizcankizil.tr\/wp-content\/uploads\/2024\/10\/siyah-logo-svg.svg\",\"contentUrl\":\"http:\/\/denizcankizil.tr\/wp-content\/uploads\/2024\/10\/siyah-logo-svg.svg\",\"width\":1080,\"height\":1080,\"caption\":\"Av. Deniz Can K\u0131z\u0131l\"},\"image\":{\"@id\":\"https:\/\/denizcankizil.tr\/de\/#\/schema\/logo\/image\/\"}},{\"@type\":\"Person\",\"@id\":\"https:\/\/denizcankizil.tr\/de\/#\/schema\/person\/e1eb71bb4dd684d46563f0af307e1234\",\"name\":\"Antalya K\u00f6rfez\",\"image\":{\"@type\":\"ImageObject\",\"inLanguage\":\"uk\",\"@id\":\"https:\/\/denizcankizil.tr\/de\/#\/schema\/person\/image\/\",\"url\":\"https:\/\/secure.gravatar.com\/avatar\/42b01982558a48a0b501fdcab6a408d3717ea5919095ee2e67b0e521799c5905?s=96&d=mm&r=g\",\"contentUrl\":\"https:\/\/secure.gravatar.com\/avatar\/42b01982558a48a0b501fdcab6a408d3717ea5919095ee2e67b0e521799c5905?s=96&d=mm&r=g\",\"caption\":\"Antalya K\u00f6rfez\"},\"sameAs\":[\"http:\/\/www.antalyakorfez.com\"],\"url\":\"https:\/\/www.antalyakorfez.com\/gazipasaya-inmesi-gereken-ucak-antalyaya-havalimanina-yonlendirildi\"}]}<\/script>\n<!-- \/ Yoast SEO Premium plugin. -->","yoast_head_json":{"title":"Gazipa\u015fa\u2019ya inmesi gereken u\u00e7ak, Antalya\u2019ya Havaliman\u0131\u2019na y\u00f6nlendirildi - Av. Deniz Can K\u0131z\u0131l","robots":{"index":"index","follow":"follow","max-snippet":"max-snippet:-1","max-image-preview":"max-image-preview:large","max-video-preview":"max-video-preview:-1"},"canonical":"https:\/\/denizcankizil.tr\/uk\/haberler\/gundem\/gazipasaya-inmesi-gereken-ucak-antalyaya-havalimanina-yonlendirildi\/","og_locale":"uk_UA","og_type":"article","og_title":"Gazipa\u015fa\u2019ya inmesi gereken u\u00e7ak, Antalya\u2019ya Havaliman\u0131\u2019na y\u00f6nlendirildi","og_description":"\u0130stanbul Havaliman\u0131\u2019ndan kalk\u0131\u015f yapan T\u00fcrk Hava Yollar\u0131\u2019n\u0131n ait \u00a0TC-JHN tescilli Boeing 737 tipi u\u00e7ak, Alanya Gazipa\u015fa Havaliman\u0131\u2019na inmesi gerekirken bilinmeye bir sebepten \u00f6t\u00fcr\u00fc Antalya Havaliman\u0131\u2019na y\u00f6nlendirildi.\u00a0 ANTALYA HAVAL\u0130MANI\u2019NA \u0130ND\u0130\u00a0 Hava Sosyal Medya sayfas\u0131nda edinilen bilgiye g\u00f6re; \u0130stanbul-Gazipa\u015fa seferini yapan u\u00e7ak bir anda Antalya Havaliman\u0131\u2019na y\u00f6nlendirildi ve u\u00e7ak burada uzun bir s\u00fcre bekledi. Ard\u0131ndan u\u00e7ak tekrardan kalk\u0131\u015f yaparak Gazipa\u015fa Havaliman\u0131\u2019na emniyetli bir bi\u00e7imde inerek seferini tamamlad\u0131. RESM\u0130 B\u0130R A\u00c7IKLAMA YOK U\u00e7a\u011f\u0131n neden Gazipa\u015fa Havaliman\u0131 yerine neden Antalya Havaliman\u0131\u2019na y\u00f6nlendirildi\u011fi ya da burada neden bu kadar uzun bir s\u00fcre bekledi\u011fine dahil resmi bir a\u00e7\u0131klama yap\u0131lmad\u0131.\u00a0 \u00a0 \u200b\u0130stanbul-Gazipa\u015fa seferini yapan T\u00fcrk Havayollar\u0131\u2019na ait u\u00e7ak, bilinmeyen bir nedenden \u00f6t\u00fcr\u00fc Antalya Havaliman\u0131\u2019na y\u00f6nlendirildi. Havaliman\u0131\u2019na inen u\u00e7ak uzun bir s\u00fcre burada bekledi.\u00a0 \u200bHaberin Al\u0131nt\u0131land\u0131\u011f\u0131 Kaynak: www.antalyakorfez.com","og_url":"https:\/\/denizcankizil.tr\/uk\/haberler\/gundem\/gazipasaya-inmesi-gereken-ucak-antalyaya-havalimanina-yonlendirildi\/","og_site_name":"Av. Deniz Can K\u0131z\u0131l","article_published_time":"2025-02-02T14:41:31+00:00","author":"Antalya K\u00f6rfez","twitter_card":"summary_large_image","twitter_misc":{"\u041d\u0430\u043f\u0438\u0441\u0430\u043d\u043e":"Antalya K\u00f6rfez","\u041f\u0440\u0438\u0431\u043b. \u0447\u0430\u0441 \u0447\u0438\u0442\u0430\u043d\u043d\u044f":"1 \u0445\u0432\u0438\u043b\u0438\u043d\u0430"},"schema":{"@context":"https:\/\/schema.org","@graph":[{"@type":"Article","@id":"https:\/\/denizcankizil.tr\/de\/haberler\/gundem\/gazipasaya-inmesi-gereken-ucak-antalyaya-havalimanina-yonlendirildi\/#article","isPartOf":{"@id":"https:\/\/denizcankizil.tr\/de\/haberler\/gundem\/gazipasaya-inmesi-gereken-ucak-antalyaya-havalimanina-yonlendirildi\/"},"author":{"name":"Antalya K\u00f6rfez","@id":"https:\/\/denizcankizil.tr\/de\/#\/schema\/person\/e1eb71bb4dd684d46563f0af307e1234"},"headline":"Gazipa\u015fa\u2019ya inmesi gereken u\u00e7ak, Antalya\u2019ya Havaliman\u0131\u2019na y\u00f6nlendirildi","datePublished":"2025-02-02T14:41:31+00:00","mainEntityOfPage":{"@id":"https:\/\/denizcankizil.tr\/de\/haberler\/gundem\/gazipasaya-inmesi-gereken-ucak-antalyaya-havalimanina-yonlendirildi\/"},"wordCount":182,"commentCount":0,"publisher":{"@id":"https:\/\/denizcankizil.tr\/de\/#organization"},"articleSection":["G\u00fcndem"],"inLanguage":"uk","potentialAction":[{"@type":"CommentAction","name":"Comment","target":["https:\/\/denizcankizil.tr\/de\/haberler\/gundem\/gazipasaya-inmesi-gereken-ucak-antalyaya-havalimanina-yonlendirildi\/#respond"]}]},{"@type":"WebPage","@id":"https:\/\/denizcankizil.tr\/de\/haberler\/gundem\/gazipasaya-inmesi-gereken-ucak-antalyaya-havalimanina-yonlendirildi\/","url":"https:\/\/denizcankizil.tr\/de\/haberler\/gundem\/gazipasaya-inmesi-gereken-ucak-antalyaya-havalimanina-yonlendirildi\/","name":"Gazipa\u015fa\u2019ya inmesi gereken u\u00e7ak, Antalya\u2019ya Havaliman\u0131\u2019na y\u00f6nlendirildi - Av. Deniz Can K\u0131z\u0131l","isPartOf":{"@id":"https:\/\/denizcankizil.tr\/de\/#website"},"datePublished":"2025-02-02T14:41:31+00:00","breadcrumb":{"@id":"https:\/\/denizcankizil.tr\/de\/haberler\/gundem\/gazipasaya-inmesi-gereken-ucak-antalyaya-havalimanina-yonlendirildi\/#breadcrumb"},"inLanguage":"uk","potentialAction":[{"@type":"ReadAction","target":["https:\/\/denizcankizil.tr\/de\/haberler\/gundem\/gazipasaya-inmesi-gereken-ucak-antalyaya-havalimanina-yonlendirildi\/"]}]},{"@type":"BreadcrumbList","@id":"https:\/\/denizcankizil.tr\/de\/haberler\/gundem\/gazipasaya-inmesi-gereken-ucak-antalyaya-havalimanina-yonlendirildi\/#breadcrumb","itemListElement":[{"@type":"ListItem","position":1,"name":"Home","item":"https:\/\/denizcankizil.tr\/de\/"},{"@type":"ListItem","position":2,"name":"Gazipa\u015fa\u2019ya inmesi gereken u\u00e7ak, Antalya\u2019ya Havaliman\u0131\u2019na y\u00f6nlendirildi"}]},{"@type":"WebSite","@id":"https:\/\/denizcankizil.tr\/de\/#website","url":"https:\/\/denizcankizil.tr\/de\/","name":"Av. Deniz Can K\u0131z\u0131l","description":"Avukat Deniz Can K\u0131z\u0131l Antalya Barosu","publisher":{"@id":"https:\/\/denizcankizil.tr\/de\/#organization"},"potentialAction":[{"@type":"SearchAction","target":{"@type":"EntryPoint","urlTemplate":"https:\/\/denizcankizil.tr\/de\/?s={search_term_string}"},"query-input":{"@type":"PropertyValueSpecification","valueRequired":true,"valueName":"search_term_string"}}],"inLanguage":"uk"},{"@type":"Organization","@id":"https:\/\/denizcankizil.tr\/de\/#organization","name":"Av. Deniz Can K\u0131z\u0131l","url":"https:\/\/denizcankizil.tr\/de\/","logo":{"@type":"ImageObject","inLanguage":"uk","@id":"https:\/\/denizcankizil.tr\/de\/#\/schema\/logo\/image\/","url":"http:\/\/denizcankizil.tr\/wp-content\/uploads\/2024\/10\/siyah-logo-svg.svg","contentUrl":"http:\/\/denizcankizil.tr\/wp-content\/uploads\/2024\/10\/siyah-logo-svg.svg","width":1080,"height":1080,"caption":"Av. Deniz Can K\u0131z\u0131l"},"image":{"@id":"https:\/\/denizcankizil.tr\/de\/#\/schema\/logo\/image\/"}},{"@type":"Person","@id":"https:\/\/denizcankizil.tr\/de\/#\/schema\/person\/e1eb71bb4dd684d46563f0af307e1234","name":"Antalya K\u00f6rfez","image":{"@type":"ImageObject","inLanguage":"uk","@id":"https:\/\/denizcankizil.tr\/de\/#\/schema\/person\/image\/","url":"https:\/\/secure.gravatar.com\/avatar\/42b01982558a48a0b501fdcab6a408d3717ea5919095ee2e67b0e521799c5905?s=96&d=mm&r=g","contentUrl":"https:\/\/secure.gravatar.com\/avatar\/42b01982558a48a0b501fdcab6a408d3717ea5919095ee2e67b0e521799c5905?s=96&d=mm&r=g","caption":"Antalya K\u00f6rfez"},"sameAs":["http:\/\/www.antalyakorfez.com"],"url":"https:\/\/www.antalyakorfez.com\/gazipasaya-inmesi-gereken-ucak-antalyaya-havalimanina-yonlendirildi"}]}},"_links":{"self":[{"href":"http:\/\/denizcankizil.tr\/uk\/wp-json\/wp\/v2\/posts\/29565","targetHints":{"allow":["GET"]}}],"collection":[{"href":"http:\/\/denizcankizil.tr\/uk\/wp-json\/wp\/v2\/posts"}],"about":[{"href":"http:\/\/denizcankizil.tr\/uk\/wp-json\/wp\/v2\/types\/post"}],"author":[{"embeddable":true,"href":"http:\/\/denizcankizil.tr\/uk\/wp-json\/wp\/v2\/users\/5"}],"replies":[{"embeddable":true,"href":"http:\/\/denizcankizil.tr\/uk\/wp-json\/wp\/v2\/comments?post=29565"}],"version-history":[{"count":0,"href":"http:\/\/denizcankizil.tr\/uk\/wp-json\/wp\/v2\/posts\/29565\/revisions"}],"wp:attachment":[{"href":"http:\/\/denizcankizil.tr\/uk\/wp-json\/wp\/v2\/media?parent=29565"}],"wp:term":[{"taxonomy":"category","embeddable":true,"href":"http:\/\/denizcankizil.tr\/uk\/wp-json\/wp\/v2\/categories?post=29565"},{"taxonomy":"post_tag","embeddable":true,"href":"http:\/\/denizcankizil.tr\/uk\/wp-json\/wp\/v2\/tags?post=29565"}],"curies":[{"name":"wp","href":"https:\/\/api.w.org\/{rel}","templated":true}]}}