{"id":29297,"date":"2025-02-01T13:41:57","date_gmt":"2025-02-01T10:41:57","guid":{"rendered":"https:\/\/denizcankizil.tr\/uncategorized-tr\/baskan-aras-fethiyeye-328-milyon-liralik-yatirim-yapiyoruz\/"},"modified":"2025-02-01T13:41:57","modified_gmt":"2025-02-01T10:41:57","slug":"baskan-aras-fethiyeye-328-milyon-liralik-yatirim-yapiyoruz","status":"publish","type":"post","link":"http:\/\/denizcankizil.tr\/uk\/haberler\/gundem\/baskan-aras-fethiyeye-328-milyon-liralik-yatirim-yapiyoruz\/","title":{"rendered":"Ba\u015fkan Aras \u201cFethiye\u2019ye 328 Milyon Liral\u0131k Yat\u0131r\u0131m Yap\u0131yoruz\u201d"},"content":{"rendered":"<p>Mu\u011fla B\u00fcy\u00fck\u015fehir Belediye Ba\u015fkan\u0131 Ahmet Aras, 320 milyon TL\u2019lik yat\u0131r\u0131mla yap\u0131m\u0131na ba\u015flanan Fethiye \u00d6l\u00fcdeniz yolunda incelemelerde bulundu.\u00a0<\/p>\n<p>\u200bMu\u011fla B\u00fcy\u00fck\u015fehir Belediye Ba\u015fkan\u0131 Ahmet Aras, 320 milyon TL\u2019lik yat\u0131r\u0131mla yap\u0131m\u0131na ba\u015flanan Fethiye \u00d6l\u00fcdeniz yolunda incelemelerde bulundu.\u00a0\u00a0<\/p>\n<p>\u200bHaberin Al\u0131nt\u0131land\u0131\u011f\u0131 Kaynak: www.iskenderun.org<\/p>","protected":false},"excerpt":{"rendered":"<p>Mu\u011fla B\u00fcy\u00fck\u015fehir Belediye Ba\u015fkan\u0131 Ahmet Aras, 320 milyon TL\u2019lik yat\u0131r\u0131mla yap\u0131m\u0131na ba\u015flanan Fethiye \u00d6l\u00fcdeniz yolunda incelemelerde bulundu.\u00a0 \u200bMu\u011fla B\u00fcy\u00fck\u015fehir Belediye Ba\u015fkan\u0131 Ahmet Aras, 320 milyon TL\u2019lik yat\u0131r\u0131mla yap\u0131m\u0131na ba\u015flanan Fethiye \u00d6l\u00fcdeniz yolunda incelemelerde bulundu.\u00a0\u00a0 \u200bHaberin Al\u0131nt\u0131land\u0131\u011f\u0131 Kaynak: www.iskenderun.org<\/p>","protected":false},"author":1,"featured_media":0,"comment_status":"open","ping_status":"open","sticky":false,"template":"","format":"standard","meta":{"_acf_changed":false,"footnotes":""},"categories":[24],"tags":[],"class_list":["post-29297","post","type-post","status-publish","format-standard","has-post-thumbnail","hentry","category-gundem"],"acf":[],"yoast_head":"<!-- This site is optimized with the Yoast SEO Premium plugin v26.6 (Yoast SEO v27.1.1) - https:\/\/yoast.com\/product\/yoast-seo-premium-wordpress\/ -->\n<title>Ba\u015fkan Aras \u201cFethiye\u2019ye 328 Milyon Liral\u0131k Yat\u0131r\u0131m Yap\u0131yoruz\u201d - Av. Deniz Can K\u0131z\u0131l<\/title>\n<meta name=\"robots\" content=\"index, follow, max-snippet:-1, max-image-preview:large, max-video-preview:-1\" \/>\n<link rel=\"canonical\" href=\"http:\/\/denizcankizil.tr\/uk\/haberler\/gundem\/baskan-aras-fethiyeye-328-milyon-liralik-yatirim-yapiyoruz\/\" \/>\n<meta property=\"og:locale\" content=\"uk_UA\" \/>\n<meta property=\"og:type\" content=\"article\" \/>\n<meta property=\"og:title\" content=\"Ba\u015fkan Aras \u201cFethiye\u2019ye 328 Milyon Liral\u0131k Yat\u0131r\u0131m Yap\u0131yoruz\u201d\" \/>\n<meta property=\"og:description\" content=\"Mu\u011fla B\u00fcy\u00fck\u015fehir Belediye Ba\u015fkan\u0131 Ahmet Aras, 320 milyon TL\u2019lik yat\u0131r\u0131mla yap\u0131m\u0131na ba\u015flanan Fethiye \u00d6l\u00fcdeniz yolunda incelemelerde bulundu.\u00a0 \u200bMu\u011fla B\u00fcy\u00fck\u015fehir Belediye Ba\u015fkan\u0131 Ahmet Aras, 320 milyon TL\u2019lik yat\u0131r\u0131mla yap\u0131m\u0131na ba\u015flanan Fethiye \u00d6l\u00fcdeniz yolunda incelemelerde bulundu.\u00a0\u00a0 \u200bHaberin Al\u0131nt\u0131land\u0131\u011f\u0131 Kaynak: www.iskenderun.org\" \/>\n<meta property=\"og:url\" content=\"http:\/\/denizcankizil.tr\/uk\/haberler\/gundem\/baskan-aras-fethiyeye-328-milyon-liralik-yatirim-yapiyoruz\/\" \/>\n<meta property=\"og:site_name\" content=\"Av. Deniz Can K\u0131z\u0131l\" \/>\n<meta property=\"article:published_time\" content=\"2025-02-01T10:41:57+00:00\" \/>\n<meta name=\"author\" content=\"admin\" \/>\n<meta name=\"twitter:card\" content=\"summary_large_image\" \/>\n<meta name=\"twitter:label1\" content=\"\u041d\u0430\u043f\u0438\u0441\u0430\u043d\u043e\" \/>\n\t<meta name=\"twitter:data1\" content=\"admin\" \/>\n<script type=\"application\/ld+json\" class=\"yoast-schema-graph\">{\"@context\":\"https:\/\/schema.org\",\"@graph\":[{\"@type\":\"Article\",\"@id\":\"http:\/\/denizcankizil.tr\/uk\/haberler\/gundem\/baskan-aras-fethiyeye-328-milyon-liralik-yatirim-yapiyoruz\/#article\",\"isPartOf\":{\"@id\":\"http:\/\/denizcankizil.tr\/uk\/haberler\/gundem\/baskan-aras-fethiyeye-328-milyon-liralik-yatirim-yapiyoruz\/\"},\"author\":{\"name\":\"admin\",\"@id\":\"https:\/\/denizcankizil.tr\/#\/schema\/person\/be3c05fe6a12686905512445d8185489\"},\"headline\":\"Ba\u015fkan Aras \u201cFethiye\u2019ye 328 Milyon Liral\u0131k Yat\u0131r\u0131m Yap\u0131yoruz\u201d\",\"datePublished\":\"2025-02-01T10:41:57+00:00\",\"mainEntityOfPage\":{\"@id\":\"http:\/\/denizcankizil.tr\/uk\/haberler\/gundem\/baskan-aras-fethiyeye-328-milyon-liralik-yatirim-yapiyoruz\/\"},\"wordCount\":77,\"commentCount\":0,\"publisher\":{\"@id\":\"https:\/\/denizcankizil.tr\/#organization\"},\"articleSection\":[\"G\u00fcndem\"],\"inLanguage\":\"uk\",\"potentialAction\":[{\"@type\":\"CommentAction\",\"name\":\"Comment\",\"target\":[\"http:\/\/denizcankizil.tr\/uk\/haberler\/gundem\/baskan-aras-fethiyeye-328-milyon-liralik-yatirim-yapiyoruz\/#respond\"]}]},{\"@type\":\"WebPage\",\"@id\":\"http:\/\/denizcankizil.tr\/uk\/haberler\/gundem\/baskan-aras-fethiyeye-328-milyon-liralik-yatirim-yapiyoruz\/\",\"url\":\"http:\/\/denizcankizil.tr\/uk\/haberler\/gundem\/baskan-aras-fethiyeye-328-milyon-liralik-yatirim-yapiyoruz\/\",\"name\":\"Ba\u015fkan Aras \u201cFethiye\u2019ye 328 Milyon Liral\u0131k Yat\u0131r\u0131m Yap\u0131yoruz\u201d - Av. Deniz Can K\u0131z\u0131l\",\"isPartOf\":{\"@id\":\"https:\/\/denizcankizil.tr\/#website\"},\"datePublished\":\"2025-02-01T10:41:57+00:00\",\"breadcrumb\":{\"@id\":\"http:\/\/denizcankizil.tr\/uk\/haberler\/gundem\/baskan-aras-fethiyeye-328-milyon-liralik-yatirim-yapiyoruz\/#breadcrumb\"},\"inLanguage\":\"uk\",\"potentialAction\":[{\"@type\":\"ReadAction\",\"target\":[\"http:\/\/denizcankizil.tr\/uk\/haberler\/gundem\/baskan-aras-fethiyeye-328-milyon-liralik-yatirim-yapiyoruz\/\"]}]},{\"@type\":\"BreadcrumbList\",\"@id\":\"http:\/\/denizcankizil.tr\/uk\/haberler\/gundem\/baskan-aras-fethiyeye-328-milyon-liralik-yatirim-yapiyoruz\/#breadcrumb\",\"itemListElement\":[{\"@type\":\"ListItem\",\"position\":1,\"name\":\"Home\",\"item\":\"https:\/\/denizcankizil.tr\/uk\/\"},{\"@type\":\"ListItem\",\"position\":2,\"name\":\"Ba\u015fkan Aras \u201cFethiye\u2019ye 328 Milyon Liral\u0131k Yat\u0131r\u0131m Yap\u0131yoruz\u201d\"}]},{\"@type\":\"WebSite\",\"@id\":\"https:\/\/denizcankizil.tr\/#website\",\"url\":\"https:\/\/denizcankizil.tr\/\",\"name\":\"Av. Deniz Can K\u0131z\u0131l\",\"description\":\"Avukat Deniz Can K\u0131z\u0131l Antalya Barosu\",\"publisher\":{\"@id\":\"https:\/\/denizcankizil.tr\/#organization\"},\"potentialAction\":[{\"@type\":\"SearchAction\",\"target\":{\"@type\":\"EntryPoint\",\"urlTemplate\":\"https:\/\/denizcankizil.tr\/?s={search_term_string}\"},\"query-input\":{\"@type\":\"PropertyValueSpecification\",\"valueRequired\":true,\"valueName\":\"search_term_string\"}}],\"inLanguage\":\"uk\"},{\"@type\":\"Organization\",\"@id\":\"https:\/\/denizcankizil.tr\/#organization\",\"name\":\"Av. Deniz Can K\u0131z\u0131l\",\"url\":\"https:\/\/denizcankizil.tr\/\",\"logo\":{\"@type\":\"ImageObject\",\"inLanguage\":\"uk\",\"@id\":\"https:\/\/denizcankizil.tr\/#\/schema\/logo\/image\/\",\"url\":\"http:\/\/denizcankizil.tr\/wp-content\/uploads\/2024\/10\/siyah-logo-svg.svg\",\"contentUrl\":\"http:\/\/denizcankizil.tr\/wp-content\/uploads\/2024\/10\/siyah-logo-svg.svg\",\"width\":1080,\"height\":1080,\"caption\":\"Av. Deniz Can K\u0131z\u0131l\"},\"image\":{\"@id\":\"https:\/\/denizcankizil.tr\/#\/schema\/logo\/image\/\"}},{\"@type\":\"Person\",\"@id\":\"https:\/\/denizcankizil.tr\/#\/schema\/person\/be3c05fe6a12686905512445d8185489\",\"name\":\"admin\",\"image\":{\"@type\":\"ImageObject\",\"inLanguage\":\"uk\",\"@id\":\"https:\/\/denizcankizil.tr\/#\/schema\/person\/image\/\",\"url\":\"https:\/\/secure.gravatar.com\/avatar\/c1fce94c830dc79107e174f890d7210541c4a63e8e5d816341794a2151c9d58c?s=96&d=mm&r=g\",\"contentUrl\":\"https:\/\/secure.gravatar.com\/avatar\/c1fce94c830dc79107e174f890d7210541c4a63e8e5d816341794a2151c9d58c?s=96&d=mm&r=g\",\"caption\":\"admin\"},\"sameAs\":[\"http:\/\/denizcankizil.tr\"],\"url\":\"https:\/\/www.iskenderun.org\/baskan-aras-fethiyeye-328-milyon-liralik-yatirim-yapiyoruz\"}]}<\/script>\n<!-- \/ Yoast SEO Premium plugin. -->","yoast_head_json":{"title":"Ba\u015fkan Aras \u201cFethiye\u2019ye 328 Milyon Liral\u0131k Yat\u0131r\u0131m Yap\u0131yoruz\u201d - Av. Deniz Can K\u0131z\u0131l","robots":{"index":"index","follow":"follow","max-snippet":"max-snippet:-1","max-image-preview":"max-image-preview:large","max-video-preview":"max-video-preview:-1"},"canonical":"http:\/\/denizcankizil.tr\/uk\/haberler\/gundem\/baskan-aras-fethiyeye-328-milyon-liralik-yatirim-yapiyoruz\/","og_locale":"uk_UA","og_type":"article","og_title":"Ba\u015fkan Aras \u201cFethiye\u2019ye 328 Milyon Liral\u0131k Yat\u0131r\u0131m Yap\u0131yoruz\u201d","og_description":"Mu\u011fla B\u00fcy\u00fck\u015fehir Belediye Ba\u015fkan\u0131 Ahmet Aras, 320 milyon TL\u2019lik yat\u0131r\u0131mla yap\u0131m\u0131na ba\u015flanan Fethiye \u00d6l\u00fcdeniz yolunda incelemelerde bulundu.\u00a0 \u200bMu\u011fla B\u00fcy\u00fck\u015fehir Belediye Ba\u015fkan\u0131 Ahmet Aras, 320 milyon TL\u2019lik yat\u0131r\u0131mla yap\u0131m\u0131na ba\u015flanan Fethiye \u00d6l\u00fcdeniz yolunda incelemelerde bulundu.\u00a0\u00a0 \u200bHaberin Al\u0131nt\u0131land\u0131\u011f\u0131 Kaynak: www.iskenderun.org","og_url":"http:\/\/denizcankizil.tr\/uk\/haberler\/gundem\/baskan-aras-fethiyeye-328-milyon-liralik-yatirim-yapiyoruz\/","og_site_name":"Av. Deniz Can K\u0131z\u0131l","article_published_time":"2025-02-01T10:41:57+00:00","author":"admin","twitter_card":"summary_large_image","twitter_misc":{"\u041d\u0430\u043f\u0438\u0441\u0430\u043d\u043e":"admin"},"schema":{"@context":"https:\/\/schema.org","@graph":[{"@type":"Article","@id":"http:\/\/denizcankizil.tr\/uk\/haberler\/gundem\/baskan-aras-fethiyeye-328-milyon-liralik-yatirim-yapiyoruz\/#article","isPartOf":{"@id":"http:\/\/denizcankizil.tr\/uk\/haberler\/gundem\/baskan-aras-fethiyeye-328-milyon-liralik-yatirim-yapiyoruz\/"},"author":{"name":"admin","@id":"https:\/\/denizcankizil.tr\/#\/schema\/person\/be3c05fe6a12686905512445d8185489"},"headline":"Ba\u015fkan Aras \u201cFethiye\u2019ye 328 Milyon Liral\u0131k Yat\u0131r\u0131m Yap\u0131yoruz\u201d","datePublished":"2025-02-01T10:41:57+00:00","mainEntityOfPage":{"@id":"http:\/\/denizcankizil.tr\/uk\/haberler\/gundem\/baskan-aras-fethiyeye-328-milyon-liralik-yatirim-yapiyoruz\/"},"wordCount":77,"commentCount":0,"publisher":{"@id":"https:\/\/denizcankizil.tr\/#organization"},"articleSection":["G\u00fcndem"],"inLanguage":"uk","potentialAction":[{"@type":"CommentAction","name":"Comment","target":["http:\/\/denizcankizil.tr\/uk\/haberler\/gundem\/baskan-aras-fethiyeye-328-milyon-liralik-yatirim-yapiyoruz\/#respond"]}]},{"@type":"WebPage","@id":"http:\/\/denizcankizil.tr\/uk\/haberler\/gundem\/baskan-aras-fethiyeye-328-milyon-liralik-yatirim-yapiyoruz\/","url":"http:\/\/denizcankizil.tr\/uk\/haberler\/gundem\/baskan-aras-fethiyeye-328-milyon-liralik-yatirim-yapiyoruz\/","name":"Ba\u015fkan Aras \u201cFethiye\u2019ye 328 Milyon Liral\u0131k Yat\u0131r\u0131m Yap\u0131yoruz\u201d - Av. Deniz Can K\u0131z\u0131l","isPartOf":{"@id":"https:\/\/denizcankizil.tr\/#website"},"datePublished":"2025-02-01T10:41:57+00:00","breadcrumb":{"@id":"http:\/\/denizcankizil.tr\/uk\/haberler\/gundem\/baskan-aras-fethiyeye-328-milyon-liralik-yatirim-yapiyoruz\/#breadcrumb"},"inLanguage":"uk","potentialAction":[{"@type":"ReadAction","target":["http:\/\/denizcankizil.tr\/uk\/haberler\/gundem\/baskan-aras-fethiyeye-328-milyon-liralik-yatirim-yapiyoruz\/"]}]},{"@type":"BreadcrumbList","@id":"http:\/\/denizcankizil.tr\/uk\/haberler\/gundem\/baskan-aras-fethiyeye-328-milyon-liralik-yatirim-yapiyoruz\/#breadcrumb","itemListElement":[{"@type":"ListItem","position":1,"name":"Home","item":"https:\/\/denizcankizil.tr\/uk\/"},{"@type":"ListItem","position":2,"name":"Ba\u015fkan Aras \u201cFethiye\u2019ye 328 Milyon Liral\u0131k Yat\u0131r\u0131m Yap\u0131yoruz\u201d"}]},{"@type":"WebSite","@id":"https:\/\/denizcankizil.tr\/#website","url":"https:\/\/denizcankizil.tr\/","name":"Av. Deniz Can K\u0131z\u0131l","description":"Avukat Deniz Can K\u0131z\u0131l Antalya Barosu","publisher":{"@id":"https:\/\/denizcankizil.tr\/#organization"},"potentialAction":[{"@type":"SearchAction","target":{"@type":"EntryPoint","urlTemplate":"https:\/\/denizcankizil.tr\/?s={search_term_string}"},"query-input":{"@type":"PropertyValueSpecification","valueRequired":true,"valueName":"search_term_string"}}],"inLanguage":"uk"},{"@type":"Organization","@id":"https:\/\/denizcankizil.tr\/#organization","name":"Av. Deniz Can K\u0131z\u0131l","url":"https:\/\/denizcankizil.tr\/","logo":{"@type":"ImageObject","inLanguage":"uk","@id":"https:\/\/denizcankizil.tr\/#\/schema\/logo\/image\/","url":"http:\/\/denizcankizil.tr\/wp-content\/uploads\/2024\/10\/siyah-logo-svg.svg","contentUrl":"http:\/\/denizcankizil.tr\/wp-content\/uploads\/2024\/10\/siyah-logo-svg.svg","width":1080,"height":1080,"caption":"Av. Deniz Can K\u0131z\u0131l"},"image":{"@id":"https:\/\/denizcankizil.tr\/#\/schema\/logo\/image\/"}},{"@type":"Person","@id":"https:\/\/denizcankizil.tr\/#\/schema\/person\/be3c05fe6a12686905512445d8185489","name":"\u0430\u0434\u043c\u0456\u043d","image":{"@type":"ImageObject","inLanguage":"uk","@id":"https:\/\/denizcankizil.tr\/#\/schema\/person\/image\/","url":"https:\/\/secure.gravatar.com\/avatar\/c1fce94c830dc79107e174f890d7210541c4a63e8e5d816341794a2151c9d58c?s=96&d=mm&r=g","contentUrl":"https:\/\/secure.gravatar.com\/avatar\/c1fce94c830dc79107e174f890d7210541c4a63e8e5d816341794a2151c9d58c?s=96&d=mm&r=g","caption":"admin"},"sameAs":["http:\/\/denizcankizil.tr"],"url":"https:\/\/www.iskenderun.org\/baskan-aras-fethiyeye-328-milyon-liralik-yatirim-yapiyoruz"}]}},"_links":{"self":[{"href":"http:\/\/denizcankizil.tr\/uk\/wp-json\/wp\/v2\/posts\/29297","targetHints":{"allow":["GET"]}}],"collection":[{"href":"http:\/\/denizcankizil.tr\/uk\/wp-json\/wp\/v2\/posts"}],"about":[{"href":"http:\/\/denizcankizil.tr\/uk\/wp-json\/wp\/v2\/types\/post"}],"author":[{"embeddable":true,"href":"http:\/\/denizcankizil.tr\/uk\/wp-json\/wp\/v2\/users\/1"}],"replies":[{"embeddable":true,"href":"http:\/\/denizcankizil.tr\/uk\/wp-json\/wp\/v2\/comments?post=29297"}],"version-history":[{"count":0,"href":"http:\/\/denizcankizil.tr\/uk\/wp-json\/wp\/v2\/posts\/29297\/revisions"}],"wp:attachment":[{"href":"http:\/\/denizcankizil.tr\/uk\/wp-json\/wp\/v2\/media?parent=29297"}],"wp:term":[{"taxonomy":"category","embeddable":true,"href":"http:\/\/denizcankizil.tr\/uk\/wp-json\/wp\/v2\/categories?post=29297"},{"taxonomy":"post_tag","embeddable":true,"href":"http:\/\/denizcankizil.tr\/uk\/wp-json\/wp\/v2\/tags?post=29297"}],"curies":[{"name":"wp","href":"https:\/\/api.w.org\/{rel}","templated":true}]}}