{"id":29095,"date":"2025-01-31T17:41:44","date_gmt":"2025-01-31T14:41:44","guid":{"rendered":"https:\/\/denizcankizil.tr\/uncategorized-tr\/baskan-altay-haciveyiszade-camiinde-ve-kulturparkta-vatandaslarla-bulustu\/"},"modified":"2025-01-31T17:41:44","modified_gmt":"2025-01-31T14:41:44","slug":"baskan-altay-haciveyiszade-camiinde-ve-kulturparkta-vatandaslarla-bulustu","status":"publish","type":"post","link":"http:\/\/denizcankizil.tr\/uk\/haberler\/gundem\/baskan-altay-haciveyiszade-camiinde-ve-kulturparkta-vatandaslarla-bulustu\/","title":{"rendered":"Ba\u015fkan Altay Hac\u0131veyiszade Camii\u2019nde ve K\u00fclt\u00fcrpark&#8217;ta Vatanda\u015flarla Bulu\u015ftu"},"content":{"rendered":"<p>Konya B\u00fcy\u00fck\u015fehir Belediye Ba\u015fkan\u0131 U\u011fur \u0130brahim Altay, Cuma Bulu\u015fmalar\u0131 kapsam\u0131nda Hac\u0131veyiszade Camii\u2019nde Cuma namaz\u0131 sonras\u0131 Konyal\u0131larla bir araya geldi. Ba\u015fkan Altay daha sonra K\u00fclt\u00fcrpark\u2019taki Tramvay B\u00fcfem\u2019de vatanda\u015flarla sohbet etti.<\/p>\n<p>\u200bKonya B\u00fcy\u00fck\u015fehir Belediye Ba\u015fkan\u0131 U\u011fur \u0130brahim Altay, Cuma Bulu\u015fmalar\u0131 kapsam\u0131nda Hac\u0131veyiszade Camii\u2019nde Cuma namaz\u0131 sonras\u0131 Konyal\u0131larla bir araya geldi. Ba\u015fkan Altay daha sonra K\u00fclt\u00fcrpark\u2019taki Tramvay B\u00fcfem\u2019de vatanda\u015flarla sohbet etti.\u00a0<\/p>\n<p>\u200bHaberin Al\u0131nt\u0131land\u0131\u011f\u0131 Kaynak: www.iskenderun.org<\/p>","protected":false},"excerpt":{"rendered":"<p>Konya B\u00fcy\u00fck\u015fehir Belediye Ba\u015fkan\u0131 U\u011fur \u0130brahim Altay, Cuma Bulu\u015fmalar\u0131 kapsam\u0131nda Hac\u0131veyiszade Camii\u2019nde Cuma namaz\u0131 sonras\u0131 Konyal\u0131larla bir araya geldi. Ba\u015fkan Altay daha sonra K\u00fclt\u00fcrpark\u2019taki Tramvay B\u00fcfem\u2019de vatanda\u015flarla sohbet etti. \u200bKonya B\u00fcy\u00fck\u015fehir Belediye Ba\u015fkan\u0131 U\u011fur \u0130brahim Altay, Cuma Bulu\u015fmalar\u0131 kapsam\u0131nda Hac\u0131veyiszade Camii\u2019nde Cuma namaz\u0131 sonras\u0131 Konyal\u0131larla bir araya geldi. Ba\u015fkan Altay daha sonra K\u00fclt\u00fcrpark\u2019taki Tramvay B\u00fcfem\u2019de vatanda\u015flarla sohbet etti.\u00a0 \u200bHaberin Al\u0131nt\u0131land\u0131\u011f\u0131 Kaynak: www.iskenderun.org<\/p>","protected":false},"author":1,"featured_media":0,"comment_status":"open","ping_status":"open","sticky":false,"template":"","format":"standard","meta":{"_acf_changed":false,"footnotes":""},"categories":[24],"tags":[],"class_list":["post-29095","post","type-post","status-publish","format-standard","has-post-thumbnail","hentry","category-gundem"],"acf":[],"yoast_head":"<!-- This site is optimized with the Yoast SEO Premium plugin v26.6 (Yoast SEO v27.1.1) - https:\/\/yoast.com\/product\/yoast-seo-premium-wordpress\/ -->\n<title>Ba\u015fkan Altay Hac\u0131veyiszade Camii\u2019nde ve K\u00fclt\u00fcrpark&#039;ta Vatanda\u015flarla Bulu\u015ftu - Av. Deniz Can K\u0131z\u0131l<\/title>\n<meta name=\"robots\" content=\"index, follow, max-snippet:-1, max-image-preview:large, max-video-preview:-1\" \/>\n<link rel=\"canonical\" href=\"https:\/\/denizcankizil.tr\/uk\/haberler\/gundem\/baskan-altay-haciveyiszade-camiinde-ve-kulturparkta-vatandaslarla-bulustu\/\" \/>\n<meta property=\"og:locale\" content=\"uk_UA\" \/>\n<meta property=\"og:type\" content=\"article\" \/>\n<meta property=\"og:title\" content=\"Ba\u015fkan Altay Hac\u0131veyiszade Camii\u2019nde ve K\u00fclt\u00fcrpark&#039;ta Vatanda\u015flarla Bulu\u015ftu\" \/>\n<meta property=\"og:description\" content=\"Konya B\u00fcy\u00fck\u015fehir Belediye Ba\u015fkan\u0131 U\u011fur \u0130brahim Altay, Cuma Bulu\u015fmalar\u0131 kapsam\u0131nda Hac\u0131veyiszade Camii\u2019nde Cuma namaz\u0131 sonras\u0131 Konyal\u0131larla bir araya geldi. Ba\u015fkan Altay daha sonra K\u00fclt\u00fcrpark\u2019taki Tramvay B\u00fcfem\u2019de vatanda\u015flarla sohbet etti. \u200bKonya B\u00fcy\u00fck\u015fehir Belediye Ba\u015fkan\u0131 U\u011fur \u0130brahim Altay, Cuma Bulu\u015fmalar\u0131 kapsam\u0131nda Hac\u0131veyiszade Camii\u2019nde Cuma namaz\u0131 sonras\u0131 Konyal\u0131larla bir araya geldi. Ba\u015fkan Altay daha sonra K\u00fclt\u00fcrpark\u2019taki Tramvay B\u00fcfem\u2019de vatanda\u015flarla sohbet etti.\u00a0 \u200bHaberin Al\u0131nt\u0131land\u0131\u011f\u0131 Kaynak: www.iskenderun.org\" \/>\n<meta property=\"og:url\" content=\"https:\/\/denizcankizil.tr\/uk\/haberler\/gundem\/baskan-altay-haciveyiszade-camiinde-ve-kulturparkta-vatandaslarla-bulustu\/\" \/>\n<meta property=\"og:site_name\" content=\"Av. Deniz Can K\u0131z\u0131l\" \/>\n<meta property=\"article:published_time\" content=\"2025-01-31T14:41:44+00:00\" \/>\n<meta name=\"author\" content=\"admin\" \/>\n<meta name=\"twitter:card\" content=\"summary_large_image\" \/>\n<meta name=\"twitter:label1\" content=\"\u041d\u0430\u043f\u0438\u0441\u0430\u043d\u043e\" \/>\n\t<meta name=\"twitter:data1\" content=\"admin\" \/>\n\t<meta name=\"twitter:label2\" content=\"\u041f\u0440\u0438\u0431\u043b. \u0447\u0430\u0441 \u0447\u0438\u0442\u0430\u043d\u043d\u044f\" \/>\n\t<meta name=\"twitter:data2\" content=\"1 \u0445\u0432\u0438\u043b\u0438\u043d\u0430\" \/>\n<script type=\"application\/ld+json\" class=\"yoast-schema-graph\">{\"@context\":\"https:\/\/schema.org\",\"@graph\":[{\"@type\":\"Article\",\"@id\":\"https:\/\/denizcankizil.tr\/ru\/haberler\/gundem\/baskan-altay-haciveyiszade-camiinde-ve-kulturparkta-vatandaslarla-bulustu\/#article\",\"isPartOf\":{\"@id\":\"https:\/\/denizcankizil.tr\/ru\/haberler\/gundem\/baskan-altay-haciveyiszade-camiinde-ve-kulturparkta-vatandaslarla-bulustu\/\"},\"author\":{\"name\":\"admin\",\"@id\":\"https:\/\/denizcankizil.tr\/de\/#\/schema\/person\/be3c05fe6a12686905512445d8185489\"},\"headline\":\"Ba\u015fkan Altay Hac\u0131veyiszade Camii\u2019nde ve K\u00fclt\u00fcrpark&#8217;ta Vatanda\u015flarla Bulu\u015ftu\",\"datePublished\":\"2025-01-31T14:41:44+00:00\",\"mainEntityOfPage\":{\"@id\":\"https:\/\/denizcankizil.tr\/ru\/haberler\/gundem\/baskan-altay-haciveyiszade-camiinde-ve-kulturparkta-vatandaslarla-bulustu\/\"},\"wordCount\":116,\"commentCount\":0,\"publisher\":{\"@id\":\"https:\/\/denizcankizil.tr\/de\/#organization\"},\"articleSection\":[\"G\u00fcndem\"],\"inLanguage\":\"uk\",\"potentialAction\":[{\"@type\":\"CommentAction\",\"name\":\"Comment\",\"target\":[\"https:\/\/denizcankizil.tr\/ru\/haberler\/gundem\/baskan-altay-haciveyiszade-camiinde-ve-kulturparkta-vatandaslarla-bulustu\/#respond\"]}]},{\"@type\":\"WebPage\",\"@id\":\"https:\/\/denizcankizil.tr\/ru\/haberler\/gundem\/baskan-altay-haciveyiszade-camiinde-ve-kulturparkta-vatandaslarla-bulustu\/\",\"url\":\"https:\/\/denizcankizil.tr\/ru\/haberler\/gundem\/baskan-altay-haciveyiszade-camiinde-ve-kulturparkta-vatandaslarla-bulustu\/\",\"name\":\"Ba\u015fkan Altay Hac\u0131veyiszade Camii\u2019nde ve K\u00fclt\u00fcrpark'ta Vatanda\u015flarla Bulu\u015ftu - Av. Deniz Can K\u0131z\u0131l\",\"isPartOf\":{\"@id\":\"https:\/\/denizcankizil.tr\/de\/#website\"},\"datePublished\":\"2025-01-31T14:41:44+00:00\",\"breadcrumb\":{\"@id\":\"https:\/\/denizcankizil.tr\/ru\/haberler\/gundem\/baskan-altay-haciveyiszade-camiinde-ve-kulturparkta-vatandaslarla-bulustu\/#breadcrumb\"},\"inLanguage\":\"uk\",\"potentialAction\":[{\"@type\":\"ReadAction\",\"target\":[\"https:\/\/denizcankizil.tr\/ru\/haberler\/gundem\/baskan-altay-haciveyiszade-camiinde-ve-kulturparkta-vatandaslarla-bulustu\/\"]}]},{\"@type\":\"BreadcrumbList\",\"@id\":\"https:\/\/denizcankizil.tr\/ru\/haberler\/gundem\/baskan-altay-haciveyiszade-camiinde-ve-kulturparkta-vatandaslarla-bulustu\/#breadcrumb\",\"itemListElement\":[{\"@type\":\"ListItem\",\"position\":1,\"name\":\"Home\",\"item\":\"https:\/\/denizcankizil.tr\/de\/\"},{\"@type\":\"ListItem\",\"position\":2,\"name\":\"Ba\u015fkan Altay Hac\u0131veyiszade Camii\u2019nde ve K\u00fclt\u00fcrpark&#8217;ta Vatanda\u015flarla Bulu\u015ftu\"}]},{\"@type\":\"WebSite\",\"@id\":\"https:\/\/denizcankizil.tr\/de\/#website\",\"url\":\"https:\/\/denizcankizil.tr\/de\/\",\"name\":\"Av. Deniz Can K\u0131z\u0131l\",\"description\":\"Avukat Deniz Can K\u0131z\u0131l Antalya Barosu\",\"publisher\":{\"@id\":\"https:\/\/denizcankizil.tr\/de\/#organization\"},\"potentialAction\":[{\"@type\":\"SearchAction\",\"target\":{\"@type\":\"EntryPoint\",\"urlTemplate\":\"https:\/\/denizcankizil.tr\/de\/?s={search_term_string}\"},\"query-input\":{\"@type\":\"PropertyValueSpecification\",\"valueRequired\":true,\"valueName\":\"search_term_string\"}}],\"inLanguage\":\"uk\"},{\"@type\":\"Organization\",\"@id\":\"https:\/\/denizcankizil.tr\/de\/#organization\",\"name\":\"Av. Deniz Can K\u0131z\u0131l\",\"url\":\"https:\/\/denizcankizil.tr\/de\/\",\"logo\":{\"@type\":\"ImageObject\",\"inLanguage\":\"uk\",\"@id\":\"https:\/\/denizcankizil.tr\/de\/#\/schema\/logo\/image\/\",\"url\":\"http:\/\/denizcankizil.tr\/wp-content\/uploads\/2024\/10\/siyah-logo-svg.svg\",\"contentUrl\":\"http:\/\/denizcankizil.tr\/wp-content\/uploads\/2024\/10\/siyah-logo-svg.svg\",\"width\":1080,\"height\":1080,\"caption\":\"Av. Deniz Can K\u0131z\u0131l\"},\"image\":{\"@id\":\"https:\/\/denizcankizil.tr\/de\/#\/schema\/logo\/image\/\"}},{\"@type\":\"Person\",\"@id\":\"https:\/\/denizcankizil.tr\/de\/#\/schema\/person\/be3c05fe6a12686905512445d8185489\",\"name\":\"admin\",\"image\":{\"@type\":\"ImageObject\",\"inLanguage\":\"uk\",\"@id\":\"https:\/\/denizcankizil.tr\/de\/#\/schema\/person\/image\/\",\"url\":\"https:\/\/secure.gravatar.com\/avatar\/c1fce94c830dc79107e174f890d7210541c4a63e8e5d816341794a2151c9d58c?s=96&d=mm&r=g\",\"contentUrl\":\"https:\/\/secure.gravatar.com\/avatar\/c1fce94c830dc79107e174f890d7210541c4a63e8e5d816341794a2151c9d58c?s=96&d=mm&r=g\",\"caption\":\"admin\"},\"sameAs\":[\"http:\/\/denizcankizil.tr\"],\"url\":\"https:\/\/www.iskenderun.org\/baskan-altay-haciveyiszade-camiinde-ve-kulturparkta-vatandaslarla-bulustu\"}]}<\/script>\n<!-- \/ Yoast SEO Premium plugin. -->","yoast_head_json":{"title":"Ba\u015fkan Altay Hac\u0131veyiszade Camii\u2019nde ve K\u00fclt\u00fcrpark'ta Vatanda\u015flarla Bulu\u015ftu - Av. Deniz Can K\u0131z\u0131l","robots":{"index":"index","follow":"follow","max-snippet":"max-snippet:-1","max-image-preview":"max-image-preview:large","max-video-preview":"max-video-preview:-1"},"canonical":"https:\/\/denizcankizil.tr\/uk\/haberler\/gundem\/baskan-altay-haciveyiszade-camiinde-ve-kulturparkta-vatandaslarla-bulustu\/","og_locale":"uk_UA","og_type":"article","og_title":"Ba\u015fkan Altay Hac\u0131veyiszade Camii\u2019nde ve K\u00fclt\u00fcrpark'ta Vatanda\u015flarla Bulu\u015ftu","og_description":"Konya B\u00fcy\u00fck\u015fehir Belediye Ba\u015fkan\u0131 U\u011fur \u0130brahim Altay, Cuma Bulu\u015fmalar\u0131 kapsam\u0131nda Hac\u0131veyiszade Camii\u2019nde Cuma namaz\u0131 sonras\u0131 Konyal\u0131larla bir araya geldi. Ba\u015fkan Altay daha sonra K\u00fclt\u00fcrpark\u2019taki Tramvay B\u00fcfem\u2019de vatanda\u015flarla sohbet etti. \u200bKonya B\u00fcy\u00fck\u015fehir Belediye Ba\u015fkan\u0131 U\u011fur \u0130brahim Altay, Cuma Bulu\u015fmalar\u0131 kapsam\u0131nda Hac\u0131veyiszade Camii\u2019nde Cuma namaz\u0131 sonras\u0131 Konyal\u0131larla bir araya geldi. Ba\u015fkan Altay daha sonra K\u00fclt\u00fcrpark\u2019taki Tramvay B\u00fcfem\u2019de vatanda\u015flarla sohbet etti.\u00a0 \u200bHaberin Al\u0131nt\u0131land\u0131\u011f\u0131 Kaynak: www.iskenderun.org","og_url":"https:\/\/denizcankizil.tr\/uk\/haberler\/gundem\/baskan-altay-haciveyiszade-camiinde-ve-kulturparkta-vatandaslarla-bulustu\/","og_site_name":"Av. Deniz Can K\u0131z\u0131l","article_published_time":"2025-01-31T14:41:44+00:00","author":"admin","twitter_card":"summary_large_image","twitter_misc":{"\u041d\u0430\u043f\u0438\u0441\u0430\u043d\u043e":"admin","\u041f\u0440\u0438\u0431\u043b. \u0447\u0430\u0441 \u0447\u0438\u0442\u0430\u043d\u043d\u044f":"1 \u0445\u0432\u0438\u043b\u0438\u043d\u0430"},"schema":{"@context":"https:\/\/schema.org","@graph":[{"@type":"Article","@id":"https:\/\/denizcankizil.tr\/ru\/haberler\/gundem\/baskan-altay-haciveyiszade-camiinde-ve-kulturparkta-vatandaslarla-bulustu\/#article","isPartOf":{"@id":"https:\/\/denizcankizil.tr\/ru\/haberler\/gundem\/baskan-altay-haciveyiszade-camiinde-ve-kulturparkta-vatandaslarla-bulustu\/"},"author":{"name":"admin","@id":"https:\/\/denizcankizil.tr\/de\/#\/schema\/person\/be3c05fe6a12686905512445d8185489"},"headline":"Ba\u015fkan Altay Hac\u0131veyiszade Camii\u2019nde ve K\u00fclt\u00fcrpark&#8217;ta Vatanda\u015flarla Bulu\u015ftu","datePublished":"2025-01-31T14:41:44+00:00","mainEntityOfPage":{"@id":"https:\/\/denizcankizil.tr\/ru\/haberler\/gundem\/baskan-altay-haciveyiszade-camiinde-ve-kulturparkta-vatandaslarla-bulustu\/"},"wordCount":116,"commentCount":0,"publisher":{"@id":"https:\/\/denizcankizil.tr\/de\/#organization"},"articleSection":["G\u00fcndem"],"inLanguage":"uk","potentialAction":[{"@type":"CommentAction","name":"Comment","target":["https:\/\/denizcankizil.tr\/ru\/haberler\/gundem\/baskan-altay-haciveyiszade-camiinde-ve-kulturparkta-vatandaslarla-bulustu\/#respond"]}]},{"@type":"WebPage","@id":"https:\/\/denizcankizil.tr\/ru\/haberler\/gundem\/baskan-altay-haciveyiszade-camiinde-ve-kulturparkta-vatandaslarla-bulustu\/","url":"https:\/\/denizcankizil.tr\/ru\/haberler\/gundem\/baskan-altay-haciveyiszade-camiinde-ve-kulturparkta-vatandaslarla-bulustu\/","name":"Ba\u015fkan Altay Hac\u0131veyiszade Camii\u2019nde ve K\u00fclt\u00fcrpark'ta Vatanda\u015flarla Bulu\u015ftu - Av. Deniz Can K\u0131z\u0131l","isPartOf":{"@id":"https:\/\/denizcankizil.tr\/de\/#website"},"datePublished":"2025-01-31T14:41:44+00:00","breadcrumb":{"@id":"https:\/\/denizcankizil.tr\/ru\/haberler\/gundem\/baskan-altay-haciveyiszade-camiinde-ve-kulturparkta-vatandaslarla-bulustu\/#breadcrumb"},"inLanguage":"uk","potentialAction":[{"@type":"ReadAction","target":["https:\/\/denizcankizil.tr\/ru\/haberler\/gundem\/baskan-altay-haciveyiszade-camiinde-ve-kulturparkta-vatandaslarla-bulustu\/"]}]},{"@type":"BreadcrumbList","@id":"https:\/\/denizcankizil.tr\/ru\/haberler\/gundem\/baskan-altay-haciveyiszade-camiinde-ve-kulturparkta-vatandaslarla-bulustu\/#breadcrumb","itemListElement":[{"@type":"ListItem","position":1,"name":"Home","item":"https:\/\/denizcankizil.tr\/de\/"},{"@type":"ListItem","position":2,"name":"Ba\u015fkan Altay Hac\u0131veyiszade Camii\u2019nde ve K\u00fclt\u00fcrpark&#8217;ta Vatanda\u015flarla Bulu\u015ftu"}]},{"@type":"WebSite","@id":"https:\/\/denizcankizil.tr\/de\/#website","url":"https:\/\/denizcankizil.tr\/de\/","name":"Av. Deniz Can K\u0131z\u0131l","description":"Avukat Deniz Can K\u0131z\u0131l Antalya Barosu","publisher":{"@id":"https:\/\/denizcankizil.tr\/de\/#organization"},"potentialAction":[{"@type":"SearchAction","target":{"@type":"EntryPoint","urlTemplate":"https:\/\/denizcankizil.tr\/de\/?s={search_term_string}"},"query-input":{"@type":"PropertyValueSpecification","valueRequired":true,"valueName":"search_term_string"}}],"inLanguage":"uk"},{"@type":"Organization","@id":"https:\/\/denizcankizil.tr\/de\/#organization","name":"Av. Deniz Can K\u0131z\u0131l","url":"https:\/\/denizcankizil.tr\/de\/","logo":{"@type":"ImageObject","inLanguage":"uk","@id":"https:\/\/denizcankizil.tr\/de\/#\/schema\/logo\/image\/","url":"http:\/\/denizcankizil.tr\/wp-content\/uploads\/2024\/10\/siyah-logo-svg.svg","contentUrl":"http:\/\/denizcankizil.tr\/wp-content\/uploads\/2024\/10\/siyah-logo-svg.svg","width":1080,"height":1080,"caption":"Av. Deniz Can K\u0131z\u0131l"},"image":{"@id":"https:\/\/denizcankizil.tr\/de\/#\/schema\/logo\/image\/"}},{"@type":"Person","@id":"https:\/\/denizcankizil.tr\/de\/#\/schema\/person\/be3c05fe6a12686905512445d8185489","name":"\u0430\u0434\u043c\u0456\u043d","image":{"@type":"ImageObject","inLanguage":"uk","@id":"https:\/\/denizcankizil.tr\/de\/#\/schema\/person\/image\/","url":"https:\/\/secure.gravatar.com\/avatar\/c1fce94c830dc79107e174f890d7210541c4a63e8e5d816341794a2151c9d58c?s=96&d=mm&r=g","contentUrl":"https:\/\/secure.gravatar.com\/avatar\/c1fce94c830dc79107e174f890d7210541c4a63e8e5d816341794a2151c9d58c?s=96&d=mm&r=g","caption":"admin"},"sameAs":["http:\/\/denizcankizil.tr"],"url":"https:\/\/www.iskenderun.org\/baskan-altay-haciveyiszade-camiinde-ve-kulturparkta-vatandaslarla-bulustu"}]}},"_links":{"self":[{"href":"http:\/\/denizcankizil.tr\/uk\/wp-json\/wp\/v2\/posts\/29095","targetHints":{"allow":["GET"]}}],"collection":[{"href":"http:\/\/denizcankizil.tr\/uk\/wp-json\/wp\/v2\/posts"}],"about":[{"href":"http:\/\/denizcankizil.tr\/uk\/wp-json\/wp\/v2\/types\/post"}],"author":[{"embeddable":true,"href":"http:\/\/denizcankizil.tr\/uk\/wp-json\/wp\/v2\/users\/1"}],"replies":[{"embeddable":true,"href":"http:\/\/denizcankizil.tr\/uk\/wp-json\/wp\/v2\/comments?post=29095"}],"version-history":[{"count":0,"href":"http:\/\/denizcankizil.tr\/uk\/wp-json\/wp\/v2\/posts\/29095\/revisions"}],"wp:attachment":[{"href":"http:\/\/denizcankizil.tr\/uk\/wp-json\/wp\/v2\/media?parent=29095"}],"wp:term":[{"taxonomy":"category","embeddable":true,"href":"http:\/\/denizcankizil.tr\/uk\/wp-json\/wp\/v2\/categories?post=29095"},{"taxonomy":"post_tag","embeddable":true,"href":"http:\/\/denizcankizil.tr\/uk\/wp-json\/wp\/v2\/tags?post=29095"}],"curies":[{"name":"wp","href":"https:\/\/api.w.org\/{rel}","templated":true}]}}