{"id":28852,"date":"2025-01-31T00:25:00","date_gmt":"2025-01-30T21:25:00","guid":{"rendered":"https:\/\/denizcankizil.tr\/uncategorized-tr\/aymnin-2022-44415-basvuru-numarali-karari\/"},"modified":"2025-01-31T00:25:00","modified_gmt":"2025-01-30T21:25:00","slug":"aymnin-2022-44415-basvuru-numarali-karari","status":"publish","type":"post","link":"http:\/\/denizcankizil.tr\/uk\/hukukihaber\/aymnin-2022-44415-basvuru-numarali-karari\/","title":{"rendered":"AYM&#8217;nin 2022\/44415 ba\u015fvuru numaral\u0131 karar\u0131"},"content":{"rendered":"<p>T\u00dcRK\u0130YE CUMHUR\u0130YET\u0130<\/p>\n<p>   ANAYASA MAHKEMES\u0130<\/p>\n<p>   \u00a0<\/p>\n<p>   \u00a0<\/p>\n<p>   B\u0130R\u0130NC\u0130 B\u00d6L\u00dcM<\/p>\n<p>   \u00a0<\/p>\n<p>   KARAR<\/p>\n<p>   \u00a0<\/p>\n<p>   M. K. BA\u015eVURUSU<\/p>\n<p>   (Ba\u015fvuru Numaras\u0131: 2022\/44415)<\/p>\n<p>   \u00a0<\/p>\n<p>   Karar Tarihi: 19\/11\/2024<\/p>\n<p>   B\u0130R\u0130NC\u0130 B\u00d6L\u00dcM<\/p>\n<p>   \u00a0<\/p>\n<p>   KARAR<\/p>\n<p>   \u00a0<\/p>\n<p>\u00a0<\/p>\n<p>   Ba\u015fkan<\/p>\n<p>   :<\/p>\n<p>   Hasan Tahsin G\u00d6KCAN<\/p>\n<p>   \u00dcyeler<\/p>\n<p>   :<\/p>\n<p>   Recai AKYEL<\/p>\n<p>   \u00a0<\/p>\n<p>   \u00a0<\/p>\n<p>   Yusuf \u015eevki HAKYEMEZ<\/p>\n<p>   \u00a0<\/p>\n<p>   \u00a0<\/p>\n<p>   \u0130rfan F\u0130DAN<\/p>\n<p>   \u00a0<\/p>\n<p>   \u00a0<\/p>\n<p>   Y\u0131lmaz AK\u00c7\u0130L<\/p>\n<p>   Raport\u00f6r<\/p>\n<p>   :<\/p>\n<p>   \u015eeyda Nur \u00dcN<\/p>\n<p>   Ba\u015fvurucu<\/p>\n<p>   :<\/p>\n<p>\u00a0<\/p>\n<p>I. BA\u015eVURUNUN \u00d6ZET\u0130<\/p>\n<p>1. Ba\u015fvuru, ceza infaz kurumunda bulunan ba\u015fvurucuya kargo yoluyla gelen bir kitap ayrac\u0131n\u0131n verilmemesi nedeniyle ifade \u00f6zg\u00fcrl\u00fc\u011f\u00fcn\u00fcn ihlal edildi\u011fi iddias\u0131na ili\u015fkindir.<\/p>\n<p>2. 1999 do\u011fumlu olan ba\u015fvurucu, ba\u015fvuru tarihinde silahl\u0131 ter\u00f6r \u00f6rg\u00fct\u00fcne \u00fcye olma su\u00e7undan tutuklu olarak Kayseri 2 No.lu T Tipi Kapal\u0131 Ceza \u0130nfaz Kurumunda (Ceza \u0130nfaz Kurumu) bulunmaktad\u0131r. Ba\u015fvurucu 2\/3\/2022 tarihinde Ceza \u0130nfaz Kurumuna bir dilek\u00e7e yazarak kargo yoluyla kendisine gelen bir kitap ayrac\u0131n\u0131n verilmesini talep etmi\u015ftir. Ceza \u0130nfaz Kurumu \u0130dare ve G\u00f6zlem Kurulu Ba\u015fkanl\u0131\u011f\u0131 (\u0130dare ve G\u00f6zlem Kurulu) ba\u015fvurucunun talebi hakk\u0131nda yapt\u0131\u011f\u0131 de\u011ferlendirme sonucu 16\/3\/2022 tarihinde &#8220;kitap ayrac\u0131n\u0131n \u00fczerinde Selahattin Demirta\u015f isminin yaz\u0131l\u0131 oldu\u011fu, ba\u015fvurucunun kurumda bulunmas\u0131na sebep su\u00e7 t\u00fcr\u00fc ve kitap ayrac\u0131nda yazan ismin ba\u015fka bir ceza infaz kurumunda ter\u00f6r \u00f6rg\u00fct\u00fcn\u00fcn propagandas\u0131n\u0131 yapma su\u00e7undan bulunuyor olmas\u0131 hususu birlikte ele al\u0131nd\u0131\u011f\u0131nda kitap ayrac\u0131n\u0131n kullan\u0131m amac\u0131n\u0131n \u00f6rg\u00fctsel mesajlar iletme amac\u0131 ta\u015f\u0131d\u0131\u011f\u0131&#8221; gerek\u00e7esiyle ba\u015fvurucunun talebinin reddine karar vermi\u015ftir.<\/p>\n<p>3. Ba\u015fvurucu, Ceza \u0130nfaz Kurumunun karar\u0131na itiraz etmi\u015f; itiraz\u0131 inceleyen Kayseri 2. \u0130nfaz H\u00e2kimli\u011fi (\u0130nfaz H\u00e2kimli\u011fi) 21\/3\/2022 tarihinde &#8220;ba\u015fvurucunun kendisine verilmesini talep etti\u011fi kitap ayrac\u0131nda &#8216;Selahattin Demirta\u015f&#8217; yaz\u0131l\u0131 oldu\u011fu, ad\u0131 ge\u00e7enin ge\u00e7mi\u015f d\u00f6nemde bir siyasi partinin genel ba\u015fkan\u0131 olarak aktif siyaset i\u00e7erisinde oldu\u011fu, dolay\u0131s\u0131yla mevcut hukuki durumundan ari olarak Selahattin Demirta\u015f&#8217;\u0131n siyasi bir ki\u015fi oldu\u011fu, dolay\u0131s\u0131yla ko\u011fu\u015f i\u00e7erisinde (veya ileride ko\u011fu\u015f de\u011fi\u015fikli\u011fi s\u00f6z konusu oldu\u011funda) ad\u0131 ge\u00e7en siyasi ki\u015finin taraftar\u0131 olabilece\u011fi gibi kar\u015f\u0131t\u0131 kimseler de bulunabilece\u011fi, taraftar\u0131 olan veya olmayan ki\u015filer aras\u0131nda olumsuz durumlar\u0131n ya\u015fanabilece\u011fi ve ya\u015fanabilecek olumsuz hadiselerin infaz kurumunun g\u00fcvenli\u011fini tehlikeye d\u00fc\u015f\u00fcrebilece\u011fi&#8221; gerek\u00e7esiyle ba\u015fvurucunun itiraz\u0131n\u0131n reddine karar vermi\u015ftir.<\/p>\n<p>4. Ba\u015fvurucu, \u0130nfaz H\u00e2kimli\u011finin karar\u0131na da itiraz etmi\u015ftir. \u0130tiraz\u0131 inceleyen Kayseri 1. A\u011f\u0131r Ceza Mahkemesi 31\/3\/2022 tarihinde &#8220;karar\u0131n usul ve yasaya uygun oldu\u011fu&#8221; gerek\u00e7esiyle ba\u015fvurucunun itiraz\u0131n\u0131 kesin olarak reddetmi\u015ftir.<\/p>\n<p>5. Ba\u015fvurucu, nihai h\u00fckm\u00fc 8\/4\/2022 tarihinde \u00f6\u011frendikten sonra 21\/4\/2022 tarihinde bireysel ba\u015fvuruda bulunmu\u015ftur.<\/p>\n<p>6. Ba\u015fvurunun kabul edilebilirlik ve esas incelemesinin B\u00f6l\u00fcm taraf\u0131ndan yap\u0131lmas\u0131na karar verilmi\u015ftir.<\/p>\n<p>II. DE\u011eERLEND\u0130RME<\/p>\n<p>7. \u00d6deme g\u00fcc\u00fcnden yoksun oldu\u011fu anla\u015f\u0131lan ba\u015fvurucunun adli yard\u0131m talebinin kabul\u00fcne karar verilmesi gerekir.<\/p>\n<p>8. Ba\u015fvurucu; kargo yoluyla gelen kitap ayrac\u0131n\u0131n kendisine verilmemesine y\u00f6nelik olarak idare ve derece mahkemesi kararlar\u0131nda yer alan gerek\u00e7elerin hukuka uygun olmad\u0131\u011f\u0131n\u0131, bu gerek\u00e7elerle kitap ayrac\u0131n\u0131n verilmemesinin ifade \u00f6zg\u00fcrl\u00fc\u011f\u00fcn\u00fc ihlal etti\u011fini iddia etmi\u015ftir.<\/p>\n<p>9. Adalet Bakanl\u0131\u011f\u0131 (Bakanl\u0131k) g\u00f6r\u00fc\u015f\u00fcnde; \u00f6ncelikle bireysel ba\u015fvuru formunda ba\u015fvurucunun bir kitap ayrac\u0131n\u0131n kendisine verilmemesi nedeniyle ifade \u00f6zg\u00fcrl\u00fc\u011f\u00fc ba\u011flam\u0131nda ne gibi bir ma\u011fduriyete u\u011frad\u0131\u011f\u0131n\u0131 veya dezavantajl\u0131 bir konumda b\u0131rak\u0131ld\u0131\u011f\u0131n\u0131 somut ve ikna edici \u015fekilde ifade edemedi\u011fi ve bu nedenle ki\u015fi y\u00f6n\u00fcnden kabul edilemezlik karar\u0131 verilmesi gerekti\u011fi belirtilmi\u015ftir. Devam\u0131nda esasa ili\u015fkin bir inceleme yap\u0131lmas\u0131 h\u00e2linde; s\u00f6z konusu kitap ayrac\u0131n\u0131n s\u00fcreli ve s\u00fcresiz yay\u0131n kapsam\u0131nda olup olmad\u0131\u011f\u0131 ve ba\u015fvurucunun ifade \u00f6zg\u00fcrl\u00fc\u011f\u00fc hakk\u0131n\u0131n ihlal edilip edilmedi\u011fi konusunda inceleme yap\u0131l\u0131rken Anayasa ve ilgili mevzuat h\u00fck\u00fcmleri ile somut olay\u0131n kendine \u00f6zg\u00fc ko\u015fullar\u0131n\u0131n dikkate al\u0131nmas\u0131 gerekti\u011fi belirtilmi\u015ftir. Ba\u015fvurucu, Bakanl\u0131\u011f\u0131n g\u00f6r\u00fc\u015f\u00fcne kar\u015f\u0131 genel olarak bireysel ba\u015fvuru formundaki iddialar\u0131n\u0131 yineleyerek g\u00f6r\u00fc\u015f yaz\u0131s\u0131nda yer alan hususlar\u0131 kabul etmedi\u011fini beyan etmi\u015ftir.<\/p>\n<p>10. Ba\u015fvuru, ifade \u00f6zg\u00fcrl\u00fc\u011f\u00fc kapsam\u0131nda incelenmi\u015ftir.<\/p>\n<p>11. \u0130fade \u00f6zg\u00fcrl\u00fc\u011f\u00fc ki\u015finin haber ve bilgilere, ba\u015fkalar\u0131n\u0131n fikirlerine serbest\u00e7e ula\u015fabilmesi, d\u00fc\u015f\u00fcnce ve kanaatlerinden dolay\u0131 k\u0131nanmamas\u0131, bunlar\u0131 tek ba\u015f\u0131na veya ba\u015fkalar\u0131yla birlikte \u00e7e\u015fitli yollarla serbest\u00e7e ifade edebilmesi, anlatabilmesi, savunabilmesi, ba\u015fkalar\u0131na aktarabilmesi ve yayabilmesi anlam\u0131na gelir. Anayasa Mahkemesi \u00e7ok say\u0131da karar\u0131nda ifade \u00f6zg\u00fcrl\u00fc\u011f\u00fcn\u00fcn demokrasinin i\u015fleyi\u015fi i\u00e7in ya\u015famsal \u00f6nemde oldu\u011funu belirtmi\u015ftir (Bekir Co\u015fkun [GK], B. No: 2014\/12151, 4\/6\/2015, \u00a7\u00a7 33-35; Mehmet Ali Ayd\u0131n [GK], B. No: 2013\/9343, 4\/6\/2015, \u00a7\u00a7 42, 43; Tansel \u00c7\u00f6la\u015fan, B. No: 2014\/6128, 7\/7\/2015, \u00a7\u00a7 35-38).<\/p>\n<p>12. Herkes gibi h\u00fck\u00fcml\u00fc ve tutuklular da Anayasa ve Avrupa \u0130nsan Haklar\u0131 S\u00f6zle\u015fmesi&#8217;nin (S\u00f6zle\u015fme) ortak alan\u0131 kapsam\u0131nda kalan temel hak ve h\u00fcrriyetlerin tamam\u0131na (Mehmet Re\u015fit Arslan ve di\u011ferleri, B. No: 2013\/583, 10\/12\/2014, \u00a7 65) ve bu ba\u011flamda ifade \u00f6zg\u00fcrl\u00fc\u011f\u00fcne de sahiptirler (Murat Karayel (5), B. No: 2013\/6223, 7\/1\/2016, \u00a7 27).<\/p>\n<p>13. \u00d6te yandan ifade \u00f6zg\u00fcrl\u00fc\u011f\u00fcn\u00fcn mutlak bir hak olmad\u0131\u011f\u0131 ve Anayasa&#8217;n\u0131n 26. maddesinin ikinci maddesinde \u00f6ng\u00f6r\u00fclen sebeplerle s\u0131n\u0131rlanabilece\u011fi unutulmamal\u0131d\u0131r. Bu ba\u011flamda ceza infaz kurumunda bulunman\u0131n ka\u00e7\u0131n\u0131lmaz sonucu olarak su\u00e7un \u00f6nlenmesi ve disiplinin sa\u011flanmas\u0131 gibi kurumda g\u00fcvenli\u011fin ve d\u00fczenin korunmas\u0131na y\u00f6nelik kabul edilebilir gerekliliklerin olmas\u0131 durumunda mahpuslar\u0131n sahip oldu\u011fu haklara s\u0131n\u0131rlama getirilebilecektir (Murat Karayel (5), \u00a7 29).<\/p>\n<p>14. Ceza infaz kurumunda bulunan tutuklu ve h\u00fck\u00fcml\u00fclerin yay\u0131nlardan yararlanmas\u0131na ili\u015fkin esaslar 13\/12\/2004 tarihli ve 5275 say\u0131l\u0131 Ceza ve G\u00fcvenlik Tedbirlerinin \u0130nfaz\u0131 Hakk\u0131nda Kanun&#8217;un ilgili h\u00fck\u00fcmleri de g\u00f6zetilerek Anayasa Mahkemesi taraf\u0131ndan \u015f\u00f6yle belirlenmi\u015ftir:<\/p>\n<p>i. Mahpus, ceza infaz kurumlar\u0131nda bulunan emanet hesab\u0131na yat\u0131r\u0131lan paradan kar\u015f\u0131lanmas\u0131 \u015fart\u0131yla herhangi bir yay\u0131n\u0131n kurumca sat\u0131n al\u0131narak kendisine verilmesini isteyebilir.<\/p>\n<p>ii. Resm\u00ee kurumlar, \u00fcniversiteler, kamu kurumu niteli\u011findeki meslek kurulu\u015flar\u0131 ile Cumhurba\u015fkan\u0131 taraf\u0131ndan vergi muafiyeti tan\u0131nan vak\u0131flar ve kamu yarar\u0131na \u00e7al\u0131\u015fan dernekler taraf\u0131ndan \u00e7\u0131kar\u0131lan gazete, kitap ve bas\u0131l\u0131 yay\u0131nlar mahkemelerce yasaklanmamas\u0131 \u015fart\u0131yla mahpusa \u00fccretsiz olarak ve serbest\u00e7e verilir.<\/p>\n<p>iii. Mahpus, kurum k\u00fct\u00fcphanesinden yararlanma imk\u00e2n\u0131na sahiptir.<\/p>\n<p>iv. Mahpus mensup oldu\u011fu dinin bayram g\u00fcnlerinde, y\u0131lba\u015f\u0131nda ve n\u00fcfus kayd\u0131nda belirtilen do\u011fum g\u00fcnlerinde d\u0131\u015far\u0131dan kargo yoluyla g\u00f6nderilen ya da ziyaret\u00e7ileri taraf\u0131ndan hediye olarak getirilen kitaplar\u0131 kabul etme hakk\u0131na sahiptir.<\/p>\n<p>v. E\u011fitim ve \u00f6\u011fretimine devam eden mahpusun ders kitaplar\u0131 herhangi bir engelleme olmadan kendisine verilir (\u0130brahim Kaptan (2), B. No: 2017\/30723, 12\/9\/2018, \u00a7 31, Serdar G\u00fczel\u00e7ay ve di\u011ferleri [GK], B. No: 2022\/66987, 21\/12\/2023, \u00a7 35).<\/p>\n<p>15. Yay\u0131nlardan yararlanma y\u00f6ntemini bu \u015fekilde a\u00e7\u0131klayan Anayasa Mahkemesi \u0130brahim Kaptan (2) ve H.Y. (B. No: 2018\/22011, 27\/7\/2022) kararlar\u0131nda, 5275 say\u0131l\u0131 Kanun&#8217;da tutuklu ve h\u00fck\u00fcml\u00fclere kargo yoluyla gelen ya da ziyaret\u00e7ileri arac\u0131l\u0131\u011f\u0131yla getirilen s\u00fcreli ya da s\u00fcresiz yay\u0131nlar\u0131n (ders kitaplar\u0131 hari\u00e7) ceza infaz kurumlar\u0131na kabul edilmesinin d\u00fczenlenmemi\u015f olmas\u0131n\u0131 ayr\u0131nt\u0131l\u0131 olarak de\u011ferlendirmi\u015ftir. Anayasa Mahkemesi 5275 say\u0131l\u0131 Kanun&#8217;un tutuklu ve h\u00fck\u00fcml\u00fclere kargo yoluyla gelen ya da ziyaret\u00e7ilerinin getirdi\u011fi s\u00fcreli veya s\u00fcresiz yay\u0131nlar\u0131n (ders kitaplar\u0131 hari\u00e7) teslimini \u00f6ng\u00f6rmedi\u011fini, bu nedenle yay\u0131nlar\u0131n bu \u015fekilde temin edilemeyece\u011fini \u00f6ncelikle kabul etmi\u015ftir. Ayr\u0131ca tutuklu ve h\u00fck\u00fcml\u00fclere kargo yoluyla gelen ya da ziyaret\u00e7ilerinin getirdi\u011fi s\u00fcreli ya da s\u00fcresiz yay\u0131nlar\u0131n (ders kitaplar\u0131 hari\u00e7) t\u00fcm\u00fcn\u00fcn kategorik olarak ceza infaz kurumlar\u0131na kabul edilmemesinin ifade \u00f6zg\u00fcrl\u00fc\u011f\u00fcne y\u00f6nelik bir ihlal olu\u015fturmad\u0131\u011f\u0131 sonucuna varm\u0131\u015ft\u0131r (\u0130brahim Kaptan (2), \u00a7\u00a7 33-37; H.Y., \u00a7 20).<\/p>\n<p>16. Anayasa Mahkemesinin bu belirlemesi sonras\u0131nda 14\/4\/2020 tarihli ve 7242 say\u0131l\u0131 Kanun&#8217;la 5275 say\u0131l\u0131 Kanun&#8217;un mahpuslara hediye alma hakk\u0131 tan\u0131yan 69. maddesi yeniden d\u00fczenlenmi\u015f ve mahpuslara iki ayda bir hediye alma hakk\u0131 getirilerek yeni bir imk\u00e2n sa\u011flanm\u0131\u015ft\u0131r. An\u0131lan d\u00fczenleme gere\u011fince tutuklu ve h\u00fck\u00fcml\u00fcler hediye olarak ancak kitap ve giyim e\u015fyas\u0131 kabul edebilecektir. Bu kapsamda s\u00f6z konusu d\u00fczenleme sonras\u0131nda mahpuslar, iki ayda bir g\u00f6nderilen kitaplar\u0131 kargo yoluyla gelse ya da ziyaret\u00e7ileri taraf\u0131ndan getirilse dahi kabul etme hakk\u0131na sahip olmu\u015f; b\u00f6ylelikle kargo yoluyla veya ziyaret\u00e7i arac\u0131l\u0131\u011f\u0131yla gelen kitaplara ula\u015fma, yay\u0131nlardan yararlanma y\u00f6ntemleri aras\u0131na girmi\u015ftir (Serdar G\u00fczel\u00e7ay ve di\u011ferleri \u00a7 37).<\/p>\n<p>17. 5275 say\u0131l\u0131 Kanun ve ilgili d\u00fczenleyici i\u015flemler ile yukar\u0131da yer verilen Anayasa Mahkemesi i\u00e7tihatlar\u0131 g\u00f6z\u00f6n\u00fcne al\u0131nd\u0131\u011f\u0131nda ceza infaz kurumunda bulunan tutuklu ve h\u00fck\u00fcml\u00fclere posta veya kargo yoluyla ve hediye alma hakk\u0131 kapsam\u0131nda ancak kitap g\u00f6nderilmesi m\u00fcmk\u00fcnd\u00fcr. S\u00fcreli yay\u0131nlar\u0131n ise posta\/kargo yoluyla veya hediye alma hakk\u0131 kapsam\u0131nda g\u00f6nderilmesi m\u00fcmk\u00fcn olmay\u0131p s\u00f6z konusu yay\u0131nlardan ancak bedeli \u00f6denmek ko\u015fuluyla ve ceza infaz kurumlar\u0131 arac\u0131l\u0131\u011f\u0131yla yararlan\u0131lmas\u0131 m\u00fcmk\u00fcnd\u00fcr. Somut olayda ba\u015fvurucuya kargo yoluyla g\u00f6nderilen kitap ayrac\u0131n\u0131n ise s\u00fcreli veya s\u00fcresiz yay\u0131n kapsam\u0131nda de\u011ferlendirilmesi m\u00fcmk\u00fcn olmad\u0131\u011f\u0131 gibi hediye kapsam\u0131nda g\u00f6nderilmesi m\u00fcmk\u00fcn olan giyim e\u015fyas\u0131 olarak kabul edilmesi de m\u00fcmk\u00fcn de\u011fildir.<\/p>\n<p>18. Bu kapsamda s\u00fcreli veya s\u00fcresiz yay\u0131n ile giyim e\u015fyas\u0131 olarak kabul edilemeyecek kitap ayrac\u0131n\u0131n posta veya kargo yoluyla ba\u015fvurucuya g\u00f6nderilmesi ilgili mevzuat h\u00fck\u00fcmleri gere\u011fi m\u00fcmk\u00fcn olmad\u0131\u011f\u0131ndan s\u00f6z konusu kitap ayrac\u0131n\u0131n -idare ve derece mahkemelerinin gerek\u00e7elerinden ba\u011f\u0131ms\u0131z olarak- ba\u015fvurucuya verilmemesinde a\u00e7\u0131k bir ihlalin mevcut olmad\u0131\u011f\u0131 anla\u015f\u0131lmaktad\u0131r.<\/p>\n<p>19. 30\/3\/2011 tarihli ve 6216 say\u0131l\u0131 Anayasa Mahkemesinin Kurulu\u015fu ve Yarg\u0131lama Usulleri Hakk\u0131nda Kanun\u2019un 48. maddesinin (2) numaral\u0131 f\u0131kras\u0131nda a\u00e7\u0131k\u00e7a dayanaktan yoksun ba\u015fvurular\u0131n Anayasa Mahkemesince kabul edilemezli\u011fine karar verilebilece\u011fi belirtilmi\u015ftir. Bu ba\u011flamda ba\u015fvurucunun ihlal iddialar\u0131n\u0131 temellendiremedi\u011fi, temel haklara y\u00f6nelik bir m\u00fcdahalenin olmad\u0131\u011f\u0131 veya m\u00fcdahalenin me\u015fru oldu\u011fu a\u00e7\u0131k olan ba\u015fvurular ile karma\u015f\u0131k veya zorlama \u015fik\u00e2yetlerden ibaret ba\u015fvurular a\u00e7\u0131k\u00e7a dayanaktan yoksun kabul edilebilir (Hikmet Balabano\u011flu, B. No: 2012\/1334, 17\/9\/2013, \u00a7 24).<\/p>\n<p>20. Bu kapsamda yukar\u0131da a\u00e7\u0131klanan gerek\u00e7elerle ba\u015fvurunun a\u00e7\u0131k\u00e7a dayanaktan yoksun olmas\u0131 nedeniyle kabul edilemez oldu\u011funa karar verilmesi gerekir.<\/p>\n<p>III. H\u00dcK\u00dcM<\/p>\n<p>A\u00e7\u0131klanan gerek\u00e7elerle;<\/p>\n<p>A. Adli yard\u0131m talebinin KABUL\u00dcNE,<\/p>\n<p>B. \u0130fade \u00f6zg\u00fcrl\u00fc\u011f\u00fcn\u00fcn ihlal edildi\u011fine ili\u015fkin iddian\u0131n a\u00e7\u0131k\u00e7a dayanaktan yoksun olmas\u0131 nedeniyle KABUL ED\u0130LEMEZ OLDU\u011eUNA,<\/p>\n<p>C. 12\/1\/2011 tarihli ve 6100 say\u0131l\u0131 Hukuk Muhakemeleri Kanunu&#8217;nun 339. maddesinin (2) numaral\u0131 f\u0131kras\u0131 uyar\u0131nca tahsil edilmesi ma\u011fduriyetine neden olaca\u011f\u0131ndan adli yard\u0131m talebi kabul edilen ba\u015fvurucunun yarg\u0131lama giderlerini \u00f6demekten TAMAMEN MUAF TUTULMASINA 19\/11\/2024 tarihinde OYB\u0130RL\u0130\u011e\u0130YLE karar verildi.<\/p>\n<p>\u200bAnayasa Mahkemesi&#8217;nin 19\/11\/2024 tarihli ve 2022\/44415 ba\u015fvuru numaral\u0131 karar\u0131\u00a0Hukuki Haber<\/p>\n<p>Haberin Al\u0131nt\u0131land\u0131\u011f\u0131 Kaynak: www.hukukihaber.net<\/p>","protected":false},"excerpt":{"rendered":"<p>T\u00dcRK\u0130YE CUMHUR\u0130YET\u0130 ANAYASA MAHKEMES\u0130 \u00a0 \u00a0 B\u0130R\u0130NC\u0130 B\u00d6L\u00dcM \u00a0 KARAR \u00a0 M. K. BA\u015eVURUSU (Ba\u015fvuru Numaras\u0131: 2022\/44415) \u00a0 Karar Tarihi: 19\/11\/2024 B\u0130R\u0130NC\u0130 B\u00d6L\u00dcM \u00a0 KARAR \u00a0 \u00a0 Ba\u015fkan : Hasan Tahsin G\u00d6KCAN \u00dcyeler : Recai AKYEL \u00a0 \u00a0 Yusuf \u015eevki HAKYEMEZ \u00a0 \u00a0 \u0130rfan F\u0130DAN \u00a0 \u00a0 Y\u0131lmaz AK\u00c7\u0130L Raport\u00f6r : \u015eeyda Nur \u00dcN Ba\u015fvurucu : \u00a0 I. BA\u015eVURUNUN \u00d6ZET\u0130 1. Ba\u015fvuru, ceza infaz kurumunda bulunan ba\u015fvurucuya kargo yoluyla gelen bir kitap ayrac\u0131n\u0131n verilmemesi nedeniyle ifade \u00f6zg\u00fcrl\u00fc\u011f\u00fcn\u00fcn ihlal edildi\u011fi iddias\u0131na ili\u015fkindir. 2. 1999 do\u011fumlu olan ba\u015fvurucu, ba\u015fvuru tarihinde silahl\u0131 ter\u00f6r \u00f6rg\u00fct\u00fcne \u00fcye olma su\u00e7undan tutuklu olarak Kayseri 2 No.lu T Tipi Kapal\u0131 Ceza \u0130nfaz Kurumunda (Ceza \u0130nfaz Kurumu) bulunmaktad\u0131r. Ba\u015fvurucu 2\/3\/2022 tarihinde Ceza \u0130nfaz Kurumuna bir dilek\u00e7e yazarak kargo yoluyla kendisine gelen bir kitap ayrac\u0131n\u0131n verilmesini talep etmi\u015ftir. Ceza \u0130nfaz Kurumu \u0130dare ve G\u00f6zlem Kurulu Ba\u015fkanl\u0131\u011f\u0131 (\u0130dare ve G\u00f6zlem Kurulu) ba\u015fvurucunun talebi hakk\u0131nda yapt\u0131\u011f\u0131 de\u011ferlendirme sonucu 16\/3\/2022 tarihinde &#8220;kitap ayrac\u0131n\u0131n \u00fczerinde Selahattin Demirta\u015f isminin yaz\u0131l\u0131 oldu\u011fu, ba\u015fvurucunun kurumda bulunmas\u0131na sebep su\u00e7 t\u00fcr\u00fc ve kitap ayrac\u0131nda yazan ismin ba\u015fka bir ceza infaz kurumunda ter\u00f6r \u00f6rg\u00fct\u00fcn\u00fcn propagandas\u0131n\u0131 yapma su\u00e7undan bulunuyor olmas\u0131 hususu birlikte ele al\u0131nd\u0131\u011f\u0131nda kitap ayrac\u0131n\u0131n kullan\u0131m amac\u0131n\u0131n \u00f6rg\u00fctsel mesajlar iletme amac\u0131 ta\u015f\u0131d\u0131\u011f\u0131&#8221; gerek\u00e7esiyle ba\u015fvurucunun talebinin reddine karar vermi\u015ftir. 3. Ba\u015fvurucu, &hellip;<\/p>","protected":false},"author":3,"featured_media":0,"comment_status":"open","ping_status":"open","sticky":false,"template":"","format":"standard","meta":{"_acf_changed":false,"footnotes":""},"categories":[27],"tags":[],"class_list":["post-28852","post","type-post","status-publish","format-standard","has-post-thumbnail","hentry","category-hukukihaber"],"acf":[],"yoast_head":"<!-- This site is optimized with the Yoast SEO Premium plugin v26.6 (Yoast SEO v27.1.1) - https:\/\/yoast.com\/product\/yoast-seo-premium-wordpress\/ -->\n<title>AYM&#039;nin 2022\/44415 ba\u015fvuru numaral\u0131 karar\u0131 - Av. Deniz Can K\u0131z\u0131l<\/title>\n<meta name=\"robots\" content=\"index, follow, max-snippet:-1, max-image-preview:large, max-video-preview:-1\" \/>\n<link rel=\"canonical\" href=\"http:\/\/denizcankizil.tr\/uk\/hukukihaber\/aymnin-2022-44415-basvuru-numarali-karari\/\" \/>\n<meta property=\"og:locale\" content=\"uk_UA\" \/>\n<meta property=\"og:type\" content=\"article\" \/>\n<meta property=\"og:title\" content=\"AYM&#039;nin 2022\/44415 ba\u015fvuru numaral\u0131 karar\u0131\" \/>\n<meta property=\"og:description\" content=\"T\u00dcRK\u0130YE CUMHUR\u0130YET\u0130 ANAYASA MAHKEMES\u0130 \u00a0 \u00a0 B\u0130R\u0130NC\u0130 B\u00d6L\u00dcM \u00a0 KARAR \u00a0 M. K. BA\u015eVURUSU (Ba\u015fvuru Numaras\u0131: 2022\/44415) \u00a0 Karar Tarihi: 19\/11\/2024 B\u0130R\u0130NC\u0130 B\u00d6L\u00dcM \u00a0 KARAR \u00a0 \u00a0 Ba\u015fkan : Hasan Tahsin G\u00d6KCAN \u00dcyeler : Recai AKYEL \u00a0 \u00a0 Yusuf \u015eevki HAKYEMEZ \u00a0 \u00a0 \u0130rfan F\u0130DAN \u00a0 \u00a0 Y\u0131lmaz AK\u00c7\u0130L Raport\u00f6r : \u015eeyda Nur \u00dcN Ba\u015fvurucu : \u00a0 I. BA\u015eVURUNUN \u00d6ZET\u0130 1. Ba\u015fvuru, ceza infaz kurumunda bulunan ba\u015fvurucuya kargo yoluyla gelen bir kitap ayrac\u0131n\u0131n verilmemesi nedeniyle ifade \u00f6zg\u00fcrl\u00fc\u011f\u00fcn\u00fcn ihlal edildi\u011fi iddias\u0131na ili\u015fkindir. 2. 1999 do\u011fumlu olan ba\u015fvurucu, ba\u015fvuru tarihinde silahl\u0131 ter\u00f6r \u00f6rg\u00fct\u00fcne \u00fcye olma su\u00e7undan tutuklu olarak Kayseri 2 No.lu T Tipi Kapal\u0131 Ceza \u0130nfaz Kurumunda (Ceza \u0130nfaz Kurumu) bulunmaktad\u0131r. Ba\u015fvurucu 2\/3\/2022 tarihinde Ceza \u0130nfaz Kurumuna bir dilek\u00e7e yazarak kargo yoluyla kendisine gelen bir kitap ayrac\u0131n\u0131n verilmesini talep etmi\u015ftir. Ceza \u0130nfaz Kurumu \u0130dare ve G\u00f6zlem Kurulu Ba\u015fkanl\u0131\u011f\u0131 (\u0130dare ve G\u00f6zlem Kurulu) ba\u015fvurucunun talebi hakk\u0131nda yapt\u0131\u011f\u0131 de\u011ferlendirme sonucu 16\/3\/2022 tarihinde &#8220;kitap ayrac\u0131n\u0131n \u00fczerinde Selahattin Demirta\u015f isminin yaz\u0131l\u0131 oldu\u011fu, ba\u015fvurucunun kurumda bulunmas\u0131na sebep su\u00e7 t\u00fcr\u00fc ve kitap ayrac\u0131nda yazan ismin ba\u015fka bir ceza infaz kurumunda ter\u00f6r \u00f6rg\u00fct\u00fcn\u00fcn propagandas\u0131n\u0131 yapma su\u00e7undan bulunuyor olmas\u0131 hususu birlikte ele al\u0131nd\u0131\u011f\u0131nda kitap ayrac\u0131n\u0131n kullan\u0131m amac\u0131n\u0131n \u00f6rg\u00fctsel mesajlar iletme amac\u0131 ta\u015f\u0131d\u0131\u011f\u0131&#8221; gerek\u00e7esiyle ba\u015fvurucunun talebinin reddine karar vermi\u015ftir. 3. Ba\u015fvurucu, &hellip;\" \/>\n<meta property=\"og:url\" content=\"http:\/\/denizcankizil.tr\/uk\/hukukihaber\/aymnin-2022-44415-basvuru-numarali-karari\/\" \/>\n<meta property=\"og:site_name\" content=\"Av. Deniz Can K\u0131z\u0131l\" \/>\n<meta property=\"article:published_time\" content=\"2025-01-30T21:25:00+00:00\" \/>\n<meta name=\"author\" content=\"Hukuki Haber.net\" \/>\n<meta name=\"twitter:card\" content=\"summary_large_image\" \/>\n<meta name=\"twitter:label1\" content=\"\u041d\u0430\u043f\u0438\u0441\u0430\u043d\u043e\" \/>\n\t<meta name=\"twitter:data1\" content=\"Hukuki Haber.net\" \/>\n\t<meta name=\"twitter:label2\" content=\"\u041f\u0440\u0438\u0431\u043b. \u0447\u0430\u0441 \u0447\u0438\u0442\u0430\u043d\u043d\u044f\" \/>\n\t<meta name=\"twitter:data2\" content=\"9 \u0445\u0432\u0438\u043b\u0438\u043d\" \/>\n<script type=\"application\/ld+json\" class=\"yoast-schema-graph\">{\"@context\":\"https:\/\/schema.org\",\"@graph\":[{\"@type\":\"Article\",\"@id\":\"http:\/\/denizcankizil.tr\/uk\/hukukihaber\/aymnin-2022-44415-basvuru-numarali-karari\/#article\",\"isPartOf\":{\"@id\":\"http:\/\/denizcankizil.tr\/uk\/hukukihaber\/aymnin-2022-44415-basvuru-numarali-karari\/\"},\"author\":{\"name\":\"Hukuki Haber.net\",\"@id\":\"https:\/\/denizcankizil.tr\/#\/schema\/person\/001a271de994a0aa3f90eea084424822\"},\"headline\":\"AYM&#8217;nin 2022\/44415 ba\u015fvuru numaral\u0131 karar\u0131\",\"datePublished\":\"2025-01-30T21:25:00+00:00\",\"mainEntityOfPage\":{\"@id\":\"http:\/\/denizcankizil.tr\/uk\/hukukihaber\/aymnin-2022-44415-basvuru-numarali-karari\/\"},\"wordCount\":1906,\"commentCount\":0,\"publisher\":{\"@id\":\"https:\/\/denizcankizil.tr\/#organization\"},\"articleSection\":[\"Hukuki Haberler\"],\"inLanguage\":\"uk\",\"potentialAction\":[{\"@type\":\"CommentAction\",\"name\":\"Comment\",\"target\":[\"http:\/\/denizcankizil.tr\/uk\/hukukihaber\/aymnin-2022-44415-basvuru-numarali-karari\/#respond\"]}]},{\"@type\":\"WebPage\",\"@id\":\"http:\/\/denizcankizil.tr\/uk\/hukukihaber\/aymnin-2022-44415-basvuru-numarali-karari\/\",\"url\":\"http:\/\/denizcankizil.tr\/uk\/hukukihaber\/aymnin-2022-44415-basvuru-numarali-karari\/\",\"name\":\"AYM'nin 2022\/44415 ba\u015fvuru numaral\u0131 karar\u0131 - Av. Deniz Can K\u0131z\u0131l\",\"isPartOf\":{\"@id\":\"https:\/\/denizcankizil.tr\/#website\"},\"datePublished\":\"2025-01-30T21:25:00+00:00\",\"breadcrumb\":{\"@id\":\"http:\/\/denizcankizil.tr\/uk\/hukukihaber\/aymnin-2022-44415-basvuru-numarali-karari\/#breadcrumb\"},\"inLanguage\":\"uk\",\"potentialAction\":[{\"@type\":\"ReadAction\",\"target\":[\"http:\/\/denizcankizil.tr\/uk\/hukukihaber\/aymnin-2022-44415-basvuru-numarali-karari\/\"]}]},{\"@type\":\"BreadcrumbList\",\"@id\":\"http:\/\/denizcankizil.tr\/uk\/hukukihaber\/aymnin-2022-44415-basvuru-numarali-karari\/#breadcrumb\",\"itemListElement\":[{\"@type\":\"ListItem\",\"position\":1,\"name\":\"Home\",\"item\":\"https:\/\/denizcankizil.tr\/uk\/\"},{\"@type\":\"ListItem\",\"position\":2,\"name\":\"AYM&#8217;nin 2022\/44415 ba\u015fvuru numaral\u0131 karar\u0131\"}]},{\"@type\":\"WebSite\",\"@id\":\"https:\/\/denizcankizil.tr\/#website\",\"url\":\"https:\/\/denizcankizil.tr\/\",\"name\":\"Av. Deniz Can K\u0131z\u0131l\",\"description\":\"Avukat Deniz Can K\u0131z\u0131l Antalya Barosu\",\"publisher\":{\"@id\":\"https:\/\/denizcankizil.tr\/#organization\"},\"potentialAction\":[{\"@type\":\"SearchAction\",\"target\":{\"@type\":\"EntryPoint\",\"urlTemplate\":\"https:\/\/denizcankizil.tr\/?s={search_term_string}\"},\"query-input\":{\"@type\":\"PropertyValueSpecification\",\"valueRequired\":true,\"valueName\":\"search_term_string\"}}],\"inLanguage\":\"uk\"},{\"@type\":\"Organization\",\"@id\":\"https:\/\/denizcankizil.tr\/#organization\",\"name\":\"Av. Deniz Can K\u0131z\u0131l\",\"url\":\"https:\/\/denizcankizil.tr\/\",\"logo\":{\"@type\":\"ImageObject\",\"inLanguage\":\"uk\",\"@id\":\"https:\/\/denizcankizil.tr\/#\/schema\/logo\/image\/\",\"url\":\"http:\/\/denizcankizil.tr\/wp-content\/uploads\/2024\/10\/siyah-logo-svg.svg\",\"contentUrl\":\"http:\/\/denizcankizil.tr\/wp-content\/uploads\/2024\/10\/siyah-logo-svg.svg\",\"width\":1080,\"height\":1080,\"caption\":\"Av. Deniz Can K\u0131z\u0131l\"},\"image\":{\"@id\":\"https:\/\/denizcankizil.tr\/#\/schema\/logo\/image\/\"}},{\"@type\":\"Person\",\"@id\":\"https:\/\/denizcankizil.tr\/#\/schema\/person\/001a271de994a0aa3f90eea084424822\",\"name\":\"Hukuki Haber.net\",\"image\":{\"@type\":\"ImageObject\",\"inLanguage\":\"uk\",\"@id\":\"https:\/\/denizcankizil.tr\/#\/schema\/person\/image\/\",\"url\":\"https:\/\/secure.gravatar.com\/avatar\/57d8a49151495586611a149d29fc42865b951dc053a84709a3172ccb5abf3118?s=96&d=mm&r=g\",\"contentUrl\":\"https:\/\/secure.gravatar.com\/avatar\/57d8a49151495586611a149d29fc42865b951dc053a84709a3172ccb5abf3118?s=96&d=mm&r=g\",\"caption\":\"Hukuki Haber.net\"},\"sameAs\":[\"http:\/\/www.hukukihaber.net\"],\"url\":\"http:\/\/denizcankizil.tr\/uk\/author\/hukukihabernet\/\"}]}<\/script>\n<!-- \/ Yoast SEO Premium plugin. -->","yoast_head_json":{"title":"AYM'nin 2022\/44415 ba\u015fvuru numaral\u0131 karar\u0131 - Av. Deniz Can K\u0131z\u0131l","robots":{"index":"index","follow":"follow","max-snippet":"max-snippet:-1","max-image-preview":"max-image-preview:large","max-video-preview":"max-video-preview:-1"},"canonical":"http:\/\/denizcankizil.tr\/uk\/hukukihaber\/aymnin-2022-44415-basvuru-numarali-karari\/","og_locale":"uk_UA","og_type":"article","og_title":"AYM'nin 2022\/44415 ba\u015fvuru numaral\u0131 karar\u0131","og_description":"T\u00dcRK\u0130YE CUMHUR\u0130YET\u0130 ANAYASA MAHKEMES\u0130 \u00a0 \u00a0 B\u0130R\u0130NC\u0130 B\u00d6L\u00dcM \u00a0 KARAR \u00a0 M. K. BA\u015eVURUSU (Ba\u015fvuru Numaras\u0131: 2022\/44415) \u00a0 Karar Tarihi: 19\/11\/2024 B\u0130R\u0130NC\u0130 B\u00d6L\u00dcM \u00a0 KARAR \u00a0 \u00a0 Ba\u015fkan : Hasan Tahsin G\u00d6KCAN \u00dcyeler : Recai AKYEL \u00a0 \u00a0 Yusuf \u015eevki HAKYEMEZ \u00a0 \u00a0 \u0130rfan F\u0130DAN \u00a0 \u00a0 Y\u0131lmaz AK\u00c7\u0130L Raport\u00f6r : \u015eeyda Nur \u00dcN Ba\u015fvurucu : \u00a0 I. BA\u015eVURUNUN \u00d6ZET\u0130 1. Ba\u015fvuru, ceza infaz kurumunda bulunan ba\u015fvurucuya kargo yoluyla gelen bir kitap ayrac\u0131n\u0131n verilmemesi nedeniyle ifade \u00f6zg\u00fcrl\u00fc\u011f\u00fcn\u00fcn ihlal edildi\u011fi iddias\u0131na ili\u015fkindir. 2. 1999 do\u011fumlu olan ba\u015fvurucu, ba\u015fvuru tarihinde silahl\u0131 ter\u00f6r \u00f6rg\u00fct\u00fcne \u00fcye olma su\u00e7undan tutuklu olarak Kayseri 2 No.lu T Tipi Kapal\u0131 Ceza \u0130nfaz Kurumunda (Ceza \u0130nfaz Kurumu) bulunmaktad\u0131r. Ba\u015fvurucu 2\/3\/2022 tarihinde Ceza \u0130nfaz Kurumuna bir dilek\u00e7e yazarak kargo yoluyla kendisine gelen bir kitap ayrac\u0131n\u0131n verilmesini talep etmi\u015ftir. Ceza \u0130nfaz Kurumu \u0130dare ve G\u00f6zlem Kurulu Ba\u015fkanl\u0131\u011f\u0131 (\u0130dare ve G\u00f6zlem Kurulu) ba\u015fvurucunun talebi hakk\u0131nda yapt\u0131\u011f\u0131 de\u011ferlendirme sonucu 16\/3\/2022 tarihinde &#8220;kitap ayrac\u0131n\u0131n \u00fczerinde Selahattin Demirta\u015f isminin yaz\u0131l\u0131 oldu\u011fu, ba\u015fvurucunun kurumda bulunmas\u0131na sebep su\u00e7 t\u00fcr\u00fc ve kitap ayrac\u0131nda yazan ismin ba\u015fka bir ceza infaz kurumunda ter\u00f6r \u00f6rg\u00fct\u00fcn\u00fcn propagandas\u0131n\u0131 yapma su\u00e7undan bulunuyor olmas\u0131 hususu birlikte ele al\u0131nd\u0131\u011f\u0131nda kitap ayrac\u0131n\u0131n kullan\u0131m amac\u0131n\u0131n \u00f6rg\u00fctsel mesajlar iletme amac\u0131 ta\u015f\u0131d\u0131\u011f\u0131&#8221; gerek\u00e7esiyle ba\u015fvurucunun talebinin reddine karar vermi\u015ftir. 3. Ba\u015fvurucu, &hellip;","og_url":"http:\/\/denizcankizil.tr\/uk\/hukukihaber\/aymnin-2022-44415-basvuru-numarali-karari\/","og_site_name":"Av. Deniz Can K\u0131z\u0131l","article_published_time":"2025-01-30T21:25:00+00:00","author":"Hukuki Haber.net","twitter_card":"summary_large_image","twitter_misc":{"\u041d\u0430\u043f\u0438\u0441\u0430\u043d\u043e":"Hukuki Haber.net","\u041f\u0440\u0438\u0431\u043b. \u0447\u0430\u0441 \u0447\u0438\u0442\u0430\u043d\u043d\u044f":"9 \u0445\u0432\u0438\u043b\u0438\u043d"},"schema":{"@context":"https:\/\/schema.org","@graph":[{"@type":"Article","@id":"http:\/\/denizcankizil.tr\/uk\/hukukihaber\/aymnin-2022-44415-basvuru-numarali-karari\/#article","isPartOf":{"@id":"http:\/\/denizcankizil.tr\/uk\/hukukihaber\/aymnin-2022-44415-basvuru-numarali-karari\/"},"author":{"name":"Hukuki Haber.net","@id":"https:\/\/denizcankizil.tr\/#\/schema\/person\/001a271de994a0aa3f90eea084424822"},"headline":"AYM&#8217;nin 2022\/44415 ba\u015fvuru numaral\u0131 karar\u0131","datePublished":"2025-01-30T21:25:00+00:00","mainEntityOfPage":{"@id":"http:\/\/denizcankizil.tr\/uk\/hukukihaber\/aymnin-2022-44415-basvuru-numarali-karari\/"},"wordCount":1906,"commentCount":0,"publisher":{"@id":"https:\/\/denizcankizil.tr\/#organization"},"articleSection":["Hukuki Haberler"],"inLanguage":"uk","potentialAction":[{"@type":"CommentAction","name":"Comment","target":["http:\/\/denizcankizil.tr\/uk\/hukukihaber\/aymnin-2022-44415-basvuru-numarali-karari\/#respond"]}]},{"@type":"WebPage","@id":"http:\/\/denizcankizil.tr\/uk\/hukukihaber\/aymnin-2022-44415-basvuru-numarali-karari\/","url":"http:\/\/denizcankizil.tr\/uk\/hukukihaber\/aymnin-2022-44415-basvuru-numarali-karari\/","name":"AYM'nin 2022\/44415 ba\u015fvuru numaral\u0131 karar\u0131 - Av. Deniz Can K\u0131z\u0131l","isPartOf":{"@id":"https:\/\/denizcankizil.tr\/#website"},"datePublished":"2025-01-30T21:25:00+00:00","breadcrumb":{"@id":"http:\/\/denizcankizil.tr\/uk\/hukukihaber\/aymnin-2022-44415-basvuru-numarali-karari\/#breadcrumb"},"inLanguage":"uk","potentialAction":[{"@type":"ReadAction","target":["http:\/\/denizcankizil.tr\/uk\/hukukihaber\/aymnin-2022-44415-basvuru-numarali-karari\/"]}]},{"@type":"BreadcrumbList","@id":"http:\/\/denizcankizil.tr\/uk\/hukukihaber\/aymnin-2022-44415-basvuru-numarali-karari\/#breadcrumb","itemListElement":[{"@type":"ListItem","position":1,"name":"Home","item":"https:\/\/denizcankizil.tr\/uk\/"},{"@type":"ListItem","position":2,"name":"AYM&#8217;nin 2022\/44415 ba\u015fvuru numaral\u0131 karar\u0131"}]},{"@type":"WebSite","@id":"https:\/\/denizcankizil.tr\/#website","url":"https:\/\/denizcankizil.tr\/","name":"Av. Deniz Can K\u0131z\u0131l","description":"Avukat Deniz Can K\u0131z\u0131l Antalya Barosu","publisher":{"@id":"https:\/\/denizcankizil.tr\/#organization"},"potentialAction":[{"@type":"SearchAction","target":{"@type":"EntryPoint","urlTemplate":"https:\/\/denizcankizil.tr\/?s={search_term_string}"},"query-input":{"@type":"PropertyValueSpecification","valueRequired":true,"valueName":"search_term_string"}}],"inLanguage":"uk"},{"@type":"Organization","@id":"https:\/\/denizcankizil.tr\/#organization","name":"Av. Deniz Can K\u0131z\u0131l","url":"https:\/\/denizcankizil.tr\/","logo":{"@type":"ImageObject","inLanguage":"uk","@id":"https:\/\/denizcankizil.tr\/#\/schema\/logo\/image\/","url":"http:\/\/denizcankizil.tr\/wp-content\/uploads\/2024\/10\/siyah-logo-svg.svg","contentUrl":"http:\/\/denizcankizil.tr\/wp-content\/uploads\/2024\/10\/siyah-logo-svg.svg","width":1080,"height":1080,"caption":"Av. Deniz Can K\u0131z\u0131l"},"image":{"@id":"https:\/\/denizcankizil.tr\/#\/schema\/logo\/image\/"}},{"@type":"Person","@id":"https:\/\/denizcankizil.tr\/#\/schema\/person\/001a271de994a0aa3f90eea084424822","name":"Hukuki Haber.net","image":{"@type":"ImageObject","inLanguage":"uk","@id":"https:\/\/denizcankizil.tr\/#\/schema\/person\/image\/","url":"https:\/\/secure.gravatar.com\/avatar\/57d8a49151495586611a149d29fc42865b951dc053a84709a3172ccb5abf3118?s=96&d=mm&r=g","contentUrl":"https:\/\/secure.gravatar.com\/avatar\/57d8a49151495586611a149d29fc42865b951dc053a84709a3172ccb5abf3118?s=96&d=mm&r=g","caption":"Hukuki Haber.net"},"sameAs":["http:\/\/www.hukukihaber.net"],"url":"http:\/\/denizcankizil.tr\/uk\/author\/hukukihabernet\/"}]}},"_links":{"self":[{"href":"http:\/\/denizcankizil.tr\/uk\/wp-json\/wp\/v2\/posts\/28852","targetHints":{"allow":["GET"]}}],"collection":[{"href":"http:\/\/denizcankizil.tr\/uk\/wp-json\/wp\/v2\/posts"}],"about":[{"href":"http:\/\/denizcankizil.tr\/uk\/wp-json\/wp\/v2\/types\/post"}],"author":[{"embeddable":true,"href":"http:\/\/denizcankizil.tr\/uk\/wp-json\/wp\/v2\/users\/3"}],"replies":[{"embeddable":true,"href":"http:\/\/denizcankizil.tr\/uk\/wp-json\/wp\/v2\/comments?post=28852"}],"version-history":[{"count":0,"href":"http:\/\/denizcankizil.tr\/uk\/wp-json\/wp\/v2\/posts\/28852\/revisions"}],"wp:attachment":[{"href":"http:\/\/denizcankizil.tr\/uk\/wp-json\/wp\/v2\/media?parent=28852"}],"wp:term":[{"taxonomy":"category","embeddable":true,"href":"http:\/\/denizcankizil.tr\/uk\/wp-json\/wp\/v2\/categories?post=28852"},{"taxonomy":"post_tag","embeddable":true,"href":"http:\/\/denizcankizil.tr\/uk\/wp-json\/wp\/v2\/tags?post=28852"}],"curies":[{"name":"wp","href":"https:\/\/api.w.org\/{rel}","templated":true}]}}