{"id":28544,"date":"2025-01-29T22:41:50","date_gmt":"2025-01-29T19:41:50","guid":{"rendered":"https:\/\/denizcankizil.tr\/uncategorized-tr\/fatih-portakaldan-tepkilere-sert-cevap-bu-olay-bu-kanalda-olsun-ceketimi-alir-giderim\/"},"modified":"2025-01-29T22:41:50","modified_gmt":"2025-01-29T19:41:50","slug":"fatih-portakaldan-tepkilere-sert-cevap-bu-olay-bu-kanalda-olsun-ceketimi-alir-giderim","status":"publish","type":"post","link":"http:\/\/denizcankizil.tr\/uk\/haberler\/gundem\/fatih-portakaldan-tepkilere-sert-cevap-bu-olay-bu-kanalda-olsun-ceketimi-alir-giderim\/","title":{"rendered":"Fatih Portakal\u2019dan tepkilere sert cevap: \u201cBu olay bu kanalda olsun ceketimi al\u0131r giderim\u201d"},"content":{"rendered":"<p>\u0130stanbul B\u00fcy\u00fck\u015fehir Belediye (\u0130BB) Ba\u015fkan\u0131 Ekrem \u0130mamo\u011flu, iddialara konu olan bilirki\u015fiyle yapt\u0131\u011f\u0131 telefon g\u00f6r\u00fc\u015fmesinin Halk TV&#8217;de yay\u0131mlanmas\u0131n\u0131n ard\u0131ndan gazetecilere y\u00f6nelik soru\u015fturma ba\u015flat\u0131ld\u0131. A\u00e7\u0131lan bu soru\u015fturma kapsam\u0131nda Cumhuriyet yazar\u0131 Bar\u0131\u015f Pehlivan, Halk TV Sorumlu M\u00fcd\u00fcr\u00fc Serhan Asker ve Halk TV sunucusu Seda Selek&#8217;in g\u00f6zalt\u0131na al\u0131nd\u0131.\u00a0<\/p>\n<p>FAT\u0130H PORTAKAL\u2019IN S\u00d6ZLER\u0130 G\u00dcNDEM OLDU\u00a0<\/p>\n<p>S\u00f6zc\u00fc TV ana haber sunucusu Fatih Portakal, Cumhuriyet yazar\u0131 Bar\u0131\u015f Pehlivan, Halk TV Sorumlu M\u00fcd\u00fcr\u00fc Serhan Asker ve Halk TV sunucusu Seda Selek&#8217;in g\u00f6zalt\u0131na al\u0131nmas\u0131 hakk\u0131nda sert ifadeler kullanm\u0131\u015ft\u0131. Portakal, \u201cSizin gibi tecr\u00fcbeli bir gazetecinin ve T\u00fcrkiye&#8217;de ya\u015fayan ve T\u00fcrkiye gibi bir \u00fclkede gazetecilik yapan, T\u00fcrkiye \u015fartlar\u0131n\u0131 bilen bir gazetecilik yapman\u0131z gerekiyor. Her \u015feyden \u00f6nce gazetecilik y\u00f6n\u00fcnden yapmaman\u0131z gerekiyor. Bar\u0131\u015f&#8217;\u0131 bu y\u00f6nde ele\u015ftirebilirim, ele\u015ftiri hakk\u0131na da sahip oldu\u011fumu d\u00fc\u015f\u00fcn\u00fcyorum&#8221; demi\u015fti.<\/p>\n<p>TEPK\u0130LERE CEVAP VERD\u0130 \u00a0<\/p>\n<p>Fatih Portakal\u2019\u0131n bu s\u00f6zleri T\u00fcrkiye\u2019nin g\u00fcndemine oturdu ve pek \u00e7ok yerden Portakal\u2019a tepkiler geldi. Tepkiler \u00fczerine Fatih Portakal canl\u0131 yay\u0131nda bir a\u00e7\u0131klama daha yaparak, gelen tepkilere cevap verdi. S\u00f6zlerini arkas\u0131nda oldu\u011funu belirten Portakal, \u201cD\u00fc\u015f\u00fcncemin arkas\u0131nday\u0131m, s\u00f6zlerimin de arkas\u0131nday\u0131m. Yani yanl\u0131\u015f olan bir \u015feyi neden savunay\u0131m ki? Savunamam! Yap\u0131lamamas\u0131 gereken bir \u015feydi. Sorars\u0131n, \u2018Yay\u0131nlay\u0131m m\u0131 yay\u0131nlamay\u0131m m\u0131\u2019 diye\u2026 O da der ki, \u201cyay\u0131nla\u201d b\u00f6ylece yay\u0131nlars\u0131n ya da \u2018yay\u0131nlama\u2019 der yay\u0131nlamazs\u0131n. Halk TV\u2019nin ana haber sunucu Ece bile d\u00fcn \u2018hata oldu\u011funu\u2019 s\u00f6yl\u00fcyor. Yani bunu s\u00f6yledi\u011fin zaman sevimsiz olarak g\u00f6r\u00fcyorsunuz ama yanl\u0131\u015f\u0131 destekleyemem\u201d dedi.\u00a0<\/p>\n<p>\u201cG\u00d6ZALTINA ALMAK B\u00d6YLE KOLAY MI?\u201d<\/p>\n<p>Fatih Portakal her ne kadar yap\u0131lan\u0131n yanl\u0131\u015f oldu\u011funu belirtse de gazetecilerin bu \u015fekilde g\u00f6zalt\u0131na al\u0131nmas\u0131n\u0131 do\u011fru olmad\u0131\u011f\u0131n\u0131 vurgulayarak, \u201cFakat \u015funu da ele\u015ftiriyorum, \u015fov yaparak g\u00f6zalt\u0131n almak b\u00f6yle kolay m\u0131? Gelirsin adama bir tebligat \u00e7\u0131kart\u0131rs\u0131n, \u2018Gel ifadeni ver\u2019 dersin. Adam\u0131 al\u0131yorsun sabah kadar da orada bekletiyorsun. Eziyet \u00e7ektiriyorsun. Buna da sonuna kadar kar\u015f\u0131y\u0131m ama yanl\u0131\u015f varsa onu da s\u00f6yl\u00fcyorum. \u00a0Benim anlad\u0131\u011f\u0131m \u015fu Halk TV\u2019de Suat ve K\u00fcr\u015fad g\u00f6rd\u00fc\u011f\u00fcm kadar\u0131yla karar\u0131 vermi\u015fler. Bunu da sonradan \u00f6\u011freniyoruz. \u00c7\u00fcnk\u00fc Bar\u0131\u015f diyor ki \u2018Benim haberim bile yok. Ben da\u011f\u0131tmad\u0131m bile. O inisiyatif haber merkezinde\u2019 dedi. Daha sonra Halk TV a\u00e7\u0131klama yap\u0131yor. Ke\u015fke Suat en ba\u015f\u0131nda gitseydi Bar\u0131\u015f Pehlivan\u2019\u0131n yan\u0131nda ayr\u0131lmasayd\u0131. \u2018Savc\u0131 bey bende geliyorum. Onlar\u0131 ben yay\u0131nlad\u0131\u011f\u0131m\u2019 diyebilseydi K\u00fcr\u015fat. Yap\u0131lmas\u0131 gereken buydu zaten\u201d diye konu\u015ftu.<\/p>\n<p>&#8220;CEKET\u0130M\u0130 ALIR G\u0130DER\u0130M&#8221;<\/p>\n<p>Ya\u015fanan bu olay\u0131n m\u00fcd\u00fcr bask\u0131 ile oldu\u011funu tahmin etti\u011fini belirten Portakal, \u201cBu ifadenin sonras\u0131nda bu 2 ki\u015fi \u00e7a\u011fr\u0131l\u0131yor ve Halk TV a\u00e7\u0131klama yapmak zorunda kal\u0131yor. &#8216;Gazetecilik refleksi&#8230; Planlayarak yap\u0131lm\u0131\u015f de\u011fildir&#8217; gibi gibi a\u00e7\u0131klamalar yap\u0131l\u0131yor ama bunlar\u0131n yap\u0131lamamas\u0131 gerekiyordu. Fakat Halk TV\u2019nin patronun bu olaydan haberi var m\u0131d\u0131r? Bence vard\u0131r. Ona telefon a\u00e7\u0131lm\u0131\u015ft\u0131r. Suat benden daha tecr\u00fcbeli bir insan, keza K\u00fcr\u015fat\u2019la a\u015fa\u011f\u0131 yukar\u0131 ayn\u0131 tecr\u00fcbelere sahibim, Bar\u0131\u015f bu i\u015fleri bilen bir insan. B\u00f6yle bir hata yapmalar\u0131 m\u00fcmk\u00fcn? De\u011fil! Patron yay\u0131nlay\u0131n demi\u015ftir ve sonra yay\u0131nlam\u0131\u015flard\u0131r diye tahmin ediyorum. \u00a0Mahalle bask\u0131s\u0131 diyoruz ya bana bask\u0131 mask\u0131 i\u015flemez. Bu olay bu kanalda olsun ben bunu s\u00f6ylerim sonra ceketimi al\u0131r giderim\u201d ifadelerini kulland\u0131.\u00a0<\/p>\n<p>\u00a0<\/p>\n<p>\u200bS\u00f6zc\u00fc TV ana haber sunucusu Fatih Portakal\u2019\u0131n g\u00f6zalt\u0131na al\u0131nan 3 gazeteci i\u00e7in s\u00f6yledi\u011fi s\u00f6zlere tepkiler gelmeye devam ediyor. Gelen tepkiler \u00fczerine tekrar bir a\u00e7\u0131klama yapan Portakal, \u201cB\u00f6yle bir hata yapmalar\u0131 m\u00fcmk\u00fcn de\u011fil. Patron \u2018yay\u0131nlay\u0131n\u2019 demi\u015ftir ve sonra yay\u0131nlam\u0131\u015flard\u0131r diye tahmin ediyorum. \u00a0Mahalle bask\u0131s\u0131 diyoruz ya bana bask\u0131 mask\u0131 i\u015flemez. Bu olay bu kanalda olsun ben bunu s\u00f6ylerim sonra ceketimi al\u0131r giderim\u201d dedi\u00a0<\/p>\n<p>\u200bHaberin Al\u0131nt\u0131land\u0131\u011f\u0131 Kaynak: www.antalyakorfez.com<\/p>","protected":false},"excerpt":{"rendered":"<p>\u0130stanbul B\u00fcy\u00fck\u015fehir Belediye (\u0130BB) Ba\u015fkan\u0131 Ekrem \u0130mamo\u011flu, iddialara konu olan bilirki\u015fiyle yapt\u0131\u011f\u0131 telefon g\u00f6r\u00fc\u015fmesinin Halk TV&#8217;de yay\u0131mlanmas\u0131n\u0131n ard\u0131ndan gazetecilere y\u00f6nelik soru\u015fturma ba\u015flat\u0131ld\u0131. A\u00e7\u0131lan bu soru\u015fturma kapsam\u0131nda Cumhuriyet yazar\u0131 Bar\u0131\u015f Pehlivan, Halk TV Sorumlu M\u00fcd\u00fcr\u00fc Serhan Asker ve Halk TV sunucusu Seda Selek&#8217;in g\u00f6zalt\u0131na al\u0131nd\u0131.\u00a0 FAT\u0130H PORTAKAL\u2019IN S\u00d6ZLER\u0130 G\u00dcNDEM OLDU\u00a0 S\u00f6zc\u00fc TV ana haber sunucusu Fatih Portakal, Cumhuriyet yazar\u0131 Bar\u0131\u015f Pehlivan, Halk TV Sorumlu M\u00fcd\u00fcr\u00fc Serhan Asker ve Halk TV sunucusu Seda Selek&#8217;in g\u00f6zalt\u0131na al\u0131nmas\u0131 hakk\u0131nda sert ifadeler kullanm\u0131\u015ft\u0131. Portakal, \u201cSizin gibi tecr\u00fcbeli bir gazetecinin ve T\u00fcrkiye&#8217;de ya\u015fayan ve T\u00fcrkiye gibi bir \u00fclkede gazetecilik yapan, T\u00fcrkiye \u015fartlar\u0131n\u0131 bilen bir gazetecilik yapman\u0131z gerekiyor. Her \u015feyden \u00f6nce gazetecilik y\u00f6n\u00fcnden yapmaman\u0131z gerekiyor. Bar\u0131\u015f&#8217;\u0131 bu y\u00f6nde ele\u015ftirebilirim, ele\u015ftiri hakk\u0131na da sahip oldu\u011fumu d\u00fc\u015f\u00fcn\u00fcyorum&#8221; demi\u015fti. TEPK\u0130LERE CEVAP VERD\u0130 \u00a0 Fatih Portakal\u2019\u0131n bu s\u00f6zleri T\u00fcrkiye\u2019nin g\u00fcndemine oturdu ve pek \u00e7ok yerden Portakal\u2019a tepkiler geldi. Tepkiler \u00fczerine Fatih Portakal canl\u0131 yay\u0131nda bir a\u00e7\u0131klama daha yaparak, gelen tepkilere cevap verdi. S\u00f6zlerini arkas\u0131nda oldu\u011funu belirten Portakal, \u201cD\u00fc\u015f\u00fcncemin arkas\u0131nday\u0131m, s\u00f6zlerimin de arkas\u0131nday\u0131m. Yani yanl\u0131\u015f olan bir \u015feyi neden savunay\u0131m ki? Savunamam! Yap\u0131lamamas\u0131 gereken bir \u015feydi. Sorars\u0131n, \u2018Yay\u0131nlay\u0131m m\u0131 yay\u0131nlamay\u0131m m\u0131\u2019 diye\u2026 O da der ki, \u201cyay\u0131nla\u201d b\u00f6ylece yay\u0131nlars\u0131n ya da \u2018yay\u0131nlama\u2019 der yay\u0131nlamazs\u0131n. Halk TV\u2019nin ana haber sunucu Ece bile d\u00fcn &hellip;<\/p>","protected":false},"author":5,"featured_media":0,"comment_status":"open","ping_status":"open","sticky":false,"template":"","format":"standard","meta":{"_acf_changed":false,"footnotes":""},"categories":[24],"tags":[],"class_list":["post-28544","post","type-post","status-publish","format-standard","has-post-thumbnail","hentry","category-gundem"],"acf":[],"yoast_head":"<!-- This site is optimized with the Yoast SEO Premium plugin v26.6 (Yoast SEO v27.1.1) - https:\/\/yoast.com\/product\/yoast-seo-premium-wordpress\/ -->\n<title>Fatih Portakal\u2019dan tepkilere sert cevap: \u201cBu olay bu kanalda olsun ceketimi al\u0131r giderim\u201d - Av. Deniz Can K\u0131z\u0131l<\/title>\n<meta name=\"robots\" content=\"index, follow, max-snippet:-1, max-image-preview:large, max-video-preview:-1\" \/>\n<link rel=\"canonical\" href=\"http:\/\/denizcankizil.tr\/uk\/haberler\/gundem\/fatih-portakaldan-tepkilere-sert-cevap-bu-olay-bu-kanalda-olsun-ceketimi-alir-giderim\/\" \/>\n<meta property=\"og:locale\" content=\"uk_UA\" \/>\n<meta property=\"og:type\" content=\"article\" \/>\n<meta property=\"og:title\" content=\"Fatih Portakal\u2019dan tepkilere sert cevap: \u201cBu olay bu kanalda olsun ceketimi al\u0131r giderim\u201d\" \/>\n<meta property=\"og:description\" content=\"\u0130stanbul B\u00fcy\u00fck\u015fehir Belediye (\u0130BB) Ba\u015fkan\u0131 Ekrem \u0130mamo\u011flu, iddialara konu olan bilirki\u015fiyle yapt\u0131\u011f\u0131 telefon g\u00f6r\u00fc\u015fmesinin Halk TV&#8217;de yay\u0131mlanmas\u0131n\u0131n ard\u0131ndan gazetecilere y\u00f6nelik soru\u015fturma ba\u015flat\u0131ld\u0131. A\u00e7\u0131lan bu soru\u015fturma kapsam\u0131nda Cumhuriyet yazar\u0131 Bar\u0131\u015f Pehlivan, Halk TV Sorumlu M\u00fcd\u00fcr\u00fc Serhan Asker ve Halk TV sunucusu Seda Selek&#8217;in g\u00f6zalt\u0131na al\u0131nd\u0131.\u00a0 FAT\u0130H PORTAKAL\u2019IN S\u00d6ZLER\u0130 G\u00dcNDEM OLDU\u00a0 S\u00f6zc\u00fc TV ana haber sunucusu Fatih Portakal, Cumhuriyet yazar\u0131 Bar\u0131\u015f Pehlivan, Halk TV Sorumlu M\u00fcd\u00fcr\u00fc Serhan Asker ve Halk TV sunucusu Seda Selek&#8217;in g\u00f6zalt\u0131na al\u0131nmas\u0131 hakk\u0131nda sert ifadeler kullanm\u0131\u015ft\u0131. Portakal, \u201cSizin gibi tecr\u00fcbeli bir gazetecinin ve T\u00fcrkiye&#8217;de ya\u015fayan ve T\u00fcrkiye gibi bir \u00fclkede gazetecilik yapan, T\u00fcrkiye \u015fartlar\u0131n\u0131 bilen bir gazetecilik yapman\u0131z gerekiyor. Her \u015feyden \u00f6nce gazetecilik y\u00f6n\u00fcnden yapmaman\u0131z gerekiyor. Bar\u0131\u015f&#8217;\u0131 bu y\u00f6nde ele\u015ftirebilirim, ele\u015ftiri hakk\u0131na da sahip oldu\u011fumu d\u00fc\u015f\u00fcn\u00fcyorum&#8221; demi\u015fti. TEPK\u0130LERE CEVAP VERD\u0130 \u00a0 Fatih Portakal\u2019\u0131n bu s\u00f6zleri T\u00fcrkiye\u2019nin g\u00fcndemine oturdu ve pek \u00e7ok yerden Portakal\u2019a tepkiler geldi. Tepkiler \u00fczerine Fatih Portakal canl\u0131 yay\u0131nda bir a\u00e7\u0131klama daha yaparak, gelen tepkilere cevap verdi. S\u00f6zlerini arkas\u0131nda oldu\u011funu belirten Portakal, \u201cD\u00fc\u015f\u00fcncemin arkas\u0131nday\u0131m, s\u00f6zlerimin de arkas\u0131nday\u0131m. Yani yanl\u0131\u015f olan bir \u015feyi neden savunay\u0131m ki? Savunamam! Yap\u0131lamamas\u0131 gereken bir \u015feydi. Sorars\u0131n, \u2018Yay\u0131nlay\u0131m m\u0131 yay\u0131nlamay\u0131m m\u0131\u2019 diye\u2026 O da der ki, \u201cyay\u0131nla\u201d b\u00f6ylece yay\u0131nlars\u0131n ya da \u2018yay\u0131nlama\u2019 der yay\u0131nlamazs\u0131n. Halk TV\u2019nin ana haber sunucu Ece bile d\u00fcn &hellip;\" \/>\n<meta property=\"og:url\" content=\"http:\/\/denizcankizil.tr\/uk\/haberler\/gundem\/fatih-portakaldan-tepkilere-sert-cevap-bu-olay-bu-kanalda-olsun-ceketimi-alir-giderim\/\" \/>\n<meta property=\"og:site_name\" content=\"Av. Deniz Can K\u0131z\u0131l\" \/>\n<meta property=\"article:published_time\" content=\"2025-01-29T19:41:50+00:00\" \/>\n<meta name=\"author\" content=\"Antalya K\u00f6rfez\" \/>\n<meta name=\"twitter:card\" content=\"summary_large_image\" \/>\n<meta name=\"twitter:label1\" content=\"\u041d\u0430\u043f\u0438\u0441\u0430\u043d\u043e\" \/>\n\t<meta name=\"twitter:data1\" content=\"Antalya K\u00f6rfez\" \/>\n\t<meta name=\"twitter:label2\" content=\"\u041f\u0440\u0438\u0431\u043b. \u0447\u0430\u0441 \u0447\u0438\u0442\u0430\u043d\u043d\u044f\" \/>\n\t<meta name=\"twitter:data2\" content=\"4 \u0445\u0432\u0438\u043b\u0438\u043d\u0438\" \/>\n<script type=\"application\/ld+json\" class=\"yoast-schema-graph\">{\"@context\":\"https:\/\/schema.org\",\"@graph\":[{\"@type\":\"Article\",\"@id\":\"http:\/\/denizcankizil.tr\/uk\/haberler\/gundem\/fatih-portakaldan-tepkilere-sert-cevap-bu-olay-bu-kanalda-olsun-ceketimi-alir-giderim\/#article\",\"isPartOf\":{\"@id\":\"http:\/\/denizcankizil.tr\/uk\/haberler\/gundem\/fatih-portakaldan-tepkilere-sert-cevap-bu-olay-bu-kanalda-olsun-ceketimi-alir-giderim\/\"},\"author\":{\"name\":\"Antalya K\u00f6rfez\",\"@id\":\"https:\/\/denizcankizil.tr\/de\/#\/schema\/person\/e1eb71bb4dd684d46563f0af307e1234\"},\"headline\":\"Fatih Portakal\u2019dan tepkilere sert cevap: \u201cBu olay bu kanalda olsun ceketimi al\u0131r giderim\u201d\",\"datePublished\":\"2025-01-29T19:41:50+00:00\",\"mainEntityOfPage\":{\"@id\":\"http:\/\/denizcankizil.tr\/uk\/haberler\/gundem\/fatih-portakaldan-tepkilere-sert-cevap-bu-olay-bu-kanalda-olsun-ceketimi-alir-giderim\/\"},\"wordCount\":751,\"commentCount\":0,\"publisher\":{\"@id\":\"https:\/\/denizcankizil.tr\/de\/#organization\"},\"articleSection\":[\"G\u00fcndem\"],\"inLanguage\":\"uk\",\"potentialAction\":[{\"@type\":\"CommentAction\",\"name\":\"Comment\",\"target\":[\"http:\/\/denizcankizil.tr\/uk\/haberler\/gundem\/fatih-portakaldan-tepkilere-sert-cevap-bu-olay-bu-kanalda-olsun-ceketimi-alir-giderim\/#respond\"]}]},{\"@type\":\"WebPage\",\"@id\":\"http:\/\/denizcankizil.tr\/uk\/haberler\/gundem\/fatih-portakaldan-tepkilere-sert-cevap-bu-olay-bu-kanalda-olsun-ceketimi-alir-giderim\/\",\"url\":\"http:\/\/denizcankizil.tr\/uk\/haberler\/gundem\/fatih-portakaldan-tepkilere-sert-cevap-bu-olay-bu-kanalda-olsun-ceketimi-alir-giderim\/\",\"name\":\"Fatih Portakal\u2019dan tepkilere sert cevap: \u201cBu olay bu kanalda olsun ceketimi al\u0131r giderim\u201d - Av. Deniz Can K\u0131z\u0131l\",\"isPartOf\":{\"@id\":\"https:\/\/denizcankizil.tr\/de\/#website\"},\"datePublished\":\"2025-01-29T19:41:50+00:00\",\"breadcrumb\":{\"@id\":\"http:\/\/denizcankizil.tr\/uk\/haberler\/gundem\/fatih-portakaldan-tepkilere-sert-cevap-bu-olay-bu-kanalda-olsun-ceketimi-alir-giderim\/#breadcrumb\"},\"inLanguage\":\"uk\",\"potentialAction\":[{\"@type\":\"ReadAction\",\"target\":[\"http:\/\/denizcankizil.tr\/uk\/haberler\/gundem\/fatih-portakaldan-tepkilere-sert-cevap-bu-olay-bu-kanalda-olsun-ceketimi-alir-giderim\/\"]}]},{\"@type\":\"BreadcrumbList\",\"@id\":\"http:\/\/denizcankizil.tr\/uk\/haberler\/gundem\/fatih-portakaldan-tepkilere-sert-cevap-bu-olay-bu-kanalda-olsun-ceketimi-alir-giderim\/#breadcrumb\",\"itemListElement\":[{\"@type\":\"ListItem\",\"position\":1,\"name\":\"Home\",\"item\":\"https:\/\/denizcankizil.tr\/de\/\"},{\"@type\":\"ListItem\",\"position\":2,\"name\":\"Fatih Portakal\u2019dan tepkilere sert cevap: \u201cBu olay bu kanalda olsun ceketimi al\u0131r giderim\u201d\"}]},{\"@type\":\"WebSite\",\"@id\":\"https:\/\/denizcankizil.tr\/de\/#website\",\"url\":\"https:\/\/denizcankizil.tr\/de\/\",\"name\":\"Av. Deniz Can K\u0131z\u0131l\",\"description\":\"Avukat Deniz Can K\u0131z\u0131l Antalya Barosu\",\"publisher\":{\"@id\":\"https:\/\/denizcankizil.tr\/de\/#organization\"},\"potentialAction\":[{\"@type\":\"SearchAction\",\"target\":{\"@type\":\"EntryPoint\",\"urlTemplate\":\"https:\/\/denizcankizil.tr\/de\/?s={search_term_string}\"},\"query-input\":{\"@type\":\"PropertyValueSpecification\",\"valueRequired\":true,\"valueName\":\"search_term_string\"}}],\"inLanguage\":\"uk\"},{\"@type\":\"Organization\",\"@id\":\"https:\/\/denizcankizil.tr\/de\/#organization\",\"name\":\"Av. Deniz Can K\u0131z\u0131l\",\"url\":\"https:\/\/denizcankizil.tr\/de\/\",\"logo\":{\"@type\":\"ImageObject\",\"inLanguage\":\"uk\",\"@id\":\"https:\/\/denizcankizil.tr\/de\/#\/schema\/logo\/image\/\",\"url\":\"http:\/\/denizcankizil.tr\/wp-content\/uploads\/2024\/10\/siyah-logo-svg.svg\",\"contentUrl\":\"http:\/\/denizcankizil.tr\/wp-content\/uploads\/2024\/10\/siyah-logo-svg.svg\",\"width\":1080,\"height\":1080,\"caption\":\"Av. Deniz Can K\u0131z\u0131l\"},\"image\":{\"@id\":\"https:\/\/denizcankizil.tr\/de\/#\/schema\/logo\/image\/\"}},{\"@type\":\"Person\",\"@id\":\"https:\/\/denizcankizil.tr\/de\/#\/schema\/person\/e1eb71bb4dd684d46563f0af307e1234\",\"name\":\"Antalya K\u00f6rfez\",\"image\":{\"@type\":\"ImageObject\",\"inLanguage\":\"uk\",\"@id\":\"https:\/\/denizcankizil.tr\/de\/#\/schema\/person\/image\/\",\"url\":\"https:\/\/secure.gravatar.com\/avatar\/42b01982558a48a0b501fdcab6a408d3717ea5919095ee2e67b0e521799c5905?s=96&d=mm&r=g\",\"contentUrl\":\"https:\/\/secure.gravatar.com\/avatar\/42b01982558a48a0b501fdcab6a408d3717ea5919095ee2e67b0e521799c5905?s=96&d=mm&r=g\",\"caption\":\"Antalya K\u00f6rfez\"},\"sameAs\":[\"http:\/\/www.antalyakorfez.com\"],\"url\":\"https:\/\/www.antalyakorfez.com\/fatih-portakaldan-tepkilere-sert-cevap-bu-olay-bu-kanalda-olsun-ceketimi-alir-giderim\"}]}<\/script>\n<!-- \/ Yoast SEO Premium plugin. -->","yoast_head_json":{"title":"Fatih Portakal\u2019dan tepkilere sert cevap: \u201cBu olay bu kanalda olsun ceketimi al\u0131r giderim\u201d - Av. Deniz Can K\u0131z\u0131l","robots":{"index":"index","follow":"follow","max-snippet":"max-snippet:-1","max-image-preview":"max-image-preview:large","max-video-preview":"max-video-preview:-1"},"canonical":"http:\/\/denizcankizil.tr\/uk\/haberler\/gundem\/fatih-portakaldan-tepkilere-sert-cevap-bu-olay-bu-kanalda-olsun-ceketimi-alir-giderim\/","og_locale":"uk_UA","og_type":"article","og_title":"Fatih Portakal\u2019dan tepkilere sert cevap: \u201cBu olay bu kanalda olsun ceketimi al\u0131r giderim\u201d","og_description":"\u0130stanbul B\u00fcy\u00fck\u015fehir Belediye (\u0130BB) Ba\u015fkan\u0131 Ekrem \u0130mamo\u011flu, iddialara konu olan bilirki\u015fiyle yapt\u0131\u011f\u0131 telefon g\u00f6r\u00fc\u015fmesinin Halk TV&#8217;de yay\u0131mlanmas\u0131n\u0131n ard\u0131ndan gazetecilere y\u00f6nelik soru\u015fturma ba\u015flat\u0131ld\u0131. A\u00e7\u0131lan bu soru\u015fturma kapsam\u0131nda Cumhuriyet yazar\u0131 Bar\u0131\u015f Pehlivan, Halk TV Sorumlu M\u00fcd\u00fcr\u00fc Serhan Asker ve Halk TV sunucusu Seda Selek&#8217;in g\u00f6zalt\u0131na al\u0131nd\u0131.\u00a0 FAT\u0130H PORTAKAL\u2019IN S\u00d6ZLER\u0130 G\u00dcNDEM OLDU\u00a0 S\u00f6zc\u00fc TV ana haber sunucusu Fatih Portakal, Cumhuriyet yazar\u0131 Bar\u0131\u015f Pehlivan, Halk TV Sorumlu M\u00fcd\u00fcr\u00fc Serhan Asker ve Halk TV sunucusu Seda Selek&#8217;in g\u00f6zalt\u0131na al\u0131nmas\u0131 hakk\u0131nda sert ifadeler kullanm\u0131\u015ft\u0131. Portakal, \u201cSizin gibi tecr\u00fcbeli bir gazetecinin ve T\u00fcrkiye&#8217;de ya\u015fayan ve T\u00fcrkiye gibi bir \u00fclkede gazetecilik yapan, T\u00fcrkiye \u015fartlar\u0131n\u0131 bilen bir gazetecilik yapman\u0131z gerekiyor. Her \u015feyden \u00f6nce gazetecilik y\u00f6n\u00fcnden yapmaman\u0131z gerekiyor. Bar\u0131\u015f&#8217;\u0131 bu y\u00f6nde ele\u015ftirebilirim, ele\u015ftiri hakk\u0131na da sahip oldu\u011fumu d\u00fc\u015f\u00fcn\u00fcyorum&#8221; demi\u015fti. TEPK\u0130LERE CEVAP VERD\u0130 \u00a0 Fatih Portakal\u2019\u0131n bu s\u00f6zleri T\u00fcrkiye\u2019nin g\u00fcndemine oturdu ve pek \u00e7ok yerden Portakal\u2019a tepkiler geldi. Tepkiler \u00fczerine Fatih Portakal canl\u0131 yay\u0131nda bir a\u00e7\u0131klama daha yaparak, gelen tepkilere cevap verdi. S\u00f6zlerini arkas\u0131nda oldu\u011funu belirten Portakal, \u201cD\u00fc\u015f\u00fcncemin arkas\u0131nday\u0131m, s\u00f6zlerimin de arkas\u0131nday\u0131m. Yani yanl\u0131\u015f olan bir \u015feyi neden savunay\u0131m ki? Savunamam! Yap\u0131lamamas\u0131 gereken bir \u015feydi. Sorars\u0131n, \u2018Yay\u0131nlay\u0131m m\u0131 yay\u0131nlamay\u0131m m\u0131\u2019 diye\u2026 O da der ki, \u201cyay\u0131nla\u201d b\u00f6ylece yay\u0131nlars\u0131n ya da \u2018yay\u0131nlama\u2019 der yay\u0131nlamazs\u0131n. Halk TV\u2019nin ana haber sunucu Ece bile d\u00fcn &hellip;","og_url":"http:\/\/denizcankizil.tr\/uk\/haberler\/gundem\/fatih-portakaldan-tepkilere-sert-cevap-bu-olay-bu-kanalda-olsun-ceketimi-alir-giderim\/","og_site_name":"Av. Deniz Can K\u0131z\u0131l","article_published_time":"2025-01-29T19:41:50+00:00","author":"Antalya K\u00f6rfez","twitter_card":"summary_large_image","twitter_misc":{"\u041d\u0430\u043f\u0438\u0441\u0430\u043d\u043e":"Antalya K\u00f6rfez","\u041f\u0440\u0438\u0431\u043b. \u0447\u0430\u0441 \u0447\u0438\u0442\u0430\u043d\u043d\u044f":"4 \u0445\u0432\u0438\u043b\u0438\u043d\u0438"},"schema":{"@context":"https:\/\/schema.org","@graph":[{"@type":"Article","@id":"http:\/\/denizcankizil.tr\/uk\/haberler\/gundem\/fatih-portakaldan-tepkilere-sert-cevap-bu-olay-bu-kanalda-olsun-ceketimi-alir-giderim\/#article","isPartOf":{"@id":"http:\/\/denizcankizil.tr\/uk\/haberler\/gundem\/fatih-portakaldan-tepkilere-sert-cevap-bu-olay-bu-kanalda-olsun-ceketimi-alir-giderim\/"},"author":{"name":"Antalya K\u00f6rfez","@id":"https:\/\/denizcankizil.tr\/de\/#\/schema\/person\/e1eb71bb4dd684d46563f0af307e1234"},"headline":"Fatih Portakal\u2019dan tepkilere sert cevap: \u201cBu olay bu kanalda olsun ceketimi al\u0131r giderim\u201d","datePublished":"2025-01-29T19:41:50+00:00","mainEntityOfPage":{"@id":"http:\/\/denizcankizil.tr\/uk\/haberler\/gundem\/fatih-portakaldan-tepkilere-sert-cevap-bu-olay-bu-kanalda-olsun-ceketimi-alir-giderim\/"},"wordCount":751,"commentCount":0,"publisher":{"@id":"https:\/\/denizcankizil.tr\/de\/#organization"},"articleSection":["G\u00fcndem"],"inLanguage":"uk","potentialAction":[{"@type":"CommentAction","name":"Comment","target":["http:\/\/denizcankizil.tr\/uk\/haberler\/gundem\/fatih-portakaldan-tepkilere-sert-cevap-bu-olay-bu-kanalda-olsun-ceketimi-alir-giderim\/#respond"]}]},{"@type":"WebPage","@id":"http:\/\/denizcankizil.tr\/uk\/haberler\/gundem\/fatih-portakaldan-tepkilere-sert-cevap-bu-olay-bu-kanalda-olsun-ceketimi-alir-giderim\/","url":"http:\/\/denizcankizil.tr\/uk\/haberler\/gundem\/fatih-portakaldan-tepkilere-sert-cevap-bu-olay-bu-kanalda-olsun-ceketimi-alir-giderim\/","name":"Fatih Portakal\u2019dan tepkilere sert cevap: \u201cBu olay bu kanalda olsun ceketimi al\u0131r giderim\u201d - Av. Deniz Can K\u0131z\u0131l","isPartOf":{"@id":"https:\/\/denizcankizil.tr\/de\/#website"},"datePublished":"2025-01-29T19:41:50+00:00","breadcrumb":{"@id":"http:\/\/denizcankizil.tr\/uk\/haberler\/gundem\/fatih-portakaldan-tepkilere-sert-cevap-bu-olay-bu-kanalda-olsun-ceketimi-alir-giderim\/#breadcrumb"},"inLanguage":"uk","potentialAction":[{"@type":"ReadAction","target":["http:\/\/denizcankizil.tr\/uk\/haberler\/gundem\/fatih-portakaldan-tepkilere-sert-cevap-bu-olay-bu-kanalda-olsun-ceketimi-alir-giderim\/"]}]},{"@type":"BreadcrumbList","@id":"http:\/\/denizcankizil.tr\/uk\/haberler\/gundem\/fatih-portakaldan-tepkilere-sert-cevap-bu-olay-bu-kanalda-olsun-ceketimi-alir-giderim\/#breadcrumb","itemListElement":[{"@type":"ListItem","position":1,"name":"Home","item":"https:\/\/denizcankizil.tr\/de\/"},{"@type":"ListItem","position":2,"name":"Fatih Portakal\u2019dan tepkilere sert cevap: \u201cBu olay bu kanalda olsun ceketimi al\u0131r giderim\u201d"}]},{"@type":"WebSite","@id":"https:\/\/denizcankizil.tr\/de\/#website","url":"https:\/\/denizcankizil.tr\/de\/","name":"Av. Deniz Can K\u0131z\u0131l","description":"Avukat Deniz Can K\u0131z\u0131l Antalya Barosu","publisher":{"@id":"https:\/\/denizcankizil.tr\/de\/#organization"},"potentialAction":[{"@type":"SearchAction","target":{"@type":"EntryPoint","urlTemplate":"https:\/\/denizcankizil.tr\/de\/?s={search_term_string}"},"query-input":{"@type":"PropertyValueSpecification","valueRequired":true,"valueName":"search_term_string"}}],"inLanguage":"uk"},{"@type":"Organization","@id":"https:\/\/denizcankizil.tr\/de\/#organization","name":"Av. Deniz Can K\u0131z\u0131l","url":"https:\/\/denizcankizil.tr\/de\/","logo":{"@type":"ImageObject","inLanguage":"uk","@id":"https:\/\/denizcankizil.tr\/de\/#\/schema\/logo\/image\/","url":"http:\/\/denizcankizil.tr\/wp-content\/uploads\/2024\/10\/siyah-logo-svg.svg","contentUrl":"http:\/\/denizcankizil.tr\/wp-content\/uploads\/2024\/10\/siyah-logo-svg.svg","width":1080,"height":1080,"caption":"Av. Deniz Can K\u0131z\u0131l"},"image":{"@id":"https:\/\/denizcankizil.tr\/de\/#\/schema\/logo\/image\/"}},{"@type":"Person","@id":"https:\/\/denizcankizil.tr\/de\/#\/schema\/person\/e1eb71bb4dd684d46563f0af307e1234","name":"Antalya K\u00f6rfez","image":{"@type":"ImageObject","inLanguage":"uk","@id":"https:\/\/denizcankizil.tr\/de\/#\/schema\/person\/image\/","url":"https:\/\/secure.gravatar.com\/avatar\/42b01982558a48a0b501fdcab6a408d3717ea5919095ee2e67b0e521799c5905?s=96&d=mm&r=g","contentUrl":"https:\/\/secure.gravatar.com\/avatar\/42b01982558a48a0b501fdcab6a408d3717ea5919095ee2e67b0e521799c5905?s=96&d=mm&r=g","caption":"Antalya K\u00f6rfez"},"sameAs":["http:\/\/www.antalyakorfez.com"],"url":"https:\/\/www.antalyakorfez.com\/fatih-portakaldan-tepkilere-sert-cevap-bu-olay-bu-kanalda-olsun-ceketimi-alir-giderim"}]}},"_links":{"self":[{"href":"http:\/\/denizcankizil.tr\/uk\/wp-json\/wp\/v2\/posts\/28544","targetHints":{"allow":["GET"]}}],"collection":[{"href":"http:\/\/denizcankizil.tr\/uk\/wp-json\/wp\/v2\/posts"}],"about":[{"href":"http:\/\/denizcankizil.tr\/uk\/wp-json\/wp\/v2\/types\/post"}],"author":[{"embeddable":true,"href":"http:\/\/denizcankizil.tr\/uk\/wp-json\/wp\/v2\/users\/5"}],"replies":[{"embeddable":true,"href":"http:\/\/denizcankizil.tr\/uk\/wp-json\/wp\/v2\/comments?post=28544"}],"version-history":[{"count":0,"href":"http:\/\/denizcankizil.tr\/uk\/wp-json\/wp\/v2\/posts\/28544\/revisions"}],"wp:attachment":[{"href":"http:\/\/denizcankizil.tr\/uk\/wp-json\/wp\/v2\/media?parent=28544"}],"wp:term":[{"taxonomy":"category","embeddable":true,"href":"http:\/\/denizcankizil.tr\/uk\/wp-json\/wp\/v2\/categories?post=28544"},{"taxonomy":"post_tag","embeddable":true,"href":"http:\/\/denizcankizil.tr\/uk\/wp-json\/wp\/v2\/tags?post=28544"}],"curies":[{"name":"wp","href":"https:\/\/api.w.org\/{rel}","templated":true}]}}