{"id":27033,"date":"2025-01-23T21:19:52","date_gmt":"2025-01-23T18:19:52","guid":{"rendered":"https:\/\/denizcankizil.tr\/uncategorized-tr\/gozaltina-alinan-tanju-ozcanin-yardimcisinin-islemleri-suruyor\/"},"modified":"2025-01-23T21:19:52","modified_gmt":"2025-01-23T18:19:52","slug":"gozaltina-alinan-tanju-ozcanin-yardimcisinin-islemleri-suruyor","status":"publish","type":"post","link":"http:\/\/denizcankizil.tr\/uk\/haberler\/gundem\/gozaltina-alinan-tanju-ozcanin-yardimcisinin-islemleri-suruyor\/","title":{"rendered":"G\u00f6zalt\u0131na al\u0131nan Tanju \u00d6zcan\u2019\u0131n yard\u0131mc\u0131s\u0131n\u0131n i\u015flemleri s\u00fcr\u00fcyor"},"content":{"rendered":"<p>Bolu Kartalkaya\u2019daki otelde \u00e7\u0131kan yang\u0131nla ilgili soru\u015fturma kapsam\u0131nda g\u00f6zalt\u0131na al\u0131nan 11 ki\u015fi, emniyetteki i\u015flemlerinin tamamlanmas\u0131n\u0131n ard\u0131ndan Bolu Adliyesi&#8217;ne sevk edilecek. \u00a0<\/p>\n<p>11 K\u0130\u015e\u0130 G\u00d6ZALTINA ALINDI\u00a0<\/p>\n<p>Kartalkaya Kayak Merkezi&#8217;nde bulunan Grand Kartal Otel&#8217;de \u00e7\u0131kan ve 78 ki\u015finin hayat\u0131n\u0131 kaybetmesine neden olan yang\u0131nla ilgili soru\u015fturma kapsam\u0131nda g\u00f6zalt\u0131na al\u0131nan Bolu Belediye Ba\u015fkan Yard\u0131mc\u0131s\u0131 Sedat G\u00fclener, \u0130tfaiye M\u00fcd\u00fcr Vekili Kenan Co\u015fkun, i\u015fletme sahibi Halit Erg\u00fcl, \u015firket genel m\u00fcd\u00fcr\u00fc Emir Aras, otel m\u00fcd\u00fcr\u00fc Zeki Y\u0131lmaz, i\u015f sa\u011fl\u0131\u011f\u0131 g\u00fcvenli\u011fi uzman\u0131 Ece Kayacan, otelin a\u015f\u00e7\u0131s\u0131 Faysal Yaver, otelin mutfak \u00e7al\u0131\u015fanlar\u0131 Yusuf Karahanl\u0131, Fidan Kur\u00e7 ve Mehmet G\u00fcnd\u00fcz ile elektrik\u00e7i H\u00fcseyin \u00d6zer&#8217;in emniyetteki i\u015flemleri s\u00fcr\u00fcyor.\u00a0<\/p>\n<p>SORGULARININ ARDINDAN ADL\u0130YEYE SEVK ED\u0130LECEKLER\u00a0<\/p>\n<p>\u015e\u00fcpheliler sorgular\u0131n\u0131n tamamlanmas\u0131n\u0131n ard\u0131ndan Bolu Adliyesi&#8217;ne sevk edilecek. Bu arada zanl\u0131lardan baz\u0131lar\u0131n\u0131n sa\u011fl\u0131k kontrol\u00fcnden ge\u00e7irildi\u011fi \u00f6\u011frenildi.\u00a0<br \/>\n\u00a0 \u00a0 \u00a0 \u00a0 \u00a0 \u00a0 \u00a0 \u00a0 \u00a0 \u00a0 \u00a0 \u00a0 \u00a0 \u00a0 \u00a0 \u00a0 \u00a0 \u00a0<br \/>\n\u00a0<\/p>\n<p>\u200bBolu Kartalkaya\u2019daki otelde \u00e7\u0131kan yang\u0131nla ilgili ba\u015flat\u0131lan soru\u015fturma kapsam\u0131nda Bolu Belediye Ba\u015fkan Yard\u0131mc\u0131s\u0131 Sedat G\u00fclener g\u00f6zalt\u0131na al\u0131nm\u0131\u015ft\u0131. G\u00fclener&#8217;le birlikte g\u00f6zalt\u0131na al\u0131nan 11 ki\u015finin emniyetteki i\u015flemleri s\u00fcr\u00fcyor\u00a0<\/p>\n<p>\u200bHaberin Al\u0131nt\u0131land\u0131\u011f\u0131 Kaynak: www.antalyakorfez.com<\/p>","protected":false},"excerpt":{"rendered":"<p>Bolu Kartalkaya\u2019daki otelde \u00e7\u0131kan yang\u0131nla ilgili soru\u015fturma kapsam\u0131nda g\u00f6zalt\u0131na al\u0131nan 11 ki\u015fi, emniyetteki i\u015flemlerinin tamamlanmas\u0131n\u0131n ard\u0131ndan Bolu Adliyesi&#8217;ne sevk edilecek. \u00a0 11 K\u0130\u015e\u0130 G\u00d6ZALTINA ALINDI\u00a0 Kartalkaya Kayak Merkezi&#8217;nde bulunan Grand Kartal Otel&#8217;de \u00e7\u0131kan ve 78 ki\u015finin hayat\u0131n\u0131 kaybetmesine neden olan yang\u0131nla ilgili soru\u015fturma kapsam\u0131nda g\u00f6zalt\u0131na al\u0131nan Bolu Belediye Ba\u015fkan Yard\u0131mc\u0131s\u0131 Sedat G\u00fclener, \u0130tfaiye M\u00fcd\u00fcr Vekili Kenan Co\u015fkun, i\u015fletme sahibi Halit Erg\u00fcl, \u015firket genel m\u00fcd\u00fcr\u00fc Emir Aras, otel m\u00fcd\u00fcr\u00fc Zeki Y\u0131lmaz, i\u015f sa\u011fl\u0131\u011f\u0131 g\u00fcvenli\u011fi uzman\u0131 Ece Kayacan, otelin a\u015f\u00e7\u0131s\u0131 Faysal Yaver, otelin mutfak \u00e7al\u0131\u015fanlar\u0131 Yusuf Karahanl\u0131, Fidan Kur\u00e7 ve Mehmet G\u00fcnd\u00fcz ile elektrik\u00e7i H\u00fcseyin \u00d6zer&#8217;in emniyetteki i\u015flemleri s\u00fcr\u00fcyor.\u00a0 SORGULARININ ARDINDAN ADL\u0130YEYE SEVK ED\u0130LECEKLER\u00a0 \u015e\u00fcpheliler sorgular\u0131n\u0131n tamamlanmas\u0131n\u0131n ard\u0131ndan Bolu Adliyesi&#8217;ne sevk edilecek. Bu arada zanl\u0131lardan baz\u0131lar\u0131n\u0131n sa\u011fl\u0131k kontrol\u00fcnden ge\u00e7irildi\u011fi \u00f6\u011frenildi.\u00a0 \u00a0 \u00a0 \u00a0 \u00a0 \u00a0 \u00a0 \u00a0 \u00a0 \u00a0 \u00a0 \u00a0 \u00a0 \u00a0 \u00a0 \u00a0 \u00a0 \u00a0 \u00a0 \u00a0 \u200bBolu Kartalkaya\u2019daki otelde \u00e7\u0131kan yang\u0131nla ilgili ba\u015flat\u0131lan soru\u015fturma kapsam\u0131nda Bolu Belediye Ba\u015fkan Yard\u0131mc\u0131s\u0131 Sedat G\u00fclener g\u00f6zalt\u0131na al\u0131nm\u0131\u015ft\u0131. G\u00fclener&#8217;le birlikte g\u00f6zalt\u0131na al\u0131nan 11 ki\u015finin emniyetteki i\u015flemleri s\u00fcr\u00fcyor\u00a0 \u200bHaberin Al\u0131nt\u0131land\u0131\u011f\u0131 Kaynak: www.antalyakorfez.com<\/p>","protected":false},"author":5,"featured_media":0,"comment_status":"open","ping_status":"open","sticky":false,"template":"","format":"standard","meta":{"_acf_changed":false,"footnotes":""},"categories":[24],"tags":[],"class_list":["post-27033","post","type-post","status-publish","format-standard","has-post-thumbnail","hentry","category-gundem"],"acf":[],"yoast_head":"<!-- This site is optimized with the Yoast SEO Premium plugin v26.6 (Yoast SEO v27.1.1) - https:\/\/yoast.com\/product\/yoast-seo-premium-wordpress\/ -->\n<title>G\u00f6zalt\u0131na al\u0131nan Tanju \u00d6zcan\u2019\u0131n yard\u0131mc\u0131s\u0131n\u0131n i\u015flemleri s\u00fcr\u00fcyor - Av. Deniz Can K\u0131z\u0131l<\/title>\n<meta name=\"robots\" content=\"index, follow, max-snippet:-1, max-image-preview:large, max-video-preview:-1\" \/>\n<link rel=\"canonical\" href=\"http:\/\/denizcankizil.tr\/uk\/haberler\/gundem\/gozaltina-alinan-tanju-ozcanin-yardimcisinin-islemleri-suruyor\/\" \/>\n<meta property=\"og:locale\" content=\"uk_UA\" \/>\n<meta property=\"og:type\" content=\"article\" \/>\n<meta property=\"og:title\" content=\"G\u00f6zalt\u0131na al\u0131nan Tanju \u00d6zcan\u2019\u0131n yard\u0131mc\u0131s\u0131n\u0131n i\u015flemleri s\u00fcr\u00fcyor\" \/>\n<meta property=\"og:description\" content=\"Bolu Kartalkaya\u2019daki otelde \u00e7\u0131kan yang\u0131nla ilgili soru\u015fturma kapsam\u0131nda g\u00f6zalt\u0131na al\u0131nan 11 ki\u015fi, emniyetteki i\u015flemlerinin tamamlanmas\u0131n\u0131n ard\u0131ndan Bolu Adliyesi&#8217;ne sevk edilecek. \u00a0 11 K\u0130\u015e\u0130 G\u00d6ZALTINA ALINDI\u00a0 Kartalkaya Kayak Merkezi&#8217;nde bulunan Grand Kartal Otel&#8217;de \u00e7\u0131kan ve 78 ki\u015finin hayat\u0131n\u0131 kaybetmesine neden olan yang\u0131nla ilgili soru\u015fturma kapsam\u0131nda g\u00f6zalt\u0131na al\u0131nan Bolu Belediye Ba\u015fkan Yard\u0131mc\u0131s\u0131 Sedat G\u00fclener, \u0130tfaiye M\u00fcd\u00fcr Vekili Kenan Co\u015fkun, i\u015fletme sahibi Halit Erg\u00fcl, \u015firket genel m\u00fcd\u00fcr\u00fc Emir Aras, otel m\u00fcd\u00fcr\u00fc Zeki Y\u0131lmaz, i\u015f sa\u011fl\u0131\u011f\u0131 g\u00fcvenli\u011fi uzman\u0131 Ece Kayacan, otelin a\u015f\u00e7\u0131s\u0131 Faysal Yaver, otelin mutfak \u00e7al\u0131\u015fanlar\u0131 Yusuf Karahanl\u0131, Fidan Kur\u00e7 ve Mehmet G\u00fcnd\u00fcz ile elektrik\u00e7i H\u00fcseyin \u00d6zer&#8217;in emniyetteki i\u015flemleri s\u00fcr\u00fcyor.\u00a0 SORGULARININ ARDINDAN ADL\u0130YEYE SEVK ED\u0130LECEKLER\u00a0 \u015e\u00fcpheliler sorgular\u0131n\u0131n tamamlanmas\u0131n\u0131n ard\u0131ndan Bolu Adliyesi&#8217;ne sevk edilecek. Bu arada zanl\u0131lardan baz\u0131lar\u0131n\u0131n sa\u011fl\u0131k kontrol\u00fcnden ge\u00e7irildi\u011fi \u00f6\u011frenildi.\u00a0 \u00a0 \u00a0 \u00a0 \u00a0 \u00a0 \u00a0 \u00a0 \u00a0 \u00a0 \u00a0 \u00a0 \u00a0 \u00a0 \u00a0 \u00a0 \u00a0 \u00a0 \u00a0 \u00a0 \u200bBolu Kartalkaya\u2019daki otelde \u00e7\u0131kan yang\u0131nla ilgili ba\u015flat\u0131lan soru\u015fturma kapsam\u0131nda Bolu Belediye Ba\u015fkan Yard\u0131mc\u0131s\u0131 Sedat G\u00fclener g\u00f6zalt\u0131na al\u0131nm\u0131\u015ft\u0131. G\u00fclener&#8217;le birlikte g\u00f6zalt\u0131na al\u0131nan 11 ki\u015finin emniyetteki i\u015flemleri s\u00fcr\u00fcyor\u00a0 \u200bHaberin Al\u0131nt\u0131land\u0131\u011f\u0131 Kaynak: www.antalyakorfez.com\" \/>\n<meta property=\"og:url\" content=\"http:\/\/denizcankizil.tr\/uk\/haberler\/gundem\/gozaltina-alinan-tanju-ozcanin-yardimcisinin-islemleri-suruyor\/\" \/>\n<meta property=\"og:site_name\" content=\"Av. Deniz Can K\u0131z\u0131l\" \/>\n<meta property=\"article:published_time\" content=\"2025-01-23T18:19:52+00:00\" \/>\n<meta name=\"author\" content=\"Antalya K\u00f6rfez\" \/>\n<meta name=\"twitter:card\" content=\"summary_large_image\" \/>\n<meta name=\"twitter:label1\" content=\"\u041d\u0430\u043f\u0438\u0441\u0430\u043d\u043e\" \/>\n\t<meta name=\"twitter:data1\" content=\"Antalya K\u00f6rfez\" \/>\n\t<meta name=\"twitter:label2\" content=\"\u041f\u0440\u0438\u0431\u043b. \u0447\u0430\u0441 \u0447\u0438\u0442\u0430\u043d\u043d\u044f\" \/>\n\t<meta name=\"twitter:data2\" content=\"1 \u0445\u0432\u0438\u043b\u0438\u043d\u0430\" \/>\n<script type=\"application\/ld+json\" class=\"yoast-schema-graph\">{\"@context\":\"https:\/\/schema.org\",\"@graph\":[{\"@type\":\"Article\",\"@id\":\"http:\/\/denizcankizil.tr\/uk\/haberler\/gundem\/gozaltina-alinan-tanju-ozcanin-yardimcisinin-islemleri-suruyor\/#article\",\"isPartOf\":{\"@id\":\"http:\/\/denizcankizil.tr\/uk\/haberler\/gundem\/gozaltina-alinan-tanju-ozcanin-yardimcisinin-islemleri-suruyor\/\"},\"author\":{\"name\":\"Antalya K\u00f6rfez\",\"@id\":\"https:\/\/denizcankizil.tr\/de\/#\/schema\/person\/e1eb71bb4dd684d46563f0af307e1234\"},\"headline\":\"G\u00f6zalt\u0131na al\u0131nan Tanju \u00d6zcan\u2019\u0131n yard\u0131mc\u0131s\u0131n\u0131n i\u015flemleri s\u00fcr\u00fcyor\",\"datePublished\":\"2025-01-23T18:19:52+00:00\",\"mainEntityOfPage\":{\"@id\":\"http:\/\/denizcankizil.tr\/uk\/haberler\/gundem\/gozaltina-alinan-tanju-ozcanin-yardimcisinin-islemleri-suruyor\/\"},\"wordCount\":256,\"commentCount\":0,\"publisher\":{\"@id\":\"https:\/\/denizcankizil.tr\/de\/#organization\"},\"articleSection\":[\"G\u00fcndem\"],\"inLanguage\":\"uk\",\"potentialAction\":[{\"@type\":\"CommentAction\",\"name\":\"Comment\",\"target\":[\"http:\/\/denizcankizil.tr\/uk\/haberler\/gundem\/gozaltina-alinan-tanju-ozcanin-yardimcisinin-islemleri-suruyor\/#respond\"]}]},{\"@type\":\"WebPage\",\"@id\":\"http:\/\/denizcankizil.tr\/uk\/haberler\/gundem\/gozaltina-alinan-tanju-ozcanin-yardimcisinin-islemleri-suruyor\/\",\"url\":\"http:\/\/denizcankizil.tr\/uk\/haberler\/gundem\/gozaltina-alinan-tanju-ozcanin-yardimcisinin-islemleri-suruyor\/\",\"name\":\"G\u00f6zalt\u0131na al\u0131nan Tanju \u00d6zcan\u2019\u0131n yard\u0131mc\u0131s\u0131n\u0131n i\u015flemleri s\u00fcr\u00fcyor - Av. Deniz Can K\u0131z\u0131l\",\"isPartOf\":{\"@id\":\"https:\/\/denizcankizil.tr\/de\/#website\"},\"datePublished\":\"2025-01-23T18:19:52+00:00\",\"breadcrumb\":{\"@id\":\"http:\/\/denizcankizil.tr\/uk\/haberler\/gundem\/gozaltina-alinan-tanju-ozcanin-yardimcisinin-islemleri-suruyor\/#breadcrumb\"},\"inLanguage\":\"uk\",\"potentialAction\":[{\"@type\":\"ReadAction\",\"target\":[\"http:\/\/denizcankizil.tr\/uk\/haberler\/gundem\/gozaltina-alinan-tanju-ozcanin-yardimcisinin-islemleri-suruyor\/\"]}]},{\"@type\":\"BreadcrumbList\",\"@id\":\"http:\/\/denizcankizil.tr\/uk\/haberler\/gundem\/gozaltina-alinan-tanju-ozcanin-yardimcisinin-islemleri-suruyor\/#breadcrumb\",\"itemListElement\":[{\"@type\":\"ListItem\",\"position\":1,\"name\":\"Home\",\"item\":\"https:\/\/denizcankizil.tr\/de\/\"},{\"@type\":\"ListItem\",\"position\":2,\"name\":\"G\u00f6zalt\u0131na al\u0131nan Tanju \u00d6zcan\u2019\u0131n yard\u0131mc\u0131s\u0131n\u0131n i\u015flemleri s\u00fcr\u00fcyor\"}]},{\"@type\":\"WebSite\",\"@id\":\"https:\/\/denizcankizil.tr\/de\/#website\",\"url\":\"https:\/\/denizcankizil.tr\/de\/\",\"name\":\"Av. Deniz Can K\u0131z\u0131l\",\"description\":\"Avukat Deniz Can K\u0131z\u0131l Antalya Barosu\",\"publisher\":{\"@id\":\"https:\/\/denizcankizil.tr\/de\/#organization\"},\"potentialAction\":[{\"@type\":\"SearchAction\",\"target\":{\"@type\":\"EntryPoint\",\"urlTemplate\":\"https:\/\/denizcankizil.tr\/de\/?s={search_term_string}\"},\"query-input\":{\"@type\":\"PropertyValueSpecification\",\"valueRequired\":true,\"valueName\":\"search_term_string\"}}],\"inLanguage\":\"uk\"},{\"@type\":\"Organization\",\"@id\":\"https:\/\/denizcankizil.tr\/de\/#organization\",\"name\":\"Av. Deniz Can K\u0131z\u0131l\",\"url\":\"https:\/\/denizcankizil.tr\/de\/\",\"logo\":{\"@type\":\"ImageObject\",\"inLanguage\":\"uk\",\"@id\":\"https:\/\/denizcankizil.tr\/de\/#\/schema\/logo\/image\/\",\"url\":\"http:\/\/denizcankizil.tr\/wp-content\/uploads\/2024\/10\/siyah-logo-svg.svg\",\"contentUrl\":\"http:\/\/denizcankizil.tr\/wp-content\/uploads\/2024\/10\/siyah-logo-svg.svg\",\"width\":1080,\"height\":1080,\"caption\":\"Av. Deniz Can K\u0131z\u0131l\"},\"image\":{\"@id\":\"https:\/\/denizcankizil.tr\/de\/#\/schema\/logo\/image\/\"}},{\"@type\":\"Person\",\"@id\":\"https:\/\/denizcankizil.tr\/de\/#\/schema\/person\/e1eb71bb4dd684d46563f0af307e1234\",\"name\":\"Antalya K\u00f6rfez\",\"image\":{\"@type\":\"ImageObject\",\"inLanguage\":\"uk\",\"@id\":\"https:\/\/denizcankizil.tr\/de\/#\/schema\/person\/image\/\",\"url\":\"https:\/\/secure.gravatar.com\/avatar\/42b01982558a48a0b501fdcab6a408d3717ea5919095ee2e67b0e521799c5905?s=96&d=mm&r=g\",\"contentUrl\":\"https:\/\/secure.gravatar.com\/avatar\/42b01982558a48a0b501fdcab6a408d3717ea5919095ee2e67b0e521799c5905?s=96&d=mm&r=g\",\"caption\":\"Antalya K\u00f6rfez\"},\"sameAs\":[\"http:\/\/www.antalyakorfez.com\"],\"url\":\"https:\/\/www.antalyakorfez.com\/gozaltina-alinan-tanju-ozcanin-yardimcisinin-islemleri-suruyor\"}]}<\/script>\n<!-- \/ Yoast SEO Premium plugin. -->","yoast_head_json":{"title":"G\u00f6zalt\u0131na al\u0131nan Tanju \u00d6zcan\u2019\u0131n yard\u0131mc\u0131s\u0131n\u0131n i\u015flemleri s\u00fcr\u00fcyor - Av. Deniz Can K\u0131z\u0131l","robots":{"index":"index","follow":"follow","max-snippet":"max-snippet:-1","max-image-preview":"max-image-preview:large","max-video-preview":"max-video-preview:-1"},"canonical":"http:\/\/denizcankizil.tr\/uk\/haberler\/gundem\/gozaltina-alinan-tanju-ozcanin-yardimcisinin-islemleri-suruyor\/","og_locale":"uk_UA","og_type":"article","og_title":"G\u00f6zalt\u0131na al\u0131nan Tanju \u00d6zcan\u2019\u0131n yard\u0131mc\u0131s\u0131n\u0131n i\u015flemleri s\u00fcr\u00fcyor","og_description":"Bolu Kartalkaya\u2019daki otelde \u00e7\u0131kan yang\u0131nla ilgili soru\u015fturma kapsam\u0131nda g\u00f6zalt\u0131na al\u0131nan 11 ki\u015fi, emniyetteki i\u015flemlerinin tamamlanmas\u0131n\u0131n ard\u0131ndan Bolu Adliyesi&#8217;ne sevk edilecek. \u00a0 11 K\u0130\u015e\u0130 G\u00d6ZALTINA ALINDI\u00a0 Kartalkaya Kayak Merkezi&#8217;nde bulunan Grand Kartal Otel&#8217;de \u00e7\u0131kan ve 78 ki\u015finin hayat\u0131n\u0131 kaybetmesine neden olan yang\u0131nla ilgili soru\u015fturma kapsam\u0131nda g\u00f6zalt\u0131na al\u0131nan Bolu Belediye Ba\u015fkan Yard\u0131mc\u0131s\u0131 Sedat G\u00fclener, \u0130tfaiye M\u00fcd\u00fcr Vekili Kenan Co\u015fkun, i\u015fletme sahibi Halit Erg\u00fcl, \u015firket genel m\u00fcd\u00fcr\u00fc Emir Aras, otel m\u00fcd\u00fcr\u00fc Zeki Y\u0131lmaz, i\u015f sa\u011fl\u0131\u011f\u0131 g\u00fcvenli\u011fi uzman\u0131 Ece Kayacan, otelin a\u015f\u00e7\u0131s\u0131 Faysal Yaver, otelin mutfak \u00e7al\u0131\u015fanlar\u0131 Yusuf Karahanl\u0131, Fidan Kur\u00e7 ve Mehmet G\u00fcnd\u00fcz ile elektrik\u00e7i H\u00fcseyin \u00d6zer&#8217;in emniyetteki i\u015flemleri s\u00fcr\u00fcyor.\u00a0 SORGULARININ ARDINDAN ADL\u0130YEYE SEVK ED\u0130LECEKLER\u00a0 \u015e\u00fcpheliler sorgular\u0131n\u0131n tamamlanmas\u0131n\u0131n ard\u0131ndan Bolu Adliyesi&#8217;ne sevk edilecek. Bu arada zanl\u0131lardan baz\u0131lar\u0131n\u0131n sa\u011fl\u0131k kontrol\u00fcnden ge\u00e7irildi\u011fi \u00f6\u011frenildi.\u00a0 \u00a0 \u00a0 \u00a0 \u00a0 \u00a0 \u00a0 \u00a0 \u00a0 \u00a0 \u00a0 \u00a0 \u00a0 \u00a0 \u00a0 \u00a0 \u00a0 \u00a0 \u00a0 \u00a0 \u200bBolu Kartalkaya\u2019daki otelde \u00e7\u0131kan yang\u0131nla ilgili ba\u015flat\u0131lan soru\u015fturma kapsam\u0131nda Bolu Belediye Ba\u015fkan Yard\u0131mc\u0131s\u0131 Sedat G\u00fclener g\u00f6zalt\u0131na al\u0131nm\u0131\u015ft\u0131. G\u00fclener&#8217;le birlikte g\u00f6zalt\u0131na al\u0131nan 11 ki\u015finin emniyetteki i\u015flemleri s\u00fcr\u00fcyor\u00a0 \u200bHaberin Al\u0131nt\u0131land\u0131\u011f\u0131 Kaynak: www.antalyakorfez.com","og_url":"http:\/\/denizcankizil.tr\/uk\/haberler\/gundem\/gozaltina-alinan-tanju-ozcanin-yardimcisinin-islemleri-suruyor\/","og_site_name":"Av. Deniz Can K\u0131z\u0131l","article_published_time":"2025-01-23T18:19:52+00:00","author":"Antalya K\u00f6rfez","twitter_card":"summary_large_image","twitter_misc":{"\u041d\u0430\u043f\u0438\u0441\u0430\u043d\u043e":"Antalya K\u00f6rfez","\u041f\u0440\u0438\u0431\u043b. \u0447\u0430\u0441 \u0447\u0438\u0442\u0430\u043d\u043d\u044f":"1 \u0445\u0432\u0438\u043b\u0438\u043d\u0430"},"schema":{"@context":"https:\/\/schema.org","@graph":[{"@type":"Article","@id":"http:\/\/denizcankizil.tr\/uk\/haberler\/gundem\/gozaltina-alinan-tanju-ozcanin-yardimcisinin-islemleri-suruyor\/#article","isPartOf":{"@id":"http:\/\/denizcankizil.tr\/uk\/haberler\/gundem\/gozaltina-alinan-tanju-ozcanin-yardimcisinin-islemleri-suruyor\/"},"author":{"name":"Antalya K\u00f6rfez","@id":"https:\/\/denizcankizil.tr\/de\/#\/schema\/person\/e1eb71bb4dd684d46563f0af307e1234"},"headline":"G\u00f6zalt\u0131na al\u0131nan Tanju \u00d6zcan\u2019\u0131n yard\u0131mc\u0131s\u0131n\u0131n i\u015flemleri s\u00fcr\u00fcyor","datePublished":"2025-01-23T18:19:52+00:00","mainEntityOfPage":{"@id":"http:\/\/denizcankizil.tr\/uk\/haberler\/gundem\/gozaltina-alinan-tanju-ozcanin-yardimcisinin-islemleri-suruyor\/"},"wordCount":256,"commentCount":0,"publisher":{"@id":"https:\/\/denizcankizil.tr\/de\/#organization"},"articleSection":["G\u00fcndem"],"inLanguage":"uk","potentialAction":[{"@type":"CommentAction","name":"Comment","target":["http:\/\/denizcankizil.tr\/uk\/haberler\/gundem\/gozaltina-alinan-tanju-ozcanin-yardimcisinin-islemleri-suruyor\/#respond"]}]},{"@type":"WebPage","@id":"http:\/\/denizcankizil.tr\/uk\/haberler\/gundem\/gozaltina-alinan-tanju-ozcanin-yardimcisinin-islemleri-suruyor\/","url":"http:\/\/denizcankizil.tr\/uk\/haberler\/gundem\/gozaltina-alinan-tanju-ozcanin-yardimcisinin-islemleri-suruyor\/","name":"G\u00f6zalt\u0131na al\u0131nan Tanju \u00d6zcan\u2019\u0131n yard\u0131mc\u0131s\u0131n\u0131n i\u015flemleri s\u00fcr\u00fcyor - Av. Deniz Can K\u0131z\u0131l","isPartOf":{"@id":"https:\/\/denizcankizil.tr\/de\/#website"},"datePublished":"2025-01-23T18:19:52+00:00","breadcrumb":{"@id":"http:\/\/denizcankizil.tr\/uk\/haberler\/gundem\/gozaltina-alinan-tanju-ozcanin-yardimcisinin-islemleri-suruyor\/#breadcrumb"},"inLanguage":"uk","potentialAction":[{"@type":"ReadAction","target":["http:\/\/denizcankizil.tr\/uk\/haberler\/gundem\/gozaltina-alinan-tanju-ozcanin-yardimcisinin-islemleri-suruyor\/"]}]},{"@type":"BreadcrumbList","@id":"http:\/\/denizcankizil.tr\/uk\/haberler\/gundem\/gozaltina-alinan-tanju-ozcanin-yardimcisinin-islemleri-suruyor\/#breadcrumb","itemListElement":[{"@type":"ListItem","position":1,"name":"Home","item":"https:\/\/denizcankizil.tr\/de\/"},{"@type":"ListItem","position":2,"name":"G\u00f6zalt\u0131na al\u0131nan Tanju \u00d6zcan\u2019\u0131n yard\u0131mc\u0131s\u0131n\u0131n i\u015flemleri s\u00fcr\u00fcyor"}]},{"@type":"WebSite","@id":"https:\/\/denizcankizil.tr\/de\/#website","url":"https:\/\/denizcankizil.tr\/de\/","name":"Av. Deniz Can K\u0131z\u0131l","description":"Avukat Deniz Can K\u0131z\u0131l Antalya Barosu","publisher":{"@id":"https:\/\/denizcankizil.tr\/de\/#organization"},"potentialAction":[{"@type":"SearchAction","target":{"@type":"EntryPoint","urlTemplate":"https:\/\/denizcankizil.tr\/de\/?s={search_term_string}"},"query-input":{"@type":"PropertyValueSpecification","valueRequired":true,"valueName":"search_term_string"}}],"inLanguage":"uk"},{"@type":"Organization","@id":"https:\/\/denizcankizil.tr\/de\/#organization","name":"Av. Deniz Can K\u0131z\u0131l","url":"https:\/\/denizcankizil.tr\/de\/","logo":{"@type":"ImageObject","inLanguage":"uk","@id":"https:\/\/denizcankizil.tr\/de\/#\/schema\/logo\/image\/","url":"http:\/\/denizcankizil.tr\/wp-content\/uploads\/2024\/10\/siyah-logo-svg.svg","contentUrl":"http:\/\/denizcankizil.tr\/wp-content\/uploads\/2024\/10\/siyah-logo-svg.svg","width":1080,"height":1080,"caption":"Av. Deniz Can K\u0131z\u0131l"},"image":{"@id":"https:\/\/denizcankizil.tr\/de\/#\/schema\/logo\/image\/"}},{"@type":"Person","@id":"https:\/\/denizcankizil.tr\/de\/#\/schema\/person\/e1eb71bb4dd684d46563f0af307e1234","name":"Antalya K\u00f6rfez","image":{"@type":"ImageObject","inLanguage":"uk","@id":"https:\/\/denizcankizil.tr\/de\/#\/schema\/person\/image\/","url":"https:\/\/secure.gravatar.com\/avatar\/42b01982558a48a0b501fdcab6a408d3717ea5919095ee2e67b0e521799c5905?s=96&d=mm&r=g","contentUrl":"https:\/\/secure.gravatar.com\/avatar\/42b01982558a48a0b501fdcab6a408d3717ea5919095ee2e67b0e521799c5905?s=96&d=mm&r=g","caption":"Antalya K\u00f6rfez"},"sameAs":["http:\/\/www.antalyakorfez.com"],"url":"https:\/\/www.antalyakorfez.com\/gozaltina-alinan-tanju-ozcanin-yardimcisinin-islemleri-suruyor"}]}},"_links":{"self":[{"href":"http:\/\/denizcankizil.tr\/uk\/wp-json\/wp\/v2\/posts\/27033","targetHints":{"allow":["GET"]}}],"collection":[{"href":"http:\/\/denizcankizil.tr\/uk\/wp-json\/wp\/v2\/posts"}],"about":[{"href":"http:\/\/denizcankizil.tr\/uk\/wp-json\/wp\/v2\/types\/post"}],"author":[{"embeddable":true,"href":"http:\/\/denizcankizil.tr\/uk\/wp-json\/wp\/v2\/users\/5"}],"replies":[{"embeddable":true,"href":"http:\/\/denizcankizil.tr\/uk\/wp-json\/wp\/v2\/comments?post=27033"}],"version-history":[{"count":0,"href":"http:\/\/denizcankizil.tr\/uk\/wp-json\/wp\/v2\/posts\/27033\/revisions"}],"wp:attachment":[{"href":"http:\/\/denizcankizil.tr\/uk\/wp-json\/wp\/v2\/media?parent=27033"}],"wp:term":[{"taxonomy":"category","embeddable":true,"href":"http:\/\/denizcankizil.tr\/uk\/wp-json\/wp\/v2\/categories?post=27033"},{"taxonomy":"post_tag","embeddable":true,"href":"http:\/\/denizcankizil.tr\/uk\/wp-json\/wp\/v2\/tags?post=27033"}],"curies":[{"name":"wp","href":"https:\/\/api.w.org\/{rel}","templated":true}]}}