{"id":26777,"date":"2025-01-22T15:41:48","date_gmt":"2025-01-22T12:41:48","guid":{"rendered":"https:\/\/denizcankizil.tr\/uncategorized-tr\/spli-vekil-caliskan-rektor-durueli-ziyaret-etti\/"},"modified":"2025-01-22T15:41:48","modified_gmt":"2025-01-22T12:41:48","slug":"spli-vekil-caliskan-rektor-durueli-ziyaret-etti","status":"publish","type":"post","link":"http:\/\/denizcankizil.tr\/uk\/haberler\/gundem\/spli-vekil-caliskan-rektor-durueli-ziyaret-etti\/","title":{"rendered":"SP\u2019li vekil \u00c7al\u0131\u015fkan Rekt\u00f6r Duruel\u2019i Ziyaret etti"},"content":{"rendered":"<p>21 Ocak Sal\u0131 g\u00fcn\u00fc \u0130STE Rekt\u00f6rl\u00fck makam\u0131nda ger\u00e7ekle\u015fen ziyarette, Milletvekili \u00c7al\u0131\u015fkan ve Saadet Partisi heyeti, Rekt\u00f6r Duruel\u2019i yeni g\u00f6revi dolay\u0131s\u0131yla tebrik ederek ba\u015far\u0131 dileklerini iletti. G\u00f6r\u00fc\u015fmede, \u0130STE\u2019nin e\u011fitim alan\u0131ndaki ba\u015far\u0131lar\u0131 ve \u00fcniversitenin Hatay b\u00f6lgesine sa\u011flad\u0131\u011f\u0131 katk\u0131lar hakk\u0131nda verimli bir sohbet ger\u00e7ekle\u015ftirildi.<\/p>\n<p>Ziyarette, Hatay Milletvekili \u00c7al\u0131\u015fkan, \u0130STE\u2019nin b\u00f6lge ekonomisi ve e\u011fitimine olan katk\u0131lar\u0131n\u0131 art\u0131rmas\u0131n\u0131n \u00f6nemine vurgu yaparak, \u00fcniversitenin ba\u015far\u0131lar\u0131n\u0131n devam\u0131n\u0131 diledi. Saadet Partisi heyeti ise, \u0130STE\u2019nin daha ileriye gitmesi i\u00e7in her t\u00fcrl\u00fc deste\u011fi sa\u011flamaya haz\u0131r olduklar\u0131n\u0131 ifade etti.<\/p>\n<p>Rekt\u00f6r Prof. Dr. Mehmet Duruel, \u00fcniversite olarak b\u00f6lgeye katk\u0131 sa\u011flamak ad\u0131na i\u015f birli\u011fine a\u00e7\u0131k olduklar\u0131n\u0131 belirterek, nazik ziyaretlerinden dolay\u0131 konuklar\u0131na te\u015fekk\u00fcr etti.<\/p>\n<p>Ziyaret, kar\u015f\u0131l\u0131kl\u0131 iyi dileklerin ard\u0131ndan hat\u0131ra foto\u011fraf\u0131 \u00e7ekimiyle sona erdi.<\/p>\n<p>\u200bHatay Milletvekili Necmettin \u00c7al\u0131\u015fkan, Saadet Partisi Hatay \u0130l Ba\u015fkan\u0131 Fad\u0131l Ko\u00e7ak ve Saadet Partisi \u0130skenderun \u0130l\u00e7e Ba\u015fkan\u0131 Halil \u0130brahim \u00c7elik, \u0130skenderun Teknik \u00dcniversitesi (\u0130STE) Rekt\u00f6r\u00fc Prof. Dr. Mehmet Duruel\u2019i ziyaret etti.\u00a0<\/p>\n<p>\u200bHaberin Al\u0131nt\u0131land\u0131\u011f\u0131 Kaynak: www.iskenderun.org<\/p>","protected":false},"excerpt":{"rendered":"<p>21 Ocak Sal\u0131 g\u00fcn\u00fc \u0130STE Rekt\u00f6rl\u00fck makam\u0131nda ger\u00e7ekle\u015fen ziyarette, Milletvekili \u00c7al\u0131\u015fkan ve Saadet Partisi heyeti, Rekt\u00f6r Duruel\u2019i yeni g\u00f6revi dolay\u0131s\u0131yla tebrik ederek ba\u015far\u0131 dileklerini iletti. G\u00f6r\u00fc\u015fmede, \u0130STE\u2019nin e\u011fitim alan\u0131ndaki ba\u015far\u0131lar\u0131 ve \u00fcniversitenin Hatay b\u00f6lgesine sa\u011flad\u0131\u011f\u0131 katk\u0131lar hakk\u0131nda verimli bir sohbet ger\u00e7ekle\u015ftirildi. Ziyarette, Hatay Milletvekili \u00c7al\u0131\u015fkan, \u0130STE\u2019nin b\u00f6lge ekonomisi ve e\u011fitimine olan katk\u0131lar\u0131n\u0131 art\u0131rmas\u0131n\u0131n \u00f6nemine vurgu yaparak, \u00fcniversitenin ba\u015far\u0131lar\u0131n\u0131n devam\u0131n\u0131 diledi. Saadet Partisi heyeti ise, \u0130STE\u2019nin daha ileriye gitmesi i\u00e7in her t\u00fcrl\u00fc deste\u011fi sa\u011flamaya haz\u0131r olduklar\u0131n\u0131 ifade etti. Rekt\u00f6r Prof. Dr. Mehmet Duruel, \u00fcniversite olarak b\u00f6lgeye katk\u0131 sa\u011flamak ad\u0131na i\u015f birli\u011fine a\u00e7\u0131k olduklar\u0131n\u0131 belirterek, nazik ziyaretlerinden dolay\u0131 konuklar\u0131na te\u015fekk\u00fcr etti. Ziyaret, kar\u015f\u0131l\u0131kl\u0131 iyi dileklerin ard\u0131ndan hat\u0131ra foto\u011fraf\u0131 \u00e7ekimiyle sona erdi. \u200bHatay Milletvekili Necmettin \u00c7al\u0131\u015fkan, Saadet Partisi Hatay \u0130l Ba\u015fkan\u0131 Fad\u0131l Ko\u00e7ak ve Saadet Partisi \u0130skenderun \u0130l\u00e7e Ba\u015fkan\u0131 Halil \u0130brahim \u00c7elik, \u0130skenderun Teknik \u00dcniversitesi (\u0130STE) Rekt\u00f6r\u00fc Prof. Dr. Mehmet Duruel\u2019i ziyaret etti.\u00a0 \u200bHaberin Al\u0131nt\u0131land\u0131\u011f\u0131 Kaynak: www.iskenderun.org<\/p>","protected":false},"author":1,"featured_media":0,"comment_status":"open","ping_status":"open","sticky":false,"template":"","format":"standard","meta":{"_acf_changed":false,"footnotes":""},"categories":[24],"tags":[],"class_list":["post-26777","post","type-post","status-publish","format-standard","has-post-thumbnail","hentry","category-gundem"],"acf":[],"yoast_head":"<!-- This site is optimized with the Yoast SEO Premium plugin v26.6 (Yoast SEO v27.1.1) - https:\/\/yoast.com\/product\/yoast-seo-premium-wordpress\/ -->\n<title>SP\u2019li vekil \u00c7al\u0131\u015fkan Rekt\u00f6r Duruel\u2019i Ziyaret etti - Av. Deniz Can K\u0131z\u0131l<\/title>\n<meta name=\"robots\" content=\"index, follow, max-snippet:-1, max-image-preview:large, max-video-preview:-1\" \/>\n<link rel=\"canonical\" href=\"https:\/\/denizcankizil.tr\/uk\/haberler\/gundem\/spli-vekil-caliskan-rektor-durueli-ziyaret-etti\/\" \/>\n<meta property=\"og:locale\" content=\"uk_UA\" \/>\n<meta property=\"og:type\" content=\"article\" \/>\n<meta property=\"og:title\" content=\"SP\u2019li vekil \u00c7al\u0131\u015fkan Rekt\u00f6r Duruel\u2019i Ziyaret etti\" \/>\n<meta property=\"og:description\" content=\"21 Ocak Sal\u0131 g\u00fcn\u00fc \u0130STE Rekt\u00f6rl\u00fck makam\u0131nda ger\u00e7ekle\u015fen ziyarette, Milletvekili \u00c7al\u0131\u015fkan ve Saadet Partisi heyeti, Rekt\u00f6r Duruel\u2019i yeni g\u00f6revi dolay\u0131s\u0131yla tebrik ederek ba\u015far\u0131 dileklerini iletti. G\u00f6r\u00fc\u015fmede, \u0130STE\u2019nin e\u011fitim alan\u0131ndaki ba\u015far\u0131lar\u0131 ve \u00fcniversitenin Hatay b\u00f6lgesine sa\u011flad\u0131\u011f\u0131 katk\u0131lar hakk\u0131nda verimli bir sohbet ger\u00e7ekle\u015ftirildi. Ziyarette, Hatay Milletvekili \u00c7al\u0131\u015fkan, \u0130STE\u2019nin b\u00f6lge ekonomisi ve e\u011fitimine olan katk\u0131lar\u0131n\u0131 art\u0131rmas\u0131n\u0131n \u00f6nemine vurgu yaparak, \u00fcniversitenin ba\u015far\u0131lar\u0131n\u0131n devam\u0131n\u0131 diledi. Saadet Partisi heyeti ise, \u0130STE\u2019nin daha ileriye gitmesi i\u00e7in her t\u00fcrl\u00fc deste\u011fi sa\u011flamaya haz\u0131r olduklar\u0131n\u0131 ifade etti. Rekt\u00f6r Prof. Dr. Mehmet Duruel, \u00fcniversite olarak b\u00f6lgeye katk\u0131 sa\u011flamak ad\u0131na i\u015f birli\u011fine a\u00e7\u0131k olduklar\u0131n\u0131 belirterek, nazik ziyaretlerinden dolay\u0131 konuklar\u0131na te\u015fekk\u00fcr etti. Ziyaret, kar\u015f\u0131l\u0131kl\u0131 iyi dileklerin ard\u0131ndan hat\u0131ra foto\u011fraf\u0131 \u00e7ekimiyle sona erdi. \u200bHatay Milletvekili Necmettin \u00c7al\u0131\u015fkan, Saadet Partisi Hatay \u0130l Ba\u015fkan\u0131 Fad\u0131l Ko\u00e7ak ve Saadet Partisi \u0130skenderun \u0130l\u00e7e Ba\u015fkan\u0131 Halil \u0130brahim \u00c7elik, \u0130skenderun Teknik \u00dcniversitesi (\u0130STE) Rekt\u00f6r\u00fc Prof. Dr. Mehmet Duruel\u2019i ziyaret etti.\u00a0 \u200bHaberin Al\u0131nt\u0131land\u0131\u011f\u0131 Kaynak: www.iskenderun.org\" \/>\n<meta property=\"og:url\" content=\"https:\/\/denizcankizil.tr\/uk\/haberler\/gundem\/spli-vekil-caliskan-rektor-durueli-ziyaret-etti\/\" \/>\n<meta property=\"og:site_name\" content=\"Av. Deniz Can K\u0131z\u0131l\" \/>\n<meta property=\"article:published_time\" content=\"2025-01-22T12:41:48+00:00\" \/>\n<meta name=\"author\" content=\"admin\" \/>\n<meta name=\"twitter:card\" content=\"summary_large_image\" \/>\n<meta name=\"twitter:label1\" content=\"\u041d\u0430\u043f\u0438\u0441\u0430\u043d\u043e\" \/>\n\t<meta name=\"twitter:data1\" content=\"admin\" \/>\n\t<meta name=\"twitter:label2\" content=\"\u041f\u0440\u0438\u0431\u043b. \u0447\u0430\u0441 \u0447\u0438\u0442\u0430\u043d\u043d\u044f\" \/>\n\t<meta name=\"twitter:data2\" content=\"1 \u0445\u0432\u0438\u043b\u0438\u043d\u0430\" \/>\n<script type=\"application\/ld+json\" class=\"yoast-schema-graph\">{\"@context\":\"https:\/\/schema.org\",\"@graph\":[{\"@type\":\"Article\",\"@id\":\"https:\/\/denizcankizil.tr\/en\/haberler\/gundem\/spli-vekil-caliskan-rektor-durueli-ziyaret-etti\/#article\",\"isPartOf\":{\"@id\":\"https:\/\/denizcankizil.tr\/en\/haberler\/gundem\/spli-vekil-caliskan-rektor-durueli-ziyaret-etti\/\"},\"author\":{\"name\":\"admin\",\"@id\":\"https:\/\/denizcankizil.tr\/de\/#\/schema\/person\/be3c05fe6a12686905512445d8185489\"},\"headline\":\"SP\u2019li vekil \u00c7al\u0131\u015fkan Rekt\u00f6r Duruel\u2019i Ziyaret etti\",\"datePublished\":\"2025-01-22T12:41:48+00:00\",\"mainEntityOfPage\":{\"@id\":\"https:\/\/denizcankizil.tr\/en\/haberler\/gundem\/spli-vekil-caliskan-rektor-durueli-ziyaret-etti\/\"},\"wordCount\":228,\"commentCount\":0,\"publisher\":{\"@id\":\"https:\/\/denizcankizil.tr\/de\/#organization\"},\"articleSection\":[\"G\u00fcndem\"],\"inLanguage\":\"uk\",\"potentialAction\":[{\"@type\":\"CommentAction\",\"name\":\"Comment\",\"target\":[\"https:\/\/denizcankizil.tr\/en\/haberler\/gundem\/spli-vekil-caliskan-rektor-durueli-ziyaret-etti\/#respond\"]}]},{\"@type\":\"WebPage\",\"@id\":\"https:\/\/denizcankizil.tr\/en\/haberler\/gundem\/spli-vekil-caliskan-rektor-durueli-ziyaret-etti\/\",\"url\":\"https:\/\/denizcankizil.tr\/en\/haberler\/gundem\/spli-vekil-caliskan-rektor-durueli-ziyaret-etti\/\",\"name\":\"SP\u2019li vekil \u00c7al\u0131\u015fkan Rekt\u00f6r Duruel\u2019i Ziyaret etti - Av. Deniz Can K\u0131z\u0131l\",\"isPartOf\":{\"@id\":\"https:\/\/denizcankizil.tr\/de\/#website\"},\"datePublished\":\"2025-01-22T12:41:48+00:00\",\"breadcrumb\":{\"@id\":\"https:\/\/denizcankizil.tr\/en\/haberler\/gundem\/spli-vekil-caliskan-rektor-durueli-ziyaret-etti\/#breadcrumb\"},\"inLanguage\":\"uk\",\"potentialAction\":[{\"@type\":\"ReadAction\",\"target\":[\"https:\/\/denizcankizil.tr\/en\/haberler\/gundem\/spli-vekil-caliskan-rektor-durueli-ziyaret-etti\/\"]}]},{\"@type\":\"BreadcrumbList\",\"@id\":\"https:\/\/denizcankizil.tr\/en\/haberler\/gundem\/spli-vekil-caliskan-rektor-durueli-ziyaret-etti\/#breadcrumb\",\"itemListElement\":[{\"@type\":\"ListItem\",\"position\":1,\"name\":\"Home\",\"item\":\"https:\/\/denizcankizil.tr\/de\/\"},{\"@type\":\"ListItem\",\"position\":2,\"name\":\"SP\u2019li vekil \u00c7al\u0131\u015fkan Rekt\u00f6r Duruel\u2019i Ziyaret etti\"}]},{\"@type\":\"WebSite\",\"@id\":\"https:\/\/denizcankizil.tr\/de\/#website\",\"url\":\"https:\/\/denizcankizil.tr\/de\/\",\"name\":\"Av. Deniz Can K\u0131z\u0131l\",\"description\":\"Avukat Deniz Can K\u0131z\u0131l Antalya Barosu\",\"publisher\":{\"@id\":\"https:\/\/denizcankizil.tr\/de\/#organization\"},\"potentialAction\":[{\"@type\":\"SearchAction\",\"target\":{\"@type\":\"EntryPoint\",\"urlTemplate\":\"https:\/\/denizcankizil.tr\/de\/?s={search_term_string}\"},\"query-input\":{\"@type\":\"PropertyValueSpecification\",\"valueRequired\":true,\"valueName\":\"search_term_string\"}}],\"inLanguage\":\"uk\"},{\"@type\":\"Organization\",\"@id\":\"https:\/\/denizcankizil.tr\/de\/#organization\",\"name\":\"Av. Deniz Can K\u0131z\u0131l\",\"url\":\"https:\/\/denizcankizil.tr\/de\/\",\"logo\":{\"@type\":\"ImageObject\",\"inLanguage\":\"uk\",\"@id\":\"https:\/\/denizcankizil.tr\/de\/#\/schema\/logo\/image\/\",\"url\":\"http:\/\/denizcankizil.tr\/wp-content\/uploads\/2024\/10\/siyah-logo-svg.svg\",\"contentUrl\":\"http:\/\/denizcankizil.tr\/wp-content\/uploads\/2024\/10\/siyah-logo-svg.svg\",\"width\":1080,\"height\":1080,\"caption\":\"Av. Deniz Can K\u0131z\u0131l\"},\"image\":{\"@id\":\"https:\/\/denizcankizil.tr\/de\/#\/schema\/logo\/image\/\"}},{\"@type\":\"Person\",\"@id\":\"https:\/\/denizcankizil.tr\/de\/#\/schema\/person\/be3c05fe6a12686905512445d8185489\",\"name\":\"admin\",\"image\":{\"@type\":\"ImageObject\",\"inLanguage\":\"uk\",\"@id\":\"https:\/\/denizcankizil.tr\/de\/#\/schema\/person\/image\/\",\"url\":\"https:\/\/secure.gravatar.com\/avatar\/c1fce94c830dc79107e174f890d7210541c4a63e8e5d816341794a2151c9d58c?s=96&d=mm&r=g\",\"contentUrl\":\"https:\/\/secure.gravatar.com\/avatar\/c1fce94c830dc79107e174f890d7210541c4a63e8e5d816341794a2151c9d58c?s=96&d=mm&r=g\",\"caption\":\"admin\"},\"sameAs\":[\"http:\/\/denizcankizil.tr\"],\"url\":\"https:\/\/www.iskenderun.org\/spli-vekil-caliskan-rektor-durueli-ziyaret-etti\"}]}<\/script>\n<!-- \/ Yoast SEO Premium plugin. -->","yoast_head_json":{"title":"SP\u2019li vekil \u00c7al\u0131\u015fkan Rekt\u00f6r Duruel\u2019i Ziyaret etti - Av. Deniz Can K\u0131z\u0131l","robots":{"index":"index","follow":"follow","max-snippet":"max-snippet:-1","max-image-preview":"max-image-preview:large","max-video-preview":"max-video-preview:-1"},"canonical":"https:\/\/denizcankizil.tr\/uk\/haberler\/gundem\/spli-vekil-caliskan-rektor-durueli-ziyaret-etti\/","og_locale":"uk_UA","og_type":"article","og_title":"SP\u2019li vekil \u00c7al\u0131\u015fkan Rekt\u00f6r Duruel\u2019i Ziyaret etti","og_description":"21 Ocak Sal\u0131 g\u00fcn\u00fc \u0130STE Rekt\u00f6rl\u00fck makam\u0131nda ger\u00e7ekle\u015fen ziyarette, Milletvekili \u00c7al\u0131\u015fkan ve Saadet Partisi heyeti, Rekt\u00f6r Duruel\u2019i yeni g\u00f6revi dolay\u0131s\u0131yla tebrik ederek ba\u015far\u0131 dileklerini iletti. G\u00f6r\u00fc\u015fmede, \u0130STE\u2019nin e\u011fitim alan\u0131ndaki ba\u015far\u0131lar\u0131 ve \u00fcniversitenin Hatay b\u00f6lgesine sa\u011flad\u0131\u011f\u0131 katk\u0131lar hakk\u0131nda verimli bir sohbet ger\u00e7ekle\u015ftirildi. Ziyarette, Hatay Milletvekili \u00c7al\u0131\u015fkan, \u0130STE\u2019nin b\u00f6lge ekonomisi ve e\u011fitimine olan katk\u0131lar\u0131n\u0131 art\u0131rmas\u0131n\u0131n \u00f6nemine vurgu yaparak, \u00fcniversitenin ba\u015far\u0131lar\u0131n\u0131n devam\u0131n\u0131 diledi. Saadet Partisi heyeti ise, \u0130STE\u2019nin daha ileriye gitmesi i\u00e7in her t\u00fcrl\u00fc deste\u011fi sa\u011flamaya haz\u0131r olduklar\u0131n\u0131 ifade etti. Rekt\u00f6r Prof. Dr. Mehmet Duruel, \u00fcniversite olarak b\u00f6lgeye katk\u0131 sa\u011flamak ad\u0131na i\u015f birli\u011fine a\u00e7\u0131k olduklar\u0131n\u0131 belirterek, nazik ziyaretlerinden dolay\u0131 konuklar\u0131na te\u015fekk\u00fcr etti. Ziyaret, kar\u015f\u0131l\u0131kl\u0131 iyi dileklerin ard\u0131ndan hat\u0131ra foto\u011fraf\u0131 \u00e7ekimiyle sona erdi. \u200bHatay Milletvekili Necmettin \u00c7al\u0131\u015fkan, Saadet Partisi Hatay \u0130l Ba\u015fkan\u0131 Fad\u0131l Ko\u00e7ak ve Saadet Partisi \u0130skenderun \u0130l\u00e7e Ba\u015fkan\u0131 Halil \u0130brahim \u00c7elik, \u0130skenderun Teknik \u00dcniversitesi (\u0130STE) Rekt\u00f6r\u00fc Prof. Dr. Mehmet Duruel\u2019i ziyaret etti.\u00a0 \u200bHaberin Al\u0131nt\u0131land\u0131\u011f\u0131 Kaynak: www.iskenderun.org","og_url":"https:\/\/denizcankizil.tr\/uk\/haberler\/gundem\/spli-vekil-caliskan-rektor-durueli-ziyaret-etti\/","og_site_name":"Av. Deniz Can K\u0131z\u0131l","article_published_time":"2025-01-22T12:41:48+00:00","author":"admin","twitter_card":"summary_large_image","twitter_misc":{"\u041d\u0430\u043f\u0438\u0441\u0430\u043d\u043e":"admin","\u041f\u0440\u0438\u0431\u043b. \u0447\u0430\u0441 \u0447\u0438\u0442\u0430\u043d\u043d\u044f":"1 \u0445\u0432\u0438\u043b\u0438\u043d\u0430"},"schema":{"@context":"https:\/\/schema.org","@graph":[{"@type":"Article","@id":"https:\/\/denizcankizil.tr\/en\/haberler\/gundem\/spli-vekil-caliskan-rektor-durueli-ziyaret-etti\/#article","isPartOf":{"@id":"https:\/\/denizcankizil.tr\/en\/haberler\/gundem\/spli-vekil-caliskan-rektor-durueli-ziyaret-etti\/"},"author":{"name":"admin","@id":"https:\/\/denizcankizil.tr\/de\/#\/schema\/person\/be3c05fe6a12686905512445d8185489"},"headline":"SP\u2019li vekil \u00c7al\u0131\u015fkan Rekt\u00f6r Duruel\u2019i Ziyaret etti","datePublished":"2025-01-22T12:41:48+00:00","mainEntityOfPage":{"@id":"https:\/\/denizcankizil.tr\/en\/haberler\/gundem\/spli-vekil-caliskan-rektor-durueli-ziyaret-etti\/"},"wordCount":228,"commentCount":0,"publisher":{"@id":"https:\/\/denizcankizil.tr\/de\/#organization"},"articleSection":["G\u00fcndem"],"inLanguage":"uk","potentialAction":[{"@type":"CommentAction","name":"Comment","target":["https:\/\/denizcankizil.tr\/en\/haberler\/gundem\/spli-vekil-caliskan-rektor-durueli-ziyaret-etti\/#respond"]}]},{"@type":"WebPage","@id":"https:\/\/denizcankizil.tr\/en\/haberler\/gundem\/spli-vekil-caliskan-rektor-durueli-ziyaret-etti\/","url":"https:\/\/denizcankizil.tr\/en\/haberler\/gundem\/spli-vekil-caliskan-rektor-durueli-ziyaret-etti\/","name":"SP\u2019li vekil \u00c7al\u0131\u015fkan Rekt\u00f6r Duruel\u2019i Ziyaret etti - Av. Deniz Can K\u0131z\u0131l","isPartOf":{"@id":"https:\/\/denizcankizil.tr\/de\/#website"},"datePublished":"2025-01-22T12:41:48+00:00","breadcrumb":{"@id":"https:\/\/denizcankizil.tr\/en\/haberler\/gundem\/spli-vekil-caliskan-rektor-durueli-ziyaret-etti\/#breadcrumb"},"inLanguage":"uk","potentialAction":[{"@type":"ReadAction","target":["https:\/\/denizcankizil.tr\/en\/haberler\/gundem\/spli-vekil-caliskan-rektor-durueli-ziyaret-etti\/"]}]},{"@type":"BreadcrumbList","@id":"https:\/\/denizcankizil.tr\/en\/haberler\/gundem\/spli-vekil-caliskan-rektor-durueli-ziyaret-etti\/#breadcrumb","itemListElement":[{"@type":"ListItem","position":1,"name":"Home","item":"https:\/\/denizcankizil.tr\/de\/"},{"@type":"ListItem","position":2,"name":"SP\u2019li vekil \u00c7al\u0131\u015fkan Rekt\u00f6r Duruel\u2019i Ziyaret etti"}]},{"@type":"WebSite","@id":"https:\/\/denizcankizil.tr\/de\/#website","url":"https:\/\/denizcankizil.tr\/de\/","name":"Av. Deniz Can K\u0131z\u0131l","description":"Avukat Deniz Can K\u0131z\u0131l Antalya Barosu","publisher":{"@id":"https:\/\/denizcankizil.tr\/de\/#organization"},"potentialAction":[{"@type":"SearchAction","target":{"@type":"EntryPoint","urlTemplate":"https:\/\/denizcankizil.tr\/de\/?s={search_term_string}"},"query-input":{"@type":"PropertyValueSpecification","valueRequired":true,"valueName":"search_term_string"}}],"inLanguage":"uk"},{"@type":"Organization","@id":"https:\/\/denizcankizil.tr\/de\/#organization","name":"Av. Deniz Can K\u0131z\u0131l","url":"https:\/\/denizcankizil.tr\/de\/","logo":{"@type":"ImageObject","inLanguage":"uk","@id":"https:\/\/denizcankizil.tr\/de\/#\/schema\/logo\/image\/","url":"http:\/\/denizcankizil.tr\/wp-content\/uploads\/2024\/10\/siyah-logo-svg.svg","contentUrl":"http:\/\/denizcankizil.tr\/wp-content\/uploads\/2024\/10\/siyah-logo-svg.svg","width":1080,"height":1080,"caption":"Av. Deniz Can K\u0131z\u0131l"},"image":{"@id":"https:\/\/denizcankizil.tr\/de\/#\/schema\/logo\/image\/"}},{"@type":"Person","@id":"https:\/\/denizcankizil.tr\/de\/#\/schema\/person\/be3c05fe6a12686905512445d8185489","name":"\u0430\u0434\u043c\u0456\u043d","image":{"@type":"ImageObject","inLanguage":"uk","@id":"https:\/\/denizcankizil.tr\/de\/#\/schema\/person\/image\/","url":"https:\/\/secure.gravatar.com\/avatar\/c1fce94c830dc79107e174f890d7210541c4a63e8e5d816341794a2151c9d58c?s=96&d=mm&r=g","contentUrl":"https:\/\/secure.gravatar.com\/avatar\/c1fce94c830dc79107e174f890d7210541c4a63e8e5d816341794a2151c9d58c?s=96&d=mm&r=g","caption":"admin"},"sameAs":["http:\/\/denizcankizil.tr"],"url":"https:\/\/www.iskenderun.org\/spli-vekil-caliskan-rektor-durueli-ziyaret-etti"}]}},"_links":{"self":[{"href":"http:\/\/denizcankizil.tr\/uk\/wp-json\/wp\/v2\/posts\/26777","targetHints":{"allow":["GET"]}}],"collection":[{"href":"http:\/\/denizcankizil.tr\/uk\/wp-json\/wp\/v2\/posts"}],"about":[{"href":"http:\/\/denizcankizil.tr\/uk\/wp-json\/wp\/v2\/types\/post"}],"author":[{"embeddable":true,"href":"http:\/\/denizcankizil.tr\/uk\/wp-json\/wp\/v2\/users\/1"}],"replies":[{"embeddable":true,"href":"http:\/\/denizcankizil.tr\/uk\/wp-json\/wp\/v2\/comments?post=26777"}],"version-history":[{"count":0,"href":"http:\/\/denizcankizil.tr\/uk\/wp-json\/wp\/v2\/posts\/26777\/revisions"}],"wp:attachment":[{"href":"http:\/\/denizcankizil.tr\/uk\/wp-json\/wp\/v2\/media?parent=26777"}],"wp:term":[{"taxonomy":"category","embeddable":true,"href":"http:\/\/denizcankizil.tr\/uk\/wp-json\/wp\/v2\/categories?post=26777"},{"taxonomy":"post_tag","embeddable":true,"href":"http:\/\/denizcankizil.tr\/uk\/wp-json\/wp\/v2\/tags?post=26777"}],"curies":[{"name":"wp","href":"https:\/\/api.w.org\/{rel}","templated":true}]}}