{"id":26731,"date":"2025-01-22T12:41:29","date_gmt":"2025-01-22T09:41:29","guid":{"rendered":"https:\/\/denizcankizil.tr\/uncategorized-tr\/gubre-yuklu-kamyon-carpistigi-otomobilin-uzerine-devrildi\/"},"modified":"2025-01-22T12:41:29","modified_gmt":"2025-01-22T09:41:29","slug":"gubre-yuklu-kamyon-carpistigi-otomobilin-uzerine-devrildi","status":"publish","type":"post","link":"http:\/\/denizcankizil.tr\/uk\/haberler\/antalya\/gubre-yuklu-kamyon-carpistigi-otomobilin-uzerine-devrildi\/","title":{"rendered":"G\u00fcbre y\u00fckl\u00fc kamyon \u00e7arp\u0131\u015ft\u0131\u011f\u0131 otomobilin \u00fczerine devrildi"},"content":{"rendered":"<p>Kaza, Kepez il\u00e7esi Varsak Mahallesi S\u00fcleyman Demirel Bulvar\u0131&#8217;nda saat 08.30 s\u0131ralar\u0131nda meydana geldi. Edinilen bilgiye g\u00f6re, \u015eahin K. y\u00f6netimindeki 15 EH 517 plakal\u0131 g\u00fcbre ta\u015f\u0131yan kamyon, kav\u015fakta G\u00fcl\u015fen S.&#8217;nin kulland\u0131\u011f\u0131 07 MKB 45 plakal\u0131 Dacia marka otomobille \u00e7arp\u0131\u015ft\u0131, ard\u0131ndan park halindeki 07 AU 0336 plakal\u0131 VS 18 hat numaral\u0131 belediye otob\u00fcs\u00fcne \u00e7arp\u0131p devrildi.<\/p>\n<p>Otomobilde s\u0131k\u0131\u015fan kad\u0131n yar\u0131m saatlik operasyonla d\u0131\u015far\u0131 \u00e7\u0131kar\u0131ld\u0131<br \/>\nOtomobilin i\u00e7inde s\u0131k\u0131\u015fan 44 ya\u015f\u0131ndaki s\u00fcr\u00fcc\u00fc G\u00fcl\u015fen S. i\u00e7in \u00e7evredeki vatanda\u015flar hemen 112 Acil \u00c7a\u011fr\u0131 Merkezi&#8217;ne bilgi verdi. Olay yerine gelen itfaiye ekipleri, yakla\u015f\u0131k yar\u0131m saat s\u00fcren \u00e7al\u0131\u015fman\u0131n ard\u0131ndan G\u00fcl\u015fen S.&#8217;yi s\u0131k\u0131\u015ft\u0131\u011f\u0131 ara\u00e7tan kurtararak sa\u011fl\u0131k ekiplerine teslim etti. Kurtarma \u00e7al\u0131\u015fmalar\u0131 s\u0131ras\u0131nda olay\u0131 g\u00f6ren baz\u0131 vatanda\u015flar\u0131n \u00fcz\u00fcld\u00fc\u011f\u00fc g\u00f6zlendi.<br \/>\nKamyon s\u00fcr\u00fcc\u00fcs\u00fc \u015eahin K. ise yaral\u0131 olarak hastaneye kald\u0131r\u0131ld\u0131. Kamyonun ta\u015f\u0131d\u0131\u011f\u0131 g\u00fcbre yola sa\u00e7\u0131l\u0131rken, kaza nedeniyle b\u00f6lgede trafik bir s\u00fcre aksad\u0131. Kazayla ilgili inceleme ba\u015flat\u0131ld\u0131.<\/p>\n<p>Kaynak: www.kanalv.com.tr Haber Sitesinden Al\u0131nm\u0131\u015ft\u0131r.<\/p>","protected":false},"excerpt":{"rendered":"<p>Kaza, Kepez il\u00e7esi Varsak Mahallesi S\u00fcleyman Demirel Bulvar\u0131&#8217;nda saat 08.30 s\u0131ralar\u0131nda meydana geldi. Edinilen bilgiye g\u00f6re, \u015eahin K. y\u00f6netimindeki 15 EH 517 plakal\u0131 g\u00fcbre ta\u015f\u0131yan kamyon, kav\u015fakta G\u00fcl\u015fen S.&#8217;nin kulland\u0131\u011f\u0131 07 MKB 45 plakal\u0131 Dacia marka otomobille \u00e7arp\u0131\u015ft\u0131, ard\u0131ndan park halindeki 07 AU 0336 plakal\u0131 VS 18 hat numaral\u0131 belediye otob\u00fcs\u00fcne \u00e7arp\u0131p devrildi. Otomobilde s\u0131k\u0131\u015fan kad\u0131n yar\u0131m saatlik operasyonla d\u0131\u015far\u0131 \u00e7\u0131kar\u0131ld\u0131 Otomobilin i\u00e7inde s\u0131k\u0131\u015fan 44 ya\u015f\u0131ndaki s\u00fcr\u00fcc\u00fc G\u00fcl\u015fen S. i\u00e7in \u00e7evredeki vatanda\u015flar hemen 112 Acil \u00c7a\u011fr\u0131 Merkezi&#8217;ne bilgi verdi. Olay yerine gelen itfaiye ekipleri, yakla\u015f\u0131k yar\u0131m saat s\u00fcren \u00e7al\u0131\u015fman\u0131n ard\u0131ndan G\u00fcl\u015fen S.&#8217;yi s\u0131k\u0131\u015ft\u0131\u011f\u0131 ara\u00e7tan kurtararak sa\u011fl\u0131k ekiplerine teslim etti. Kurtarma \u00e7al\u0131\u015fmalar\u0131 s\u0131ras\u0131nda olay\u0131 g\u00f6ren baz\u0131 vatanda\u015flar\u0131n \u00fcz\u00fcld\u00fc\u011f\u00fc g\u00f6zlendi. Kamyon s\u00fcr\u00fcc\u00fcs\u00fc \u015eahin K. ise yaral\u0131 olarak hastaneye kald\u0131r\u0131ld\u0131. Kamyonun ta\u015f\u0131d\u0131\u011f\u0131 g\u00fcbre yola sa\u00e7\u0131l\u0131rken, kaza nedeniyle b\u00f6lgede trafik bir s\u00fcre aksad\u0131. Kazayla ilgili inceleme ba\u015flat\u0131ld\u0131. Kaynak: www.kanalv.com.tr Haber Sitesinden Al\u0131nm\u0131\u015ft\u0131r.<\/p>","protected":false},"author":4,"featured_media":26732,"comment_status":"open","ping_status":"open","sticky":false,"template":"","format":"standard","meta":{"_acf_changed":false,"footnotes":""},"categories":[26],"tags":[],"class_list":["post-26731","post","type-post","status-publish","format-standard","has-post-thumbnail","hentry","category-antalya"],"acf":[],"yoast_head":"<!-- This site is optimized with the Yoast SEO Premium plugin v26.6 (Yoast SEO v27.1.1) - https:\/\/yoast.com\/product\/yoast-seo-premium-wordpress\/ -->\n<title>G\u00fcbre y\u00fckl\u00fc kamyon \u00e7arp\u0131\u015ft\u0131\u011f\u0131 otomobilin \u00fczerine devrildi - Av. Deniz Can K\u0131z\u0131l<\/title>\n<meta name=\"robots\" content=\"index, follow, max-snippet:-1, max-image-preview:large, max-video-preview:-1\" \/>\n<link rel=\"canonical\" href=\"https:\/\/denizcankizil.tr\/uk\/haberler\/antalya\/gubre-yuklu-kamyon-carpistigi-otomobilin-uzerine-devrildi\/\" \/>\n<meta property=\"og:locale\" content=\"uk_UA\" \/>\n<meta property=\"og:type\" content=\"article\" \/>\n<meta property=\"og:title\" content=\"G\u00fcbre y\u00fckl\u00fc kamyon \u00e7arp\u0131\u015ft\u0131\u011f\u0131 otomobilin \u00fczerine devrildi\" \/>\n<meta property=\"og:description\" content=\"Kaza, Kepez il\u00e7esi Varsak Mahallesi S\u00fcleyman Demirel Bulvar\u0131&#8217;nda saat 08.30 s\u0131ralar\u0131nda meydana geldi. Edinilen bilgiye g\u00f6re, \u015eahin K. y\u00f6netimindeki 15 EH 517 plakal\u0131 g\u00fcbre ta\u015f\u0131yan kamyon, kav\u015fakta G\u00fcl\u015fen S.&#8217;nin kulland\u0131\u011f\u0131 07 MKB 45 plakal\u0131 Dacia marka otomobille \u00e7arp\u0131\u015ft\u0131, ard\u0131ndan park halindeki 07 AU 0336 plakal\u0131 VS 18 hat numaral\u0131 belediye otob\u00fcs\u00fcne \u00e7arp\u0131p devrildi. Otomobilde s\u0131k\u0131\u015fan kad\u0131n yar\u0131m saatlik operasyonla d\u0131\u015far\u0131 \u00e7\u0131kar\u0131ld\u0131 Otomobilin i\u00e7inde s\u0131k\u0131\u015fan 44 ya\u015f\u0131ndaki s\u00fcr\u00fcc\u00fc G\u00fcl\u015fen S. i\u00e7in \u00e7evredeki vatanda\u015flar hemen 112 Acil \u00c7a\u011fr\u0131 Merkezi&#8217;ne bilgi verdi. Olay yerine gelen itfaiye ekipleri, yakla\u015f\u0131k yar\u0131m saat s\u00fcren \u00e7al\u0131\u015fman\u0131n ard\u0131ndan G\u00fcl\u015fen S.&#8217;yi s\u0131k\u0131\u015ft\u0131\u011f\u0131 ara\u00e7tan kurtararak sa\u011fl\u0131k ekiplerine teslim etti. Kurtarma \u00e7al\u0131\u015fmalar\u0131 s\u0131ras\u0131nda olay\u0131 g\u00f6ren baz\u0131 vatanda\u015flar\u0131n \u00fcz\u00fcld\u00fc\u011f\u00fc g\u00f6zlendi. Kamyon s\u00fcr\u00fcc\u00fcs\u00fc \u015eahin K. ise yaral\u0131 olarak hastaneye kald\u0131r\u0131ld\u0131. Kamyonun ta\u015f\u0131d\u0131\u011f\u0131 g\u00fcbre yola sa\u00e7\u0131l\u0131rken, kaza nedeniyle b\u00f6lgede trafik bir s\u00fcre aksad\u0131. Kazayla ilgili inceleme ba\u015flat\u0131ld\u0131. Kaynak: www.kanalv.com.tr Haber Sitesinden Al\u0131nm\u0131\u015ft\u0131r.\" \/>\n<meta property=\"og:url\" content=\"https:\/\/denizcankizil.tr\/uk\/haberler\/antalya\/gubre-yuklu-kamyon-carpistigi-otomobilin-uzerine-devrildi\/\" \/>\n<meta property=\"og:site_name\" content=\"Av. Deniz Can K\u0131z\u0131l\" \/>\n<meta property=\"article:published_time\" content=\"2025-01-22T09:41:29+00:00\" \/>\n<meta property=\"og:image\" content=\"https:\/\/denizcankizil.tr\/wp-content\/uploads\/2025\/01\/4265-01-nTMJLn.jpeg\" \/>\n\t<meta property=\"og:image:width\" content=\"1280\" \/>\n\t<meta property=\"og:image:height\" content=\"720\" \/>\n\t<meta property=\"og:image:type\" content=\"image\/jpeg\" \/>\n<meta name=\"author\" content=\"Av. Deniz Can K\u0131z\u0131l\" \/>\n<meta name=\"twitter:card\" content=\"summary_large_image\" \/>\n<meta name=\"twitter:label1\" content=\"\u041d\u0430\u043f\u0438\u0441\u0430\u043d\u043e\" \/>\n\t<meta name=\"twitter:data1\" content=\"Av. Deniz Can K\u0131z\u0131l\" \/>\n\t<meta name=\"twitter:label2\" content=\"\u041f\u0440\u0438\u0431\u043b. \u0447\u0430\u0441 \u0447\u0438\u0442\u0430\u043d\u043d\u044f\" \/>\n\t<meta name=\"twitter:data2\" content=\"1 \u0445\u0432\u0438\u043b\u0438\u043d\u0430\" \/>\n<script type=\"application\/ld+json\" class=\"yoast-schema-graph\">{\"@context\":\"https:\/\/schema.org\",\"@graph\":[{\"@type\":\"Article\",\"@id\":\"https:\/\/denizcankizil.tr\/ru\/haberler\/antalya\/gubre-yuklu-kamyon-carpistigi-otomobilin-uzerine-devrildi\/#article\",\"isPartOf\":{\"@id\":\"https:\/\/denizcankizil.tr\/ru\/haberler\/antalya\/gubre-yuklu-kamyon-carpistigi-otomobilin-uzerine-devrildi\/\"},\"author\":{\"name\":\"Av. Deniz Can K\u0131z\u0131l\",\"@id\":\"https:\/\/denizcankizil.tr\/de\/#\/schema\/person\/5dc1b22991bd7ac833867c10afc9b0ff\"},\"headline\":\"G\u00fcbre y\u00fckl\u00fc kamyon \u00e7arp\u0131\u015ft\u0131\u011f\u0131 otomobilin \u00fczerine devrildi\",\"datePublished\":\"2025-01-22T09:41:29+00:00\",\"mainEntityOfPage\":{\"@id\":\"https:\/\/denizcankizil.tr\/ru\/haberler\/antalya\/gubre-yuklu-kamyon-carpistigi-otomobilin-uzerine-devrildi\/\"},\"wordCount\":215,\"commentCount\":0,\"publisher\":{\"@id\":\"https:\/\/denizcankizil.tr\/de\/#organization\"},\"image\":{\"@id\":\"https:\/\/denizcankizil.tr\/ru\/haberler\/antalya\/gubre-yuklu-kamyon-carpistigi-otomobilin-uzerine-devrildi\/#primaryimage\"},\"thumbnailUrl\":\"http:\/\/denizcankizil.tr\/wp-content\/uploads\/2025\/01\/4265-01-nTMJLn.jpeg\",\"articleSection\":[\"Antalya\"],\"inLanguage\":\"uk\",\"potentialAction\":[{\"@type\":\"CommentAction\",\"name\":\"Comment\",\"target\":[\"https:\/\/denizcankizil.tr\/ru\/haberler\/antalya\/gubre-yuklu-kamyon-carpistigi-otomobilin-uzerine-devrildi\/#respond\"]}]},{\"@type\":\"WebPage\",\"@id\":\"https:\/\/denizcankizil.tr\/ru\/haberler\/antalya\/gubre-yuklu-kamyon-carpistigi-otomobilin-uzerine-devrildi\/\",\"url\":\"https:\/\/denizcankizil.tr\/ru\/haberler\/antalya\/gubre-yuklu-kamyon-carpistigi-otomobilin-uzerine-devrildi\/\",\"name\":\"G\u00fcbre y\u00fckl\u00fc kamyon \u00e7arp\u0131\u015ft\u0131\u011f\u0131 otomobilin \u00fczerine devrildi - Av. Deniz Can K\u0131z\u0131l\",\"isPartOf\":{\"@id\":\"https:\/\/denizcankizil.tr\/de\/#website\"},\"primaryImageOfPage\":{\"@id\":\"https:\/\/denizcankizil.tr\/ru\/haberler\/antalya\/gubre-yuklu-kamyon-carpistigi-otomobilin-uzerine-devrildi\/#primaryimage\"},\"image\":{\"@id\":\"https:\/\/denizcankizil.tr\/ru\/haberler\/antalya\/gubre-yuklu-kamyon-carpistigi-otomobilin-uzerine-devrildi\/#primaryimage\"},\"thumbnailUrl\":\"http:\/\/denizcankizil.tr\/wp-content\/uploads\/2025\/01\/4265-01-nTMJLn.jpeg\",\"datePublished\":\"2025-01-22T09:41:29+00:00\",\"breadcrumb\":{\"@id\":\"https:\/\/denizcankizil.tr\/ru\/haberler\/antalya\/gubre-yuklu-kamyon-carpistigi-otomobilin-uzerine-devrildi\/#breadcrumb\"},\"inLanguage\":\"uk\",\"potentialAction\":[{\"@type\":\"ReadAction\",\"target\":[\"https:\/\/denizcankizil.tr\/ru\/haberler\/antalya\/gubre-yuklu-kamyon-carpistigi-otomobilin-uzerine-devrildi\/\"]}]},{\"@type\":\"ImageObject\",\"inLanguage\":\"uk\",\"@id\":\"https:\/\/denizcankizil.tr\/ru\/haberler\/antalya\/gubre-yuklu-kamyon-carpistigi-otomobilin-uzerine-devrildi\/#primaryimage\",\"url\":\"http:\/\/denizcankizil.tr\/wp-content\/uploads\/2025\/01\/4265-01-nTMJLn.jpeg\",\"contentUrl\":\"http:\/\/denizcankizil.tr\/wp-content\/uploads\/2025\/01\/4265-01-nTMJLn.jpeg\",\"width\":1280,\"height\":720},{\"@type\":\"BreadcrumbList\",\"@id\":\"https:\/\/denizcankizil.tr\/ru\/haberler\/antalya\/gubre-yuklu-kamyon-carpistigi-otomobilin-uzerine-devrildi\/#breadcrumb\",\"itemListElement\":[{\"@type\":\"ListItem\",\"position\":1,\"name\":\"Home\",\"item\":\"https:\/\/denizcankizil.tr\/de\/\"},{\"@type\":\"ListItem\",\"position\":2,\"name\":\"G\u00fcbre y\u00fckl\u00fc kamyon \u00e7arp\u0131\u015ft\u0131\u011f\u0131 otomobilin \u00fczerine devrildi\"}]},{\"@type\":\"WebSite\",\"@id\":\"https:\/\/denizcankizil.tr\/de\/#website\",\"url\":\"https:\/\/denizcankizil.tr\/de\/\",\"name\":\"Av. Deniz Can K\u0131z\u0131l\",\"description\":\"Avukat Deniz Can K\u0131z\u0131l Antalya Barosu\",\"publisher\":{\"@id\":\"https:\/\/denizcankizil.tr\/de\/#organization\"},\"potentialAction\":[{\"@type\":\"SearchAction\",\"target\":{\"@type\":\"EntryPoint\",\"urlTemplate\":\"https:\/\/denizcankizil.tr\/de\/?s={search_term_string}\"},\"query-input\":{\"@type\":\"PropertyValueSpecification\",\"valueRequired\":true,\"valueName\":\"search_term_string\"}}],\"inLanguage\":\"uk\"},{\"@type\":\"Organization\",\"@id\":\"https:\/\/denizcankizil.tr\/de\/#organization\",\"name\":\"Av. Deniz Can K\u0131z\u0131l\",\"url\":\"https:\/\/denizcankizil.tr\/de\/\",\"logo\":{\"@type\":\"ImageObject\",\"inLanguage\":\"uk\",\"@id\":\"https:\/\/denizcankizil.tr\/de\/#\/schema\/logo\/image\/\",\"url\":\"http:\/\/denizcankizil.tr\/wp-content\/uploads\/2024\/10\/siyah-logo-svg.svg\",\"contentUrl\":\"http:\/\/denizcankizil.tr\/wp-content\/uploads\/2024\/10\/siyah-logo-svg.svg\",\"width\":1080,\"height\":1080,\"caption\":\"Av. Deniz Can K\u0131z\u0131l\"},\"image\":{\"@id\":\"https:\/\/denizcankizil.tr\/de\/#\/schema\/logo\/image\/\"}},{\"@type\":\"Person\",\"@id\":\"https:\/\/denizcankizil.tr\/de\/#\/schema\/person\/5dc1b22991bd7ac833867c10afc9b0ff\",\"name\":\"Av. Deniz Can K\u0131z\u0131l\",\"image\":{\"@type\":\"ImageObject\",\"inLanguage\":\"uk\",\"@id\":\"https:\/\/denizcankizil.tr\/de\/#\/schema\/person\/image\/\",\"url\":\"https:\/\/secure.gravatar.com\/avatar\/a0b128fb9855c79efc976d5640eedb31dc35ec297594d6016d2cf7c60e975bb6?s=96&d=mm&r=g\",\"contentUrl\":\"https:\/\/secure.gravatar.com\/avatar\/a0b128fb9855c79efc976d5640eedb31dc35ec297594d6016d2cf7c60e975bb6?s=96&d=mm&r=g\",\"caption\":\"Av. Deniz Can K\u0131z\u0131l\"},\"sameAs\":[\"http:\/\/www.denizcankizil.tr\"],\"url\":\"http:\/\/denizcankizil.tr\/uk\/author\/denizcankizil\/\"}]}<\/script>\n<!-- \/ Yoast SEO Premium plugin. -->","yoast_head_json":{"title":"G\u00fcbre y\u00fckl\u00fc kamyon \u00e7arp\u0131\u015ft\u0131\u011f\u0131 otomobilin \u00fczerine devrildi - Av. Deniz Can K\u0131z\u0131l","robots":{"index":"index","follow":"follow","max-snippet":"max-snippet:-1","max-image-preview":"max-image-preview:large","max-video-preview":"max-video-preview:-1"},"canonical":"https:\/\/denizcankizil.tr\/uk\/haberler\/antalya\/gubre-yuklu-kamyon-carpistigi-otomobilin-uzerine-devrildi\/","og_locale":"uk_UA","og_type":"article","og_title":"G\u00fcbre y\u00fckl\u00fc kamyon \u00e7arp\u0131\u015ft\u0131\u011f\u0131 otomobilin \u00fczerine devrildi","og_description":"Kaza, Kepez il\u00e7esi Varsak Mahallesi S\u00fcleyman Demirel Bulvar\u0131&#8217;nda saat 08.30 s\u0131ralar\u0131nda meydana geldi. Edinilen bilgiye g\u00f6re, \u015eahin K. y\u00f6netimindeki 15 EH 517 plakal\u0131 g\u00fcbre ta\u015f\u0131yan kamyon, kav\u015fakta G\u00fcl\u015fen S.&#8217;nin kulland\u0131\u011f\u0131 07 MKB 45 plakal\u0131 Dacia marka otomobille \u00e7arp\u0131\u015ft\u0131, ard\u0131ndan park halindeki 07 AU 0336 plakal\u0131 VS 18 hat numaral\u0131 belediye otob\u00fcs\u00fcne \u00e7arp\u0131p devrildi. Otomobilde s\u0131k\u0131\u015fan kad\u0131n yar\u0131m saatlik operasyonla d\u0131\u015far\u0131 \u00e7\u0131kar\u0131ld\u0131 Otomobilin i\u00e7inde s\u0131k\u0131\u015fan 44 ya\u015f\u0131ndaki s\u00fcr\u00fcc\u00fc G\u00fcl\u015fen S. i\u00e7in \u00e7evredeki vatanda\u015flar hemen 112 Acil \u00c7a\u011fr\u0131 Merkezi&#8217;ne bilgi verdi. Olay yerine gelen itfaiye ekipleri, yakla\u015f\u0131k yar\u0131m saat s\u00fcren \u00e7al\u0131\u015fman\u0131n ard\u0131ndan G\u00fcl\u015fen S.&#8217;yi s\u0131k\u0131\u015ft\u0131\u011f\u0131 ara\u00e7tan kurtararak sa\u011fl\u0131k ekiplerine teslim etti. Kurtarma \u00e7al\u0131\u015fmalar\u0131 s\u0131ras\u0131nda olay\u0131 g\u00f6ren baz\u0131 vatanda\u015flar\u0131n \u00fcz\u00fcld\u00fc\u011f\u00fc g\u00f6zlendi. Kamyon s\u00fcr\u00fcc\u00fcs\u00fc \u015eahin K. ise yaral\u0131 olarak hastaneye kald\u0131r\u0131ld\u0131. Kamyonun ta\u015f\u0131d\u0131\u011f\u0131 g\u00fcbre yola sa\u00e7\u0131l\u0131rken, kaza nedeniyle b\u00f6lgede trafik bir s\u00fcre aksad\u0131. Kazayla ilgili inceleme ba\u015flat\u0131ld\u0131. Kaynak: www.kanalv.com.tr Haber Sitesinden Al\u0131nm\u0131\u015ft\u0131r.","og_url":"https:\/\/denizcankizil.tr\/uk\/haberler\/antalya\/gubre-yuklu-kamyon-carpistigi-otomobilin-uzerine-devrildi\/","og_site_name":"Av. Deniz Can K\u0131z\u0131l","article_published_time":"2025-01-22T09:41:29+00:00","og_image":[{"width":1280,"height":720,"url":"https:\/\/denizcankizil.tr\/wp-content\/uploads\/2025\/01\/4265-01-nTMJLn.jpeg","type":"image\/jpeg"}],"author":"Av. Deniz Can K\u0131z\u0131l","twitter_card":"summary_large_image","twitter_misc":{"\u041d\u0430\u043f\u0438\u0441\u0430\u043d\u043e":"Av. Deniz Can K\u0131z\u0131l","\u041f\u0440\u0438\u0431\u043b. \u0447\u0430\u0441 \u0447\u0438\u0442\u0430\u043d\u043d\u044f":"1 \u0445\u0432\u0438\u043b\u0438\u043d\u0430"},"schema":{"@context":"https:\/\/schema.org","@graph":[{"@type":"Article","@id":"https:\/\/denizcankizil.tr\/ru\/haberler\/antalya\/gubre-yuklu-kamyon-carpistigi-otomobilin-uzerine-devrildi\/#article","isPartOf":{"@id":"https:\/\/denizcankizil.tr\/ru\/haberler\/antalya\/gubre-yuklu-kamyon-carpistigi-otomobilin-uzerine-devrildi\/"},"author":{"name":"Av. Deniz Can K\u0131z\u0131l","@id":"https:\/\/denizcankizil.tr\/de\/#\/schema\/person\/5dc1b22991bd7ac833867c10afc9b0ff"},"headline":"G\u00fcbre y\u00fckl\u00fc kamyon \u00e7arp\u0131\u015ft\u0131\u011f\u0131 otomobilin \u00fczerine devrildi","datePublished":"2025-01-22T09:41:29+00:00","mainEntityOfPage":{"@id":"https:\/\/denizcankizil.tr\/ru\/haberler\/antalya\/gubre-yuklu-kamyon-carpistigi-otomobilin-uzerine-devrildi\/"},"wordCount":215,"commentCount":0,"publisher":{"@id":"https:\/\/denizcankizil.tr\/de\/#organization"},"image":{"@id":"https:\/\/denizcankizil.tr\/ru\/haberler\/antalya\/gubre-yuklu-kamyon-carpistigi-otomobilin-uzerine-devrildi\/#primaryimage"},"thumbnailUrl":"http:\/\/denizcankizil.tr\/wp-content\/uploads\/2025\/01\/4265-01-nTMJLn.jpeg","articleSection":["Antalya"],"inLanguage":"uk","potentialAction":[{"@type":"CommentAction","name":"Comment","target":["https:\/\/denizcankizil.tr\/ru\/haberler\/antalya\/gubre-yuklu-kamyon-carpistigi-otomobilin-uzerine-devrildi\/#respond"]}]},{"@type":"WebPage","@id":"https:\/\/denizcankizil.tr\/ru\/haberler\/antalya\/gubre-yuklu-kamyon-carpistigi-otomobilin-uzerine-devrildi\/","url":"https:\/\/denizcankizil.tr\/ru\/haberler\/antalya\/gubre-yuklu-kamyon-carpistigi-otomobilin-uzerine-devrildi\/","name":"G\u00fcbre y\u00fckl\u00fc kamyon \u00e7arp\u0131\u015ft\u0131\u011f\u0131 otomobilin \u00fczerine devrildi - Av. Deniz Can K\u0131z\u0131l","isPartOf":{"@id":"https:\/\/denizcankizil.tr\/de\/#website"},"primaryImageOfPage":{"@id":"https:\/\/denizcankizil.tr\/ru\/haberler\/antalya\/gubre-yuklu-kamyon-carpistigi-otomobilin-uzerine-devrildi\/#primaryimage"},"image":{"@id":"https:\/\/denizcankizil.tr\/ru\/haberler\/antalya\/gubre-yuklu-kamyon-carpistigi-otomobilin-uzerine-devrildi\/#primaryimage"},"thumbnailUrl":"http:\/\/denizcankizil.tr\/wp-content\/uploads\/2025\/01\/4265-01-nTMJLn.jpeg","datePublished":"2025-01-22T09:41:29+00:00","breadcrumb":{"@id":"https:\/\/denizcankizil.tr\/ru\/haberler\/antalya\/gubre-yuklu-kamyon-carpistigi-otomobilin-uzerine-devrildi\/#breadcrumb"},"inLanguage":"uk","potentialAction":[{"@type":"ReadAction","target":["https:\/\/denizcankizil.tr\/ru\/haberler\/antalya\/gubre-yuklu-kamyon-carpistigi-otomobilin-uzerine-devrildi\/"]}]},{"@type":"ImageObject","inLanguage":"uk","@id":"https:\/\/denizcankizil.tr\/ru\/haberler\/antalya\/gubre-yuklu-kamyon-carpistigi-otomobilin-uzerine-devrildi\/#primaryimage","url":"http:\/\/denizcankizil.tr\/wp-content\/uploads\/2025\/01\/4265-01-nTMJLn.jpeg","contentUrl":"http:\/\/denizcankizil.tr\/wp-content\/uploads\/2025\/01\/4265-01-nTMJLn.jpeg","width":1280,"height":720},{"@type":"BreadcrumbList","@id":"https:\/\/denizcankizil.tr\/ru\/haberler\/antalya\/gubre-yuklu-kamyon-carpistigi-otomobilin-uzerine-devrildi\/#breadcrumb","itemListElement":[{"@type":"ListItem","position":1,"name":"Home","item":"https:\/\/denizcankizil.tr\/de\/"},{"@type":"ListItem","position":2,"name":"G\u00fcbre y\u00fckl\u00fc kamyon \u00e7arp\u0131\u015ft\u0131\u011f\u0131 otomobilin \u00fczerine devrildi"}]},{"@type":"WebSite","@id":"https:\/\/denizcankizil.tr\/de\/#website","url":"https:\/\/denizcankizil.tr\/de\/","name":"Av. Deniz Can K\u0131z\u0131l","description":"Avukat Deniz Can K\u0131z\u0131l Antalya Barosu","publisher":{"@id":"https:\/\/denizcankizil.tr\/de\/#organization"},"potentialAction":[{"@type":"SearchAction","target":{"@type":"EntryPoint","urlTemplate":"https:\/\/denizcankizil.tr\/de\/?s={search_term_string}"},"query-input":{"@type":"PropertyValueSpecification","valueRequired":true,"valueName":"search_term_string"}}],"inLanguage":"uk"},{"@type":"Organization","@id":"https:\/\/denizcankizil.tr\/de\/#organization","name":"Av. Deniz Can K\u0131z\u0131l","url":"https:\/\/denizcankizil.tr\/de\/","logo":{"@type":"ImageObject","inLanguage":"uk","@id":"https:\/\/denizcankizil.tr\/de\/#\/schema\/logo\/image\/","url":"http:\/\/denizcankizil.tr\/wp-content\/uploads\/2024\/10\/siyah-logo-svg.svg","contentUrl":"http:\/\/denizcankizil.tr\/wp-content\/uploads\/2024\/10\/siyah-logo-svg.svg","width":1080,"height":1080,"caption":"Av. Deniz Can K\u0131z\u0131l"},"image":{"@id":"https:\/\/denizcankizil.tr\/de\/#\/schema\/logo\/image\/"}},{"@type":"Person","@id":"https:\/\/denizcankizil.tr\/de\/#\/schema\/person\/5dc1b22991bd7ac833867c10afc9b0ff","name":"Av. Deniz Can K\u0131z\u0131l","image":{"@type":"ImageObject","inLanguage":"uk","@id":"https:\/\/denizcankizil.tr\/de\/#\/schema\/person\/image\/","url":"https:\/\/secure.gravatar.com\/avatar\/a0b128fb9855c79efc976d5640eedb31dc35ec297594d6016d2cf7c60e975bb6?s=96&d=mm&r=g","contentUrl":"https:\/\/secure.gravatar.com\/avatar\/a0b128fb9855c79efc976d5640eedb31dc35ec297594d6016d2cf7c60e975bb6?s=96&d=mm&r=g","caption":"Av. Deniz Can K\u0131z\u0131l"},"sameAs":["http:\/\/www.denizcankizil.tr"],"url":"http:\/\/denizcankizil.tr\/uk\/author\/denizcankizil\/"}]}},"_links":{"self":[{"href":"http:\/\/denizcankizil.tr\/uk\/wp-json\/wp\/v2\/posts\/26731","targetHints":{"allow":["GET"]}}],"collection":[{"href":"http:\/\/denizcankizil.tr\/uk\/wp-json\/wp\/v2\/posts"}],"about":[{"href":"http:\/\/denizcankizil.tr\/uk\/wp-json\/wp\/v2\/types\/post"}],"author":[{"embeddable":true,"href":"http:\/\/denizcankizil.tr\/uk\/wp-json\/wp\/v2\/users\/4"}],"replies":[{"embeddable":true,"href":"http:\/\/denizcankizil.tr\/uk\/wp-json\/wp\/v2\/comments?post=26731"}],"version-history":[{"count":0,"href":"http:\/\/denizcankizil.tr\/uk\/wp-json\/wp\/v2\/posts\/26731\/revisions"}],"wp:featuredmedia":[{"embeddable":true,"href":"http:\/\/denizcankizil.tr\/uk\/wp-json\/wp\/v2\/media\/26732"}],"wp:attachment":[{"href":"http:\/\/denizcankizil.tr\/uk\/wp-json\/wp\/v2\/media?parent=26731"}],"wp:term":[{"taxonomy":"category","embeddable":true,"href":"http:\/\/denizcankizil.tr\/uk\/wp-json\/wp\/v2\/categories?post=26731"},{"taxonomy":"post_tag","embeddable":true,"href":"http:\/\/denizcankizil.tr\/uk\/wp-json\/wp\/v2\/tags?post=26731"}],"curies":[{"name":"wp","href":"https:\/\/api.w.org\/{rel}","templated":true}]}}