{"id":26596,"date":"2025-01-21T18:41:26","date_gmt":"2025-01-21T15:41:26","guid":{"rendered":"https:\/\/denizcankizil.tr\/uncategorized-tr\/igc-gazeteci-yazar-sanliturk-ile-aslani-konuk-etti\/"},"modified":"2025-01-21T18:41:26","modified_gmt":"2025-01-21T15:41:26","slug":"igc-gazeteci-yazar-sanliturk-ile-aslani-konuk-etti","status":"publish","type":"post","link":"http:\/\/denizcankizil.tr\/uk\/haberler\/gundem\/igc-gazeteci-yazar-sanliturk-ile-aslani-konuk-etti\/","title":{"rendered":"\u0130GC, Gazeteci Yazar \u015eanl\u0131t\u00fcrk ile Aslan\u2019\u0131 konuk etti"},"content":{"rendered":"<p>Uzun y\u0131llar Milliyet Gazetesi Ankara B\u00fcrosunda Siyasi Haberler Muhabiri olarak g\u00f6rev yapan Ankara Gazeteciler Cemiyeti \u00dcyesi Hakan \u015eanl\u0131t\u00fcrk, Belediye eski Ba\u015fkanlar\u0131ndan Mete Aslan\u2019la ger\u00e7ekle\u015ftirdi\u011fi ziyareti s\u0131ras\u0131nda ge\u00e7mi\u015f d\u00f6nemde yap\u0131lan \u00e7al\u0131\u015fmalar yad edildi. Kar\u015f\u0131l\u0131kl\u0131 s\u0131cak bir sohbet ortam\u0131nda ge\u00e7en ziyarette eski Ba\u015fkan Mete Aslan, g\u00f6rev yapt\u0131\u011f\u0131 d\u00f6nemde halkla kurulan sa\u011flam diyaloglar\u0131n \u00f6nemini hat\u0131rlatarak, ge\u00e7en s\u00fcrece ra\u011fmen sevdal\u0131s\u0131 oldu\u011fu \u0130skenderun\u2019dan kopmad\u0131\u011f\u0131n\u0131, halkla s\u00fcrekli ileti\u015fim i\u00e7inde olmaya \u00f6zen g\u00f6sterdi\u011fini s\u00f6yledi.<\/p>\n<p>Deneyimli gazeteci Hakan \u015eanl\u0131t\u00fcrk ise meslekta\u015flar\u0131yla bir araya gelmekten mutluluk duydu\u011funu ifade ederek Gazetecilik \u00fczerine yap\u0131lan sohbette, mesleki deneyimlerini payla\u015ft\u0131 ve \u0130skenderun Gazeteciler Cemiyeti\u2019nin \u00f6nemli bir g\u00f6revi s\u00fcrd\u00fcrd\u00fc\u011f\u00fcn\u00fcn alt\u0131n\u0131 \u00e7izdi.<\/p>\n<p>Ziyaretin sonunda, Cemiyet Ba\u015fkan\u0131 Diyap Atar, \u0130skenderun Belediyesi eski Ba\u015fkan\u0131 Mete Aslan ve gazeteci Hakan \u015eanl\u0131t\u00fcrk\u2019\u00fc a\u011f\u0131rlamaktan onur duydu\u011funu dile getirdi. Bu anlaml\u0131 ziyaretin an\u0131s\u0131na foto\u011fraf \u00e7ektirilerek, Cemiyet \u00fcyeleri ve gazetecilerle birlikte \u00f6zel bir an\u0131 \u00f6l\u00fcms\u00fczle\u015ftirildi.<\/p>\n<p>\u200b\u0130skenderun Gazeteciler Cemiyeti y\u00f6netim ve \u00fcyeleri, il\u00e7esinin Belediye eski Ba\u015fkanlar\u0131ndan Mete Aslan, Ba\u015fkentte uzun y\u0131llar Milliyet gazetesinde siyasi haberler muhabirli\u011fi yapan, ayn\u0131 zamanda yazar olan Hakan \u015eanl\u0131t\u00fcrk\u2019\u00fc konuk etti.\u00a0<\/p>\n<p>\u200bHaberin Al\u0131nt\u0131land\u0131\u011f\u0131 Kaynak: www.iskenderun.org<\/p>","protected":false},"excerpt":{"rendered":"<p>Uzun y\u0131llar Milliyet Gazetesi Ankara B\u00fcrosunda Siyasi Haberler Muhabiri olarak g\u00f6rev yapan Ankara Gazeteciler Cemiyeti \u00dcyesi Hakan \u015eanl\u0131t\u00fcrk, Belediye eski Ba\u015fkanlar\u0131ndan Mete Aslan\u2019la ger\u00e7ekle\u015ftirdi\u011fi ziyareti s\u0131ras\u0131nda ge\u00e7mi\u015f d\u00f6nemde yap\u0131lan \u00e7al\u0131\u015fmalar yad edildi. Kar\u015f\u0131l\u0131kl\u0131 s\u0131cak bir sohbet ortam\u0131nda ge\u00e7en ziyarette eski Ba\u015fkan Mete Aslan, g\u00f6rev yapt\u0131\u011f\u0131 d\u00f6nemde halkla kurulan sa\u011flam diyaloglar\u0131n \u00f6nemini hat\u0131rlatarak, ge\u00e7en s\u00fcrece ra\u011fmen sevdal\u0131s\u0131 oldu\u011fu \u0130skenderun\u2019dan kopmad\u0131\u011f\u0131n\u0131, halkla s\u00fcrekli ileti\u015fim i\u00e7inde olmaya \u00f6zen g\u00f6sterdi\u011fini s\u00f6yledi. Deneyimli gazeteci Hakan \u015eanl\u0131t\u00fcrk ise meslekta\u015flar\u0131yla bir araya gelmekten mutluluk duydu\u011funu ifade ederek Gazetecilik \u00fczerine yap\u0131lan sohbette, mesleki deneyimlerini payla\u015ft\u0131 ve \u0130skenderun Gazeteciler Cemiyeti\u2019nin \u00f6nemli bir g\u00f6revi s\u00fcrd\u00fcrd\u00fc\u011f\u00fcn\u00fcn alt\u0131n\u0131 \u00e7izdi. Ziyaretin sonunda, Cemiyet Ba\u015fkan\u0131 Diyap Atar, \u0130skenderun Belediyesi eski Ba\u015fkan\u0131 Mete Aslan ve gazeteci Hakan \u015eanl\u0131t\u00fcrk\u2019\u00fc a\u011f\u0131rlamaktan onur duydu\u011funu dile getirdi. Bu anlaml\u0131 ziyaretin an\u0131s\u0131na foto\u011fraf \u00e7ektirilerek, Cemiyet \u00fcyeleri ve gazetecilerle birlikte \u00f6zel bir an\u0131 \u00f6l\u00fcms\u00fczle\u015ftirildi. \u200b\u0130skenderun Gazeteciler Cemiyeti y\u00f6netim ve \u00fcyeleri, il\u00e7esinin Belediye eski Ba\u015fkanlar\u0131ndan Mete Aslan, Ba\u015fkentte uzun y\u0131llar Milliyet gazetesinde siyasi haberler muhabirli\u011fi yapan, ayn\u0131 zamanda yazar olan Hakan \u015eanl\u0131t\u00fcrk\u2019\u00fc konuk etti.\u00a0 \u200bHaberin Al\u0131nt\u0131land\u0131\u011f\u0131 Kaynak: www.iskenderun.org<\/p>","protected":false},"author":1,"featured_media":0,"comment_status":"open","ping_status":"open","sticky":false,"template":"","format":"standard","meta":{"_acf_changed":false,"footnotes":""},"categories":[24],"tags":[],"class_list":["post-26596","post","type-post","status-publish","format-standard","has-post-thumbnail","hentry","category-gundem"],"acf":[],"yoast_head":"<!-- This site is optimized with the Yoast SEO Premium plugin v26.6 (Yoast SEO v27.1.1) - https:\/\/yoast.com\/product\/yoast-seo-premium-wordpress\/ -->\n<title>\u0130GC, Gazeteci Yazar \u015eanl\u0131t\u00fcrk ile Aslan\u2019\u0131 konuk etti - Av. Deniz Can K\u0131z\u0131l<\/title>\n<meta name=\"robots\" content=\"index, follow, max-snippet:-1, max-image-preview:large, max-video-preview:-1\" \/>\n<link rel=\"canonical\" href=\"http:\/\/denizcankizil.tr\/uk\/haberler\/gundem\/igc-gazeteci-yazar-sanliturk-ile-aslani-konuk-etti\/\" \/>\n<meta property=\"og:locale\" content=\"uk_UA\" \/>\n<meta property=\"og:type\" content=\"article\" \/>\n<meta property=\"og:title\" content=\"\u0130GC, Gazeteci Yazar \u015eanl\u0131t\u00fcrk ile Aslan\u2019\u0131 konuk etti\" \/>\n<meta property=\"og:description\" content=\"Uzun y\u0131llar Milliyet Gazetesi Ankara B\u00fcrosunda Siyasi Haberler Muhabiri olarak g\u00f6rev yapan Ankara Gazeteciler Cemiyeti \u00dcyesi Hakan \u015eanl\u0131t\u00fcrk, Belediye eski Ba\u015fkanlar\u0131ndan Mete Aslan\u2019la ger\u00e7ekle\u015ftirdi\u011fi ziyareti s\u0131ras\u0131nda ge\u00e7mi\u015f d\u00f6nemde yap\u0131lan \u00e7al\u0131\u015fmalar yad edildi. Kar\u015f\u0131l\u0131kl\u0131 s\u0131cak bir sohbet ortam\u0131nda ge\u00e7en ziyarette eski Ba\u015fkan Mete Aslan, g\u00f6rev yapt\u0131\u011f\u0131 d\u00f6nemde halkla kurulan sa\u011flam diyaloglar\u0131n \u00f6nemini hat\u0131rlatarak, ge\u00e7en s\u00fcrece ra\u011fmen sevdal\u0131s\u0131 oldu\u011fu \u0130skenderun\u2019dan kopmad\u0131\u011f\u0131n\u0131, halkla s\u00fcrekli ileti\u015fim i\u00e7inde olmaya \u00f6zen g\u00f6sterdi\u011fini s\u00f6yledi. Deneyimli gazeteci Hakan \u015eanl\u0131t\u00fcrk ise meslekta\u015flar\u0131yla bir araya gelmekten mutluluk duydu\u011funu ifade ederek Gazetecilik \u00fczerine yap\u0131lan sohbette, mesleki deneyimlerini payla\u015ft\u0131 ve \u0130skenderun Gazeteciler Cemiyeti\u2019nin \u00f6nemli bir g\u00f6revi s\u00fcrd\u00fcrd\u00fc\u011f\u00fcn\u00fcn alt\u0131n\u0131 \u00e7izdi. Ziyaretin sonunda, Cemiyet Ba\u015fkan\u0131 Diyap Atar, \u0130skenderun Belediyesi eski Ba\u015fkan\u0131 Mete Aslan ve gazeteci Hakan \u015eanl\u0131t\u00fcrk\u2019\u00fc a\u011f\u0131rlamaktan onur duydu\u011funu dile getirdi. Bu anlaml\u0131 ziyaretin an\u0131s\u0131na foto\u011fraf \u00e7ektirilerek, Cemiyet \u00fcyeleri ve gazetecilerle birlikte \u00f6zel bir an\u0131 \u00f6l\u00fcms\u00fczle\u015ftirildi. \u200b\u0130skenderun Gazeteciler Cemiyeti y\u00f6netim ve \u00fcyeleri, il\u00e7esinin Belediye eski Ba\u015fkanlar\u0131ndan Mete Aslan, Ba\u015fkentte uzun y\u0131llar Milliyet gazetesinde siyasi haberler muhabirli\u011fi yapan, ayn\u0131 zamanda yazar olan Hakan \u015eanl\u0131t\u00fcrk\u2019\u00fc konuk etti.\u00a0 \u200bHaberin Al\u0131nt\u0131land\u0131\u011f\u0131 Kaynak: www.iskenderun.org\" \/>\n<meta property=\"og:url\" content=\"http:\/\/denizcankizil.tr\/uk\/haberler\/gundem\/igc-gazeteci-yazar-sanliturk-ile-aslani-konuk-etti\/\" \/>\n<meta property=\"og:site_name\" content=\"Av. Deniz Can K\u0131z\u0131l\" \/>\n<meta property=\"article:published_time\" content=\"2025-01-21T15:41:26+00:00\" \/>\n<meta name=\"author\" content=\"admin\" \/>\n<meta name=\"twitter:card\" content=\"summary_large_image\" \/>\n<meta name=\"twitter:label1\" content=\"\u041d\u0430\u043f\u0438\u0441\u0430\u043d\u043e\" \/>\n\t<meta name=\"twitter:data1\" content=\"admin\" \/>\n\t<meta name=\"twitter:label2\" content=\"\u041f\u0440\u0438\u0431\u043b. \u0447\u0430\u0441 \u0447\u0438\u0442\u0430\u043d\u043d\u044f\" \/>\n\t<meta name=\"twitter:data2\" content=\"1 \u0445\u0432\u0438\u043b\u0438\u043d\u0430\" \/>\n<script type=\"application\/ld+json\" class=\"yoast-schema-graph\">{\"@context\":\"https:\/\/schema.org\",\"@graph\":[{\"@type\":\"Article\",\"@id\":\"http:\/\/denizcankizil.tr\/uk\/haberler\/gundem\/igc-gazeteci-yazar-sanliturk-ile-aslani-konuk-etti\/#article\",\"isPartOf\":{\"@id\":\"http:\/\/denizcankizil.tr\/uk\/haberler\/gundem\/igc-gazeteci-yazar-sanliturk-ile-aslani-konuk-etti\/\"},\"author\":{\"name\":\"admin\",\"@id\":\"https:\/\/denizcankizil.tr\/#\/schema\/person\/be3c05fe6a12686905512445d8185489\"},\"headline\":\"\u0130GC, Gazeteci Yazar \u015eanl\u0131t\u00fcrk ile Aslan\u2019\u0131 konuk etti\",\"datePublished\":\"2025-01-21T15:41:26+00:00\",\"mainEntityOfPage\":{\"@id\":\"http:\/\/denizcankizil.tr\/uk\/haberler\/gundem\/igc-gazeteci-yazar-sanliturk-ile-aslani-konuk-etti\/\"},\"wordCount\":256,\"commentCount\":0,\"publisher\":{\"@id\":\"https:\/\/denizcankizil.tr\/#organization\"},\"articleSection\":[\"G\u00fcndem\"],\"inLanguage\":\"uk\",\"potentialAction\":[{\"@type\":\"CommentAction\",\"name\":\"Comment\",\"target\":[\"http:\/\/denizcankizil.tr\/uk\/haberler\/gundem\/igc-gazeteci-yazar-sanliturk-ile-aslani-konuk-etti\/#respond\"]}]},{\"@type\":\"WebPage\",\"@id\":\"http:\/\/denizcankizil.tr\/uk\/haberler\/gundem\/igc-gazeteci-yazar-sanliturk-ile-aslani-konuk-etti\/\",\"url\":\"http:\/\/denizcankizil.tr\/uk\/haberler\/gundem\/igc-gazeteci-yazar-sanliturk-ile-aslani-konuk-etti\/\",\"name\":\"\u0130GC, Gazeteci Yazar \u015eanl\u0131t\u00fcrk ile Aslan\u2019\u0131 konuk etti - Av. Deniz Can K\u0131z\u0131l\",\"isPartOf\":{\"@id\":\"https:\/\/denizcankizil.tr\/#website\"},\"datePublished\":\"2025-01-21T15:41:26+00:00\",\"breadcrumb\":{\"@id\":\"http:\/\/denizcankizil.tr\/uk\/haberler\/gundem\/igc-gazeteci-yazar-sanliturk-ile-aslani-konuk-etti\/#breadcrumb\"},\"inLanguage\":\"uk\",\"potentialAction\":[{\"@type\":\"ReadAction\",\"target\":[\"http:\/\/denizcankizil.tr\/uk\/haberler\/gundem\/igc-gazeteci-yazar-sanliturk-ile-aslani-konuk-etti\/\"]}]},{\"@type\":\"BreadcrumbList\",\"@id\":\"http:\/\/denizcankizil.tr\/uk\/haberler\/gundem\/igc-gazeteci-yazar-sanliturk-ile-aslani-konuk-etti\/#breadcrumb\",\"itemListElement\":[{\"@type\":\"ListItem\",\"position\":1,\"name\":\"Home\",\"item\":\"https:\/\/denizcankizil.tr\/de\/\"},{\"@type\":\"ListItem\",\"position\":2,\"name\":\"\u0130GC, Gazeteci Yazar \u015eanl\u0131t\u00fcrk ile Aslan\u2019\u0131 konuk etti\"}]},{\"@type\":\"WebSite\",\"@id\":\"https:\/\/denizcankizil.tr\/#website\",\"url\":\"https:\/\/denizcankizil.tr\/\",\"name\":\"Av. Deniz Can K\u0131z\u0131l\",\"description\":\"Avukat Deniz Can K\u0131z\u0131l Antalya Barosu\",\"publisher\":{\"@id\":\"https:\/\/denizcankizil.tr\/#organization\"},\"potentialAction\":[{\"@type\":\"SearchAction\",\"target\":{\"@type\":\"EntryPoint\",\"urlTemplate\":\"https:\/\/denizcankizil.tr\/?s={search_term_string}\"},\"query-input\":{\"@type\":\"PropertyValueSpecification\",\"valueRequired\":true,\"valueName\":\"search_term_string\"}}],\"inLanguage\":\"uk\"},{\"@type\":\"Organization\",\"@id\":\"https:\/\/denizcankizil.tr\/#organization\",\"name\":\"Av. Deniz Can K\u0131z\u0131l\",\"url\":\"https:\/\/denizcankizil.tr\/\",\"logo\":{\"@type\":\"ImageObject\",\"inLanguage\":\"uk\",\"@id\":\"https:\/\/denizcankizil.tr\/#\/schema\/logo\/image\/\",\"url\":\"http:\/\/denizcankizil.tr\/wp-content\/uploads\/2024\/10\/siyah-logo-svg.svg\",\"contentUrl\":\"http:\/\/denizcankizil.tr\/wp-content\/uploads\/2024\/10\/siyah-logo-svg.svg\",\"width\":1080,\"height\":1080,\"caption\":\"Av. Deniz Can K\u0131z\u0131l\"},\"image\":{\"@id\":\"https:\/\/denizcankizil.tr\/#\/schema\/logo\/image\/\"}},{\"@type\":\"Person\",\"@id\":\"https:\/\/denizcankizil.tr\/#\/schema\/person\/be3c05fe6a12686905512445d8185489\",\"name\":\"admin\",\"image\":{\"@type\":\"ImageObject\",\"inLanguage\":\"uk\",\"@id\":\"https:\/\/denizcankizil.tr\/#\/schema\/person\/image\/\",\"url\":\"https:\/\/secure.gravatar.com\/avatar\/c1fce94c830dc79107e174f890d7210541c4a63e8e5d816341794a2151c9d58c?s=96&d=mm&r=g\",\"contentUrl\":\"https:\/\/secure.gravatar.com\/avatar\/c1fce94c830dc79107e174f890d7210541c4a63e8e5d816341794a2151c9d58c?s=96&d=mm&r=g\",\"caption\":\"admin\"},\"sameAs\":[\"http:\/\/denizcankizil.tr\"],\"url\":\"https:\/\/www.iskenderun.org\/igc-gazeteci-yazar-sanliturk-ile-aslani-konuk-etti\"}]}<\/script>\n<!-- \/ Yoast SEO Premium plugin. -->","yoast_head_json":{"title":"\u0130GC, Gazeteci Yazar \u015eanl\u0131t\u00fcrk ile Aslan\u2019\u0131 konuk etti - Av. Deniz Can K\u0131z\u0131l","robots":{"index":"index","follow":"follow","max-snippet":"max-snippet:-1","max-image-preview":"max-image-preview:large","max-video-preview":"max-video-preview:-1"},"canonical":"http:\/\/denizcankizil.tr\/uk\/haberler\/gundem\/igc-gazeteci-yazar-sanliturk-ile-aslani-konuk-etti\/","og_locale":"uk_UA","og_type":"article","og_title":"\u0130GC, Gazeteci Yazar \u015eanl\u0131t\u00fcrk ile Aslan\u2019\u0131 konuk etti","og_description":"Uzun y\u0131llar Milliyet Gazetesi Ankara B\u00fcrosunda Siyasi Haberler Muhabiri olarak g\u00f6rev yapan Ankara Gazeteciler Cemiyeti \u00dcyesi Hakan \u015eanl\u0131t\u00fcrk, Belediye eski Ba\u015fkanlar\u0131ndan Mete Aslan\u2019la ger\u00e7ekle\u015ftirdi\u011fi ziyareti s\u0131ras\u0131nda ge\u00e7mi\u015f d\u00f6nemde yap\u0131lan \u00e7al\u0131\u015fmalar yad edildi. Kar\u015f\u0131l\u0131kl\u0131 s\u0131cak bir sohbet ortam\u0131nda ge\u00e7en ziyarette eski Ba\u015fkan Mete Aslan, g\u00f6rev yapt\u0131\u011f\u0131 d\u00f6nemde halkla kurulan sa\u011flam diyaloglar\u0131n \u00f6nemini hat\u0131rlatarak, ge\u00e7en s\u00fcrece ra\u011fmen sevdal\u0131s\u0131 oldu\u011fu \u0130skenderun\u2019dan kopmad\u0131\u011f\u0131n\u0131, halkla s\u00fcrekli ileti\u015fim i\u00e7inde olmaya \u00f6zen g\u00f6sterdi\u011fini s\u00f6yledi. Deneyimli gazeteci Hakan \u015eanl\u0131t\u00fcrk ise meslekta\u015flar\u0131yla bir araya gelmekten mutluluk duydu\u011funu ifade ederek Gazetecilik \u00fczerine yap\u0131lan sohbette, mesleki deneyimlerini payla\u015ft\u0131 ve \u0130skenderun Gazeteciler Cemiyeti\u2019nin \u00f6nemli bir g\u00f6revi s\u00fcrd\u00fcrd\u00fc\u011f\u00fcn\u00fcn alt\u0131n\u0131 \u00e7izdi. Ziyaretin sonunda, Cemiyet Ba\u015fkan\u0131 Diyap Atar, \u0130skenderun Belediyesi eski Ba\u015fkan\u0131 Mete Aslan ve gazeteci Hakan \u015eanl\u0131t\u00fcrk\u2019\u00fc a\u011f\u0131rlamaktan onur duydu\u011funu dile getirdi. Bu anlaml\u0131 ziyaretin an\u0131s\u0131na foto\u011fraf \u00e7ektirilerek, Cemiyet \u00fcyeleri ve gazetecilerle birlikte \u00f6zel bir an\u0131 \u00f6l\u00fcms\u00fczle\u015ftirildi. \u200b\u0130skenderun Gazeteciler Cemiyeti y\u00f6netim ve \u00fcyeleri, il\u00e7esinin Belediye eski Ba\u015fkanlar\u0131ndan Mete Aslan, Ba\u015fkentte uzun y\u0131llar Milliyet gazetesinde siyasi haberler muhabirli\u011fi yapan, ayn\u0131 zamanda yazar olan Hakan \u015eanl\u0131t\u00fcrk\u2019\u00fc konuk etti.\u00a0 \u200bHaberin Al\u0131nt\u0131land\u0131\u011f\u0131 Kaynak: www.iskenderun.org","og_url":"http:\/\/denizcankizil.tr\/uk\/haberler\/gundem\/igc-gazeteci-yazar-sanliturk-ile-aslani-konuk-etti\/","og_site_name":"Av. Deniz Can K\u0131z\u0131l","article_published_time":"2025-01-21T15:41:26+00:00","author":"admin","twitter_card":"summary_large_image","twitter_misc":{"\u041d\u0430\u043f\u0438\u0441\u0430\u043d\u043e":"admin","\u041f\u0440\u0438\u0431\u043b. \u0447\u0430\u0441 \u0447\u0438\u0442\u0430\u043d\u043d\u044f":"1 \u0445\u0432\u0438\u043b\u0438\u043d\u0430"},"schema":{"@context":"https:\/\/schema.org","@graph":[{"@type":"Article","@id":"http:\/\/denizcankizil.tr\/uk\/haberler\/gundem\/igc-gazeteci-yazar-sanliturk-ile-aslani-konuk-etti\/#article","isPartOf":{"@id":"http:\/\/denizcankizil.tr\/uk\/haberler\/gundem\/igc-gazeteci-yazar-sanliturk-ile-aslani-konuk-etti\/"},"author":{"name":"admin","@id":"https:\/\/denizcankizil.tr\/#\/schema\/person\/be3c05fe6a12686905512445d8185489"},"headline":"\u0130GC, Gazeteci Yazar \u015eanl\u0131t\u00fcrk ile Aslan\u2019\u0131 konuk etti","datePublished":"2025-01-21T15:41:26+00:00","mainEntityOfPage":{"@id":"http:\/\/denizcankizil.tr\/uk\/haberler\/gundem\/igc-gazeteci-yazar-sanliturk-ile-aslani-konuk-etti\/"},"wordCount":256,"commentCount":0,"publisher":{"@id":"https:\/\/denizcankizil.tr\/#organization"},"articleSection":["G\u00fcndem"],"inLanguage":"uk","potentialAction":[{"@type":"CommentAction","name":"Comment","target":["http:\/\/denizcankizil.tr\/uk\/haberler\/gundem\/igc-gazeteci-yazar-sanliturk-ile-aslani-konuk-etti\/#respond"]}]},{"@type":"WebPage","@id":"http:\/\/denizcankizil.tr\/uk\/haberler\/gundem\/igc-gazeteci-yazar-sanliturk-ile-aslani-konuk-etti\/","url":"http:\/\/denizcankizil.tr\/uk\/haberler\/gundem\/igc-gazeteci-yazar-sanliturk-ile-aslani-konuk-etti\/","name":"\u0130GC, Gazeteci Yazar \u015eanl\u0131t\u00fcrk ile Aslan\u2019\u0131 konuk etti - Av. Deniz Can K\u0131z\u0131l","isPartOf":{"@id":"https:\/\/denizcankizil.tr\/#website"},"datePublished":"2025-01-21T15:41:26+00:00","breadcrumb":{"@id":"http:\/\/denizcankizil.tr\/uk\/haberler\/gundem\/igc-gazeteci-yazar-sanliturk-ile-aslani-konuk-etti\/#breadcrumb"},"inLanguage":"uk","potentialAction":[{"@type":"ReadAction","target":["http:\/\/denizcankizil.tr\/uk\/haberler\/gundem\/igc-gazeteci-yazar-sanliturk-ile-aslani-konuk-etti\/"]}]},{"@type":"BreadcrumbList","@id":"http:\/\/denizcankizil.tr\/uk\/haberler\/gundem\/igc-gazeteci-yazar-sanliturk-ile-aslani-konuk-etti\/#breadcrumb","itemListElement":[{"@type":"ListItem","position":1,"name":"Home","item":"https:\/\/denizcankizil.tr\/de\/"},{"@type":"ListItem","position":2,"name":"\u0130GC, Gazeteci Yazar \u015eanl\u0131t\u00fcrk ile Aslan\u2019\u0131 konuk etti"}]},{"@type":"WebSite","@id":"https:\/\/denizcankizil.tr\/#website","url":"https:\/\/denizcankizil.tr\/","name":"Av. Deniz Can K\u0131z\u0131l","description":"Avukat Deniz Can K\u0131z\u0131l Antalya Barosu","publisher":{"@id":"https:\/\/denizcankizil.tr\/#organization"},"potentialAction":[{"@type":"SearchAction","target":{"@type":"EntryPoint","urlTemplate":"https:\/\/denizcankizil.tr\/?s={search_term_string}"},"query-input":{"@type":"PropertyValueSpecification","valueRequired":true,"valueName":"search_term_string"}}],"inLanguage":"uk"},{"@type":"Organization","@id":"https:\/\/denizcankizil.tr\/#organization","name":"Av. Deniz Can K\u0131z\u0131l","url":"https:\/\/denizcankizil.tr\/","logo":{"@type":"ImageObject","inLanguage":"uk","@id":"https:\/\/denizcankizil.tr\/#\/schema\/logo\/image\/","url":"http:\/\/denizcankizil.tr\/wp-content\/uploads\/2024\/10\/siyah-logo-svg.svg","contentUrl":"http:\/\/denizcankizil.tr\/wp-content\/uploads\/2024\/10\/siyah-logo-svg.svg","width":1080,"height":1080,"caption":"Av. Deniz Can K\u0131z\u0131l"},"image":{"@id":"https:\/\/denizcankizil.tr\/#\/schema\/logo\/image\/"}},{"@type":"Person","@id":"https:\/\/denizcankizil.tr\/#\/schema\/person\/be3c05fe6a12686905512445d8185489","name":"\u0430\u0434\u043c\u0456\u043d","image":{"@type":"ImageObject","inLanguage":"uk","@id":"https:\/\/denizcankizil.tr\/#\/schema\/person\/image\/","url":"https:\/\/secure.gravatar.com\/avatar\/c1fce94c830dc79107e174f890d7210541c4a63e8e5d816341794a2151c9d58c?s=96&d=mm&r=g","contentUrl":"https:\/\/secure.gravatar.com\/avatar\/c1fce94c830dc79107e174f890d7210541c4a63e8e5d816341794a2151c9d58c?s=96&d=mm&r=g","caption":"admin"},"sameAs":["http:\/\/denizcankizil.tr"],"url":"https:\/\/www.iskenderun.org\/igc-gazeteci-yazar-sanliturk-ile-aslani-konuk-etti"}]}},"_links":{"self":[{"href":"http:\/\/denizcankizil.tr\/uk\/wp-json\/wp\/v2\/posts\/26596","targetHints":{"allow":["GET"]}}],"collection":[{"href":"http:\/\/denizcankizil.tr\/uk\/wp-json\/wp\/v2\/posts"}],"about":[{"href":"http:\/\/denizcankizil.tr\/uk\/wp-json\/wp\/v2\/types\/post"}],"author":[{"embeddable":true,"href":"http:\/\/denizcankizil.tr\/uk\/wp-json\/wp\/v2\/users\/1"}],"replies":[{"embeddable":true,"href":"http:\/\/denizcankizil.tr\/uk\/wp-json\/wp\/v2\/comments?post=26596"}],"version-history":[{"count":0,"href":"http:\/\/denizcankizil.tr\/uk\/wp-json\/wp\/v2\/posts\/26596\/revisions"}],"wp:attachment":[{"href":"http:\/\/denizcankizil.tr\/uk\/wp-json\/wp\/v2\/media?parent=26596"}],"wp:term":[{"taxonomy":"category","embeddable":true,"href":"http:\/\/denizcankizil.tr\/uk\/wp-json\/wp\/v2\/categories?post=26596"},{"taxonomy":"post_tag","embeddable":true,"href":"http:\/\/denizcankizil.tr\/uk\/wp-json\/wp\/v2\/tags?post=26596"}],"curies":[{"name":"wp","href":"https:\/\/api.w.org\/{rel}","templated":true}]}}