{"id":26342,"date":"2025-01-20T16:42:00","date_gmt":"2025-01-20T13:42:00","guid":{"rendered":"https:\/\/denizcankizil.tr\/uncategorized-tr\/iste-genel-sekreteri-balamana-igcden-ziyaret\/"},"modified":"2025-01-20T16:42:00","modified_gmt":"2025-01-20T13:42:00","slug":"iste-genel-sekreteri-balamana-igcden-ziyaret","status":"publish","type":"post","link":"http:\/\/denizcankizil.tr\/uk\/haberler\/gundem\/iste-genel-sekreteri-balamana-igcden-ziyaret\/","title":{"rendered":"\u0130STE Genel Sekreteri Balaman\u2019a, \u0130GC\u2019den ziyaret"},"content":{"rendered":"<p>Samimi bir atmosferde ger\u00e7ekle\u015fen ziyarette, \u00fcniversitenin sanayi kurulu\u015flar\u0131yla yap\u0131lacak i\u015fbirlikleri ve b\u00f6lgeye katk\u0131 sa\u011flayacak projeler \u00fczerine fikir al\u0131\u015fveri\u015finde bulunuldu.<\/p>\n<p>Ziyaretten duydu\u011fu memnuniyeti dile getiren Y\u0131lmaz Balaman, Gazeteciler Cemiyeti Ba\u015fkan\u0131 Diyap Atar, y\u00f6netim kurulu \u00fcyeleri ve gazetecileri a\u011f\u0131rlamaktan b\u00fcy\u00fck mutluluk duydu\u011funu ifade etti. Balaman, \u0130STE\u2019nin sanayiyle entegre projeler geli\u015ftirme vizyonuna vurgu yaparak, \u00fcniversitenin b\u00f6lgeye de\u011fer katacak \u00e7al\u0131\u015fmalar\u0131na kararl\u0131l\u0131kla devam edece\u011fini belirtti.<\/p>\n<p>Gazeteciler Cemiyeti Ba\u015fkan\u0131 Diyap Atar ise \u0130skenderun\u2019un geli\u015fimi ad\u0131na \u00fcniversitenin her t\u00fcrl\u00fc \u00f6nemli giri\u015fimini destekleyeceklerini s\u00f6yledi. Atar, \u0130STE\u2019nin b\u00f6lge i\u00e7in \u00f6nemli bir de\u011fer oldu\u011funu belirterek, yap\u0131lacak i\u015fbirliklerinin kent ad\u0131na olumlu sonu\u00e7lar do\u011furaca\u011f\u0131n\u0131 ifade etti. Ziyaret, g\u00fcn\u00fcn an\u0131s\u0131na \u00e7ekilen toplu foto\u011fraf ile sona erdi.<\/p>\n<p>\u200b\u0130skenderun Teknik \u00dcniversitesi (\u0130STE) Genel Sekreteri Y\u0131lmaz Balaman, \u0130skenderun Gazeteciler Cemiyeti\u2019nin tebrik ziyaretinde konuklar\u0131n\u0131 makam\u0131nda a\u011f\u0131rlad\u0131.\u00a0<\/p>\n<p>\u200bHaberin Al\u0131nt\u0131land\u0131\u011f\u0131 Kaynak: www.iskenderun.org<\/p>","protected":false},"excerpt":{"rendered":"<p>Samimi bir atmosferde ger\u00e7ekle\u015fen ziyarette, \u00fcniversitenin sanayi kurulu\u015flar\u0131yla yap\u0131lacak i\u015fbirlikleri ve b\u00f6lgeye katk\u0131 sa\u011flayacak projeler \u00fczerine fikir al\u0131\u015fveri\u015finde bulunuldu. Ziyaretten duydu\u011fu memnuniyeti dile getiren Y\u0131lmaz Balaman, Gazeteciler Cemiyeti Ba\u015fkan\u0131 Diyap Atar, y\u00f6netim kurulu \u00fcyeleri ve gazetecileri a\u011f\u0131rlamaktan b\u00fcy\u00fck mutluluk duydu\u011funu ifade etti. Balaman, \u0130STE\u2019nin sanayiyle entegre projeler geli\u015ftirme vizyonuna vurgu yaparak, \u00fcniversitenin b\u00f6lgeye de\u011fer katacak \u00e7al\u0131\u015fmalar\u0131na kararl\u0131l\u0131kla devam edece\u011fini belirtti. Gazeteciler Cemiyeti Ba\u015fkan\u0131 Diyap Atar ise \u0130skenderun\u2019un geli\u015fimi ad\u0131na \u00fcniversitenin her t\u00fcrl\u00fc \u00f6nemli giri\u015fimini destekleyeceklerini s\u00f6yledi. Atar, \u0130STE\u2019nin b\u00f6lge i\u00e7in \u00f6nemli bir de\u011fer oldu\u011funu belirterek, yap\u0131lacak i\u015fbirliklerinin kent ad\u0131na olumlu sonu\u00e7lar do\u011furaca\u011f\u0131n\u0131 ifade etti. Ziyaret, g\u00fcn\u00fcn an\u0131s\u0131na \u00e7ekilen toplu foto\u011fraf ile sona erdi. \u200b\u0130skenderun Teknik \u00dcniversitesi (\u0130STE) Genel Sekreteri Y\u0131lmaz Balaman, \u0130skenderun Gazeteciler Cemiyeti\u2019nin tebrik ziyaretinde konuklar\u0131n\u0131 makam\u0131nda a\u011f\u0131rlad\u0131.\u00a0 \u200bHaberin Al\u0131nt\u0131land\u0131\u011f\u0131 Kaynak: www.iskenderun.org<\/p>","protected":false},"author":1,"featured_media":0,"comment_status":"open","ping_status":"open","sticky":false,"template":"","format":"standard","meta":{"_acf_changed":false,"footnotes":""},"categories":[24],"tags":[],"class_list":["post-26342","post","type-post","status-publish","format-standard","has-post-thumbnail","hentry","category-gundem"],"acf":[],"yoast_head":"<!-- This site is optimized with the Yoast SEO Premium plugin v26.6 (Yoast SEO v27.1.1) - https:\/\/yoast.com\/product\/yoast-seo-premium-wordpress\/ -->\n<title>\u0130STE Genel Sekreteri Balaman\u2019a, \u0130GC\u2019den ziyaret - Av. Deniz Can K\u0131z\u0131l<\/title>\n<meta name=\"robots\" content=\"index, follow, max-snippet:-1, max-image-preview:large, max-video-preview:-1\" \/>\n<link rel=\"canonical\" href=\"http:\/\/denizcankizil.tr\/uk\/haberler\/gundem\/iste-genel-sekreteri-balamana-igcden-ziyaret\/\" \/>\n<meta property=\"og:locale\" content=\"uk_UA\" \/>\n<meta property=\"og:type\" content=\"article\" \/>\n<meta property=\"og:title\" content=\"\u0130STE Genel Sekreteri Balaman\u2019a, \u0130GC\u2019den ziyaret\" \/>\n<meta property=\"og:description\" content=\"Samimi bir atmosferde ger\u00e7ekle\u015fen ziyarette, \u00fcniversitenin sanayi kurulu\u015flar\u0131yla yap\u0131lacak i\u015fbirlikleri ve b\u00f6lgeye katk\u0131 sa\u011flayacak projeler \u00fczerine fikir al\u0131\u015fveri\u015finde bulunuldu. Ziyaretten duydu\u011fu memnuniyeti dile getiren Y\u0131lmaz Balaman, Gazeteciler Cemiyeti Ba\u015fkan\u0131 Diyap Atar, y\u00f6netim kurulu \u00fcyeleri ve gazetecileri a\u011f\u0131rlamaktan b\u00fcy\u00fck mutluluk duydu\u011funu ifade etti. Balaman, \u0130STE\u2019nin sanayiyle entegre projeler geli\u015ftirme vizyonuna vurgu yaparak, \u00fcniversitenin b\u00f6lgeye de\u011fer katacak \u00e7al\u0131\u015fmalar\u0131na kararl\u0131l\u0131kla devam edece\u011fini belirtti. Gazeteciler Cemiyeti Ba\u015fkan\u0131 Diyap Atar ise \u0130skenderun\u2019un geli\u015fimi ad\u0131na \u00fcniversitenin her t\u00fcrl\u00fc \u00f6nemli giri\u015fimini destekleyeceklerini s\u00f6yledi. Atar, \u0130STE\u2019nin b\u00f6lge i\u00e7in \u00f6nemli bir de\u011fer oldu\u011funu belirterek, yap\u0131lacak i\u015fbirliklerinin kent ad\u0131na olumlu sonu\u00e7lar do\u011furaca\u011f\u0131n\u0131 ifade etti. Ziyaret, g\u00fcn\u00fcn an\u0131s\u0131na \u00e7ekilen toplu foto\u011fraf ile sona erdi. \u200b\u0130skenderun Teknik \u00dcniversitesi (\u0130STE) Genel Sekreteri Y\u0131lmaz Balaman, \u0130skenderun Gazeteciler Cemiyeti\u2019nin tebrik ziyaretinde konuklar\u0131n\u0131 makam\u0131nda a\u011f\u0131rlad\u0131.\u00a0 \u200bHaberin Al\u0131nt\u0131land\u0131\u011f\u0131 Kaynak: www.iskenderun.org\" \/>\n<meta property=\"og:url\" content=\"http:\/\/denizcankizil.tr\/uk\/haberler\/gundem\/iste-genel-sekreteri-balamana-igcden-ziyaret\/\" \/>\n<meta property=\"og:site_name\" content=\"Av. Deniz Can K\u0131z\u0131l\" \/>\n<meta property=\"article:published_time\" content=\"2025-01-20T13:42:00+00:00\" \/>\n<meta name=\"author\" content=\"admin\" \/>\n<meta name=\"twitter:card\" content=\"summary_large_image\" \/>\n<meta name=\"twitter:label1\" content=\"\u041d\u0430\u043f\u0438\u0441\u0430\u043d\u043e\" \/>\n\t<meta name=\"twitter:data1\" content=\"admin\" \/>\n\t<meta name=\"twitter:label2\" content=\"\u041f\u0440\u0438\u0431\u043b. \u0447\u0430\u0441 \u0447\u0438\u0442\u0430\u043d\u043d\u044f\" \/>\n\t<meta name=\"twitter:data2\" content=\"1 \u0445\u0432\u0438\u043b\u0438\u043d\u0430\" \/>\n<script type=\"application\/ld+json\" class=\"yoast-schema-graph\">{\"@context\":\"https:\/\/schema.org\",\"@graph\":[{\"@type\":\"Article\",\"@id\":\"http:\/\/denizcankizil.tr\/uk\/haberler\/gundem\/iste-genel-sekreteri-balamana-igcden-ziyaret\/#article\",\"isPartOf\":{\"@id\":\"http:\/\/denizcankizil.tr\/uk\/haberler\/gundem\/iste-genel-sekreteri-balamana-igcden-ziyaret\/\"},\"author\":{\"name\":\"admin\",\"@id\":\"https:\/\/denizcankizil.tr\/de\/#\/schema\/person\/be3c05fe6a12686905512445d8185489\"},\"headline\":\"\u0130STE Genel Sekreteri Balaman\u2019a, \u0130GC\u2019den ziyaret\",\"datePublished\":\"2025-01-20T13:42:00+00:00\",\"mainEntityOfPage\":{\"@id\":\"http:\/\/denizcankizil.tr\/uk\/haberler\/gundem\/iste-genel-sekreteri-balamana-igcden-ziyaret\/\"},\"wordCount\":190,\"commentCount\":0,\"publisher\":{\"@id\":\"https:\/\/denizcankizil.tr\/de\/#organization\"},\"articleSection\":[\"G\u00fcndem\"],\"inLanguage\":\"uk\",\"potentialAction\":[{\"@type\":\"CommentAction\",\"name\":\"Comment\",\"target\":[\"http:\/\/denizcankizil.tr\/uk\/haberler\/gundem\/iste-genel-sekreteri-balamana-igcden-ziyaret\/#respond\"]}]},{\"@type\":\"WebPage\",\"@id\":\"http:\/\/denizcankizil.tr\/uk\/haberler\/gundem\/iste-genel-sekreteri-balamana-igcden-ziyaret\/\",\"url\":\"http:\/\/denizcankizil.tr\/uk\/haberler\/gundem\/iste-genel-sekreteri-balamana-igcden-ziyaret\/\",\"name\":\"\u0130STE Genel Sekreteri Balaman\u2019a, \u0130GC\u2019den ziyaret - Av. Deniz Can K\u0131z\u0131l\",\"isPartOf\":{\"@id\":\"https:\/\/denizcankizil.tr\/de\/#website\"},\"datePublished\":\"2025-01-20T13:42:00+00:00\",\"breadcrumb\":{\"@id\":\"http:\/\/denizcankizil.tr\/uk\/haberler\/gundem\/iste-genel-sekreteri-balamana-igcden-ziyaret\/#breadcrumb\"},\"inLanguage\":\"uk\",\"potentialAction\":[{\"@type\":\"ReadAction\",\"target\":[\"http:\/\/denizcankizil.tr\/uk\/haberler\/gundem\/iste-genel-sekreteri-balamana-igcden-ziyaret\/\"]}]},{\"@type\":\"BreadcrumbList\",\"@id\":\"http:\/\/denizcankizil.tr\/uk\/haberler\/gundem\/iste-genel-sekreteri-balamana-igcden-ziyaret\/#breadcrumb\",\"itemListElement\":[{\"@type\":\"ListItem\",\"position\":1,\"name\":\"Home\",\"item\":\"https:\/\/denizcankizil.tr\/de\/\"},{\"@type\":\"ListItem\",\"position\":2,\"name\":\"\u0130STE Genel Sekreteri Balaman\u2019a, \u0130GC\u2019den ziyaret\"}]},{\"@type\":\"WebSite\",\"@id\":\"https:\/\/denizcankizil.tr\/de\/#website\",\"url\":\"https:\/\/denizcankizil.tr\/de\/\",\"name\":\"Av. Deniz Can K\u0131z\u0131l\",\"description\":\"Avukat Deniz Can K\u0131z\u0131l Antalya Barosu\",\"publisher\":{\"@id\":\"https:\/\/denizcankizil.tr\/de\/#organization\"},\"potentialAction\":[{\"@type\":\"SearchAction\",\"target\":{\"@type\":\"EntryPoint\",\"urlTemplate\":\"https:\/\/denizcankizil.tr\/de\/?s={search_term_string}\"},\"query-input\":{\"@type\":\"PropertyValueSpecification\",\"valueRequired\":true,\"valueName\":\"search_term_string\"}}],\"inLanguage\":\"uk\"},{\"@type\":\"Organization\",\"@id\":\"https:\/\/denizcankizil.tr\/de\/#organization\",\"name\":\"Av. Deniz Can K\u0131z\u0131l\",\"url\":\"https:\/\/denizcankizil.tr\/de\/\",\"logo\":{\"@type\":\"ImageObject\",\"inLanguage\":\"uk\",\"@id\":\"https:\/\/denizcankizil.tr\/de\/#\/schema\/logo\/image\/\",\"url\":\"http:\/\/denizcankizil.tr\/wp-content\/uploads\/2024\/10\/siyah-logo-svg.svg\",\"contentUrl\":\"http:\/\/denizcankizil.tr\/wp-content\/uploads\/2024\/10\/siyah-logo-svg.svg\",\"width\":1080,\"height\":1080,\"caption\":\"Av. Deniz Can K\u0131z\u0131l\"},\"image\":{\"@id\":\"https:\/\/denizcankizil.tr\/de\/#\/schema\/logo\/image\/\"}},{\"@type\":\"Person\",\"@id\":\"https:\/\/denizcankizil.tr\/de\/#\/schema\/person\/be3c05fe6a12686905512445d8185489\",\"name\":\"admin\",\"image\":{\"@type\":\"ImageObject\",\"inLanguage\":\"uk\",\"@id\":\"https:\/\/denizcankizil.tr\/de\/#\/schema\/person\/image\/\",\"url\":\"https:\/\/secure.gravatar.com\/avatar\/c1fce94c830dc79107e174f890d7210541c4a63e8e5d816341794a2151c9d58c?s=96&d=mm&r=g\",\"contentUrl\":\"https:\/\/secure.gravatar.com\/avatar\/c1fce94c830dc79107e174f890d7210541c4a63e8e5d816341794a2151c9d58c?s=96&d=mm&r=g\",\"caption\":\"admin\"},\"sameAs\":[\"http:\/\/denizcankizil.tr\"],\"url\":\"https:\/\/www.iskenderun.org\/iste-genel-sekreteri-balamana-igcden-ziyaret\"}]}<\/script>\n<!-- \/ Yoast SEO Premium plugin. -->","yoast_head_json":{"title":"\u0130STE Genel Sekreteri Balaman\u2019a, \u0130GC\u2019den ziyaret - Av. Deniz Can K\u0131z\u0131l","robots":{"index":"index","follow":"follow","max-snippet":"max-snippet:-1","max-image-preview":"max-image-preview:large","max-video-preview":"max-video-preview:-1"},"canonical":"http:\/\/denizcankizil.tr\/uk\/haberler\/gundem\/iste-genel-sekreteri-balamana-igcden-ziyaret\/","og_locale":"uk_UA","og_type":"article","og_title":"\u0130STE Genel Sekreteri Balaman\u2019a, \u0130GC\u2019den ziyaret","og_description":"Samimi bir atmosferde ger\u00e7ekle\u015fen ziyarette, \u00fcniversitenin sanayi kurulu\u015flar\u0131yla yap\u0131lacak i\u015fbirlikleri ve b\u00f6lgeye katk\u0131 sa\u011flayacak projeler \u00fczerine fikir al\u0131\u015fveri\u015finde bulunuldu. Ziyaretten duydu\u011fu memnuniyeti dile getiren Y\u0131lmaz Balaman, Gazeteciler Cemiyeti Ba\u015fkan\u0131 Diyap Atar, y\u00f6netim kurulu \u00fcyeleri ve gazetecileri a\u011f\u0131rlamaktan b\u00fcy\u00fck mutluluk duydu\u011funu ifade etti. Balaman, \u0130STE\u2019nin sanayiyle entegre projeler geli\u015ftirme vizyonuna vurgu yaparak, \u00fcniversitenin b\u00f6lgeye de\u011fer katacak \u00e7al\u0131\u015fmalar\u0131na kararl\u0131l\u0131kla devam edece\u011fini belirtti. Gazeteciler Cemiyeti Ba\u015fkan\u0131 Diyap Atar ise \u0130skenderun\u2019un geli\u015fimi ad\u0131na \u00fcniversitenin her t\u00fcrl\u00fc \u00f6nemli giri\u015fimini destekleyeceklerini s\u00f6yledi. Atar, \u0130STE\u2019nin b\u00f6lge i\u00e7in \u00f6nemli bir de\u011fer oldu\u011funu belirterek, yap\u0131lacak i\u015fbirliklerinin kent ad\u0131na olumlu sonu\u00e7lar do\u011furaca\u011f\u0131n\u0131 ifade etti. Ziyaret, g\u00fcn\u00fcn an\u0131s\u0131na \u00e7ekilen toplu foto\u011fraf ile sona erdi. \u200b\u0130skenderun Teknik \u00dcniversitesi (\u0130STE) Genel Sekreteri Y\u0131lmaz Balaman, \u0130skenderun Gazeteciler Cemiyeti\u2019nin tebrik ziyaretinde konuklar\u0131n\u0131 makam\u0131nda a\u011f\u0131rlad\u0131.\u00a0 \u200bHaberin Al\u0131nt\u0131land\u0131\u011f\u0131 Kaynak: www.iskenderun.org","og_url":"http:\/\/denizcankizil.tr\/uk\/haberler\/gundem\/iste-genel-sekreteri-balamana-igcden-ziyaret\/","og_site_name":"Av. Deniz Can K\u0131z\u0131l","article_published_time":"2025-01-20T13:42:00+00:00","author":"admin","twitter_card":"summary_large_image","twitter_misc":{"\u041d\u0430\u043f\u0438\u0441\u0430\u043d\u043e":"admin","\u041f\u0440\u0438\u0431\u043b. \u0447\u0430\u0441 \u0447\u0438\u0442\u0430\u043d\u043d\u044f":"1 \u0445\u0432\u0438\u043b\u0438\u043d\u0430"},"schema":{"@context":"https:\/\/schema.org","@graph":[{"@type":"Article","@id":"http:\/\/denizcankizil.tr\/uk\/haberler\/gundem\/iste-genel-sekreteri-balamana-igcden-ziyaret\/#article","isPartOf":{"@id":"http:\/\/denizcankizil.tr\/uk\/haberler\/gundem\/iste-genel-sekreteri-balamana-igcden-ziyaret\/"},"author":{"name":"admin","@id":"https:\/\/denizcankizil.tr\/de\/#\/schema\/person\/be3c05fe6a12686905512445d8185489"},"headline":"\u0130STE Genel Sekreteri Balaman\u2019a, \u0130GC\u2019den ziyaret","datePublished":"2025-01-20T13:42:00+00:00","mainEntityOfPage":{"@id":"http:\/\/denizcankizil.tr\/uk\/haberler\/gundem\/iste-genel-sekreteri-balamana-igcden-ziyaret\/"},"wordCount":190,"commentCount":0,"publisher":{"@id":"https:\/\/denizcankizil.tr\/de\/#organization"},"articleSection":["G\u00fcndem"],"inLanguage":"uk","potentialAction":[{"@type":"CommentAction","name":"Comment","target":["http:\/\/denizcankizil.tr\/uk\/haberler\/gundem\/iste-genel-sekreteri-balamana-igcden-ziyaret\/#respond"]}]},{"@type":"WebPage","@id":"http:\/\/denizcankizil.tr\/uk\/haberler\/gundem\/iste-genel-sekreteri-balamana-igcden-ziyaret\/","url":"http:\/\/denizcankizil.tr\/uk\/haberler\/gundem\/iste-genel-sekreteri-balamana-igcden-ziyaret\/","name":"\u0130STE Genel Sekreteri Balaman\u2019a, \u0130GC\u2019den ziyaret - Av. Deniz Can K\u0131z\u0131l","isPartOf":{"@id":"https:\/\/denizcankizil.tr\/de\/#website"},"datePublished":"2025-01-20T13:42:00+00:00","breadcrumb":{"@id":"http:\/\/denizcankizil.tr\/uk\/haberler\/gundem\/iste-genel-sekreteri-balamana-igcden-ziyaret\/#breadcrumb"},"inLanguage":"uk","potentialAction":[{"@type":"ReadAction","target":["http:\/\/denizcankizil.tr\/uk\/haberler\/gundem\/iste-genel-sekreteri-balamana-igcden-ziyaret\/"]}]},{"@type":"BreadcrumbList","@id":"http:\/\/denizcankizil.tr\/uk\/haberler\/gundem\/iste-genel-sekreteri-balamana-igcden-ziyaret\/#breadcrumb","itemListElement":[{"@type":"ListItem","position":1,"name":"Home","item":"https:\/\/denizcankizil.tr\/de\/"},{"@type":"ListItem","position":2,"name":"\u0130STE Genel Sekreteri Balaman\u2019a, \u0130GC\u2019den ziyaret"}]},{"@type":"WebSite","@id":"https:\/\/denizcankizil.tr\/de\/#website","url":"https:\/\/denizcankizil.tr\/de\/","name":"Av. Deniz Can K\u0131z\u0131l","description":"Avukat Deniz Can K\u0131z\u0131l Antalya Barosu","publisher":{"@id":"https:\/\/denizcankizil.tr\/de\/#organization"},"potentialAction":[{"@type":"SearchAction","target":{"@type":"EntryPoint","urlTemplate":"https:\/\/denizcankizil.tr\/de\/?s={search_term_string}"},"query-input":{"@type":"PropertyValueSpecification","valueRequired":true,"valueName":"search_term_string"}}],"inLanguage":"uk"},{"@type":"Organization","@id":"https:\/\/denizcankizil.tr\/de\/#organization","name":"Av. Deniz Can K\u0131z\u0131l","url":"https:\/\/denizcankizil.tr\/de\/","logo":{"@type":"ImageObject","inLanguage":"uk","@id":"https:\/\/denizcankizil.tr\/de\/#\/schema\/logo\/image\/","url":"http:\/\/denizcankizil.tr\/wp-content\/uploads\/2024\/10\/siyah-logo-svg.svg","contentUrl":"http:\/\/denizcankizil.tr\/wp-content\/uploads\/2024\/10\/siyah-logo-svg.svg","width":1080,"height":1080,"caption":"Av. Deniz Can K\u0131z\u0131l"},"image":{"@id":"https:\/\/denizcankizil.tr\/de\/#\/schema\/logo\/image\/"}},{"@type":"Person","@id":"https:\/\/denizcankizil.tr\/de\/#\/schema\/person\/be3c05fe6a12686905512445d8185489","name":"\u0430\u0434\u043c\u0456\u043d","image":{"@type":"ImageObject","inLanguage":"uk","@id":"https:\/\/denizcankizil.tr\/de\/#\/schema\/person\/image\/","url":"https:\/\/secure.gravatar.com\/avatar\/c1fce94c830dc79107e174f890d7210541c4a63e8e5d816341794a2151c9d58c?s=96&d=mm&r=g","contentUrl":"https:\/\/secure.gravatar.com\/avatar\/c1fce94c830dc79107e174f890d7210541c4a63e8e5d816341794a2151c9d58c?s=96&d=mm&r=g","caption":"admin"},"sameAs":["http:\/\/denizcankizil.tr"],"url":"https:\/\/www.iskenderun.org\/iste-genel-sekreteri-balamana-igcden-ziyaret"}]}},"_links":{"self":[{"href":"http:\/\/denizcankizil.tr\/uk\/wp-json\/wp\/v2\/posts\/26342","targetHints":{"allow":["GET"]}}],"collection":[{"href":"http:\/\/denizcankizil.tr\/uk\/wp-json\/wp\/v2\/posts"}],"about":[{"href":"http:\/\/denizcankizil.tr\/uk\/wp-json\/wp\/v2\/types\/post"}],"author":[{"embeddable":true,"href":"http:\/\/denizcankizil.tr\/uk\/wp-json\/wp\/v2\/users\/1"}],"replies":[{"embeddable":true,"href":"http:\/\/denizcankizil.tr\/uk\/wp-json\/wp\/v2\/comments?post=26342"}],"version-history":[{"count":0,"href":"http:\/\/denizcankizil.tr\/uk\/wp-json\/wp\/v2\/posts\/26342\/revisions"}],"wp:attachment":[{"href":"http:\/\/denizcankizil.tr\/uk\/wp-json\/wp\/v2\/media?parent=26342"}],"wp:term":[{"taxonomy":"category","embeddable":true,"href":"http:\/\/denizcankizil.tr\/uk\/wp-json\/wp\/v2\/categories?post=26342"},{"taxonomy":"post_tag","embeddable":true,"href":"http:\/\/denizcankizil.tr\/uk\/wp-json\/wp\/v2\/tags?post=26342"}],"curies":[{"name":"wp","href":"https:\/\/api.w.org\/{rel}","templated":true}]}}