{"id":26310,"date":"2025-01-20T13:41:32","date_gmt":"2025-01-20T10:41:32","guid":{"rendered":"https:\/\/denizcankizil.tr\/uncategorized-tr\/ozdaga-cumhurbaskanina-hakaretten-sorusturma\/"},"modified":"2025-01-20T13:41:32","modified_gmt":"2025-01-20T10:41:32","slug":"ozdaga-cumhurbaskanina-hakaretten-sorusturma","status":"publish","type":"post","link":"http:\/\/denizcankizil.tr\/uk\/haberler\/gundem\/ozdaga-cumhurbaskanina-hakaretten-sorusturma\/","title":{"rendered":"\u00d6zda\u011f\u2019a Cumhurba\u015fkan\u0131na hakaretten soru\u015fturma"},"content":{"rendered":"<p>\u0130stanbul Cumhuriyet Ba\u015fsavc\u0131l\u0131\u011f\u0131, Zafer Partisi Genel Ba\u015fkan\u0131 \u00dcmit \u00d6zda\u011f hakk\u0131nda, partisinin il ba\u015fkanlar\u0131 toplant\u0131s\u0131nda Cumhurba\u015fkan\u0131 Recep Tayyip Erdo\u011fan\u2019a y\u00f6nelik sarf etti\u011fi s\u00f6zler nedeniyle soru\u015fturma ba\u015flatt\u0131.ANKARA (\u0130GFA) &#8211; Cumhurba\u015fkan\u0131 Erdo\u011fan&#8217;a sarf etti\u011fi s\u00f6zler dolay\u0131s\u0131yla hakk\u0131nda soru\u015fturma ba\u015flat\u0131lmas\u0131 \u00fczerine Zafer Partisi Genel Ba\u015fkan\u0131 \u00dcmit \u00d6zda\u011f&#8217;dan ilk a\u00e7\u0131klama geldi.<br \/>\nSoru\u015fturma hakk\u0131nda sosyal medya hesab\u0131ndan a\u00e7\u0131klama yapan Genel Ba\u015fkan \u00dcmit \u00d6zda\u011f, s\u00f6z konusu konu\u015fman\u0131n Antalya\u2019da yap\u0131lan Zafer Partisi 4. \u0130l Ba\u015fkanlar\u0131 \u00c7al\u0131\u015ftay\u0131\u2019nda ger\u00e7ekle\u015fti\u011fini belirtti. \u00d6zda\u011f, &#8220;Erdo\u011fan\u2019a hakaret iddias\u0131 ile \u0130stanbul Cumhuriyet Ba\u015fsavc\u0131l\u0131\u011f\u0131 taraf\u0131ndan soru\u015fturma ba\u015flat\u0131lan konu\u015fmam\u0131 Antalya\u2019da Zafer Partisi 4. il Ba\u015fkanlar\u0131 \u00c7al\u0131\u015ftay\u0131nda yapt\u0131m. Konu\u015fma yeri Antalya. Antalya Ba\u015fsavc\u0131l\u0131\u011f\u0131 soru\u015fturma a\u00e7m\u0131yor. Erdo\u011fan ve ben Ankara\u2019day\u0131z. Ankara Ba\u015fsavc\u0131l\u0131\u011f\u0131 da soru\u015fturma a\u00e7m\u0131yor. \u0130stanbul Ba\u015fsavc\u0131l\u0131\u011f\u0131 a\u00e7\u0131yor. Bu konu\u015fmay\u0131 1000 defa daha yapmaya haz\u0131r\u0131m. \u0130ster hapse at\u0131n, ister kur\u015funa dizin. Atat\u00fcrk\u2019ten ve kurdu\u011fu Cumhuriyet\u2019ten taviz vermeyece\u011fiz. Atat\u00fcrk\u2019e ve Cumhuriyete sald\u0131r\u0131lara cevap verece\u011fiz.\u201d dedi.<\/p>\n<p>https:\/\/twitter.com\/zaferpartisi\/status\/1881259350964015519<\/p>\n<p>\u200b\u0130stanbul Cumhuriyet Ba\u015fsavc\u0131l\u0131\u011f\u0131, Zafer Partisi Genel Ba\u015fkan\u0131 \u00dcmit \u00d6zda\u011f hakk\u0131nda, partisinin il ba\u015fkanlar\u0131 toplant\u0131s\u0131nda Cumhurba\u015fkan\u0131 Recep Tayyip Erdo\u011fan\u2019a y\u00f6nelik sarf etti\u011fi s\u00f6zler nedeniyle soru\u015fturma ba\u015flatt\u0131.ANKARA (\u0130GFA) &#8211; Cumhurba\u015fkan\u0131 Erdo\u011fan&#8217;a sarf etti\u011fi s\u00f6zler dolay\u0131s\u0131yla hakk\u0131nda soru\u015fturma ba\u015flat\u0131lmas\u0131 \u00fczerine Zafer Partisi Genel Ba\u015fkan\u0131 \u00dcmit \u00d6zda\u011f&#8217;dan ilk a\u00e7\u0131klama geldi.<br \/>\nSoru\u015fturma hakk\u0131nda sosyal medya hesab\u0131ndan a\u00e7\u0131klama yapan Genel Ba\u015fkan \u00dcmit \u00d6zda\u011f, s\u00f6z konusu konu\u015fman\u0131n Antalya\u2019da yap\u0131lan Zafer Partisi 4. \u0130l Ba\u015fkanlar\u0131 \u00c7al\u0131\u015ftay\u0131\u2019nda ger\u00e7ekle\u015fti\u011fini belirtti. \u00d6zda\u011f, &#8220;Erdo\u011fan\u2019a hakaret iddias\u0131 ile \u0130stanbul Cumhuriyet Ba\u015fsavc\u0131l\u0131\u011f\u0131 taraf\u0131ndan soru\u015fturma ba\u015flat\u0131lan konu\u015fmam\u0131 Antalya\u2019da Zafer Partisi 4. il Ba\u015fkanlar\u0131 \u00c7al\u0131\u015ftay\u0131nda yapt\u0131m. Konu\u015fma yeri Antalya. Antalya Ba\u015fsavc\u0131l\u0131\u011f\u0131 soru\u015fturma a\u00e7m\u0131yor. Erdo\u011fan ve ben Ankara\u2019day\u0131z. Ankara Ba\u015fsavc\u0131l\u0131\u011f\u0131 da soru\u015fturma a\u00e7m\u0131yor. \u0130stanbul Ba\u015fsavc\u0131l\u0131\u011f\u0131 a\u00e7\u0131yor. Bu konu\u015fmay\u0131 1000 defa daha yapmaya haz\u0131r\u0131m. \u0130ster hapse at\u0131n, ister kur\u015funa dizin. Atat\u00fcrk\u2019ten ve kurdu\u011fu Cumhuriyet\u2019ten taviz vermeyece\u011fiz. Atat\u00fcrk\u2019e ve Cumhuriyete sald\u0131r\u0131lara cevap verece\u011fiz.\u201d dedi.<\/p>\n<p>https:\/\/twitter.com\/zaferpartisi\/status\/1881259350964015519\u00a0<\/p>\n<p>\u200bHaberin Al\u0131nt\u0131land\u0131\u011f\u0131 Kaynak: www.iskenderun.org<\/p>","protected":false},"excerpt":{"rendered":"<p>\u0130stanbul Cumhuriyet Ba\u015fsavc\u0131l\u0131\u011f\u0131, Zafer Partisi Genel Ba\u015fkan\u0131 \u00dcmit \u00d6zda\u011f hakk\u0131nda, partisinin il ba\u015fkanlar\u0131 toplant\u0131s\u0131nda Cumhurba\u015fkan\u0131 Recep Tayyip Erdo\u011fan\u2019a y\u00f6nelik sarf etti\u011fi s\u00f6zler nedeniyle soru\u015fturma ba\u015flatt\u0131.ANKARA (\u0130GFA) &#8211; Cumhurba\u015fkan\u0131 Erdo\u011fan&#8217;a sarf etti\u011fi s\u00f6zler dolay\u0131s\u0131yla hakk\u0131nda soru\u015fturma ba\u015flat\u0131lmas\u0131 \u00fczerine Zafer Partisi Genel Ba\u015fkan\u0131 \u00dcmit \u00d6zda\u011f&#8217;dan ilk a\u00e7\u0131klama geldi. Soru\u015fturma hakk\u0131nda sosyal medya hesab\u0131ndan a\u00e7\u0131klama yapan Genel Ba\u015fkan \u00dcmit \u00d6zda\u011f, s\u00f6z konusu konu\u015fman\u0131n Antalya\u2019da yap\u0131lan Zafer Partisi 4. \u0130l Ba\u015fkanlar\u0131 \u00c7al\u0131\u015ftay\u0131\u2019nda ger\u00e7ekle\u015fti\u011fini belirtti. \u00d6zda\u011f, &#8220;Erdo\u011fan\u2019a hakaret iddias\u0131 ile \u0130stanbul Cumhuriyet Ba\u015fsavc\u0131l\u0131\u011f\u0131 taraf\u0131ndan soru\u015fturma ba\u015flat\u0131lan konu\u015fmam\u0131 Antalya\u2019da Zafer Partisi 4. il Ba\u015fkanlar\u0131 \u00c7al\u0131\u015ftay\u0131nda yapt\u0131m. Konu\u015fma yeri Antalya. Antalya Ba\u015fsavc\u0131l\u0131\u011f\u0131 soru\u015fturma a\u00e7m\u0131yor. Erdo\u011fan ve ben Ankara\u2019day\u0131z. Ankara Ba\u015fsavc\u0131l\u0131\u011f\u0131 da soru\u015fturma a\u00e7m\u0131yor. \u0130stanbul Ba\u015fsavc\u0131l\u0131\u011f\u0131 a\u00e7\u0131yor. Bu konu\u015fmay\u0131 1000 defa daha yapmaya haz\u0131r\u0131m. \u0130ster hapse at\u0131n, ister kur\u015funa dizin. Atat\u00fcrk\u2019ten ve kurdu\u011fu Cumhuriyet\u2019ten taviz vermeyece\u011fiz. Atat\u00fcrk\u2019e ve Cumhuriyete sald\u0131r\u0131lara cevap verece\u011fiz.\u201d dedi. https:\/\/twitter.com\/zaferpartisi\/status\/1881259350964015519 \u200b\u0130stanbul Cumhuriyet Ba\u015fsavc\u0131l\u0131\u011f\u0131, Zafer Partisi Genel Ba\u015fkan\u0131 \u00dcmit \u00d6zda\u011f hakk\u0131nda, partisinin il ba\u015fkanlar\u0131 toplant\u0131s\u0131nda Cumhurba\u015fkan\u0131 Recep Tayyip Erdo\u011fan\u2019a y\u00f6nelik sarf etti\u011fi s\u00f6zler nedeniyle soru\u015fturma ba\u015flatt\u0131.ANKARA (\u0130GFA) &#8211; Cumhurba\u015fkan\u0131 Erdo\u011fan&#8217;a sarf etti\u011fi s\u00f6zler dolay\u0131s\u0131yla hakk\u0131nda soru\u015fturma ba\u015flat\u0131lmas\u0131 \u00fczerine Zafer Partisi Genel Ba\u015fkan\u0131 \u00dcmit \u00d6zda\u011f&#8217;dan ilk a\u00e7\u0131klama geldi. Soru\u015fturma hakk\u0131nda sosyal medya hesab\u0131ndan a\u00e7\u0131klama yapan Genel Ba\u015fkan \u00dcmit \u00d6zda\u011f, s\u00f6z konusu konu\u015fman\u0131n Antalya\u2019da yap\u0131lan Zafer Partisi &hellip;<\/p>","protected":false},"author":1,"featured_media":0,"comment_status":"open","ping_status":"open","sticky":false,"template":"","format":"standard","meta":{"_acf_changed":false,"footnotes":""},"categories":[24],"tags":[],"class_list":["post-26310","post","type-post","status-publish","format-standard","has-post-thumbnail","hentry","category-gundem"],"acf":[],"yoast_head":"<!-- This site is optimized with the Yoast SEO Premium plugin v26.6 (Yoast SEO v27.1.1) - https:\/\/yoast.com\/product\/yoast-seo-premium-wordpress\/ -->\n<title>\u00d6zda\u011f\u2019a Cumhurba\u015fkan\u0131na hakaretten soru\u015fturma - Av. Deniz Can K\u0131z\u0131l<\/title>\n<meta name=\"robots\" content=\"index, follow, max-snippet:-1, max-image-preview:large, max-video-preview:-1\" \/>\n<link rel=\"canonical\" href=\"https:\/\/denizcankizil.tr\/uk\/haberler\/gundem\/ozdaga-cumhurbaskanina-hakaretten-sorusturma\/\" \/>\n<meta property=\"og:locale\" content=\"uk_UA\" \/>\n<meta property=\"og:type\" content=\"article\" \/>\n<meta property=\"og:title\" content=\"\u00d6zda\u011f\u2019a Cumhurba\u015fkan\u0131na hakaretten soru\u015fturma\" \/>\n<meta property=\"og:description\" content=\"\u0130stanbul Cumhuriyet Ba\u015fsavc\u0131l\u0131\u011f\u0131, Zafer Partisi Genel Ba\u015fkan\u0131 \u00dcmit \u00d6zda\u011f hakk\u0131nda, partisinin il ba\u015fkanlar\u0131 toplant\u0131s\u0131nda Cumhurba\u015fkan\u0131 Recep Tayyip Erdo\u011fan\u2019a y\u00f6nelik sarf etti\u011fi s\u00f6zler nedeniyle soru\u015fturma ba\u015flatt\u0131.ANKARA (\u0130GFA) &#8211; Cumhurba\u015fkan\u0131 Erdo\u011fan&#8217;a sarf etti\u011fi s\u00f6zler dolay\u0131s\u0131yla hakk\u0131nda soru\u015fturma ba\u015flat\u0131lmas\u0131 \u00fczerine Zafer Partisi Genel Ba\u015fkan\u0131 \u00dcmit \u00d6zda\u011f&#8217;dan ilk a\u00e7\u0131klama geldi. Soru\u015fturma hakk\u0131nda sosyal medya hesab\u0131ndan a\u00e7\u0131klama yapan Genel Ba\u015fkan \u00dcmit \u00d6zda\u011f, s\u00f6z konusu konu\u015fman\u0131n Antalya\u2019da yap\u0131lan Zafer Partisi 4. \u0130l Ba\u015fkanlar\u0131 \u00c7al\u0131\u015ftay\u0131\u2019nda ger\u00e7ekle\u015fti\u011fini belirtti. \u00d6zda\u011f, &#8220;Erdo\u011fan\u2019a hakaret iddias\u0131 ile \u0130stanbul Cumhuriyet Ba\u015fsavc\u0131l\u0131\u011f\u0131 taraf\u0131ndan soru\u015fturma ba\u015flat\u0131lan konu\u015fmam\u0131 Antalya\u2019da Zafer Partisi 4. il Ba\u015fkanlar\u0131 \u00c7al\u0131\u015ftay\u0131nda yapt\u0131m. Konu\u015fma yeri Antalya. Antalya Ba\u015fsavc\u0131l\u0131\u011f\u0131 soru\u015fturma a\u00e7m\u0131yor. Erdo\u011fan ve ben Ankara\u2019day\u0131z. Ankara Ba\u015fsavc\u0131l\u0131\u011f\u0131 da soru\u015fturma a\u00e7m\u0131yor. \u0130stanbul Ba\u015fsavc\u0131l\u0131\u011f\u0131 a\u00e7\u0131yor. Bu konu\u015fmay\u0131 1000 defa daha yapmaya haz\u0131r\u0131m. \u0130ster hapse at\u0131n, ister kur\u015funa dizin. Atat\u00fcrk\u2019ten ve kurdu\u011fu Cumhuriyet\u2019ten taviz vermeyece\u011fiz. Atat\u00fcrk\u2019e ve Cumhuriyete sald\u0131r\u0131lara cevap verece\u011fiz.\u201d dedi. https:\/\/twitter.com\/zaferpartisi\/status\/1881259350964015519 \u200b\u0130stanbul Cumhuriyet Ba\u015fsavc\u0131l\u0131\u011f\u0131, Zafer Partisi Genel Ba\u015fkan\u0131 \u00dcmit \u00d6zda\u011f hakk\u0131nda, partisinin il ba\u015fkanlar\u0131 toplant\u0131s\u0131nda Cumhurba\u015fkan\u0131 Recep Tayyip Erdo\u011fan\u2019a y\u00f6nelik sarf etti\u011fi s\u00f6zler nedeniyle soru\u015fturma ba\u015flatt\u0131.ANKARA (\u0130GFA) &#8211; Cumhurba\u015fkan\u0131 Erdo\u011fan&#8217;a sarf etti\u011fi s\u00f6zler dolay\u0131s\u0131yla hakk\u0131nda soru\u015fturma ba\u015flat\u0131lmas\u0131 \u00fczerine Zafer Partisi Genel Ba\u015fkan\u0131 \u00dcmit \u00d6zda\u011f&#8217;dan ilk a\u00e7\u0131klama geldi. Soru\u015fturma hakk\u0131nda sosyal medya hesab\u0131ndan a\u00e7\u0131klama yapan Genel Ba\u015fkan \u00dcmit \u00d6zda\u011f, s\u00f6z konusu konu\u015fman\u0131n Antalya\u2019da yap\u0131lan Zafer Partisi &hellip;\" \/>\n<meta property=\"og:url\" content=\"https:\/\/denizcankizil.tr\/uk\/haberler\/gundem\/ozdaga-cumhurbaskanina-hakaretten-sorusturma\/\" \/>\n<meta property=\"og:site_name\" content=\"Av. Deniz Can K\u0131z\u0131l\" \/>\n<meta property=\"article:published_time\" content=\"2025-01-20T10:41:32+00:00\" \/>\n<meta name=\"author\" content=\"admin\" \/>\n<meta name=\"twitter:card\" content=\"summary_large_image\" \/>\n<meta name=\"twitter:label1\" content=\"\u041d\u0430\u043f\u0438\u0441\u0430\u043d\u043e\" \/>\n\t<meta name=\"twitter:data1\" content=\"admin\" \/>\n\t<meta name=\"twitter:label2\" content=\"\u041f\u0440\u0438\u0431\u043b. \u0447\u0430\u0441 \u0447\u0438\u0442\u0430\u043d\u043d\u044f\" \/>\n\t<meta name=\"twitter:data2\" content=\"2 \u0445\u0432\u0438\u043b\u0438\u043d\u0438\" \/>\n<script type=\"application\/ld+json\" class=\"yoast-schema-graph\">{\"@context\":\"https:\/\/schema.org\",\"@graph\":[{\"@type\":\"Article\",\"@id\":\"https:\/\/denizcankizil.tr\/ru\/haberler\/gundem\/ozdaga-cumhurbaskanina-hakaretten-sorusturma\/#article\",\"isPartOf\":{\"@id\":\"https:\/\/denizcankizil.tr\/ru\/haberler\/gundem\/ozdaga-cumhurbaskanina-hakaretten-sorusturma\/\"},\"author\":{\"name\":\"admin\",\"@id\":\"https:\/\/denizcankizil.tr\/de\/#\/schema\/person\/be3c05fe6a12686905512445d8185489\"},\"headline\":\"\u00d6zda\u011f\u2019a Cumhurba\u015fkan\u0131na hakaretten soru\u015fturma\",\"datePublished\":\"2025-01-20T10:41:32+00:00\",\"mainEntityOfPage\":{\"@id\":\"https:\/\/denizcankizil.tr\/ru\/haberler\/gundem\/ozdaga-cumhurbaskanina-hakaretten-sorusturma\/\"},\"wordCount\":474,\"commentCount\":0,\"publisher\":{\"@id\":\"https:\/\/denizcankizil.tr\/de\/#organization\"},\"articleSection\":[\"G\u00fcndem\"],\"inLanguage\":\"uk\",\"potentialAction\":[{\"@type\":\"CommentAction\",\"name\":\"Comment\",\"target\":[\"https:\/\/denizcankizil.tr\/ru\/haberler\/gundem\/ozdaga-cumhurbaskanina-hakaretten-sorusturma\/#respond\"]}]},{\"@type\":\"WebPage\",\"@id\":\"https:\/\/denizcankizil.tr\/ru\/haberler\/gundem\/ozdaga-cumhurbaskanina-hakaretten-sorusturma\/\",\"url\":\"https:\/\/denizcankizil.tr\/ru\/haberler\/gundem\/ozdaga-cumhurbaskanina-hakaretten-sorusturma\/\",\"name\":\"\u00d6zda\u011f\u2019a Cumhurba\u015fkan\u0131na hakaretten soru\u015fturma - Av. Deniz Can K\u0131z\u0131l\",\"isPartOf\":{\"@id\":\"https:\/\/denizcankizil.tr\/de\/#website\"},\"datePublished\":\"2025-01-20T10:41:32+00:00\",\"breadcrumb\":{\"@id\":\"https:\/\/denizcankizil.tr\/ru\/haberler\/gundem\/ozdaga-cumhurbaskanina-hakaretten-sorusturma\/#breadcrumb\"},\"inLanguage\":\"uk\",\"potentialAction\":[{\"@type\":\"ReadAction\",\"target\":[\"https:\/\/denizcankizil.tr\/ru\/haberler\/gundem\/ozdaga-cumhurbaskanina-hakaretten-sorusturma\/\"]}]},{\"@type\":\"BreadcrumbList\",\"@id\":\"https:\/\/denizcankizil.tr\/ru\/haberler\/gundem\/ozdaga-cumhurbaskanina-hakaretten-sorusturma\/#breadcrumb\",\"itemListElement\":[{\"@type\":\"ListItem\",\"position\":1,\"name\":\"Home\",\"item\":\"https:\/\/denizcankizil.tr\/de\/\"},{\"@type\":\"ListItem\",\"position\":2,\"name\":\"\u00d6zda\u011f\u2019a Cumhurba\u015fkan\u0131na hakaretten soru\u015fturma\"}]},{\"@type\":\"WebSite\",\"@id\":\"https:\/\/denizcankizil.tr\/de\/#website\",\"url\":\"https:\/\/denizcankizil.tr\/de\/\",\"name\":\"Av. Deniz Can K\u0131z\u0131l\",\"description\":\"Avukat Deniz Can K\u0131z\u0131l Antalya Barosu\",\"publisher\":{\"@id\":\"https:\/\/denizcankizil.tr\/de\/#organization\"},\"potentialAction\":[{\"@type\":\"SearchAction\",\"target\":{\"@type\":\"EntryPoint\",\"urlTemplate\":\"https:\/\/denizcankizil.tr\/de\/?s={search_term_string}\"},\"query-input\":{\"@type\":\"PropertyValueSpecification\",\"valueRequired\":true,\"valueName\":\"search_term_string\"}}],\"inLanguage\":\"uk\"},{\"@type\":\"Organization\",\"@id\":\"https:\/\/denizcankizil.tr\/de\/#organization\",\"name\":\"Av. Deniz Can K\u0131z\u0131l\",\"url\":\"https:\/\/denizcankizil.tr\/de\/\",\"logo\":{\"@type\":\"ImageObject\",\"inLanguage\":\"uk\",\"@id\":\"https:\/\/denizcankizil.tr\/de\/#\/schema\/logo\/image\/\",\"url\":\"http:\/\/denizcankizil.tr\/wp-content\/uploads\/2024\/10\/siyah-logo-svg.svg\",\"contentUrl\":\"http:\/\/denizcankizil.tr\/wp-content\/uploads\/2024\/10\/siyah-logo-svg.svg\",\"width\":1080,\"height\":1080,\"caption\":\"Av. Deniz Can K\u0131z\u0131l\"},\"image\":{\"@id\":\"https:\/\/denizcankizil.tr\/de\/#\/schema\/logo\/image\/\"}},{\"@type\":\"Person\",\"@id\":\"https:\/\/denizcankizil.tr\/de\/#\/schema\/person\/be3c05fe6a12686905512445d8185489\",\"name\":\"admin\",\"image\":{\"@type\":\"ImageObject\",\"inLanguage\":\"uk\",\"@id\":\"https:\/\/denizcankizil.tr\/de\/#\/schema\/person\/image\/\",\"url\":\"https:\/\/secure.gravatar.com\/avatar\/c1fce94c830dc79107e174f890d7210541c4a63e8e5d816341794a2151c9d58c?s=96&d=mm&r=g\",\"contentUrl\":\"https:\/\/secure.gravatar.com\/avatar\/c1fce94c830dc79107e174f890d7210541c4a63e8e5d816341794a2151c9d58c?s=96&d=mm&r=g\",\"caption\":\"admin\"},\"sameAs\":[\"http:\/\/denizcankizil.tr\"],\"url\":\"https:\/\/www.iskenderun.org\/ozdaga-cumhurbaskanina-hakaretten-sorusturma\"}]}<\/script>\n<!-- \/ Yoast SEO Premium plugin. -->","yoast_head_json":{"title":"\u00d6zda\u011f\u2019a Cumhurba\u015fkan\u0131na hakaretten soru\u015fturma - Av. Deniz Can K\u0131z\u0131l","robots":{"index":"index","follow":"follow","max-snippet":"max-snippet:-1","max-image-preview":"max-image-preview:large","max-video-preview":"max-video-preview:-1"},"canonical":"https:\/\/denizcankizil.tr\/uk\/haberler\/gundem\/ozdaga-cumhurbaskanina-hakaretten-sorusturma\/","og_locale":"uk_UA","og_type":"article","og_title":"\u00d6zda\u011f\u2019a Cumhurba\u015fkan\u0131na hakaretten soru\u015fturma","og_description":"\u0130stanbul Cumhuriyet Ba\u015fsavc\u0131l\u0131\u011f\u0131, Zafer Partisi Genel Ba\u015fkan\u0131 \u00dcmit \u00d6zda\u011f hakk\u0131nda, partisinin il ba\u015fkanlar\u0131 toplant\u0131s\u0131nda Cumhurba\u015fkan\u0131 Recep Tayyip Erdo\u011fan\u2019a y\u00f6nelik sarf etti\u011fi s\u00f6zler nedeniyle soru\u015fturma ba\u015flatt\u0131.ANKARA (\u0130GFA) &#8211; Cumhurba\u015fkan\u0131 Erdo\u011fan&#8217;a sarf etti\u011fi s\u00f6zler dolay\u0131s\u0131yla hakk\u0131nda soru\u015fturma ba\u015flat\u0131lmas\u0131 \u00fczerine Zafer Partisi Genel Ba\u015fkan\u0131 \u00dcmit \u00d6zda\u011f&#8217;dan ilk a\u00e7\u0131klama geldi. Soru\u015fturma hakk\u0131nda sosyal medya hesab\u0131ndan a\u00e7\u0131klama yapan Genel Ba\u015fkan \u00dcmit \u00d6zda\u011f, s\u00f6z konusu konu\u015fman\u0131n Antalya\u2019da yap\u0131lan Zafer Partisi 4. \u0130l Ba\u015fkanlar\u0131 \u00c7al\u0131\u015ftay\u0131\u2019nda ger\u00e7ekle\u015fti\u011fini belirtti. \u00d6zda\u011f, &#8220;Erdo\u011fan\u2019a hakaret iddias\u0131 ile \u0130stanbul Cumhuriyet Ba\u015fsavc\u0131l\u0131\u011f\u0131 taraf\u0131ndan soru\u015fturma ba\u015flat\u0131lan konu\u015fmam\u0131 Antalya\u2019da Zafer Partisi 4. il Ba\u015fkanlar\u0131 \u00c7al\u0131\u015ftay\u0131nda yapt\u0131m. Konu\u015fma yeri Antalya. Antalya Ba\u015fsavc\u0131l\u0131\u011f\u0131 soru\u015fturma a\u00e7m\u0131yor. Erdo\u011fan ve ben Ankara\u2019day\u0131z. Ankara Ba\u015fsavc\u0131l\u0131\u011f\u0131 da soru\u015fturma a\u00e7m\u0131yor. \u0130stanbul Ba\u015fsavc\u0131l\u0131\u011f\u0131 a\u00e7\u0131yor. Bu konu\u015fmay\u0131 1000 defa daha yapmaya haz\u0131r\u0131m. \u0130ster hapse at\u0131n, ister kur\u015funa dizin. Atat\u00fcrk\u2019ten ve kurdu\u011fu Cumhuriyet\u2019ten taviz vermeyece\u011fiz. Atat\u00fcrk\u2019e ve Cumhuriyete sald\u0131r\u0131lara cevap verece\u011fiz.\u201d dedi. https:\/\/twitter.com\/zaferpartisi\/status\/1881259350964015519 \u200b\u0130stanbul Cumhuriyet Ba\u015fsavc\u0131l\u0131\u011f\u0131, Zafer Partisi Genel Ba\u015fkan\u0131 \u00dcmit \u00d6zda\u011f hakk\u0131nda, partisinin il ba\u015fkanlar\u0131 toplant\u0131s\u0131nda Cumhurba\u015fkan\u0131 Recep Tayyip Erdo\u011fan\u2019a y\u00f6nelik sarf etti\u011fi s\u00f6zler nedeniyle soru\u015fturma ba\u015flatt\u0131.ANKARA (\u0130GFA) &#8211; Cumhurba\u015fkan\u0131 Erdo\u011fan&#8217;a sarf etti\u011fi s\u00f6zler dolay\u0131s\u0131yla hakk\u0131nda soru\u015fturma ba\u015flat\u0131lmas\u0131 \u00fczerine Zafer Partisi Genel Ba\u015fkan\u0131 \u00dcmit \u00d6zda\u011f&#8217;dan ilk a\u00e7\u0131klama geldi. Soru\u015fturma hakk\u0131nda sosyal medya hesab\u0131ndan a\u00e7\u0131klama yapan Genel Ba\u015fkan \u00dcmit \u00d6zda\u011f, s\u00f6z konusu konu\u015fman\u0131n Antalya\u2019da yap\u0131lan Zafer Partisi &hellip;","og_url":"https:\/\/denizcankizil.tr\/uk\/haberler\/gundem\/ozdaga-cumhurbaskanina-hakaretten-sorusturma\/","og_site_name":"Av. Deniz Can K\u0131z\u0131l","article_published_time":"2025-01-20T10:41:32+00:00","author":"admin","twitter_card":"summary_large_image","twitter_misc":{"\u041d\u0430\u043f\u0438\u0441\u0430\u043d\u043e":"admin","\u041f\u0440\u0438\u0431\u043b. \u0447\u0430\u0441 \u0447\u0438\u0442\u0430\u043d\u043d\u044f":"2 \u0445\u0432\u0438\u043b\u0438\u043d\u0438"},"schema":{"@context":"https:\/\/schema.org","@graph":[{"@type":"Article","@id":"https:\/\/denizcankizil.tr\/ru\/haberler\/gundem\/ozdaga-cumhurbaskanina-hakaretten-sorusturma\/#article","isPartOf":{"@id":"https:\/\/denizcankizil.tr\/ru\/haberler\/gundem\/ozdaga-cumhurbaskanina-hakaretten-sorusturma\/"},"author":{"name":"admin","@id":"https:\/\/denizcankizil.tr\/de\/#\/schema\/person\/be3c05fe6a12686905512445d8185489"},"headline":"\u00d6zda\u011f\u2019a Cumhurba\u015fkan\u0131na hakaretten soru\u015fturma","datePublished":"2025-01-20T10:41:32+00:00","mainEntityOfPage":{"@id":"https:\/\/denizcankizil.tr\/ru\/haberler\/gundem\/ozdaga-cumhurbaskanina-hakaretten-sorusturma\/"},"wordCount":474,"commentCount":0,"publisher":{"@id":"https:\/\/denizcankizil.tr\/de\/#organization"},"articleSection":["G\u00fcndem"],"inLanguage":"uk","potentialAction":[{"@type":"CommentAction","name":"Comment","target":["https:\/\/denizcankizil.tr\/ru\/haberler\/gundem\/ozdaga-cumhurbaskanina-hakaretten-sorusturma\/#respond"]}]},{"@type":"WebPage","@id":"https:\/\/denizcankizil.tr\/ru\/haberler\/gundem\/ozdaga-cumhurbaskanina-hakaretten-sorusturma\/","url":"https:\/\/denizcankizil.tr\/ru\/haberler\/gundem\/ozdaga-cumhurbaskanina-hakaretten-sorusturma\/","name":"\u00d6zda\u011f\u2019a Cumhurba\u015fkan\u0131na hakaretten soru\u015fturma - Av. Deniz Can K\u0131z\u0131l","isPartOf":{"@id":"https:\/\/denizcankizil.tr\/de\/#website"},"datePublished":"2025-01-20T10:41:32+00:00","breadcrumb":{"@id":"https:\/\/denizcankizil.tr\/ru\/haberler\/gundem\/ozdaga-cumhurbaskanina-hakaretten-sorusturma\/#breadcrumb"},"inLanguage":"uk","potentialAction":[{"@type":"ReadAction","target":["https:\/\/denizcankizil.tr\/ru\/haberler\/gundem\/ozdaga-cumhurbaskanina-hakaretten-sorusturma\/"]}]},{"@type":"BreadcrumbList","@id":"https:\/\/denizcankizil.tr\/ru\/haberler\/gundem\/ozdaga-cumhurbaskanina-hakaretten-sorusturma\/#breadcrumb","itemListElement":[{"@type":"ListItem","position":1,"name":"Home","item":"https:\/\/denizcankizil.tr\/de\/"},{"@type":"ListItem","position":2,"name":"\u00d6zda\u011f\u2019a Cumhurba\u015fkan\u0131na hakaretten soru\u015fturma"}]},{"@type":"WebSite","@id":"https:\/\/denizcankizil.tr\/de\/#website","url":"https:\/\/denizcankizil.tr\/de\/","name":"Av. Deniz Can K\u0131z\u0131l","description":"Avukat Deniz Can K\u0131z\u0131l Antalya Barosu","publisher":{"@id":"https:\/\/denizcankizil.tr\/de\/#organization"},"potentialAction":[{"@type":"SearchAction","target":{"@type":"EntryPoint","urlTemplate":"https:\/\/denizcankizil.tr\/de\/?s={search_term_string}"},"query-input":{"@type":"PropertyValueSpecification","valueRequired":true,"valueName":"search_term_string"}}],"inLanguage":"uk"},{"@type":"Organization","@id":"https:\/\/denizcankizil.tr\/de\/#organization","name":"Av. Deniz Can K\u0131z\u0131l","url":"https:\/\/denizcankizil.tr\/de\/","logo":{"@type":"ImageObject","inLanguage":"uk","@id":"https:\/\/denizcankizil.tr\/de\/#\/schema\/logo\/image\/","url":"http:\/\/denizcankizil.tr\/wp-content\/uploads\/2024\/10\/siyah-logo-svg.svg","contentUrl":"http:\/\/denizcankizil.tr\/wp-content\/uploads\/2024\/10\/siyah-logo-svg.svg","width":1080,"height":1080,"caption":"Av. Deniz Can K\u0131z\u0131l"},"image":{"@id":"https:\/\/denizcankizil.tr\/de\/#\/schema\/logo\/image\/"}},{"@type":"Person","@id":"https:\/\/denizcankizil.tr\/de\/#\/schema\/person\/be3c05fe6a12686905512445d8185489","name":"\u0430\u0434\u043c\u0456\u043d","image":{"@type":"ImageObject","inLanguage":"uk","@id":"https:\/\/denizcankizil.tr\/de\/#\/schema\/person\/image\/","url":"https:\/\/secure.gravatar.com\/avatar\/c1fce94c830dc79107e174f890d7210541c4a63e8e5d816341794a2151c9d58c?s=96&d=mm&r=g","contentUrl":"https:\/\/secure.gravatar.com\/avatar\/c1fce94c830dc79107e174f890d7210541c4a63e8e5d816341794a2151c9d58c?s=96&d=mm&r=g","caption":"admin"},"sameAs":["http:\/\/denizcankizil.tr"],"url":"https:\/\/www.iskenderun.org\/ozdaga-cumhurbaskanina-hakaretten-sorusturma"}]}},"_links":{"self":[{"href":"http:\/\/denizcankizil.tr\/uk\/wp-json\/wp\/v2\/posts\/26310","targetHints":{"allow":["GET"]}}],"collection":[{"href":"http:\/\/denizcankizil.tr\/uk\/wp-json\/wp\/v2\/posts"}],"about":[{"href":"http:\/\/denizcankizil.tr\/uk\/wp-json\/wp\/v2\/types\/post"}],"author":[{"embeddable":true,"href":"http:\/\/denizcankizil.tr\/uk\/wp-json\/wp\/v2\/users\/1"}],"replies":[{"embeddable":true,"href":"http:\/\/denizcankizil.tr\/uk\/wp-json\/wp\/v2\/comments?post=26310"}],"version-history":[{"count":0,"href":"http:\/\/denizcankizil.tr\/uk\/wp-json\/wp\/v2\/posts\/26310\/revisions"}],"wp:attachment":[{"href":"http:\/\/denizcankizil.tr\/uk\/wp-json\/wp\/v2\/media?parent=26310"}],"wp:term":[{"taxonomy":"category","embeddable":true,"href":"http:\/\/denizcankizil.tr\/uk\/wp-json\/wp\/v2\/categories?post=26310"},{"taxonomy":"post_tag","embeddable":true,"href":"http:\/\/denizcankizil.tr\/uk\/wp-json\/wp\/v2\/tags?post=26310"}],"curies":[{"name":"wp","href":"https:\/\/api.w.org\/{rel}","templated":true}]}}