{"id":2612,"date":"2024-10-14T21:28:24","date_gmt":"2024-10-14T18:28:24","guid":{"rendered":"https:\/\/denizcankizil.tr\/uncategorized\/hbb-itfaiye-ekipleri-yaralilari-kurtardi\/"},"modified":"2024-10-14T21:28:24","modified_gmt":"2024-10-14T18:28:24","slug":"hbb-itfaiye-ekipleri-yaralilari-kurtardi","status":"publish","type":"post","link":"http:\/\/denizcankizil.tr\/uk\/haberler\/gundem\/hbb-itfaiye-ekipleri-yaralilari-kurtardi\/","title":{"rendered":"HBB \u0130tfaiye Ekipleri, Yaral\u0131lar\u0131 Kurtard\u0131"},"content":{"rendered":"<p>Hatay B\u00fcy\u00fck\u015fehir Belediyesi \u0130tfaiye Daire Ba\u015fkanl\u0131\u011f\u0131na ba\u011fl\u0131 ekiplerin il genelinde acil m\u00fcdahale \u00e7al\u0131\u015fmalar\u0131yla vatanda\u015flar\u0131n g\u00fcvenli\u011fini sa\u011flamaya devam ediyor.<\/p>\n<p>Alt\u0131n\u00f6z\u00fc il\u00e7esinde s\u00fcr\u00fcc\u00fcs\u00fcn\u00fcn direksiyon h\u00e2kimiyetini kaybetmesi sonucu bir trakt\u00f6r devrildi. Olay yerine yeti\u015fen HBB \u0130tfaiye ekipleri meydana gelen trafik kazas\u0131nda biri a\u011f\u0131r d\u00f6rt yaral\u0131 vatanda\u015f kurtararak sa\u011fl\u0131k ekiplerine teslim etti.<\/p>\n<p>Bunun yan\u0131 s\u0131ra, \u0130skenderun A\u015fkarbeyli Mahallesi\u2019nde dereye d\u00fc\u015fen bir vatanda\u015f da HBB ekiplerinin \u00f6zverili \u00e7al\u0131\u015fmalar\u0131 sayesinde, bulundu\u011fu yerden g\u00fcvenli bir noktaya ta\u015f\u0131nd\u0131. Kurtar\u0131lan vatanda\u015flar, HBB \u0130tfaiye ekipleri taraf\u0131ndan sa\u011fl\u0131k ekiplerine teslim edilerek gerekli t\u0131bbi m\u00fcdahalelerin yap\u0131lmas\u0131 sa\u011fland\u0131.<\/p>\n<p>HBB \u0130tfaiye Dairesi Ba\u015fkanl\u0131\u011f\u0131, sadece yang\u0131nlarla m\u00fccadele etmediklerini, ayn\u0131 zamanda arama-kurtarma operasyonlar\u0131yla da vatanda\u015flar\u0131n can g\u00fcvenli\u011fini sa\u011flamak i\u00e7in s\u00fcrekli \u00e7al\u0131\u015fmalar y\u00fcr\u00fctt\u00fcklerini vurgulad\u0131.<\/p>\n<p>\u200bHatay\u2019\u0131n Alt\u0131n\u00f6z\u00fc il\u00e7esi Tepehan Mahallesi\u2019nde devrilen trakt\u00f6rde yaralanan biri a\u011f\u0131r d\u00f6rt vatanda\u015f\u0131, \u0130skenderun\u2019da da dereye d\u00fc\u015fen vatanda\u015f\u0131 itfaiye ekipleri kurtard\u0131.\u00a0<\/p>\n<p>\u200bHaberin Al\u0131nt\u0131land\u0131\u011f\u0131 Kaynak: www.iskenderun.org<\/p>","protected":false},"excerpt":{"rendered":"<p>Hatay B\u00fcy\u00fck\u015fehir Belediyesi \u0130tfaiye Daire Ba\u015fkanl\u0131\u011f\u0131na ba\u011fl\u0131 ekiplerin il genelinde acil m\u00fcdahale \u00e7al\u0131\u015fmalar\u0131yla vatanda\u015flar\u0131n g\u00fcvenli\u011fini sa\u011flamaya devam ediyor. Alt\u0131n\u00f6z\u00fc il\u00e7esinde s\u00fcr\u00fcc\u00fcs\u00fcn\u00fcn direksiyon h\u00e2kimiyetini kaybetmesi sonucu bir trakt\u00f6r devrildi. Olay yerine yeti\u015fen HBB \u0130tfaiye ekipleri meydana gelen trafik kazas\u0131nda biri a\u011f\u0131r d\u00f6rt yaral\u0131 vatanda\u015f kurtararak sa\u011fl\u0131k ekiplerine teslim etti. Bunun yan\u0131 s\u0131ra, \u0130skenderun A\u015fkarbeyli Mahallesi\u2019nde dereye d\u00fc\u015fen bir vatanda\u015f da HBB ekiplerinin \u00f6zverili \u00e7al\u0131\u015fmalar\u0131 sayesinde, bulundu\u011fu yerden g\u00fcvenli bir noktaya ta\u015f\u0131nd\u0131. Kurtar\u0131lan vatanda\u015flar, HBB \u0130tfaiye ekipleri taraf\u0131ndan sa\u011fl\u0131k ekiplerine teslim edilerek gerekli t\u0131bbi m\u00fcdahalelerin yap\u0131lmas\u0131 sa\u011fland\u0131. HBB \u0130tfaiye Dairesi Ba\u015fkanl\u0131\u011f\u0131, sadece yang\u0131nlarla m\u00fccadele etmediklerini, ayn\u0131 zamanda arama-kurtarma operasyonlar\u0131yla da vatanda\u015flar\u0131n can g\u00fcvenli\u011fini sa\u011flamak i\u00e7in s\u00fcrekli \u00e7al\u0131\u015fmalar y\u00fcr\u00fctt\u00fcklerini vurgulad\u0131. \u200bHatay\u2019\u0131n Alt\u0131n\u00f6z\u00fc il\u00e7esi Tepehan Mahallesi\u2019nde devrilen trakt\u00f6rde yaralanan biri a\u011f\u0131r d\u00f6rt vatanda\u015f\u0131, \u0130skenderun\u2019da da dereye d\u00fc\u015fen vatanda\u015f\u0131 itfaiye ekipleri kurtard\u0131.\u00a0 \u200bHaberin Al\u0131nt\u0131land\u0131\u011f\u0131 Kaynak: www.iskenderun.org<\/p>","protected":false},"author":0,"featured_media":0,"comment_status":"open","ping_status":"open","sticky":false,"template":"","format":"standard","meta":{"_acf_changed":false,"footnotes":""},"categories":[24],"tags":[],"class_list":["post-2612","post","type-post","status-publish","format-standard","has-post-thumbnail","hentry","category-gundem"],"acf":[],"yoast_head":"<!-- This site is optimized with the Yoast SEO Premium plugin v26.6 (Yoast SEO v27.1.1) - https:\/\/yoast.com\/product\/yoast-seo-premium-wordpress\/ -->\n<title>HBB \u0130tfaiye Ekipleri, Yaral\u0131lar\u0131 Kurtard\u0131 - Av. Deniz Can K\u0131z\u0131l<\/title>\n<meta name=\"robots\" content=\"index, follow, max-snippet:-1, max-image-preview:large, max-video-preview:-1\" \/>\n<link rel=\"canonical\" href=\"http:\/\/denizcankizil.tr\/uk\/haberler\/gundem\/hbb-itfaiye-ekipleri-yaralilari-kurtardi\/\" \/>\n<meta property=\"og:locale\" content=\"uk_UA\" \/>\n<meta property=\"og:type\" content=\"article\" \/>\n<meta property=\"og:title\" content=\"HBB \u0130tfaiye Ekipleri, Yaral\u0131lar\u0131 Kurtard\u0131\" \/>\n<meta property=\"og:description\" content=\"Hatay B\u00fcy\u00fck\u015fehir Belediyesi \u0130tfaiye Daire Ba\u015fkanl\u0131\u011f\u0131na ba\u011fl\u0131 ekiplerin il genelinde acil m\u00fcdahale \u00e7al\u0131\u015fmalar\u0131yla vatanda\u015flar\u0131n g\u00fcvenli\u011fini sa\u011flamaya devam ediyor. Alt\u0131n\u00f6z\u00fc il\u00e7esinde s\u00fcr\u00fcc\u00fcs\u00fcn\u00fcn direksiyon h\u00e2kimiyetini kaybetmesi sonucu bir trakt\u00f6r devrildi. Olay yerine yeti\u015fen HBB \u0130tfaiye ekipleri meydana gelen trafik kazas\u0131nda biri a\u011f\u0131r d\u00f6rt yaral\u0131 vatanda\u015f kurtararak sa\u011fl\u0131k ekiplerine teslim etti. Bunun yan\u0131 s\u0131ra, \u0130skenderun A\u015fkarbeyli Mahallesi\u2019nde dereye d\u00fc\u015fen bir vatanda\u015f da HBB ekiplerinin \u00f6zverili \u00e7al\u0131\u015fmalar\u0131 sayesinde, bulundu\u011fu yerden g\u00fcvenli bir noktaya ta\u015f\u0131nd\u0131. Kurtar\u0131lan vatanda\u015flar, HBB \u0130tfaiye ekipleri taraf\u0131ndan sa\u011fl\u0131k ekiplerine teslim edilerek gerekli t\u0131bbi m\u00fcdahalelerin yap\u0131lmas\u0131 sa\u011fland\u0131. HBB \u0130tfaiye Dairesi Ba\u015fkanl\u0131\u011f\u0131, sadece yang\u0131nlarla m\u00fccadele etmediklerini, ayn\u0131 zamanda arama-kurtarma operasyonlar\u0131yla da vatanda\u015flar\u0131n can g\u00fcvenli\u011fini sa\u011flamak i\u00e7in s\u00fcrekli \u00e7al\u0131\u015fmalar y\u00fcr\u00fctt\u00fcklerini vurgulad\u0131. \u200bHatay\u2019\u0131n Alt\u0131n\u00f6z\u00fc il\u00e7esi Tepehan Mahallesi\u2019nde devrilen trakt\u00f6rde yaralanan biri a\u011f\u0131r d\u00f6rt vatanda\u015f\u0131, \u0130skenderun\u2019da da dereye d\u00fc\u015fen vatanda\u015f\u0131 itfaiye ekipleri kurtard\u0131.\u00a0 \u200bHaberin Al\u0131nt\u0131land\u0131\u011f\u0131 Kaynak: www.iskenderun.org\" \/>\n<meta property=\"og:url\" content=\"http:\/\/denizcankizil.tr\/uk\/haberler\/gundem\/hbb-itfaiye-ekipleri-yaralilari-kurtardi\/\" \/>\n<meta property=\"og:site_name\" content=\"Av. Deniz Can K\u0131z\u0131l\" \/>\n<meta property=\"article:published_time\" content=\"2024-10-14T18:28:24+00:00\" \/>\n<meta name=\"twitter:card\" content=\"summary_large_image\" \/>\n<meta name=\"twitter:label1\" content=\"\u041f\u0440\u0438\u0431\u043b. \u0447\u0430\u0441 \u0447\u0438\u0442\u0430\u043d\u043d\u044f\" \/>\n\t<meta name=\"twitter:data1\" content=\"1 \u0445\u0432\u0438\u043b\u0438\u043d\u0430\" \/>\n<script type=\"application\/ld+json\" class=\"yoast-schema-graph\">{\"@context\":\"https:\/\/schema.org\",\"@graph\":[{\"@type\":\"Article\",\"@id\":\"http:\/\/denizcankizil.tr\/uk\/haberler\/gundem\/hbb-itfaiye-ekipleri-yaralilari-kurtardi\/#article\",\"isPartOf\":{\"@id\":\"http:\/\/denizcankizil.tr\/uk\/haberler\/gundem\/hbb-itfaiye-ekipleri-yaralilari-kurtardi\/\"},\"author\":{\"name\":\"\",\"@id\":\"\"},\"headline\":\"HBB \u0130tfaiye Ekipleri, Yaral\u0131lar\u0131 Kurtard\u0131\",\"datePublished\":\"2024-10-14T18:28:24+00:00\",\"mainEntityOfPage\":{\"@id\":\"http:\/\/denizcankizil.tr\/uk\/haberler\/gundem\/hbb-itfaiye-ekipleri-yaralilari-kurtardi\/\"},\"wordCount\":213,\"commentCount\":0,\"publisher\":{\"@id\":\"https:\/\/denizcankizil.tr\/#organization\"},\"articleSection\":[\"G\u00fcndem\"],\"inLanguage\":\"uk\",\"potentialAction\":[{\"@type\":\"CommentAction\",\"name\":\"Comment\",\"target\":[\"http:\/\/denizcankizil.tr\/uk\/haberler\/gundem\/hbb-itfaiye-ekipleri-yaralilari-kurtardi\/#respond\"]}]},{\"@type\":\"WebPage\",\"@id\":\"http:\/\/denizcankizil.tr\/uk\/haberler\/gundem\/hbb-itfaiye-ekipleri-yaralilari-kurtardi\/\",\"url\":\"http:\/\/denizcankizil.tr\/uk\/haberler\/gundem\/hbb-itfaiye-ekipleri-yaralilari-kurtardi\/\",\"name\":\"HBB \u0130tfaiye Ekipleri, Yaral\u0131lar\u0131 Kurtard\u0131 - Av. Deniz Can K\u0131z\u0131l\",\"isPartOf\":{\"@id\":\"https:\/\/denizcankizil.tr\/#website\"},\"datePublished\":\"2024-10-14T18:28:24+00:00\",\"breadcrumb\":{\"@id\":\"http:\/\/denizcankizil.tr\/uk\/haberler\/gundem\/hbb-itfaiye-ekipleri-yaralilari-kurtardi\/#breadcrumb\"},\"inLanguage\":\"uk\",\"potentialAction\":[{\"@type\":\"ReadAction\",\"target\":[\"http:\/\/denizcankizil.tr\/uk\/haberler\/gundem\/hbb-itfaiye-ekipleri-yaralilari-kurtardi\/\"]}]},{\"@type\":\"BreadcrumbList\",\"@id\":\"http:\/\/denizcankizil.tr\/uk\/haberler\/gundem\/hbb-itfaiye-ekipleri-yaralilari-kurtardi\/#breadcrumb\",\"itemListElement\":[{\"@type\":\"ListItem\",\"position\":1,\"name\":\"Home\",\"item\":\"https:\/\/denizcankizil.tr\/uk\/\"},{\"@type\":\"ListItem\",\"position\":2,\"name\":\"HBB \u0130tfaiye Ekipleri, Yaral\u0131lar\u0131 Kurtard\u0131\"}]},{\"@type\":\"WebSite\",\"@id\":\"https:\/\/denizcankizil.tr\/#website\",\"url\":\"https:\/\/denizcankizil.tr\/\",\"name\":\"Av. Deniz Can K\u0131z\u0131l\",\"description\":\"Avukat Deniz Can K\u0131z\u0131l Antalya Barosu\",\"publisher\":{\"@id\":\"https:\/\/denizcankizil.tr\/#organization\"},\"potentialAction\":[{\"@type\":\"SearchAction\",\"target\":{\"@type\":\"EntryPoint\",\"urlTemplate\":\"https:\/\/denizcankizil.tr\/?s={search_term_string}\"},\"query-input\":{\"@type\":\"PropertyValueSpecification\",\"valueRequired\":true,\"valueName\":\"search_term_string\"}}],\"inLanguage\":\"uk\"},{\"@type\":\"Organization\",\"@id\":\"https:\/\/denizcankizil.tr\/#organization\",\"name\":\"Av. Deniz Can K\u0131z\u0131l\",\"url\":\"https:\/\/denizcankizil.tr\/\",\"logo\":{\"@type\":\"ImageObject\",\"inLanguage\":\"uk\",\"@id\":\"https:\/\/denizcankizil.tr\/#\/schema\/logo\/image\/\",\"url\":\"http:\/\/denizcankizil.tr\/wp-content\/uploads\/2024\/10\/siyah-logo-svg.svg\",\"contentUrl\":\"http:\/\/denizcankizil.tr\/wp-content\/uploads\/2024\/10\/siyah-logo-svg.svg\",\"width\":1080,\"height\":1080,\"caption\":\"Av. Deniz Can K\u0131z\u0131l\"},\"image\":{\"@id\":\"https:\/\/denizcankizil.tr\/#\/schema\/logo\/image\/\"}}]}<\/script>\n<!-- \/ Yoast SEO Premium plugin. -->","yoast_head_json":{"title":"HBB \u0130tfaiye Ekipleri, Yaral\u0131lar\u0131 Kurtard\u0131 - Av. Deniz Can K\u0131z\u0131l","robots":{"index":"index","follow":"follow","max-snippet":"max-snippet:-1","max-image-preview":"max-image-preview:large","max-video-preview":"max-video-preview:-1"},"canonical":"http:\/\/denizcankizil.tr\/uk\/haberler\/gundem\/hbb-itfaiye-ekipleri-yaralilari-kurtardi\/","og_locale":"uk_UA","og_type":"article","og_title":"HBB \u0130tfaiye Ekipleri, Yaral\u0131lar\u0131 Kurtard\u0131","og_description":"Hatay B\u00fcy\u00fck\u015fehir Belediyesi \u0130tfaiye Daire Ba\u015fkanl\u0131\u011f\u0131na ba\u011fl\u0131 ekiplerin il genelinde acil m\u00fcdahale \u00e7al\u0131\u015fmalar\u0131yla vatanda\u015flar\u0131n g\u00fcvenli\u011fini sa\u011flamaya devam ediyor. Alt\u0131n\u00f6z\u00fc il\u00e7esinde s\u00fcr\u00fcc\u00fcs\u00fcn\u00fcn direksiyon h\u00e2kimiyetini kaybetmesi sonucu bir trakt\u00f6r devrildi. Olay yerine yeti\u015fen HBB \u0130tfaiye ekipleri meydana gelen trafik kazas\u0131nda biri a\u011f\u0131r d\u00f6rt yaral\u0131 vatanda\u015f kurtararak sa\u011fl\u0131k ekiplerine teslim etti. Bunun yan\u0131 s\u0131ra, \u0130skenderun A\u015fkarbeyli Mahallesi\u2019nde dereye d\u00fc\u015fen bir vatanda\u015f da HBB ekiplerinin \u00f6zverili \u00e7al\u0131\u015fmalar\u0131 sayesinde, bulundu\u011fu yerden g\u00fcvenli bir noktaya ta\u015f\u0131nd\u0131. Kurtar\u0131lan vatanda\u015flar, HBB \u0130tfaiye ekipleri taraf\u0131ndan sa\u011fl\u0131k ekiplerine teslim edilerek gerekli t\u0131bbi m\u00fcdahalelerin yap\u0131lmas\u0131 sa\u011fland\u0131. HBB \u0130tfaiye Dairesi Ba\u015fkanl\u0131\u011f\u0131, sadece yang\u0131nlarla m\u00fccadele etmediklerini, ayn\u0131 zamanda arama-kurtarma operasyonlar\u0131yla da vatanda\u015flar\u0131n can g\u00fcvenli\u011fini sa\u011flamak i\u00e7in s\u00fcrekli \u00e7al\u0131\u015fmalar y\u00fcr\u00fctt\u00fcklerini vurgulad\u0131. \u200bHatay\u2019\u0131n Alt\u0131n\u00f6z\u00fc il\u00e7esi Tepehan Mahallesi\u2019nde devrilen trakt\u00f6rde yaralanan biri a\u011f\u0131r d\u00f6rt vatanda\u015f\u0131, \u0130skenderun\u2019da da dereye d\u00fc\u015fen vatanda\u015f\u0131 itfaiye ekipleri kurtard\u0131.\u00a0 \u200bHaberin Al\u0131nt\u0131land\u0131\u011f\u0131 Kaynak: www.iskenderun.org","og_url":"http:\/\/denizcankizil.tr\/uk\/haberler\/gundem\/hbb-itfaiye-ekipleri-yaralilari-kurtardi\/","og_site_name":"Av. Deniz Can K\u0131z\u0131l","article_published_time":"2024-10-14T18:28:24+00:00","twitter_card":"summary_large_image","twitter_misc":{"\u041f\u0440\u0438\u0431\u043b. \u0447\u0430\u0441 \u0447\u0438\u0442\u0430\u043d\u043d\u044f":"1 \u0445\u0432\u0438\u043b\u0438\u043d\u0430"},"schema":{"@context":"https:\/\/schema.org","@graph":[{"@type":"Article","@id":"http:\/\/denizcankizil.tr\/uk\/haberler\/gundem\/hbb-itfaiye-ekipleri-yaralilari-kurtardi\/#article","isPartOf":{"@id":"http:\/\/denizcankizil.tr\/uk\/haberler\/gundem\/hbb-itfaiye-ekipleri-yaralilari-kurtardi\/"},"author":{"name":"","@id":""},"headline":"HBB \u0130tfaiye Ekipleri, Yaral\u0131lar\u0131 Kurtard\u0131","datePublished":"2024-10-14T18:28:24+00:00","mainEntityOfPage":{"@id":"http:\/\/denizcankizil.tr\/uk\/haberler\/gundem\/hbb-itfaiye-ekipleri-yaralilari-kurtardi\/"},"wordCount":213,"commentCount":0,"publisher":{"@id":"https:\/\/denizcankizil.tr\/#organization"},"articleSection":["G\u00fcndem"],"inLanguage":"uk","potentialAction":[{"@type":"CommentAction","name":"Comment","target":["http:\/\/denizcankizil.tr\/uk\/haberler\/gundem\/hbb-itfaiye-ekipleri-yaralilari-kurtardi\/#respond"]}]},{"@type":"WebPage","@id":"http:\/\/denizcankizil.tr\/uk\/haberler\/gundem\/hbb-itfaiye-ekipleri-yaralilari-kurtardi\/","url":"http:\/\/denizcankizil.tr\/uk\/haberler\/gundem\/hbb-itfaiye-ekipleri-yaralilari-kurtardi\/","name":"HBB \u0130tfaiye Ekipleri, Yaral\u0131lar\u0131 Kurtard\u0131 - Av. Deniz Can K\u0131z\u0131l","isPartOf":{"@id":"https:\/\/denizcankizil.tr\/#website"},"datePublished":"2024-10-14T18:28:24+00:00","breadcrumb":{"@id":"http:\/\/denizcankizil.tr\/uk\/haberler\/gundem\/hbb-itfaiye-ekipleri-yaralilari-kurtardi\/#breadcrumb"},"inLanguage":"uk","potentialAction":[{"@type":"ReadAction","target":["http:\/\/denizcankizil.tr\/uk\/haberler\/gundem\/hbb-itfaiye-ekipleri-yaralilari-kurtardi\/"]}]},{"@type":"BreadcrumbList","@id":"http:\/\/denizcankizil.tr\/uk\/haberler\/gundem\/hbb-itfaiye-ekipleri-yaralilari-kurtardi\/#breadcrumb","itemListElement":[{"@type":"ListItem","position":1,"name":"Home","item":"https:\/\/denizcankizil.tr\/uk\/"},{"@type":"ListItem","position":2,"name":"HBB \u0130tfaiye Ekipleri, Yaral\u0131lar\u0131 Kurtard\u0131"}]},{"@type":"WebSite","@id":"https:\/\/denizcankizil.tr\/#website","url":"https:\/\/denizcankizil.tr\/","name":"Av. Deniz Can K\u0131z\u0131l","description":"Avukat Deniz Can K\u0131z\u0131l Antalya Barosu","publisher":{"@id":"https:\/\/denizcankizil.tr\/#organization"},"potentialAction":[{"@type":"SearchAction","target":{"@type":"EntryPoint","urlTemplate":"https:\/\/denizcankizil.tr\/?s={search_term_string}"},"query-input":{"@type":"PropertyValueSpecification","valueRequired":true,"valueName":"search_term_string"}}],"inLanguage":"uk"},{"@type":"Organization","@id":"https:\/\/denizcankizil.tr\/#organization","name":"Av. Deniz Can K\u0131z\u0131l","url":"https:\/\/denizcankizil.tr\/","logo":{"@type":"ImageObject","inLanguage":"uk","@id":"https:\/\/denizcankizil.tr\/#\/schema\/logo\/image\/","url":"http:\/\/denizcankizil.tr\/wp-content\/uploads\/2024\/10\/siyah-logo-svg.svg","contentUrl":"http:\/\/denizcankizil.tr\/wp-content\/uploads\/2024\/10\/siyah-logo-svg.svg","width":1080,"height":1080,"caption":"Av. Deniz Can K\u0131z\u0131l"},"image":{"@id":"https:\/\/denizcankizil.tr\/#\/schema\/logo\/image\/"}}]}},"_links":{"self":[{"href":"http:\/\/denizcankizil.tr\/uk\/wp-json\/wp\/v2\/posts\/2612","targetHints":{"allow":["GET"]}}],"collection":[{"href":"http:\/\/denizcankizil.tr\/uk\/wp-json\/wp\/v2\/posts"}],"about":[{"href":"http:\/\/denizcankizil.tr\/uk\/wp-json\/wp\/v2\/types\/post"}],"replies":[{"embeddable":true,"href":"http:\/\/denizcankizil.tr\/uk\/wp-json\/wp\/v2\/comments?post=2612"}],"version-history":[{"count":0,"href":"http:\/\/denizcankizil.tr\/uk\/wp-json\/wp\/v2\/posts\/2612\/revisions"}],"wp:attachment":[{"href":"http:\/\/denizcankizil.tr\/uk\/wp-json\/wp\/v2\/media?parent=2612"}],"wp:term":[{"taxonomy":"category","embeddable":true,"href":"http:\/\/denizcankizil.tr\/uk\/wp-json\/wp\/v2\/categories?post=2612"},{"taxonomy":"post_tag","embeddable":true,"href":"http:\/\/denizcankizil.tr\/uk\/wp-json\/wp\/v2\/tags?post=2612"}],"curies":[{"name":"wp","href":"https:\/\/api.w.org\/{rel}","templated":true}]}}