{"id":25896,"date":"2025-01-17T19:41:21","date_gmt":"2025-01-17T16:41:21","guid":{"rendered":"https:\/\/denizcankizil.tr\/uncategorized-tr\/cumhurbaskani-erdogan-antalyaya-geliyor\/"},"modified":"2025-01-17T19:41:21","modified_gmt":"2025-01-17T16:41:21","slug":"cumhurbaskani-erdogan-antalyaya-geliyor","status":"publish","type":"post","link":"http:\/\/denizcankizil.tr\/uk\/haberler\/gundem\/cumhurbaskani-erdogan-antalyaya-geliyor\/","title":{"rendered":"Cumhurba\u015fkan\u0131 Erdo\u011fan Antalya\u2019ya geliyor"},"content":{"rendered":"<p>Tar\u0131m ve Orman Bakan\u0131 \u0130brahim Yumakl\u0131, AK Parti 7. Ola\u011fan Antalya \u0130l Gen\u00e7lik Kollar\u0131 Kongresi\u2019nde yapt\u0131\u011f\u0131 konu\u015fmada, Cumhurba\u015fkan\u0131 Recep Tayyip Erdo\u011fan\u2019\u0131n 31 Ocak Cuma g\u00fcn\u00fc AK Parti Antalya \u0130l Ba\u015fkanl\u0131\u011f\u0131 Kongresi\u2019ne kat\u0131laca\u011f\u0131n\u0131 a\u00e7\u0131klad\u0131. \u00a0<\/p>\n<p>BAKAN YUMAKLI ANTALYA\u2019YA GELD\u0130\u00a0<\/p>\n<p>Tar\u0131m ve Orman Bakan\u0131 \u0130brahim Yumakl\u0131, AK Parti 7. Ola\u011fan Antalya \u0130l Gen\u00e7lik Kollar\u0131 Kongresi\u2019ne kat\u0131ld\u0131. Bakan Yumakl\u0131, Mimar Sinan Kongre Merkezi\u2019nde gen\u00e7lerle bir araya geldi. Bakan Yumakl\u0131, AK Parti\u2019nin gen\u00e7lik kollar\u0131n\u0131n d\u00fcnya genelinde e\u015fine rastlanmayan bir te\u015fkilat oldu\u011funu belirterek, gen\u00e7lerin co\u015fkusu ve T\u00fcrkiye\u2019ye olan inan\u00e7lar\u0131n\u0131n partinin tarihi y\u00fcr\u00fcy\u00fc\u015f\u00fcne b\u00fcy\u00fck bir katk\u0131 sundu\u011funu ifade etti.\u00a0<\/p>\n<p>GEN\u00c7LERE SESLEND\u0130\u00a0<\/p>\n<p>Konu\u015fmas\u0131nda gen\u00e7li\u011fin \u00f6nemine de\u011finen Yumakl\u0131, \u201cGen\u00e7lik, insan hayat\u0131nda en verimli ve hedeflerine ok gibi y\u00f6neldi\u011fi d\u00f6nemdir. D\u00fcnyada bir milyon \u00fcyesi olan ba\u015fka bir gen\u00e7lik te\u015fkilat\u0131 yok. Cumhurba\u015fkan\u0131m\u0131z\u0131n liderli\u011finde s\u00fcren bu kutlu y\u00fcr\u00fcy\u00fc\u015fte sizin co\u015fkunuz ve T\u00fcrkiye a\u015fk\u0131n\u0131z\u0131n bu salonlara s\u0131\u011fmad\u0131\u011f\u0131n\u0131 biliyorum\u201d dedi.\u00a0<\/p>\n<p>\u201cBU YOLDA EN B\u00dcY\u00dcK G\u00dcVENCEM\u0130Z S\u0130Z GEN\u00c7LERS\u0130N\u0130Z\u201d<\/p>\n<p>AK Parti\u2019nin, milletin de\u011ferleriyle bar\u0131\u015f\u0131k bir siyasi anlay\u0131\u015f benimsedi\u011fini ifade eden Bakan Yumakl\u0131, \u201cAK Parti, milletine efendi de\u011fil hizmetkar olmay\u0131 \u015fiar edinmi\u015ftir. Milletimizin feraseti ve iradesiyle tarihi y\u00fcr\u00fcy\u00fc\u015f\u00fcm\u00fcz durdurulamam\u0131\u015ft\u0131r, durdurulamayacakt\u0131r. Cumhurba\u015fkan\u0131m\u0131z\u0131n \u00e7izdi\u011fi T\u00fcrkiye Y\u00fczy\u0131l\u0131 vizyonunu hayata ge\u00e7irmek i\u00e7in elimizden gelen her \u015feyi yapaca\u011f\u0131z. Bu yolda en b\u00fcy\u00fck g\u00fcvencemiz siz gen\u00e7lersiniz. Bu davan\u0131n bayraktarl\u0131\u011f\u0131n\u0131 siz yapacaks\u0131n\u0131z\u201d diye konu\u015ftu.<\/p>\n<p>CUMHURBA\u015eKANI ERDO\u011eAN ANTALYA\u2019YA GEL\u0130YOR\u00a0<\/p>\n<p>Cumhurba\u015fkan\u0131 Erdo\u011fan\u2019\u0131n 31 Ocak\u2019taki Antalya ziyaretine vurgu yapan Bakan Yumakl\u0131, \u201cCumhurba\u015fkan\u0131m\u0131z geldi\u011finde salondan \u00f6yle bir ses \u00e7\u0131ks\u0131n ki AK Parti&#8217;nin davas\u0131n\u0131 b\u00fct\u00fcn T\u00fcrkiye&#8217;ye, b\u00fct\u00fcn d\u00fcnyaya duyuracak kadar g\u00fc\u00e7l\u00fc olsun bu ses\u201d ifadelerini kulland\u0131.\u00a0<\/p>\n<p>\u200bAK Parti 7. Ola\u011fan Antalya \u0130l Gen\u00e7lik Kollar\u0131 Kongresi\u2019nde konu\u015fan Tar\u0131m ve Orman Bakan\u0131 \u0130brahim Yumakl\u0131, Cumhurba\u015fkan\u0131 Recep Tayyip Erdo\u011fan\u2019\u0131n 31 Ocak Cuma g\u00fcn\u00fc Antalya&#8217;ya gelece\u011fini a\u00e7\u0131klad\u0131\u00a0<\/p>\n<p>\u200bHaberin Al\u0131nt\u0131land\u0131\u011f\u0131 Kaynak: www.antalyakorfez.com<\/p>","protected":false},"excerpt":{"rendered":"<p>Tar\u0131m ve Orman Bakan\u0131 \u0130brahim Yumakl\u0131, AK Parti 7. Ola\u011fan Antalya \u0130l Gen\u00e7lik Kollar\u0131 Kongresi\u2019nde yapt\u0131\u011f\u0131 konu\u015fmada, Cumhurba\u015fkan\u0131 Recep Tayyip Erdo\u011fan\u2019\u0131n 31 Ocak Cuma g\u00fcn\u00fc AK Parti Antalya \u0130l Ba\u015fkanl\u0131\u011f\u0131 Kongresi\u2019ne kat\u0131laca\u011f\u0131n\u0131 a\u00e7\u0131klad\u0131. \u00a0 BAKAN YUMAKLI ANTALYA\u2019YA GELD\u0130\u00a0 Tar\u0131m ve Orman Bakan\u0131 \u0130brahim Yumakl\u0131, AK Parti 7. Ola\u011fan Antalya \u0130l Gen\u00e7lik Kollar\u0131 Kongresi\u2019ne kat\u0131ld\u0131. Bakan Yumakl\u0131, Mimar Sinan Kongre Merkezi\u2019nde gen\u00e7lerle bir araya geldi. Bakan Yumakl\u0131, AK Parti\u2019nin gen\u00e7lik kollar\u0131n\u0131n d\u00fcnya genelinde e\u015fine rastlanmayan bir te\u015fkilat oldu\u011funu belirterek, gen\u00e7lerin co\u015fkusu ve T\u00fcrkiye\u2019ye olan inan\u00e7lar\u0131n\u0131n partinin tarihi y\u00fcr\u00fcy\u00fc\u015f\u00fcne b\u00fcy\u00fck bir katk\u0131 sundu\u011funu ifade etti.\u00a0 GEN\u00c7LERE SESLEND\u0130\u00a0 Konu\u015fmas\u0131nda gen\u00e7li\u011fin \u00f6nemine de\u011finen Yumakl\u0131, \u201cGen\u00e7lik, insan hayat\u0131nda en verimli ve hedeflerine ok gibi y\u00f6neldi\u011fi d\u00f6nemdir. D\u00fcnyada bir milyon \u00fcyesi olan ba\u015fka bir gen\u00e7lik te\u015fkilat\u0131 yok. Cumhurba\u015fkan\u0131m\u0131z\u0131n liderli\u011finde s\u00fcren bu kutlu y\u00fcr\u00fcy\u00fc\u015fte sizin co\u015fkunuz ve T\u00fcrkiye a\u015fk\u0131n\u0131z\u0131n bu salonlara s\u0131\u011fmad\u0131\u011f\u0131n\u0131 biliyorum\u201d dedi.\u00a0 \u201cBU YOLDA EN B\u00dcY\u00dcK G\u00dcVENCEM\u0130Z S\u0130Z GEN\u00c7LERS\u0130N\u0130Z\u201d AK Parti\u2019nin, milletin de\u011ferleriyle bar\u0131\u015f\u0131k bir siyasi anlay\u0131\u015f benimsedi\u011fini ifade eden Bakan Yumakl\u0131, \u201cAK Parti, milletine efendi de\u011fil hizmetkar olmay\u0131 \u015fiar edinmi\u015ftir. Milletimizin feraseti ve iradesiyle tarihi y\u00fcr\u00fcy\u00fc\u015f\u00fcm\u00fcz durdurulamam\u0131\u015ft\u0131r, durdurulamayacakt\u0131r. Cumhurba\u015fkan\u0131m\u0131z\u0131n \u00e7izdi\u011fi T\u00fcrkiye Y\u00fczy\u0131l\u0131 vizyonunu hayata ge\u00e7irmek i\u00e7in elimizden gelen her \u015feyi yapaca\u011f\u0131z. Bu yolda en b\u00fcy\u00fck g\u00fcvencemiz siz gen\u00e7lersiniz. Bu davan\u0131n bayraktarl\u0131\u011f\u0131n\u0131 siz yapacaks\u0131n\u0131z\u201d diye &hellip;<\/p>","protected":false},"author":5,"featured_media":0,"comment_status":"open","ping_status":"open","sticky":false,"template":"","format":"standard","meta":{"_acf_changed":false,"footnotes":""},"categories":[24],"tags":[],"class_list":["post-25896","post","type-post","status-publish","format-standard","has-post-thumbnail","hentry","category-gundem"],"acf":[],"yoast_head":"<!-- This site is optimized with the Yoast SEO Premium plugin v26.6 (Yoast SEO v27.1.1) - https:\/\/yoast.com\/product\/yoast-seo-premium-wordpress\/ -->\n<title>Cumhurba\u015fkan\u0131 Erdo\u011fan Antalya\u2019ya geliyor - Av. Deniz Can K\u0131z\u0131l<\/title>\n<meta name=\"robots\" content=\"index, follow, max-snippet:-1, max-image-preview:large, max-video-preview:-1\" \/>\n<link rel=\"canonical\" href=\"http:\/\/denizcankizil.tr\/uk\/haberler\/gundem\/cumhurbaskani-erdogan-antalyaya-geliyor\/\" \/>\n<meta property=\"og:locale\" content=\"uk_UA\" \/>\n<meta property=\"og:type\" content=\"article\" \/>\n<meta property=\"og:title\" content=\"Cumhurba\u015fkan\u0131 Erdo\u011fan Antalya\u2019ya geliyor\" \/>\n<meta property=\"og:description\" content=\"Tar\u0131m ve Orman Bakan\u0131 \u0130brahim Yumakl\u0131, AK Parti 7. Ola\u011fan Antalya \u0130l Gen\u00e7lik Kollar\u0131 Kongresi\u2019nde yapt\u0131\u011f\u0131 konu\u015fmada, Cumhurba\u015fkan\u0131 Recep Tayyip Erdo\u011fan\u2019\u0131n 31 Ocak Cuma g\u00fcn\u00fc AK Parti Antalya \u0130l Ba\u015fkanl\u0131\u011f\u0131 Kongresi\u2019ne kat\u0131laca\u011f\u0131n\u0131 a\u00e7\u0131klad\u0131. \u00a0 BAKAN YUMAKLI ANTALYA\u2019YA GELD\u0130\u00a0 Tar\u0131m ve Orman Bakan\u0131 \u0130brahim Yumakl\u0131, AK Parti 7. Ola\u011fan Antalya \u0130l Gen\u00e7lik Kollar\u0131 Kongresi\u2019ne kat\u0131ld\u0131. Bakan Yumakl\u0131, Mimar Sinan Kongre Merkezi\u2019nde gen\u00e7lerle bir araya geldi. Bakan Yumakl\u0131, AK Parti\u2019nin gen\u00e7lik kollar\u0131n\u0131n d\u00fcnya genelinde e\u015fine rastlanmayan bir te\u015fkilat oldu\u011funu belirterek, gen\u00e7lerin co\u015fkusu ve T\u00fcrkiye\u2019ye olan inan\u00e7lar\u0131n\u0131n partinin tarihi y\u00fcr\u00fcy\u00fc\u015f\u00fcne b\u00fcy\u00fck bir katk\u0131 sundu\u011funu ifade etti.\u00a0 GEN\u00c7LERE SESLEND\u0130\u00a0 Konu\u015fmas\u0131nda gen\u00e7li\u011fin \u00f6nemine de\u011finen Yumakl\u0131, \u201cGen\u00e7lik, insan hayat\u0131nda en verimli ve hedeflerine ok gibi y\u00f6neldi\u011fi d\u00f6nemdir. D\u00fcnyada bir milyon \u00fcyesi olan ba\u015fka bir gen\u00e7lik te\u015fkilat\u0131 yok. Cumhurba\u015fkan\u0131m\u0131z\u0131n liderli\u011finde s\u00fcren bu kutlu y\u00fcr\u00fcy\u00fc\u015fte sizin co\u015fkunuz ve T\u00fcrkiye a\u015fk\u0131n\u0131z\u0131n bu salonlara s\u0131\u011fmad\u0131\u011f\u0131n\u0131 biliyorum\u201d dedi.\u00a0 \u201cBU YOLDA EN B\u00dcY\u00dcK G\u00dcVENCEM\u0130Z S\u0130Z GEN\u00c7LERS\u0130N\u0130Z\u201d AK Parti\u2019nin, milletin de\u011ferleriyle bar\u0131\u015f\u0131k bir siyasi anlay\u0131\u015f benimsedi\u011fini ifade eden Bakan Yumakl\u0131, \u201cAK Parti, milletine efendi de\u011fil hizmetkar olmay\u0131 \u015fiar edinmi\u015ftir. Milletimizin feraseti ve iradesiyle tarihi y\u00fcr\u00fcy\u00fc\u015f\u00fcm\u00fcz durdurulamam\u0131\u015ft\u0131r, durdurulamayacakt\u0131r. Cumhurba\u015fkan\u0131m\u0131z\u0131n \u00e7izdi\u011fi T\u00fcrkiye Y\u00fczy\u0131l\u0131 vizyonunu hayata ge\u00e7irmek i\u00e7in elimizden gelen her \u015feyi yapaca\u011f\u0131z. Bu yolda en b\u00fcy\u00fck g\u00fcvencemiz siz gen\u00e7lersiniz. Bu davan\u0131n bayraktarl\u0131\u011f\u0131n\u0131 siz yapacaks\u0131n\u0131z\u201d diye &hellip;\" \/>\n<meta property=\"og:url\" content=\"http:\/\/denizcankizil.tr\/uk\/haberler\/gundem\/cumhurbaskani-erdogan-antalyaya-geliyor\/\" \/>\n<meta property=\"og:site_name\" content=\"Av. Deniz Can K\u0131z\u0131l\" \/>\n<meta property=\"article:published_time\" content=\"2025-01-17T16:41:21+00:00\" \/>\n<meta name=\"author\" content=\"Antalya K\u00f6rfez\" \/>\n<meta name=\"twitter:card\" content=\"summary_large_image\" \/>\n<meta name=\"twitter:label1\" content=\"\u041d\u0430\u043f\u0438\u0441\u0430\u043d\u043e\" \/>\n\t<meta name=\"twitter:data1\" content=\"Antalya K\u00f6rfez\" \/>\n\t<meta name=\"twitter:label2\" content=\"\u041f\u0440\u0438\u0431\u043b. \u0447\u0430\u0441 \u0447\u0438\u0442\u0430\u043d\u043d\u044f\" \/>\n\t<meta name=\"twitter:data2\" content=\"2 \u0445\u0432\u0438\u043b\u0438\u043d\u0438\" \/>\n<script type=\"application\/ld+json\" class=\"yoast-schema-graph\">{\"@context\":\"https:\/\/schema.org\",\"@graph\":[{\"@type\":\"Article\",\"@id\":\"http:\/\/denizcankizil.tr\/uk\/haberler\/gundem\/cumhurbaskani-erdogan-antalyaya-geliyor\/#article\",\"isPartOf\":{\"@id\":\"http:\/\/denizcankizil.tr\/uk\/haberler\/gundem\/cumhurbaskani-erdogan-antalyaya-geliyor\/\"},\"author\":{\"name\":\"Antalya K\u00f6rfez\",\"@id\":\"https:\/\/denizcankizil.tr\/de\/#\/schema\/person\/e1eb71bb4dd684d46563f0af307e1234\"},\"headline\":\"Cumhurba\u015fkan\u0131 Erdo\u011fan Antalya\u2019ya geliyor\",\"datePublished\":\"2025-01-17T16:41:21+00:00\",\"mainEntityOfPage\":{\"@id\":\"http:\/\/denizcankizil.tr\/uk\/haberler\/gundem\/cumhurbaskani-erdogan-antalyaya-geliyor\/\"},\"wordCount\":424,\"commentCount\":0,\"publisher\":{\"@id\":\"https:\/\/denizcankizil.tr\/de\/#organization\"},\"articleSection\":[\"G\u00fcndem\"],\"inLanguage\":\"uk\",\"potentialAction\":[{\"@type\":\"CommentAction\",\"name\":\"Comment\",\"target\":[\"http:\/\/denizcankizil.tr\/uk\/haberler\/gundem\/cumhurbaskani-erdogan-antalyaya-geliyor\/#respond\"]}]},{\"@type\":\"WebPage\",\"@id\":\"http:\/\/denizcankizil.tr\/uk\/haberler\/gundem\/cumhurbaskani-erdogan-antalyaya-geliyor\/\",\"url\":\"http:\/\/denizcankizil.tr\/uk\/haberler\/gundem\/cumhurbaskani-erdogan-antalyaya-geliyor\/\",\"name\":\"Cumhurba\u015fkan\u0131 Erdo\u011fan Antalya\u2019ya geliyor - Av. Deniz Can K\u0131z\u0131l\",\"isPartOf\":{\"@id\":\"https:\/\/denizcankizil.tr\/de\/#website\"},\"datePublished\":\"2025-01-17T16:41:21+00:00\",\"breadcrumb\":{\"@id\":\"http:\/\/denizcankizil.tr\/uk\/haberler\/gundem\/cumhurbaskani-erdogan-antalyaya-geliyor\/#breadcrumb\"},\"inLanguage\":\"uk\",\"potentialAction\":[{\"@type\":\"ReadAction\",\"target\":[\"http:\/\/denizcankizil.tr\/uk\/haberler\/gundem\/cumhurbaskani-erdogan-antalyaya-geliyor\/\"]}]},{\"@type\":\"BreadcrumbList\",\"@id\":\"http:\/\/denizcankizil.tr\/uk\/haberler\/gundem\/cumhurbaskani-erdogan-antalyaya-geliyor\/#breadcrumb\",\"itemListElement\":[{\"@type\":\"ListItem\",\"position\":1,\"name\":\"Home\",\"item\":\"https:\/\/denizcankizil.tr\/de\/\"},{\"@type\":\"ListItem\",\"position\":2,\"name\":\"Cumhurba\u015fkan\u0131 Erdo\u011fan Antalya\u2019ya geliyor\"}]},{\"@type\":\"WebSite\",\"@id\":\"https:\/\/denizcankizil.tr\/de\/#website\",\"url\":\"https:\/\/denizcankizil.tr\/de\/\",\"name\":\"Av. Deniz Can K\u0131z\u0131l\",\"description\":\"Avukat Deniz Can K\u0131z\u0131l Antalya Barosu\",\"publisher\":{\"@id\":\"https:\/\/denizcankizil.tr\/de\/#organization\"},\"potentialAction\":[{\"@type\":\"SearchAction\",\"target\":{\"@type\":\"EntryPoint\",\"urlTemplate\":\"https:\/\/denizcankizil.tr\/de\/?s={search_term_string}\"},\"query-input\":{\"@type\":\"PropertyValueSpecification\",\"valueRequired\":true,\"valueName\":\"search_term_string\"}}],\"inLanguage\":\"uk\"},{\"@type\":\"Organization\",\"@id\":\"https:\/\/denizcankizil.tr\/de\/#organization\",\"name\":\"Av. Deniz Can K\u0131z\u0131l\",\"url\":\"https:\/\/denizcankizil.tr\/de\/\",\"logo\":{\"@type\":\"ImageObject\",\"inLanguage\":\"uk\",\"@id\":\"https:\/\/denizcankizil.tr\/de\/#\/schema\/logo\/image\/\",\"url\":\"http:\/\/denizcankizil.tr\/wp-content\/uploads\/2024\/10\/siyah-logo-svg.svg\",\"contentUrl\":\"http:\/\/denizcankizil.tr\/wp-content\/uploads\/2024\/10\/siyah-logo-svg.svg\",\"width\":1080,\"height\":1080,\"caption\":\"Av. Deniz Can K\u0131z\u0131l\"},\"image\":{\"@id\":\"https:\/\/denizcankizil.tr\/de\/#\/schema\/logo\/image\/\"}},{\"@type\":\"Person\",\"@id\":\"https:\/\/denizcankizil.tr\/de\/#\/schema\/person\/e1eb71bb4dd684d46563f0af307e1234\",\"name\":\"Antalya K\u00f6rfez\",\"image\":{\"@type\":\"ImageObject\",\"inLanguage\":\"uk\",\"@id\":\"https:\/\/denizcankizil.tr\/de\/#\/schema\/person\/image\/\",\"url\":\"https:\/\/secure.gravatar.com\/avatar\/42b01982558a48a0b501fdcab6a408d3717ea5919095ee2e67b0e521799c5905?s=96&d=mm&r=g\",\"contentUrl\":\"https:\/\/secure.gravatar.com\/avatar\/42b01982558a48a0b501fdcab6a408d3717ea5919095ee2e67b0e521799c5905?s=96&d=mm&r=g\",\"caption\":\"Antalya K\u00f6rfez\"},\"sameAs\":[\"http:\/\/www.antalyakorfez.com\"],\"url\":\"https:\/\/www.antalyakorfez.com\/cumhurbaskani-erdogan-antalyaya-geliyor\"}]}<\/script>\n<!-- \/ Yoast SEO Premium plugin. -->","yoast_head_json":{"title":"Cumhurba\u015fkan\u0131 Erdo\u011fan Antalya\u2019ya geliyor - Av. Deniz Can K\u0131z\u0131l","robots":{"index":"index","follow":"follow","max-snippet":"max-snippet:-1","max-image-preview":"max-image-preview:large","max-video-preview":"max-video-preview:-1"},"canonical":"http:\/\/denizcankizil.tr\/uk\/haberler\/gundem\/cumhurbaskani-erdogan-antalyaya-geliyor\/","og_locale":"uk_UA","og_type":"article","og_title":"Cumhurba\u015fkan\u0131 Erdo\u011fan Antalya\u2019ya geliyor","og_description":"Tar\u0131m ve Orman Bakan\u0131 \u0130brahim Yumakl\u0131, AK Parti 7. Ola\u011fan Antalya \u0130l Gen\u00e7lik Kollar\u0131 Kongresi\u2019nde yapt\u0131\u011f\u0131 konu\u015fmada, Cumhurba\u015fkan\u0131 Recep Tayyip Erdo\u011fan\u2019\u0131n 31 Ocak Cuma g\u00fcn\u00fc AK Parti Antalya \u0130l Ba\u015fkanl\u0131\u011f\u0131 Kongresi\u2019ne kat\u0131laca\u011f\u0131n\u0131 a\u00e7\u0131klad\u0131. \u00a0 BAKAN YUMAKLI ANTALYA\u2019YA GELD\u0130\u00a0 Tar\u0131m ve Orman Bakan\u0131 \u0130brahim Yumakl\u0131, AK Parti 7. Ola\u011fan Antalya \u0130l Gen\u00e7lik Kollar\u0131 Kongresi\u2019ne kat\u0131ld\u0131. Bakan Yumakl\u0131, Mimar Sinan Kongre Merkezi\u2019nde gen\u00e7lerle bir araya geldi. Bakan Yumakl\u0131, AK Parti\u2019nin gen\u00e7lik kollar\u0131n\u0131n d\u00fcnya genelinde e\u015fine rastlanmayan bir te\u015fkilat oldu\u011funu belirterek, gen\u00e7lerin co\u015fkusu ve T\u00fcrkiye\u2019ye olan inan\u00e7lar\u0131n\u0131n partinin tarihi y\u00fcr\u00fcy\u00fc\u015f\u00fcne b\u00fcy\u00fck bir katk\u0131 sundu\u011funu ifade etti.\u00a0 GEN\u00c7LERE SESLEND\u0130\u00a0 Konu\u015fmas\u0131nda gen\u00e7li\u011fin \u00f6nemine de\u011finen Yumakl\u0131, \u201cGen\u00e7lik, insan hayat\u0131nda en verimli ve hedeflerine ok gibi y\u00f6neldi\u011fi d\u00f6nemdir. D\u00fcnyada bir milyon \u00fcyesi olan ba\u015fka bir gen\u00e7lik te\u015fkilat\u0131 yok. Cumhurba\u015fkan\u0131m\u0131z\u0131n liderli\u011finde s\u00fcren bu kutlu y\u00fcr\u00fcy\u00fc\u015fte sizin co\u015fkunuz ve T\u00fcrkiye a\u015fk\u0131n\u0131z\u0131n bu salonlara s\u0131\u011fmad\u0131\u011f\u0131n\u0131 biliyorum\u201d dedi.\u00a0 \u201cBU YOLDA EN B\u00dcY\u00dcK G\u00dcVENCEM\u0130Z S\u0130Z GEN\u00c7LERS\u0130N\u0130Z\u201d AK Parti\u2019nin, milletin de\u011ferleriyle bar\u0131\u015f\u0131k bir siyasi anlay\u0131\u015f benimsedi\u011fini ifade eden Bakan Yumakl\u0131, \u201cAK Parti, milletine efendi de\u011fil hizmetkar olmay\u0131 \u015fiar edinmi\u015ftir. Milletimizin feraseti ve iradesiyle tarihi y\u00fcr\u00fcy\u00fc\u015f\u00fcm\u00fcz durdurulamam\u0131\u015ft\u0131r, durdurulamayacakt\u0131r. Cumhurba\u015fkan\u0131m\u0131z\u0131n \u00e7izdi\u011fi T\u00fcrkiye Y\u00fczy\u0131l\u0131 vizyonunu hayata ge\u00e7irmek i\u00e7in elimizden gelen her \u015feyi yapaca\u011f\u0131z. Bu yolda en b\u00fcy\u00fck g\u00fcvencemiz siz gen\u00e7lersiniz. Bu davan\u0131n bayraktarl\u0131\u011f\u0131n\u0131 siz yapacaks\u0131n\u0131z\u201d diye &hellip;","og_url":"http:\/\/denizcankizil.tr\/uk\/haberler\/gundem\/cumhurbaskani-erdogan-antalyaya-geliyor\/","og_site_name":"Av. Deniz Can K\u0131z\u0131l","article_published_time":"2025-01-17T16:41:21+00:00","author":"Antalya K\u00f6rfez","twitter_card":"summary_large_image","twitter_misc":{"\u041d\u0430\u043f\u0438\u0441\u0430\u043d\u043e":"Antalya K\u00f6rfez","\u041f\u0440\u0438\u0431\u043b. \u0447\u0430\u0441 \u0447\u0438\u0442\u0430\u043d\u043d\u044f":"2 \u0445\u0432\u0438\u043b\u0438\u043d\u0438"},"schema":{"@context":"https:\/\/schema.org","@graph":[{"@type":"Article","@id":"http:\/\/denizcankizil.tr\/uk\/haberler\/gundem\/cumhurbaskani-erdogan-antalyaya-geliyor\/#article","isPartOf":{"@id":"http:\/\/denizcankizil.tr\/uk\/haberler\/gundem\/cumhurbaskani-erdogan-antalyaya-geliyor\/"},"author":{"name":"Antalya K\u00f6rfez","@id":"https:\/\/denizcankizil.tr\/de\/#\/schema\/person\/e1eb71bb4dd684d46563f0af307e1234"},"headline":"Cumhurba\u015fkan\u0131 Erdo\u011fan Antalya\u2019ya geliyor","datePublished":"2025-01-17T16:41:21+00:00","mainEntityOfPage":{"@id":"http:\/\/denizcankizil.tr\/uk\/haberler\/gundem\/cumhurbaskani-erdogan-antalyaya-geliyor\/"},"wordCount":424,"commentCount":0,"publisher":{"@id":"https:\/\/denizcankizil.tr\/de\/#organization"},"articleSection":["G\u00fcndem"],"inLanguage":"uk","potentialAction":[{"@type":"CommentAction","name":"Comment","target":["http:\/\/denizcankizil.tr\/uk\/haberler\/gundem\/cumhurbaskani-erdogan-antalyaya-geliyor\/#respond"]}]},{"@type":"WebPage","@id":"http:\/\/denizcankizil.tr\/uk\/haberler\/gundem\/cumhurbaskani-erdogan-antalyaya-geliyor\/","url":"http:\/\/denizcankizil.tr\/uk\/haberler\/gundem\/cumhurbaskani-erdogan-antalyaya-geliyor\/","name":"Cumhurba\u015fkan\u0131 Erdo\u011fan Antalya\u2019ya geliyor - Av. Deniz Can K\u0131z\u0131l","isPartOf":{"@id":"https:\/\/denizcankizil.tr\/de\/#website"},"datePublished":"2025-01-17T16:41:21+00:00","breadcrumb":{"@id":"http:\/\/denizcankizil.tr\/uk\/haberler\/gundem\/cumhurbaskani-erdogan-antalyaya-geliyor\/#breadcrumb"},"inLanguage":"uk","potentialAction":[{"@type":"ReadAction","target":["http:\/\/denizcankizil.tr\/uk\/haberler\/gundem\/cumhurbaskani-erdogan-antalyaya-geliyor\/"]}]},{"@type":"BreadcrumbList","@id":"http:\/\/denizcankizil.tr\/uk\/haberler\/gundem\/cumhurbaskani-erdogan-antalyaya-geliyor\/#breadcrumb","itemListElement":[{"@type":"ListItem","position":1,"name":"Home","item":"https:\/\/denizcankizil.tr\/de\/"},{"@type":"ListItem","position":2,"name":"Cumhurba\u015fkan\u0131 Erdo\u011fan Antalya\u2019ya geliyor"}]},{"@type":"WebSite","@id":"https:\/\/denizcankizil.tr\/de\/#website","url":"https:\/\/denizcankizil.tr\/de\/","name":"Av. Deniz Can K\u0131z\u0131l","description":"Avukat Deniz Can K\u0131z\u0131l Antalya Barosu","publisher":{"@id":"https:\/\/denizcankizil.tr\/de\/#organization"},"potentialAction":[{"@type":"SearchAction","target":{"@type":"EntryPoint","urlTemplate":"https:\/\/denizcankizil.tr\/de\/?s={search_term_string}"},"query-input":{"@type":"PropertyValueSpecification","valueRequired":true,"valueName":"search_term_string"}}],"inLanguage":"uk"},{"@type":"Organization","@id":"https:\/\/denizcankizil.tr\/de\/#organization","name":"Av. Deniz Can K\u0131z\u0131l","url":"https:\/\/denizcankizil.tr\/de\/","logo":{"@type":"ImageObject","inLanguage":"uk","@id":"https:\/\/denizcankizil.tr\/de\/#\/schema\/logo\/image\/","url":"http:\/\/denizcankizil.tr\/wp-content\/uploads\/2024\/10\/siyah-logo-svg.svg","contentUrl":"http:\/\/denizcankizil.tr\/wp-content\/uploads\/2024\/10\/siyah-logo-svg.svg","width":1080,"height":1080,"caption":"Av. Deniz Can K\u0131z\u0131l"},"image":{"@id":"https:\/\/denizcankizil.tr\/de\/#\/schema\/logo\/image\/"}},{"@type":"Person","@id":"https:\/\/denizcankizil.tr\/de\/#\/schema\/person\/e1eb71bb4dd684d46563f0af307e1234","name":"Antalya K\u00f6rfez","image":{"@type":"ImageObject","inLanguage":"uk","@id":"https:\/\/denizcankizil.tr\/de\/#\/schema\/person\/image\/","url":"https:\/\/secure.gravatar.com\/avatar\/42b01982558a48a0b501fdcab6a408d3717ea5919095ee2e67b0e521799c5905?s=96&d=mm&r=g","contentUrl":"https:\/\/secure.gravatar.com\/avatar\/42b01982558a48a0b501fdcab6a408d3717ea5919095ee2e67b0e521799c5905?s=96&d=mm&r=g","caption":"Antalya K\u00f6rfez"},"sameAs":["http:\/\/www.antalyakorfez.com"],"url":"https:\/\/www.antalyakorfez.com\/cumhurbaskani-erdogan-antalyaya-geliyor"}]}},"_links":{"self":[{"href":"http:\/\/denizcankizil.tr\/uk\/wp-json\/wp\/v2\/posts\/25896","targetHints":{"allow":["GET"]}}],"collection":[{"href":"http:\/\/denizcankizil.tr\/uk\/wp-json\/wp\/v2\/posts"}],"about":[{"href":"http:\/\/denizcankizil.tr\/uk\/wp-json\/wp\/v2\/types\/post"}],"author":[{"embeddable":true,"href":"http:\/\/denizcankizil.tr\/uk\/wp-json\/wp\/v2\/users\/5"}],"replies":[{"embeddable":true,"href":"http:\/\/denizcankizil.tr\/uk\/wp-json\/wp\/v2\/comments?post=25896"}],"version-history":[{"count":0,"href":"http:\/\/denizcankizil.tr\/uk\/wp-json\/wp\/v2\/posts\/25896\/revisions"}],"wp:attachment":[{"href":"http:\/\/denizcankizil.tr\/uk\/wp-json\/wp\/v2\/media?parent=25896"}],"wp:term":[{"taxonomy":"category","embeddable":true,"href":"http:\/\/denizcankizil.tr\/uk\/wp-json\/wp\/v2\/categories?post=25896"},{"taxonomy":"post_tag","embeddable":true,"href":"http:\/\/denizcankizil.tr\/uk\/wp-json\/wp\/v2\/tags?post=25896"}],"curies":[{"name":"wp","href":"https:\/\/api.w.org\/{rel}","templated":true}]}}