{"id":25787,"date":"2025-01-17T10:42:23","date_gmt":"2025-01-17T07:42:23","guid":{"rendered":"https:\/\/denizcankizil.tr\/uncategorized-tr\/ehliyetsiz-surucu-kazaya-sebep-oldu\/"},"modified":"2025-01-17T10:42:23","modified_gmt":"2025-01-17T07:42:23","slug":"ehliyetsiz-surucu-kazaya-sebep-oldu","status":"publish","type":"post","link":"http:\/\/denizcankizil.tr\/uk\/haberler\/gundem\/ehliyetsiz-surucu-kazaya-sebep-oldu\/","title":{"rendered":"Ehliyetsiz s\u00fcr\u00fcc\u00fc kazaya sebep oldu!"},"content":{"rendered":"<p>Ad\u0131yaman&#8217;da ehliyetsiz s\u00fcr\u00fcc\u00fc elektrikli bisiklet s\u00fcr\u00fcc\u00fcs\u00fcne \u00e7arpt\u0131.<br \/>\nADIYAMAN (\u0130GFA) &#8211; Ad\u0131yaman\u2019\u0131n Alt\u0131n\u015fehir Mahallesi\u2019nde bulunan Alt\u0131n\u015fehir K\u00f6pr\u00fcs\u00fc \u00fczerinde meydana gelen kazada, 17 ya\u015f\u0131ndaki ehliyetsiz bir s\u00fcr\u00fcc\u00fc, 02 ER 079 plakal\u0131 ara\u00e7 ile seyir halindeyken, elektrikli bisiklet s\u00fcr\u00fcc\u00fcs\u00fcne arkadan \u00e7arpt\u0131. \u00c7arpman\u0131n etkisiyle bisiklet s\u00fcr\u00fcc\u00fcs\u00fc Ebubekir Ay\u0131k (44), metrelerce s\u00fcr\u00fcklendi ve a\u011f\u0131r yaraland\u0131. Sa\u011fl\u0131k ekiplerinin h\u0131zla olay yerine intikal etmesiyle Ay\u0131k, ilk m\u00fcdahalesinin ard\u0131ndan hastaneye kald\u0131r\u0131ld\u0131. Doktorlar, yaral\u0131n\u0131n hayati tehlikesinin devam etti\u011fini belirtti. Kazayla ilgili soru\u015fturma ba\u015flat\u0131l\u0131rken, 17 ya\u015f\u0131ndaki ehliyetsiz s\u00fcr\u00fcc\u00fcn\u00fcn ifadesi al\u0131nmak \u00fczere polis merkezine g\u00f6t\u00fcr\u00fcld\u00fc\u011f\u00fc \u00f6\u011frenildi.<\/p>\n<p>\u200bAd\u0131yaman&#8217;da ehliyetsiz s\u00fcr\u00fcc\u00fc elektrikli bisiklet s\u00fcr\u00fcc\u00fcs\u00fcne \u00e7arpt\u0131.<br \/>\nADIYAMAN (\u0130GFA) &#8211; Ad\u0131yaman\u2019\u0131n Alt\u0131n\u015fehir Mahallesi\u2019nde bulunan Alt\u0131n\u015fehir K\u00f6pr\u00fcs\u00fc \u00fczerinde meydana gelen kazada, 17 ya\u015f\u0131ndaki ehliyetsiz bir s\u00fcr\u00fcc\u00fc, 02 ER 079 plakal\u0131 ara\u00e7 ile seyir halindeyken, elektrikli bisiklet s\u00fcr\u00fcc\u00fcs\u00fcne arkadan \u00e7arpt\u0131. \u00c7arpman\u0131n etkisiyle bisiklet s\u00fcr\u00fcc\u00fcs\u00fc Ebubekir Ay\u0131k (44), metrelerce s\u00fcr\u00fcklendi ve a\u011f\u0131r yaraland\u0131. Sa\u011fl\u0131k ekiplerinin h\u0131zla olay yerine intikal etmesiyle Ay\u0131k, ilk m\u00fcdahalesinin ard\u0131ndan hastaneye kald\u0131r\u0131ld\u0131. Doktorlar, yaral\u0131n\u0131n hayati tehlikesinin devam etti\u011fini belirtti. Kazayla ilgili soru\u015fturma ba\u015flat\u0131l\u0131rken, 17 ya\u015f\u0131ndaki ehliyetsiz s\u00fcr\u00fcc\u00fcn\u00fcn ifadesi al\u0131nmak \u00fczere polis merkezine g\u00f6t\u00fcr\u00fcld\u00fc\u011f\u00fc \u00f6\u011frenildi.\u00a0<\/p>\n<p>\u200bHaberin Al\u0131nt\u0131land\u0131\u011f\u0131 Kaynak: www.iskenderun.org<\/p>","protected":false},"excerpt":{"rendered":"<p>Ad\u0131yaman&#8217;da ehliyetsiz s\u00fcr\u00fcc\u00fc elektrikli bisiklet s\u00fcr\u00fcc\u00fcs\u00fcne \u00e7arpt\u0131. ADIYAMAN (\u0130GFA) &#8211; Ad\u0131yaman\u2019\u0131n Alt\u0131n\u015fehir Mahallesi\u2019nde bulunan Alt\u0131n\u015fehir K\u00f6pr\u00fcs\u00fc \u00fczerinde meydana gelen kazada, 17 ya\u015f\u0131ndaki ehliyetsiz bir s\u00fcr\u00fcc\u00fc, 02 ER 079 plakal\u0131 ara\u00e7 ile seyir halindeyken, elektrikli bisiklet s\u00fcr\u00fcc\u00fcs\u00fcne arkadan \u00e7arpt\u0131. \u00c7arpman\u0131n etkisiyle bisiklet s\u00fcr\u00fcc\u00fcs\u00fc Ebubekir Ay\u0131k (44), metrelerce s\u00fcr\u00fcklendi ve a\u011f\u0131r yaraland\u0131. Sa\u011fl\u0131k ekiplerinin h\u0131zla olay yerine intikal etmesiyle Ay\u0131k, ilk m\u00fcdahalesinin ard\u0131ndan hastaneye kald\u0131r\u0131ld\u0131. Doktorlar, yaral\u0131n\u0131n hayati tehlikesinin devam etti\u011fini belirtti. Kazayla ilgili soru\u015fturma ba\u015flat\u0131l\u0131rken, 17 ya\u015f\u0131ndaki ehliyetsiz s\u00fcr\u00fcc\u00fcn\u00fcn ifadesi al\u0131nmak \u00fczere polis merkezine g\u00f6t\u00fcr\u00fcld\u00fc\u011f\u00fc \u00f6\u011frenildi. \u200bAd\u0131yaman&#8217;da ehliyetsiz s\u00fcr\u00fcc\u00fc elektrikli bisiklet s\u00fcr\u00fcc\u00fcs\u00fcne \u00e7arpt\u0131. ADIYAMAN (\u0130GFA) &#8211; Ad\u0131yaman\u2019\u0131n Alt\u0131n\u015fehir Mahallesi\u2019nde bulunan Alt\u0131n\u015fehir K\u00f6pr\u00fcs\u00fc \u00fczerinde meydana gelen kazada, 17 ya\u015f\u0131ndaki ehliyetsiz bir s\u00fcr\u00fcc\u00fc, 02 ER 079 plakal\u0131 ara\u00e7 ile seyir halindeyken, elektrikli bisiklet s\u00fcr\u00fcc\u00fcs\u00fcne arkadan \u00e7arpt\u0131. \u00c7arpman\u0131n etkisiyle bisiklet s\u00fcr\u00fcc\u00fcs\u00fc Ebubekir Ay\u0131k (44), metrelerce s\u00fcr\u00fcklendi ve a\u011f\u0131r yaraland\u0131. Sa\u011fl\u0131k ekiplerinin h\u0131zla olay yerine intikal etmesiyle Ay\u0131k, ilk m\u00fcdahalesinin ard\u0131ndan hastaneye kald\u0131r\u0131ld\u0131. Doktorlar, yaral\u0131n\u0131n hayati tehlikesinin devam etti\u011fini belirtti. Kazayla ilgili soru\u015fturma ba\u015flat\u0131l\u0131rken, 17 ya\u015f\u0131ndaki ehliyetsiz s\u00fcr\u00fcc\u00fcn\u00fcn ifadesi al\u0131nmak \u00fczere polis merkezine g\u00f6t\u00fcr\u00fcld\u00fc\u011f\u00fc \u00f6\u011frenildi.\u00a0 \u200bHaberin Al\u0131nt\u0131land\u0131\u011f\u0131 Kaynak: www.iskenderun.org<\/p>","protected":false},"author":1,"featured_media":0,"comment_status":"open","ping_status":"open","sticky":false,"template":"","format":"standard","meta":{"_acf_changed":false,"footnotes":""},"categories":[24],"tags":[],"class_list":["post-25787","post","type-post","status-publish","format-standard","has-post-thumbnail","hentry","category-gundem"],"acf":[],"yoast_head":"<!-- This site is optimized with the Yoast SEO Premium plugin v26.6 (Yoast SEO v27.1.1) - https:\/\/yoast.com\/product\/yoast-seo-premium-wordpress\/ -->\n<title>Ehliyetsiz s\u00fcr\u00fcc\u00fc kazaya sebep oldu! - Av. Deniz Can K\u0131z\u0131l<\/title>\n<meta name=\"robots\" content=\"index, follow, max-snippet:-1, max-image-preview:large, max-video-preview:-1\" \/>\n<link rel=\"canonical\" href=\"https:\/\/denizcankizil.tr\/uk\/haberler\/gundem\/ehliyetsiz-surucu-kazaya-sebep-oldu\/\" \/>\n<meta property=\"og:locale\" content=\"uk_UA\" \/>\n<meta property=\"og:type\" content=\"article\" \/>\n<meta property=\"og:title\" content=\"Ehliyetsiz s\u00fcr\u00fcc\u00fc kazaya sebep oldu!\" \/>\n<meta property=\"og:description\" content=\"Ad\u0131yaman&#8217;da ehliyetsiz s\u00fcr\u00fcc\u00fc elektrikli bisiklet s\u00fcr\u00fcc\u00fcs\u00fcne \u00e7arpt\u0131. ADIYAMAN (\u0130GFA) &#8211; Ad\u0131yaman\u2019\u0131n Alt\u0131n\u015fehir Mahallesi\u2019nde bulunan Alt\u0131n\u015fehir K\u00f6pr\u00fcs\u00fc \u00fczerinde meydana gelen kazada, 17 ya\u015f\u0131ndaki ehliyetsiz bir s\u00fcr\u00fcc\u00fc, 02 ER 079 plakal\u0131 ara\u00e7 ile seyir halindeyken, elektrikli bisiklet s\u00fcr\u00fcc\u00fcs\u00fcne arkadan \u00e7arpt\u0131. \u00c7arpman\u0131n etkisiyle bisiklet s\u00fcr\u00fcc\u00fcs\u00fc Ebubekir Ay\u0131k (44), metrelerce s\u00fcr\u00fcklendi ve a\u011f\u0131r yaraland\u0131. Sa\u011fl\u0131k ekiplerinin h\u0131zla olay yerine intikal etmesiyle Ay\u0131k, ilk m\u00fcdahalesinin ard\u0131ndan hastaneye kald\u0131r\u0131ld\u0131. Doktorlar, yaral\u0131n\u0131n hayati tehlikesinin devam etti\u011fini belirtti. Kazayla ilgili soru\u015fturma ba\u015flat\u0131l\u0131rken, 17 ya\u015f\u0131ndaki ehliyetsiz s\u00fcr\u00fcc\u00fcn\u00fcn ifadesi al\u0131nmak \u00fczere polis merkezine g\u00f6t\u00fcr\u00fcld\u00fc\u011f\u00fc \u00f6\u011frenildi. \u200bAd\u0131yaman&#8217;da ehliyetsiz s\u00fcr\u00fcc\u00fc elektrikli bisiklet s\u00fcr\u00fcc\u00fcs\u00fcne \u00e7arpt\u0131. ADIYAMAN (\u0130GFA) &#8211; Ad\u0131yaman\u2019\u0131n Alt\u0131n\u015fehir Mahallesi\u2019nde bulunan Alt\u0131n\u015fehir K\u00f6pr\u00fcs\u00fc \u00fczerinde meydana gelen kazada, 17 ya\u015f\u0131ndaki ehliyetsiz bir s\u00fcr\u00fcc\u00fc, 02 ER 079 plakal\u0131 ara\u00e7 ile seyir halindeyken, elektrikli bisiklet s\u00fcr\u00fcc\u00fcs\u00fcne arkadan \u00e7arpt\u0131. \u00c7arpman\u0131n etkisiyle bisiklet s\u00fcr\u00fcc\u00fcs\u00fc Ebubekir Ay\u0131k (44), metrelerce s\u00fcr\u00fcklendi ve a\u011f\u0131r yaraland\u0131. Sa\u011fl\u0131k ekiplerinin h\u0131zla olay yerine intikal etmesiyle Ay\u0131k, ilk m\u00fcdahalesinin ard\u0131ndan hastaneye kald\u0131r\u0131ld\u0131. Doktorlar, yaral\u0131n\u0131n hayati tehlikesinin devam etti\u011fini belirtti. Kazayla ilgili soru\u015fturma ba\u015flat\u0131l\u0131rken, 17 ya\u015f\u0131ndaki ehliyetsiz s\u00fcr\u00fcc\u00fcn\u00fcn ifadesi al\u0131nmak \u00fczere polis merkezine g\u00f6t\u00fcr\u00fcld\u00fc\u011f\u00fc \u00f6\u011frenildi.\u00a0 \u200bHaberin Al\u0131nt\u0131land\u0131\u011f\u0131 Kaynak: www.iskenderun.org\" \/>\n<meta property=\"og:url\" content=\"https:\/\/denizcankizil.tr\/uk\/haberler\/gundem\/ehliyetsiz-surucu-kazaya-sebep-oldu\/\" \/>\n<meta property=\"og:site_name\" content=\"Av. Deniz Can K\u0131z\u0131l\" \/>\n<meta property=\"article:published_time\" content=\"2025-01-17T07:42:23+00:00\" \/>\n<meta name=\"author\" content=\"admin\" \/>\n<meta name=\"twitter:card\" content=\"summary_large_image\" \/>\n<meta name=\"twitter:label1\" content=\"\u041d\u0430\u043f\u0438\u0441\u0430\u043d\u043e\" \/>\n\t<meta name=\"twitter:data1\" content=\"admin\" \/>\n\t<meta name=\"twitter:label2\" content=\"\u041f\u0440\u0438\u0431\u043b. \u0447\u0430\u0441 \u0447\u0438\u0442\u0430\u043d\u043d\u044f\" \/>\n\t<meta name=\"twitter:data2\" content=\"1 \u0445\u0432\u0438\u043b\u0438\u043d\u0430\" \/>\n<script type=\"application\/ld+json\" class=\"yoast-schema-graph\">{\"@context\":\"https:\/\/schema.org\",\"@graph\":[{\"@type\":\"Article\",\"@id\":\"https:\/\/denizcankizil.tr\/de\/haberler\/gundem\/ehliyetsiz-surucu-kazaya-sebep-oldu\/#article\",\"isPartOf\":{\"@id\":\"https:\/\/denizcankizil.tr\/de\/haberler\/gundem\/ehliyetsiz-surucu-kazaya-sebep-oldu\/\"},\"author\":{\"name\":\"admin\",\"@id\":\"https:\/\/denizcankizil.tr\/de\/#\/schema\/person\/be3c05fe6a12686905512445d8185489\"},\"headline\":\"Ehliyetsiz s\u00fcr\u00fcc\u00fc kazaya sebep oldu!\",\"datePublished\":\"2025-01-17T07:42:23+00:00\",\"mainEntityOfPage\":{\"@id\":\"https:\/\/denizcankizil.tr\/de\/haberler\/gundem\/ehliyetsiz-surucu-kazaya-sebep-oldu\/\"},\"wordCount\":287,\"commentCount\":0,\"publisher\":{\"@id\":\"https:\/\/denizcankizil.tr\/de\/#organization\"},\"articleSection\":[\"G\u00fcndem\"],\"inLanguage\":\"uk\",\"potentialAction\":[{\"@type\":\"CommentAction\",\"name\":\"Comment\",\"target\":[\"https:\/\/denizcankizil.tr\/de\/haberler\/gundem\/ehliyetsiz-surucu-kazaya-sebep-oldu\/#respond\"]}]},{\"@type\":\"WebPage\",\"@id\":\"https:\/\/denizcankizil.tr\/de\/haberler\/gundem\/ehliyetsiz-surucu-kazaya-sebep-oldu\/\",\"url\":\"https:\/\/denizcankizil.tr\/de\/haberler\/gundem\/ehliyetsiz-surucu-kazaya-sebep-oldu\/\",\"name\":\"Ehliyetsiz s\u00fcr\u00fcc\u00fc kazaya sebep oldu! - Av. Deniz Can K\u0131z\u0131l\",\"isPartOf\":{\"@id\":\"https:\/\/denizcankizil.tr\/de\/#website\"},\"datePublished\":\"2025-01-17T07:42:23+00:00\",\"breadcrumb\":{\"@id\":\"https:\/\/denizcankizil.tr\/de\/haberler\/gundem\/ehliyetsiz-surucu-kazaya-sebep-oldu\/#breadcrumb\"},\"inLanguage\":\"uk\",\"potentialAction\":[{\"@type\":\"ReadAction\",\"target\":[\"https:\/\/denizcankizil.tr\/de\/haberler\/gundem\/ehliyetsiz-surucu-kazaya-sebep-oldu\/\"]}]},{\"@type\":\"BreadcrumbList\",\"@id\":\"https:\/\/denizcankizil.tr\/de\/haberler\/gundem\/ehliyetsiz-surucu-kazaya-sebep-oldu\/#breadcrumb\",\"itemListElement\":[{\"@type\":\"ListItem\",\"position\":1,\"name\":\"Home\",\"item\":\"https:\/\/denizcankizil.tr\/de\/\"},{\"@type\":\"ListItem\",\"position\":2,\"name\":\"Ehliyetsiz s\u00fcr\u00fcc\u00fc kazaya sebep oldu!\"}]},{\"@type\":\"WebSite\",\"@id\":\"https:\/\/denizcankizil.tr\/de\/#website\",\"url\":\"https:\/\/denizcankizil.tr\/de\/\",\"name\":\"Av. Deniz Can K\u0131z\u0131l\",\"description\":\"Avukat Deniz Can K\u0131z\u0131l Antalya Barosu\",\"publisher\":{\"@id\":\"https:\/\/denizcankizil.tr\/de\/#organization\"},\"potentialAction\":[{\"@type\":\"SearchAction\",\"target\":{\"@type\":\"EntryPoint\",\"urlTemplate\":\"https:\/\/denizcankizil.tr\/de\/?s={search_term_string}\"},\"query-input\":{\"@type\":\"PropertyValueSpecification\",\"valueRequired\":true,\"valueName\":\"search_term_string\"}}],\"inLanguage\":\"uk\"},{\"@type\":\"Organization\",\"@id\":\"https:\/\/denizcankizil.tr\/de\/#organization\",\"name\":\"Av. Deniz Can K\u0131z\u0131l\",\"url\":\"https:\/\/denizcankizil.tr\/de\/\",\"logo\":{\"@type\":\"ImageObject\",\"inLanguage\":\"uk\",\"@id\":\"https:\/\/denizcankizil.tr\/de\/#\/schema\/logo\/image\/\",\"url\":\"http:\/\/denizcankizil.tr\/wp-content\/uploads\/2024\/10\/siyah-logo-svg.svg\",\"contentUrl\":\"http:\/\/denizcankizil.tr\/wp-content\/uploads\/2024\/10\/siyah-logo-svg.svg\",\"width\":1080,\"height\":1080,\"caption\":\"Av. Deniz Can K\u0131z\u0131l\"},\"image\":{\"@id\":\"https:\/\/denizcankizil.tr\/de\/#\/schema\/logo\/image\/\"}},{\"@type\":\"Person\",\"@id\":\"https:\/\/denizcankizil.tr\/de\/#\/schema\/person\/be3c05fe6a12686905512445d8185489\",\"name\":\"admin\",\"image\":{\"@type\":\"ImageObject\",\"inLanguage\":\"uk\",\"@id\":\"https:\/\/denizcankizil.tr\/de\/#\/schema\/person\/image\/\",\"url\":\"https:\/\/secure.gravatar.com\/avatar\/c1fce94c830dc79107e174f890d7210541c4a63e8e5d816341794a2151c9d58c?s=96&d=mm&r=g\",\"contentUrl\":\"https:\/\/secure.gravatar.com\/avatar\/c1fce94c830dc79107e174f890d7210541c4a63e8e5d816341794a2151c9d58c?s=96&d=mm&r=g\",\"caption\":\"admin\"},\"sameAs\":[\"http:\/\/denizcankizil.tr\"],\"url\":\"https:\/\/www.iskenderun.org\/ehliyetsiz-surucu-kazaya-sebep-oldu\"}]}<\/script>\n<!-- \/ Yoast SEO Premium plugin. -->","yoast_head_json":{"title":"Ehliyetsiz s\u00fcr\u00fcc\u00fc kazaya sebep oldu! - Av. Deniz Can K\u0131z\u0131l","robots":{"index":"index","follow":"follow","max-snippet":"max-snippet:-1","max-image-preview":"max-image-preview:large","max-video-preview":"max-video-preview:-1"},"canonical":"https:\/\/denizcankizil.tr\/uk\/haberler\/gundem\/ehliyetsiz-surucu-kazaya-sebep-oldu\/","og_locale":"uk_UA","og_type":"article","og_title":"Ehliyetsiz s\u00fcr\u00fcc\u00fc kazaya sebep oldu!","og_description":"Ad\u0131yaman&#8217;da ehliyetsiz s\u00fcr\u00fcc\u00fc elektrikli bisiklet s\u00fcr\u00fcc\u00fcs\u00fcne \u00e7arpt\u0131. ADIYAMAN (\u0130GFA) &#8211; Ad\u0131yaman\u2019\u0131n Alt\u0131n\u015fehir Mahallesi\u2019nde bulunan Alt\u0131n\u015fehir K\u00f6pr\u00fcs\u00fc \u00fczerinde meydana gelen kazada, 17 ya\u015f\u0131ndaki ehliyetsiz bir s\u00fcr\u00fcc\u00fc, 02 ER 079 plakal\u0131 ara\u00e7 ile seyir halindeyken, elektrikli bisiklet s\u00fcr\u00fcc\u00fcs\u00fcne arkadan \u00e7arpt\u0131. \u00c7arpman\u0131n etkisiyle bisiklet s\u00fcr\u00fcc\u00fcs\u00fc Ebubekir Ay\u0131k (44), metrelerce s\u00fcr\u00fcklendi ve a\u011f\u0131r yaraland\u0131. Sa\u011fl\u0131k ekiplerinin h\u0131zla olay yerine intikal etmesiyle Ay\u0131k, ilk m\u00fcdahalesinin ard\u0131ndan hastaneye kald\u0131r\u0131ld\u0131. Doktorlar, yaral\u0131n\u0131n hayati tehlikesinin devam etti\u011fini belirtti. Kazayla ilgili soru\u015fturma ba\u015flat\u0131l\u0131rken, 17 ya\u015f\u0131ndaki ehliyetsiz s\u00fcr\u00fcc\u00fcn\u00fcn ifadesi al\u0131nmak \u00fczere polis merkezine g\u00f6t\u00fcr\u00fcld\u00fc\u011f\u00fc \u00f6\u011frenildi. \u200bAd\u0131yaman&#8217;da ehliyetsiz s\u00fcr\u00fcc\u00fc elektrikli bisiklet s\u00fcr\u00fcc\u00fcs\u00fcne \u00e7arpt\u0131. ADIYAMAN (\u0130GFA) &#8211; Ad\u0131yaman\u2019\u0131n Alt\u0131n\u015fehir Mahallesi\u2019nde bulunan Alt\u0131n\u015fehir K\u00f6pr\u00fcs\u00fc \u00fczerinde meydana gelen kazada, 17 ya\u015f\u0131ndaki ehliyetsiz bir s\u00fcr\u00fcc\u00fc, 02 ER 079 plakal\u0131 ara\u00e7 ile seyir halindeyken, elektrikli bisiklet s\u00fcr\u00fcc\u00fcs\u00fcne arkadan \u00e7arpt\u0131. \u00c7arpman\u0131n etkisiyle bisiklet s\u00fcr\u00fcc\u00fcs\u00fc Ebubekir Ay\u0131k (44), metrelerce s\u00fcr\u00fcklendi ve a\u011f\u0131r yaraland\u0131. Sa\u011fl\u0131k ekiplerinin h\u0131zla olay yerine intikal etmesiyle Ay\u0131k, ilk m\u00fcdahalesinin ard\u0131ndan hastaneye kald\u0131r\u0131ld\u0131. Doktorlar, yaral\u0131n\u0131n hayati tehlikesinin devam etti\u011fini belirtti. Kazayla ilgili soru\u015fturma ba\u015flat\u0131l\u0131rken, 17 ya\u015f\u0131ndaki ehliyetsiz s\u00fcr\u00fcc\u00fcn\u00fcn ifadesi al\u0131nmak \u00fczere polis merkezine g\u00f6t\u00fcr\u00fcld\u00fc\u011f\u00fc \u00f6\u011frenildi.\u00a0 \u200bHaberin Al\u0131nt\u0131land\u0131\u011f\u0131 Kaynak: www.iskenderun.org","og_url":"https:\/\/denizcankizil.tr\/uk\/haberler\/gundem\/ehliyetsiz-surucu-kazaya-sebep-oldu\/","og_site_name":"Av. Deniz Can K\u0131z\u0131l","article_published_time":"2025-01-17T07:42:23+00:00","author":"admin","twitter_card":"summary_large_image","twitter_misc":{"\u041d\u0430\u043f\u0438\u0441\u0430\u043d\u043e":"admin","\u041f\u0440\u0438\u0431\u043b. \u0447\u0430\u0441 \u0447\u0438\u0442\u0430\u043d\u043d\u044f":"1 \u0445\u0432\u0438\u043b\u0438\u043d\u0430"},"schema":{"@context":"https:\/\/schema.org","@graph":[{"@type":"Article","@id":"https:\/\/denizcankizil.tr\/de\/haberler\/gundem\/ehliyetsiz-surucu-kazaya-sebep-oldu\/#article","isPartOf":{"@id":"https:\/\/denizcankizil.tr\/de\/haberler\/gundem\/ehliyetsiz-surucu-kazaya-sebep-oldu\/"},"author":{"name":"admin","@id":"https:\/\/denizcankizil.tr\/de\/#\/schema\/person\/be3c05fe6a12686905512445d8185489"},"headline":"Ehliyetsiz s\u00fcr\u00fcc\u00fc kazaya sebep oldu!","datePublished":"2025-01-17T07:42:23+00:00","mainEntityOfPage":{"@id":"https:\/\/denizcankizil.tr\/de\/haberler\/gundem\/ehliyetsiz-surucu-kazaya-sebep-oldu\/"},"wordCount":287,"commentCount":0,"publisher":{"@id":"https:\/\/denizcankizil.tr\/de\/#organization"},"articleSection":["G\u00fcndem"],"inLanguage":"uk","potentialAction":[{"@type":"CommentAction","name":"Comment","target":["https:\/\/denizcankizil.tr\/de\/haberler\/gundem\/ehliyetsiz-surucu-kazaya-sebep-oldu\/#respond"]}]},{"@type":"WebPage","@id":"https:\/\/denizcankizil.tr\/de\/haberler\/gundem\/ehliyetsiz-surucu-kazaya-sebep-oldu\/","url":"https:\/\/denizcankizil.tr\/de\/haberler\/gundem\/ehliyetsiz-surucu-kazaya-sebep-oldu\/","name":"Ehliyetsiz s\u00fcr\u00fcc\u00fc kazaya sebep oldu! - Av. Deniz Can K\u0131z\u0131l","isPartOf":{"@id":"https:\/\/denizcankizil.tr\/de\/#website"},"datePublished":"2025-01-17T07:42:23+00:00","breadcrumb":{"@id":"https:\/\/denizcankizil.tr\/de\/haberler\/gundem\/ehliyetsiz-surucu-kazaya-sebep-oldu\/#breadcrumb"},"inLanguage":"uk","potentialAction":[{"@type":"ReadAction","target":["https:\/\/denizcankizil.tr\/de\/haberler\/gundem\/ehliyetsiz-surucu-kazaya-sebep-oldu\/"]}]},{"@type":"BreadcrumbList","@id":"https:\/\/denizcankizil.tr\/de\/haberler\/gundem\/ehliyetsiz-surucu-kazaya-sebep-oldu\/#breadcrumb","itemListElement":[{"@type":"ListItem","position":1,"name":"Home","item":"https:\/\/denizcankizil.tr\/de\/"},{"@type":"ListItem","position":2,"name":"Ehliyetsiz s\u00fcr\u00fcc\u00fc kazaya sebep oldu!"}]},{"@type":"WebSite","@id":"https:\/\/denizcankizil.tr\/de\/#website","url":"https:\/\/denizcankizil.tr\/de\/","name":"Av. Deniz Can K\u0131z\u0131l","description":"Avukat Deniz Can K\u0131z\u0131l Antalya Barosu","publisher":{"@id":"https:\/\/denizcankizil.tr\/de\/#organization"},"potentialAction":[{"@type":"SearchAction","target":{"@type":"EntryPoint","urlTemplate":"https:\/\/denizcankizil.tr\/de\/?s={search_term_string}"},"query-input":{"@type":"PropertyValueSpecification","valueRequired":true,"valueName":"search_term_string"}}],"inLanguage":"uk"},{"@type":"Organization","@id":"https:\/\/denizcankizil.tr\/de\/#organization","name":"Av. Deniz Can K\u0131z\u0131l","url":"https:\/\/denizcankizil.tr\/de\/","logo":{"@type":"ImageObject","inLanguage":"uk","@id":"https:\/\/denizcankizil.tr\/de\/#\/schema\/logo\/image\/","url":"http:\/\/denizcankizil.tr\/wp-content\/uploads\/2024\/10\/siyah-logo-svg.svg","contentUrl":"http:\/\/denizcankizil.tr\/wp-content\/uploads\/2024\/10\/siyah-logo-svg.svg","width":1080,"height":1080,"caption":"Av. Deniz Can K\u0131z\u0131l"},"image":{"@id":"https:\/\/denizcankizil.tr\/de\/#\/schema\/logo\/image\/"}},{"@type":"Person","@id":"https:\/\/denizcankizil.tr\/de\/#\/schema\/person\/be3c05fe6a12686905512445d8185489","name":"\u0430\u0434\u043c\u0456\u043d","image":{"@type":"ImageObject","inLanguage":"uk","@id":"https:\/\/denizcankizil.tr\/de\/#\/schema\/person\/image\/","url":"https:\/\/secure.gravatar.com\/avatar\/c1fce94c830dc79107e174f890d7210541c4a63e8e5d816341794a2151c9d58c?s=96&d=mm&r=g","contentUrl":"https:\/\/secure.gravatar.com\/avatar\/c1fce94c830dc79107e174f890d7210541c4a63e8e5d816341794a2151c9d58c?s=96&d=mm&r=g","caption":"admin"},"sameAs":["http:\/\/denizcankizil.tr"],"url":"https:\/\/www.iskenderun.org\/ehliyetsiz-surucu-kazaya-sebep-oldu"}]}},"_links":{"self":[{"href":"http:\/\/denizcankizil.tr\/uk\/wp-json\/wp\/v2\/posts\/25787","targetHints":{"allow":["GET"]}}],"collection":[{"href":"http:\/\/denizcankizil.tr\/uk\/wp-json\/wp\/v2\/posts"}],"about":[{"href":"http:\/\/denizcankizil.tr\/uk\/wp-json\/wp\/v2\/types\/post"}],"author":[{"embeddable":true,"href":"http:\/\/denizcankizil.tr\/uk\/wp-json\/wp\/v2\/users\/1"}],"replies":[{"embeddable":true,"href":"http:\/\/denizcankizil.tr\/uk\/wp-json\/wp\/v2\/comments?post=25787"}],"version-history":[{"count":0,"href":"http:\/\/denizcankizil.tr\/uk\/wp-json\/wp\/v2\/posts\/25787\/revisions"}],"wp:attachment":[{"href":"http:\/\/denizcankizil.tr\/uk\/wp-json\/wp\/v2\/media?parent=25787"}],"wp:term":[{"taxonomy":"category","embeddable":true,"href":"http:\/\/denizcankizil.tr\/uk\/wp-json\/wp\/v2\/categories?post=25787"},{"taxonomy":"post_tag","embeddable":true,"href":"http:\/\/denizcankizil.tr\/uk\/wp-json\/wp\/v2\/tags?post=25787"}],"curies":[{"name":"wp","href":"https:\/\/api.w.org\/{rel}","templated":true}]}}