{"id":25085,"date":"2025-01-13T10:41:33","date_gmt":"2025-01-13T07:41:33","guid":{"rendered":"https:\/\/denizcankizil.tr\/uncategorized-tr\/akdeniz-belediyesinde-5-tutuklama-yeni-baskan-kaymakam-sener-atandi\/"},"modified":"2025-01-13T10:41:33","modified_gmt":"2025-01-13T07:41:33","slug":"akdeniz-belediyesinde-5-tutuklama-yeni-baskan-kaymakam-sener-atandi","status":"publish","type":"post","link":"http:\/\/denizcankizil.tr\/uk\/haberler\/gundem\/akdeniz-belediyesinde-5-tutuklama-yeni-baskan-kaymakam-sener-atandi\/","title":{"rendered":"Akdeniz Belediyesi&#8217;nde 5 tutuklama! Yeni Ba\u015fkan Kaymakam \u015eener atand\u0131"},"content":{"rendered":"<p>Ter\u00f6r soru\u015fturmas\u0131 kapsam\u0131nda Mersin&#8217;de g\u00f6zalt\u0131na al\u0131nan Akdeniz Belediye Ba\u015fkan\u0131 Ho\u015fyar Sar\u0131y\u0131ld\u0131z ile e\u015f belediye ba\u015fkan\u0131n da oldu\u011fu 4 belediye meclis \u00fcyesi tutukland\u0131. \u0130\u00e7i\u015fleri Bakanl\u0131\u011f\u0131, Ho\u015fyar Sar\u0131y\u0131ld\u0131z&#8217;\u0131n yerine Akdeniz Kaymakam\u0131 Zeyit \u015eener belediye ba\u015fkan vekili olarak g\u00f6revlendirildi.ANKARA (\u0130GFA) &#8211; Hat\u0131rlanaca\u011f\u0131 gibi 10 Ocak Cuma g\u00fcn\u00fc Mersin Cumhuriyet Ba\u015fsavc\u0131l\u0131\u011f\u0131&#8217;nca y\u00fcr\u00fct\u00fclen soru\u015fturma kapsam\u0131nda Mersin \u0130l Emniyet M\u00fcd\u00fcrl\u00fc\u011f\u00fc ekiplerince g\u00f6zalt\u0131na al\u0131nan Akdeniz Belediye Ba\u015fkan\u0131 Ho\u015fyar Sar\u0131y\u0131ld\u0131z, Belediye Ba\u015fkan Yard\u0131mc\u0131s\u0131 ve Meclis \u00dcyesi Nuriye Arslan ile DEM Parti&#8217;li meclis \u00fcyeleri \u00d6zg\u00fcr \u00c7a\u011flar, Neslihan Oru\u00e7, Yakup Dan\u0131\u015f ve Hikmet Bak\u0131rhan&#8217;\u0131n emniyetteki i\u015flemleri tamamland\u0131.<br \/>\nG\u00f6zalt\u0131na al\u0131nan isimlerden Yakup Dan\u0131\u015f adli kontrol \u015fart\u0131yla serbest b\u0131rak\u0131l\u0131rken, di\u011fer isimler \u00e7\u0131kar\u0131ld\u0131klar\u0131 &#8220;PKK\/KCK silahl\u0131 ter\u00f6r \u00f6rg\u00fct\u00fcne \u00fcye olmak&#8221; su\u00e7lar\u0131ndan\u00a0 mahkemece tutukland\u0131.<\/p>\n<p>\u0130\u00e7i\u015fleri Bakanl\u0131\u011f\u0131&#8217;nden yap\u0131lan yaz\u0131l\u0131 a\u00e7\u0131klamada Akdeniz Belediye Ba\u015fkan\u0131 Ho\u015fyar Sar\u0131y\u0131ld\u0131z&#8217;\u0131n da &#8220;ter\u00f6r \u00f6rg\u00fct\u00fc propagandas\u0131 yapmak&#8221;, &#8220;Silahl\u0131 ter\u00f6r \u00f6rg\u00fct\u00fcne \u00fcye olmak&#8221;, &#8220;Ter\u00f6rizmin finansman\u0131n\u0131n \u00f6nlenmesi hakk\u0131nda kanuna muhalefet&#8221; ve &#8220;2911 say\u0131l\u0131 toplant\u0131 ve g\u00f6steri y\u00fcr\u00fcy\u015fleri kanununa muhalefet&#8221; su\u00e7lar\u0131ndan sevk edildi\u011fi Mersin 1. Sulh Ceza Hakimli\u011fi&#8217;nce tutukland\u0131\u011f\u0131 bildirildi.<br \/>\nBakanl\u0131k, ge\u00e7ici tedbir olarak Sar\u0131y\u0131ld\u0131z&#8217;\u0131n g\u00f6revden uzakla\u015ft\u0131r\u0131lmas\u0131na yerine ise Belediye Ba\u015fkanvekili olarak Akdeniz Kaymakam\u0131 Zeyit \u015eener&#8217;in g\u00f6revlendirilmesine karar verdi.<\/p>\n<p>ZEY\u0130T \u015eENER K\u0130MD\u0130R?<br \/>\n1975 tarihinde Antalya&#8217;n\u0131n Akseki \u0130l\u00e7esi Kuyucak K\u00f6y\u00fcnde do\u011fan Kaymakam Zeyit \u015eENER, ilk ve orta \u00f6\u011frenimini memleketinde, lise \u00f6\u011frenimini ise Antalya Yavuz Selim Lisesinde okuyarak 1992 y\u0131l\u0131nda mezun oldu.<\/p>\n<p>1993-1997 tarihleri aras\u0131nda Gazi \u00dcniversitesi \u0130ktisadi ve \u0130dari Bilimler Fak\u00fcltesi Uluslararas\u0131 \u0130li\u015fkiler B\u00f6l\u00fcm\u00fcnde lisans e\u011fitimini tamamlad\u0131ktan sonra, 1998 y\u0131l\u0131nda T.C. Maliye Bakanl\u0131\u011f\u0131nda memuriyete ba\u015flayan Kaymakam Zeyit \u015eENER, 1 Haziran 2000 y\u0131l\u0131nda Aksaray Kaymakam Aday\u0131 olarak M\u00fclki \u0130dare Amirli\u011fine ad\u0131m att\u0131.<br \/>\nSivas Ula\u015f il\u00e7esi ile Kayseri Alk\u0131\u015fla il\u00e7elerinde Kaymakam vekillikleri, Milli G\u00fcvenlik Akademisi E\u011fitimi, \u0130ngiltere Sheffield \u00dcniversitesinde dil e\u011fitimi ve kurslar\u0131ndan sonra s\u0131ras\u0131yla Sinop Dikmen Kaymakaml\u0131\u011f\u0131, Bayburt Demir\u00f6z\u00fc Kaymakaml\u0131\u011f\u0131, Erzurum A\u015fkale Kaymakaml\u0131\u011f\u0131, Denizli Serinhisar Kaymakaml\u0131\u011f\u0131, Manisa G\u00f6lmarmara Kaymakaml\u0131\u011f\u0131 ve \u0130stanbul G\u00fcng\u00f6ren Kaymakaml\u0131\u011f\u0131nda g\u00f6rev yapt\u0131. 12 A\u011fustos 2022 tarihli ve 31921 say\u0131l\u0131 Resmi Gazete\u2019de yay\u0131mlanan 2022\/392 say\u0131l\u0131 Cumhurba\u015fkanl\u0131\u011f\u0131 Atama Karar\u0131 ile il\u00e7emiz Kaymakaml\u0131\u011f\u0131na atanan Zeyit \u015eENER 26.08.2022 tarihinde Akdeniz Kaymakam\u0131 olarak g\u00f6revine ba\u015flam\u0131\u015ft\u0131r.<br \/>\n\u00a0\u0130yi derecede \u0130ngilizce bilmekte olan Kaymakam Zeyit \u015eENER evli ve iki \u00e7ocuk babas\u0131d\u0131r.<\/p>\n<p>\u200bTer\u00f6r soru\u015fturmas\u0131 kapsam\u0131nda Mersin&#8217;de g\u00f6zalt\u0131na al\u0131nan Akdeniz Belediye Ba\u015fkan\u0131 Ho\u015fyar Sar\u0131y\u0131ld\u0131z ile e\u015f belediye ba\u015fkan\u0131n da oldu\u011fu 4 belediye meclis \u00fcyesi tutukland\u0131. \u0130\u00e7i\u015fleri Bakanl\u0131\u011f\u0131, Ho\u015fyar Sar\u0131y\u0131ld\u0131z&#8217;\u0131n yerine Akdeniz Kaymakam\u0131 Zeyit \u015eener belediye ba\u015fkan vekili olarak g\u00f6revlendirildi.ANKARA (\u0130GFA) &#8211; Hat\u0131rlanaca\u011f\u0131 gibi 10 Ocak Cuma g\u00fcn\u00fc Mersin Cumhuriyet Ba\u015fsavc\u0131l\u0131\u011f\u0131&#8217;nca y\u00fcr\u00fct\u00fclen soru\u015fturma kapsam\u0131nda Mersin \u0130l Emniyet M\u00fcd\u00fcrl\u00fc\u011f\u00fc ekiplerince g\u00f6zalt\u0131na al\u0131nan Akdeniz Belediye Ba\u015fkan\u0131 Ho\u015fyar Sar\u0131y\u0131ld\u0131z, Belediye Ba\u015fkan Yard\u0131mc\u0131s\u0131 ve Meclis \u00dcyesi Nuriye Arslan ile DEM Parti&#8217;li meclis \u00fcyeleri \u00d6zg\u00fcr \u00c7a\u011flar, Neslihan Oru\u00e7, Yakup Dan\u0131\u015f ve Hikmet Bak\u0131rhan&#8217;\u0131n emniyetteki i\u015flemleri tamamland\u0131.<br \/>\nG\u00f6zalt\u0131na al\u0131nan isimlerden Yakup Dan\u0131\u015f adli kontrol \u015fart\u0131yla serbest b\u0131rak\u0131l\u0131rken, di\u011fer isimler \u00e7\u0131kar\u0131ld\u0131klar\u0131 &#8220;PKK\/KCK silahl\u0131 ter\u00f6r \u00f6rg\u00fct\u00fcne \u00fcye olmak&#8221; su\u00e7lar\u0131ndan\u00a0 mahkemece tutukland\u0131.<\/p>\n<p>\u0130\u00e7i\u015fleri Bakanl\u0131\u011f\u0131&#8217;nden yap\u0131lan yaz\u0131l\u0131 a\u00e7\u0131klamada Akdeniz Belediye Ba\u015fkan\u0131 Ho\u015fyar Sar\u0131y\u0131ld\u0131z&#8217;\u0131n da &#8220;ter\u00f6r \u00f6rg\u00fct\u00fc propagandas\u0131 yapmak&#8221;, &#8220;Silahl\u0131 ter\u00f6r \u00f6rg\u00fct\u00fcne \u00fcye olmak&#8221;, &#8220;Ter\u00f6rizmin finansman\u0131n\u0131n \u00f6nlenmesi hakk\u0131nda kanuna muhalefet&#8221; ve &#8220;2911 say\u0131l\u0131 toplant\u0131 ve g\u00f6steri y\u00fcr\u00fcy\u015fleri kanununa muhalefet&#8221; su\u00e7lar\u0131ndan sevk edildi\u011fi Mersin 1. Sulh Ceza Hakimli\u011fi&#8217;nce tutukland\u0131\u011f\u0131 bildirildi.<br \/>\nBakanl\u0131k, ge\u00e7ici tedbir olarak Sar\u0131y\u0131ld\u0131z&#8217;\u0131n g\u00f6revden uzakla\u015ft\u0131r\u0131lmas\u0131na yerine ise Belediye Ba\u015fkanvekili olarak Akdeniz Kaymakam\u0131 Zeyit \u015eener&#8217;in g\u00f6revlendirilmesine karar verdi.<\/p>\n<p>ZEY\u0130T \u015eENER K\u0130MD\u0130R?<br \/>\n1975 tarihinde Antalya&#8217;n\u0131n Akseki \u0130l\u00e7esi Kuyucak K\u00f6y\u00fcnde do\u011fan Kaymakam Zeyit \u015eENER, ilk ve orta \u00f6\u011frenimini memleketinde, lise \u00f6\u011frenimini ise Antalya Yavuz Selim Lisesinde okuyarak 1992 y\u0131l\u0131nda mezun oldu.<\/p>\n<p>1993-1997 tarihleri aras\u0131nda Gazi \u00dcniversitesi \u0130ktisadi ve \u0130dari Bilimler Fak\u00fcltesi Uluslararas\u0131 \u0130li\u015fkiler B\u00f6l\u00fcm\u00fcnde lisans e\u011fitimini tamamlad\u0131ktan sonra, 1998 y\u0131l\u0131nda T.C. Maliye Bakanl\u0131\u011f\u0131nda memuriyete ba\u015flayan Kaymakam Zeyit \u015eENER, 1 Haziran 2000 y\u0131l\u0131nda Aksaray Kaymakam Aday\u0131 olarak M\u00fclki \u0130dare Amirli\u011fine ad\u0131m att\u0131.<br \/>\nSivas Ula\u015f il\u00e7esi ile Kayseri Alk\u0131\u015fla il\u00e7elerinde Kaymakam vekillikleri, Milli G\u00fcvenlik Akademisi E\u011fitimi, \u0130ngiltere Sheffield \u00dcniversitesinde dil e\u011fitimi ve kurslar\u0131ndan sonra s\u0131ras\u0131yla Sinop Dikmen Kaymakaml\u0131\u011f\u0131, Bayburt Demir\u00f6z\u00fc Kaymakaml\u0131\u011f\u0131, Erzurum A\u015fkale Kaymakaml\u0131\u011f\u0131, Denizli Serinhisar Kaymakaml\u0131\u011f\u0131, Manisa G\u00f6lmarmara Kaymakaml\u0131\u011f\u0131 ve \u0130stanbul G\u00fcng\u00f6ren Kaymakaml\u0131\u011f\u0131nda g\u00f6rev yapt\u0131. 12 A\u011fustos 2022 tarihli ve 31921 say\u0131l\u0131 Resmi Gazete\u2019de yay\u0131mlanan 2022\/392 say\u0131l\u0131 Cumhurba\u015fkanl\u0131\u011f\u0131 Atama Karar\u0131 ile il\u00e7emiz Kaymakaml\u0131\u011f\u0131na atanan Zeyit \u015eENER 26.08.2022 tarihinde Akdeniz Kaymakam\u0131 olarak g\u00f6revine ba\u015flam\u0131\u015ft\u0131r.<br \/>\n\u00a0\u0130yi derecede \u0130ngilizce bilmekte olan Kaymakam Zeyit \u015eENER evli ve iki \u00e7ocuk babas\u0131d\u0131r.\u00a0<\/p>\n<p>\u200bHaberin Al\u0131nt\u0131land\u0131\u011f\u0131 Kaynak: www.iskenderun.org<\/p>","protected":false},"excerpt":{"rendered":"<p>Ter\u00f6r soru\u015fturmas\u0131 kapsam\u0131nda Mersin&#8217;de g\u00f6zalt\u0131na al\u0131nan Akdeniz Belediye Ba\u015fkan\u0131 Ho\u015fyar Sar\u0131y\u0131ld\u0131z ile e\u015f belediye ba\u015fkan\u0131n da oldu\u011fu 4 belediye meclis \u00fcyesi tutukland\u0131. \u0130\u00e7i\u015fleri Bakanl\u0131\u011f\u0131, Ho\u015fyar Sar\u0131y\u0131ld\u0131z&#8217;\u0131n yerine Akdeniz Kaymakam\u0131 Zeyit \u015eener belediye ba\u015fkan vekili olarak g\u00f6revlendirildi.ANKARA (\u0130GFA) &#8211; Hat\u0131rlanaca\u011f\u0131 gibi 10 Ocak Cuma g\u00fcn\u00fc Mersin Cumhuriyet Ba\u015fsavc\u0131l\u0131\u011f\u0131&#8217;nca y\u00fcr\u00fct\u00fclen soru\u015fturma kapsam\u0131nda Mersin \u0130l Emniyet M\u00fcd\u00fcrl\u00fc\u011f\u00fc ekiplerince g\u00f6zalt\u0131na al\u0131nan Akdeniz Belediye Ba\u015fkan\u0131 Ho\u015fyar Sar\u0131y\u0131ld\u0131z, Belediye Ba\u015fkan Yard\u0131mc\u0131s\u0131 ve Meclis \u00dcyesi Nuriye Arslan ile DEM Parti&#8217;li meclis \u00fcyeleri \u00d6zg\u00fcr \u00c7a\u011flar, Neslihan Oru\u00e7, Yakup Dan\u0131\u015f ve Hikmet Bak\u0131rhan&#8217;\u0131n emniyetteki i\u015flemleri tamamland\u0131. G\u00f6zalt\u0131na al\u0131nan isimlerden Yakup Dan\u0131\u015f adli kontrol \u015fart\u0131yla serbest b\u0131rak\u0131l\u0131rken, di\u011fer isimler \u00e7\u0131kar\u0131ld\u0131klar\u0131 &#8220;PKK\/KCK silahl\u0131 ter\u00f6r \u00f6rg\u00fct\u00fcne \u00fcye olmak&#8221; su\u00e7lar\u0131ndan\u00a0 mahkemece tutukland\u0131. \u0130\u00e7i\u015fleri Bakanl\u0131\u011f\u0131&#8217;nden yap\u0131lan yaz\u0131l\u0131 a\u00e7\u0131klamada Akdeniz Belediye Ba\u015fkan\u0131 Ho\u015fyar Sar\u0131y\u0131ld\u0131z&#8217;\u0131n da &#8220;ter\u00f6r \u00f6rg\u00fct\u00fc propagandas\u0131 yapmak&#8221;, &#8220;Silahl\u0131 ter\u00f6r \u00f6rg\u00fct\u00fcne \u00fcye olmak&#8221;, &#8220;Ter\u00f6rizmin finansman\u0131n\u0131n \u00f6nlenmesi hakk\u0131nda kanuna muhalefet&#8221; ve &#8220;2911 say\u0131l\u0131 toplant\u0131 ve g\u00f6steri y\u00fcr\u00fcy\u015fleri kanununa muhalefet&#8221; su\u00e7lar\u0131ndan sevk edildi\u011fi Mersin 1. Sulh Ceza Hakimli\u011fi&#8217;nce tutukland\u0131\u011f\u0131 bildirildi. Bakanl\u0131k, ge\u00e7ici tedbir olarak Sar\u0131y\u0131ld\u0131z&#8217;\u0131n g\u00f6revden uzakla\u015ft\u0131r\u0131lmas\u0131na yerine ise Belediye Ba\u015fkanvekili olarak Akdeniz Kaymakam\u0131 Zeyit \u015eener&#8217;in g\u00f6revlendirilmesine karar verdi. ZEY\u0130T \u015eENER K\u0130MD\u0130R? 1975 tarihinde Antalya&#8217;n\u0131n Akseki \u0130l\u00e7esi Kuyucak K\u00f6y\u00fcnde do\u011fan Kaymakam Zeyit \u015eENER, ilk ve orta \u00f6\u011frenimini memleketinde, lise \u00f6\u011frenimini ise Antalya Yavuz Selim Lisesinde okuyarak &hellip;<\/p>","protected":false},"author":1,"featured_media":0,"comment_status":"open","ping_status":"open","sticky":false,"template":"","format":"standard","meta":{"_acf_changed":false,"footnotes":""},"categories":[24],"tags":[],"class_list":["post-25085","post","type-post","status-publish","format-standard","has-post-thumbnail","hentry","category-gundem"],"acf":[],"yoast_head":"<!-- This site is optimized with the Yoast SEO Premium plugin v26.6 (Yoast SEO v27.1.1) - https:\/\/yoast.com\/product\/yoast-seo-premium-wordpress\/ -->\n<title>Akdeniz Belediyesi&#039;nde 5 tutuklama! Yeni Ba\u015fkan Kaymakam \u015eener atand\u0131 - Av. Deniz Can K\u0131z\u0131l<\/title>\n<meta name=\"robots\" content=\"index, follow, max-snippet:-1, max-image-preview:large, max-video-preview:-1\" \/>\n<link rel=\"canonical\" href=\"http:\/\/denizcankizil.tr\/uk\/haberler\/gundem\/akdeniz-belediyesinde-5-tutuklama-yeni-baskan-kaymakam-sener-atandi\/\" \/>\n<meta property=\"og:locale\" content=\"uk_UA\" \/>\n<meta property=\"og:type\" content=\"article\" \/>\n<meta property=\"og:title\" content=\"Akdeniz Belediyesi&#039;nde 5 tutuklama! Yeni Ba\u015fkan Kaymakam \u015eener atand\u0131\" \/>\n<meta property=\"og:description\" content=\"Ter\u00f6r soru\u015fturmas\u0131 kapsam\u0131nda Mersin&#8217;de g\u00f6zalt\u0131na al\u0131nan Akdeniz Belediye Ba\u015fkan\u0131 Ho\u015fyar Sar\u0131y\u0131ld\u0131z ile e\u015f belediye ba\u015fkan\u0131n da oldu\u011fu 4 belediye meclis \u00fcyesi tutukland\u0131. \u0130\u00e7i\u015fleri Bakanl\u0131\u011f\u0131, Ho\u015fyar Sar\u0131y\u0131ld\u0131z&#8217;\u0131n yerine Akdeniz Kaymakam\u0131 Zeyit \u015eener belediye ba\u015fkan vekili olarak g\u00f6revlendirildi.ANKARA (\u0130GFA) &#8211; Hat\u0131rlanaca\u011f\u0131 gibi 10 Ocak Cuma g\u00fcn\u00fc Mersin Cumhuriyet Ba\u015fsavc\u0131l\u0131\u011f\u0131&#8217;nca y\u00fcr\u00fct\u00fclen soru\u015fturma kapsam\u0131nda Mersin \u0130l Emniyet M\u00fcd\u00fcrl\u00fc\u011f\u00fc ekiplerince g\u00f6zalt\u0131na al\u0131nan Akdeniz Belediye Ba\u015fkan\u0131 Ho\u015fyar Sar\u0131y\u0131ld\u0131z, Belediye Ba\u015fkan Yard\u0131mc\u0131s\u0131 ve Meclis \u00dcyesi Nuriye Arslan ile DEM Parti&#8217;li meclis \u00fcyeleri \u00d6zg\u00fcr \u00c7a\u011flar, Neslihan Oru\u00e7, Yakup Dan\u0131\u015f ve Hikmet Bak\u0131rhan&#8217;\u0131n emniyetteki i\u015flemleri tamamland\u0131. G\u00f6zalt\u0131na al\u0131nan isimlerden Yakup Dan\u0131\u015f adli kontrol \u015fart\u0131yla serbest b\u0131rak\u0131l\u0131rken, di\u011fer isimler \u00e7\u0131kar\u0131ld\u0131klar\u0131 &#8220;PKK\/KCK silahl\u0131 ter\u00f6r \u00f6rg\u00fct\u00fcne \u00fcye olmak&#8221; su\u00e7lar\u0131ndan\u00a0 mahkemece tutukland\u0131. \u0130\u00e7i\u015fleri Bakanl\u0131\u011f\u0131&#8217;nden yap\u0131lan yaz\u0131l\u0131 a\u00e7\u0131klamada Akdeniz Belediye Ba\u015fkan\u0131 Ho\u015fyar Sar\u0131y\u0131ld\u0131z&#8217;\u0131n da &#8220;ter\u00f6r \u00f6rg\u00fct\u00fc propagandas\u0131 yapmak&#8221;, &#8220;Silahl\u0131 ter\u00f6r \u00f6rg\u00fct\u00fcne \u00fcye olmak&#8221;, &#8220;Ter\u00f6rizmin finansman\u0131n\u0131n \u00f6nlenmesi hakk\u0131nda kanuna muhalefet&#8221; ve &#8220;2911 say\u0131l\u0131 toplant\u0131 ve g\u00f6steri y\u00fcr\u00fcy\u015fleri kanununa muhalefet&#8221; su\u00e7lar\u0131ndan sevk edildi\u011fi Mersin 1. Sulh Ceza Hakimli\u011fi&#8217;nce tutukland\u0131\u011f\u0131 bildirildi. Bakanl\u0131k, ge\u00e7ici tedbir olarak Sar\u0131y\u0131ld\u0131z&#8217;\u0131n g\u00f6revden uzakla\u015ft\u0131r\u0131lmas\u0131na yerine ise Belediye Ba\u015fkanvekili olarak Akdeniz Kaymakam\u0131 Zeyit \u015eener&#8217;in g\u00f6revlendirilmesine karar verdi. ZEY\u0130T \u015eENER K\u0130MD\u0130R? 1975 tarihinde Antalya&#8217;n\u0131n Akseki \u0130l\u00e7esi Kuyucak K\u00f6y\u00fcnde do\u011fan Kaymakam Zeyit \u015eENER, ilk ve orta \u00f6\u011frenimini memleketinde, lise \u00f6\u011frenimini ise Antalya Yavuz Selim Lisesinde okuyarak &hellip;\" \/>\n<meta property=\"og:url\" content=\"http:\/\/denizcankizil.tr\/uk\/haberler\/gundem\/akdeniz-belediyesinde-5-tutuklama-yeni-baskan-kaymakam-sener-atandi\/\" \/>\n<meta property=\"og:site_name\" content=\"Av. Deniz Can K\u0131z\u0131l\" \/>\n<meta property=\"article:published_time\" content=\"2025-01-13T07:41:33+00:00\" \/>\n<meta name=\"author\" content=\"admin\" \/>\n<meta name=\"twitter:card\" content=\"summary_large_image\" \/>\n<meta name=\"twitter:label1\" content=\"\u041d\u0430\u043f\u0438\u0441\u0430\u043d\u043e\" \/>\n\t<meta name=\"twitter:data1\" content=\"admin\" \/>\n\t<meta name=\"twitter:label2\" content=\"\u041f\u0440\u0438\u0431\u043b. \u0447\u0430\u0441 \u0447\u0438\u0442\u0430\u043d\u043d\u044f\" \/>\n\t<meta name=\"twitter:data2\" content=\"5 \u0445\u0432\u0438\u043b\u0438\u043d\" \/>\n<script type=\"application\/ld+json\" class=\"yoast-schema-graph\">{\"@context\":\"https:\/\/schema.org\",\"@graph\":[{\"@type\":\"Article\",\"@id\":\"http:\/\/denizcankizil.tr\/uk\/haberler\/gundem\/akdeniz-belediyesinde-5-tutuklama-yeni-baskan-kaymakam-sener-atandi\/#article\",\"isPartOf\":{\"@id\":\"http:\/\/denizcankizil.tr\/uk\/haberler\/gundem\/akdeniz-belediyesinde-5-tutuklama-yeni-baskan-kaymakam-sener-atandi\/\"},\"author\":{\"name\":\"admin\",\"@id\":\"https:\/\/denizcankizil.tr\/de\/#\/schema\/person\/be3c05fe6a12686905512445d8185489\"},\"headline\":\"Akdeniz Belediyesi&#8217;nde 5 tutuklama! Yeni Ba\u015fkan Kaymakam \u015eener atand\u0131\",\"datePublished\":\"2025-01-13T07:41:33+00:00\",\"mainEntityOfPage\":{\"@id\":\"http:\/\/denizcankizil.tr\/uk\/haberler\/gundem\/akdeniz-belediyesinde-5-tutuklama-yeni-baskan-kaymakam-sener-atandi\/\"},\"wordCount\":990,\"commentCount\":0,\"publisher\":{\"@id\":\"https:\/\/denizcankizil.tr\/de\/#organization\"},\"articleSection\":[\"G\u00fcndem\"],\"inLanguage\":\"uk\",\"potentialAction\":[{\"@type\":\"CommentAction\",\"name\":\"Comment\",\"target\":[\"http:\/\/denizcankizil.tr\/uk\/haberler\/gundem\/akdeniz-belediyesinde-5-tutuklama-yeni-baskan-kaymakam-sener-atandi\/#respond\"]}]},{\"@type\":\"WebPage\",\"@id\":\"http:\/\/denizcankizil.tr\/uk\/haberler\/gundem\/akdeniz-belediyesinde-5-tutuklama-yeni-baskan-kaymakam-sener-atandi\/\",\"url\":\"http:\/\/denizcankizil.tr\/uk\/haberler\/gundem\/akdeniz-belediyesinde-5-tutuklama-yeni-baskan-kaymakam-sener-atandi\/\",\"name\":\"Akdeniz Belediyesi'nde 5 tutuklama! Yeni Ba\u015fkan Kaymakam \u015eener atand\u0131 - Av. Deniz Can K\u0131z\u0131l\",\"isPartOf\":{\"@id\":\"https:\/\/denizcankizil.tr\/de\/#website\"},\"datePublished\":\"2025-01-13T07:41:33+00:00\",\"breadcrumb\":{\"@id\":\"http:\/\/denizcankizil.tr\/uk\/haberler\/gundem\/akdeniz-belediyesinde-5-tutuklama-yeni-baskan-kaymakam-sener-atandi\/#breadcrumb\"},\"inLanguage\":\"uk\",\"potentialAction\":[{\"@type\":\"ReadAction\",\"target\":[\"http:\/\/denizcankizil.tr\/uk\/haberler\/gundem\/akdeniz-belediyesinde-5-tutuklama-yeni-baskan-kaymakam-sener-atandi\/\"]}]},{\"@type\":\"BreadcrumbList\",\"@id\":\"http:\/\/denizcankizil.tr\/uk\/haberler\/gundem\/akdeniz-belediyesinde-5-tutuklama-yeni-baskan-kaymakam-sener-atandi\/#breadcrumb\",\"itemListElement\":[{\"@type\":\"ListItem\",\"position\":1,\"name\":\"Home\",\"item\":\"https:\/\/denizcankizil.tr\/de\/\"},{\"@type\":\"ListItem\",\"position\":2,\"name\":\"Akdeniz Belediyesi&#8217;nde 5 tutuklama! Yeni Ba\u015fkan Kaymakam \u015eener atand\u0131\"}]},{\"@type\":\"WebSite\",\"@id\":\"https:\/\/denizcankizil.tr\/de\/#website\",\"url\":\"https:\/\/denizcankizil.tr\/de\/\",\"name\":\"Av. Deniz Can K\u0131z\u0131l\",\"description\":\"Avukat Deniz Can K\u0131z\u0131l Antalya Barosu\",\"publisher\":{\"@id\":\"https:\/\/denizcankizil.tr\/de\/#organization\"},\"potentialAction\":[{\"@type\":\"SearchAction\",\"target\":{\"@type\":\"EntryPoint\",\"urlTemplate\":\"https:\/\/denizcankizil.tr\/de\/?s={search_term_string}\"},\"query-input\":{\"@type\":\"PropertyValueSpecification\",\"valueRequired\":true,\"valueName\":\"search_term_string\"}}],\"inLanguage\":\"uk\"},{\"@type\":\"Organization\",\"@id\":\"https:\/\/denizcankizil.tr\/de\/#organization\",\"name\":\"Av. Deniz Can K\u0131z\u0131l\",\"url\":\"https:\/\/denizcankizil.tr\/de\/\",\"logo\":{\"@type\":\"ImageObject\",\"inLanguage\":\"uk\",\"@id\":\"https:\/\/denizcankizil.tr\/de\/#\/schema\/logo\/image\/\",\"url\":\"http:\/\/denizcankizil.tr\/wp-content\/uploads\/2024\/10\/siyah-logo-svg.svg\",\"contentUrl\":\"http:\/\/denizcankizil.tr\/wp-content\/uploads\/2024\/10\/siyah-logo-svg.svg\",\"width\":1080,\"height\":1080,\"caption\":\"Av. Deniz Can K\u0131z\u0131l\"},\"image\":{\"@id\":\"https:\/\/denizcankizil.tr\/de\/#\/schema\/logo\/image\/\"}},{\"@type\":\"Person\",\"@id\":\"https:\/\/denizcankizil.tr\/de\/#\/schema\/person\/be3c05fe6a12686905512445d8185489\",\"name\":\"admin\",\"image\":{\"@type\":\"ImageObject\",\"inLanguage\":\"uk\",\"@id\":\"https:\/\/denizcankizil.tr\/de\/#\/schema\/person\/image\/\",\"url\":\"https:\/\/secure.gravatar.com\/avatar\/c1fce94c830dc79107e174f890d7210541c4a63e8e5d816341794a2151c9d58c?s=96&d=mm&r=g\",\"contentUrl\":\"https:\/\/secure.gravatar.com\/avatar\/c1fce94c830dc79107e174f890d7210541c4a63e8e5d816341794a2151c9d58c?s=96&d=mm&r=g\",\"caption\":\"admin\"},\"sameAs\":[\"http:\/\/denizcankizil.tr\"],\"url\":\"https:\/\/www.iskenderun.org\/akdeniz-belediyesinde-5-tutuklama-yeni-baskan-kaymakam-sener-atandi\"}]}<\/script>\n<!-- \/ Yoast SEO Premium plugin. -->","yoast_head_json":{"title":"Akdeniz Belediyesi'nde 5 tutuklama! Yeni Ba\u015fkan Kaymakam \u015eener atand\u0131 - Av. Deniz Can K\u0131z\u0131l","robots":{"index":"index","follow":"follow","max-snippet":"max-snippet:-1","max-image-preview":"max-image-preview:large","max-video-preview":"max-video-preview:-1"},"canonical":"http:\/\/denizcankizil.tr\/uk\/haberler\/gundem\/akdeniz-belediyesinde-5-tutuklama-yeni-baskan-kaymakam-sener-atandi\/","og_locale":"uk_UA","og_type":"article","og_title":"Akdeniz Belediyesi'nde 5 tutuklama! Yeni Ba\u015fkan Kaymakam \u015eener atand\u0131","og_description":"Ter\u00f6r soru\u015fturmas\u0131 kapsam\u0131nda Mersin&#8217;de g\u00f6zalt\u0131na al\u0131nan Akdeniz Belediye Ba\u015fkan\u0131 Ho\u015fyar Sar\u0131y\u0131ld\u0131z ile e\u015f belediye ba\u015fkan\u0131n da oldu\u011fu 4 belediye meclis \u00fcyesi tutukland\u0131. \u0130\u00e7i\u015fleri Bakanl\u0131\u011f\u0131, Ho\u015fyar Sar\u0131y\u0131ld\u0131z&#8217;\u0131n yerine Akdeniz Kaymakam\u0131 Zeyit \u015eener belediye ba\u015fkan vekili olarak g\u00f6revlendirildi.ANKARA (\u0130GFA) &#8211; Hat\u0131rlanaca\u011f\u0131 gibi 10 Ocak Cuma g\u00fcn\u00fc Mersin Cumhuriyet Ba\u015fsavc\u0131l\u0131\u011f\u0131&#8217;nca y\u00fcr\u00fct\u00fclen soru\u015fturma kapsam\u0131nda Mersin \u0130l Emniyet M\u00fcd\u00fcrl\u00fc\u011f\u00fc ekiplerince g\u00f6zalt\u0131na al\u0131nan Akdeniz Belediye Ba\u015fkan\u0131 Ho\u015fyar Sar\u0131y\u0131ld\u0131z, Belediye Ba\u015fkan Yard\u0131mc\u0131s\u0131 ve Meclis \u00dcyesi Nuriye Arslan ile DEM Parti&#8217;li meclis \u00fcyeleri \u00d6zg\u00fcr \u00c7a\u011flar, Neslihan Oru\u00e7, Yakup Dan\u0131\u015f ve Hikmet Bak\u0131rhan&#8217;\u0131n emniyetteki i\u015flemleri tamamland\u0131. G\u00f6zalt\u0131na al\u0131nan isimlerden Yakup Dan\u0131\u015f adli kontrol \u015fart\u0131yla serbest b\u0131rak\u0131l\u0131rken, di\u011fer isimler \u00e7\u0131kar\u0131ld\u0131klar\u0131 &#8220;PKK\/KCK silahl\u0131 ter\u00f6r \u00f6rg\u00fct\u00fcne \u00fcye olmak&#8221; su\u00e7lar\u0131ndan\u00a0 mahkemece tutukland\u0131. \u0130\u00e7i\u015fleri Bakanl\u0131\u011f\u0131&#8217;nden yap\u0131lan yaz\u0131l\u0131 a\u00e7\u0131klamada Akdeniz Belediye Ba\u015fkan\u0131 Ho\u015fyar Sar\u0131y\u0131ld\u0131z&#8217;\u0131n da &#8220;ter\u00f6r \u00f6rg\u00fct\u00fc propagandas\u0131 yapmak&#8221;, &#8220;Silahl\u0131 ter\u00f6r \u00f6rg\u00fct\u00fcne \u00fcye olmak&#8221;, &#8220;Ter\u00f6rizmin finansman\u0131n\u0131n \u00f6nlenmesi hakk\u0131nda kanuna muhalefet&#8221; ve &#8220;2911 say\u0131l\u0131 toplant\u0131 ve g\u00f6steri y\u00fcr\u00fcy\u015fleri kanununa muhalefet&#8221; su\u00e7lar\u0131ndan sevk edildi\u011fi Mersin 1. Sulh Ceza Hakimli\u011fi&#8217;nce tutukland\u0131\u011f\u0131 bildirildi. Bakanl\u0131k, ge\u00e7ici tedbir olarak Sar\u0131y\u0131ld\u0131z&#8217;\u0131n g\u00f6revden uzakla\u015ft\u0131r\u0131lmas\u0131na yerine ise Belediye Ba\u015fkanvekili olarak Akdeniz Kaymakam\u0131 Zeyit \u015eener&#8217;in g\u00f6revlendirilmesine karar verdi. ZEY\u0130T \u015eENER K\u0130MD\u0130R? 1975 tarihinde Antalya&#8217;n\u0131n Akseki \u0130l\u00e7esi Kuyucak K\u00f6y\u00fcnde do\u011fan Kaymakam Zeyit \u015eENER, ilk ve orta \u00f6\u011frenimini memleketinde, lise \u00f6\u011frenimini ise Antalya Yavuz Selim Lisesinde okuyarak &hellip;","og_url":"http:\/\/denizcankizil.tr\/uk\/haberler\/gundem\/akdeniz-belediyesinde-5-tutuklama-yeni-baskan-kaymakam-sener-atandi\/","og_site_name":"Av. Deniz Can K\u0131z\u0131l","article_published_time":"2025-01-13T07:41:33+00:00","author":"admin","twitter_card":"summary_large_image","twitter_misc":{"\u041d\u0430\u043f\u0438\u0441\u0430\u043d\u043e":"admin","\u041f\u0440\u0438\u0431\u043b. \u0447\u0430\u0441 \u0447\u0438\u0442\u0430\u043d\u043d\u044f":"5 \u0445\u0432\u0438\u043b\u0438\u043d"},"schema":{"@context":"https:\/\/schema.org","@graph":[{"@type":"Article","@id":"http:\/\/denizcankizil.tr\/uk\/haberler\/gundem\/akdeniz-belediyesinde-5-tutuklama-yeni-baskan-kaymakam-sener-atandi\/#article","isPartOf":{"@id":"http:\/\/denizcankizil.tr\/uk\/haberler\/gundem\/akdeniz-belediyesinde-5-tutuklama-yeni-baskan-kaymakam-sener-atandi\/"},"author":{"name":"admin","@id":"https:\/\/denizcankizil.tr\/de\/#\/schema\/person\/be3c05fe6a12686905512445d8185489"},"headline":"Akdeniz Belediyesi&#8217;nde 5 tutuklama! Yeni Ba\u015fkan Kaymakam \u015eener atand\u0131","datePublished":"2025-01-13T07:41:33+00:00","mainEntityOfPage":{"@id":"http:\/\/denizcankizil.tr\/uk\/haberler\/gundem\/akdeniz-belediyesinde-5-tutuklama-yeni-baskan-kaymakam-sener-atandi\/"},"wordCount":990,"commentCount":0,"publisher":{"@id":"https:\/\/denizcankizil.tr\/de\/#organization"},"articleSection":["G\u00fcndem"],"inLanguage":"uk","potentialAction":[{"@type":"CommentAction","name":"Comment","target":["http:\/\/denizcankizil.tr\/uk\/haberler\/gundem\/akdeniz-belediyesinde-5-tutuklama-yeni-baskan-kaymakam-sener-atandi\/#respond"]}]},{"@type":"WebPage","@id":"http:\/\/denizcankizil.tr\/uk\/haberler\/gundem\/akdeniz-belediyesinde-5-tutuklama-yeni-baskan-kaymakam-sener-atandi\/","url":"http:\/\/denizcankizil.tr\/uk\/haberler\/gundem\/akdeniz-belediyesinde-5-tutuklama-yeni-baskan-kaymakam-sener-atandi\/","name":"Akdeniz Belediyesi'nde 5 tutuklama! Yeni Ba\u015fkan Kaymakam \u015eener atand\u0131 - Av. Deniz Can K\u0131z\u0131l","isPartOf":{"@id":"https:\/\/denizcankizil.tr\/de\/#website"},"datePublished":"2025-01-13T07:41:33+00:00","breadcrumb":{"@id":"http:\/\/denizcankizil.tr\/uk\/haberler\/gundem\/akdeniz-belediyesinde-5-tutuklama-yeni-baskan-kaymakam-sener-atandi\/#breadcrumb"},"inLanguage":"uk","potentialAction":[{"@type":"ReadAction","target":["http:\/\/denizcankizil.tr\/uk\/haberler\/gundem\/akdeniz-belediyesinde-5-tutuklama-yeni-baskan-kaymakam-sener-atandi\/"]}]},{"@type":"BreadcrumbList","@id":"http:\/\/denizcankizil.tr\/uk\/haberler\/gundem\/akdeniz-belediyesinde-5-tutuklama-yeni-baskan-kaymakam-sener-atandi\/#breadcrumb","itemListElement":[{"@type":"ListItem","position":1,"name":"Home","item":"https:\/\/denizcankizil.tr\/de\/"},{"@type":"ListItem","position":2,"name":"Akdeniz Belediyesi&#8217;nde 5 tutuklama! Yeni Ba\u015fkan Kaymakam \u015eener atand\u0131"}]},{"@type":"WebSite","@id":"https:\/\/denizcankizil.tr\/de\/#website","url":"https:\/\/denizcankizil.tr\/de\/","name":"Av. Deniz Can K\u0131z\u0131l","description":"Avukat Deniz Can K\u0131z\u0131l Antalya Barosu","publisher":{"@id":"https:\/\/denizcankizil.tr\/de\/#organization"},"potentialAction":[{"@type":"SearchAction","target":{"@type":"EntryPoint","urlTemplate":"https:\/\/denizcankizil.tr\/de\/?s={search_term_string}"},"query-input":{"@type":"PropertyValueSpecification","valueRequired":true,"valueName":"search_term_string"}}],"inLanguage":"uk"},{"@type":"Organization","@id":"https:\/\/denizcankizil.tr\/de\/#organization","name":"Av. Deniz Can K\u0131z\u0131l","url":"https:\/\/denizcankizil.tr\/de\/","logo":{"@type":"ImageObject","inLanguage":"uk","@id":"https:\/\/denizcankizil.tr\/de\/#\/schema\/logo\/image\/","url":"http:\/\/denizcankizil.tr\/wp-content\/uploads\/2024\/10\/siyah-logo-svg.svg","contentUrl":"http:\/\/denizcankizil.tr\/wp-content\/uploads\/2024\/10\/siyah-logo-svg.svg","width":1080,"height":1080,"caption":"Av. Deniz Can K\u0131z\u0131l"},"image":{"@id":"https:\/\/denizcankizil.tr\/de\/#\/schema\/logo\/image\/"}},{"@type":"Person","@id":"https:\/\/denizcankizil.tr\/de\/#\/schema\/person\/be3c05fe6a12686905512445d8185489","name":"\u0430\u0434\u043c\u0456\u043d","image":{"@type":"ImageObject","inLanguage":"uk","@id":"https:\/\/denizcankizil.tr\/de\/#\/schema\/person\/image\/","url":"https:\/\/secure.gravatar.com\/avatar\/c1fce94c830dc79107e174f890d7210541c4a63e8e5d816341794a2151c9d58c?s=96&d=mm&r=g","contentUrl":"https:\/\/secure.gravatar.com\/avatar\/c1fce94c830dc79107e174f890d7210541c4a63e8e5d816341794a2151c9d58c?s=96&d=mm&r=g","caption":"admin"},"sameAs":["http:\/\/denizcankizil.tr"],"url":"https:\/\/www.iskenderun.org\/akdeniz-belediyesinde-5-tutuklama-yeni-baskan-kaymakam-sener-atandi"}]}},"_links":{"self":[{"href":"http:\/\/denizcankizil.tr\/uk\/wp-json\/wp\/v2\/posts\/25085","targetHints":{"allow":["GET"]}}],"collection":[{"href":"http:\/\/denizcankizil.tr\/uk\/wp-json\/wp\/v2\/posts"}],"about":[{"href":"http:\/\/denizcankizil.tr\/uk\/wp-json\/wp\/v2\/types\/post"}],"author":[{"embeddable":true,"href":"http:\/\/denizcankizil.tr\/uk\/wp-json\/wp\/v2\/users\/1"}],"replies":[{"embeddable":true,"href":"http:\/\/denizcankizil.tr\/uk\/wp-json\/wp\/v2\/comments?post=25085"}],"version-history":[{"count":0,"href":"http:\/\/denizcankizil.tr\/uk\/wp-json\/wp\/v2\/posts\/25085\/revisions"}],"wp:attachment":[{"href":"http:\/\/denizcankizil.tr\/uk\/wp-json\/wp\/v2\/media?parent=25085"}],"wp:term":[{"taxonomy":"category","embeddable":true,"href":"http:\/\/denizcankizil.tr\/uk\/wp-json\/wp\/v2\/categories?post=25085"},{"taxonomy":"post_tag","embeddable":true,"href":"http:\/\/denizcankizil.tr\/uk\/wp-json\/wp\/v2\/tags?post=25085"}],"curies":[{"name":"wp","href":"https:\/\/api.w.org\/{rel}","templated":true}]}}