{"id":25010,"date":"2025-01-12T17:41:49","date_gmt":"2025-01-12T14:41:49","guid":{"rendered":"https:\/\/denizcankizil.tr\/uncategorized-tr\/emlakcilarin-sosyal-medya-hesaplari-bir-bir-kapatiliyor\/"},"modified":"2025-01-12T17:41:49","modified_gmt":"2025-01-12T14:41:49","slug":"emlakcilarin-sosyal-medya-hesaplari-bir-bir-kapatiliyor","status":"publish","type":"post","link":"http:\/\/denizcankizil.tr\/uk\/haberler\/gundem\/emlakcilarin-sosyal-medya-hesaplari-bir-bir-kapatiliyor\/","title":{"rendered":"Emlak\u00e7\u0131lar\u0131n sosyal medya hesaplar\u0131 bir bir kapat\u0131l\u0131yor"},"content":{"rendered":"<p>Ticaret Bakanl\u0131\u011f\u0131\u2019n\u0131n emlak piyasas\u0131n\u0131 d\u00fczenlemek i\u00e7in yeni ald\u0131\u011f\u0131 bir karar ile sosyal medya \u00fczerinden emlak ilan\u0131 payla\u015fan hesaplar\u0131 bir bir kapatmaya ba\u015flad\u0131. Bu uygunluma kapsam\u0131nda aralar\u0131nda yetki belgesi olan emlak\u00e7\u0131lar\u0131n da oldu\u011fu 1500 hesap kapat\u0131ld\u0131.\u00a0<\/p>\n<p>ARTIK SOSYAL MEDYA \u00dcZER\u0130NDEN \u0130LAN VER\u0130LEMEYECEK\u00a0<\/p>\n<p>Ge\u00e7ti\u011fimiz haftalarda Ticaret Bakanl\u0131\u011f\u0131\u2019n\u0131n alm\u0131\u015f oldu\u011fu bir karar ile sosyal medya \u00fczerinden emlak ilan\u0131 payla\u015fan hesaplar kapat\u0131ld\u0131. Bakanl\u0131k bu ad\u0131mla emlak sekt\u00f6r\u00fcn\u00fc disipline etmeyi ve haks\u0131z rekabeti \u00f6nlemeyi ama\u00e7lad\u0131.\u00a0<\/p>\n<p>1500 HESAP KAPATILDI\u00a0<\/p>\n<p>Fakat bu durum pek \u00e7ok emlak\u00e7\u0131n\u0131n i\u015fine ket vurdu. \u015eu ana kadar sosyal medya \u00fczerinden emlak ilan\u0131 veren 1500 hesab\u0131n kapat\u0131ld\u0131\u011f\u0131 bilgi payla\u015f\u0131l\u0131rken yetki belgesine sahip olan emlak\u00e7\u0131larda bu durumdan etkilendi ve \u00e7o\u011fu emlak\u00e7\u0131 bu y\u00fczden sosyal medya hesab\u0131n\u0131 kaybetti. \u00a0CHP Antalya Milletvekili Aykut Kaya ise emlak\u00e7\u0131lar\u0131n ma\u011fduriyetini dile getirdi.\u00a0<\/p>\n<p>\u201cKURUNUN YANINDA YA\u015eTA YANDI\u201d<\/p>\n<p>Kaya, yapt\u0131\u011f\u0131 a\u00e7\u0131klamada \u015fu ana kadar 1500 hesab\u0131n kapat\u0131ld\u0131\u011f\u0131n\u0131 ve bu say\u0131n\u0131n daha da artaca\u011f\u0131na i\u015faret ederek, \u201cTa\u015f\u0131nmaz Ticaret Y\u00f6netmeli\u011findeki son de\u011fi\u015fiklik nedeniyle yakla\u015f\u0131k 1500 emlak dan\u0131\u015fman\u0131n\u0131n sosyal medya hesab\u0131 kapat\u0131ld\u0131 ve bu say\u0131 daha da artacak gibi&#8230; Yetki belgesiyle i\u015fini hakk\u0131yla yapan, emlak dan\u0131\u015fmanlar\u0131m\u0131z\u0131n eme\u011fin l\u00fctfen heva etmeyin. Yetkisiz faaliyet g\u00f6sterenlere elbette gerekli yapt\u0131r\u0131mlar\u0131 uygulay\u0131n ama kurunun yan\u0131nda ya\u015f\u0131 da yakmay\u0131n\u201d dedi.\u00a0<\/p>\n<p>\u201cEMLAK\u00c7ILARIN \u0130T\u0130BARI KAYBOLUYOR\u201d<\/p>\n<p>Emlak\u00e7\u0131lar\u0131n bu olaydan dolay\u0131 ticari itibar\u0131n\u0131 da kaybetti\u011fine de\u011finen Aykut Kaya, \u201cFacebook ve \u0130nstagram\u0131 b\u00fcnyesinde bar\u0131nd\u0131ran Meta ile ya\u015fad\u0131\u011f\u0131m\u0131z sorunu emlak dan\u0131\u015fmanlar\u0131m\u0131z\u0131n sosyal medya hesaplar\u0131n\u0131 kapatarak de\u011fil, daha etkin bir \u00e7\u00f6z\u00fcm arayarak a\u015fabilirdiniz. Hesaplar\u0131n\u0131 kapatarak emlak dan\u0131\u015fmanlar\u0131n\u0131n sadece maddi anlamda de\u011fil, ticari itibar a\u00e7\u0131s\u0131ndan da zor durumda b\u0131rak\u0131yorsunuz\u201d diye konu\u015ftu.\u00a0<\/p>\n<p>\u00a0<\/p>\n<p>\u200bTicaret Bakanl\u0131\u011f\u0131\u2019n\u0131n alm\u0131\u015f oldu\u011fu bir karar ile sosyal medya \u00fczerinden emlak ilan\u0131 payla\u015fan hesaplar bir bir kapanmaya ba\u015flad\u0131. Bu uygulama kapsam\u0131nda \u015fu ana kadar 1500 emlak hesab\u0131 kapat\u0131ld\u0131.\u00a0<\/p>\n<p>\u200bHaberin Al\u0131nt\u0131land\u0131\u011f\u0131 Kaynak: www.antalyakorfez.com<\/p>","protected":false},"excerpt":{"rendered":"<p>Ticaret Bakanl\u0131\u011f\u0131\u2019n\u0131n emlak piyasas\u0131n\u0131 d\u00fczenlemek i\u00e7in yeni ald\u0131\u011f\u0131 bir karar ile sosyal medya \u00fczerinden emlak ilan\u0131 payla\u015fan hesaplar\u0131 bir bir kapatmaya ba\u015flad\u0131. Bu uygunluma kapsam\u0131nda aralar\u0131nda yetki belgesi olan emlak\u00e7\u0131lar\u0131n da oldu\u011fu 1500 hesap kapat\u0131ld\u0131.\u00a0 ARTIK SOSYAL MEDYA \u00dcZER\u0130NDEN \u0130LAN VER\u0130LEMEYECEK\u00a0 Ge\u00e7ti\u011fimiz haftalarda Ticaret Bakanl\u0131\u011f\u0131\u2019n\u0131n alm\u0131\u015f oldu\u011fu bir karar ile sosyal medya \u00fczerinden emlak ilan\u0131 payla\u015fan hesaplar kapat\u0131ld\u0131. Bakanl\u0131k bu ad\u0131mla emlak sekt\u00f6r\u00fcn\u00fc disipline etmeyi ve haks\u0131z rekabeti \u00f6nlemeyi ama\u00e7lad\u0131.\u00a0 1500 HESAP KAPATILDI\u00a0 Fakat bu durum pek \u00e7ok emlak\u00e7\u0131n\u0131n i\u015fine ket vurdu. \u015eu ana kadar sosyal medya \u00fczerinden emlak ilan\u0131 veren 1500 hesab\u0131n kapat\u0131ld\u0131\u011f\u0131 bilgi payla\u015f\u0131l\u0131rken yetki belgesine sahip olan emlak\u00e7\u0131larda bu durumdan etkilendi ve \u00e7o\u011fu emlak\u00e7\u0131 bu y\u00fczden sosyal medya hesab\u0131n\u0131 kaybetti. \u00a0CHP Antalya Milletvekili Aykut Kaya ise emlak\u00e7\u0131lar\u0131n ma\u011fduriyetini dile getirdi.\u00a0 \u201cKURUNUN YANINDA YA\u015eTA YANDI\u201d Kaya, yapt\u0131\u011f\u0131 a\u00e7\u0131klamada \u015fu ana kadar 1500 hesab\u0131n kapat\u0131ld\u0131\u011f\u0131n\u0131 ve bu say\u0131n\u0131n daha da artaca\u011f\u0131na i\u015faret ederek, \u201cTa\u015f\u0131nmaz Ticaret Y\u00f6netmeli\u011findeki son de\u011fi\u015fiklik nedeniyle yakla\u015f\u0131k 1500 emlak dan\u0131\u015fman\u0131n\u0131n sosyal medya hesab\u0131 kapat\u0131ld\u0131 ve bu say\u0131 daha da artacak gibi&#8230; Yetki belgesiyle i\u015fini hakk\u0131yla yapan, emlak dan\u0131\u015fmanlar\u0131m\u0131z\u0131n eme\u011fin l\u00fctfen heva etmeyin. Yetkisiz faaliyet g\u00f6sterenlere elbette gerekli yapt\u0131r\u0131mlar\u0131 uygulay\u0131n ama kurunun yan\u0131nda ya\u015f\u0131 da yakmay\u0131n\u201d dedi.\u00a0 \u201cEMLAK\u00c7ILARIN \u0130T\u0130BARI KAYBOLUYOR\u201d Emlak\u00e7\u0131lar\u0131n bu olaydan dolay\u0131 ticari itibar\u0131n\u0131 da &hellip;<\/p>","protected":false},"author":5,"featured_media":0,"comment_status":"open","ping_status":"open","sticky":false,"template":"","format":"standard","meta":{"_acf_changed":false,"footnotes":""},"categories":[24],"tags":[],"class_list":["post-25010","post","type-post","status-publish","format-standard","has-post-thumbnail","hentry","category-gundem"],"acf":[],"yoast_head":"<!-- This site is optimized with the Yoast SEO Premium plugin v26.6 (Yoast SEO v27.1.1) - https:\/\/yoast.com\/product\/yoast-seo-premium-wordpress\/ -->\n<title>Emlak\u00e7\u0131lar\u0131n sosyal medya hesaplar\u0131 bir bir kapat\u0131l\u0131yor - Av. Deniz Can K\u0131z\u0131l<\/title>\n<meta name=\"robots\" content=\"index, follow, max-snippet:-1, max-image-preview:large, max-video-preview:-1\" \/>\n<link rel=\"canonical\" href=\"https:\/\/denizcankizil.tr\/uk\/haberler\/gundem\/emlakcilarin-sosyal-medya-hesaplari-bir-bir-kapatiliyor\/\" \/>\n<meta property=\"og:locale\" content=\"uk_UA\" \/>\n<meta property=\"og:type\" content=\"article\" \/>\n<meta property=\"og:title\" content=\"Emlak\u00e7\u0131lar\u0131n sosyal medya hesaplar\u0131 bir bir kapat\u0131l\u0131yor\" \/>\n<meta property=\"og:description\" content=\"Ticaret Bakanl\u0131\u011f\u0131\u2019n\u0131n emlak piyasas\u0131n\u0131 d\u00fczenlemek i\u00e7in yeni ald\u0131\u011f\u0131 bir karar ile sosyal medya \u00fczerinden emlak ilan\u0131 payla\u015fan hesaplar\u0131 bir bir kapatmaya ba\u015flad\u0131. Bu uygunluma kapsam\u0131nda aralar\u0131nda yetki belgesi olan emlak\u00e7\u0131lar\u0131n da oldu\u011fu 1500 hesap kapat\u0131ld\u0131.\u00a0 ARTIK SOSYAL MEDYA \u00dcZER\u0130NDEN \u0130LAN VER\u0130LEMEYECEK\u00a0 Ge\u00e7ti\u011fimiz haftalarda Ticaret Bakanl\u0131\u011f\u0131\u2019n\u0131n alm\u0131\u015f oldu\u011fu bir karar ile sosyal medya \u00fczerinden emlak ilan\u0131 payla\u015fan hesaplar kapat\u0131ld\u0131. Bakanl\u0131k bu ad\u0131mla emlak sekt\u00f6r\u00fcn\u00fc disipline etmeyi ve haks\u0131z rekabeti \u00f6nlemeyi ama\u00e7lad\u0131.\u00a0 1500 HESAP KAPATILDI\u00a0 Fakat bu durum pek \u00e7ok emlak\u00e7\u0131n\u0131n i\u015fine ket vurdu. \u015eu ana kadar sosyal medya \u00fczerinden emlak ilan\u0131 veren 1500 hesab\u0131n kapat\u0131ld\u0131\u011f\u0131 bilgi payla\u015f\u0131l\u0131rken yetki belgesine sahip olan emlak\u00e7\u0131larda bu durumdan etkilendi ve \u00e7o\u011fu emlak\u00e7\u0131 bu y\u00fczden sosyal medya hesab\u0131n\u0131 kaybetti. \u00a0CHP Antalya Milletvekili Aykut Kaya ise emlak\u00e7\u0131lar\u0131n ma\u011fduriyetini dile getirdi.\u00a0 \u201cKURUNUN YANINDA YA\u015eTA YANDI\u201d Kaya, yapt\u0131\u011f\u0131 a\u00e7\u0131klamada \u015fu ana kadar 1500 hesab\u0131n kapat\u0131ld\u0131\u011f\u0131n\u0131 ve bu say\u0131n\u0131n daha da artaca\u011f\u0131na i\u015faret ederek, \u201cTa\u015f\u0131nmaz Ticaret Y\u00f6netmeli\u011findeki son de\u011fi\u015fiklik nedeniyle yakla\u015f\u0131k 1500 emlak dan\u0131\u015fman\u0131n\u0131n sosyal medya hesab\u0131 kapat\u0131ld\u0131 ve bu say\u0131 daha da artacak gibi&#8230; Yetki belgesiyle i\u015fini hakk\u0131yla yapan, emlak dan\u0131\u015fmanlar\u0131m\u0131z\u0131n eme\u011fin l\u00fctfen heva etmeyin. Yetkisiz faaliyet g\u00f6sterenlere elbette gerekli yapt\u0131r\u0131mlar\u0131 uygulay\u0131n ama kurunun yan\u0131nda ya\u015f\u0131 da yakmay\u0131n\u201d dedi.\u00a0 \u201cEMLAK\u00c7ILARIN \u0130T\u0130BARI KAYBOLUYOR\u201d Emlak\u00e7\u0131lar\u0131n bu olaydan dolay\u0131 ticari itibar\u0131n\u0131 da &hellip;\" \/>\n<meta property=\"og:url\" content=\"https:\/\/denizcankizil.tr\/uk\/haberler\/gundem\/emlakcilarin-sosyal-medya-hesaplari-bir-bir-kapatiliyor\/\" \/>\n<meta property=\"og:site_name\" content=\"Av. Deniz Can K\u0131z\u0131l\" \/>\n<meta property=\"article:published_time\" content=\"2025-01-12T14:41:49+00:00\" \/>\n<meta name=\"author\" content=\"Antalya K\u00f6rfez\" \/>\n<meta name=\"twitter:card\" content=\"summary_large_image\" \/>\n<meta name=\"twitter:label1\" content=\"\u041d\u0430\u043f\u0438\u0441\u0430\u043d\u043e\" \/>\n\t<meta name=\"twitter:data1\" content=\"Antalya K\u00f6rfez\" \/>\n\t<meta name=\"twitter:label2\" content=\"\u041f\u0440\u0438\u0431\u043b. \u0447\u0430\u0441 \u0447\u0438\u0442\u0430\u043d\u043d\u044f\" \/>\n\t<meta name=\"twitter:data2\" content=\"2 \u0445\u0432\u0438\u043b\u0438\u043d\u0438\" \/>\n<script type=\"application\/ld+json\" class=\"yoast-schema-graph\">{\"@context\":\"https:\/\/schema.org\",\"@graph\":[{\"@type\":\"Article\",\"@id\":\"https:\/\/denizcankizil.tr\/ru\/haberler\/gundem\/emlakcilarin-sosyal-medya-hesaplari-bir-bir-kapatiliyor\/#article\",\"isPartOf\":{\"@id\":\"https:\/\/denizcankizil.tr\/ru\/haberler\/gundem\/emlakcilarin-sosyal-medya-hesaplari-bir-bir-kapatiliyor\/\"},\"author\":{\"name\":\"Antalya K\u00f6rfez\",\"@id\":\"https:\/\/denizcankizil.tr\/de\/#\/schema\/person\/e1eb71bb4dd684d46563f0af307e1234\"},\"headline\":\"Emlak\u00e7\u0131lar\u0131n sosyal medya hesaplar\u0131 bir bir kapat\u0131l\u0131yor\",\"datePublished\":\"2025-01-12T14:41:49+00:00\",\"mainEntityOfPage\":{\"@id\":\"https:\/\/denizcankizil.tr\/ru\/haberler\/gundem\/emlakcilarin-sosyal-medya-hesaplari-bir-bir-kapatiliyor\/\"},\"wordCount\":397,\"commentCount\":0,\"publisher\":{\"@id\":\"https:\/\/denizcankizil.tr\/de\/#organization\"},\"articleSection\":[\"G\u00fcndem\"],\"inLanguage\":\"uk\",\"potentialAction\":[{\"@type\":\"CommentAction\",\"name\":\"Comment\",\"target\":[\"https:\/\/denizcankizil.tr\/ru\/haberler\/gundem\/emlakcilarin-sosyal-medya-hesaplari-bir-bir-kapatiliyor\/#respond\"]}]},{\"@type\":\"WebPage\",\"@id\":\"https:\/\/denizcankizil.tr\/ru\/haberler\/gundem\/emlakcilarin-sosyal-medya-hesaplari-bir-bir-kapatiliyor\/\",\"url\":\"https:\/\/denizcankizil.tr\/ru\/haberler\/gundem\/emlakcilarin-sosyal-medya-hesaplari-bir-bir-kapatiliyor\/\",\"name\":\"Emlak\u00e7\u0131lar\u0131n sosyal medya hesaplar\u0131 bir bir kapat\u0131l\u0131yor - Av. Deniz Can K\u0131z\u0131l\",\"isPartOf\":{\"@id\":\"https:\/\/denizcankizil.tr\/de\/#website\"},\"datePublished\":\"2025-01-12T14:41:49+00:00\",\"breadcrumb\":{\"@id\":\"https:\/\/denizcankizil.tr\/ru\/haberler\/gundem\/emlakcilarin-sosyal-medya-hesaplari-bir-bir-kapatiliyor\/#breadcrumb\"},\"inLanguage\":\"uk\",\"potentialAction\":[{\"@type\":\"ReadAction\",\"target\":[\"https:\/\/denizcankizil.tr\/ru\/haberler\/gundem\/emlakcilarin-sosyal-medya-hesaplari-bir-bir-kapatiliyor\/\"]}]},{\"@type\":\"BreadcrumbList\",\"@id\":\"https:\/\/denizcankizil.tr\/ru\/haberler\/gundem\/emlakcilarin-sosyal-medya-hesaplari-bir-bir-kapatiliyor\/#breadcrumb\",\"itemListElement\":[{\"@type\":\"ListItem\",\"position\":1,\"name\":\"Home\",\"item\":\"https:\/\/denizcankizil.tr\/de\/\"},{\"@type\":\"ListItem\",\"position\":2,\"name\":\"Emlak\u00e7\u0131lar\u0131n sosyal medya hesaplar\u0131 bir bir kapat\u0131l\u0131yor\"}]},{\"@type\":\"WebSite\",\"@id\":\"https:\/\/denizcankizil.tr\/de\/#website\",\"url\":\"https:\/\/denizcankizil.tr\/de\/\",\"name\":\"Av. Deniz Can K\u0131z\u0131l\",\"description\":\"Avukat Deniz Can K\u0131z\u0131l Antalya Barosu\",\"publisher\":{\"@id\":\"https:\/\/denizcankizil.tr\/de\/#organization\"},\"potentialAction\":[{\"@type\":\"SearchAction\",\"target\":{\"@type\":\"EntryPoint\",\"urlTemplate\":\"https:\/\/denizcankizil.tr\/de\/?s={search_term_string}\"},\"query-input\":{\"@type\":\"PropertyValueSpecification\",\"valueRequired\":true,\"valueName\":\"search_term_string\"}}],\"inLanguage\":\"uk\"},{\"@type\":\"Organization\",\"@id\":\"https:\/\/denizcankizil.tr\/de\/#organization\",\"name\":\"Av. Deniz Can K\u0131z\u0131l\",\"url\":\"https:\/\/denizcankizil.tr\/de\/\",\"logo\":{\"@type\":\"ImageObject\",\"inLanguage\":\"uk\",\"@id\":\"https:\/\/denizcankizil.tr\/de\/#\/schema\/logo\/image\/\",\"url\":\"http:\/\/denizcankizil.tr\/wp-content\/uploads\/2024\/10\/siyah-logo-svg.svg\",\"contentUrl\":\"http:\/\/denizcankizil.tr\/wp-content\/uploads\/2024\/10\/siyah-logo-svg.svg\",\"width\":1080,\"height\":1080,\"caption\":\"Av. Deniz Can K\u0131z\u0131l\"},\"image\":{\"@id\":\"https:\/\/denizcankizil.tr\/de\/#\/schema\/logo\/image\/\"}},{\"@type\":\"Person\",\"@id\":\"https:\/\/denizcankizil.tr\/de\/#\/schema\/person\/e1eb71bb4dd684d46563f0af307e1234\",\"name\":\"Antalya K\u00f6rfez\",\"image\":{\"@type\":\"ImageObject\",\"inLanguage\":\"uk\",\"@id\":\"https:\/\/denizcankizil.tr\/de\/#\/schema\/person\/image\/\",\"url\":\"https:\/\/secure.gravatar.com\/avatar\/42b01982558a48a0b501fdcab6a408d3717ea5919095ee2e67b0e521799c5905?s=96&d=mm&r=g\",\"contentUrl\":\"https:\/\/secure.gravatar.com\/avatar\/42b01982558a48a0b501fdcab6a408d3717ea5919095ee2e67b0e521799c5905?s=96&d=mm&r=g\",\"caption\":\"Antalya K\u00f6rfez\"},\"sameAs\":[\"http:\/\/www.antalyakorfez.com\"],\"url\":\"https:\/\/www.antalyakorfez.com\/emlakcilarin-sosyal-medya-hesaplari-bir-bir-kapatiliyor\"}]}<\/script>\n<!-- \/ Yoast SEO Premium plugin. -->","yoast_head_json":{"title":"Emlak\u00e7\u0131lar\u0131n sosyal medya hesaplar\u0131 bir bir kapat\u0131l\u0131yor - Av. Deniz Can K\u0131z\u0131l","robots":{"index":"index","follow":"follow","max-snippet":"max-snippet:-1","max-image-preview":"max-image-preview:large","max-video-preview":"max-video-preview:-1"},"canonical":"https:\/\/denizcankizil.tr\/uk\/haberler\/gundem\/emlakcilarin-sosyal-medya-hesaplari-bir-bir-kapatiliyor\/","og_locale":"uk_UA","og_type":"article","og_title":"Emlak\u00e7\u0131lar\u0131n sosyal medya hesaplar\u0131 bir bir kapat\u0131l\u0131yor","og_description":"Ticaret Bakanl\u0131\u011f\u0131\u2019n\u0131n emlak piyasas\u0131n\u0131 d\u00fczenlemek i\u00e7in yeni ald\u0131\u011f\u0131 bir karar ile sosyal medya \u00fczerinden emlak ilan\u0131 payla\u015fan hesaplar\u0131 bir bir kapatmaya ba\u015flad\u0131. Bu uygunluma kapsam\u0131nda aralar\u0131nda yetki belgesi olan emlak\u00e7\u0131lar\u0131n da oldu\u011fu 1500 hesap kapat\u0131ld\u0131.\u00a0 ARTIK SOSYAL MEDYA \u00dcZER\u0130NDEN \u0130LAN VER\u0130LEMEYECEK\u00a0 Ge\u00e7ti\u011fimiz haftalarda Ticaret Bakanl\u0131\u011f\u0131\u2019n\u0131n alm\u0131\u015f oldu\u011fu bir karar ile sosyal medya \u00fczerinden emlak ilan\u0131 payla\u015fan hesaplar kapat\u0131ld\u0131. Bakanl\u0131k bu ad\u0131mla emlak sekt\u00f6r\u00fcn\u00fc disipline etmeyi ve haks\u0131z rekabeti \u00f6nlemeyi ama\u00e7lad\u0131.\u00a0 1500 HESAP KAPATILDI\u00a0 Fakat bu durum pek \u00e7ok emlak\u00e7\u0131n\u0131n i\u015fine ket vurdu. \u015eu ana kadar sosyal medya \u00fczerinden emlak ilan\u0131 veren 1500 hesab\u0131n kapat\u0131ld\u0131\u011f\u0131 bilgi payla\u015f\u0131l\u0131rken yetki belgesine sahip olan emlak\u00e7\u0131larda bu durumdan etkilendi ve \u00e7o\u011fu emlak\u00e7\u0131 bu y\u00fczden sosyal medya hesab\u0131n\u0131 kaybetti. \u00a0CHP Antalya Milletvekili Aykut Kaya ise emlak\u00e7\u0131lar\u0131n ma\u011fduriyetini dile getirdi.\u00a0 \u201cKURUNUN YANINDA YA\u015eTA YANDI\u201d Kaya, yapt\u0131\u011f\u0131 a\u00e7\u0131klamada \u015fu ana kadar 1500 hesab\u0131n kapat\u0131ld\u0131\u011f\u0131n\u0131 ve bu say\u0131n\u0131n daha da artaca\u011f\u0131na i\u015faret ederek, \u201cTa\u015f\u0131nmaz Ticaret Y\u00f6netmeli\u011findeki son de\u011fi\u015fiklik nedeniyle yakla\u015f\u0131k 1500 emlak dan\u0131\u015fman\u0131n\u0131n sosyal medya hesab\u0131 kapat\u0131ld\u0131 ve bu say\u0131 daha da artacak gibi&#8230; Yetki belgesiyle i\u015fini hakk\u0131yla yapan, emlak dan\u0131\u015fmanlar\u0131m\u0131z\u0131n eme\u011fin l\u00fctfen heva etmeyin. Yetkisiz faaliyet g\u00f6sterenlere elbette gerekli yapt\u0131r\u0131mlar\u0131 uygulay\u0131n ama kurunun yan\u0131nda ya\u015f\u0131 da yakmay\u0131n\u201d dedi.\u00a0 \u201cEMLAK\u00c7ILARIN \u0130T\u0130BARI KAYBOLUYOR\u201d Emlak\u00e7\u0131lar\u0131n bu olaydan dolay\u0131 ticari itibar\u0131n\u0131 da &hellip;","og_url":"https:\/\/denizcankizil.tr\/uk\/haberler\/gundem\/emlakcilarin-sosyal-medya-hesaplari-bir-bir-kapatiliyor\/","og_site_name":"Av. Deniz Can K\u0131z\u0131l","article_published_time":"2025-01-12T14:41:49+00:00","author":"Antalya K\u00f6rfez","twitter_card":"summary_large_image","twitter_misc":{"\u041d\u0430\u043f\u0438\u0441\u0430\u043d\u043e":"Antalya K\u00f6rfez","\u041f\u0440\u0438\u0431\u043b. \u0447\u0430\u0441 \u0447\u0438\u0442\u0430\u043d\u043d\u044f":"2 \u0445\u0432\u0438\u043b\u0438\u043d\u0438"},"schema":{"@context":"https:\/\/schema.org","@graph":[{"@type":"Article","@id":"https:\/\/denizcankizil.tr\/ru\/haberler\/gundem\/emlakcilarin-sosyal-medya-hesaplari-bir-bir-kapatiliyor\/#article","isPartOf":{"@id":"https:\/\/denizcankizil.tr\/ru\/haberler\/gundem\/emlakcilarin-sosyal-medya-hesaplari-bir-bir-kapatiliyor\/"},"author":{"name":"Antalya K\u00f6rfez","@id":"https:\/\/denizcankizil.tr\/de\/#\/schema\/person\/e1eb71bb4dd684d46563f0af307e1234"},"headline":"Emlak\u00e7\u0131lar\u0131n sosyal medya hesaplar\u0131 bir bir kapat\u0131l\u0131yor","datePublished":"2025-01-12T14:41:49+00:00","mainEntityOfPage":{"@id":"https:\/\/denizcankizil.tr\/ru\/haberler\/gundem\/emlakcilarin-sosyal-medya-hesaplari-bir-bir-kapatiliyor\/"},"wordCount":397,"commentCount":0,"publisher":{"@id":"https:\/\/denizcankizil.tr\/de\/#organization"},"articleSection":["G\u00fcndem"],"inLanguage":"uk","potentialAction":[{"@type":"CommentAction","name":"Comment","target":["https:\/\/denizcankizil.tr\/ru\/haberler\/gundem\/emlakcilarin-sosyal-medya-hesaplari-bir-bir-kapatiliyor\/#respond"]}]},{"@type":"WebPage","@id":"https:\/\/denizcankizil.tr\/ru\/haberler\/gundem\/emlakcilarin-sosyal-medya-hesaplari-bir-bir-kapatiliyor\/","url":"https:\/\/denizcankizil.tr\/ru\/haberler\/gundem\/emlakcilarin-sosyal-medya-hesaplari-bir-bir-kapatiliyor\/","name":"Emlak\u00e7\u0131lar\u0131n sosyal medya hesaplar\u0131 bir bir kapat\u0131l\u0131yor - Av. Deniz Can K\u0131z\u0131l","isPartOf":{"@id":"https:\/\/denizcankizil.tr\/de\/#website"},"datePublished":"2025-01-12T14:41:49+00:00","breadcrumb":{"@id":"https:\/\/denizcankizil.tr\/ru\/haberler\/gundem\/emlakcilarin-sosyal-medya-hesaplari-bir-bir-kapatiliyor\/#breadcrumb"},"inLanguage":"uk","potentialAction":[{"@type":"ReadAction","target":["https:\/\/denizcankizil.tr\/ru\/haberler\/gundem\/emlakcilarin-sosyal-medya-hesaplari-bir-bir-kapatiliyor\/"]}]},{"@type":"BreadcrumbList","@id":"https:\/\/denizcankizil.tr\/ru\/haberler\/gundem\/emlakcilarin-sosyal-medya-hesaplari-bir-bir-kapatiliyor\/#breadcrumb","itemListElement":[{"@type":"ListItem","position":1,"name":"Home","item":"https:\/\/denizcankizil.tr\/de\/"},{"@type":"ListItem","position":2,"name":"Emlak\u00e7\u0131lar\u0131n sosyal medya hesaplar\u0131 bir bir kapat\u0131l\u0131yor"}]},{"@type":"WebSite","@id":"https:\/\/denizcankizil.tr\/de\/#website","url":"https:\/\/denizcankizil.tr\/de\/","name":"Av. Deniz Can K\u0131z\u0131l","description":"Avukat Deniz Can K\u0131z\u0131l Antalya Barosu","publisher":{"@id":"https:\/\/denizcankizil.tr\/de\/#organization"},"potentialAction":[{"@type":"SearchAction","target":{"@type":"EntryPoint","urlTemplate":"https:\/\/denizcankizil.tr\/de\/?s={search_term_string}"},"query-input":{"@type":"PropertyValueSpecification","valueRequired":true,"valueName":"search_term_string"}}],"inLanguage":"uk"},{"@type":"Organization","@id":"https:\/\/denizcankizil.tr\/de\/#organization","name":"Av. Deniz Can K\u0131z\u0131l","url":"https:\/\/denizcankizil.tr\/de\/","logo":{"@type":"ImageObject","inLanguage":"uk","@id":"https:\/\/denizcankizil.tr\/de\/#\/schema\/logo\/image\/","url":"http:\/\/denizcankizil.tr\/wp-content\/uploads\/2024\/10\/siyah-logo-svg.svg","contentUrl":"http:\/\/denizcankizil.tr\/wp-content\/uploads\/2024\/10\/siyah-logo-svg.svg","width":1080,"height":1080,"caption":"Av. Deniz Can K\u0131z\u0131l"},"image":{"@id":"https:\/\/denizcankizil.tr\/de\/#\/schema\/logo\/image\/"}},{"@type":"Person","@id":"https:\/\/denizcankizil.tr\/de\/#\/schema\/person\/e1eb71bb4dd684d46563f0af307e1234","name":"Antalya K\u00f6rfez","image":{"@type":"ImageObject","inLanguage":"uk","@id":"https:\/\/denizcankizil.tr\/de\/#\/schema\/person\/image\/","url":"https:\/\/secure.gravatar.com\/avatar\/42b01982558a48a0b501fdcab6a408d3717ea5919095ee2e67b0e521799c5905?s=96&d=mm&r=g","contentUrl":"https:\/\/secure.gravatar.com\/avatar\/42b01982558a48a0b501fdcab6a408d3717ea5919095ee2e67b0e521799c5905?s=96&d=mm&r=g","caption":"Antalya K\u00f6rfez"},"sameAs":["http:\/\/www.antalyakorfez.com"],"url":"https:\/\/www.antalyakorfez.com\/emlakcilarin-sosyal-medya-hesaplari-bir-bir-kapatiliyor"}]}},"_links":{"self":[{"href":"http:\/\/denizcankizil.tr\/uk\/wp-json\/wp\/v2\/posts\/25010","targetHints":{"allow":["GET"]}}],"collection":[{"href":"http:\/\/denizcankizil.tr\/uk\/wp-json\/wp\/v2\/posts"}],"about":[{"href":"http:\/\/denizcankizil.tr\/uk\/wp-json\/wp\/v2\/types\/post"}],"author":[{"embeddable":true,"href":"http:\/\/denizcankizil.tr\/uk\/wp-json\/wp\/v2\/users\/5"}],"replies":[{"embeddable":true,"href":"http:\/\/denizcankizil.tr\/uk\/wp-json\/wp\/v2\/comments?post=25010"}],"version-history":[{"count":0,"href":"http:\/\/denizcankizil.tr\/uk\/wp-json\/wp\/v2\/posts\/25010\/revisions"}],"wp:attachment":[{"href":"http:\/\/denizcankizil.tr\/uk\/wp-json\/wp\/v2\/media?parent=25010"}],"wp:term":[{"taxonomy":"category","embeddable":true,"href":"http:\/\/denizcankizil.tr\/uk\/wp-json\/wp\/v2\/categories?post=25010"},{"taxonomy":"post_tag","embeddable":true,"href":"http:\/\/denizcankizil.tr\/uk\/wp-json\/wp\/v2\/tags?post=25010"}],"curies":[{"name":"wp","href":"https:\/\/api.w.org\/{rel}","templated":true}]}}