{"id":24754,"date":"2025-01-10T08:41:42","date_gmt":"2025-01-10T05:41:42","guid":{"rendered":"https:\/\/denizcankizil.tr\/uncategorized-tr\/insanlar-resmen-sefalete-acliga-yoksulluga-terk-ediliyor\/"},"modified":"2025-01-10T08:41:42","modified_gmt":"2025-01-10T05:41:42","slug":"insanlar-resmen-sefalete-acliga-yoksulluga-terk-ediliyor","status":"publish","type":"post","link":"http:\/\/denizcankizil.tr\/uk\/haberler\/gundem\/insanlar-resmen-sefalete-acliga-yoksulluga-terk-ediliyor\/","title":{"rendered":"\u0130nsanlar resmen sefalete a\u00e7l\u0131\u011fa yoksullu\u011fa terk ediliyor\u2026"},"content":{"rendered":"<p>Ge\u00e7im derinin, hayata tutunmas\u0131n\u0131n zorlu\u011funa i\u015faret eden CHP\u2019li Milletvekili Nermin Y\u0131ld\u0131r\u0131m Kara yap\u0131lan maa\u015f zamlar\u0131n\u0131 de\u011ferlendirerek \u201c\u0130ktidar\u0131n, 22 bin 104 liraya %30\u2019luk zamm\u0131n\u0131 ger\u00e7ekten sefalet \u00fccreti olarak nitelendiriyorum\u201d dedi.<\/p>\n<p>Kiralarda %58 oran\u0131nda art\u0131\u015f\u0131n oldu\u011funa dikkat \u00e7eken Milletvekili Nermin Y\u0131ld\u0131r\u0131m Kara \u201cSGK ve Ba\u011f-kur emeklisine %15.75 zam var. Memur emeklisine %11.54 zam var. Allah\u2019tan reva m\u0131 bu insanlara? Bak\u0131n biz Anadolu\u2019day\u0131z, Hatay\u2019day\u0131z, \u0130skenderun\u2019da bir evin kiras\u0131 minimum 10 bin- 15 bin lira, daha yukar\u0131s\u0131n\u0131 saym\u0131yoruz. On bin lira ev kiras\u0131 veren bir emekli veya asgari \u00fccretli geriye kalanla nas\u0131l ge\u00e7inecek? 22 bin liran\u0131n 10-15 bin liras\u0131n\u0131 ev kiras\u0131 veren asgari \u00fccretli on bin lirayla nas\u0131l ge\u00e7inecek? Buradan h\u00fck\u00fcmetin yetkililerine sesleniyoruz: Dolay\u0131s\u0131yla hem asgari \u00fccretteki 22 bin 104 lira, hem de 12 bin 500 lira olan en d\u00fc\u015f\u00fck emekli ayl\u0131\u011f\u0131n\u0131n bug\u00fcn 14 bin k\u00fcs\u00fcr liraya \u00e7\u0131kacak olmas\u0131 maksimum veya 15 bin liraya yuvarlanacak olmas\u0131 Allah\u2019tan reva m\u0131d\u0131r? Bu h\u00fck\u00fcmete soruyoruz. \u0130nsanlar\u0131n \u00e7ocuklar\u0131 var, deprem b\u00f6lgesindeyiz. \u0130ki \u00e7ocu\u011fun olsa iki- yar\u0131m tost 60 lira. \u00c7ocu\u011funun cebine para koyam\u0131yor ki, kantinde bir \u2013yar\u0131m tost yiyebilsin! Bir ayranla simit yiyemeyen ailelerin \u00e7ocuklar\u0131 var. Anne bir yumurtay\u0131 ikiye b\u00f6l\u00fcp, yar\u0131s\u0131n\u0131 bir \u00e7ocu\u011funa, yar\u0131s\u0131n di\u011fer \u00e7ocu\u011funa pay etmek zorunda kal\u0131yor. Ama h\u00fck\u00fcmete bak\u0131yorsun, verdikleri zam ku\u015f gibi\u2026\u201d \u015feklinde konu\u015ftu.<\/p>\n<p>\u201cBU \u00dcCRET ZAMLAR KABUL ED\u0130LEMEZ!\u201d<\/p>\n<p>Asgari \u00fccretli, i\u015f\u00e7i ve memur emeklilerinin \u00fccret d\u00fczeylerinin insanlar\u0131 a\u00e7l\u0131\u011fa, sefalete resmen a\u00e7l\u0131k s\u0131n\u0131r\u0131n\u0131n alt\u0131na mahkum etti\u011fini vurgulayan CHP\u2019li Milletvekili Nermin Y\u0131ld\u0131r\u0131m Kara, bu \u00fccret zamlar\u0131n\u0131 elbette kabul etmediklerini s\u00f6zlerine ekledi.\u00a0\u00a0<\/p>\n<p>\u00a0\u00a0\u00a0\u00a0\u00a0 \u00a0<\/p>\n<p>\u200bCumhuriyet Halk Partisi Hatay Milletvekili Nermin Y\u0131ld\u0131r\u0131m Kara, asgari \u00fccret, i\u015f\u00e7i ve memur emeklilerine yap\u0131lan zamla, insanlar\u0131n sefalete, a\u00e7l\u0131\u011fa, yoksullu\u011fa resmen terk edildi\u011finin resmi oldu\u011funu s\u00f6yledi.\u00a0<\/p>\n<p>\u200bHaberin Al\u0131nt\u0131land\u0131\u011f\u0131 Kaynak: www.iskenderun.org<\/p>","protected":false},"excerpt":{"rendered":"<p>Ge\u00e7im derinin, hayata tutunmas\u0131n\u0131n zorlu\u011funa i\u015faret eden CHP\u2019li Milletvekili Nermin Y\u0131ld\u0131r\u0131m Kara yap\u0131lan maa\u015f zamlar\u0131n\u0131 de\u011ferlendirerek \u201c\u0130ktidar\u0131n, 22 bin 104 liraya %30\u2019luk zamm\u0131n\u0131 ger\u00e7ekten sefalet \u00fccreti olarak nitelendiriyorum\u201d dedi. Kiralarda %58 oran\u0131nda art\u0131\u015f\u0131n oldu\u011funa dikkat \u00e7eken Milletvekili Nermin Y\u0131ld\u0131r\u0131m Kara \u201cSGK ve Ba\u011f-kur emeklisine %15.75 zam var. Memur emeklisine %11.54 zam var. Allah\u2019tan reva m\u0131 bu insanlara? Bak\u0131n biz Anadolu\u2019day\u0131z, Hatay\u2019day\u0131z, \u0130skenderun\u2019da bir evin kiras\u0131 minimum 10 bin- 15 bin lira, daha yukar\u0131s\u0131n\u0131 saym\u0131yoruz. On bin lira ev kiras\u0131 veren bir emekli veya asgari \u00fccretli geriye kalanla nas\u0131l ge\u00e7inecek? 22 bin liran\u0131n 10-15 bin liras\u0131n\u0131 ev kiras\u0131 veren asgari \u00fccretli on bin lirayla nas\u0131l ge\u00e7inecek? Buradan h\u00fck\u00fcmetin yetkililerine sesleniyoruz: Dolay\u0131s\u0131yla hem asgari \u00fccretteki 22 bin 104 lira, hem de 12 bin 500 lira olan en d\u00fc\u015f\u00fck emekli ayl\u0131\u011f\u0131n\u0131n bug\u00fcn 14 bin k\u00fcs\u00fcr liraya \u00e7\u0131kacak olmas\u0131 maksimum veya 15 bin liraya yuvarlanacak olmas\u0131 Allah\u2019tan reva m\u0131d\u0131r? Bu h\u00fck\u00fcmete soruyoruz. \u0130nsanlar\u0131n \u00e7ocuklar\u0131 var, deprem b\u00f6lgesindeyiz. \u0130ki \u00e7ocu\u011fun olsa iki- yar\u0131m tost 60 lira. \u00c7ocu\u011funun cebine para koyam\u0131yor ki, kantinde bir \u2013yar\u0131m tost yiyebilsin! Bir ayranla simit yiyemeyen ailelerin \u00e7ocuklar\u0131 var. Anne bir yumurtay\u0131 ikiye b\u00f6l\u00fcp, yar\u0131s\u0131n\u0131 bir \u00e7ocu\u011funa, yar\u0131s\u0131n di\u011fer \u00e7ocu\u011funa pay etmek zorunda kal\u0131yor. Ama h\u00fck\u00fcmete bak\u0131yorsun, verdikleri zam ku\u015f gibi\u2026\u201d &hellip;<\/p>","protected":false},"author":1,"featured_media":0,"comment_status":"open","ping_status":"open","sticky":false,"template":"","format":"standard","meta":{"_acf_changed":false,"footnotes":""},"categories":[24],"tags":[],"class_list":["post-24754","post","type-post","status-publish","format-standard","has-post-thumbnail","hentry","category-gundem"],"acf":[],"yoast_head":"<!-- This site is optimized with the Yoast SEO Premium plugin v26.6 (Yoast SEO v27.1.1) - https:\/\/yoast.com\/product\/yoast-seo-premium-wordpress\/ -->\n<title>\u0130nsanlar resmen sefalete a\u00e7l\u0131\u011fa yoksullu\u011fa terk ediliyor\u2026 - Av. Deniz Can K\u0131z\u0131l<\/title>\n<meta name=\"robots\" content=\"index, follow, max-snippet:-1, max-image-preview:large, max-video-preview:-1\" \/>\n<link rel=\"canonical\" href=\"http:\/\/denizcankizil.tr\/uk\/haberler\/gundem\/insanlar-resmen-sefalete-acliga-yoksulluga-terk-ediliyor\/\" \/>\n<meta property=\"og:locale\" content=\"uk_UA\" \/>\n<meta property=\"og:type\" content=\"article\" \/>\n<meta property=\"og:title\" content=\"\u0130nsanlar resmen sefalete a\u00e7l\u0131\u011fa yoksullu\u011fa terk ediliyor\u2026\" \/>\n<meta property=\"og:description\" content=\"Ge\u00e7im derinin, hayata tutunmas\u0131n\u0131n zorlu\u011funa i\u015faret eden CHP\u2019li Milletvekili Nermin Y\u0131ld\u0131r\u0131m Kara yap\u0131lan maa\u015f zamlar\u0131n\u0131 de\u011ferlendirerek \u201c\u0130ktidar\u0131n, 22 bin 104 liraya %30\u2019luk zamm\u0131n\u0131 ger\u00e7ekten sefalet \u00fccreti olarak nitelendiriyorum\u201d dedi. Kiralarda %58 oran\u0131nda art\u0131\u015f\u0131n oldu\u011funa dikkat \u00e7eken Milletvekili Nermin Y\u0131ld\u0131r\u0131m Kara \u201cSGK ve Ba\u011f-kur emeklisine %15.75 zam var. Memur emeklisine %11.54 zam var. Allah\u2019tan reva m\u0131 bu insanlara? Bak\u0131n biz Anadolu\u2019day\u0131z, Hatay\u2019day\u0131z, \u0130skenderun\u2019da bir evin kiras\u0131 minimum 10 bin- 15 bin lira, daha yukar\u0131s\u0131n\u0131 saym\u0131yoruz. On bin lira ev kiras\u0131 veren bir emekli veya asgari \u00fccretli geriye kalanla nas\u0131l ge\u00e7inecek? 22 bin liran\u0131n 10-15 bin liras\u0131n\u0131 ev kiras\u0131 veren asgari \u00fccretli on bin lirayla nas\u0131l ge\u00e7inecek? Buradan h\u00fck\u00fcmetin yetkililerine sesleniyoruz: Dolay\u0131s\u0131yla hem asgari \u00fccretteki 22 bin 104 lira, hem de 12 bin 500 lira olan en d\u00fc\u015f\u00fck emekli ayl\u0131\u011f\u0131n\u0131n bug\u00fcn 14 bin k\u00fcs\u00fcr liraya \u00e7\u0131kacak olmas\u0131 maksimum veya 15 bin liraya yuvarlanacak olmas\u0131 Allah\u2019tan reva m\u0131d\u0131r? Bu h\u00fck\u00fcmete soruyoruz. \u0130nsanlar\u0131n \u00e7ocuklar\u0131 var, deprem b\u00f6lgesindeyiz. \u0130ki \u00e7ocu\u011fun olsa iki- yar\u0131m tost 60 lira. \u00c7ocu\u011funun cebine para koyam\u0131yor ki, kantinde bir \u2013yar\u0131m tost yiyebilsin! Bir ayranla simit yiyemeyen ailelerin \u00e7ocuklar\u0131 var. Anne bir yumurtay\u0131 ikiye b\u00f6l\u00fcp, yar\u0131s\u0131n\u0131 bir \u00e7ocu\u011funa, yar\u0131s\u0131n di\u011fer \u00e7ocu\u011funa pay etmek zorunda kal\u0131yor. Ama h\u00fck\u00fcmete bak\u0131yorsun, verdikleri zam ku\u015f gibi\u2026\u201d &hellip;\" \/>\n<meta property=\"og:url\" content=\"http:\/\/denizcankizil.tr\/uk\/haberler\/gundem\/insanlar-resmen-sefalete-acliga-yoksulluga-terk-ediliyor\/\" \/>\n<meta property=\"og:site_name\" content=\"Av. Deniz Can K\u0131z\u0131l\" \/>\n<meta property=\"article:published_time\" content=\"2025-01-10T05:41:42+00:00\" \/>\n<meta name=\"author\" content=\"admin\" \/>\n<meta name=\"twitter:card\" content=\"summary_large_image\" \/>\n<meta name=\"twitter:label1\" content=\"\u041d\u0430\u043f\u0438\u0441\u0430\u043d\u043e\" \/>\n\t<meta name=\"twitter:data1\" content=\"admin\" \/>\n\t<meta name=\"twitter:label2\" content=\"\u041f\u0440\u0438\u0431\u043b. \u0447\u0430\u0441 \u0447\u0438\u0442\u0430\u043d\u043d\u044f\" \/>\n\t<meta name=\"twitter:data2\" content=\"2 \u0445\u0432\u0438\u043b\u0438\u043d\u0438\" \/>\n<script type=\"application\/ld+json\" class=\"yoast-schema-graph\">{\"@context\":\"https:\/\/schema.org\",\"@graph\":[{\"@type\":\"Article\",\"@id\":\"http:\/\/denizcankizil.tr\/uk\/haberler\/gundem\/insanlar-resmen-sefalete-acliga-yoksulluga-terk-ediliyor\/#article\",\"isPartOf\":{\"@id\":\"http:\/\/denizcankizil.tr\/uk\/haberler\/gundem\/insanlar-resmen-sefalete-acliga-yoksulluga-terk-ediliyor\/\"},\"author\":{\"name\":\"admin\",\"@id\":\"https:\/\/denizcankizil.tr\/#\/schema\/person\/be3c05fe6a12686905512445d8185489\"},\"headline\":\"\u0130nsanlar resmen sefalete a\u00e7l\u0131\u011fa yoksullu\u011fa terk ediliyor\u2026\",\"datePublished\":\"2025-01-10T05:41:42+00:00\",\"mainEntityOfPage\":{\"@id\":\"http:\/\/denizcankizil.tr\/uk\/haberler\/gundem\/insanlar-resmen-sefalete-acliga-yoksulluga-terk-ediliyor\/\"},\"wordCount\":372,\"commentCount\":0,\"publisher\":{\"@id\":\"https:\/\/denizcankizil.tr\/#organization\"},\"articleSection\":[\"G\u00fcndem\"],\"inLanguage\":\"uk\",\"potentialAction\":[{\"@type\":\"CommentAction\",\"name\":\"Comment\",\"target\":[\"http:\/\/denizcankizil.tr\/uk\/haberler\/gundem\/insanlar-resmen-sefalete-acliga-yoksulluga-terk-ediliyor\/#respond\"]}]},{\"@type\":\"WebPage\",\"@id\":\"http:\/\/denizcankizil.tr\/uk\/haberler\/gundem\/insanlar-resmen-sefalete-acliga-yoksulluga-terk-ediliyor\/\",\"url\":\"http:\/\/denizcankizil.tr\/uk\/haberler\/gundem\/insanlar-resmen-sefalete-acliga-yoksulluga-terk-ediliyor\/\",\"name\":\"\u0130nsanlar resmen sefalete a\u00e7l\u0131\u011fa yoksullu\u011fa terk ediliyor\u2026 - Av. Deniz Can K\u0131z\u0131l\",\"isPartOf\":{\"@id\":\"https:\/\/denizcankizil.tr\/#website\"},\"datePublished\":\"2025-01-10T05:41:42+00:00\",\"breadcrumb\":{\"@id\":\"http:\/\/denizcankizil.tr\/uk\/haberler\/gundem\/insanlar-resmen-sefalete-acliga-yoksulluga-terk-ediliyor\/#breadcrumb\"},\"inLanguage\":\"uk\",\"potentialAction\":[{\"@type\":\"ReadAction\",\"target\":[\"http:\/\/denizcankizil.tr\/uk\/haberler\/gundem\/insanlar-resmen-sefalete-acliga-yoksulluga-terk-ediliyor\/\"]}]},{\"@type\":\"BreadcrumbList\",\"@id\":\"http:\/\/denizcankizil.tr\/uk\/haberler\/gundem\/insanlar-resmen-sefalete-acliga-yoksulluga-terk-ediliyor\/#breadcrumb\",\"itemListElement\":[{\"@type\":\"ListItem\",\"position\":1,\"name\":\"Home\",\"item\":\"https:\/\/denizcankizil.tr\/uk\/\"},{\"@type\":\"ListItem\",\"position\":2,\"name\":\"\u0130nsanlar resmen sefalete a\u00e7l\u0131\u011fa yoksullu\u011fa terk ediliyor\u2026\"}]},{\"@type\":\"WebSite\",\"@id\":\"https:\/\/denizcankizil.tr\/#website\",\"url\":\"https:\/\/denizcankizil.tr\/\",\"name\":\"Av. Deniz Can K\u0131z\u0131l\",\"description\":\"Avukat Deniz Can K\u0131z\u0131l Antalya Barosu\",\"publisher\":{\"@id\":\"https:\/\/denizcankizil.tr\/#organization\"},\"potentialAction\":[{\"@type\":\"SearchAction\",\"target\":{\"@type\":\"EntryPoint\",\"urlTemplate\":\"https:\/\/denizcankizil.tr\/?s={search_term_string}\"},\"query-input\":{\"@type\":\"PropertyValueSpecification\",\"valueRequired\":true,\"valueName\":\"search_term_string\"}}],\"inLanguage\":\"uk\"},{\"@type\":\"Organization\",\"@id\":\"https:\/\/denizcankizil.tr\/#organization\",\"name\":\"Av. Deniz Can K\u0131z\u0131l\",\"url\":\"https:\/\/denizcankizil.tr\/\",\"logo\":{\"@type\":\"ImageObject\",\"inLanguage\":\"uk\",\"@id\":\"https:\/\/denizcankizil.tr\/#\/schema\/logo\/image\/\",\"url\":\"http:\/\/denizcankizil.tr\/wp-content\/uploads\/2024\/10\/siyah-logo-svg.svg\",\"contentUrl\":\"http:\/\/denizcankizil.tr\/wp-content\/uploads\/2024\/10\/siyah-logo-svg.svg\",\"width\":1080,\"height\":1080,\"caption\":\"Av. Deniz Can K\u0131z\u0131l\"},\"image\":{\"@id\":\"https:\/\/denizcankizil.tr\/#\/schema\/logo\/image\/\"}},{\"@type\":\"Person\",\"@id\":\"https:\/\/denizcankizil.tr\/#\/schema\/person\/be3c05fe6a12686905512445d8185489\",\"name\":\"admin\",\"image\":{\"@type\":\"ImageObject\",\"inLanguage\":\"uk\",\"@id\":\"https:\/\/denizcankizil.tr\/#\/schema\/person\/image\/\",\"url\":\"https:\/\/secure.gravatar.com\/avatar\/c1fce94c830dc79107e174f890d7210541c4a63e8e5d816341794a2151c9d58c?s=96&d=mm&r=g\",\"contentUrl\":\"https:\/\/secure.gravatar.com\/avatar\/c1fce94c830dc79107e174f890d7210541c4a63e8e5d816341794a2151c9d58c?s=96&d=mm&r=g\",\"caption\":\"admin\"},\"sameAs\":[\"http:\/\/denizcankizil.tr\"],\"url\":\"https:\/\/www.iskenderun.org\/insanlar-resmen-sefalete-acliga-yoksulluga-terk-ediliyor\"}]}<\/script>\n<!-- \/ Yoast SEO Premium plugin. -->","yoast_head_json":{"title":"\u0130nsanlar resmen sefalete a\u00e7l\u0131\u011fa yoksullu\u011fa terk ediliyor\u2026 - Av. Deniz Can K\u0131z\u0131l","robots":{"index":"index","follow":"follow","max-snippet":"max-snippet:-1","max-image-preview":"max-image-preview:large","max-video-preview":"max-video-preview:-1"},"canonical":"http:\/\/denizcankizil.tr\/uk\/haberler\/gundem\/insanlar-resmen-sefalete-acliga-yoksulluga-terk-ediliyor\/","og_locale":"uk_UA","og_type":"article","og_title":"\u0130nsanlar resmen sefalete a\u00e7l\u0131\u011fa yoksullu\u011fa terk ediliyor\u2026","og_description":"Ge\u00e7im derinin, hayata tutunmas\u0131n\u0131n zorlu\u011funa i\u015faret eden CHP\u2019li Milletvekili Nermin Y\u0131ld\u0131r\u0131m Kara yap\u0131lan maa\u015f zamlar\u0131n\u0131 de\u011ferlendirerek \u201c\u0130ktidar\u0131n, 22 bin 104 liraya %30\u2019luk zamm\u0131n\u0131 ger\u00e7ekten sefalet \u00fccreti olarak nitelendiriyorum\u201d dedi. Kiralarda %58 oran\u0131nda art\u0131\u015f\u0131n oldu\u011funa dikkat \u00e7eken Milletvekili Nermin Y\u0131ld\u0131r\u0131m Kara \u201cSGK ve Ba\u011f-kur emeklisine %15.75 zam var. Memur emeklisine %11.54 zam var. Allah\u2019tan reva m\u0131 bu insanlara? Bak\u0131n biz Anadolu\u2019day\u0131z, Hatay\u2019day\u0131z, \u0130skenderun\u2019da bir evin kiras\u0131 minimum 10 bin- 15 bin lira, daha yukar\u0131s\u0131n\u0131 saym\u0131yoruz. On bin lira ev kiras\u0131 veren bir emekli veya asgari \u00fccretli geriye kalanla nas\u0131l ge\u00e7inecek? 22 bin liran\u0131n 10-15 bin liras\u0131n\u0131 ev kiras\u0131 veren asgari \u00fccretli on bin lirayla nas\u0131l ge\u00e7inecek? Buradan h\u00fck\u00fcmetin yetkililerine sesleniyoruz: Dolay\u0131s\u0131yla hem asgari \u00fccretteki 22 bin 104 lira, hem de 12 bin 500 lira olan en d\u00fc\u015f\u00fck emekli ayl\u0131\u011f\u0131n\u0131n bug\u00fcn 14 bin k\u00fcs\u00fcr liraya \u00e7\u0131kacak olmas\u0131 maksimum veya 15 bin liraya yuvarlanacak olmas\u0131 Allah\u2019tan reva m\u0131d\u0131r? Bu h\u00fck\u00fcmete soruyoruz. \u0130nsanlar\u0131n \u00e7ocuklar\u0131 var, deprem b\u00f6lgesindeyiz. \u0130ki \u00e7ocu\u011fun olsa iki- yar\u0131m tost 60 lira. \u00c7ocu\u011funun cebine para koyam\u0131yor ki, kantinde bir \u2013yar\u0131m tost yiyebilsin! Bir ayranla simit yiyemeyen ailelerin \u00e7ocuklar\u0131 var. Anne bir yumurtay\u0131 ikiye b\u00f6l\u00fcp, yar\u0131s\u0131n\u0131 bir \u00e7ocu\u011funa, yar\u0131s\u0131n di\u011fer \u00e7ocu\u011funa pay etmek zorunda kal\u0131yor. Ama h\u00fck\u00fcmete bak\u0131yorsun, verdikleri zam ku\u015f gibi\u2026\u201d &hellip;","og_url":"http:\/\/denizcankizil.tr\/uk\/haberler\/gundem\/insanlar-resmen-sefalete-acliga-yoksulluga-terk-ediliyor\/","og_site_name":"Av. Deniz Can K\u0131z\u0131l","article_published_time":"2025-01-10T05:41:42+00:00","author":"admin","twitter_card":"summary_large_image","twitter_misc":{"\u041d\u0430\u043f\u0438\u0441\u0430\u043d\u043e":"admin","\u041f\u0440\u0438\u0431\u043b. \u0447\u0430\u0441 \u0447\u0438\u0442\u0430\u043d\u043d\u044f":"2 \u0445\u0432\u0438\u043b\u0438\u043d\u0438"},"schema":{"@context":"https:\/\/schema.org","@graph":[{"@type":"Article","@id":"http:\/\/denizcankizil.tr\/uk\/haberler\/gundem\/insanlar-resmen-sefalete-acliga-yoksulluga-terk-ediliyor\/#article","isPartOf":{"@id":"http:\/\/denizcankizil.tr\/uk\/haberler\/gundem\/insanlar-resmen-sefalete-acliga-yoksulluga-terk-ediliyor\/"},"author":{"name":"admin","@id":"https:\/\/denizcankizil.tr\/#\/schema\/person\/be3c05fe6a12686905512445d8185489"},"headline":"\u0130nsanlar resmen sefalete a\u00e7l\u0131\u011fa yoksullu\u011fa terk ediliyor\u2026","datePublished":"2025-01-10T05:41:42+00:00","mainEntityOfPage":{"@id":"http:\/\/denizcankizil.tr\/uk\/haberler\/gundem\/insanlar-resmen-sefalete-acliga-yoksulluga-terk-ediliyor\/"},"wordCount":372,"commentCount":0,"publisher":{"@id":"https:\/\/denizcankizil.tr\/#organization"},"articleSection":["G\u00fcndem"],"inLanguage":"uk","potentialAction":[{"@type":"CommentAction","name":"Comment","target":["http:\/\/denizcankizil.tr\/uk\/haberler\/gundem\/insanlar-resmen-sefalete-acliga-yoksulluga-terk-ediliyor\/#respond"]}]},{"@type":"WebPage","@id":"http:\/\/denizcankizil.tr\/uk\/haberler\/gundem\/insanlar-resmen-sefalete-acliga-yoksulluga-terk-ediliyor\/","url":"http:\/\/denizcankizil.tr\/uk\/haberler\/gundem\/insanlar-resmen-sefalete-acliga-yoksulluga-terk-ediliyor\/","name":"\u0130nsanlar resmen sefalete a\u00e7l\u0131\u011fa yoksullu\u011fa terk ediliyor\u2026 - Av. Deniz Can K\u0131z\u0131l","isPartOf":{"@id":"https:\/\/denizcankizil.tr\/#website"},"datePublished":"2025-01-10T05:41:42+00:00","breadcrumb":{"@id":"http:\/\/denizcankizil.tr\/uk\/haberler\/gundem\/insanlar-resmen-sefalete-acliga-yoksulluga-terk-ediliyor\/#breadcrumb"},"inLanguage":"uk","potentialAction":[{"@type":"ReadAction","target":["http:\/\/denizcankizil.tr\/uk\/haberler\/gundem\/insanlar-resmen-sefalete-acliga-yoksulluga-terk-ediliyor\/"]}]},{"@type":"BreadcrumbList","@id":"http:\/\/denizcankizil.tr\/uk\/haberler\/gundem\/insanlar-resmen-sefalete-acliga-yoksulluga-terk-ediliyor\/#breadcrumb","itemListElement":[{"@type":"ListItem","position":1,"name":"Home","item":"https:\/\/denizcankizil.tr\/uk\/"},{"@type":"ListItem","position":2,"name":"\u0130nsanlar resmen sefalete a\u00e7l\u0131\u011fa yoksullu\u011fa terk ediliyor\u2026"}]},{"@type":"WebSite","@id":"https:\/\/denizcankizil.tr\/#website","url":"https:\/\/denizcankizil.tr\/","name":"Av. Deniz Can K\u0131z\u0131l","description":"Avukat Deniz Can K\u0131z\u0131l Antalya Barosu","publisher":{"@id":"https:\/\/denizcankizil.tr\/#organization"},"potentialAction":[{"@type":"SearchAction","target":{"@type":"EntryPoint","urlTemplate":"https:\/\/denizcankizil.tr\/?s={search_term_string}"},"query-input":{"@type":"PropertyValueSpecification","valueRequired":true,"valueName":"search_term_string"}}],"inLanguage":"uk"},{"@type":"Organization","@id":"https:\/\/denizcankizil.tr\/#organization","name":"Av. Deniz Can K\u0131z\u0131l","url":"https:\/\/denizcankizil.tr\/","logo":{"@type":"ImageObject","inLanguage":"uk","@id":"https:\/\/denizcankizil.tr\/#\/schema\/logo\/image\/","url":"http:\/\/denizcankizil.tr\/wp-content\/uploads\/2024\/10\/siyah-logo-svg.svg","contentUrl":"http:\/\/denizcankizil.tr\/wp-content\/uploads\/2024\/10\/siyah-logo-svg.svg","width":1080,"height":1080,"caption":"Av. Deniz Can K\u0131z\u0131l"},"image":{"@id":"https:\/\/denizcankizil.tr\/#\/schema\/logo\/image\/"}},{"@type":"Person","@id":"https:\/\/denizcankizil.tr\/#\/schema\/person\/be3c05fe6a12686905512445d8185489","name":"\u0430\u0434\u043c\u0456\u043d","image":{"@type":"ImageObject","inLanguage":"uk","@id":"https:\/\/denizcankizil.tr\/#\/schema\/person\/image\/","url":"https:\/\/secure.gravatar.com\/avatar\/c1fce94c830dc79107e174f890d7210541c4a63e8e5d816341794a2151c9d58c?s=96&d=mm&r=g","contentUrl":"https:\/\/secure.gravatar.com\/avatar\/c1fce94c830dc79107e174f890d7210541c4a63e8e5d816341794a2151c9d58c?s=96&d=mm&r=g","caption":"admin"},"sameAs":["http:\/\/denizcankizil.tr"],"url":"https:\/\/www.iskenderun.org\/insanlar-resmen-sefalete-acliga-yoksulluga-terk-ediliyor"}]}},"_links":{"self":[{"href":"http:\/\/denizcankizil.tr\/uk\/wp-json\/wp\/v2\/posts\/24754","targetHints":{"allow":["GET"]}}],"collection":[{"href":"http:\/\/denizcankizil.tr\/uk\/wp-json\/wp\/v2\/posts"}],"about":[{"href":"http:\/\/denizcankizil.tr\/uk\/wp-json\/wp\/v2\/types\/post"}],"author":[{"embeddable":true,"href":"http:\/\/denizcankizil.tr\/uk\/wp-json\/wp\/v2\/users\/1"}],"replies":[{"embeddable":true,"href":"http:\/\/denizcankizil.tr\/uk\/wp-json\/wp\/v2\/comments?post=24754"}],"version-history":[{"count":0,"href":"http:\/\/denizcankizil.tr\/uk\/wp-json\/wp\/v2\/posts\/24754\/revisions"}],"wp:attachment":[{"href":"http:\/\/denizcankizil.tr\/uk\/wp-json\/wp\/v2\/media?parent=24754"}],"wp:term":[{"taxonomy":"category","embeddable":true,"href":"http:\/\/denizcankizil.tr\/uk\/wp-json\/wp\/v2\/categories?post=24754"},{"taxonomy":"post_tag","embeddable":true,"href":"http:\/\/denizcankizil.tr\/uk\/wp-json\/wp\/v2\/tags?post=24754"}],"curies":[{"name":"wp","href":"https:\/\/api.w.org\/{rel}","templated":true}]}}