{"id":24551,"date":"2025-01-08T20:41:15","date_gmt":"2025-01-08T17:41:15","guid":{"rendered":"https:\/\/denizcankizil.tr\/uncategorized-tr\/serikteki-kavsak-sorunu-tbmm-gundemine-tasindi\/"},"modified":"2025-01-08T20:41:15","modified_gmt":"2025-01-08T17:41:15","slug":"serikteki-kavsak-sorunu-tbmm-gundemine-tasindi","status":"publish","type":"post","link":"http:\/\/denizcankizil.tr\/uk\/haberler\/gundem\/serikteki-kavsak-sorunu-tbmm-gundemine-tasindi\/","title":{"rendered":"Serik\u2019teki &#8220;kav\u015fak sorunu&#8221; TBMM g\u00fcndemine ta\u015f\u0131nd\u0131"},"content":{"rendered":"<p>Antalya\u2019n\u0131n Serik il\u00e7esinde trafi\u011fin rahatlamas\u0131 i\u00e7in d\u00fc\u015f\u00fcn\u00fclen &#8220;k\u00f6pr\u00fcl\u00fc kav\u015fak&#8221; projesi iptal edilmi\u015f ve onun yerine il\u00e7eye ak\u0131ll\u0131 kav\u015faklar yap\u0131lmas\u0131na karar verilmi\u015fti. CHP Antalya Milletvekili Aliye Co\u015far ise bu projeye kar\u015f\u0131 \u00e7\u0131kararak ya\u015fanan sorunu TBMM g\u00fcndemine ta\u015f\u0131d\u0131. Meclis\u2019te a\u00e7\u0131klamalarda bulunan Co\u015far, \u201cBu uygulama Serik il\u00e7emizdeki trafik sorununu \u00e7\u00f6zmeyecektir. Ge\u00e7ici \u00e7\u00f6z\u00fcmlerle kamu kaynaklar\u0131 bo\u015fa harcanmamal\u0131d\u0131r. Sanayi kav\u015fa\u011f\u0131nda ak\u0131ll\u0131 kav\u015fak yerine daha kal\u0131c\u0131 \u00e7\u00f6z\u00fcm olan k\u00f6pr\u00fcl\u00fc kav\u015fa\u011f\u0131n bir an \u00f6nce yap\u0131lmas\u0131 son derece \u00f6nemlidir\u201d dedi.\u00a0<\/p>\n<p>K\u00d6PR\u00dcL\u00dc KAV\u015eAK PROJES\u0130 \u0130PTAL ED\u0130LD\u0130\u00a0<\/p>\n<p>Daha \u00f6nce Antalya\u2019n\u0131n Serik il\u00e7esine ba\u011fl\u0131 Sanayi ve Karaday\u0131 Mahallerine yap\u0131lmas\u0131 planlanan k\u00f6pr\u00fcl\u00fc kav\u015faklar iptal edilmi\u015fti. Bu projenin iptal edilmesinin ard\u0131ndan Ak Parti Serik \u0130l\u00e7e Ba\u015fkan\u0131 Ahmet S\u00f6ker, il\u00e7enin trafi\u011fini rahatlatmak i\u00e7in ak\u0131ll\u0131 kav\u015faklar yap\u0131laca\u011f\u0131n\u0131 a\u00e7\u0131klam\u0131\u015ft\u0131. CHP Antalya Milletvekili Aliye Co\u015far ise Serik\u2019teki &#8220;kav\u015fak sorununu&#8221; Meclis G\u00fcndemine Ta\u015f\u0131d\u0131.\u00a0<\/p>\n<p>KONU MECL\u0130SE TA\u015eINDI\u00a0<\/p>\n<p>Co\u015far, bu yollarda s\u00fcrekli kazalar oldu\u011funu ve vatanda\u015flar\u0131n hayatlar\u0131n\u0131n risk alt\u0131na oldu\u011funun alt\u0131na \u00e7izerek, \u201cAKP iktidar\u0131 her se\u00e7im d\u00f6neminde vaat ediyor ama her zamanki gibi vaatlerini yine yerine getirmiyor. Serik il\u00e7emizde D-400 Karayolu \u00fczerindeki Sanayi ve Karaday\u0131 kav\u015faklar\u0131 Serik&#8217;in en \u00f6nemli sorunlar\u0131ndan biridir. Trafik yo\u011funlu\u011funun her ge\u00e7en g\u00fcn artt\u0131\u011f\u0131 bu kav\u015faklarda kazalar olmaya ve insanlar\u0131m\u0131z\u0131n hayat\u0131 riske at\u0131lmaya devam ediyor\u201d dedi.\u00a0<\/p>\n<p>\u201cK\u00d6PR\u00dcL\u00dc KAV\u015eAKLAR YAPILMALI\u201d<\/p>\n<p>Ak\u0131ll\u0131 kav\u015faklar yerine k\u00f6pr\u00fcl\u00fc kav\u015faklar yap\u0131lmas\u0131 gerekti\u011fin belirten Aliye Co\u015far, \u201c\u0130ktidar yetkilileri ak\u0131ll\u0131 kav\u015fak uygulamalar\u0131yla trafik sorununu \u00e7\u00f6zeceklerini belirtiyorlar. Bu uygulama Serik il\u00e7emizdeki trafik sorununu \u00e7\u00f6zmeyecektir. Ge\u00e7ici \u00e7\u00f6z\u00fcmlerle kamu kaynaklar\u0131 bo\u015fa harcanmamal\u0131d\u0131r. Sanayi kav\u015fa\u011f\u0131nda ak\u0131ll\u0131 kav\u015fak yerine daha kal\u0131c\u0131 \u00e7\u00f6z\u00fcm olan k\u00f6pr\u00fcl\u00fc kav\u015fa\u011f\u0131n bir an \u00f6nce yap\u0131lmas\u0131 son derece \u00f6nemlidir\u201d ifadelerini kulland\u0131.\u00a0<\/p>\n<p>CHP\u2019L\u0130 KAYA\u2019DA D\u0130LE GET\u0130RM\u0130\u015eT\u0130\u00a0<\/p>\n<p>Bir di\u011fer CHP Antalya Milletvekili Aykut Kaya ise ge\u00e7ti\u011fimiz g\u00fcnlerde Serik\u2019te ya\u015fanan \u201ckav\u015fak sorununu\u201d g\u00fcndeme getirmi\u015fti. Serik\u2019e ba\u011fl\u0131 Sanayi Kav\u015fa\u011f\u0131 b\u00f6lgesinde a\u00e7\u0131klamalarda bulunan Kaya, ak\u0131ll\u0131 kav\u015faklar\u0131n ak\u0131ll\u0131 bir \u00e7\u00f6z\u00fcm olmad\u0131\u011f\u0131n\u0131n alt\u0131n\u0131 \u00e7izerek, \u201cYaz trafi\u011finde bu ak\u0131ll\u0131 kav\u015faklar, burada hi\u00e7bir \u015feyin \u00e7\u00f6z\u00fcm\u00fc olamayacak. Ak\u0131ll\u0131 kav\u015fak nedir? Trafik \u0131\u015f\u0131klar\u0131n\u0131n s\u00fcresini trafi\u011fin ak\u0131\u015f\u0131na g\u00f6re ayarlayan kav\u015faklard\u0131r. Sanayi Kav\u015fa\u011f\u0131\u2019na her y\u00f6nden akan yo\u011fun bir trafik var. Yaz trafi\u011finde buradaki trafik s\u0131k\u0131\u015f\u0131kl\u0131\u011f\u0131 bitmeyecek! Trafik kazalar\u0131 azalmayacak. \u0130nsanlar\u0131m\u0131z \u00e7ilesi bitmeyecek. Siz bu ak\u0131ll\u0131 kav\u015faklarla neyi \u00e7\u00f6zece\u011finizi d\u00fc\u015f\u00fcn\u00fcyorsunuz? Ge\u00e7ici \u00e7\u00f6z\u00fcmlerle kamu kaynaklar\u0131n\u0131 heba ediyorsunuz\u201d demi\u015fti. \u00a0<\/p>\n<p>\u200bAntalya\u2019n\u0131n Serik il\u00e7esinde yap\u0131lmas\u0131 planlanan &#8220;ak\u0131ll\u0131 kav\u015faklarla&#8221; alakal\u0131 tart\u0131\u015fmalar s\u00fcr\u00fcyor. Ya\u015fanan sorunu TBMM g\u00fcndemine ta\u015f\u0131yan CHP Antalya Milletvekili Aliye Co\u015far, &#8220;Bu uygulama Serik il\u00e7emizdeki trafik sorununu \u00e7\u00f6zmeyecektir. Ge\u00e7ici \u00e7\u00f6z\u00fcmlerle kamu kaynaklar\u0131 bo\u015fa harcanmamal\u0131d\u0131r&#8221; dedi\u00a0<\/p>\n<p>\u200bHaberin Al\u0131nt\u0131land\u0131\u011f\u0131 Kaynak: www.antalyakorfez.com<\/p>","protected":false},"excerpt":{"rendered":"<p>Antalya\u2019n\u0131n Serik il\u00e7esinde trafi\u011fin rahatlamas\u0131 i\u00e7in d\u00fc\u015f\u00fcn\u00fclen &#8220;k\u00f6pr\u00fcl\u00fc kav\u015fak&#8221; projesi iptal edilmi\u015f ve onun yerine il\u00e7eye ak\u0131ll\u0131 kav\u015faklar yap\u0131lmas\u0131na karar verilmi\u015fti. CHP Antalya Milletvekili Aliye Co\u015far ise bu projeye kar\u015f\u0131 \u00e7\u0131kararak ya\u015fanan sorunu TBMM g\u00fcndemine ta\u015f\u0131d\u0131. Meclis\u2019te a\u00e7\u0131klamalarda bulunan Co\u015far, \u201cBu uygulama Serik il\u00e7emizdeki trafik sorununu \u00e7\u00f6zmeyecektir. Ge\u00e7ici \u00e7\u00f6z\u00fcmlerle kamu kaynaklar\u0131 bo\u015fa harcanmamal\u0131d\u0131r. Sanayi kav\u015fa\u011f\u0131nda ak\u0131ll\u0131 kav\u015fak yerine daha kal\u0131c\u0131 \u00e7\u00f6z\u00fcm olan k\u00f6pr\u00fcl\u00fc kav\u015fa\u011f\u0131n bir an \u00f6nce yap\u0131lmas\u0131 son derece \u00f6nemlidir\u201d dedi.\u00a0 K\u00d6PR\u00dcL\u00dc KAV\u015eAK PROJES\u0130 \u0130PTAL ED\u0130LD\u0130\u00a0 Daha \u00f6nce Antalya\u2019n\u0131n Serik il\u00e7esine ba\u011fl\u0131 Sanayi ve Karaday\u0131 Mahallerine yap\u0131lmas\u0131 planlanan k\u00f6pr\u00fcl\u00fc kav\u015faklar iptal edilmi\u015fti. Bu projenin iptal edilmesinin ard\u0131ndan Ak Parti Serik \u0130l\u00e7e Ba\u015fkan\u0131 Ahmet S\u00f6ker, il\u00e7enin trafi\u011fini rahatlatmak i\u00e7in ak\u0131ll\u0131 kav\u015faklar yap\u0131laca\u011f\u0131n\u0131 a\u00e7\u0131klam\u0131\u015ft\u0131. CHP Antalya Milletvekili Aliye Co\u015far ise Serik\u2019teki &#8220;kav\u015fak sorununu&#8221; Meclis G\u00fcndemine Ta\u015f\u0131d\u0131.\u00a0 KONU MECL\u0130SE TA\u015eINDI\u00a0 Co\u015far, bu yollarda s\u00fcrekli kazalar oldu\u011funu ve vatanda\u015flar\u0131n hayatlar\u0131n\u0131n risk alt\u0131na oldu\u011funun alt\u0131na \u00e7izerek, \u201cAKP iktidar\u0131 her se\u00e7im d\u00f6neminde vaat ediyor ama her zamanki gibi vaatlerini yine yerine getirmiyor. Serik il\u00e7emizde D-400 Karayolu \u00fczerindeki Sanayi ve Karaday\u0131 kav\u015faklar\u0131 Serik&#8217;in en \u00f6nemli sorunlar\u0131ndan biridir. Trafik yo\u011funlu\u011funun her ge\u00e7en g\u00fcn artt\u0131\u011f\u0131 bu kav\u015faklarda kazalar olmaya ve insanlar\u0131m\u0131z\u0131n hayat\u0131 riske at\u0131lmaya devam ediyor\u201d dedi.\u00a0 \u201cK\u00d6PR\u00dcL\u00dc KAV\u015eAKLAR YAPILMALI\u201d Ak\u0131ll\u0131 kav\u015faklar yerine k\u00f6pr\u00fcl\u00fc kav\u015faklar yap\u0131lmas\u0131 gerekti\u011fin belirten &hellip;<\/p>","protected":false},"author":5,"featured_media":0,"comment_status":"open","ping_status":"open","sticky":false,"template":"","format":"standard","meta":{"_acf_changed":false,"footnotes":""},"categories":[24],"tags":[],"class_list":["post-24551","post","type-post","status-publish","format-standard","has-post-thumbnail","hentry","category-gundem"],"acf":[],"yoast_head":"<!-- This site is optimized with the Yoast SEO Premium plugin v26.6 (Yoast SEO v27.1.1) - https:\/\/yoast.com\/product\/yoast-seo-premium-wordpress\/ -->\n<title>Serik\u2019teki &quot;kav\u015fak sorunu&quot; TBMM g\u00fcndemine ta\u015f\u0131nd\u0131 - Av. Deniz Can K\u0131z\u0131l<\/title>\n<meta name=\"robots\" content=\"index, follow, max-snippet:-1, max-image-preview:large, max-video-preview:-1\" \/>\n<link rel=\"canonical\" href=\"http:\/\/denizcankizil.tr\/uk\/haberler\/gundem\/serikteki-kavsak-sorunu-tbmm-gundemine-tasindi\/\" \/>\n<meta property=\"og:locale\" content=\"uk_UA\" \/>\n<meta property=\"og:type\" content=\"article\" \/>\n<meta property=\"og:title\" content=\"Serik\u2019teki &quot;kav\u015fak sorunu&quot; TBMM g\u00fcndemine ta\u015f\u0131nd\u0131\" \/>\n<meta property=\"og:description\" content=\"Antalya\u2019n\u0131n Serik il\u00e7esinde trafi\u011fin rahatlamas\u0131 i\u00e7in d\u00fc\u015f\u00fcn\u00fclen &#8220;k\u00f6pr\u00fcl\u00fc kav\u015fak&#8221; projesi iptal edilmi\u015f ve onun yerine il\u00e7eye ak\u0131ll\u0131 kav\u015faklar yap\u0131lmas\u0131na karar verilmi\u015fti. CHP Antalya Milletvekili Aliye Co\u015far ise bu projeye kar\u015f\u0131 \u00e7\u0131kararak ya\u015fanan sorunu TBMM g\u00fcndemine ta\u015f\u0131d\u0131. Meclis\u2019te a\u00e7\u0131klamalarda bulunan Co\u015far, \u201cBu uygulama Serik il\u00e7emizdeki trafik sorununu \u00e7\u00f6zmeyecektir. Ge\u00e7ici \u00e7\u00f6z\u00fcmlerle kamu kaynaklar\u0131 bo\u015fa harcanmamal\u0131d\u0131r. Sanayi kav\u015fa\u011f\u0131nda ak\u0131ll\u0131 kav\u015fak yerine daha kal\u0131c\u0131 \u00e7\u00f6z\u00fcm olan k\u00f6pr\u00fcl\u00fc kav\u015fa\u011f\u0131n bir an \u00f6nce yap\u0131lmas\u0131 son derece \u00f6nemlidir\u201d dedi.\u00a0 K\u00d6PR\u00dcL\u00dc KAV\u015eAK PROJES\u0130 \u0130PTAL ED\u0130LD\u0130\u00a0 Daha \u00f6nce Antalya\u2019n\u0131n Serik il\u00e7esine ba\u011fl\u0131 Sanayi ve Karaday\u0131 Mahallerine yap\u0131lmas\u0131 planlanan k\u00f6pr\u00fcl\u00fc kav\u015faklar iptal edilmi\u015fti. Bu projenin iptal edilmesinin ard\u0131ndan Ak Parti Serik \u0130l\u00e7e Ba\u015fkan\u0131 Ahmet S\u00f6ker, il\u00e7enin trafi\u011fini rahatlatmak i\u00e7in ak\u0131ll\u0131 kav\u015faklar yap\u0131laca\u011f\u0131n\u0131 a\u00e7\u0131klam\u0131\u015ft\u0131. CHP Antalya Milletvekili Aliye Co\u015far ise Serik\u2019teki &#8220;kav\u015fak sorununu&#8221; Meclis G\u00fcndemine Ta\u015f\u0131d\u0131.\u00a0 KONU MECL\u0130SE TA\u015eINDI\u00a0 Co\u015far, bu yollarda s\u00fcrekli kazalar oldu\u011funu ve vatanda\u015flar\u0131n hayatlar\u0131n\u0131n risk alt\u0131na oldu\u011funun alt\u0131na \u00e7izerek, \u201cAKP iktidar\u0131 her se\u00e7im d\u00f6neminde vaat ediyor ama her zamanki gibi vaatlerini yine yerine getirmiyor. Serik il\u00e7emizde D-400 Karayolu \u00fczerindeki Sanayi ve Karaday\u0131 kav\u015faklar\u0131 Serik&#8217;in en \u00f6nemli sorunlar\u0131ndan biridir. Trafik yo\u011funlu\u011funun her ge\u00e7en g\u00fcn artt\u0131\u011f\u0131 bu kav\u015faklarda kazalar olmaya ve insanlar\u0131m\u0131z\u0131n hayat\u0131 riske at\u0131lmaya devam ediyor\u201d dedi.\u00a0 \u201cK\u00d6PR\u00dcL\u00dc KAV\u015eAKLAR YAPILMALI\u201d Ak\u0131ll\u0131 kav\u015faklar yerine k\u00f6pr\u00fcl\u00fc kav\u015faklar yap\u0131lmas\u0131 gerekti\u011fin belirten &hellip;\" \/>\n<meta property=\"og:url\" content=\"http:\/\/denizcankizil.tr\/uk\/haberler\/gundem\/serikteki-kavsak-sorunu-tbmm-gundemine-tasindi\/\" \/>\n<meta property=\"og:site_name\" content=\"Av. Deniz Can K\u0131z\u0131l\" \/>\n<meta property=\"article:published_time\" content=\"2025-01-08T17:41:15+00:00\" \/>\n<meta name=\"author\" content=\"Antalya K\u00f6rfez\" \/>\n<meta name=\"twitter:card\" content=\"summary_large_image\" \/>\n<meta name=\"twitter:label1\" content=\"\u041d\u0430\u043f\u0438\u0441\u0430\u043d\u043e\" \/>\n\t<meta name=\"twitter:data1\" content=\"Antalya K\u00f6rfez\" \/>\n\t<meta name=\"twitter:label2\" content=\"\u041f\u0440\u0438\u0431\u043b. \u0447\u0430\u0441 \u0447\u0438\u0442\u0430\u043d\u043d\u044f\" \/>\n\t<meta name=\"twitter:data2\" content=\"3 \u0445\u0432\u0438\u043b\u0438\u043d\u0438\" \/>\n<script type=\"application\/ld+json\" class=\"yoast-schema-graph\">{\"@context\":\"https:\/\/schema.org\",\"@graph\":[{\"@type\":\"Article\",\"@id\":\"http:\/\/denizcankizil.tr\/uk\/haberler\/gundem\/serikteki-kavsak-sorunu-tbmm-gundemine-tasindi\/#article\",\"isPartOf\":{\"@id\":\"http:\/\/denizcankizil.tr\/uk\/haberler\/gundem\/serikteki-kavsak-sorunu-tbmm-gundemine-tasindi\/\"},\"author\":{\"name\":\"Antalya K\u00f6rfez\",\"@id\":\"https:\/\/denizcankizil.tr\/de\/#\/schema\/person\/e1eb71bb4dd684d46563f0af307e1234\"},\"headline\":\"Serik\u2019teki &#8220;kav\u015fak sorunu&#8221; TBMM g\u00fcndemine ta\u015f\u0131nd\u0131\",\"datePublished\":\"2025-01-08T17:41:15+00:00\",\"mainEntityOfPage\":{\"@id\":\"http:\/\/denizcankizil.tr\/uk\/haberler\/gundem\/serikteki-kavsak-sorunu-tbmm-gundemine-tasindi\/\"},\"wordCount\":596,\"commentCount\":0,\"publisher\":{\"@id\":\"https:\/\/denizcankizil.tr\/de\/#organization\"},\"articleSection\":[\"G\u00fcndem\"],\"inLanguage\":\"uk\",\"potentialAction\":[{\"@type\":\"CommentAction\",\"name\":\"Comment\",\"target\":[\"http:\/\/denizcankizil.tr\/uk\/haberler\/gundem\/serikteki-kavsak-sorunu-tbmm-gundemine-tasindi\/#respond\"]}]},{\"@type\":\"WebPage\",\"@id\":\"http:\/\/denizcankizil.tr\/uk\/haberler\/gundem\/serikteki-kavsak-sorunu-tbmm-gundemine-tasindi\/\",\"url\":\"http:\/\/denizcankizil.tr\/uk\/haberler\/gundem\/serikteki-kavsak-sorunu-tbmm-gundemine-tasindi\/\",\"name\":\"Serik\u2019teki \\\"kav\u015fak sorunu\\\" TBMM g\u00fcndemine ta\u015f\u0131nd\u0131 - Av. Deniz Can K\u0131z\u0131l\",\"isPartOf\":{\"@id\":\"https:\/\/denizcankizil.tr\/de\/#website\"},\"datePublished\":\"2025-01-08T17:41:15+00:00\",\"breadcrumb\":{\"@id\":\"http:\/\/denizcankizil.tr\/uk\/haberler\/gundem\/serikteki-kavsak-sorunu-tbmm-gundemine-tasindi\/#breadcrumb\"},\"inLanguage\":\"uk\",\"potentialAction\":[{\"@type\":\"ReadAction\",\"target\":[\"http:\/\/denizcankizil.tr\/uk\/haberler\/gundem\/serikteki-kavsak-sorunu-tbmm-gundemine-tasindi\/\"]}]},{\"@type\":\"BreadcrumbList\",\"@id\":\"http:\/\/denizcankizil.tr\/uk\/haberler\/gundem\/serikteki-kavsak-sorunu-tbmm-gundemine-tasindi\/#breadcrumb\",\"itemListElement\":[{\"@type\":\"ListItem\",\"position\":1,\"name\":\"Home\",\"item\":\"https:\/\/denizcankizil.tr\/de\/\"},{\"@type\":\"ListItem\",\"position\":2,\"name\":\"Serik\u2019teki &#8220;kav\u015fak sorunu&#8221; TBMM g\u00fcndemine ta\u015f\u0131nd\u0131\"}]},{\"@type\":\"WebSite\",\"@id\":\"https:\/\/denizcankizil.tr\/de\/#website\",\"url\":\"https:\/\/denizcankizil.tr\/de\/\",\"name\":\"Av. Deniz Can K\u0131z\u0131l\",\"description\":\"Avukat Deniz Can K\u0131z\u0131l Antalya Barosu\",\"publisher\":{\"@id\":\"https:\/\/denizcankizil.tr\/de\/#organization\"},\"potentialAction\":[{\"@type\":\"SearchAction\",\"target\":{\"@type\":\"EntryPoint\",\"urlTemplate\":\"https:\/\/denizcankizil.tr\/de\/?s={search_term_string}\"},\"query-input\":{\"@type\":\"PropertyValueSpecification\",\"valueRequired\":true,\"valueName\":\"search_term_string\"}}],\"inLanguage\":\"uk\"},{\"@type\":\"Organization\",\"@id\":\"https:\/\/denizcankizil.tr\/de\/#organization\",\"name\":\"Av. Deniz Can K\u0131z\u0131l\",\"url\":\"https:\/\/denizcankizil.tr\/de\/\",\"logo\":{\"@type\":\"ImageObject\",\"inLanguage\":\"uk\",\"@id\":\"https:\/\/denizcankizil.tr\/de\/#\/schema\/logo\/image\/\",\"url\":\"http:\/\/denizcankizil.tr\/wp-content\/uploads\/2024\/10\/siyah-logo-svg.svg\",\"contentUrl\":\"http:\/\/denizcankizil.tr\/wp-content\/uploads\/2024\/10\/siyah-logo-svg.svg\",\"width\":1080,\"height\":1080,\"caption\":\"Av. Deniz Can K\u0131z\u0131l\"},\"image\":{\"@id\":\"https:\/\/denizcankizil.tr\/de\/#\/schema\/logo\/image\/\"}},{\"@type\":\"Person\",\"@id\":\"https:\/\/denizcankizil.tr\/de\/#\/schema\/person\/e1eb71bb4dd684d46563f0af307e1234\",\"name\":\"Antalya K\u00f6rfez\",\"image\":{\"@type\":\"ImageObject\",\"inLanguage\":\"uk\",\"@id\":\"https:\/\/denizcankizil.tr\/de\/#\/schema\/person\/image\/\",\"url\":\"https:\/\/secure.gravatar.com\/avatar\/42b01982558a48a0b501fdcab6a408d3717ea5919095ee2e67b0e521799c5905?s=96&d=mm&r=g\",\"contentUrl\":\"https:\/\/secure.gravatar.com\/avatar\/42b01982558a48a0b501fdcab6a408d3717ea5919095ee2e67b0e521799c5905?s=96&d=mm&r=g\",\"caption\":\"Antalya K\u00f6rfez\"},\"sameAs\":[\"http:\/\/www.antalyakorfez.com\"],\"url\":\"https:\/\/www.antalyakorfez.com\/serikteki-kavsak-sorunu-tbmm-gundemine-tasindi\"}]}<\/script>\n<!-- \/ Yoast SEO Premium plugin. -->","yoast_head_json":{"title":"Serik\u2019teki \"kav\u015fak sorunu\" TBMM g\u00fcndemine ta\u015f\u0131nd\u0131 - Av. Deniz Can K\u0131z\u0131l","robots":{"index":"index","follow":"follow","max-snippet":"max-snippet:-1","max-image-preview":"max-image-preview:large","max-video-preview":"max-video-preview:-1"},"canonical":"http:\/\/denizcankizil.tr\/uk\/haberler\/gundem\/serikteki-kavsak-sorunu-tbmm-gundemine-tasindi\/","og_locale":"uk_UA","og_type":"article","og_title":"Serik\u2019teki \"kav\u015fak sorunu\" TBMM g\u00fcndemine ta\u015f\u0131nd\u0131","og_description":"Antalya\u2019n\u0131n Serik il\u00e7esinde trafi\u011fin rahatlamas\u0131 i\u00e7in d\u00fc\u015f\u00fcn\u00fclen &#8220;k\u00f6pr\u00fcl\u00fc kav\u015fak&#8221; projesi iptal edilmi\u015f ve onun yerine il\u00e7eye ak\u0131ll\u0131 kav\u015faklar yap\u0131lmas\u0131na karar verilmi\u015fti. CHP Antalya Milletvekili Aliye Co\u015far ise bu projeye kar\u015f\u0131 \u00e7\u0131kararak ya\u015fanan sorunu TBMM g\u00fcndemine ta\u015f\u0131d\u0131. Meclis\u2019te a\u00e7\u0131klamalarda bulunan Co\u015far, \u201cBu uygulama Serik il\u00e7emizdeki trafik sorununu \u00e7\u00f6zmeyecektir. Ge\u00e7ici \u00e7\u00f6z\u00fcmlerle kamu kaynaklar\u0131 bo\u015fa harcanmamal\u0131d\u0131r. Sanayi kav\u015fa\u011f\u0131nda ak\u0131ll\u0131 kav\u015fak yerine daha kal\u0131c\u0131 \u00e7\u00f6z\u00fcm olan k\u00f6pr\u00fcl\u00fc kav\u015fa\u011f\u0131n bir an \u00f6nce yap\u0131lmas\u0131 son derece \u00f6nemlidir\u201d dedi.\u00a0 K\u00d6PR\u00dcL\u00dc KAV\u015eAK PROJES\u0130 \u0130PTAL ED\u0130LD\u0130\u00a0 Daha \u00f6nce Antalya\u2019n\u0131n Serik il\u00e7esine ba\u011fl\u0131 Sanayi ve Karaday\u0131 Mahallerine yap\u0131lmas\u0131 planlanan k\u00f6pr\u00fcl\u00fc kav\u015faklar iptal edilmi\u015fti. Bu projenin iptal edilmesinin ard\u0131ndan Ak Parti Serik \u0130l\u00e7e Ba\u015fkan\u0131 Ahmet S\u00f6ker, il\u00e7enin trafi\u011fini rahatlatmak i\u00e7in ak\u0131ll\u0131 kav\u015faklar yap\u0131laca\u011f\u0131n\u0131 a\u00e7\u0131klam\u0131\u015ft\u0131. CHP Antalya Milletvekili Aliye Co\u015far ise Serik\u2019teki &#8220;kav\u015fak sorununu&#8221; Meclis G\u00fcndemine Ta\u015f\u0131d\u0131.\u00a0 KONU MECL\u0130SE TA\u015eINDI\u00a0 Co\u015far, bu yollarda s\u00fcrekli kazalar oldu\u011funu ve vatanda\u015flar\u0131n hayatlar\u0131n\u0131n risk alt\u0131na oldu\u011funun alt\u0131na \u00e7izerek, \u201cAKP iktidar\u0131 her se\u00e7im d\u00f6neminde vaat ediyor ama her zamanki gibi vaatlerini yine yerine getirmiyor. Serik il\u00e7emizde D-400 Karayolu \u00fczerindeki Sanayi ve Karaday\u0131 kav\u015faklar\u0131 Serik&#8217;in en \u00f6nemli sorunlar\u0131ndan biridir. Trafik yo\u011funlu\u011funun her ge\u00e7en g\u00fcn artt\u0131\u011f\u0131 bu kav\u015faklarda kazalar olmaya ve insanlar\u0131m\u0131z\u0131n hayat\u0131 riske at\u0131lmaya devam ediyor\u201d dedi.\u00a0 \u201cK\u00d6PR\u00dcL\u00dc KAV\u015eAKLAR YAPILMALI\u201d Ak\u0131ll\u0131 kav\u015faklar yerine k\u00f6pr\u00fcl\u00fc kav\u015faklar yap\u0131lmas\u0131 gerekti\u011fin belirten &hellip;","og_url":"http:\/\/denizcankizil.tr\/uk\/haberler\/gundem\/serikteki-kavsak-sorunu-tbmm-gundemine-tasindi\/","og_site_name":"Av. Deniz Can K\u0131z\u0131l","article_published_time":"2025-01-08T17:41:15+00:00","author":"Antalya K\u00f6rfez","twitter_card":"summary_large_image","twitter_misc":{"\u041d\u0430\u043f\u0438\u0441\u0430\u043d\u043e":"Antalya K\u00f6rfez","\u041f\u0440\u0438\u0431\u043b. \u0447\u0430\u0441 \u0447\u0438\u0442\u0430\u043d\u043d\u044f":"3 \u0445\u0432\u0438\u043b\u0438\u043d\u0438"},"schema":{"@context":"https:\/\/schema.org","@graph":[{"@type":"Article","@id":"http:\/\/denizcankizil.tr\/uk\/haberler\/gundem\/serikteki-kavsak-sorunu-tbmm-gundemine-tasindi\/#article","isPartOf":{"@id":"http:\/\/denizcankizil.tr\/uk\/haberler\/gundem\/serikteki-kavsak-sorunu-tbmm-gundemine-tasindi\/"},"author":{"name":"Antalya K\u00f6rfez","@id":"https:\/\/denizcankizil.tr\/de\/#\/schema\/person\/e1eb71bb4dd684d46563f0af307e1234"},"headline":"Serik\u2019teki &#8220;kav\u015fak sorunu&#8221; TBMM g\u00fcndemine ta\u015f\u0131nd\u0131","datePublished":"2025-01-08T17:41:15+00:00","mainEntityOfPage":{"@id":"http:\/\/denizcankizil.tr\/uk\/haberler\/gundem\/serikteki-kavsak-sorunu-tbmm-gundemine-tasindi\/"},"wordCount":596,"commentCount":0,"publisher":{"@id":"https:\/\/denizcankizil.tr\/de\/#organization"},"articleSection":["G\u00fcndem"],"inLanguage":"uk","potentialAction":[{"@type":"CommentAction","name":"Comment","target":["http:\/\/denizcankizil.tr\/uk\/haberler\/gundem\/serikteki-kavsak-sorunu-tbmm-gundemine-tasindi\/#respond"]}]},{"@type":"WebPage","@id":"http:\/\/denizcankizil.tr\/uk\/haberler\/gundem\/serikteki-kavsak-sorunu-tbmm-gundemine-tasindi\/","url":"http:\/\/denizcankizil.tr\/uk\/haberler\/gundem\/serikteki-kavsak-sorunu-tbmm-gundemine-tasindi\/","name":"Serik\u2019teki \"kav\u015fak sorunu\" TBMM g\u00fcndemine ta\u015f\u0131nd\u0131 - Av. Deniz Can K\u0131z\u0131l","isPartOf":{"@id":"https:\/\/denizcankizil.tr\/de\/#website"},"datePublished":"2025-01-08T17:41:15+00:00","breadcrumb":{"@id":"http:\/\/denizcankizil.tr\/uk\/haberler\/gundem\/serikteki-kavsak-sorunu-tbmm-gundemine-tasindi\/#breadcrumb"},"inLanguage":"uk","potentialAction":[{"@type":"ReadAction","target":["http:\/\/denizcankizil.tr\/uk\/haberler\/gundem\/serikteki-kavsak-sorunu-tbmm-gundemine-tasindi\/"]}]},{"@type":"BreadcrumbList","@id":"http:\/\/denizcankizil.tr\/uk\/haberler\/gundem\/serikteki-kavsak-sorunu-tbmm-gundemine-tasindi\/#breadcrumb","itemListElement":[{"@type":"ListItem","position":1,"name":"Home","item":"https:\/\/denizcankizil.tr\/de\/"},{"@type":"ListItem","position":2,"name":"Serik\u2019teki &#8220;kav\u015fak sorunu&#8221; TBMM g\u00fcndemine ta\u015f\u0131nd\u0131"}]},{"@type":"WebSite","@id":"https:\/\/denizcankizil.tr\/de\/#website","url":"https:\/\/denizcankizil.tr\/de\/","name":"Av. Deniz Can K\u0131z\u0131l","description":"Avukat Deniz Can K\u0131z\u0131l Antalya Barosu","publisher":{"@id":"https:\/\/denizcankizil.tr\/de\/#organization"},"potentialAction":[{"@type":"SearchAction","target":{"@type":"EntryPoint","urlTemplate":"https:\/\/denizcankizil.tr\/de\/?s={search_term_string}"},"query-input":{"@type":"PropertyValueSpecification","valueRequired":true,"valueName":"search_term_string"}}],"inLanguage":"uk"},{"@type":"Organization","@id":"https:\/\/denizcankizil.tr\/de\/#organization","name":"Av. Deniz Can K\u0131z\u0131l","url":"https:\/\/denizcankizil.tr\/de\/","logo":{"@type":"ImageObject","inLanguage":"uk","@id":"https:\/\/denizcankizil.tr\/de\/#\/schema\/logo\/image\/","url":"http:\/\/denizcankizil.tr\/wp-content\/uploads\/2024\/10\/siyah-logo-svg.svg","contentUrl":"http:\/\/denizcankizil.tr\/wp-content\/uploads\/2024\/10\/siyah-logo-svg.svg","width":1080,"height":1080,"caption":"Av. Deniz Can K\u0131z\u0131l"},"image":{"@id":"https:\/\/denizcankizil.tr\/de\/#\/schema\/logo\/image\/"}},{"@type":"Person","@id":"https:\/\/denizcankizil.tr\/de\/#\/schema\/person\/e1eb71bb4dd684d46563f0af307e1234","name":"Antalya K\u00f6rfez","image":{"@type":"ImageObject","inLanguage":"uk","@id":"https:\/\/denizcankizil.tr\/de\/#\/schema\/person\/image\/","url":"https:\/\/secure.gravatar.com\/avatar\/42b01982558a48a0b501fdcab6a408d3717ea5919095ee2e67b0e521799c5905?s=96&d=mm&r=g","contentUrl":"https:\/\/secure.gravatar.com\/avatar\/42b01982558a48a0b501fdcab6a408d3717ea5919095ee2e67b0e521799c5905?s=96&d=mm&r=g","caption":"Antalya K\u00f6rfez"},"sameAs":["http:\/\/www.antalyakorfez.com"],"url":"https:\/\/www.antalyakorfez.com\/serikteki-kavsak-sorunu-tbmm-gundemine-tasindi"}]}},"_links":{"self":[{"href":"http:\/\/denizcankizil.tr\/uk\/wp-json\/wp\/v2\/posts\/24551","targetHints":{"allow":["GET"]}}],"collection":[{"href":"http:\/\/denizcankizil.tr\/uk\/wp-json\/wp\/v2\/posts"}],"about":[{"href":"http:\/\/denizcankizil.tr\/uk\/wp-json\/wp\/v2\/types\/post"}],"author":[{"embeddable":true,"href":"http:\/\/denizcankizil.tr\/uk\/wp-json\/wp\/v2\/users\/5"}],"replies":[{"embeddable":true,"href":"http:\/\/denizcankizil.tr\/uk\/wp-json\/wp\/v2\/comments?post=24551"}],"version-history":[{"count":0,"href":"http:\/\/denizcankizil.tr\/uk\/wp-json\/wp\/v2\/posts\/24551\/revisions"}],"wp:attachment":[{"href":"http:\/\/denizcankizil.tr\/uk\/wp-json\/wp\/v2\/media?parent=24551"}],"wp:term":[{"taxonomy":"category","embeddable":true,"href":"http:\/\/denizcankizil.tr\/uk\/wp-json\/wp\/v2\/categories?post=24551"},{"taxonomy":"post_tag","embeddable":true,"href":"http:\/\/denizcankizil.tr\/uk\/wp-json\/wp\/v2\/tags?post=24551"}],"curies":[{"name":"wp","href":"https:\/\/api.w.org\/{rel}","templated":true}]}}