{"id":24156,"date":"2025-01-06T17:41:46","date_gmt":"2025-01-06T14:41:46","guid":{"rendered":"https:\/\/denizcankizil.tr\/uncategorized-tr\/mersinde-belediye-isletmeyi-muhurledi-esnaf-tepki-gosterdi\/"},"modified":"2025-01-06T17:41:46","modified_gmt":"2025-01-06T14:41:46","slug":"mersinde-belediye-isletmeyi-muhurledi-esnaf-tepki-gosterdi","status":"publish","type":"post","link":"http:\/\/denizcankizil.tr\/uk\/haberler\/gundem\/mersinde-belediye-isletmeyi-muhurledi-esnaf-tepki-gosterdi\/","title":{"rendered":"Mersin&#8217;de belediye i\u015fletmeyi m\u00fch\u00fcrledi, esnaf tepki g\u00f6sterdi"},"content":{"rendered":"<p>Mersin&#8217;de Toroslar Belediyesi&#8217;nin Hurdac\u0131lar Sitesi&#8217;nde faaliyet g\u00f6steren 4 i\u015f yerini ruhsats\u0131z oldu\u011fu gerek\u00e7esiyle m\u00fch\u00fcrleme karar\u0131 almas\u0131, i\u015fletme sahiplerinin tepkisine yol a\u00e7t\u0131. Belediyeye giderek sorunu g\u00f6r\u00fc\u015fmek isteyen i\u015fletmeciler, i\u00e7eriye al\u0131nmad\u0131klar\u0131n\u0131 iddia etti.<\/p>\n<p>30 YILDIR FAAL\u0130YET G\u00d6STEREN 4 \u0130\u015eLETME M\u00dcH\u00dcRLEND\u0130\u00a0<\/p>\n<p>Mersin&#8217;in Toroslar il\u00e7esi Yal\u0131nayak Mahallesi&#8217;ndeki Hurdac\u0131lar Sitesi&#8217;nde yakla\u015f\u0131k 30 y\u0131ld\u0131r faaliyet g\u00f6steren 4 i\u015f yerinin Toroslar Belediyesi taraf\u0131ndan ruhsats\u0131z oldu\u011fu gerek\u00e7esiyle m\u00fch\u00fcrleme karar\u0131 \u00fczerine i\u015fletme sahipleri, Belediye Ba\u015fkan\u0131 Abdurrahman Y\u0131ld\u0131z ile g\u00f6r\u00fc\u015fmek istedi. Taleplerinin kar\u015f\u0131lanmad\u0131\u011f\u0131n\u0131 ve i\u00e7eriye al\u0131nmad\u0131klar\u0131n\u0131 belirten esnaf, duruma tepki g\u00f6sterdi.<\/p>\n<p>\u00c7OCUKLARIMIZIN RIZKINI BELED\u0130YE VERECEK M\u0130?<\/p>\n<p>Geri d\u00f6n\u00fc\u015f\u00fcm i\u015fletme sahipleri ad\u0131na a\u00e7\u0131klama yapan Ali Ge\u00e7gel, al\u0131nan karar\u0131n ard\u0131ndan belediye yetkilileri ile irtibat kurmaya \u00e7al\u0131\u015ft\u0131klar\u0131n\u0131, ancak g\u00f6r\u00fc\u015fme yapamad\u0131klar\u0131n\u0131 s\u00f6yledi. Toroslar Belediyesinin i\u015f yerlerini m\u00fch\u00fcrlemeye geleceklerini ifade eden Ge\u00e7gel, &#8220;Bunun amac\u0131 nedir? Burada bir rant kavgas\u0131 m\u0131 var, siyasi bir kavga m\u0131? Ger\u00e7ek fikirleri nedir? Toroslar Belediyesi gelip, neden sorunlar\u0131m\u0131za el atm\u0131yor, neden bizimle g\u00f6r\u00fc\u015fm\u00fcyor? Sadece zab\u0131tay\u0131 g\u00f6nderip, m\u00fch\u00fcrlemeye \u00e7al\u0131\u015f\u0131yorlar. \u00c7ocuklar\u0131m\u0131z\u0131n r\u0131zk\u0131n\u0131 Toroslar Belediyesi verecek mi? Burada, Toroslar Belediyesine ba\u011fl\u0131 30 i\u015fletme var. Belediye ile irtibat kurmaya \u00e7al\u0131\u015ft\u0131\u011f\u0131m\u0131zda, bizimle g\u00f6r\u00fc\u015fm\u00fcyorlar ve sorunlar\u0131m\u0131z\u0131 dinlemiyorlar. \u0130\u015f yerlerimizi kapatarak sorunu \u00e7\u00f6zmeye \u00e7al\u0131\u015f\u0131yorlar&#8221; dedi.<\/p>\n<p>10 G\u00dcN \u0130\u00c7ER\u0130S\u0130NDE \u0130\u015e YERLER\u0130 KAPATILACAK\u00a0<\/p>\n<p>Yerel mahkemedeki davalar\u0131n devam eti\u011fini ifade eden Ge\u00e7gel, &#8220;Toroslar Belediyesini de mahkemeye verdik. Bize alternatif yerler \u00fcretilirse, gitmeye haz\u0131r\u0131z. Bize 3 ay s\u00fcre vermi\u015flerdi, ama sonra tekrar geldiler ve 10 g\u00fcn i\u00e7inde i\u015f yerimizi kapatacaklar\u0131n\u0131 s\u00f6ylediler. Bug\u00fcn de zab\u0131ta ekipleri tekrar gelip, i\u015f yerimizi kapatacaklar\u0131n\u0131 belirttiler&#8221; diye konu\u015ftu.<\/p>\n<p>\u0130\u015eLETMEC\u0130LER MUHATAP BULAMIYOR<\/p>\n<p>Geri d\u00f6n\u00fc\u015f\u00fcm tesislerindeki i\u015fletmecilerden Vedat Hedef de belediye ba\u015fkan\u0131 ile g\u00f6r\u00fc\u015fmeye gittiklerinde i\u00e7eriye al\u0131nmad\u0131klar\u0131n\u0131 belirterek, &#8220;Ben 30 y\u0131ll\u0131k bir esnaf\u0131m. Babamdan kalan bir i\u015f yerini i\u015fletiyorum. Biz kar\u015f\u0131m\u0131zda bir sorumlu bulam\u0131yoruz. Belediye ba\u015fkan\u0131 ile g\u00f6r\u00fc\u015fmeye gidiyoruz, kap\u0131dan i\u00e7eriye alm\u0131yorlar. Benim i\u015f yerim kapan\u0131rsa, evime nas\u0131l ekmek g\u00f6t\u00fcrece\u011fim? \u00d6demem gereken kredilerim var, \u00e7al\u0131\u015fan i\u015f\u00e7ilerim var, bir s\u00fcr\u00fc sorun var. Fakat belediye ba\u015fkan\u0131 kesinlikle halkla ilgilenmiyor. Halk bunu bu noktaya getirdi; biz onu koltu\u011fa oturttuk ama o bizi umursam\u0131yor&#8221; dedi.\u00a0\u00a0 \u00a0 \u00a0 \u00a0 \u00a0 \u00a0 \u00a0 \u00a0<\/p>\n<p>\u200bMersin&#8217;e ba\u011fl\u0131 Toroslar Belediyesi, 4 i\u015fletmeyi ruhsats\u0131z oldu\u011fu gerek\u00e7esiyle m\u00fch\u00fcrledi. Konuya ili\u015fkin belediye yetkilileriyle konu\u015fmak isteyen i\u015fletme sahipleri ise muhatap bulamad\u0131.\u00a0<\/p>\n<p>\u200bHaberin Al\u0131nt\u0131land\u0131\u011f\u0131 Kaynak: www.antalyakorfez.com<\/p>","protected":false},"excerpt":{"rendered":"<p>Mersin&#8217;de Toroslar Belediyesi&#8217;nin Hurdac\u0131lar Sitesi&#8217;nde faaliyet g\u00f6steren 4 i\u015f yerini ruhsats\u0131z oldu\u011fu gerek\u00e7esiyle m\u00fch\u00fcrleme karar\u0131 almas\u0131, i\u015fletme sahiplerinin tepkisine yol a\u00e7t\u0131. Belediyeye giderek sorunu g\u00f6r\u00fc\u015fmek isteyen i\u015fletmeciler, i\u00e7eriye al\u0131nmad\u0131klar\u0131n\u0131 iddia etti. 30 YILDIR FAAL\u0130YET G\u00d6STEREN 4 \u0130\u015eLETME M\u00dcH\u00dcRLEND\u0130\u00a0 Mersin&#8217;in Toroslar il\u00e7esi Yal\u0131nayak Mahallesi&#8217;ndeki Hurdac\u0131lar Sitesi&#8217;nde yakla\u015f\u0131k 30 y\u0131ld\u0131r faaliyet g\u00f6steren 4 i\u015f yerinin Toroslar Belediyesi taraf\u0131ndan ruhsats\u0131z oldu\u011fu gerek\u00e7esiyle m\u00fch\u00fcrleme karar\u0131 \u00fczerine i\u015fletme sahipleri, Belediye Ba\u015fkan\u0131 Abdurrahman Y\u0131ld\u0131z ile g\u00f6r\u00fc\u015fmek istedi. Taleplerinin kar\u015f\u0131lanmad\u0131\u011f\u0131n\u0131 ve i\u00e7eriye al\u0131nmad\u0131klar\u0131n\u0131 belirten esnaf, duruma tepki g\u00f6sterdi. \u00c7OCUKLARIMIZIN RIZKINI BELED\u0130YE VERECEK M\u0130? Geri d\u00f6n\u00fc\u015f\u00fcm i\u015fletme sahipleri ad\u0131na a\u00e7\u0131klama yapan Ali Ge\u00e7gel, al\u0131nan karar\u0131n ard\u0131ndan belediye yetkilileri ile irtibat kurmaya \u00e7al\u0131\u015ft\u0131klar\u0131n\u0131, ancak g\u00f6r\u00fc\u015fme yapamad\u0131klar\u0131n\u0131 s\u00f6yledi. Toroslar Belediyesinin i\u015f yerlerini m\u00fch\u00fcrlemeye geleceklerini ifade eden Ge\u00e7gel, &#8220;Bunun amac\u0131 nedir? Burada bir rant kavgas\u0131 m\u0131 var, siyasi bir kavga m\u0131? Ger\u00e7ek fikirleri nedir? Toroslar Belediyesi gelip, neden sorunlar\u0131m\u0131za el atm\u0131yor, neden bizimle g\u00f6r\u00fc\u015fm\u00fcyor? Sadece zab\u0131tay\u0131 g\u00f6nderip, m\u00fch\u00fcrlemeye \u00e7al\u0131\u015f\u0131yorlar. \u00c7ocuklar\u0131m\u0131z\u0131n r\u0131zk\u0131n\u0131 Toroslar Belediyesi verecek mi? Burada, Toroslar Belediyesine ba\u011fl\u0131 30 i\u015fletme var. Belediye ile irtibat kurmaya \u00e7al\u0131\u015ft\u0131\u011f\u0131m\u0131zda, bizimle g\u00f6r\u00fc\u015fm\u00fcyorlar ve sorunlar\u0131m\u0131z\u0131 dinlemiyorlar. \u0130\u015f yerlerimizi kapatarak sorunu \u00e7\u00f6zmeye \u00e7al\u0131\u015f\u0131yorlar&#8221; dedi. 10 G\u00dcN \u0130\u00c7ER\u0130S\u0130NDE \u0130\u015e YERLER\u0130 KAPATILACAK\u00a0 Yerel mahkemedeki davalar\u0131n devam eti\u011fini ifade eden Ge\u00e7gel, &#8220;Toroslar Belediyesini de mahkemeye verdik. Bize alternatif yerler &hellip;<\/p>","protected":false},"author":0,"featured_media":0,"comment_status":"open","ping_status":"open","sticky":false,"template":"","format":"standard","meta":{"_acf_changed":false,"footnotes":""},"categories":[24,535],"tags":[],"class_list":["post-24156","post","type-post","status-publish","format-standard","has-post-thumbnail","hentry","category-gundem","category-uncategorized-tr"],"acf":[],"yoast_head":"<!-- This site is optimized with the Yoast SEO Premium plugin v26.6 (Yoast SEO v27.1.1) - https:\/\/yoast.com\/product\/yoast-seo-premium-wordpress\/ -->\n<title>Mersin&#039;de belediye i\u015fletmeyi m\u00fch\u00fcrledi, esnaf tepki g\u00f6sterdi - Av. Deniz Can K\u0131z\u0131l<\/title>\n<meta name=\"robots\" content=\"index, follow, max-snippet:-1, max-image-preview:large, max-video-preview:-1\" \/>\n<link rel=\"canonical\" href=\"http:\/\/denizcankizil.tr\/uk\/haberler\/gundem\/mersinde-belediye-isletmeyi-muhurledi-esnaf-tepki-gosterdi\/\" \/>\n<meta property=\"og:locale\" content=\"uk_UA\" \/>\n<meta property=\"og:type\" content=\"article\" \/>\n<meta property=\"og:title\" content=\"Mersin&#039;de belediye i\u015fletmeyi m\u00fch\u00fcrledi, esnaf tepki g\u00f6sterdi\" \/>\n<meta property=\"og:description\" content=\"Mersin&#8217;de Toroslar Belediyesi&#8217;nin Hurdac\u0131lar Sitesi&#8217;nde faaliyet g\u00f6steren 4 i\u015f yerini ruhsats\u0131z oldu\u011fu gerek\u00e7esiyle m\u00fch\u00fcrleme karar\u0131 almas\u0131, i\u015fletme sahiplerinin tepkisine yol a\u00e7t\u0131. Belediyeye giderek sorunu g\u00f6r\u00fc\u015fmek isteyen i\u015fletmeciler, i\u00e7eriye al\u0131nmad\u0131klar\u0131n\u0131 iddia etti. 30 YILDIR FAAL\u0130YET G\u00d6STEREN 4 \u0130\u015eLETME M\u00dcH\u00dcRLEND\u0130\u00a0 Mersin&#8217;in Toroslar il\u00e7esi Yal\u0131nayak Mahallesi&#8217;ndeki Hurdac\u0131lar Sitesi&#8217;nde yakla\u015f\u0131k 30 y\u0131ld\u0131r faaliyet g\u00f6steren 4 i\u015f yerinin Toroslar Belediyesi taraf\u0131ndan ruhsats\u0131z oldu\u011fu gerek\u00e7esiyle m\u00fch\u00fcrleme karar\u0131 \u00fczerine i\u015fletme sahipleri, Belediye Ba\u015fkan\u0131 Abdurrahman Y\u0131ld\u0131z ile g\u00f6r\u00fc\u015fmek istedi. Taleplerinin kar\u015f\u0131lanmad\u0131\u011f\u0131n\u0131 ve i\u00e7eriye al\u0131nmad\u0131klar\u0131n\u0131 belirten esnaf, duruma tepki g\u00f6sterdi. \u00c7OCUKLARIMIZIN RIZKINI BELED\u0130YE VERECEK M\u0130? Geri d\u00f6n\u00fc\u015f\u00fcm i\u015fletme sahipleri ad\u0131na a\u00e7\u0131klama yapan Ali Ge\u00e7gel, al\u0131nan karar\u0131n ard\u0131ndan belediye yetkilileri ile irtibat kurmaya \u00e7al\u0131\u015ft\u0131klar\u0131n\u0131, ancak g\u00f6r\u00fc\u015fme yapamad\u0131klar\u0131n\u0131 s\u00f6yledi. Toroslar Belediyesinin i\u015f yerlerini m\u00fch\u00fcrlemeye geleceklerini ifade eden Ge\u00e7gel, &#8220;Bunun amac\u0131 nedir? Burada bir rant kavgas\u0131 m\u0131 var, siyasi bir kavga m\u0131? Ger\u00e7ek fikirleri nedir? Toroslar Belediyesi gelip, neden sorunlar\u0131m\u0131za el atm\u0131yor, neden bizimle g\u00f6r\u00fc\u015fm\u00fcyor? Sadece zab\u0131tay\u0131 g\u00f6nderip, m\u00fch\u00fcrlemeye \u00e7al\u0131\u015f\u0131yorlar. \u00c7ocuklar\u0131m\u0131z\u0131n r\u0131zk\u0131n\u0131 Toroslar Belediyesi verecek mi? Burada, Toroslar Belediyesine ba\u011fl\u0131 30 i\u015fletme var. Belediye ile irtibat kurmaya \u00e7al\u0131\u015ft\u0131\u011f\u0131m\u0131zda, bizimle g\u00f6r\u00fc\u015fm\u00fcyorlar ve sorunlar\u0131m\u0131z\u0131 dinlemiyorlar. \u0130\u015f yerlerimizi kapatarak sorunu \u00e7\u00f6zmeye \u00e7al\u0131\u015f\u0131yorlar&#8221; dedi. 10 G\u00dcN \u0130\u00c7ER\u0130S\u0130NDE \u0130\u015e YERLER\u0130 KAPATILACAK\u00a0 Yerel mahkemedeki davalar\u0131n devam eti\u011fini ifade eden Ge\u00e7gel, &#8220;Toroslar Belediyesini de mahkemeye verdik. Bize alternatif yerler &hellip;\" \/>\n<meta property=\"og:url\" content=\"http:\/\/denizcankizil.tr\/uk\/haberler\/gundem\/mersinde-belediye-isletmeyi-muhurledi-esnaf-tepki-gosterdi\/\" \/>\n<meta property=\"og:site_name\" content=\"Av. Deniz Can K\u0131z\u0131l\" \/>\n<meta property=\"article:published_time\" content=\"2025-01-06T14:41:46+00:00\" \/>\n<meta name=\"twitter:card\" content=\"summary_large_image\" \/>\n<meta name=\"twitter:label1\" content=\"\u041f\u0440\u0438\u0431\u043b. \u0447\u0430\u0441 \u0447\u0438\u0442\u0430\u043d\u043d\u044f\" \/>\n\t<meta name=\"twitter:data1\" content=\"2 \u0445\u0432\u0438\u043b\u0438\u043d\u0438\" \/>\n<script type=\"application\/ld+json\" class=\"yoast-schema-graph\">{\"@context\":\"https:\/\/schema.org\",\"@graph\":[{\"@type\":\"Article\",\"@id\":\"http:\/\/denizcankizil.tr\/uk\/haberler\/gundem\/mersinde-belediye-isletmeyi-muhurledi-esnaf-tepki-gosterdi\/#article\",\"isPartOf\":{\"@id\":\"http:\/\/denizcankizil.tr\/uk\/haberler\/gundem\/mersinde-belediye-isletmeyi-muhurledi-esnaf-tepki-gosterdi\/\"},\"author\":{\"name\":\"\",\"@id\":\"\"},\"headline\":\"Mersin&#8217;de belediye i\u015fletmeyi m\u00fch\u00fcrledi, esnaf tepki g\u00f6sterdi\",\"datePublished\":\"2025-01-06T14:41:46+00:00\",\"mainEntityOfPage\":{\"@id\":\"http:\/\/denizcankizil.tr\/uk\/haberler\/gundem\/mersinde-belediye-isletmeyi-muhurledi-esnaf-tepki-gosterdi\/\"},\"wordCount\":506,\"commentCount\":0,\"publisher\":{\"@id\":\"https:\/\/denizcankizil.tr\/de\/#organization\"},\"articleSection\":[\"G\u00fcndem\",\"Uncategorized\"],\"inLanguage\":\"uk\",\"potentialAction\":[{\"@type\":\"CommentAction\",\"name\":\"Comment\",\"target\":[\"http:\/\/denizcankizil.tr\/uk\/haberler\/gundem\/mersinde-belediye-isletmeyi-muhurledi-esnaf-tepki-gosterdi\/#respond\"]}]},{\"@type\":\"WebPage\",\"@id\":\"http:\/\/denizcankizil.tr\/uk\/haberler\/gundem\/mersinde-belediye-isletmeyi-muhurledi-esnaf-tepki-gosterdi\/\",\"url\":\"http:\/\/denizcankizil.tr\/uk\/haberler\/gundem\/mersinde-belediye-isletmeyi-muhurledi-esnaf-tepki-gosterdi\/\",\"name\":\"Mersin'de belediye i\u015fletmeyi m\u00fch\u00fcrledi, esnaf tepki g\u00f6sterdi - Av. Deniz Can K\u0131z\u0131l\",\"isPartOf\":{\"@id\":\"https:\/\/denizcankizil.tr\/de\/#website\"},\"datePublished\":\"2025-01-06T14:41:46+00:00\",\"breadcrumb\":{\"@id\":\"http:\/\/denizcankizil.tr\/uk\/haberler\/gundem\/mersinde-belediye-isletmeyi-muhurledi-esnaf-tepki-gosterdi\/#breadcrumb\"},\"inLanguage\":\"uk\",\"potentialAction\":[{\"@type\":\"ReadAction\",\"target\":[\"http:\/\/denizcankizil.tr\/uk\/haberler\/gundem\/mersinde-belediye-isletmeyi-muhurledi-esnaf-tepki-gosterdi\/\"]}]},{\"@type\":\"BreadcrumbList\",\"@id\":\"http:\/\/denizcankizil.tr\/uk\/haberler\/gundem\/mersinde-belediye-isletmeyi-muhurledi-esnaf-tepki-gosterdi\/#breadcrumb\",\"itemListElement\":[{\"@type\":\"ListItem\",\"position\":1,\"name\":\"Home\",\"item\":\"https:\/\/denizcankizil.tr\/de\/\"},{\"@type\":\"ListItem\",\"position\":2,\"name\":\"Mersin&#8217;de belediye i\u015fletmeyi m\u00fch\u00fcrledi, esnaf tepki g\u00f6sterdi\"}]},{\"@type\":\"WebSite\",\"@id\":\"https:\/\/denizcankizil.tr\/de\/#website\",\"url\":\"https:\/\/denizcankizil.tr\/de\/\",\"name\":\"Av. Deniz Can K\u0131z\u0131l\",\"description\":\"Avukat Deniz Can K\u0131z\u0131l Antalya Barosu\",\"publisher\":{\"@id\":\"https:\/\/denizcankizil.tr\/de\/#organization\"},\"potentialAction\":[{\"@type\":\"SearchAction\",\"target\":{\"@type\":\"EntryPoint\",\"urlTemplate\":\"https:\/\/denizcankizil.tr\/de\/?s={search_term_string}\"},\"query-input\":{\"@type\":\"PropertyValueSpecification\",\"valueRequired\":true,\"valueName\":\"search_term_string\"}}],\"inLanguage\":\"uk\"},{\"@type\":\"Organization\",\"@id\":\"https:\/\/denizcankizil.tr\/de\/#organization\",\"name\":\"Av. Deniz Can K\u0131z\u0131l\",\"url\":\"https:\/\/denizcankizil.tr\/de\/\",\"logo\":{\"@type\":\"ImageObject\",\"inLanguage\":\"uk\",\"@id\":\"https:\/\/denizcankizil.tr\/de\/#\/schema\/logo\/image\/\",\"url\":\"http:\/\/denizcankizil.tr\/wp-content\/uploads\/2024\/10\/siyah-logo-svg.svg\",\"contentUrl\":\"http:\/\/denizcankizil.tr\/wp-content\/uploads\/2024\/10\/siyah-logo-svg.svg\",\"width\":1080,\"height\":1080,\"caption\":\"Av. Deniz Can K\u0131z\u0131l\"},\"image\":{\"@id\":\"https:\/\/denizcankizil.tr\/de\/#\/schema\/logo\/image\/\"}}]}<\/script>\n<!-- \/ Yoast SEO Premium plugin. -->","yoast_head_json":{"title":"Mersin'de belediye i\u015fletmeyi m\u00fch\u00fcrledi, esnaf tepki g\u00f6sterdi - Av. Deniz Can K\u0131z\u0131l","robots":{"index":"index","follow":"follow","max-snippet":"max-snippet:-1","max-image-preview":"max-image-preview:large","max-video-preview":"max-video-preview:-1"},"canonical":"http:\/\/denizcankizil.tr\/uk\/haberler\/gundem\/mersinde-belediye-isletmeyi-muhurledi-esnaf-tepki-gosterdi\/","og_locale":"uk_UA","og_type":"article","og_title":"Mersin'de belediye i\u015fletmeyi m\u00fch\u00fcrledi, esnaf tepki g\u00f6sterdi","og_description":"Mersin&#8217;de Toroslar Belediyesi&#8217;nin Hurdac\u0131lar Sitesi&#8217;nde faaliyet g\u00f6steren 4 i\u015f yerini ruhsats\u0131z oldu\u011fu gerek\u00e7esiyle m\u00fch\u00fcrleme karar\u0131 almas\u0131, i\u015fletme sahiplerinin tepkisine yol a\u00e7t\u0131. Belediyeye giderek sorunu g\u00f6r\u00fc\u015fmek isteyen i\u015fletmeciler, i\u00e7eriye al\u0131nmad\u0131klar\u0131n\u0131 iddia etti. 30 YILDIR FAAL\u0130YET G\u00d6STEREN 4 \u0130\u015eLETME M\u00dcH\u00dcRLEND\u0130\u00a0 Mersin&#8217;in Toroslar il\u00e7esi Yal\u0131nayak Mahallesi&#8217;ndeki Hurdac\u0131lar Sitesi&#8217;nde yakla\u015f\u0131k 30 y\u0131ld\u0131r faaliyet g\u00f6steren 4 i\u015f yerinin Toroslar Belediyesi taraf\u0131ndan ruhsats\u0131z oldu\u011fu gerek\u00e7esiyle m\u00fch\u00fcrleme karar\u0131 \u00fczerine i\u015fletme sahipleri, Belediye Ba\u015fkan\u0131 Abdurrahman Y\u0131ld\u0131z ile g\u00f6r\u00fc\u015fmek istedi. Taleplerinin kar\u015f\u0131lanmad\u0131\u011f\u0131n\u0131 ve i\u00e7eriye al\u0131nmad\u0131klar\u0131n\u0131 belirten esnaf, duruma tepki g\u00f6sterdi. \u00c7OCUKLARIMIZIN RIZKINI BELED\u0130YE VERECEK M\u0130? Geri d\u00f6n\u00fc\u015f\u00fcm i\u015fletme sahipleri ad\u0131na a\u00e7\u0131klama yapan Ali Ge\u00e7gel, al\u0131nan karar\u0131n ard\u0131ndan belediye yetkilileri ile irtibat kurmaya \u00e7al\u0131\u015ft\u0131klar\u0131n\u0131, ancak g\u00f6r\u00fc\u015fme yapamad\u0131klar\u0131n\u0131 s\u00f6yledi. Toroslar Belediyesinin i\u015f yerlerini m\u00fch\u00fcrlemeye geleceklerini ifade eden Ge\u00e7gel, &#8220;Bunun amac\u0131 nedir? Burada bir rant kavgas\u0131 m\u0131 var, siyasi bir kavga m\u0131? Ger\u00e7ek fikirleri nedir? Toroslar Belediyesi gelip, neden sorunlar\u0131m\u0131za el atm\u0131yor, neden bizimle g\u00f6r\u00fc\u015fm\u00fcyor? Sadece zab\u0131tay\u0131 g\u00f6nderip, m\u00fch\u00fcrlemeye \u00e7al\u0131\u015f\u0131yorlar. \u00c7ocuklar\u0131m\u0131z\u0131n r\u0131zk\u0131n\u0131 Toroslar Belediyesi verecek mi? Burada, Toroslar Belediyesine ba\u011fl\u0131 30 i\u015fletme var. Belediye ile irtibat kurmaya \u00e7al\u0131\u015ft\u0131\u011f\u0131m\u0131zda, bizimle g\u00f6r\u00fc\u015fm\u00fcyorlar ve sorunlar\u0131m\u0131z\u0131 dinlemiyorlar. \u0130\u015f yerlerimizi kapatarak sorunu \u00e7\u00f6zmeye \u00e7al\u0131\u015f\u0131yorlar&#8221; dedi. 10 G\u00dcN \u0130\u00c7ER\u0130S\u0130NDE \u0130\u015e YERLER\u0130 KAPATILACAK\u00a0 Yerel mahkemedeki davalar\u0131n devam eti\u011fini ifade eden Ge\u00e7gel, &#8220;Toroslar Belediyesini de mahkemeye verdik. Bize alternatif yerler &hellip;","og_url":"http:\/\/denizcankizil.tr\/uk\/haberler\/gundem\/mersinde-belediye-isletmeyi-muhurledi-esnaf-tepki-gosterdi\/","og_site_name":"Av. Deniz Can K\u0131z\u0131l","article_published_time":"2025-01-06T14:41:46+00:00","twitter_card":"summary_large_image","twitter_misc":{"\u041f\u0440\u0438\u0431\u043b. \u0447\u0430\u0441 \u0447\u0438\u0442\u0430\u043d\u043d\u044f":"2 \u0445\u0432\u0438\u043b\u0438\u043d\u0438"},"schema":{"@context":"https:\/\/schema.org","@graph":[{"@type":"Article","@id":"http:\/\/denizcankizil.tr\/uk\/haberler\/gundem\/mersinde-belediye-isletmeyi-muhurledi-esnaf-tepki-gosterdi\/#article","isPartOf":{"@id":"http:\/\/denizcankizil.tr\/uk\/haberler\/gundem\/mersinde-belediye-isletmeyi-muhurledi-esnaf-tepki-gosterdi\/"},"author":{"name":"","@id":""},"headline":"Mersin&#8217;de belediye i\u015fletmeyi m\u00fch\u00fcrledi, esnaf tepki g\u00f6sterdi","datePublished":"2025-01-06T14:41:46+00:00","mainEntityOfPage":{"@id":"http:\/\/denizcankizil.tr\/uk\/haberler\/gundem\/mersinde-belediye-isletmeyi-muhurledi-esnaf-tepki-gosterdi\/"},"wordCount":506,"commentCount":0,"publisher":{"@id":"https:\/\/denizcankizil.tr\/de\/#organization"},"articleSection":["G\u00fcndem","Uncategorized"],"inLanguage":"uk","potentialAction":[{"@type":"CommentAction","name":"Comment","target":["http:\/\/denizcankizil.tr\/uk\/haberler\/gundem\/mersinde-belediye-isletmeyi-muhurledi-esnaf-tepki-gosterdi\/#respond"]}]},{"@type":"WebPage","@id":"http:\/\/denizcankizil.tr\/uk\/haberler\/gundem\/mersinde-belediye-isletmeyi-muhurledi-esnaf-tepki-gosterdi\/","url":"http:\/\/denizcankizil.tr\/uk\/haberler\/gundem\/mersinde-belediye-isletmeyi-muhurledi-esnaf-tepki-gosterdi\/","name":"Mersin'de belediye i\u015fletmeyi m\u00fch\u00fcrledi, esnaf tepki g\u00f6sterdi - Av. Deniz Can K\u0131z\u0131l","isPartOf":{"@id":"https:\/\/denizcankizil.tr\/de\/#website"},"datePublished":"2025-01-06T14:41:46+00:00","breadcrumb":{"@id":"http:\/\/denizcankizil.tr\/uk\/haberler\/gundem\/mersinde-belediye-isletmeyi-muhurledi-esnaf-tepki-gosterdi\/#breadcrumb"},"inLanguage":"uk","potentialAction":[{"@type":"ReadAction","target":["http:\/\/denizcankizil.tr\/uk\/haberler\/gundem\/mersinde-belediye-isletmeyi-muhurledi-esnaf-tepki-gosterdi\/"]}]},{"@type":"BreadcrumbList","@id":"http:\/\/denizcankizil.tr\/uk\/haberler\/gundem\/mersinde-belediye-isletmeyi-muhurledi-esnaf-tepki-gosterdi\/#breadcrumb","itemListElement":[{"@type":"ListItem","position":1,"name":"Home","item":"https:\/\/denizcankizil.tr\/de\/"},{"@type":"ListItem","position":2,"name":"Mersin&#8217;de belediye i\u015fletmeyi m\u00fch\u00fcrledi, esnaf tepki g\u00f6sterdi"}]},{"@type":"WebSite","@id":"https:\/\/denizcankizil.tr\/de\/#website","url":"https:\/\/denizcankizil.tr\/de\/","name":"Av. Deniz Can K\u0131z\u0131l","description":"Avukat Deniz Can K\u0131z\u0131l Antalya Barosu","publisher":{"@id":"https:\/\/denizcankizil.tr\/de\/#organization"},"potentialAction":[{"@type":"SearchAction","target":{"@type":"EntryPoint","urlTemplate":"https:\/\/denizcankizil.tr\/de\/?s={search_term_string}"},"query-input":{"@type":"PropertyValueSpecification","valueRequired":true,"valueName":"search_term_string"}}],"inLanguage":"uk"},{"@type":"Organization","@id":"https:\/\/denizcankizil.tr\/de\/#organization","name":"Av. Deniz Can K\u0131z\u0131l","url":"https:\/\/denizcankizil.tr\/de\/","logo":{"@type":"ImageObject","inLanguage":"uk","@id":"https:\/\/denizcankizil.tr\/de\/#\/schema\/logo\/image\/","url":"http:\/\/denizcankizil.tr\/wp-content\/uploads\/2024\/10\/siyah-logo-svg.svg","contentUrl":"http:\/\/denizcankizil.tr\/wp-content\/uploads\/2024\/10\/siyah-logo-svg.svg","width":1080,"height":1080,"caption":"Av. Deniz Can K\u0131z\u0131l"},"image":{"@id":"https:\/\/denizcankizil.tr\/de\/#\/schema\/logo\/image\/"}}]}},"_links":{"self":[{"href":"http:\/\/denizcankizil.tr\/uk\/wp-json\/wp\/v2\/posts\/24156","targetHints":{"allow":["GET"]}}],"collection":[{"href":"http:\/\/denizcankizil.tr\/uk\/wp-json\/wp\/v2\/posts"}],"about":[{"href":"http:\/\/denizcankizil.tr\/uk\/wp-json\/wp\/v2\/types\/post"}],"replies":[{"embeddable":true,"href":"http:\/\/denizcankizil.tr\/uk\/wp-json\/wp\/v2\/comments?post=24156"}],"version-history":[{"count":0,"href":"http:\/\/denizcankizil.tr\/uk\/wp-json\/wp\/v2\/posts\/24156\/revisions"}],"wp:attachment":[{"href":"http:\/\/denizcankizil.tr\/uk\/wp-json\/wp\/v2\/media?parent=24156"}],"wp:term":[{"taxonomy":"category","embeddable":true,"href":"http:\/\/denizcankizil.tr\/uk\/wp-json\/wp\/v2\/categories?post=24156"},{"taxonomy":"post_tag","embeddable":true,"href":"http:\/\/denizcankizil.tr\/uk\/wp-json\/wp\/v2\/tags?post=24156"}],"curies":[{"name":"wp","href":"https:\/\/api.w.org\/{rel}","templated":true}]}}