{"id":23933,"date":"2025-01-05T15:41:26","date_gmt":"2025-01-05T12:41:26","guid":{"rendered":"https:\/\/denizcankizil.tr\/uncategorized-tr\/antalyanin-coken-2-bin-yillik-surlari-hala-risk-tasiyor\/"},"modified":"2025-01-05T15:41:26","modified_gmt":"2025-01-05T12:41:26","slug":"antalyanin-coken-2-bin-yillik-surlari-hala-risk-tasiyor","status":"publish","type":"post","link":"http:\/\/denizcankizil.tr\/uk\/haberler\/gundem\/antalyanin-coken-2-bin-yillik-surlari-hala-risk-tasiyor\/","title":{"rendered":"Antalya\u2019n\u0131n \u00e7\u00f6ken 2 bin y\u0131ll\u0131k surlar\u0131 hala risk ta\u015f\u0131yor"},"content":{"rendered":"<p>Antalya\u2019n\u0131n Muratpa\u015fa il\u00e7esine ba\u011fl\u0131 tarihi Kalei\u00e7i b\u00f6lgesinde yer alan Yat Liman\u0131\u2019ndaki 2 bin y\u0131ll\u0131k surlar 2024 y\u0131l\u0131n\u0131n \u015fubat ay\u0131nda ya\u015fanan sa\u011fanak ya\u011f\u0131\u015fa dayanamayarak \u00e7\u00f6km\u00fc\u015ft\u00fc. \u00dczerinde bulunan ka\u00e7ak yap\u0131dan kaynakl\u0131 surlar\u0131n \u00e7\u00f6kt\u00fc\u011f\u00fc iddia edilse de aradan bir y\u0131la yak\u0131n bir s\u00fcre ge\u00e7mesine ra\u011fmen surlardaki \u00e7\u00f6kme tehlikesi hala devam ediyor.\u00a0<\/p>\n<p>SA\u011eANAK YA\u011eI\u015eTAN DOLAYI \u00c7\u00d6KM\u00dc\u015eT\u00dc\u00a0<\/p>\n<p>Antalya\u2019n\u0131n Muratpa\u015fa il\u00e7esine ba\u011fl\u0131 tarihi Kalei\u00e7i b\u00f6lgesinde yer alan Yat Liman\u0131\u2019ndaki 2 bin y\u0131ll\u0131k surlar 2024 y\u0131l\u0131n\u0131n \u015fubat ay\u0131nda ya\u015fanan sa\u011fanak ya\u011f\u0131\u015fa dayanamayarak \u00e7\u00f6km\u00fc\u015ft\u00fc. Surlar, Antalya B\u00fcy\u00fck\u015fehir Belediyesi&#8217;ne ait tuvaletin \u00fczerine y\u0131k\u0131ld\u0131. Tuvaletin duvar\u0131n\u0131n bir k\u0131sm\u0131 da y\u0131k\u0131ld\u0131. Surlar\u0131n bir k\u0131sm\u0131n\u0131n y\u0131k\u0131ld\u0131\u011f\u0131 ve di\u011fer k\u0131s\u0131mlar\u0131n\u0131n y\u0131k\u0131lma tehlikesi ile kar\u015f\u0131 kar\u015f\u0131ya oldu\u011fu i\u00e7in alana emniyet \u015feridi \u00e7ekilerek, giri\u015f ve \u00e7\u0131k\u0131\u015flar yasakland\u0131.\u00a0<\/p>\n<p>UZUN ZAMANDIR ALAN KAPALI\u00a0<\/p>\n<p>Ya\u015fanan olay\u0131n \u00fczerinden 1 y\u0131la yak\u0131n bir s\u00fcre ge\u00e7mesine ra\u011fmen b\u00f6lge hala giri\u015fe kapal\u0131. \u015eeritte ile kapat\u0131lan b\u00f6lgedeki surlar\u0131n \u00e7\u00f6kme riski ise hala devam ediyor. \u00d6zellikle k\u0131\u015f aylar\u0131na girdi\u011fimiz bu d\u00f6nemde ya\u011f\u0131\u015flar\u0131n artmas\u0131 2 bin y\u0131ll\u0131k surlara zarar vermeye devam ediyor.\u00a0<\/p>\n<p>KA\u00c7AK YAPI OLDU\u011eU \u0130DD\u0130ALARI\u00a0<\/p>\n<p>Helenistik \u00e7a\u011fdan ba\u015flayarak Roma, Bizans, Sel\u00e7uklu ve Osmanl\u0131 medeniyetlerine ev sahipli\u011fi yapan surlarda hasar\u0131n meydana geldi\u011fi alan\u0131n \u00fczerine, brandalarla \u00e7evrili ka\u00e7ak bir i\u015fletme yerle\u015ftirilmi\u015f oldu\u011fu g\u00f6r\u00fcld\u00fc. Surlar\u0131n \u00e7\u00f6kmesinde bu ka\u00e7ak yap\u0131n\u0131n da pay\u0131 oldu\u011fu iddia edilmi\u015fti. \u00a0<\/p>\n<p>G\u00dcVENL\u0130K \u00d6NLEMLER\u0130 YETERS\u0130Z\u00a0<\/p>\n<p>Antalya Muratpa\u015fa Belediyesi taraf\u0131ndan kapat\u0131lan b\u00f6lgenin \u00fcst\u00fcnde bulunan i\u015fletmede vatanda\u015flar yemek yemeye devam ederken alttaki tuvaletler ise kullan\u0131lam\u0131yor. Bunun haricinde b\u00f6lgedeki g\u00fcvenlik \u00f6nlemlerin yetersiz kalmas\u0131ndan dolay\u0131 baz\u0131 merakl\u0131 vatanda\u015flar ise \u00e7\u00f6ken surlar\u0131 daha yak\u0131ndan g\u00f6rmek i\u00e7in alana girebiliyor.\u00a0<\/p>\n<p>\u200bAntalya\u2019n\u0131n tarihi Kalei\u00e7i b\u00f6lgesinde yer alan Yat Liman\u0131\u2019ndaki 2 bin y\u0131ll\u0131k surlar ge\u00e7ti\u011fimiz y\u0131l\u0131n \u015fubat ay\u0131nda \u00e7\u00f6km\u00fc\u015ft\u00fc. 1 y\u0131la yak\u0131n bir s\u00fcre ge\u00e7mesine ra\u011fmen alan hala giri\u015flere kapal\u0131 ve surlar\u0131n \u00e7\u00f6kme tehlikesi ise devam ediyor.\u00a0<\/p>\n<p>\u200bHaberin Al\u0131nt\u0131land\u0131\u011f\u0131 Kaynak: www.antalyakorfez.com<\/p>","protected":false},"excerpt":{"rendered":"<p>Antalya\u2019n\u0131n Muratpa\u015fa il\u00e7esine ba\u011fl\u0131 tarihi Kalei\u00e7i b\u00f6lgesinde yer alan Yat Liman\u0131\u2019ndaki 2 bin y\u0131ll\u0131k surlar 2024 y\u0131l\u0131n\u0131n \u015fubat ay\u0131nda ya\u015fanan sa\u011fanak ya\u011f\u0131\u015fa dayanamayarak \u00e7\u00f6km\u00fc\u015ft\u00fc. \u00dczerinde bulunan ka\u00e7ak yap\u0131dan kaynakl\u0131 surlar\u0131n \u00e7\u00f6kt\u00fc\u011f\u00fc iddia edilse de aradan bir y\u0131la yak\u0131n bir s\u00fcre ge\u00e7mesine ra\u011fmen surlardaki \u00e7\u00f6kme tehlikesi hala devam ediyor.\u00a0 SA\u011eANAK YA\u011eI\u015eTAN DOLAYI \u00c7\u00d6KM\u00dc\u015eT\u00dc\u00a0 Antalya\u2019n\u0131n Muratpa\u015fa il\u00e7esine ba\u011fl\u0131 tarihi Kalei\u00e7i b\u00f6lgesinde yer alan Yat Liman\u0131\u2019ndaki 2 bin y\u0131ll\u0131k surlar 2024 y\u0131l\u0131n\u0131n \u015fubat ay\u0131nda ya\u015fanan sa\u011fanak ya\u011f\u0131\u015fa dayanamayarak \u00e7\u00f6km\u00fc\u015ft\u00fc. Surlar, Antalya B\u00fcy\u00fck\u015fehir Belediyesi&#8217;ne ait tuvaletin \u00fczerine y\u0131k\u0131ld\u0131. Tuvaletin duvar\u0131n\u0131n bir k\u0131sm\u0131 da y\u0131k\u0131ld\u0131. Surlar\u0131n bir k\u0131sm\u0131n\u0131n y\u0131k\u0131ld\u0131\u011f\u0131 ve di\u011fer k\u0131s\u0131mlar\u0131n\u0131n y\u0131k\u0131lma tehlikesi ile kar\u015f\u0131 kar\u015f\u0131ya oldu\u011fu i\u00e7in alana emniyet \u015feridi \u00e7ekilerek, giri\u015f ve \u00e7\u0131k\u0131\u015flar yasakland\u0131.\u00a0 UZUN ZAMANDIR ALAN KAPALI\u00a0 Ya\u015fanan olay\u0131n \u00fczerinden 1 y\u0131la yak\u0131n bir s\u00fcre ge\u00e7mesine ra\u011fmen b\u00f6lge hala giri\u015fe kapal\u0131. \u015eeritte ile kapat\u0131lan b\u00f6lgedeki surlar\u0131n \u00e7\u00f6kme riski ise hala devam ediyor. \u00d6zellikle k\u0131\u015f aylar\u0131na girdi\u011fimiz bu d\u00f6nemde ya\u011f\u0131\u015flar\u0131n artmas\u0131 2 bin y\u0131ll\u0131k surlara zarar vermeye devam ediyor.\u00a0 KA\u00c7AK YAPI OLDU\u011eU \u0130DD\u0130ALARI\u00a0 Helenistik \u00e7a\u011fdan ba\u015flayarak Roma, Bizans, Sel\u00e7uklu ve Osmanl\u0131 medeniyetlerine ev sahipli\u011fi yapan surlarda hasar\u0131n meydana geldi\u011fi alan\u0131n \u00fczerine, brandalarla \u00e7evrili ka\u00e7ak bir i\u015fletme yerle\u015ftirilmi\u015f oldu\u011fu g\u00f6r\u00fcld\u00fc. Surlar\u0131n \u00e7\u00f6kmesinde bu ka\u00e7ak yap\u0131n\u0131n da pay\u0131 oldu\u011fu iddia edilmi\u015fti. \u00a0 G\u00dcVENL\u0130K \u00d6NLEMLER\u0130 &hellip;<\/p>","protected":false},"author":0,"featured_media":0,"comment_status":"open","ping_status":"open","sticky":false,"template":"","format":"standard","meta":{"_acf_changed":false,"footnotes":""},"categories":[24,535],"tags":[],"class_list":["post-23933","post","type-post","status-publish","format-standard","has-post-thumbnail","hentry","category-gundem","category-uncategorized-tr"],"acf":[],"yoast_head":"<!-- This site is optimized with the Yoast SEO Premium plugin v26.6 (Yoast SEO v27.1.1) - https:\/\/yoast.com\/product\/yoast-seo-premium-wordpress\/ -->\n<title>Antalya\u2019n\u0131n \u00e7\u00f6ken 2 bin y\u0131ll\u0131k surlar\u0131 hala risk ta\u015f\u0131yor - Av. Deniz Can K\u0131z\u0131l<\/title>\n<meta name=\"robots\" content=\"index, follow, max-snippet:-1, max-image-preview:large, max-video-preview:-1\" \/>\n<link rel=\"canonical\" href=\"http:\/\/denizcankizil.tr\/uk\/haberler\/gundem\/antalyanin-coken-2-bin-yillik-surlari-hala-risk-tasiyor\/\" \/>\n<meta property=\"og:locale\" content=\"uk_UA\" \/>\n<meta property=\"og:type\" content=\"article\" \/>\n<meta property=\"og:title\" content=\"Antalya\u2019n\u0131n \u00e7\u00f6ken 2 bin y\u0131ll\u0131k surlar\u0131 hala risk ta\u015f\u0131yor\" \/>\n<meta property=\"og:description\" content=\"Antalya\u2019n\u0131n Muratpa\u015fa il\u00e7esine ba\u011fl\u0131 tarihi Kalei\u00e7i b\u00f6lgesinde yer alan Yat Liman\u0131\u2019ndaki 2 bin y\u0131ll\u0131k surlar 2024 y\u0131l\u0131n\u0131n \u015fubat ay\u0131nda ya\u015fanan sa\u011fanak ya\u011f\u0131\u015fa dayanamayarak \u00e7\u00f6km\u00fc\u015ft\u00fc. \u00dczerinde bulunan ka\u00e7ak yap\u0131dan kaynakl\u0131 surlar\u0131n \u00e7\u00f6kt\u00fc\u011f\u00fc iddia edilse de aradan bir y\u0131la yak\u0131n bir s\u00fcre ge\u00e7mesine ra\u011fmen surlardaki \u00e7\u00f6kme tehlikesi hala devam ediyor.\u00a0 SA\u011eANAK YA\u011eI\u015eTAN DOLAYI \u00c7\u00d6KM\u00dc\u015eT\u00dc\u00a0 Antalya\u2019n\u0131n Muratpa\u015fa il\u00e7esine ba\u011fl\u0131 tarihi Kalei\u00e7i b\u00f6lgesinde yer alan Yat Liman\u0131\u2019ndaki 2 bin y\u0131ll\u0131k surlar 2024 y\u0131l\u0131n\u0131n \u015fubat ay\u0131nda ya\u015fanan sa\u011fanak ya\u011f\u0131\u015fa dayanamayarak \u00e7\u00f6km\u00fc\u015ft\u00fc. Surlar, Antalya B\u00fcy\u00fck\u015fehir Belediyesi&#8217;ne ait tuvaletin \u00fczerine y\u0131k\u0131ld\u0131. Tuvaletin duvar\u0131n\u0131n bir k\u0131sm\u0131 da y\u0131k\u0131ld\u0131. Surlar\u0131n bir k\u0131sm\u0131n\u0131n y\u0131k\u0131ld\u0131\u011f\u0131 ve di\u011fer k\u0131s\u0131mlar\u0131n\u0131n y\u0131k\u0131lma tehlikesi ile kar\u015f\u0131 kar\u015f\u0131ya oldu\u011fu i\u00e7in alana emniyet \u015feridi \u00e7ekilerek, giri\u015f ve \u00e7\u0131k\u0131\u015flar yasakland\u0131.\u00a0 UZUN ZAMANDIR ALAN KAPALI\u00a0 Ya\u015fanan olay\u0131n \u00fczerinden 1 y\u0131la yak\u0131n bir s\u00fcre ge\u00e7mesine ra\u011fmen b\u00f6lge hala giri\u015fe kapal\u0131. \u015eeritte ile kapat\u0131lan b\u00f6lgedeki surlar\u0131n \u00e7\u00f6kme riski ise hala devam ediyor. \u00d6zellikle k\u0131\u015f aylar\u0131na girdi\u011fimiz bu d\u00f6nemde ya\u011f\u0131\u015flar\u0131n artmas\u0131 2 bin y\u0131ll\u0131k surlara zarar vermeye devam ediyor.\u00a0 KA\u00c7AK YAPI OLDU\u011eU \u0130DD\u0130ALARI\u00a0 Helenistik \u00e7a\u011fdan ba\u015flayarak Roma, Bizans, Sel\u00e7uklu ve Osmanl\u0131 medeniyetlerine ev sahipli\u011fi yapan surlarda hasar\u0131n meydana geldi\u011fi alan\u0131n \u00fczerine, brandalarla \u00e7evrili ka\u00e7ak bir i\u015fletme yerle\u015ftirilmi\u015f oldu\u011fu g\u00f6r\u00fcld\u00fc. Surlar\u0131n \u00e7\u00f6kmesinde bu ka\u00e7ak yap\u0131n\u0131n da pay\u0131 oldu\u011fu iddia edilmi\u015fti. \u00a0 G\u00dcVENL\u0130K \u00d6NLEMLER\u0130 &hellip;\" \/>\n<meta property=\"og:url\" content=\"http:\/\/denizcankizil.tr\/uk\/haberler\/gundem\/antalyanin-coken-2-bin-yillik-surlari-hala-risk-tasiyor\/\" \/>\n<meta property=\"og:site_name\" content=\"Av. Deniz Can K\u0131z\u0131l\" \/>\n<meta property=\"article:published_time\" content=\"2025-01-05T12:41:26+00:00\" \/>\n<meta name=\"twitter:card\" content=\"summary_large_image\" \/>\n<meta name=\"twitter:label1\" content=\"\u041f\u0440\u0438\u0431\u043b. \u0447\u0430\u0441 \u0447\u0438\u0442\u0430\u043d\u043d\u044f\" \/>\n\t<meta name=\"twitter:data1\" content=\"2 \u0445\u0432\u0438\u043b\u0438\u043d\u0438\" \/>\n<script type=\"application\/ld+json\" class=\"yoast-schema-graph\">{\"@context\":\"https:\/\/schema.org\",\"@graph\":[{\"@type\":\"Article\",\"@id\":\"http:\/\/denizcankizil.tr\/ru\/haberler\/gundem\/antalyanin-coken-2-bin-yillik-surlari-hala-risk-tasiyor\/#article\",\"isPartOf\":{\"@id\":\"http:\/\/denizcankizil.tr\/ru\/haberler\/gundem\/antalyanin-coken-2-bin-yillik-surlari-hala-risk-tasiyor\/\"},\"author\":{\"name\":\"\",\"@id\":\"\"},\"headline\":\"Antalya\u2019n\u0131n \u00e7\u00f6ken 2 bin y\u0131ll\u0131k surlar\u0131 hala risk ta\u015f\u0131yor\",\"datePublished\":\"2025-01-05T12:41:26+00:00\",\"mainEntityOfPage\":{\"@id\":\"http:\/\/denizcankizil.tr\/ru\/haberler\/gundem\/antalyanin-coken-2-bin-yillik-surlari-hala-risk-tasiyor\/\"},\"wordCount\":442,\"commentCount\":0,\"publisher\":{\"@id\":\"https:\/\/denizcankizil.tr\/#organization\"},\"articleSection\":[\"G\u00fcndem\",\"Uncategorized\"],\"inLanguage\":\"uk\",\"potentialAction\":[{\"@type\":\"CommentAction\",\"name\":\"Comment\",\"target\":[\"http:\/\/denizcankizil.tr\/ru\/haberler\/gundem\/antalyanin-coken-2-bin-yillik-surlari-hala-risk-tasiyor\/#respond\"]}]},{\"@type\":\"WebPage\",\"@id\":\"http:\/\/denizcankizil.tr\/ru\/haberler\/gundem\/antalyanin-coken-2-bin-yillik-surlari-hala-risk-tasiyor\/\",\"url\":\"http:\/\/denizcankizil.tr\/ru\/haberler\/gundem\/antalyanin-coken-2-bin-yillik-surlari-hala-risk-tasiyor\/\",\"name\":\"Antalya\u2019n\u0131n \u00e7\u00f6ken 2 bin y\u0131ll\u0131k surlar\u0131 hala risk ta\u015f\u0131yor - Av. Deniz Can K\u0131z\u0131l\",\"isPartOf\":{\"@id\":\"https:\/\/denizcankizil.tr\/#website\"},\"datePublished\":\"2025-01-05T12:41:26+00:00\",\"breadcrumb\":{\"@id\":\"http:\/\/denizcankizil.tr\/ru\/haberler\/gundem\/antalyanin-coken-2-bin-yillik-surlari-hala-risk-tasiyor\/#breadcrumb\"},\"inLanguage\":\"uk\",\"potentialAction\":[{\"@type\":\"ReadAction\",\"target\":[\"http:\/\/denizcankizil.tr\/ru\/haberler\/gundem\/antalyanin-coken-2-bin-yillik-surlari-hala-risk-tasiyor\/\"]}]},{\"@type\":\"BreadcrumbList\",\"@id\":\"http:\/\/denizcankizil.tr\/ru\/haberler\/gundem\/antalyanin-coken-2-bin-yillik-surlari-hala-risk-tasiyor\/#breadcrumb\",\"itemListElement\":[{\"@type\":\"ListItem\",\"position\":1,\"name\":\"Home\",\"item\":\"https:\/\/denizcankizil.tr\/de\/\"},{\"@type\":\"ListItem\",\"position\":2,\"name\":\"Antalya\u2019n\u0131n \u00e7\u00f6ken 2 bin y\u0131ll\u0131k surlar\u0131 hala risk ta\u015f\u0131yor\"}]},{\"@type\":\"WebSite\",\"@id\":\"https:\/\/denizcankizil.tr\/#website\",\"url\":\"https:\/\/denizcankizil.tr\/\",\"name\":\"Av. Deniz Can K\u0131z\u0131l\",\"description\":\"Avukat Deniz Can K\u0131z\u0131l Antalya Barosu\",\"publisher\":{\"@id\":\"https:\/\/denizcankizil.tr\/#organization\"},\"potentialAction\":[{\"@type\":\"SearchAction\",\"target\":{\"@type\":\"EntryPoint\",\"urlTemplate\":\"https:\/\/denizcankizil.tr\/?s={search_term_string}\"},\"query-input\":{\"@type\":\"PropertyValueSpecification\",\"valueRequired\":true,\"valueName\":\"search_term_string\"}}],\"inLanguage\":\"uk\"},{\"@type\":\"Organization\",\"@id\":\"https:\/\/denizcankizil.tr\/#organization\",\"name\":\"Av. Deniz Can K\u0131z\u0131l\",\"url\":\"https:\/\/denizcankizil.tr\/\",\"logo\":{\"@type\":\"ImageObject\",\"inLanguage\":\"uk\",\"@id\":\"https:\/\/denizcankizil.tr\/#\/schema\/logo\/image\/\",\"url\":\"http:\/\/denizcankizil.tr\/wp-content\/uploads\/2024\/10\/siyah-logo-svg.svg\",\"contentUrl\":\"http:\/\/denizcankizil.tr\/wp-content\/uploads\/2024\/10\/siyah-logo-svg.svg\",\"width\":1080,\"height\":1080,\"caption\":\"Av. Deniz Can K\u0131z\u0131l\"},\"image\":{\"@id\":\"https:\/\/denizcankizil.tr\/#\/schema\/logo\/image\/\"}}]}<\/script>\n<!-- \/ Yoast SEO Premium plugin. -->","yoast_head_json":{"title":"Antalya\u2019n\u0131n \u00e7\u00f6ken 2 bin y\u0131ll\u0131k surlar\u0131 hala risk ta\u015f\u0131yor - Av. Deniz Can K\u0131z\u0131l","robots":{"index":"index","follow":"follow","max-snippet":"max-snippet:-1","max-image-preview":"max-image-preview:large","max-video-preview":"max-video-preview:-1"},"canonical":"http:\/\/denizcankizil.tr\/uk\/haberler\/gundem\/antalyanin-coken-2-bin-yillik-surlari-hala-risk-tasiyor\/","og_locale":"uk_UA","og_type":"article","og_title":"Antalya\u2019n\u0131n \u00e7\u00f6ken 2 bin y\u0131ll\u0131k surlar\u0131 hala risk ta\u015f\u0131yor","og_description":"Antalya\u2019n\u0131n Muratpa\u015fa il\u00e7esine ba\u011fl\u0131 tarihi Kalei\u00e7i b\u00f6lgesinde yer alan Yat Liman\u0131\u2019ndaki 2 bin y\u0131ll\u0131k surlar 2024 y\u0131l\u0131n\u0131n \u015fubat ay\u0131nda ya\u015fanan sa\u011fanak ya\u011f\u0131\u015fa dayanamayarak \u00e7\u00f6km\u00fc\u015ft\u00fc. \u00dczerinde bulunan ka\u00e7ak yap\u0131dan kaynakl\u0131 surlar\u0131n \u00e7\u00f6kt\u00fc\u011f\u00fc iddia edilse de aradan bir y\u0131la yak\u0131n bir s\u00fcre ge\u00e7mesine ra\u011fmen surlardaki \u00e7\u00f6kme tehlikesi hala devam ediyor.\u00a0 SA\u011eANAK YA\u011eI\u015eTAN DOLAYI \u00c7\u00d6KM\u00dc\u015eT\u00dc\u00a0 Antalya\u2019n\u0131n Muratpa\u015fa il\u00e7esine ba\u011fl\u0131 tarihi Kalei\u00e7i b\u00f6lgesinde yer alan Yat Liman\u0131\u2019ndaki 2 bin y\u0131ll\u0131k surlar 2024 y\u0131l\u0131n\u0131n \u015fubat ay\u0131nda ya\u015fanan sa\u011fanak ya\u011f\u0131\u015fa dayanamayarak \u00e7\u00f6km\u00fc\u015ft\u00fc. Surlar, Antalya B\u00fcy\u00fck\u015fehir Belediyesi&#8217;ne ait tuvaletin \u00fczerine y\u0131k\u0131ld\u0131. Tuvaletin duvar\u0131n\u0131n bir k\u0131sm\u0131 da y\u0131k\u0131ld\u0131. Surlar\u0131n bir k\u0131sm\u0131n\u0131n y\u0131k\u0131ld\u0131\u011f\u0131 ve di\u011fer k\u0131s\u0131mlar\u0131n\u0131n y\u0131k\u0131lma tehlikesi ile kar\u015f\u0131 kar\u015f\u0131ya oldu\u011fu i\u00e7in alana emniyet \u015feridi \u00e7ekilerek, giri\u015f ve \u00e7\u0131k\u0131\u015flar yasakland\u0131.\u00a0 UZUN ZAMANDIR ALAN KAPALI\u00a0 Ya\u015fanan olay\u0131n \u00fczerinden 1 y\u0131la yak\u0131n bir s\u00fcre ge\u00e7mesine ra\u011fmen b\u00f6lge hala giri\u015fe kapal\u0131. \u015eeritte ile kapat\u0131lan b\u00f6lgedeki surlar\u0131n \u00e7\u00f6kme riski ise hala devam ediyor. \u00d6zellikle k\u0131\u015f aylar\u0131na girdi\u011fimiz bu d\u00f6nemde ya\u011f\u0131\u015flar\u0131n artmas\u0131 2 bin y\u0131ll\u0131k surlara zarar vermeye devam ediyor.\u00a0 KA\u00c7AK YAPI OLDU\u011eU \u0130DD\u0130ALARI\u00a0 Helenistik \u00e7a\u011fdan ba\u015flayarak Roma, Bizans, Sel\u00e7uklu ve Osmanl\u0131 medeniyetlerine ev sahipli\u011fi yapan surlarda hasar\u0131n meydana geldi\u011fi alan\u0131n \u00fczerine, brandalarla \u00e7evrili ka\u00e7ak bir i\u015fletme yerle\u015ftirilmi\u015f oldu\u011fu g\u00f6r\u00fcld\u00fc. Surlar\u0131n \u00e7\u00f6kmesinde bu ka\u00e7ak yap\u0131n\u0131n da pay\u0131 oldu\u011fu iddia edilmi\u015fti. \u00a0 G\u00dcVENL\u0130K \u00d6NLEMLER\u0130 &hellip;","og_url":"http:\/\/denizcankizil.tr\/uk\/haberler\/gundem\/antalyanin-coken-2-bin-yillik-surlari-hala-risk-tasiyor\/","og_site_name":"Av. Deniz Can K\u0131z\u0131l","article_published_time":"2025-01-05T12:41:26+00:00","twitter_card":"summary_large_image","twitter_misc":{"\u041f\u0440\u0438\u0431\u043b. \u0447\u0430\u0441 \u0447\u0438\u0442\u0430\u043d\u043d\u044f":"2 \u0445\u0432\u0438\u043b\u0438\u043d\u0438"},"schema":{"@context":"https:\/\/schema.org","@graph":[{"@type":"Article","@id":"http:\/\/denizcankizil.tr\/ru\/haberler\/gundem\/antalyanin-coken-2-bin-yillik-surlari-hala-risk-tasiyor\/#article","isPartOf":{"@id":"http:\/\/denizcankizil.tr\/ru\/haberler\/gundem\/antalyanin-coken-2-bin-yillik-surlari-hala-risk-tasiyor\/"},"author":{"name":"","@id":""},"headline":"Antalya\u2019n\u0131n \u00e7\u00f6ken 2 bin y\u0131ll\u0131k surlar\u0131 hala risk ta\u015f\u0131yor","datePublished":"2025-01-05T12:41:26+00:00","mainEntityOfPage":{"@id":"http:\/\/denizcankizil.tr\/ru\/haberler\/gundem\/antalyanin-coken-2-bin-yillik-surlari-hala-risk-tasiyor\/"},"wordCount":442,"commentCount":0,"publisher":{"@id":"https:\/\/denizcankizil.tr\/#organization"},"articleSection":["G\u00fcndem","Uncategorized"],"inLanguage":"uk","potentialAction":[{"@type":"CommentAction","name":"Comment","target":["http:\/\/denizcankizil.tr\/ru\/haberler\/gundem\/antalyanin-coken-2-bin-yillik-surlari-hala-risk-tasiyor\/#respond"]}]},{"@type":"WebPage","@id":"http:\/\/denizcankizil.tr\/ru\/haberler\/gundem\/antalyanin-coken-2-bin-yillik-surlari-hala-risk-tasiyor\/","url":"http:\/\/denizcankizil.tr\/ru\/haberler\/gundem\/antalyanin-coken-2-bin-yillik-surlari-hala-risk-tasiyor\/","name":"Antalya\u2019n\u0131n \u00e7\u00f6ken 2 bin y\u0131ll\u0131k surlar\u0131 hala risk ta\u015f\u0131yor - Av. Deniz Can K\u0131z\u0131l","isPartOf":{"@id":"https:\/\/denizcankizil.tr\/#website"},"datePublished":"2025-01-05T12:41:26+00:00","breadcrumb":{"@id":"http:\/\/denizcankizil.tr\/ru\/haberler\/gundem\/antalyanin-coken-2-bin-yillik-surlari-hala-risk-tasiyor\/#breadcrumb"},"inLanguage":"uk","potentialAction":[{"@type":"ReadAction","target":["http:\/\/denizcankizil.tr\/ru\/haberler\/gundem\/antalyanin-coken-2-bin-yillik-surlari-hala-risk-tasiyor\/"]}]},{"@type":"BreadcrumbList","@id":"http:\/\/denizcankizil.tr\/ru\/haberler\/gundem\/antalyanin-coken-2-bin-yillik-surlari-hala-risk-tasiyor\/#breadcrumb","itemListElement":[{"@type":"ListItem","position":1,"name":"Home","item":"https:\/\/denizcankizil.tr\/de\/"},{"@type":"ListItem","position":2,"name":"Antalya\u2019n\u0131n \u00e7\u00f6ken 2 bin y\u0131ll\u0131k surlar\u0131 hala risk ta\u015f\u0131yor"}]},{"@type":"WebSite","@id":"https:\/\/denizcankizil.tr\/#website","url":"https:\/\/denizcankizil.tr\/","name":"Av. Deniz Can K\u0131z\u0131l","description":"Avukat Deniz Can K\u0131z\u0131l Antalya Barosu","publisher":{"@id":"https:\/\/denizcankizil.tr\/#organization"},"potentialAction":[{"@type":"SearchAction","target":{"@type":"EntryPoint","urlTemplate":"https:\/\/denizcankizil.tr\/?s={search_term_string}"},"query-input":{"@type":"PropertyValueSpecification","valueRequired":true,"valueName":"search_term_string"}}],"inLanguage":"uk"},{"@type":"Organization","@id":"https:\/\/denizcankizil.tr\/#organization","name":"Av. Deniz Can K\u0131z\u0131l","url":"https:\/\/denizcankizil.tr\/","logo":{"@type":"ImageObject","inLanguage":"uk","@id":"https:\/\/denizcankizil.tr\/#\/schema\/logo\/image\/","url":"http:\/\/denizcankizil.tr\/wp-content\/uploads\/2024\/10\/siyah-logo-svg.svg","contentUrl":"http:\/\/denizcankizil.tr\/wp-content\/uploads\/2024\/10\/siyah-logo-svg.svg","width":1080,"height":1080,"caption":"Av. Deniz Can K\u0131z\u0131l"},"image":{"@id":"https:\/\/denizcankizil.tr\/#\/schema\/logo\/image\/"}}]}},"_links":{"self":[{"href":"http:\/\/denizcankizil.tr\/uk\/wp-json\/wp\/v2\/posts\/23933","targetHints":{"allow":["GET"]}}],"collection":[{"href":"http:\/\/denizcankizil.tr\/uk\/wp-json\/wp\/v2\/posts"}],"about":[{"href":"http:\/\/denizcankizil.tr\/uk\/wp-json\/wp\/v2\/types\/post"}],"replies":[{"embeddable":true,"href":"http:\/\/denizcankizil.tr\/uk\/wp-json\/wp\/v2\/comments?post=23933"}],"version-history":[{"count":0,"href":"http:\/\/denizcankizil.tr\/uk\/wp-json\/wp\/v2\/posts\/23933\/revisions"}],"wp:attachment":[{"href":"http:\/\/denizcankizil.tr\/uk\/wp-json\/wp\/v2\/media?parent=23933"}],"wp:term":[{"taxonomy":"category","embeddable":true,"href":"http:\/\/denizcankizil.tr\/uk\/wp-json\/wp\/v2\/categories?post=23933"},{"taxonomy":"post_tag","embeddable":true,"href":"http:\/\/denizcankizil.tr\/uk\/wp-json\/wp\/v2\/tags?post=23933"}],"curies":[{"name":"wp","href":"https:\/\/api.w.org\/{rel}","templated":true}]}}