{"id":23211,"date":"2024-12-31T19:41:26","date_gmt":"2024-12-31T16:41:26","guid":{"rendered":"https:\/\/denizcankizil.tr\/uncategorized-tr\/2024e-umut-ve-endiselerle-veda\/"},"modified":"2024-12-31T19:41:26","modified_gmt":"2024-12-31T16:41:26","slug":"2024e-umut-ve-endiselerle-veda","status":"publish","type":"post","link":"http:\/\/denizcankizil.tr\/uk\/haberler\/gundem\/2024e-umut-ve-endiselerle-veda\/","title":{"rendered":"2024\u2019e Umut ve Endi\u015felerle Veda"},"content":{"rendered":"<p>www.iskenderun.org mikrofonlar\u0131na konu\u015fan sokaktaki vatanda\u015flar, son y\u0131llarda ard\u0131 ard\u0131na ya\u015fanan afetler ve olumsuzluklar\u0131n, b\u00f6lge halk\u0131n\u0131n yeni y\u0131l ruhunu tam anlam\u0131yla ya\u015famas\u0131n\u0131 engelledi\u011fini belirtti. 2020\u2019den itibaren ya\u015fanan ola\u011fan\u00fcst\u00fc olaylar ve felaketlerin, insanlar\u0131 umutsuzlu\u011fa s\u00fcr\u00fckledi\u011fine dikkat \u00e7ekildi.<\/p>\n<p>HER \u015eEYE RA\u011eMEN UMUT VAR<\/p>\n<p>Sokak g\u00f6r\u00fc\u015fmelerinde, \u00e7ar\u015f\u0131daki hareketsizlik ve y\u0131lba\u015f\u0131 haz\u0131rl\u0131klar\u0131n\u0131n eksikli\u011fi dile getirilirken, vatanda\u015flar her \u015feye ra\u011fmen \u0130skenderun\u2019un g\u00fczel g\u00fcnlere kavu\u015faca\u011f\u0131na inanmak istediklerini ifade etti. Yeni y\u0131la dair umut dolu mesajlar veren vatanda\u015flar, 2025 y\u0131l\u0131n\u0131n bar\u0131\u015f, mutluluk ve bereket getirmesini temenni etti.<\/p>\n<p>\u0130skenderun sokaklar\u0131ndan y\u00fckselen bu mesajlar, b\u00f6lge halk\u0131n\u0131n zor y\u0131llara ra\u011fmen dayan\u0131\u015fma ve umut duygular\u0131n\u0131 kaybetmedi\u011fini g\u00f6steriyor.<\/p>\n<p>\u200b2024\u2019e veda etmeye say\u0131l\u0131 saatler kala, \u0130skenderun sokaklar\u0131ndan renkli ama bir o kadar da d\u00fc\u015f\u00fcnceli mesajlar geldi. Kentteki hareketlilik ve \u00e7ar\u015f\u0131daki g\u00f6r\u00fcnt\u00fcler, \u00f6nceki y\u0131llara g\u00f6re s\u00f6n\u00fck bir y\u0131lba\u015f\u0131 co\u015fkusuna i\u015faret etti.\u00a0<\/p>\n<p>\u200bHaberin Al\u0131nt\u0131land\u0131\u011f\u0131 Kaynak: www.iskenderun.org<\/p>","protected":false},"excerpt":{"rendered":"<p>www.iskenderun.org mikrofonlar\u0131na konu\u015fan sokaktaki vatanda\u015flar, son y\u0131llarda ard\u0131 ard\u0131na ya\u015fanan afetler ve olumsuzluklar\u0131n, b\u00f6lge halk\u0131n\u0131n yeni y\u0131l ruhunu tam anlam\u0131yla ya\u015famas\u0131n\u0131 engelledi\u011fini belirtti. 2020\u2019den itibaren ya\u015fanan ola\u011fan\u00fcst\u00fc olaylar ve felaketlerin, insanlar\u0131 umutsuzlu\u011fa s\u00fcr\u00fckledi\u011fine dikkat \u00e7ekildi. HER \u015eEYE RA\u011eMEN UMUT VAR Sokak g\u00f6r\u00fc\u015fmelerinde, \u00e7ar\u015f\u0131daki hareketsizlik ve y\u0131lba\u015f\u0131 haz\u0131rl\u0131klar\u0131n\u0131n eksikli\u011fi dile getirilirken, vatanda\u015flar her \u015feye ra\u011fmen \u0130skenderun\u2019un g\u00fczel g\u00fcnlere kavu\u015faca\u011f\u0131na inanmak istediklerini ifade etti. Yeni y\u0131la dair umut dolu mesajlar veren vatanda\u015flar, 2025 y\u0131l\u0131n\u0131n bar\u0131\u015f, mutluluk ve bereket getirmesini temenni etti. \u0130skenderun sokaklar\u0131ndan y\u00fckselen bu mesajlar, b\u00f6lge halk\u0131n\u0131n zor y\u0131llara ra\u011fmen dayan\u0131\u015fma ve umut duygular\u0131n\u0131 kaybetmedi\u011fini g\u00f6steriyor. \u200b2024\u2019e veda etmeye say\u0131l\u0131 saatler kala, \u0130skenderun sokaklar\u0131ndan renkli ama bir o kadar da d\u00fc\u015f\u00fcnceli mesajlar geldi. Kentteki hareketlilik ve \u00e7ar\u015f\u0131daki g\u00f6r\u00fcnt\u00fcler, \u00f6nceki y\u0131llara g\u00f6re s\u00f6n\u00fck bir y\u0131lba\u015f\u0131 co\u015fkusuna i\u015faret etti.\u00a0 \u200bHaberin Al\u0131nt\u0131land\u0131\u011f\u0131 Kaynak: www.iskenderun.org<\/p>","protected":false},"author":0,"featured_media":0,"comment_status":"open","ping_status":"open","sticky":false,"template":"","format":"standard","meta":{"_acf_changed":false,"footnotes":""},"categories":[24,535],"tags":[],"class_list":["post-23211","post","type-post","status-publish","format-standard","has-post-thumbnail","hentry","category-gundem","category-uncategorized-tr"],"acf":[],"yoast_head":"<!-- This site is optimized with the Yoast SEO Premium plugin v26.6 (Yoast SEO v27.1.1) - https:\/\/yoast.com\/product\/yoast-seo-premium-wordpress\/ -->\n<title>2024\u2019e Umut ve Endi\u015felerle Veda - Av. Deniz Can K\u0131z\u0131l<\/title>\n<meta name=\"robots\" content=\"index, follow, max-snippet:-1, max-image-preview:large, max-video-preview:-1\" \/>\n<link rel=\"canonical\" href=\"http:\/\/denizcankizil.tr\/uk\/haberler\/gundem\/2024e-umut-ve-endiselerle-veda\/\" \/>\n<meta property=\"og:locale\" content=\"uk_UA\" \/>\n<meta property=\"og:type\" content=\"article\" \/>\n<meta property=\"og:title\" content=\"2024\u2019e Umut ve Endi\u015felerle Veda\" \/>\n<meta property=\"og:description\" content=\"www.iskenderun.org mikrofonlar\u0131na konu\u015fan sokaktaki vatanda\u015flar, son y\u0131llarda ard\u0131 ard\u0131na ya\u015fanan afetler ve olumsuzluklar\u0131n, b\u00f6lge halk\u0131n\u0131n yeni y\u0131l ruhunu tam anlam\u0131yla ya\u015famas\u0131n\u0131 engelledi\u011fini belirtti. 2020\u2019den itibaren ya\u015fanan ola\u011fan\u00fcst\u00fc olaylar ve felaketlerin, insanlar\u0131 umutsuzlu\u011fa s\u00fcr\u00fckledi\u011fine dikkat \u00e7ekildi. HER \u015eEYE RA\u011eMEN UMUT VAR Sokak g\u00f6r\u00fc\u015fmelerinde, \u00e7ar\u015f\u0131daki hareketsizlik ve y\u0131lba\u015f\u0131 haz\u0131rl\u0131klar\u0131n\u0131n eksikli\u011fi dile getirilirken, vatanda\u015flar her \u015feye ra\u011fmen \u0130skenderun\u2019un g\u00fczel g\u00fcnlere kavu\u015faca\u011f\u0131na inanmak istediklerini ifade etti. Yeni y\u0131la dair umut dolu mesajlar veren vatanda\u015flar, 2025 y\u0131l\u0131n\u0131n bar\u0131\u015f, mutluluk ve bereket getirmesini temenni etti. \u0130skenderun sokaklar\u0131ndan y\u00fckselen bu mesajlar, b\u00f6lge halk\u0131n\u0131n zor y\u0131llara ra\u011fmen dayan\u0131\u015fma ve umut duygular\u0131n\u0131 kaybetmedi\u011fini g\u00f6steriyor. \u200b2024\u2019e veda etmeye say\u0131l\u0131 saatler kala, \u0130skenderun sokaklar\u0131ndan renkli ama bir o kadar da d\u00fc\u015f\u00fcnceli mesajlar geldi. Kentteki hareketlilik ve \u00e7ar\u015f\u0131daki g\u00f6r\u00fcnt\u00fcler, \u00f6nceki y\u0131llara g\u00f6re s\u00f6n\u00fck bir y\u0131lba\u015f\u0131 co\u015fkusuna i\u015faret etti.\u00a0 \u200bHaberin Al\u0131nt\u0131land\u0131\u011f\u0131 Kaynak: www.iskenderun.org\" \/>\n<meta property=\"og:url\" content=\"http:\/\/denizcankizil.tr\/uk\/haberler\/gundem\/2024e-umut-ve-endiselerle-veda\/\" \/>\n<meta property=\"og:site_name\" content=\"Av. Deniz Can K\u0131z\u0131l\" \/>\n<meta property=\"article:published_time\" content=\"2024-12-31T16:41:26+00:00\" \/>\n<meta name=\"twitter:card\" content=\"summary_large_image\" \/>\n<meta name=\"twitter:label1\" content=\"\u041f\u0440\u0438\u0431\u043b. \u0447\u0430\u0441 \u0447\u0438\u0442\u0430\u043d\u043d\u044f\" \/>\n\t<meta name=\"twitter:data1\" content=\"1 \u0445\u0432\u0438\u043b\u0438\u043d\u0430\" \/>\n<script type=\"application\/ld+json\" class=\"yoast-schema-graph\">{\"@context\":\"https:\/\/schema.org\",\"@graph\":[{\"@type\":\"Article\",\"@id\":\"http:\/\/denizcankizil.tr\/uk\/haberler\/gundem\/2024e-umut-ve-endiselerle-veda\/#article\",\"isPartOf\":{\"@id\":\"http:\/\/denizcankizil.tr\/uk\/haberler\/gundem\/2024e-umut-ve-endiselerle-veda\/\"},\"author\":{\"name\":\"\",\"@id\":\"\"},\"headline\":\"2024\u2019e Umut ve Endi\u015felerle Veda\",\"datePublished\":\"2024-12-31T16:41:26+00:00\",\"mainEntityOfPage\":{\"@id\":\"http:\/\/denizcankizil.tr\/uk\/haberler\/gundem\/2024e-umut-ve-endiselerle-veda\/\"},\"wordCount\":210,\"commentCount\":0,\"publisher\":{\"@id\":\"https:\/\/denizcankizil.tr\/#organization\"},\"articleSection\":[\"G\u00fcndem\",\"Uncategorized\"],\"inLanguage\":\"uk\",\"potentialAction\":[{\"@type\":\"CommentAction\",\"name\":\"Comment\",\"target\":[\"http:\/\/denizcankizil.tr\/uk\/haberler\/gundem\/2024e-umut-ve-endiselerle-veda\/#respond\"]}]},{\"@type\":\"WebPage\",\"@id\":\"http:\/\/denizcankizil.tr\/uk\/haberler\/gundem\/2024e-umut-ve-endiselerle-veda\/\",\"url\":\"http:\/\/denizcankizil.tr\/uk\/haberler\/gundem\/2024e-umut-ve-endiselerle-veda\/\",\"name\":\"2024\u2019e Umut ve Endi\u015felerle Veda - Av. Deniz Can K\u0131z\u0131l\",\"isPartOf\":{\"@id\":\"https:\/\/denizcankizil.tr\/#website\"},\"datePublished\":\"2024-12-31T16:41:26+00:00\",\"breadcrumb\":{\"@id\":\"http:\/\/denizcankizil.tr\/uk\/haberler\/gundem\/2024e-umut-ve-endiselerle-veda\/#breadcrumb\"},\"inLanguage\":\"uk\",\"potentialAction\":[{\"@type\":\"ReadAction\",\"target\":[\"http:\/\/denizcankizil.tr\/uk\/haberler\/gundem\/2024e-umut-ve-endiselerle-veda\/\"]}]},{\"@type\":\"BreadcrumbList\",\"@id\":\"http:\/\/denizcankizil.tr\/uk\/haberler\/gundem\/2024e-umut-ve-endiselerle-veda\/#breadcrumb\",\"itemListElement\":[{\"@type\":\"ListItem\",\"position\":1,\"name\":\"Home\",\"item\":\"https:\/\/denizcankizil.tr\/de\/\"},{\"@type\":\"ListItem\",\"position\":2,\"name\":\"2024\u2019e Umut ve Endi\u015felerle Veda\"}]},{\"@type\":\"WebSite\",\"@id\":\"https:\/\/denizcankizil.tr\/#website\",\"url\":\"https:\/\/denizcankizil.tr\/\",\"name\":\"Av. Deniz Can K\u0131z\u0131l\",\"description\":\"Avukat Deniz Can K\u0131z\u0131l Antalya Barosu\",\"publisher\":{\"@id\":\"https:\/\/denizcankizil.tr\/#organization\"},\"potentialAction\":[{\"@type\":\"SearchAction\",\"target\":{\"@type\":\"EntryPoint\",\"urlTemplate\":\"https:\/\/denizcankizil.tr\/?s={search_term_string}\"},\"query-input\":{\"@type\":\"PropertyValueSpecification\",\"valueRequired\":true,\"valueName\":\"search_term_string\"}}],\"inLanguage\":\"uk\"},{\"@type\":\"Organization\",\"@id\":\"https:\/\/denizcankizil.tr\/#organization\",\"name\":\"Av. Deniz Can K\u0131z\u0131l\",\"url\":\"https:\/\/denizcankizil.tr\/\",\"logo\":{\"@type\":\"ImageObject\",\"inLanguage\":\"uk\",\"@id\":\"https:\/\/denizcankizil.tr\/#\/schema\/logo\/image\/\",\"url\":\"http:\/\/denizcankizil.tr\/wp-content\/uploads\/2024\/10\/siyah-logo-svg.svg\",\"contentUrl\":\"http:\/\/denizcankizil.tr\/wp-content\/uploads\/2024\/10\/siyah-logo-svg.svg\",\"width\":1080,\"height\":1080,\"caption\":\"Av. Deniz Can K\u0131z\u0131l\"},\"image\":{\"@id\":\"https:\/\/denizcankizil.tr\/#\/schema\/logo\/image\/\"}}]}<\/script>\n<!-- \/ Yoast SEO Premium plugin. -->","yoast_head_json":{"title":"2024\u2019e Umut ve Endi\u015felerle Veda - Av. Deniz Can K\u0131z\u0131l","robots":{"index":"index","follow":"follow","max-snippet":"max-snippet:-1","max-image-preview":"max-image-preview:large","max-video-preview":"max-video-preview:-1"},"canonical":"http:\/\/denizcankizil.tr\/uk\/haberler\/gundem\/2024e-umut-ve-endiselerle-veda\/","og_locale":"uk_UA","og_type":"article","og_title":"2024\u2019e Umut ve Endi\u015felerle Veda","og_description":"www.iskenderun.org mikrofonlar\u0131na konu\u015fan sokaktaki vatanda\u015flar, son y\u0131llarda ard\u0131 ard\u0131na ya\u015fanan afetler ve olumsuzluklar\u0131n, b\u00f6lge halk\u0131n\u0131n yeni y\u0131l ruhunu tam anlam\u0131yla ya\u015famas\u0131n\u0131 engelledi\u011fini belirtti. 2020\u2019den itibaren ya\u015fanan ola\u011fan\u00fcst\u00fc olaylar ve felaketlerin, insanlar\u0131 umutsuzlu\u011fa s\u00fcr\u00fckledi\u011fine dikkat \u00e7ekildi. HER \u015eEYE RA\u011eMEN UMUT VAR Sokak g\u00f6r\u00fc\u015fmelerinde, \u00e7ar\u015f\u0131daki hareketsizlik ve y\u0131lba\u015f\u0131 haz\u0131rl\u0131klar\u0131n\u0131n eksikli\u011fi dile getirilirken, vatanda\u015flar her \u015feye ra\u011fmen \u0130skenderun\u2019un g\u00fczel g\u00fcnlere kavu\u015faca\u011f\u0131na inanmak istediklerini ifade etti. Yeni y\u0131la dair umut dolu mesajlar veren vatanda\u015flar, 2025 y\u0131l\u0131n\u0131n bar\u0131\u015f, mutluluk ve bereket getirmesini temenni etti. \u0130skenderun sokaklar\u0131ndan y\u00fckselen bu mesajlar, b\u00f6lge halk\u0131n\u0131n zor y\u0131llara ra\u011fmen dayan\u0131\u015fma ve umut duygular\u0131n\u0131 kaybetmedi\u011fini g\u00f6steriyor. \u200b2024\u2019e veda etmeye say\u0131l\u0131 saatler kala, \u0130skenderun sokaklar\u0131ndan renkli ama bir o kadar da d\u00fc\u015f\u00fcnceli mesajlar geldi. Kentteki hareketlilik ve \u00e7ar\u015f\u0131daki g\u00f6r\u00fcnt\u00fcler, \u00f6nceki y\u0131llara g\u00f6re s\u00f6n\u00fck bir y\u0131lba\u015f\u0131 co\u015fkusuna i\u015faret etti.\u00a0 \u200bHaberin Al\u0131nt\u0131land\u0131\u011f\u0131 Kaynak: www.iskenderun.org","og_url":"http:\/\/denizcankizil.tr\/uk\/haberler\/gundem\/2024e-umut-ve-endiselerle-veda\/","og_site_name":"Av. Deniz Can K\u0131z\u0131l","article_published_time":"2024-12-31T16:41:26+00:00","twitter_card":"summary_large_image","twitter_misc":{"\u041f\u0440\u0438\u0431\u043b. \u0447\u0430\u0441 \u0447\u0438\u0442\u0430\u043d\u043d\u044f":"1 \u0445\u0432\u0438\u043b\u0438\u043d\u0430"},"schema":{"@context":"https:\/\/schema.org","@graph":[{"@type":"Article","@id":"http:\/\/denizcankizil.tr\/uk\/haberler\/gundem\/2024e-umut-ve-endiselerle-veda\/#article","isPartOf":{"@id":"http:\/\/denizcankizil.tr\/uk\/haberler\/gundem\/2024e-umut-ve-endiselerle-veda\/"},"author":{"name":"","@id":""},"headline":"2024\u2019e Umut ve Endi\u015felerle Veda","datePublished":"2024-12-31T16:41:26+00:00","mainEntityOfPage":{"@id":"http:\/\/denizcankizil.tr\/uk\/haberler\/gundem\/2024e-umut-ve-endiselerle-veda\/"},"wordCount":210,"commentCount":0,"publisher":{"@id":"https:\/\/denizcankizil.tr\/#organization"},"articleSection":["G\u00fcndem","Uncategorized"],"inLanguage":"uk","potentialAction":[{"@type":"CommentAction","name":"Comment","target":["http:\/\/denizcankizil.tr\/uk\/haberler\/gundem\/2024e-umut-ve-endiselerle-veda\/#respond"]}]},{"@type":"WebPage","@id":"http:\/\/denizcankizil.tr\/uk\/haberler\/gundem\/2024e-umut-ve-endiselerle-veda\/","url":"http:\/\/denizcankizil.tr\/uk\/haberler\/gundem\/2024e-umut-ve-endiselerle-veda\/","name":"2024\u2019e Umut ve Endi\u015felerle Veda - Av. Deniz Can K\u0131z\u0131l","isPartOf":{"@id":"https:\/\/denizcankizil.tr\/#website"},"datePublished":"2024-12-31T16:41:26+00:00","breadcrumb":{"@id":"http:\/\/denizcankizil.tr\/uk\/haberler\/gundem\/2024e-umut-ve-endiselerle-veda\/#breadcrumb"},"inLanguage":"uk","potentialAction":[{"@type":"ReadAction","target":["http:\/\/denizcankizil.tr\/uk\/haberler\/gundem\/2024e-umut-ve-endiselerle-veda\/"]}]},{"@type":"BreadcrumbList","@id":"http:\/\/denizcankizil.tr\/uk\/haberler\/gundem\/2024e-umut-ve-endiselerle-veda\/#breadcrumb","itemListElement":[{"@type":"ListItem","position":1,"name":"Home","item":"https:\/\/denizcankizil.tr\/de\/"},{"@type":"ListItem","position":2,"name":"2024\u2019e Umut ve Endi\u015felerle Veda"}]},{"@type":"WebSite","@id":"https:\/\/denizcankizil.tr\/#website","url":"https:\/\/denizcankizil.tr\/","name":"Av. Deniz Can K\u0131z\u0131l","description":"Avukat Deniz Can K\u0131z\u0131l Antalya Barosu","publisher":{"@id":"https:\/\/denizcankizil.tr\/#organization"},"potentialAction":[{"@type":"SearchAction","target":{"@type":"EntryPoint","urlTemplate":"https:\/\/denizcankizil.tr\/?s={search_term_string}"},"query-input":{"@type":"PropertyValueSpecification","valueRequired":true,"valueName":"search_term_string"}}],"inLanguage":"uk"},{"@type":"Organization","@id":"https:\/\/denizcankizil.tr\/#organization","name":"Av. Deniz Can K\u0131z\u0131l","url":"https:\/\/denizcankizil.tr\/","logo":{"@type":"ImageObject","inLanguage":"uk","@id":"https:\/\/denizcankizil.tr\/#\/schema\/logo\/image\/","url":"http:\/\/denizcankizil.tr\/wp-content\/uploads\/2024\/10\/siyah-logo-svg.svg","contentUrl":"http:\/\/denizcankizil.tr\/wp-content\/uploads\/2024\/10\/siyah-logo-svg.svg","width":1080,"height":1080,"caption":"Av. Deniz Can K\u0131z\u0131l"},"image":{"@id":"https:\/\/denizcankizil.tr\/#\/schema\/logo\/image\/"}}]}},"_links":{"self":[{"href":"http:\/\/denizcankizil.tr\/uk\/wp-json\/wp\/v2\/posts\/23211","targetHints":{"allow":["GET"]}}],"collection":[{"href":"http:\/\/denizcankizil.tr\/uk\/wp-json\/wp\/v2\/posts"}],"about":[{"href":"http:\/\/denizcankizil.tr\/uk\/wp-json\/wp\/v2\/types\/post"}],"replies":[{"embeddable":true,"href":"http:\/\/denizcankizil.tr\/uk\/wp-json\/wp\/v2\/comments?post=23211"}],"version-history":[{"count":0,"href":"http:\/\/denizcankizil.tr\/uk\/wp-json\/wp\/v2\/posts\/23211\/revisions"}],"wp:attachment":[{"href":"http:\/\/denizcankizil.tr\/uk\/wp-json\/wp\/v2\/media?parent=23211"}],"wp:term":[{"taxonomy":"category","embeddable":true,"href":"http:\/\/denizcankizil.tr\/uk\/wp-json\/wp\/v2\/categories?post=23211"},{"taxonomy":"post_tag","embeddable":true,"href":"http:\/\/denizcankizil.tr\/uk\/wp-json\/wp\/v2\/tags?post=23211"}],"curies":[{"name":"wp","href":"https:\/\/api.w.org\/{rel}","templated":true}]}}