{"id":22833,"date":"2024-12-29T14:56:18","date_gmt":"2024-12-29T11:56:18","guid":{"rendered":"https:\/\/denizcankizil.tr\/uncategorized-tr\/derhal-beraat-ve-dusme-kararlari-hukuki-degerlendirme\/"},"modified":"2024-12-29T14:56:18","modified_gmt":"2024-12-29T11:56:18","slug":"derhal-beraat-ve-dusme-kararlari-hukuki-degerlendirme","status":"publish","type":"post","link":"http:\/\/denizcankizil.tr\/uk\/koseyazilari\/degerlendirme\/derhal-beraat-ve-dusme-kararlari-hukuki-degerlendirme\/","title":{"rendered":"Derhal Beraat ve D\u00fc\u015fme Kararlar\u0131: Hukuki De\u011ferlendirme"},"content":{"rendered":"<p> <strong>Derhal Beraat ve D\u00fc\u015fme \u200bKararlar\u0131: Hukuki De\u011ferlendirme<\/strong><\/p>\n<p>Ceza yarg\u0131lamas\u0131 s\u00fcrecinde, san\u0131klar\u0131n haklar\u0131n\u0131n korunmas\u0131 ve adaletin sa\u011flanmas\u0131 a\u00e7\u0131s\u0131ndan\u200b \u00f6nemli bir yer tutan derhal\u2063 beraat ve d\u00fc\u015fme kararlar\u0131, T\u00fcrk Ceza Hukuku sisteminin temel unsurlar\u0131ndan biridir. Bu\u200b kararlar, yarg\u0131lama s\u00fcrecinin belirli a\u015famalar\u0131nda, <a href=\"https:\/\/denizcankizil.tr\/uk\/seo\/antalyada-sahtecilik-suclarina-bakan-avukat-ve-mahkemeler\/\" title=\"Antalya&#039;da Sahtecilik Su\u00e7lar\u0131na Bakan Avukat ve Mahkemeler\">delil yetersizli\u011fi<\/a> veya hukuka ayk\u0131r\u0131l\u0131k \u200dgibi sebeplerle, \u2063san\u0131klar\u0131n su\u00e7suzlu\u011funu\u2063 ortaya koymakta veya davan\u0131n sona\u2064 ermesini sa\u011flamaktad\u0131r. Derhal beraat, san\u0131\u011f\u0131n su\u00e7lamalardan tamamen aklanmas\u0131n\u0131 ifade ederken, d\u00fc\u015fme karar\u0131 ise yarg\u0131laman\u0131n belirli bir sebeple \u200bsona erdirilmesi anlam\u0131na gelmektedir. Bu makalede, derhal beraat ve \u200d<a href=\"https:\/\/denizcankizil.tr\/uk\/hukukihaber\/aymnin-2021-18662-basvuru-numarali-karari\/\" title=\"AYM&#039;nin 2021\/18662 ba\u015fvuru numaral\u0131 karar\u0131\">d\u00fc\u015fme kararlar\u0131<\/a>n\u0131n hukuki niteli\u011fi,\u2062 uygulanma \u2063ko\u015fullar\u0131 ve yarg\u0131 prati\u011findeki yeri detayl\u0131 \u200bbir \u015fekilde ele al\u0131nacak; ayr\u0131ca Yarg\u0131tay i\u00e7tihatlar\u0131 \u2063\u0131\u015f\u0131\u011f\u0131nda bu kararlar\u0131n \u200bnas\u0131l de\u011ferlendirildi\u011fi \u00fczerinde durulacakt\u0131r. \u2063B\u00f6ylece,\u200d ceza\u2064 yarg\u0131lamas\u0131 s\u00fcre\u00e7lerinde bu \u200ckararlar\u0131n \u00f6nemi \u200dve etkileri daha \u200ciyi anla\u015f\u0131lacakt\u0131r.<br \/><img decoding=\"async\" class=\"kimage_class lazyload\" data-src=\"https:\/\/denizcankizil.tr\/wp-content\/uploads\/2024\/10\/ounsel-scaled.jpg\" alt=\"Derhal Beraat Karar\u0131n\u0131n \u200dHukuki Dayanaklar\u0131\" src=\"data:image\/svg+xml;base64,PHN2ZyB3aWR0aD0iMSIgaGVpZ2h0PSIxIiB4bWxucz0iaHR0cDovL3d3dy53My5vcmcvMjAwMC9zdmciPjwvc3ZnPg==\"><\/p>\n<h2 id=\"derhal-beraat-kararinin-hukuki-dayanaklari\">Derhal Beraat Karar\u0131n\u0131n Hukuki Dayanaklar\u0131<\/h2>\n<section>\n<p>Derhal beraat karar\u0131, ceza yarg\u0131lamas\u0131nda \u200dsan\u0131\u011f\u0131n \u200csu\u00e7suzlu\u011funun hemen tespit \u200bedilmesi durumunda verilen bir\u200d karard\u0131r. Bu karar, T\u00fcrk\u2063 Ceza Kanunu ve Ceza Muhakemesi Kanunu \u00e7er\u00e7evesinde \u200cbelirli\u200c hukuki dayanaklara dayanmaktad\u0131r. Derhal beraat\u200d karar\u0131, yarg\u0131lama s\u00fcrecinin h\u0131zland\u0131r\u0131lmas\u0131 ve gereksiz yere san\u0131\u011f\u0131n ma\u011fdur edilmemesi\u2062 amac\u0131yla \u00f6nemli\u200b bir mekanizmad\u0131r.<\/p>\n<p>Bu karar\u0131n hukuki dayanaklar\u0131 aras\u0131nda \u015funlar yer almaktad\u0131r:<\/p>\n<ul>\n<li><strong>Ceza\u2064 Muhakemesi Kanunu&#8217;nun\u2064 223. maddesi:<\/strong> Bu madde, mahkemenin delil yetersizli\u011fi veya su\u00e7un unsurlar\u0131n\u0131n olu\u015fmamas\u0131 \u200bdurumunda derhal beraat karar\u0131 verme yetkisini d\u00fczenler.<\/li>\n<li><strong>Yarg\u0131tay i\u00e7tihatlar\u0131:<\/strong> Yarg\u0131tay, \u2063derhal beraat kararlar\u0131n\u0131n\u2064 verilmesi gereken durumlar\u0131 belirleyen bir\u00e7ok\u200d i\u00e7tihat \u2063olu\u015fturmu\u015ftur. Bu i\u00e7tihatlar, mahkemelerin karar verme s\u00fcre\u00e7lerinde yol g\u00f6sterici\u200d niteliktedir.<\/li>\n<li><strong>Su\u00e7suzluk karinesi:<\/strong> Her bireyin su\u00e7suz oldu\u011fu kabul edilir. Bu ilke, derhal beraat kararlar\u0131n\u0131n \u200bverilmesinde \u00f6nemli bir\u2064 rol \u2064oynamaktad\u0131r.<\/li>\n<\/ul>\n<p>Sonu\u00e7 olarak, derhal beraat karar\u0131, <a href=\"https:\/\/denizcankizil.tr\/uk\/koseyazilari\/degerlendirme\/vasiyetnamenin-iptali-davasi-hukuki-surec-ve-degerlendirme\/\" title=\"Vasiyetnamenin \u0130ptali Davas\u0131: Hukuki S\u00fcre\u00e7 ve De\u011ferlendirme\">hukukun temel ilkeleri do\u011frultusunda<\/a>, san\u0131\u011f\u0131n haklar\u0131n\u0131 \u200bkoruma amac\u0131 ta\u015f\u0131maktad\u0131r.\u200c Bu karar\u0131n verilmesi, yarg\u0131laman\u0131n etkinli\u011fini \u200cart\u0131r\u0131rken, ayn\u0131 \u200dzamanda adaletin sa\u011flanmas\u0131na da katk\u0131da\u200d bulunmaktad\u0131r.<\/p>\n<\/section>\n<p><img decoding=\"async\" class=\"kimage_class lazyload\" data-src=\"https:\/\/denizcankizil.tr\/wp-content\/uploads\/2024\/10\/o04aha.jpg\" alt=\"D\u00fc\u015fme\u2064 Kararlar\u0131n\u0131n Uygulama Alanlar\u0131\" src=\"data:image\/svg+xml;base64,PHN2ZyB3aWR0aD0iMSIgaGVpZ2h0PSIxIiB4bWxucz0iaHR0cDovL3d3dy53My5vcmcvMjAwMC9zdmciPjwvc3ZnPg==\"><\/p>\n<h2 id=\"dusme-kararlarinin-uygulama-alanlari\">D\u00fc\u015fme \u2062Kararlar\u0131n\u0131n Uygulama Alanlar\u0131<\/h2>\n<p>D\u00fc\u015fme kararlar\u0131, \u2062ceza yarg\u0131lamas\u0131nda \u00f6nemli bir yer\u2063 tutar ve belirli durumlarda \u2064uygulanabilir. Bu kararlar, yarg\u0131laman\u0131n sona ermesini sa\u011flayarak, san\u0131\u011f\u0131n hukuki durumunu etkileyen \u00e7e\u015fitli sebeplerle ortaya \u00e7\u0131kabilir. D\u00fc\u015fme kararlar\u0131n\u0131n ba\u015fl\u0131ca uygulama\u200b alanlar\u0131 \u015funlard\u0131r:<\/p>\n<ul>\n<li><strong>Yarg\u0131lama S\u00fcrecinin Uzamas\u0131:<\/strong> Yarg\u0131lama s\u00fcrecinin gere\u011finden fazla \u200buzamas\u0131, d\u00fc\u015fme kararlar\u0131n\u0131n verilmesine neden olabilir. Bu durum, san\u0131\u011f\u0131n adil yarg\u0131lanma hakk\u0131n\u0131 \u2064ihlal edebilir.<\/li>\n<li><strong>Delil Yetersizli\u011fi:<\/strong> \u0130ddialar\u0131n desteklenmesi \u200bi\u00e7in yeterli delil bulunmamas\u0131, d\u00fc\u015fme kararlar\u0131n\u0131n verilmesine zemin haz\u0131rlayabilir. Bu durumda, san\u0131\u011f\u0131n\u2064 su\u00e7suzlu\u011fu varsay\u0131l\u0131r.<\/li>\n<li><strong>Yasal\u2064 S\u00fcrelerin Ge\u00e7mesi:<\/strong> Ceza yarg\u0131lamas\u0131nda\u200d belirli s\u00fcrelerin a\u015f\u0131lmas\u0131, d\u00fc\u015fme kararlar\u0131n\u0131n uygulanmas\u0131na yol a\u00e7abilir.\u2062 Bu, hukukun \u200btemel prensiplerinden biri\u200c olan zaman a\u015f\u0131m\u0131n\u0131\u200d i\u00e7erir.<\/li>\n<li><strong>San\u0131\u011f\u0131n \u00d6l\u00fcm\u00fc:<\/strong> San\u0131\u011f\u0131n\u200b vefat\u0131 durumunda,\u200b yarg\u0131laman\u0131n sona ermesi ve d\u00fc\u015fme karar\u0131 verilmesi gerekmektedir. Bu, hukukun gereklilikleri do\u011frultusunda ger\u00e7ekle\u015fir.<\/li>\n<\/ul>\n<p>Bu ba\u011flamda, d\u00fc\u015fme kararlar\u0131, ceza yarg\u0131lamas\u0131nda adaletin sa\u011flanmas\u0131 ve \u2062san\u0131klar\u0131n haklar\u0131n\u0131n korunmas\u0131 a\u00e7\u0131s\u0131ndan kritik bir rol oynamaktad\u0131r. Her <a href=\"https:\/\/denizcankizil.tr\/uk\/hukukihaber\/milletvekilliginin-dusurulmesine-iliskin-islemin-iptali-talebi-hakkinda-karar-verilmesine-yer-olmadigi\/\" title=\"Milletvekilli\u011finin D\u00fc\u015f\u00fcr\u00fclmesine \u0130li\u015fkin \u0130\u015flemin \u0130ptali Talebi Hakk\u0131nda Karar Verilmesine Yer Olmad\u0131\u011f\u0131\">bir durum<\/a>, kendi i\u00e7inde de\u011ferlendirilerek, \u2063hukukun temel\u200c ilkeleri \u00e7er\u00e7evesinde \u200dele al\u0131nmal\u0131d\u0131r.<\/p>\n<p><img decoding=\"async\" class=\"kimage_class lazyload\" data-src=\"https:\/\/denizcankizil.tr\/wp-content\/uploads\/2024\/10\/puo6A-253D.jpg\" alt=\"Derhal Beraat \u200bve D\u00fc\u015fme Kararlar\u0131n\u0131n Farkl\u0131l\u0131klar\u0131\" src=\"data:image\/svg+xml;base64,PHN2ZyB3aWR0aD0iMSIgaGVpZ2h0PSIxIiB4bWxucz0iaHR0cDovL3d3dy53My5vcmcvMjAwMC9zdmciPjwvc3ZnPg==\"><\/p>\n<h2 id=\"derhal-beraat-ve-dusme-kararlarinin-farkliliklari\">Derhal Beraat ve D\u00fc\u015fme Kararlar\u0131n\u0131n Farkl\u0131l\u0131klar\u0131<\/h2>\n<p>Ceza yarg\u0131lamas\u0131nda, &#8220;derhal beraat&#8221;\u200d ve &#8220;d\u00fc\u015fme&#8221; kararlar\u0131, hukuki \u200cs\u00fcre\u00e7lerin \u200cfarkl\u0131\u2062 a\u015famalar\u0131nda ortaya \u00e7\u0131kan iki \u00f6nemli kavramd\u0131r. Bu iki karar t\u00fcr\u00fc,\u200b mahkeme \u2062s\u00fcre\u00e7lerinin seyrini etkileyen \u200dve san\u0131\u011f\u0131n durumunu\u2062 belirleyen\u2064 kritik unsurlard\u0131r. Her iki\u200d karar da, san\u0131\u011f\u0131n\u200b su\u00e7lamalardan kurtulmas\u0131 a\u00e7\u0131s\u0131ndan \u00f6nemli sonu\u00e7lar do\u011furmakla birlikte, hukuki \u200bniteli\u011fi ve uygulanma \u200dko\u015fullar\u0131 \u200cbak\u0131m\u0131ndan belirgin farkl\u0131l\u0131klar g\u00f6stermektedir.<\/p>\n<p><strong>Derhal beraat<\/strong> \u200d karar\u0131, mahkemenin, san\u0131\u011f\u0131n su\u00e7lamalar\u0131n\u0131n \u200dyetersiz veya ge\u00e7ersiz oldu\u011fu \u2062sonucuna varmas\u0131 \u2064durumunda verdi\u011fi bir karard\u0131r. Bu\u200d karar,\u2064 san\u0131\u011f\u0131n\u200c su\u00e7suzlu\u011funu kan\u0131tlayan delillerin mevcut oldu\u011fu\u200b veya su\u00e7un unsurlar\u0131n\u0131n \u2064olu\u015fmad\u0131\u011f\u0131 hallerde \u2062verilir. Derhal beraat, yarg\u0131lama s\u00fcrecinin sona ermesini sa\u011flar ve san\u0131\u011f\u0131n \u00fczerindeki su\u00e7lamalar\u0131n tamamen ortadan kalkmas\u0131na yol \u200da\u00e7ar.<\/p>\n<p>\u00d6te yandan, <strong>d\u00fc\u015fme<\/strong}>\n<p>Sonu\u00e7 olarak, \u200bderhal beraat ve\u200b d\u00fc\u015fme kararlar\u0131, ceza yarg\u0131lamas\u0131nda farkl\u0131 hukuki sonu\u00e7lar do\u011furan iki ayr\u0131 kavramd\u0131r. Her iki karar da\u200c san\u0131\u011f\u0131n\u2064 durumunu etkileyen \u2063\u00f6nemli \u2063unsurlar olmakla birlikte, uygulanma ko\u015fullar\u0131 ve \u2062sonu\u00e7lar\u0131 bak\u0131m\u0131ndan dikkatli bir\u2063 \u015fekilde de\u011ferlendirilmelidir. Bu nedenle,\u200d her iki\u2063 karar\u0131n\u200d hukuki niteli\u011fi\u200b ve etkileri,\u2064 ceza hukuku alan\u0131nda \u00f6nemli\u200c bir yer \u2062tutmaktad\u0131r.<\/p>\n<p><img decoding=\"async\" class=\"kimage_class lazyload\" data-src=\"https:\/\/denizcankizil.tr\/wp-content\/uploads\/2024\/10\/YhAY-253D.jpg\" alt=\"Yarg\u0131tay \u0130\u00e7tihatlar\u0131 I\u015f\u0131\u011f\u0131nda Derhal Beraat\" src=\"data:image\/svg+xml;base64,PHN2ZyB3aWR0aD0iMSIgaGVpZ2h0PSIxIiB4bWxucz0iaHR0cDovL3d3dy53My5vcmcvMjAwMC9zdmciPjwvc3ZnPg==\"><\/p>\n<h2 id=\"yargitay-ictihatlari-isiginda-derhal-beraat\">Yarg\u0131tay \u0130\u00e7tihatlar\u0131 I\u015f\u0131\u011f\u0131nda Derhal Beraat<\/h2>\n<p>Yarg\u0131tay i\u00e7tihatlar\u0131,\u2062 ceza yarg\u0131lamas\u0131nda derhal beraat kararlar\u0131n\u0131n verilmesi konusunda\u2064 \u00f6nemli bir\u2062 rehberlik \u2062sunmaktad\u0131r. Derhal \u200cberaat, san\u0131\u011f\u0131n su\u00e7lamalardan \u2064hemen aklanmas\u0131n\u0131 sa\u011flayan bir hukuki mekanizmad\u0131r. Bu durum, \u00f6zellikle\u2064 delil yetersizli\u011fi \u200bveya su\u00e7un unsurlar\u0131n\u0131n olu\u015fmamas\u0131 gibi\u200c hallerde g\u00fcndeme gelir. Yarg\u0131tay, bu t\u00fcr durumlarda,\u2063 san\u0131\u011f\u0131n \u200cmasumiyet karinesinin\u2062 korunmas\u0131 gerekti\u011fini vurgulamaktad\u0131r.<\/p>\n<p>Yarg\u0131tay i\u00e7tihatlar\u0131na g\u00f6re,\u2064 derhal beraat\u2062 karar\u0131\u2064 verilmesi i\u00e7in a\u015fa\u011f\u0131daki unsurlar\u0131n varl\u0131\u011f\u0131 gerekmektedir:<\/p>\n<ul>\n<li><strong>Delil Yetersizli\u011fi:<\/strong> Su\u00e7lamay\u0131 destekleyecek yeterli\u200b delil bulunmamas\u0131.<\/li>\n<li><strong>Su\u00e7un Unsurlar\u0131n\u0131n Olu\u015fmamas\u0131:<\/strong> \u200b \u0130ddia\u200d edilen su\u00e7un\u200c hukuki tan\u0131m\u0131na \u2062uymayan durumlar.<\/li>\n<li><strong>Hukuka Ayk\u0131r\u0131l\u0131k:<\/strong> Yarg\u0131lama s\u00fcrecinde\u200b hukuka ayk\u0131r\u0131 bir durumun tespit edilmesi.<\/li>\n<\/ul>\n<p>Bu unsurlar\u0131n\u2062 bir arada bulunmas\u0131, mahkemelerin derhal beraat karar\u0131 vermesini kolayla\u015ft\u0131rmaktad\u0131r. Yarg\u0131tay,\u2062 bu kararlar\u0131n \u200cverilmesinde, adaletin sa\u011flanmas\u0131 ve san\u0131\u011f\u0131n haklar\u0131n\u0131n korunmas\u0131 a\u00e7\u0131s\u0131ndan b\u00fcy\u00fck bir \u00f6nem ta\u015f\u0131maktad\u0131r. Dolay\u0131s\u0131yla, derhal\u200d beraat kararlar\u0131, ceza yarg\u0131lamas\u0131nda h\u0131zl\u0131 ve etkili bir \u00e7\u00f6z\u00fcm sunarak, gereksiz yere san\u0131klar\u0131n ma\u011fduriyet\u200d ya\u015famas\u0131n\u0131n\u2064 \u00f6n\u00fcne ge\u00e7mektedir.<\/p>\n<p><img decoding=\"async\" class=\"kimage_class lazyload\" data-src=\"https:\/\/denizcankizil.tr\/wp-content\/uploads\/2024\/10\/bJieI-253D.jpg\" alt=\"D\u00fc\u015fme Kararlar\u0131n\u0131n Ceza Muhakemesi S\u00fcrecindeki Rol\u00fc\" src=\"data:image\/svg+xml;base64,PHN2ZyB3aWR0aD0iMSIgaGVpZ2h0PSIxIiB4bWxucz0iaHR0cDovL3d3dy53My5vcmcvMjAwMC9zdmciPjwvc3ZnPg==\"><\/p>\n<h2 id=\"dusme-kararlarinin-ceza-muhakemesi-surecindeki-rolu\">D\u00fc\u015fme Kararlar\u0131n\u0131n Ceza \u200dMuhakemesi S\u00fcrecindeki Rol\u00fc<\/h2>\n<p>D\u00fc\u015fme kararlar\u0131, ceza muhakemesi\u2064 s\u00fcrecinde \u00f6nemli bir yere sahiptir. Bu kararlar, bir \u200cdavan\u0131n\u200b belirli a\u015famalar\u0131nda, yarg\u0131laman\u0131n devam etmesinin \u2064gereksiz oldu\u011fu\u200c durumlarda \u200dverilir. D\u00fc\u015fme kararlar\u0131, genellikle\u2062 a\u015fa\u011f\u0131daki durumlarda ortaya \u00e7\u0131kar:<\/p>\n<ul>\n<li>Su\u00e7un\u2063 olu\u015fmamas\u0131 veya\u200c failin \u200bcezai sorumlulu\u011funun bulunmamas\u0131<\/li>\n<li>Yarg\u0131laman\u0131n zaman a\u015f\u0131m\u0131na u\u011framas\u0131<\/li>\n<li>Delil yetersizli\u011fi nedeniyle davan\u0131n devam \u200cettirilememesi<\/li>\n<\/ul>\n<p>Ceza muhakemesi s\u00fcrecinde d\u00fc\u015fme kararlar\u0131, hem san\u0131k hem de ma\u011fdur a\u00e7\u0131s\u0131ndan \u00f6nemli sonu\u00e7lar do\u011furabilir. Bu\u2064 kararlar, yarg\u0131laman\u0131n sona ermesini sa\u011flarken, ayn\u0131\u200b zamanda adaletin tecelli etmesine \u2064de katk\u0131da bulunur. D\u00fc\u015fme \u200ckararlar\u0131, \u2062mahkemelerin i\u015f y\u00fck\u00fcn\u00fc azaltarak, \u2064daha h\u0131zl\u0131 ve etkili bir\u2063 yarg\u0131lama \u2064s\u00fcreci \u2062sa\u011flama amac\u0131n\u0131 ta\u015f\u0131r.<\/p>\n<p>Sonu\u00e7 olarak, d\u00fc\u015fme \u200bkararlar\u0131, ceza muhakemesi sisteminin i\u015fleyi\u015finde\u200c kritik bir rol oynamaktad\u0131r. Bu kararlar, hukukun \u00fcst\u00fcnl\u00fc\u011f\u00fc ilkesinin bir yans\u0131mas\u0131 olarak, adaletin \u2062sa\u011flanmas\u0131nda \u00f6nemli bir mekanizma i\u015flevi g\u00f6rmektedir. Bu nedenle, d\u00fc\u015fme kararlar\u0131n\u0131n \u200chukuki de\u011ferlendirilmesi, \u200cceza\u200c muhakemesi s\u00fcre\u00e7lerinin etkinli\u011fi\u200c a\u00e7\u0131s\u0131ndan\u2062 b\u00fcy\u00fck bir \u00f6neme\u200d sahiptir.<\/p>\n<p><img decoding=\"async\" class=\"kimage_class lazyload\" data-src=\"https:\/\/denizcankizil.tr\/wp-content\/uploads\/2024\/10\/78x381.jpg\" alt=\"Hukuki G\u00fcvenlik ve Derhal Beraat ile\u200d D\u00fc\u015fme Kararlar\u0131n\u0131n Etkisi\" src=\"data:image\/svg+xml;base64,PHN2ZyB3aWR0aD0iMSIgaGVpZ2h0PSIxIiB4bWxucz0iaHR0cDovL3d3dy53My5vcmcvMjAwMC9zdmciPjwvc3ZnPg==\"><\/p>\n<h2 id=\"hukuki-guvenlik-ve-derhal-beraat-ile-dusme-kararlarinin-etkisi\">Hukuki G\u00fcvenlik ve Derhal Beraat ile D\u00fc\u015fme Kararlar\u0131n\u0131n Etkisi<\/h2>\n<p>Hukuki\u200d g\u00fcvenlik, bireylerin hak ve \u00f6zg\u00fcrl\u00fcklerinin\u2063 korunmas\u0131 a\u00e7\u0131s\u0131ndan son derece \u00f6nemli bir\u2062 kavramd\u0131r. Bu ba\u011flamda, derhal beraat ve d\u00fc\u015fme kararlar\u0131, ceza yarg\u0131lamas\u0131 s\u00fcre\u00e7lerinde \u00f6nemli \u2064bir rol oynamaktad\u0131r. Bu kararlar, san\u0131klar\u0131n masumiyet\u2064 karinesinin korunmas\u0131 ve\u200d adaletin sa\u011flanmas\u0131 a\u00e7\u0131s\u0131ndan kritik \u2062bir\u200d \u00f6neme \u200csahiptir.<\/p>\n<p>Derhal beraat karar\u0131, san\u0131\u011f\u0131n \u200dsu\u00e7lamalardan tamamen akland\u0131\u011f\u0131n\u0131 ve yarg\u0131laman\u0131n devam etmesine gerek olmad\u0131\u011f\u0131n\u0131 ifade eder. Bu\u2064 t\u00fcr bir karar, san\u0131\u011f\u0131n \u00fczerindeki su\u00e7lamalar\u0131n as\u0131ls\u0131z oldu\u011funu g\u00f6sterir\u200b ve hukuki g\u00fcvenli\u011fi art\u0131r\u0131r. D\u00fc\u015fme kararlar\u0131 ise, yarg\u0131laman\u0131n belirli sebeplerle \u200bsona erdi\u011fini belirtir. Bu durum, genellikle delil\u200b yetersizli\u011fi veya zamana\u015f\u0131m\u0131 gibi nedenlerle \u2062ger\u00e7ekle\u015fir. Her iki karar t\u00fcr\u00fc de, \u200cbireylerin \u200dhukuki\u200c durumlar\u0131n\u0131 netle\u015ftirerek,\u200d adaletin sa\u011flanmas\u0131na katk\u0131da\u200d bulunur.<\/p>\n<ul>\n<li><strong>Hukuki \u2063g\u00fcvenli\u011fin sa\u011flanmas\u0131:<\/strong> Derhal beraat ve d\u00fc\u015fme kararlar\u0131, bireylerin haklar\u0131n\u0131n ihlal edilmesini\u200b \u00f6nler.<\/li>\n<li><strong>Adaletin tecellisi:<\/strong> Bu kararlar, yarg\u0131 s\u00fcrecinin etkinli\u011fini art\u0131rarak adaletin sa\u011flanmas\u0131na yard\u0131mc\u0131 olur.<\/li>\n<li><strong>Masumiyet karinesi:<\/strong> San\u0131klar\u0131n \u2063su\u00e7suzluklar\u0131, \u2063bu kararlarla peki\u015ftirilir.<\/li>\n<\/ul>\n<p>Sonu\u00e7 olarak, derhal beraat ve d\u00fc\u015fme \u200ckararlar\u0131, hukuki\u200c g\u00fcvenli\u011fin sa\u011flanmas\u0131 ve adaletin \u2064tesis edilmesi a\u00e7\u0131s\u0131ndan kritik \u00f6neme \u200dsahiptir. Bu \u2064kararlar, bireylerin\u2063 haklar\u0131n\u0131n korunmas\u0131na ve yarg\u0131 sisteminin etkinli\u011fine \u00f6nemli katk\u0131larda bulunmaktad\u0131r.<\/p>\n<p>Sonu\u00e7 olarak, derhal beraat ve d\u00fc\u015fme kararlar\u0131, ceza yarg\u0131lamas\u0131 s\u00fcrecinde \u00f6nemli bir yer tutmaktad\u0131r. Bu kararlar, san\u0131klar\u0131n \u2062haklar\u0131n\u0131n korunmas\u0131 ve adaletin sa\u011flanmas\u0131 a\u00e7\u0131s\u0131ndan kritik \u2062bir rol\u200d oynamaktad\u0131r. Hukuki de\u011ferlendirmeler, bu\u200b t\u00fcr kararlar\u0131n verilmesinde mahkemelerin \u2063takdir yetkisini ve\u2063 yarg\u0131laman\u0131n temel ilkelerini g\u00f6z \u00f6n\u00fcnde bulundurmas\u0131n\u0131\u200b gerektirmektedir. Derhal beraat, su\u00e7un unsurlar\u0131n\u0131n olu\u015fmad\u0131\u011f\u0131 durumlarda \u200csan\u0131\u011f\u0131n masumiyetinin tescil edilmesi\u2063 anlam\u0131na gelirken; d\u00fc\u015fme karar\u0131, \u2064yarg\u0131laman\u0131n sona ermesi ve san\u0131\u011f\u0131n \u00fczerindeki\u2062 su\u00e7lamalar\u0131n ortadan kalkmas\u0131 a\u00e7\u0131s\u0131ndan \u00f6nem ta\u015f\u0131maktad\u0131r. Bu \u2064ba\u011flamda, yarg\u0131 organlar\u0131n\u0131n, hukukun \u00fcst\u00fcnl\u00fc\u011f\u00fc ilkesine sad\u0131k kalarak, adil \u2063ve tarafs\u0131z\u200d bir \u015fekilde karar\u200c vermeleri, toplumun \u2063adalet duygusunu peki\u015ftirecektir. Gelecek \u00e7al\u0131\u015fmalarda, bu kararlar\u0131n uygulama \u200dalan\u0131ndaki etkileri ve\u2064 yarg\u0131 \u200dprati\u011findeki yans\u0131malar\u0131 daha detayl\u0131 bir \u015fekilde \u200bincelenmelidir. <\/p>","protected":false},"excerpt":{"rendered":"<p>Derhal beraat ve d\u00fc\u015fme kararlar\u0131, ceza yarg\u0131lamas\u0131nda \u00f6nemli bir yer tutar. Bu kararlar, san\u0131\u011f\u0131n su\u00e7suzlu\u011funu veya davan\u0131n devam etmesinin gereksiz oldu\u011funu ortaya koyarak, adaletin h\u0131zl\u0131 bir \u015fekilde tecelli etmesini sa\u011flar.<\/p>","protected":false},"author":4,"featured_media":22834,"comment_status":"open","ping_status":"open","sticky":false,"template":"","format":"standard","meta":{"_acf_changed":false,"footnotes":""},"categories":[22],"tags":[],"class_list":["post-22833","post","type-post","status-publish","format-standard","has-post-thumbnail","hentry","category-degerlendirme"],"acf":[],"yoast_head":"<!-- This site is optimized with the Yoast SEO Premium plugin v26.6 (Yoast SEO v27.1.1) - https:\/\/yoast.com\/product\/yoast-seo-premium-wordpress\/ -->\n<title>Derhal Beraat ve D\u00fc\u015fme Kararlar\u0131: Hukuki De\u011ferlendirme - Av. Deniz Can K\u0131z\u0131l<\/title>\n<meta name=\"robots\" content=\"index, follow, max-snippet:-1, max-image-preview:large, max-video-preview:-1\" \/>\n<link rel=\"canonical\" href=\"http:\/\/denizcankizil.tr\/uk\/koseyazilari\/degerlendirme\/derhal-beraat-ve-dusme-kararlari-hukuki-degerlendirme\/\" \/>\n<meta property=\"og:locale\" content=\"uk_UA\" \/>\n<meta property=\"og:type\" content=\"article\" \/>\n<meta property=\"og:title\" content=\"Derhal Beraat ve D\u00fc\u015fme Kararlar\u0131: Hukuki De\u011ferlendirme\" \/>\n<meta property=\"og:description\" content=\"Derhal beraat ve d\u00fc\u015fme kararlar\u0131, ceza yarg\u0131lamas\u0131nda \u00f6nemli bir yer tutar. Bu kararlar, san\u0131\u011f\u0131n su\u00e7suzlu\u011funu veya davan\u0131n devam etmesinin gereksiz oldu\u011funu ortaya koyarak, adaletin h\u0131zl\u0131 bir \u015fekilde tecelli etmesini sa\u011flar.\" \/>\n<meta property=\"og:url\" content=\"http:\/\/denizcankizil.tr\/uk\/koseyazilari\/degerlendirme\/derhal-beraat-ve-dusme-kararlari-hukuki-degerlendirme\/\" \/>\n<meta property=\"og:site_name\" content=\"Av. Deniz Can K\u0131z\u0131l\" \/>\n<meta property=\"article:published_time\" content=\"2024-12-29T11:56:18+00:00\" \/>\n<meta property=\"og:image\" content=\"http:\/\/denizcankizil.tr\/wp-content\/uploads\/2024\/12\/22833-derhal-beraat-ve-dusme-kararlari-hukuki-degerlendirme.jpg\" \/>\n\t<meta property=\"og:image:width\" content=\"800\" \/>\n\t<meta property=\"og:image:height\" content=\"800\" \/>\n\t<meta property=\"og:image:type\" content=\"image\/jpeg\" \/>\n<meta name=\"author\" content=\"Av. Deniz Can K\u0131z\u0131l\" \/>\n<meta name=\"twitter:card\" content=\"summary_large_image\" \/>\n<meta name=\"twitter:label1\" content=\"\u041d\u0430\u043f\u0438\u0441\u0430\u043d\u043e\" \/>\n\t<meta name=\"twitter:data1\" content=\"Av. Deniz Can K\u0131z\u0131l\" \/>\n\t<meta name=\"twitter:label2\" content=\"\u041f\u0440\u0438\u0431\u043b. \u0447\u0430\u0441 \u0447\u0438\u0442\u0430\u043d\u043d\u044f\" \/>\n\t<meta name=\"twitter:data2\" content=\"4 \u0445\u0432\u0438\u043b\u0438\u043d\u0438\" \/>\n<script type=\"application\/ld+json\" class=\"yoast-schema-graph\">{\"@context\":\"https:\/\/schema.org\",\"@graph\":[{\"@type\":\"Article\",\"@id\":\"http:\/\/denizcankizil.tr\/uk\/koseyazilari\/degerlendirme\/derhal-beraat-ve-dusme-kararlari-hukuki-degerlendirme\/#article\",\"isPartOf\":{\"@id\":\"http:\/\/denizcankizil.tr\/uk\/koseyazilari\/degerlendirme\/derhal-beraat-ve-dusme-kararlari-hukuki-degerlendirme\/\"},\"author\":{\"name\":\"Av. Deniz Can K\u0131z\u0131l\",\"@id\":\"https:\/\/denizcankizil.tr\/de\/#\/schema\/person\/5dc1b22991bd7ac833867c10afc9b0ff\"},\"headline\":\"Derhal Beraat ve D\u00fc\u015fme Kararlar\u0131: Hukuki De\u011ferlendirme\",\"datePublished\":\"2024-12-29T11:56:18+00:00\",\"mainEntityOfPage\":{\"@id\":\"http:\/\/denizcankizil.tr\/uk\/koseyazilari\/degerlendirme\/derhal-beraat-ve-dusme-kararlari-hukuki-degerlendirme\/\"},\"wordCount\":779,\"commentCount\":0,\"publisher\":{\"@id\":\"https:\/\/denizcankizil.tr\/de\/#organization\"},\"image\":{\"@id\":\"http:\/\/denizcankizil.tr\/uk\/koseyazilari\/degerlendirme\/derhal-beraat-ve-dusme-kararlari-hukuki-degerlendirme\/#primaryimage\"},\"thumbnailUrl\":\"http:\/\/denizcankizil.tr\/wp-content\/uploads\/2024\/12\/22833-derhal-beraat-ve-dusme-kararlari-hukuki-degerlendirme.jpg\",\"articleSection\":[\"De\u011ferlendirme\"],\"inLanguage\":\"uk\",\"potentialAction\":[{\"@type\":\"CommentAction\",\"name\":\"Comment\",\"target\":[\"http:\/\/denizcankizil.tr\/uk\/koseyazilari\/degerlendirme\/derhal-beraat-ve-dusme-kararlari-hukuki-degerlendirme\/#respond\"]}]},{\"@type\":\"WebPage\",\"@id\":\"http:\/\/denizcankizil.tr\/uk\/koseyazilari\/degerlendirme\/derhal-beraat-ve-dusme-kararlari-hukuki-degerlendirme\/\",\"url\":\"http:\/\/denizcankizil.tr\/uk\/koseyazilari\/degerlendirme\/derhal-beraat-ve-dusme-kararlari-hukuki-degerlendirme\/\",\"name\":\"Derhal Beraat ve D\u00fc\u015fme Kararlar\u0131: Hukuki De\u011ferlendirme - Av. Deniz Can K\u0131z\u0131l\",\"isPartOf\":{\"@id\":\"https:\/\/denizcankizil.tr\/de\/#website\"},\"primaryImageOfPage\":{\"@id\":\"http:\/\/denizcankizil.tr\/uk\/koseyazilari\/degerlendirme\/derhal-beraat-ve-dusme-kararlari-hukuki-degerlendirme\/#primaryimage\"},\"image\":{\"@id\":\"http:\/\/denizcankizil.tr\/uk\/koseyazilari\/degerlendirme\/derhal-beraat-ve-dusme-kararlari-hukuki-degerlendirme\/#primaryimage\"},\"thumbnailUrl\":\"http:\/\/denizcankizil.tr\/wp-content\/uploads\/2024\/12\/22833-derhal-beraat-ve-dusme-kararlari-hukuki-degerlendirme.jpg\",\"datePublished\":\"2024-12-29T11:56:18+00:00\",\"breadcrumb\":{\"@id\":\"http:\/\/denizcankizil.tr\/uk\/koseyazilari\/degerlendirme\/derhal-beraat-ve-dusme-kararlari-hukuki-degerlendirme\/#breadcrumb\"},\"inLanguage\":\"uk\",\"potentialAction\":[{\"@type\":\"ReadAction\",\"target\":[\"http:\/\/denizcankizil.tr\/uk\/koseyazilari\/degerlendirme\/derhal-beraat-ve-dusme-kararlari-hukuki-degerlendirme\/\"]}]},{\"@type\":\"ImageObject\",\"inLanguage\":\"uk\",\"@id\":\"http:\/\/denizcankizil.tr\/uk\/koseyazilari\/degerlendirme\/derhal-beraat-ve-dusme-kararlari-hukuki-degerlendirme\/#primaryimage\",\"url\":\"http:\/\/denizcankizil.tr\/wp-content\/uploads\/2024\/12\/22833-derhal-beraat-ve-dusme-kararlari-hukuki-degerlendirme.jpg\",\"contentUrl\":\"http:\/\/denizcankizil.tr\/wp-content\/uploads\/2024\/12\/22833-derhal-beraat-ve-dusme-kararlari-hukuki-degerlendirme.jpg\",\"width\":800,\"height\":800,\"caption\":\"Derhal Beraat ve D\u00fc\u015fme Kararlar\u0131: Hukuki De\u011ferlendirme\"},{\"@type\":\"BreadcrumbList\",\"@id\":\"http:\/\/denizcankizil.tr\/uk\/koseyazilari\/degerlendirme\/derhal-beraat-ve-dusme-kararlari-hukuki-degerlendirme\/#breadcrumb\",\"itemListElement\":[{\"@type\":\"ListItem\",\"position\":1,\"name\":\"Home\",\"item\":\"https:\/\/denizcankizil.tr\/de\/\"},{\"@type\":\"ListItem\",\"position\":2,\"name\":\"Derhal Beraat ve D\u00fc\u015fme Kararlar\u0131: Hukuki De\u011ferlendirme\"}]},{\"@type\":\"WebSite\",\"@id\":\"https:\/\/denizcankizil.tr\/de\/#website\",\"url\":\"https:\/\/denizcankizil.tr\/de\/\",\"name\":\"Av. Deniz Can K\u0131z\u0131l\",\"description\":\"Avukat Deniz Can K\u0131z\u0131l Antalya Barosu\",\"publisher\":{\"@id\":\"https:\/\/denizcankizil.tr\/de\/#organization\"},\"potentialAction\":[{\"@type\":\"SearchAction\",\"target\":{\"@type\":\"EntryPoint\",\"urlTemplate\":\"https:\/\/denizcankizil.tr\/de\/?s={search_term_string}\"},\"query-input\":{\"@type\":\"PropertyValueSpecification\",\"valueRequired\":true,\"valueName\":\"search_term_string\"}}],\"inLanguage\":\"uk\"},{\"@type\":\"Organization\",\"@id\":\"https:\/\/denizcankizil.tr\/de\/#organization\",\"name\":\"Av. Deniz Can K\u0131z\u0131l\",\"url\":\"https:\/\/denizcankizil.tr\/de\/\",\"logo\":{\"@type\":\"ImageObject\",\"inLanguage\":\"uk\",\"@id\":\"https:\/\/denizcankizil.tr\/de\/#\/schema\/logo\/image\/\",\"url\":\"http:\/\/denizcankizil.tr\/wp-content\/uploads\/2024\/10\/siyah-logo-svg.svg\",\"contentUrl\":\"http:\/\/denizcankizil.tr\/wp-content\/uploads\/2024\/10\/siyah-logo-svg.svg\",\"width\":1080,\"height\":1080,\"caption\":\"Av. Deniz Can K\u0131z\u0131l\"},\"image\":{\"@id\":\"https:\/\/denizcankizil.tr\/de\/#\/schema\/logo\/image\/\"}},{\"@type\":\"Person\",\"@id\":\"https:\/\/denizcankizil.tr\/de\/#\/schema\/person\/5dc1b22991bd7ac833867c10afc9b0ff\",\"name\":\"Av. Deniz Can K\u0131z\u0131l\",\"image\":{\"@type\":\"ImageObject\",\"inLanguage\":\"uk\",\"@id\":\"https:\/\/denizcankizil.tr\/de\/#\/schema\/person\/image\/\",\"url\":\"https:\/\/secure.gravatar.com\/avatar\/a0b128fb9855c79efc976d5640eedb31dc35ec297594d6016d2cf7c60e975bb6?s=96&d=mm&r=g\",\"contentUrl\":\"https:\/\/secure.gravatar.com\/avatar\/a0b128fb9855c79efc976d5640eedb31dc35ec297594d6016d2cf7c60e975bb6?s=96&d=mm&r=g\",\"caption\":\"Av. Deniz Can K\u0131z\u0131l\"},\"sameAs\":[\"http:\/\/www.denizcankizil.tr\"],\"url\":\"http:\/\/denizcankizil.tr\/uk\/author\/denizcankizil\/\"}]}<\/script>\n<!-- \/ Yoast SEO Premium plugin. -->","yoast_head_json":{"title":"Derhal Beraat ve D\u00fc\u015fme Kararlar\u0131: Hukuki De\u011ferlendirme - Av. Deniz Can K\u0131z\u0131l","robots":{"index":"index","follow":"follow","max-snippet":"max-snippet:-1","max-image-preview":"max-image-preview:large","max-video-preview":"max-video-preview:-1"},"canonical":"http:\/\/denizcankizil.tr\/uk\/koseyazilari\/degerlendirme\/derhal-beraat-ve-dusme-kararlari-hukuki-degerlendirme\/","og_locale":"uk_UA","og_type":"article","og_title":"Derhal Beraat ve D\u00fc\u015fme Kararlar\u0131: Hukuki De\u011ferlendirme","og_description":"Derhal beraat ve d\u00fc\u015fme kararlar\u0131, ceza yarg\u0131lamas\u0131nda \u00f6nemli bir yer tutar. Bu kararlar, san\u0131\u011f\u0131n su\u00e7suzlu\u011funu veya davan\u0131n devam etmesinin gereksiz oldu\u011funu ortaya koyarak, adaletin h\u0131zl\u0131 bir \u015fekilde tecelli etmesini sa\u011flar.","og_url":"http:\/\/denizcankizil.tr\/uk\/koseyazilari\/degerlendirme\/derhal-beraat-ve-dusme-kararlari-hukuki-degerlendirme\/","og_site_name":"Av. Deniz Can K\u0131z\u0131l","article_published_time":"2024-12-29T11:56:18+00:00","og_image":[{"width":800,"height":800,"url":"http:\/\/denizcankizil.tr\/wp-content\/uploads\/2024\/12\/22833-derhal-beraat-ve-dusme-kararlari-hukuki-degerlendirme.jpg","type":"image\/jpeg"}],"author":"Av. Deniz Can K\u0131z\u0131l","twitter_card":"summary_large_image","twitter_misc":{"\u041d\u0430\u043f\u0438\u0441\u0430\u043d\u043e":"Av. Deniz Can K\u0131z\u0131l","\u041f\u0440\u0438\u0431\u043b. \u0447\u0430\u0441 \u0447\u0438\u0442\u0430\u043d\u043d\u044f":"4 \u0445\u0432\u0438\u043b\u0438\u043d\u0438"},"schema":{"@context":"https:\/\/schema.org","@graph":[{"@type":"Article","@id":"http:\/\/denizcankizil.tr\/uk\/koseyazilari\/degerlendirme\/derhal-beraat-ve-dusme-kararlari-hukuki-degerlendirme\/#article","isPartOf":{"@id":"http:\/\/denizcankizil.tr\/uk\/koseyazilari\/degerlendirme\/derhal-beraat-ve-dusme-kararlari-hukuki-degerlendirme\/"},"author":{"name":"Av. Deniz Can K\u0131z\u0131l","@id":"https:\/\/denizcankizil.tr\/de\/#\/schema\/person\/5dc1b22991bd7ac833867c10afc9b0ff"},"headline":"Derhal Beraat ve D\u00fc\u015fme Kararlar\u0131: Hukuki De\u011ferlendirme","datePublished":"2024-12-29T11:56:18+00:00","mainEntityOfPage":{"@id":"http:\/\/denizcankizil.tr\/uk\/koseyazilari\/degerlendirme\/derhal-beraat-ve-dusme-kararlari-hukuki-degerlendirme\/"},"wordCount":779,"commentCount":0,"publisher":{"@id":"https:\/\/denizcankizil.tr\/de\/#organization"},"image":{"@id":"http:\/\/denizcankizil.tr\/uk\/koseyazilari\/degerlendirme\/derhal-beraat-ve-dusme-kararlari-hukuki-degerlendirme\/#primaryimage"},"thumbnailUrl":"http:\/\/denizcankizil.tr\/wp-content\/uploads\/2024\/12\/22833-derhal-beraat-ve-dusme-kararlari-hukuki-degerlendirme.jpg","articleSection":["De\u011ferlendirme"],"inLanguage":"uk","potentialAction":[{"@type":"CommentAction","name":"Comment","target":["http:\/\/denizcankizil.tr\/uk\/koseyazilari\/degerlendirme\/derhal-beraat-ve-dusme-kararlari-hukuki-degerlendirme\/#respond"]}]},{"@type":"WebPage","@id":"http:\/\/denizcankizil.tr\/uk\/koseyazilari\/degerlendirme\/derhal-beraat-ve-dusme-kararlari-hukuki-degerlendirme\/","url":"http:\/\/denizcankizil.tr\/uk\/koseyazilari\/degerlendirme\/derhal-beraat-ve-dusme-kararlari-hukuki-degerlendirme\/","name":"Derhal Beraat ve D\u00fc\u015fme Kararlar\u0131: Hukuki De\u011ferlendirme - Av. Deniz Can K\u0131z\u0131l","isPartOf":{"@id":"https:\/\/denizcankizil.tr\/de\/#website"},"primaryImageOfPage":{"@id":"http:\/\/denizcankizil.tr\/uk\/koseyazilari\/degerlendirme\/derhal-beraat-ve-dusme-kararlari-hukuki-degerlendirme\/#primaryimage"},"image":{"@id":"http:\/\/denizcankizil.tr\/uk\/koseyazilari\/degerlendirme\/derhal-beraat-ve-dusme-kararlari-hukuki-degerlendirme\/#primaryimage"},"thumbnailUrl":"http:\/\/denizcankizil.tr\/wp-content\/uploads\/2024\/12\/22833-derhal-beraat-ve-dusme-kararlari-hukuki-degerlendirme.jpg","datePublished":"2024-12-29T11:56:18+00:00","breadcrumb":{"@id":"http:\/\/denizcankizil.tr\/uk\/koseyazilari\/degerlendirme\/derhal-beraat-ve-dusme-kararlari-hukuki-degerlendirme\/#breadcrumb"},"inLanguage":"uk","potentialAction":[{"@type":"ReadAction","target":["http:\/\/denizcankizil.tr\/uk\/koseyazilari\/degerlendirme\/derhal-beraat-ve-dusme-kararlari-hukuki-degerlendirme\/"]}]},{"@type":"ImageObject","inLanguage":"uk","@id":"http:\/\/denizcankizil.tr\/uk\/koseyazilari\/degerlendirme\/derhal-beraat-ve-dusme-kararlari-hukuki-degerlendirme\/#primaryimage","url":"http:\/\/denizcankizil.tr\/wp-content\/uploads\/2024\/12\/22833-derhal-beraat-ve-dusme-kararlari-hukuki-degerlendirme.jpg","contentUrl":"http:\/\/denizcankizil.tr\/wp-content\/uploads\/2024\/12\/22833-derhal-beraat-ve-dusme-kararlari-hukuki-degerlendirme.jpg","width":800,"height":800,"caption":"Derhal Beraat ve D\u00fc\u015fme Kararlar\u0131: Hukuki De\u011ferlendirme"},{"@type":"BreadcrumbList","@id":"http:\/\/denizcankizil.tr\/uk\/koseyazilari\/degerlendirme\/derhal-beraat-ve-dusme-kararlari-hukuki-degerlendirme\/#breadcrumb","itemListElement":[{"@type":"ListItem","position":1,"name":"Home","item":"https:\/\/denizcankizil.tr\/de\/"},{"@type":"ListItem","position":2,"name":"Derhal Beraat ve D\u00fc\u015fme Kararlar\u0131: Hukuki De\u011ferlendirme"}]},{"@type":"WebSite","@id":"https:\/\/denizcankizil.tr\/de\/#website","url":"https:\/\/denizcankizil.tr\/de\/","name":"Av. Deniz Can K\u0131z\u0131l","description":"Avukat Deniz Can K\u0131z\u0131l Antalya Barosu","publisher":{"@id":"https:\/\/denizcankizil.tr\/de\/#organization"},"potentialAction":[{"@type":"SearchAction","target":{"@type":"EntryPoint","urlTemplate":"https:\/\/denizcankizil.tr\/de\/?s={search_term_string}"},"query-input":{"@type":"PropertyValueSpecification","valueRequired":true,"valueName":"search_term_string"}}],"inLanguage":"uk"},{"@type":"Organization","@id":"https:\/\/denizcankizil.tr\/de\/#organization","name":"Av. Deniz Can K\u0131z\u0131l","url":"https:\/\/denizcankizil.tr\/de\/","logo":{"@type":"ImageObject","inLanguage":"uk","@id":"https:\/\/denizcankizil.tr\/de\/#\/schema\/logo\/image\/","url":"http:\/\/denizcankizil.tr\/wp-content\/uploads\/2024\/10\/siyah-logo-svg.svg","contentUrl":"http:\/\/denizcankizil.tr\/wp-content\/uploads\/2024\/10\/siyah-logo-svg.svg","width":1080,"height":1080,"caption":"Av. Deniz Can K\u0131z\u0131l"},"image":{"@id":"https:\/\/denizcankizil.tr\/de\/#\/schema\/logo\/image\/"}},{"@type":"Person","@id":"https:\/\/denizcankizil.tr\/de\/#\/schema\/person\/5dc1b22991bd7ac833867c10afc9b0ff","name":"Av. Deniz Can K\u0131z\u0131l","image":{"@type":"ImageObject","inLanguage":"uk","@id":"https:\/\/denizcankizil.tr\/de\/#\/schema\/person\/image\/","url":"https:\/\/secure.gravatar.com\/avatar\/a0b128fb9855c79efc976d5640eedb31dc35ec297594d6016d2cf7c60e975bb6?s=96&d=mm&r=g","contentUrl":"https:\/\/secure.gravatar.com\/avatar\/a0b128fb9855c79efc976d5640eedb31dc35ec297594d6016d2cf7c60e975bb6?s=96&d=mm&r=g","caption":"Av. Deniz Can K\u0131z\u0131l"},"sameAs":["http:\/\/www.denizcankizil.tr"],"url":"http:\/\/denizcankizil.tr\/uk\/author\/denizcankizil\/"}]}},"_links":{"self":[{"href":"http:\/\/denizcankizil.tr\/uk\/wp-json\/wp\/v2\/posts\/22833","targetHints":{"allow":["GET"]}}],"collection":[{"href":"http:\/\/denizcankizil.tr\/uk\/wp-json\/wp\/v2\/posts"}],"about":[{"href":"http:\/\/denizcankizil.tr\/uk\/wp-json\/wp\/v2\/types\/post"}],"author":[{"embeddable":true,"href":"http:\/\/denizcankizil.tr\/uk\/wp-json\/wp\/v2\/users\/4"}],"replies":[{"embeddable":true,"href":"http:\/\/denizcankizil.tr\/uk\/wp-json\/wp\/v2\/comments?post=22833"}],"version-history":[{"count":0,"href":"http:\/\/denizcankizil.tr\/uk\/wp-json\/wp\/v2\/posts\/22833\/revisions"}],"wp:featuredmedia":[{"embeddable":true,"href":"http:\/\/denizcankizil.tr\/uk\/wp-json\/wp\/v2\/media\/22834"}],"wp:attachment":[{"href":"http:\/\/denizcankizil.tr\/uk\/wp-json\/wp\/v2\/media?parent=22833"}],"wp:term":[{"taxonomy":"category","embeddable":true,"href":"http:\/\/denizcankizil.tr\/uk\/wp-json\/wp\/v2\/categories?post=22833"},{"taxonomy":"post_tag","embeddable":true,"href":"http:\/\/denizcankizil.tr\/uk\/wp-json\/wp\/v2\/tags?post=22833"}],"curies":[{"name":"wp","href":"https:\/\/api.w.org\/{rel}","templated":true}]}}