{"id":22271,"date":"2024-12-25T23:41:42","date_gmt":"2024-12-25T20:41:42","guid":{"rendered":"https:\/\/denizcankizil.tr\/uncategorized-tr\/baskan-tugaydan-iklim-krizine-karsi-vites-yukseltelim-mesaji\/"},"modified":"2024-12-25T23:41:42","modified_gmt":"2024-12-25T20:41:42","slug":"baskan-tugaydan-iklim-krizine-karsi-vites-yukseltelim-mesaji","status":"publish","type":"post","link":"http:\/\/denizcankizil.tr\/uk\/haberler\/gundem\/baskan-tugaydan-iklim-krizine-karsi-vites-yukseltelim-mesaji\/","title":{"rendered":"Ba\u015fkan Tugay\u2019dan iklim krizine kar\u015f\u0131 \u201cvites y\u00fckseltelim\u201d mesaj\u0131"},"content":{"rendered":"<p>Bursa Osmangazi Belediyesi\u2019nin T\u00fcrkiye Sa\u011fl\u0131kl\u0131 Kentler Birli\u011fi i\u015f birli\u011fi ile d\u00fczenledi\u011fi Kent ve \u0130klim Paneli&#8217;nde konu\u015fan T\u00fcrkiye Sa\u011fl\u0131kl\u0131 Kentler Birli\u011fi Ba\u015fkan\u0131 ve \u0130zmir B\u00fcy\u00fck\u015fehir Belediye Ba\u015fkan\u0131 Dr. Cemil Tugay, iklim krizi ile ilgili \u00e7al\u0131\u015fmalarda vites y\u00fckselteceklerini s\u00f6yledi. Ba\u015fkan Tugay, T\u00fcrkiye Sa\u011fl\u0131kl\u0131 Kentler Birli\u011fi\u2019ni iyile\u015fme i\u00e7in \u00e7ok etkili ad\u0131mlar atan bir yap\u0131 haline getirmeyi ama\u00e7lad\u0131klar\u0131n\u0131 belirtti.<\/p>\n<p>\u200bBursa Osmangazi Belediyesi\u2019nin T\u00fcrkiye Sa\u011fl\u0131kl\u0131 Kentler Birli\u011fi i\u015f birli\u011fi ile d\u00fczenledi\u011fi Kent ve \u0130klim Paneli&#8217;nde konu\u015fan T\u00fcrkiye Sa\u011fl\u0131kl\u0131 Kentler Birli\u011fi Ba\u015fkan\u0131 ve \u0130zmir B\u00fcy\u00fck\u015fehir Belediye Ba\u015fkan\u0131 Dr. Cemil Tugay, iklim krizi ile ilgili \u00e7al\u0131\u015fmalarda vites y\u00fckselteceklerini s\u00f6yledi. Ba\u015fkan Tugay, T\u00fcrkiye Sa\u011fl\u0131kl\u0131 Kentler Birli\u011fi\u2019ni iyile\u015fme i\u00e7in \u00e7ok etkili ad\u0131mlar atan bir yap\u0131 haline getirmeyi ama\u00e7lad\u0131klar\u0131n\u0131 belirtti.\u00a0<\/p>\n<p>\u200bHaberin Al\u0131nt\u0131land\u0131\u011f\u0131 Kaynak: www.iskenderun.org<\/p>","protected":false},"excerpt":{"rendered":"<p>Bursa Osmangazi Belediyesi\u2019nin T\u00fcrkiye Sa\u011fl\u0131kl\u0131 Kentler Birli\u011fi i\u015f birli\u011fi ile d\u00fczenledi\u011fi Kent ve \u0130klim Paneli&#8217;nde konu\u015fan T\u00fcrkiye Sa\u011fl\u0131kl\u0131 Kentler Birli\u011fi Ba\u015fkan\u0131 ve \u0130zmir B\u00fcy\u00fck\u015fehir Belediye Ba\u015fkan\u0131 Dr. Cemil Tugay, iklim krizi ile ilgili \u00e7al\u0131\u015fmalarda vites y\u00fckselteceklerini s\u00f6yledi. Ba\u015fkan Tugay, T\u00fcrkiye Sa\u011fl\u0131kl\u0131 Kentler Birli\u011fi\u2019ni iyile\u015fme i\u00e7in \u00e7ok etkili ad\u0131mlar atan bir yap\u0131 haline getirmeyi ama\u00e7lad\u0131klar\u0131n\u0131 belirtti. \u200bBursa Osmangazi Belediyesi\u2019nin T\u00fcrkiye Sa\u011fl\u0131kl\u0131 Kentler Birli\u011fi i\u015f birli\u011fi ile d\u00fczenledi\u011fi Kent ve \u0130klim Paneli&#8217;nde konu\u015fan T\u00fcrkiye Sa\u011fl\u0131kl\u0131 Kentler Birli\u011fi Ba\u015fkan\u0131 ve \u0130zmir B\u00fcy\u00fck\u015fehir Belediye Ba\u015fkan\u0131 Dr. Cemil Tugay, iklim krizi ile ilgili \u00e7al\u0131\u015fmalarda vites y\u00fckselteceklerini s\u00f6yledi. Ba\u015fkan Tugay, T\u00fcrkiye Sa\u011fl\u0131kl\u0131 Kentler Birli\u011fi\u2019ni iyile\u015fme i\u00e7in \u00e7ok etkili ad\u0131mlar atan bir yap\u0131 haline getirmeyi ama\u00e7lad\u0131klar\u0131n\u0131 belirtti.\u00a0 \u200bHaberin Al\u0131nt\u0131land\u0131\u011f\u0131 Kaynak: www.iskenderun.org<\/p>","protected":false},"author":0,"featured_media":0,"comment_status":"open","ping_status":"open","sticky":false,"template":"","format":"standard","meta":{"_acf_changed":false,"footnotes":""},"categories":[24,535],"tags":[],"class_list":["post-22271","post","type-post","status-publish","format-standard","has-post-thumbnail","hentry","category-gundem","category-uncategorized-tr"],"acf":[],"yoast_head":"<!-- This site is optimized with the Yoast SEO Premium plugin v26.6 (Yoast SEO v27.1.1) - https:\/\/yoast.com\/product\/yoast-seo-premium-wordpress\/ -->\n<title>Ba\u015fkan Tugay\u2019dan iklim krizine kar\u015f\u0131 \u201cvites y\u00fckseltelim\u201d mesaj\u0131 - Av. Deniz Can K\u0131z\u0131l<\/title>\n<meta name=\"robots\" content=\"index, follow, max-snippet:-1, max-image-preview:large, max-video-preview:-1\" \/>\n<link rel=\"canonical\" href=\"http:\/\/denizcankizil.tr\/uk\/haberler\/gundem\/baskan-tugaydan-iklim-krizine-karsi-vites-yukseltelim-mesaji\/\" \/>\n<meta property=\"og:locale\" content=\"uk_UA\" \/>\n<meta property=\"og:type\" content=\"article\" \/>\n<meta property=\"og:title\" content=\"Ba\u015fkan Tugay\u2019dan iklim krizine kar\u015f\u0131 \u201cvites y\u00fckseltelim\u201d mesaj\u0131\" \/>\n<meta property=\"og:description\" content=\"Bursa Osmangazi Belediyesi\u2019nin T\u00fcrkiye Sa\u011fl\u0131kl\u0131 Kentler Birli\u011fi i\u015f birli\u011fi ile d\u00fczenledi\u011fi Kent ve \u0130klim Paneli&#8217;nde konu\u015fan T\u00fcrkiye Sa\u011fl\u0131kl\u0131 Kentler Birli\u011fi Ba\u015fkan\u0131 ve \u0130zmir B\u00fcy\u00fck\u015fehir Belediye Ba\u015fkan\u0131 Dr. Cemil Tugay, iklim krizi ile ilgili \u00e7al\u0131\u015fmalarda vites y\u00fckselteceklerini s\u00f6yledi. Ba\u015fkan Tugay, T\u00fcrkiye Sa\u011fl\u0131kl\u0131 Kentler Birli\u011fi\u2019ni iyile\u015fme i\u00e7in \u00e7ok etkili ad\u0131mlar atan bir yap\u0131 haline getirmeyi ama\u00e7lad\u0131klar\u0131n\u0131 belirtti. \u200bBursa Osmangazi Belediyesi\u2019nin T\u00fcrkiye Sa\u011fl\u0131kl\u0131 Kentler Birli\u011fi i\u015f birli\u011fi ile d\u00fczenledi\u011fi Kent ve \u0130klim Paneli&#8217;nde konu\u015fan T\u00fcrkiye Sa\u011fl\u0131kl\u0131 Kentler Birli\u011fi Ba\u015fkan\u0131 ve \u0130zmir B\u00fcy\u00fck\u015fehir Belediye Ba\u015fkan\u0131 Dr. Cemil Tugay, iklim krizi ile ilgili \u00e7al\u0131\u015fmalarda vites y\u00fckselteceklerini s\u00f6yledi. Ba\u015fkan Tugay, T\u00fcrkiye Sa\u011fl\u0131kl\u0131 Kentler Birli\u011fi\u2019ni iyile\u015fme i\u00e7in \u00e7ok etkili ad\u0131mlar atan bir yap\u0131 haline getirmeyi ama\u00e7lad\u0131klar\u0131n\u0131 belirtti.\u00a0 \u200bHaberin Al\u0131nt\u0131land\u0131\u011f\u0131 Kaynak: www.iskenderun.org\" \/>\n<meta property=\"og:url\" content=\"http:\/\/denizcankizil.tr\/uk\/haberler\/gundem\/baskan-tugaydan-iklim-krizine-karsi-vites-yukseltelim-mesaji\/\" \/>\n<meta property=\"og:site_name\" content=\"Av. Deniz Can K\u0131z\u0131l\" \/>\n<meta property=\"article:published_time\" content=\"2024-12-25T20:41:42+00:00\" \/>\n<meta name=\"twitter:card\" content=\"summary_large_image\" \/>\n<meta name=\"twitter:label1\" content=\"\u041f\u0440\u0438\u0431\u043b. \u0447\u0430\u0441 \u0447\u0438\u0442\u0430\u043d\u043d\u044f\" \/>\n\t<meta name=\"twitter:data1\" content=\"1 \u0445\u0432\u0438\u043b\u0438\u043d\u0430\" \/>\n<script type=\"application\/ld+json\" class=\"yoast-schema-graph\">{\"@context\":\"https:\/\/schema.org\",\"@graph\":[{\"@type\":\"Article\",\"@id\":\"http:\/\/denizcankizil.tr\/uk\/haberler\/gundem\/baskan-tugaydan-iklim-krizine-karsi-vites-yukseltelim-mesaji\/#article\",\"isPartOf\":{\"@id\":\"http:\/\/denizcankizil.tr\/uk\/haberler\/gundem\/baskan-tugaydan-iklim-krizine-karsi-vites-yukseltelim-mesaji\/\"},\"author\":{\"name\":\"\",\"@id\":\"\"},\"headline\":\"Ba\u015fkan Tugay\u2019dan iklim krizine kar\u015f\u0131 \u201cvites y\u00fckseltelim\u201d mesaj\u0131\",\"datePublished\":\"2024-12-25T20:41:42+00:00\",\"mainEntityOfPage\":{\"@id\":\"http:\/\/denizcankizil.tr\/uk\/haberler\/gundem\/baskan-tugaydan-iklim-krizine-karsi-vites-yukseltelim-mesaji\/\"},\"wordCount\":197,\"commentCount\":0,\"publisher\":{\"@id\":\"https:\/\/denizcankizil.tr\/de\/#organization\"},\"articleSection\":[\"G\u00fcndem\",\"Uncategorized\"],\"inLanguage\":\"uk\",\"potentialAction\":[{\"@type\":\"CommentAction\",\"name\":\"Comment\",\"target\":[\"http:\/\/denizcankizil.tr\/uk\/haberler\/gundem\/baskan-tugaydan-iklim-krizine-karsi-vites-yukseltelim-mesaji\/#respond\"]}]},{\"@type\":\"WebPage\",\"@id\":\"http:\/\/denizcankizil.tr\/uk\/haberler\/gundem\/baskan-tugaydan-iklim-krizine-karsi-vites-yukseltelim-mesaji\/\",\"url\":\"http:\/\/denizcankizil.tr\/uk\/haberler\/gundem\/baskan-tugaydan-iklim-krizine-karsi-vites-yukseltelim-mesaji\/\",\"name\":\"Ba\u015fkan Tugay\u2019dan iklim krizine kar\u015f\u0131 \u201cvites y\u00fckseltelim\u201d mesaj\u0131 - Av. Deniz Can K\u0131z\u0131l\",\"isPartOf\":{\"@id\":\"https:\/\/denizcankizil.tr\/de\/#website\"},\"datePublished\":\"2024-12-25T20:41:42+00:00\",\"breadcrumb\":{\"@id\":\"http:\/\/denizcankizil.tr\/uk\/haberler\/gundem\/baskan-tugaydan-iklim-krizine-karsi-vites-yukseltelim-mesaji\/#breadcrumb\"},\"inLanguage\":\"uk\",\"potentialAction\":[{\"@type\":\"ReadAction\",\"target\":[\"http:\/\/denizcankizil.tr\/uk\/haberler\/gundem\/baskan-tugaydan-iklim-krizine-karsi-vites-yukseltelim-mesaji\/\"]}]},{\"@type\":\"BreadcrumbList\",\"@id\":\"http:\/\/denizcankizil.tr\/uk\/haberler\/gundem\/baskan-tugaydan-iklim-krizine-karsi-vites-yukseltelim-mesaji\/#breadcrumb\",\"itemListElement\":[{\"@type\":\"ListItem\",\"position\":1,\"name\":\"Home\",\"item\":\"https:\/\/denizcankizil.tr\/de\/\"},{\"@type\":\"ListItem\",\"position\":2,\"name\":\"Ba\u015fkan Tugay\u2019dan iklim krizine kar\u015f\u0131 \u201cvites y\u00fckseltelim\u201d mesaj\u0131\"}]},{\"@type\":\"WebSite\",\"@id\":\"https:\/\/denizcankizil.tr\/de\/#website\",\"url\":\"https:\/\/denizcankizil.tr\/de\/\",\"name\":\"Av. Deniz Can K\u0131z\u0131l\",\"description\":\"Avukat Deniz Can K\u0131z\u0131l Antalya Barosu\",\"publisher\":{\"@id\":\"https:\/\/denizcankizil.tr\/de\/#organization\"},\"potentialAction\":[{\"@type\":\"SearchAction\",\"target\":{\"@type\":\"EntryPoint\",\"urlTemplate\":\"https:\/\/denizcankizil.tr\/de\/?s={search_term_string}\"},\"query-input\":{\"@type\":\"PropertyValueSpecification\",\"valueRequired\":true,\"valueName\":\"search_term_string\"}}],\"inLanguage\":\"uk\"},{\"@type\":\"Organization\",\"@id\":\"https:\/\/denizcankizil.tr\/de\/#organization\",\"name\":\"Av. Deniz Can K\u0131z\u0131l\",\"url\":\"https:\/\/denizcankizil.tr\/de\/\",\"logo\":{\"@type\":\"ImageObject\",\"inLanguage\":\"uk\",\"@id\":\"https:\/\/denizcankizil.tr\/de\/#\/schema\/logo\/image\/\",\"url\":\"http:\/\/denizcankizil.tr\/wp-content\/uploads\/2024\/10\/siyah-logo-svg.svg\",\"contentUrl\":\"http:\/\/denizcankizil.tr\/wp-content\/uploads\/2024\/10\/siyah-logo-svg.svg\",\"width\":1080,\"height\":1080,\"caption\":\"Av. Deniz Can K\u0131z\u0131l\"},\"image\":{\"@id\":\"https:\/\/denizcankizil.tr\/de\/#\/schema\/logo\/image\/\"}}]}<\/script>\n<!-- \/ Yoast SEO Premium plugin. -->","yoast_head_json":{"title":"Ba\u015fkan Tugay\u2019dan iklim krizine kar\u015f\u0131 \u201cvites y\u00fckseltelim\u201d mesaj\u0131 - Av. Deniz Can K\u0131z\u0131l","robots":{"index":"index","follow":"follow","max-snippet":"max-snippet:-1","max-image-preview":"max-image-preview:large","max-video-preview":"max-video-preview:-1"},"canonical":"http:\/\/denizcankizil.tr\/uk\/haberler\/gundem\/baskan-tugaydan-iklim-krizine-karsi-vites-yukseltelim-mesaji\/","og_locale":"uk_UA","og_type":"article","og_title":"Ba\u015fkan Tugay\u2019dan iklim krizine kar\u015f\u0131 \u201cvites y\u00fckseltelim\u201d mesaj\u0131","og_description":"Bursa Osmangazi Belediyesi\u2019nin T\u00fcrkiye Sa\u011fl\u0131kl\u0131 Kentler Birli\u011fi i\u015f birli\u011fi ile d\u00fczenledi\u011fi Kent ve \u0130klim Paneli&#8217;nde konu\u015fan T\u00fcrkiye Sa\u011fl\u0131kl\u0131 Kentler Birli\u011fi Ba\u015fkan\u0131 ve \u0130zmir B\u00fcy\u00fck\u015fehir Belediye Ba\u015fkan\u0131 Dr. Cemil Tugay, iklim krizi ile ilgili \u00e7al\u0131\u015fmalarda vites y\u00fckselteceklerini s\u00f6yledi. Ba\u015fkan Tugay, T\u00fcrkiye Sa\u011fl\u0131kl\u0131 Kentler Birli\u011fi\u2019ni iyile\u015fme i\u00e7in \u00e7ok etkili ad\u0131mlar atan bir yap\u0131 haline getirmeyi ama\u00e7lad\u0131klar\u0131n\u0131 belirtti. \u200bBursa Osmangazi Belediyesi\u2019nin T\u00fcrkiye Sa\u011fl\u0131kl\u0131 Kentler Birli\u011fi i\u015f birli\u011fi ile d\u00fczenledi\u011fi Kent ve \u0130klim Paneli&#8217;nde konu\u015fan T\u00fcrkiye Sa\u011fl\u0131kl\u0131 Kentler Birli\u011fi Ba\u015fkan\u0131 ve \u0130zmir B\u00fcy\u00fck\u015fehir Belediye Ba\u015fkan\u0131 Dr. Cemil Tugay, iklim krizi ile ilgili \u00e7al\u0131\u015fmalarda vites y\u00fckselteceklerini s\u00f6yledi. Ba\u015fkan Tugay, T\u00fcrkiye Sa\u011fl\u0131kl\u0131 Kentler Birli\u011fi\u2019ni iyile\u015fme i\u00e7in \u00e7ok etkili ad\u0131mlar atan bir yap\u0131 haline getirmeyi ama\u00e7lad\u0131klar\u0131n\u0131 belirtti.\u00a0 \u200bHaberin Al\u0131nt\u0131land\u0131\u011f\u0131 Kaynak: www.iskenderun.org","og_url":"http:\/\/denizcankizil.tr\/uk\/haberler\/gundem\/baskan-tugaydan-iklim-krizine-karsi-vites-yukseltelim-mesaji\/","og_site_name":"Av. Deniz Can K\u0131z\u0131l","article_published_time":"2024-12-25T20:41:42+00:00","twitter_card":"summary_large_image","twitter_misc":{"\u041f\u0440\u0438\u0431\u043b. \u0447\u0430\u0441 \u0447\u0438\u0442\u0430\u043d\u043d\u044f":"1 \u0445\u0432\u0438\u043b\u0438\u043d\u0430"},"schema":{"@context":"https:\/\/schema.org","@graph":[{"@type":"Article","@id":"http:\/\/denizcankizil.tr\/uk\/haberler\/gundem\/baskan-tugaydan-iklim-krizine-karsi-vites-yukseltelim-mesaji\/#article","isPartOf":{"@id":"http:\/\/denizcankizil.tr\/uk\/haberler\/gundem\/baskan-tugaydan-iklim-krizine-karsi-vites-yukseltelim-mesaji\/"},"author":{"name":"","@id":""},"headline":"Ba\u015fkan Tugay\u2019dan iklim krizine kar\u015f\u0131 \u201cvites y\u00fckseltelim\u201d mesaj\u0131","datePublished":"2024-12-25T20:41:42+00:00","mainEntityOfPage":{"@id":"http:\/\/denizcankizil.tr\/uk\/haberler\/gundem\/baskan-tugaydan-iklim-krizine-karsi-vites-yukseltelim-mesaji\/"},"wordCount":197,"commentCount":0,"publisher":{"@id":"https:\/\/denizcankizil.tr\/de\/#organization"},"articleSection":["G\u00fcndem","Uncategorized"],"inLanguage":"uk","potentialAction":[{"@type":"CommentAction","name":"Comment","target":["http:\/\/denizcankizil.tr\/uk\/haberler\/gundem\/baskan-tugaydan-iklim-krizine-karsi-vites-yukseltelim-mesaji\/#respond"]}]},{"@type":"WebPage","@id":"http:\/\/denizcankizil.tr\/uk\/haberler\/gundem\/baskan-tugaydan-iklim-krizine-karsi-vites-yukseltelim-mesaji\/","url":"http:\/\/denizcankizil.tr\/uk\/haberler\/gundem\/baskan-tugaydan-iklim-krizine-karsi-vites-yukseltelim-mesaji\/","name":"Ba\u015fkan Tugay\u2019dan iklim krizine kar\u015f\u0131 \u201cvites y\u00fckseltelim\u201d mesaj\u0131 - Av. Deniz Can K\u0131z\u0131l","isPartOf":{"@id":"https:\/\/denizcankizil.tr\/de\/#website"},"datePublished":"2024-12-25T20:41:42+00:00","breadcrumb":{"@id":"http:\/\/denizcankizil.tr\/uk\/haberler\/gundem\/baskan-tugaydan-iklim-krizine-karsi-vites-yukseltelim-mesaji\/#breadcrumb"},"inLanguage":"uk","potentialAction":[{"@type":"ReadAction","target":["http:\/\/denizcankizil.tr\/uk\/haberler\/gundem\/baskan-tugaydan-iklim-krizine-karsi-vites-yukseltelim-mesaji\/"]}]},{"@type":"BreadcrumbList","@id":"http:\/\/denizcankizil.tr\/uk\/haberler\/gundem\/baskan-tugaydan-iklim-krizine-karsi-vites-yukseltelim-mesaji\/#breadcrumb","itemListElement":[{"@type":"ListItem","position":1,"name":"Home","item":"https:\/\/denizcankizil.tr\/de\/"},{"@type":"ListItem","position":2,"name":"Ba\u015fkan Tugay\u2019dan iklim krizine kar\u015f\u0131 \u201cvites y\u00fckseltelim\u201d mesaj\u0131"}]},{"@type":"WebSite","@id":"https:\/\/denizcankizil.tr\/de\/#website","url":"https:\/\/denizcankizil.tr\/de\/","name":"Av. Deniz Can K\u0131z\u0131l","description":"Avukat Deniz Can K\u0131z\u0131l Antalya Barosu","publisher":{"@id":"https:\/\/denizcankizil.tr\/de\/#organization"},"potentialAction":[{"@type":"SearchAction","target":{"@type":"EntryPoint","urlTemplate":"https:\/\/denizcankizil.tr\/de\/?s={search_term_string}"},"query-input":{"@type":"PropertyValueSpecification","valueRequired":true,"valueName":"search_term_string"}}],"inLanguage":"uk"},{"@type":"Organization","@id":"https:\/\/denizcankizil.tr\/de\/#organization","name":"Av. Deniz Can K\u0131z\u0131l","url":"https:\/\/denizcankizil.tr\/de\/","logo":{"@type":"ImageObject","inLanguage":"uk","@id":"https:\/\/denizcankizil.tr\/de\/#\/schema\/logo\/image\/","url":"http:\/\/denizcankizil.tr\/wp-content\/uploads\/2024\/10\/siyah-logo-svg.svg","contentUrl":"http:\/\/denizcankizil.tr\/wp-content\/uploads\/2024\/10\/siyah-logo-svg.svg","width":1080,"height":1080,"caption":"Av. Deniz Can K\u0131z\u0131l"},"image":{"@id":"https:\/\/denizcankizil.tr\/de\/#\/schema\/logo\/image\/"}}]}},"_links":{"self":[{"href":"http:\/\/denizcankizil.tr\/uk\/wp-json\/wp\/v2\/posts\/22271","targetHints":{"allow":["GET"]}}],"collection":[{"href":"http:\/\/denizcankizil.tr\/uk\/wp-json\/wp\/v2\/posts"}],"about":[{"href":"http:\/\/denizcankizil.tr\/uk\/wp-json\/wp\/v2\/types\/post"}],"replies":[{"embeddable":true,"href":"http:\/\/denizcankizil.tr\/uk\/wp-json\/wp\/v2\/comments?post=22271"}],"version-history":[{"count":0,"href":"http:\/\/denizcankizil.tr\/uk\/wp-json\/wp\/v2\/posts\/22271\/revisions"}],"wp:attachment":[{"href":"http:\/\/denizcankizil.tr\/uk\/wp-json\/wp\/v2\/media?parent=22271"}],"wp:term":[{"taxonomy":"category","embeddable":true,"href":"http:\/\/denizcankizil.tr\/uk\/wp-json\/wp\/v2\/categories?post=22271"},{"taxonomy":"post_tag","embeddable":true,"href":"http:\/\/denizcankizil.tr\/uk\/wp-json\/wp\/v2\/tags?post=22271"}],"curies":[{"name":"wp","href":"https:\/\/api.w.org\/{rel}","templated":true}]}}