{"id":21830,"date":"2024-12-23T10:41:34","date_gmt":"2024-12-23T07:41:34","guid":{"rendered":"https:\/\/denizcankizil.tr\/uncategorized-tr\/edirne-kesanda-tartismayi-ayirirken-kalp-krizi-gecirdi-vefat-etti\/"},"modified":"2024-12-23T10:41:34","modified_gmt":"2024-12-23T07:41:34","slug":"edirne-kesanda-tartismayi-ayirirken-kalp-krizi-gecirdi-vefat-etti","status":"publish","type":"post","link":"http:\/\/denizcankizil.tr\/uk\/haberler\/gundem\/edirne-kesanda-tartismayi-ayirirken-kalp-krizi-gecirdi-vefat-etti\/","title":{"rendered":"Edirne Ke\u015fan&#8217;da tart\u0131\u015fmay\u0131 ay\u0131r\u0131rken kalp krizi ge\u00e7irdi, vefat etti"},"content":{"rendered":"<p>Edirne&#8217;nin Ke\u015fan il\u00e7esinde ya\u015fanan \u00fcz\u00fcc\u00fc olayda, tart\u0131\u015fmaya m\u00fcdahale eden i\u015fletme sahibi CHP Ke\u015fan \u0130l\u00e7e Y\u00f6netim Kurulu \u00dcyesi Hamit Binbay, kalp krizi ge\u00e7irerek hayat\u0131n\u0131 kaybetti.Erdo\u011fan DEM\u0130R \/ ED\u0130RNE (\u0130GFA) &#8211; Edirne Ke\u015fan&#8217;da ya\u015fanan \u00fcz\u00fcc\u00fc olayda, bir restoranda \u00e7\u0131kan tart\u0131\u015fmaya m\u00fcdahale eden i\u015fletme sahibi ve CHP Ke\u015fan \u0130l\u00e7e Y\u00f6netim Kurulu \u00dcyesi Hamit Binbay kalp krizi ge\u00e7irdi.<br \/>\nAl\u0131nan bilgiye g\u00f6re olay, saat 22.30 s\u0131ralar\u0131nda \u0130spat Cami Mahallesi&#8217;nde bulunan bir restoranda meydana geldi.<br \/>\nHen\u00fcz bilinmeyen nedenle ba\u015flayan tart\u0131\u015fma, k\u0131sa s\u00fcrede b\u00fcy\u00fcyerek kavgaya d\u00f6n\u00fc\u015ft\u00fc. Durumu kontrol alt\u0131na almak isteyen i\u015fletme sahibi Hamit Binbay, taraflar\u0131 ay\u0131rmak i\u00e7in araya girdi\u011fi s\u0131rada fenala\u015farak yere y\u0131\u011f\u0131ld\u0131. Olay yerine \u00e7a\u011fr\u0131lan sa\u011fl\u0131k ekipleri, Binbay&#8217;a yapt\u0131\u011f\u0131 m\u00fcdahalenin ard\u0131ndan hemen Ke\u015fan Devlet Hastanesi&#8217;ne kald\u0131r\u0131l\u0131rken, Binbay, t\u00fcm m\u00fcdahalelere ra\u011fmen kurtar\u0131lamad\u0131.<br \/>\nEvli ve 2 \u00e7ocuk babas\u0131 olan Hamit Binbay&#8217;\u0131n \u00f6l\u00fcm\u00fc, \u00e7evresinde b\u00fcy\u00fck \u00fcz\u00fcnt\u00fcye neden oldu.<br \/>\nBu arada tart\u0131\u015fmaya kar\u0131\u015fan m\u00fc\u015fteriler ise ifadeleri al\u0131nmak \u00fczere emniyete g\u00f6t\u00fcr\u00fcld\u00fc.<br \/>\nOlayla ilgili soru\u015fturma devam ediyor.<\/p>\n<p>\u200bEdirne&#8217;nin Ke\u015fan il\u00e7esinde ya\u015fanan \u00fcz\u00fcc\u00fc olayda, tart\u0131\u015fmaya m\u00fcdahale eden i\u015fletme sahibi CHP Ke\u015fan \u0130l\u00e7e Y\u00f6netim Kurulu \u00dcyesi Hamit Binbay, kalp krizi ge\u00e7irerek hayat\u0131n\u0131 kaybetti.Erdo\u011fan DEM\u0130R \/ ED\u0130RNE (\u0130GFA) &#8211; Edirne Ke\u015fan&#8217;da ya\u015fanan \u00fcz\u00fcc\u00fc olayda, bir restoranda \u00e7\u0131kan tart\u0131\u015fmaya m\u00fcdahale eden i\u015fletme sahibi ve CHP Ke\u015fan \u0130l\u00e7e Y\u00f6netim Kurulu \u00dcyesi Hamit Binbay kalp krizi ge\u00e7irdi.<br \/>\nAl\u0131nan bilgiye g\u00f6re olay, saat 22.30 s\u0131ralar\u0131nda \u0130spat Cami Mahallesi&#8217;nde bulunan bir restoranda meydana geldi.<br \/>\nHen\u00fcz bilinmeyen nedenle ba\u015flayan tart\u0131\u015fma, k\u0131sa s\u00fcrede b\u00fcy\u00fcyerek kavgaya d\u00f6n\u00fc\u015ft\u00fc. Durumu kontrol alt\u0131na almak isteyen i\u015fletme sahibi Hamit Binbay, taraflar\u0131 ay\u0131rmak i\u00e7in araya girdi\u011fi s\u0131rada fenala\u015farak yere y\u0131\u011f\u0131ld\u0131. Olay yerine \u00e7a\u011fr\u0131lan sa\u011fl\u0131k ekipleri, Binbay&#8217;a yapt\u0131\u011f\u0131 m\u00fcdahalenin ard\u0131ndan hemen Ke\u015fan Devlet Hastanesi&#8217;ne kald\u0131r\u0131l\u0131rken, Binbay, t\u00fcm m\u00fcdahalelere ra\u011fmen kurtar\u0131lamad\u0131.<br \/>\nEvli ve 2 \u00e7ocuk babas\u0131 olan Hamit Binbay&#8217;\u0131n \u00f6l\u00fcm\u00fc, \u00e7evresinde b\u00fcy\u00fck \u00fcz\u00fcnt\u00fcye neden oldu.<br \/>\nBu arada tart\u0131\u015fmaya kar\u0131\u015fan m\u00fc\u015fteriler ise ifadeleri al\u0131nmak \u00fczere emniyete g\u00f6t\u00fcr\u00fcld\u00fc.<br \/>\nOlayla ilgili soru\u015fturma devam ediyor.\u00a0<\/p>\n<p>\u200bHaberin Al\u0131nt\u0131land\u0131\u011f\u0131 Kaynak: www.iskenderun.org<\/p>","protected":false},"excerpt":{"rendered":"<p>Edirne&#8217;nin Ke\u015fan il\u00e7esinde ya\u015fanan \u00fcz\u00fcc\u00fc olayda, tart\u0131\u015fmaya m\u00fcdahale eden i\u015fletme sahibi CHP Ke\u015fan \u0130l\u00e7e Y\u00f6netim Kurulu \u00dcyesi Hamit Binbay, kalp krizi ge\u00e7irerek hayat\u0131n\u0131 kaybetti.Erdo\u011fan DEM\u0130R \/ ED\u0130RNE (\u0130GFA) &#8211; Edirne Ke\u015fan&#8217;da ya\u015fanan \u00fcz\u00fcc\u00fc olayda, bir restoranda \u00e7\u0131kan tart\u0131\u015fmaya m\u00fcdahale eden i\u015fletme sahibi ve CHP Ke\u015fan \u0130l\u00e7e Y\u00f6netim Kurulu \u00dcyesi Hamit Binbay kalp krizi ge\u00e7irdi. Al\u0131nan bilgiye g\u00f6re olay, saat 22.30 s\u0131ralar\u0131nda \u0130spat Cami Mahallesi&#8217;nde bulunan bir restoranda meydana geldi. Hen\u00fcz bilinmeyen nedenle ba\u015flayan tart\u0131\u015fma, k\u0131sa s\u00fcrede b\u00fcy\u00fcyerek kavgaya d\u00f6n\u00fc\u015ft\u00fc. Durumu kontrol alt\u0131na almak isteyen i\u015fletme sahibi Hamit Binbay, taraflar\u0131 ay\u0131rmak i\u00e7in araya girdi\u011fi s\u0131rada fenala\u015farak yere y\u0131\u011f\u0131ld\u0131. Olay yerine \u00e7a\u011fr\u0131lan sa\u011fl\u0131k ekipleri, Binbay&#8217;a yapt\u0131\u011f\u0131 m\u00fcdahalenin ard\u0131ndan hemen Ke\u015fan Devlet Hastanesi&#8217;ne kald\u0131r\u0131l\u0131rken, Binbay, t\u00fcm m\u00fcdahalelere ra\u011fmen kurtar\u0131lamad\u0131. Evli ve 2 \u00e7ocuk babas\u0131 olan Hamit Binbay&#8217;\u0131n \u00f6l\u00fcm\u00fc, \u00e7evresinde b\u00fcy\u00fck \u00fcz\u00fcnt\u00fcye neden oldu. Bu arada tart\u0131\u015fmaya kar\u0131\u015fan m\u00fc\u015fteriler ise ifadeleri al\u0131nmak \u00fczere emniyete g\u00f6t\u00fcr\u00fcld\u00fc. Olayla ilgili soru\u015fturma devam ediyor. \u200bEdirne&#8217;nin Ke\u015fan il\u00e7esinde ya\u015fanan \u00fcz\u00fcc\u00fc olayda, tart\u0131\u015fmaya m\u00fcdahale eden i\u015fletme sahibi CHP Ke\u015fan \u0130l\u00e7e Y\u00f6netim Kurulu \u00dcyesi Hamit Binbay, kalp krizi ge\u00e7irerek hayat\u0131n\u0131 kaybetti.Erdo\u011fan DEM\u0130R \/ ED\u0130RNE (\u0130GFA) &#8211; Edirne Ke\u015fan&#8217;da ya\u015fanan \u00fcz\u00fcc\u00fc olayda, bir restoranda \u00e7\u0131kan tart\u0131\u015fmaya m\u00fcdahale eden i\u015fletme sahibi ve CHP Ke\u015fan \u0130l\u00e7e Y\u00f6netim Kurulu \u00dcyesi Hamit Binbay kalp krizi ge\u00e7irdi. &hellip;<\/p>","protected":false},"author":0,"featured_media":0,"comment_status":"open","ping_status":"open","sticky":false,"template":"","format":"standard","meta":{"_acf_changed":false,"footnotes":""},"categories":[24,535],"tags":[],"class_list":["post-21830","post","type-post","status-publish","format-standard","has-post-thumbnail","hentry","category-gundem","category-uncategorized-tr"],"acf":[],"yoast_head":"<!-- This site is optimized with the Yoast SEO Premium plugin v26.6 (Yoast SEO v27.1.1) - https:\/\/yoast.com\/product\/yoast-seo-premium-wordpress\/ -->\n<title>Edirne Ke\u015fan&#039;da tart\u0131\u015fmay\u0131 ay\u0131r\u0131rken kalp krizi ge\u00e7irdi, vefat etti - Av. Deniz Can K\u0131z\u0131l<\/title>\n<meta name=\"robots\" content=\"index, follow, max-snippet:-1, max-image-preview:large, max-video-preview:-1\" \/>\n<link rel=\"canonical\" href=\"https:\/\/denizcankizil.tr\/uk\/haberler\/gundem\/edirne-kesanda-tartismayi-ayirirken-kalp-krizi-gecirdi-vefat-etti\/\" \/>\n<meta property=\"og:locale\" content=\"uk_UA\" \/>\n<meta property=\"og:type\" content=\"article\" \/>\n<meta property=\"og:title\" content=\"Edirne Ke\u015fan&#039;da tart\u0131\u015fmay\u0131 ay\u0131r\u0131rken kalp krizi ge\u00e7irdi, vefat etti\" \/>\n<meta property=\"og:description\" content=\"Edirne&#8217;nin Ke\u015fan il\u00e7esinde ya\u015fanan \u00fcz\u00fcc\u00fc olayda, tart\u0131\u015fmaya m\u00fcdahale eden i\u015fletme sahibi CHP Ke\u015fan \u0130l\u00e7e Y\u00f6netim Kurulu \u00dcyesi Hamit Binbay, kalp krizi ge\u00e7irerek hayat\u0131n\u0131 kaybetti.Erdo\u011fan DEM\u0130R \/ ED\u0130RNE (\u0130GFA) &#8211; Edirne Ke\u015fan&#8217;da ya\u015fanan \u00fcz\u00fcc\u00fc olayda, bir restoranda \u00e7\u0131kan tart\u0131\u015fmaya m\u00fcdahale eden i\u015fletme sahibi ve CHP Ke\u015fan \u0130l\u00e7e Y\u00f6netim Kurulu \u00dcyesi Hamit Binbay kalp krizi ge\u00e7irdi. Al\u0131nan bilgiye g\u00f6re olay, saat 22.30 s\u0131ralar\u0131nda \u0130spat Cami Mahallesi&#8217;nde bulunan bir restoranda meydana geldi. Hen\u00fcz bilinmeyen nedenle ba\u015flayan tart\u0131\u015fma, k\u0131sa s\u00fcrede b\u00fcy\u00fcyerek kavgaya d\u00f6n\u00fc\u015ft\u00fc. Durumu kontrol alt\u0131na almak isteyen i\u015fletme sahibi Hamit Binbay, taraflar\u0131 ay\u0131rmak i\u00e7in araya girdi\u011fi s\u0131rada fenala\u015farak yere y\u0131\u011f\u0131ld\u0131. Olay yerine \u00e7a\u011fr\u0131lan sa\u011fl\u0131k ekipleri, Binbay&#8217;a yapt\u0131\u011f\u0131 m\u00fcdahalenin ard\u0131ndan hemen Ke\u015fan Devlet Hastanesi&#8217;ne kald\u0131r\u0131l\u0131rken, Binbay, t\u00fcm m\u00fcdahalelere ra\u011fmen kurtar\u0131lamad\u0131. Evli ve 2 \u00e7ocuk babas\u0131 olan Hamit Binbay&#8217;\u0131n \u00f6l\u00fcm\u00fc, \u00e7evresinde b\u00fcy\u00fck \u00fcz\u00fcnt\u00fcye neden oldu. Bu arada tart\u0131\u015fmaya kar\u0131\u015fan m\u00fc\u015fteriler ise ifadeleri al\u0131nmak \u00fczere emniyete g\u00f6t\u00fcr\u00fcld\u00fc. Olayla ilgili soru\u015fturma devam ediyor. \u200bEdirne&#8217;nin Ke\u015fan il\u00e7esinde ya\u015fanan \u00fcz\u00fcc\u00fc olayda, tart\u0131\u015fmaya m\u00fcdahale eden i\u015fletme sahibi CHP Ke\u015fan \u0130l\u00e7e Y\u00f6netim Kurulu \u00dcyesi Hamit Binbay, kalp krizi ge\u00e7irerek hayat\u0131n\u0131 kaybetti.Erdo\u011fan DEM\u0130R \/ ED\u0130RNE (\u0130GFA) &#8211; Edirne Ke\u015fan&#8217;da ya\u015fanan \u00fcz\u00fcc\u00fc olayda, bir restoranda \u00e7\u0131kan tart\u0131\u015fmaya m\u00fcdahale eden i\u015fletme sahibi ve CHP Ke\u015fan \u0130l\u00e7e Y\u00f6netim Kurulu \u00dcyesi Hamit Binbay kalp krizi ge\u00e7irdi. &hellip;\" \/>\n<meta property=\"og:url\" content=\"https:\/\/denizcankizil.tr\/uk\/haberler\/gundem\/edirne-kesanda-tartismayi-ayirirken-kalp-krizi-gecirdi-vefat-etti\/\" \/>\n<meta property=\"og:site_name\" content=\"Av. Deniz Can K\u0131z\u0131l\" \/>\n<meta property=\"article:published_time\" content=\"2024-12-23T07:41:34+00:00\" \/>\n<meta name=\"twitter:card\" content=\"summary_large_image\" \/>\n<meta name=\"twitter:label1\" content=\"\u041f\u0440\u0438\u0431\u043b. \u0447\u0430\u0441 \u0447\u0438\u0442\u0430\u043d\u043d\u044f\" \/>\n\t<meta name=\"twitter:data1\" content=\"2 \u0445\u0432\u0438\u043b\u0438\u043d\u0438\" \/>\n<script type=\"application\/ld+json\" class=\"yoast-schema-graph\">{\"@context\":\"https:\/\/schema.org\",\"@graph\":[{\"@type\":\"Article\",\"@id\":\"https:\/\/denizcankizil.tr\/ru\/haberler\/gundem\/edirne-kesanda-tartismayi-ayirirken-kalp-krizi-gecirdi-vefat-etti\/#article\",\"isPartOf\":{\"@id\":\"https:\/\/denizcankizil.tr\/ru\/haberler\/gundem\/edirne-kesanda-tartismayi-ayirirken-kalp-krizi-gecirdi-vefat-etti\/\"},\"author\":{\"name\":\"\",\"@id\":\"\"},\"headline\":\"Edirne Ke\u015fan&#8217;da tart\u0131\u015fmay\u0131 ay\u0131r\u0131rken kalp krizi ge\u00e7irdi, vefat etti\",\"datePublished\":\"2024-12-23T07:41:34+00:00\",\"mainEntityOfPage\":{\"@id\":\"https:\/\/denizcankizil.tr\/ru\/haberler\/gundem\/edirne-kesanda-tartismayi-ayirirken-kalp-krizi-gecirdi-vefat-etti\/\"},\"wordCount\":469,\"commentCount\":0,\"publisher\":{\"@id\":\"https:\/\/denizcankizil.tr\/de\/#organization\"},\"articleSection\":[\"G\u00fcndem\",\"Uncategorized\"],\"inLanguage\":\"uk\",\"potentialAction\":[{\"@type\":\"CommentAction\",\"name\":\"Comment\",\"target\":[\"https:\/\/denizcankizil.tr\/ru\/haberler\/gundem\/edirne-kesanda-tartismayi-ayirirken-kalp-krizi-gecirdi-vefat-etti\/#respond\"]}]},{\"@type\":\"WebPage\",\"@id\":\"https:\/\/denizcankizil.tr\/ru\/haberler\/gundem\/edirne-kesanda-tartismayi-ayirirken-kalp-krizi-gecirdi-vefat-etti\/\",\"url\":\"https:\/\/denizcankizil.tr\/ru\/haberler\/gundem\/edirne-kesanda-tartismayi-ayirirken-kalp-krizi-gecirdi-vefat-etti\/\",\"name\":\"Edirne Ke\u015fan'da tart\u0131\u015fmay\u0131 ay\u0131r\u0131rken kalp krizi ge\u00e7irdi, vefat etti - Av. Deniz Can K\u0131z\u0131l\",\"isPartOf\":{\"@id\":\"https:\/\/denizcankizil.tr\/de\/#website\"},\"datePublished\":\"2024-12-23T07:41:34+00:00\",\"breadcrumb\":{\"@id\":\"https:\/\/denizcankizil.tr\/ru\/haberler\/gundem\/edirne-kesanda-tartismayi-ayirirken-kalp-krizi-gecirdi-vefat-etti\/#breadcrumb\"},\"inLanguage\":\"uk\",\"potentialAction\":[{\"@type\":\"ReadAction\",\"target\":[\"https:\/\/denizcankizil.tr\/ru\/haberler\/gundem\/edirne-kesanda-tartismayi-ayirirken-kalp-krizi-gecirdi-vefat-etti\/\"]}]},{\"@type\":\"BreadcrumbList\",\"@id\":\"https:\/\/denizcankizil.tr\/ru\/haberler\/gundem\/edirne-kesanda-tartismayi-ayirirken-kalp-krizi-gecirdi-vefat-etti\/#breadcrumb\",\"itemListElement\":[{\"@type\":\"ListItem\",\"position\":1,\"name\":\"Home\",\"item\":\"https:\/\/denizcankizil.tr\/de\/\"},{\"@type\":\"ListItem\",\"position\":2,\"name\":\"Edirne Ke\u015fan&#8217;da tart\u0131\u015fmay\u0131 ay\u0131r\u0131rken kalp krizi ge\u00e7irdi, vefat etti\"}]},{\"@type\":\"WebSite\",\"@id\":\"https:\/\/denizcankizil.tr\/de\/#website\",\"url\":\"https:\/\/denizcankizil.tr\/de\/\",\"name\":\"Av. Deniz Can K\u0131z\u0131l\",\"description\":\"Avukat Deniz Can K\u0131z\u0131l Antalya Barosu\",\"publisher\":{\"@id\":\"https:\/\/denizcankizil.tr\/de\/#organization\"},\"potentialAction\":[{\"@type\":\"SearchAction\",\"target\":{\"@type\":\"EntryPoint\",\"urlTemplate\":\"https:\/\/denizcankizil.tr\/de\/?s={search_term_string}\"},\"query-input\":{\"@type\":\"PropertyValueSpecification\",\"valueRequired\":true,\"valueName\":\"search_term_string\"}}],\"inLanguage\":\"uk\"},{\"@type\":\"Organization\",\"@id\":\"https:\/\/denizcankizil.tr\/de\/#organization\",\"name\":\"Av. Deniz Can K\u0131z\u0131l\",\"url\":\"https:\/\/denizcankizil.tr\/de\/\",\"logo\":{\"@type\":\"ImageObject\",\"inLanguage\":\"uk\",\"@id\":\"https:\/\/denizcankizil.tr\/de\/#\/schema\/logo\/image\/\",\"url\":\"http:\/\/denizcankizil.tr\/wp-content\/uploads\/2024\/10\/siyah-logo-svg.svg\",\"contentUrl\":\"http:\/\/denizcankizil.tr\/wp-content\/uploads\/2024\/10\/siyah-logo-svg.svg\",\"width\":1080,\"height\":1080,\"caption\":\"Av. Deniz Can K\u0131z\u0131l\"},\"image\":{\"@id\":\"https:\/\/denizcankizil.tr\/de\/#\/schema\/logo\/image\/\"}}]}<\/script>\n<!-- \/ Yoast SEO Premium plugin. -->","yoast_head_json":{"title":"Edirne Ke\u015fan'da tart\u0131\u015fmay\u0131 ay\u0131r\u0131rken kalp krizi ge\u00e7irdi, vefat etti - Av. Deniz Can K\u0131z\u0131l","robots":{"index":"index","follow":"follow","max-snippet":"max-snippet:-1","max-image-preview":"max-image-preview:large","max-video-preview":"max-video-preview:-1"},"canonical":"https:\/\/denizcankizil.tr\/uk\/haberler\/gundem\/edirne-kesanda-tartismayi-ayirirken-kalp-krizi-gecirdi-vefat-etti\/","og_locale":"uk_UA","og_type":"article","og_title":"Edirne Ke\u015fan'da tart\u0131\u015fmay\u0131 ay\u0131r\u0131rken kalp krizi ge\u00e7irdi, vefat etti","og_description":"Edirne&#8217;nin Ke\u015fan il\u00e7esinde ya\u015fanan \u00fcz\u00fcc\u00fc olayda, tart\u0131\u015fmaya m\u00fcdahale eden i\u015fletme sahibi CHP Ke\u015fan \u0130l\u00e7e Y\u00f6netim Kurulu \u00dcyesi Hamit Binbay, kalp krizi ge\u00e7irerek hayat\u0131n\u0131 kaybetti.Erdo\u011fan DEM\u0130R \/ ED\u0130RNE (\u0130GFA) &#8211; Edirne Ke\u015fan&#8217;da ya\u015fanan \u00fcz\u00fcc\u00fc olayda, bir restoranda \u00e7\u0131kan tart\u0131\u015fmaya m\u00fcdahale eden i\u015fletme sahibi ve CHP Ke\u015fan \u0130l\u00e7e Y\u00f6netim Kurulu \u00dcyesi Hamit Binbay kalp krizi ge\u00e7irdi. Al\u0131nan bilgiye g\u00f6re olay, saat 22.30 s\u0131ralar\u0131nda \u0130spat Cami Mahallesi&#8217;nde bulunan bir restoranda meydana geldi. Hen\u00fcz bilinmeyen nedenle ba\u015flayan tart\u0131\u015fma, k\u0131sa s\u00fcrede b\u00fcy\u00fcyerek kavgaya d\u00f6n\u00fc\u015ft\u00fc. Durumu kontrol alt\u0131na almak isteyen i\u015fletme sahibi Hamit Binbay, taraflar\u0131 ay\u0131rmak i\u00e7in araya girdi\u011fi s\u0131rada fenala\u015farak yere y\u0131\u011f\u0131ld\u0131. Olay yerine \u00e7a\u011fr\u0131lan sa\u011fl\u0131k ekipleri, Binbay&#8217;a yapt\u0131\u011f\u0131 m\u00fcdahalenin ard\u0131ndan hemen Ke\u015fan Devlet Hastanesi&#8217;ne kald\u0131r\u0131l\u0131rken, Binbay, t\u00fcm m\u00fcdahalelere ra\u011fmen kurtar\u0131lamad\u0131. Evli ve 2 \u00e7ocuk babas\u0131 olan Hamit Binbay&#8217;\u0131n \u00f6l\u00fcm\u00fc, \u00e7evresinde b\u00fcy\u00fck \u00fcz\u00fcnt\u00fcye neden oldu. Bu arada tart\u0131\u015fmaya kar\u0131\u015fan m\u00fc\u015fteriler ise ifadeleri al\u0131nmak \u00fczere emniyete g\u00f6t\u00fcr\u00fcld\u00fc. Olayla ilgili soru\u015fturma devam ediyor. \u200bEdirne&#8217;nin Ke\u015fan il\u00e7esinde ya\u015fanan \u00fcz\u00fcc\u00fc olayda, tart\u0131\u015fmaya m\u00fcdahale eden i\u015fletme sahibi CHP Ke\u015fan \u0130l\u00e7e Y\u00f6netim Kurulu \u00dcyesi Hamit Binbay, kalp krizi ge\u00e7irerek hayat\u0131n\u0131 kaybetti.Erdo\u011fan DEM\u0130R \/ ED\u0130RNE (\u0130GFA) &#8211; Edirne Ke\u015fan&#8217;da ya\u015fanan \u00fcz\u00fcc\u00fc olayda, bir restoranda \u00e7\u0131kan tart\u0131\u015fmaya m\u00fcdahale eden i\u015fletme sahibi ve CHP Ke\u015fan \u0130l\u00e7e Y\u00f6netim Kurulu \u00dcyesi Hamit Binbay kalp krizi ge\u00e7irdi. &hellip;","og_url":"https:\/\/denizcankizil.tr\/uk\/haberler\/gundem\/edirne-kesanda-tartismayi-ayirirken-kalp-krizi-gecirdi-vefat-etti\/","og_site_name":"Av. Deniz Can K\u0131z\u0131l","article_published_time":"2024-12-23T07:41:34+00:00","twitter_card":"summary_large_image","twitter_misc":{"\u041f\u0440\u0438\u0431\u043b. \u0447\u0430\u0441 \u0447\u0438\u0442\u0430\u043d\u043d\u044f":"2 \u0445\u0432\u0438\u043b\u0438\u043d\u0438"},"schema":{"@context":"https:\/\/schema.org","@graph":[{"@type":"Article","@id":"https:\/\/denizcankizil.tr\/ru\/haberler\/gundem\/edirne-kesanda-tartismayi-ayirirken-kalp-krizi-gecirdi-vefat-etti\/#article","isPartOf":{"@id":"https:\/\/denizcankizil.tr\/ru\/haberler\/gundem\/edirne-kesanda-tartismayi-ayirirken-kalp-krizi-gecirdi-vefat-etti\/"},"author":{"name":"","@id":""},"headline":"Edirne Ke\u015fan&#8217;da tart\u0131\u015fmay\u0131 ay\u0131r\u0131rken kalp krizi ge\u00e7irdi, vefat etti","datePublished":"2024-12-23T07:41:34+00:00","mainEntityOfPage":{"@id":"https:\/\/denizcankizil.tr\/ru\/haberler\/gundem\/edirne-kesanda-tartismayi-ayirirken-kalp-krizi-gecirdi-vefat-etti\/"},"wordCount":469,"commentCount":0,"publisher":{"@id":"https:\/\/denizcankizil.tr\/de\/#organization"},"articleSection":["G\u00fcndem","Uncategorized"],"inLanguage":"uk","potentialAction":[{"@type":"CommentAction","name":"Comment","target":["https:\/\/denizcankizil.tr\/ru\/haberler\/gundem\/edirne-kesanda-tartismayi-ayirirken-kalp-krizi-gecirdi-vefat-etti\/#respond"]}]},{"@type":"WebPage","@id":"https:\/\/denizcankizil.tr\/ru\/haberler\/gundem\/edirne-kesanda-tartismayi-ayirirken-kalp-krizi-gecirdi-vefat-etti\/","url":"https:\/\/denizcankizil.tr\/ru\/haberler\/gundem\/edirne-kesanda-tartismayi-ayirirken-kalp-krizi-gecirdi-vefat-etti\/","name":"Edirne Ke\u015fan'da tart\u0131\u015fmay\u0131 ay\u0131r\u0131rken kalp krizi ge\u00e7irdi, vefat etti - Av. Deniz Can K\u0131z\u0131l","isPartOf":{"@id":"https:\/\/denizcankizil.tr\/de\/#website"},"datePublished":"2024-12-23T07:41:34+00:00","breadcrumb":{"@id":"https:\/\/denizcankizil.tr\/ru\/haberler\/gundem\/edirne-kesanda-tartismayi-ayirirken-kalp-krizi-gecirdi-vefat-etti\/#breadcrumb"},"inLanguage":"uk","potentialAction":[{"@type":"ReadAction","target":["https:\/\/denizcankizil.tr\/ru\/haberler\/gundem\/edirne-kesanda-tartismayi-ayirirken-kalp-krizi-gecirdi-vefat-etti\/"]}]},{"@type":"BreadcrumbList","@id":"https:\/\/denizcankizil.tr\/ru\/haberler\/gundem\/edirne-kesanda-tartismayi-ayirirken-kalp-krizi-gecirdi-vefat-etti\/#breadcrumb","itemListElement":[{"@type":"ListItem","position":1,"name":"Home","item":"https:\/\/denizcankizil.tr\/de\/"},{"@type":"ListItem","position":2,"name":"Edirne Ke\u015fan&#8217;da tart\u0131\u015fmay\u0131 ay\u0131r\u0131rken kalp krizi ge\u00e7irdi, vefat etti"}]},{"@type":"WebSite","@id":"https:\/\/denizcankizil.tr\/de\/#website","url":"https:\/\/denizcankizil.tr\/de\/","name":"Av. Deniz Can K\u0131z\u0131l","description":"Avukat Deniz Can K\u0131z\u0131l Antalya Barosu","publisher":{"@id":"https:\/\/denizcankizil.tr\/de\/#organization"},"potentialAction":[{"@type":"SearchAction","target":{"@type":"EntryPoint","urlTemplate":"https:\/\/denizcankizil.tr\/de\/?s={search_term_string}"},"query-input":{"@type":"PropertyValueSpecification","valueRequired":true,"valueName":"search_term_string"}}],"inLanguage":"uk"},{"@type":"Organization","@id":"https:\/\/denizcankizil.tr\/de\/#organization","name":"Av. Deniz Can K\u0131z\u0131l","url":"https:\/\/denizcankizil.tr\/de\/","logo":{"@type":"ImageObject","inLanguage":"uk","@id":"https:\/\/denizcankizil.tr\/de\/#\/schema\/logo\/image\/","url":"http:\/\/denizcankizil.tr\/wp-content\/uploads\/2024\/10\/siyah-logo-svg.svg","contentUrl":"http:\/\/denizcankizil.tr\/wp-content\/uploads\/2024\/10\/siyah-logo-svg.svg","width":1080,"height":1080,"caption":"Av. Deniz Can K\u0131z\u0131l"},"image":{"@id":"https:\/\/denizcankizil.tr\/de\/#\/schema\/logo\/image\/"}}]}},"_links":{"self":[{"href":"http:\/\/denizcankizil.tr\/uk\/wp-json\/wp\/v2\/posts\/21830","targetHints":{"allow":["GET"]}}],"collection":[{"href":"http:\/\/denizcankizil.tr\/uk\/wp-json\/wp\/v2\/posts"}],"about":[{"href":"http:\/\/denizcankizil.tr\/uk\/wp-json\/wp\/v2\/types\/post"}],"replies":[{"embeddable":true,"href":"http:\/\/denizcankizil.tr\/uk\/wp-json\/wp\/v2\/comments?post=21830"}],"version-history":[{"count":0,"href":"http:\/\/denizcankizil.tr\/uk\/wp-json\/wp\/v2\/posts\/21830\/revisions"}],"wp:attachment":[{"href":"http:\/\/denizcankizil.tr\/uk\/wp-json\/wp\/v2\/media?parent=21830"}],"wp:term":[{"taxonomy":"category","embeddable":true,"href":"http:\/\/denizcankizil.tr\/uk\/wp-json\/wp\/v2\/categories?post=21830"},{"taxonomy":"post_tag","embeddable":true,"href":"http:\/\/denizcankizil.tr\/uk\/wp-json\/wp\/v2\/tags?post=21830"}],"curies":[{"name":"wp","href":"https:\/\/api.w.org\/{rel}","templated":true}]}}