{"id":21756,"date":"2024-12-22T16:41:21","date_gmt":"2024-12-22T13:41:21","guid":{"rendered":"https:\/\/denizcankizil.tr\/uncategorized-tr\/firat-kalkani-ve-baris-pinarinda-6-terorist-etkisiz\/"},"modified":"2024-12-22T16:41:21","modified_gmt":"2024-12-22T13:41:21","slug":"firat-kalkani-ve-baris-pinarinda-6-terorist-etkisiz","status":"publish","type":"post","link":"http:\/\/denizcankizil.tr\/uk\/haberler\/gundem\/firat-kalkani-ve-baris-pinarinda-6-terorist-etkisiz\/","title":{"rendered":"F\u0131rat Kalkan\u0131 ve Bar\u0131\u015f P\u0131nar\u0131&#8217;nda 6 ter\u00f6rist etkisiz!"},"content":{"rendered":"<p>F\u0131rat Kalkan\u0131 ve Bar\u0131\u015f P\u0131nar\u0131 b\u00f6lgelerinde belirlenen 6 PKK\/YPG&#8217;li ter\u00f6rist etkisiz hale getirildi.ANKARA (\u0130GFA)- Ter\u00f6ristler kendilerini bekleyen sondan ka\u00e7am\u0131yor.<br \/>\nTer\u00f6r b\u00f6lgelerindeki operasyonlardan yeni geli\u015fmeleri Milli Savunma Bakanl\u0131\u011f\u0131 duyurdu.<\/p>\n<p>https:\/\/twitter.com\/tcsavunma\/status\/1870774287709139420<\/p>\n<p>Bakanl\u0131ktan yap\u0131lan a\u00e7\u0131klamada, Suriye&#8217;nin kuzeyindeki F\u0131rat Kalkan\u0131 ve Bar\u0131\u015f P\u0131nar\u0131 b\u00f6lgelerinde belirlenen 6 PKK\/YPG&#8217;li ter\u00f6ristin etkisiz hale getirildi\u011fi a\u00e7\u0131kland\u0131.<br \/>\nPayla\u015f\u0131mda, &#8220;Her nerede olursa olsunlar ter\u00f6r \u00f6rg\u00fctleri ile m\u00fccadelemiz, en son ter\u00f6rist etkisiz h\u00e2le getirilinceye kadar devam edecek&#8221; ifadeleri yer ald\u0131.<br \/>\n\u00a0<\/p>\n<p>\u200bF\u0131rat Kalkan\u0131 ve Bar\u0131\u015f P\u0131nar\u0131 b\u00f6lgelerinde belirlenen 6 PKK\/YPG&#8217;li ter\u00f6rist etkisiz hale getirildi.ANKARA (\u0130GFA)- Ter\u00f6ristler kendilerini bekleyen sondan ka\u00e7am\u0131yor.<br \/>\nTer\u00f6r b\u00f6lgelerindeki operasyonlardan yeni geli\u015fmeleri Milli Savunma Bakanl\u0131\u011f\u0131 duyurdu.<\/p>\n<p>https:\/\/twitter.com\/tcsavunma\/status\/1870774287709139420<\/p>\n<p>Bakanl\u0131ktan yap\u0131lan a\u00e7\u0131klamada, Suriye&#8217;nin kuzeyindeki F\u0131rat Kalkan\u0131 ve Bar\u0131\u015f P\u0131nar\u0131 b\u00f6lgelerinde belirlenen 6 PKK\/YPG&#8217;li ter\u00f6ristin etkisiz hale getirildi\u011fi a\u00e7\u0131kland\u0131.<br \/>\nPayla\u015f\u0131mda, &#8220;Her nerede olursa olsunlar ter\u00f6r \u00f6rg\u00fctleri ile m\u00fccadelemiz, en son ter\u00f6rist etkisiz h\u00e2le getirilinceye kadar devam edecek&#8221; ifadeleri yer ald\u0131.<br \/>\n\u00a0\u00a0<\/p>\n<p>\u200bHaberin Al\u0131nt\u0131land\u0131\u011f\u0131 Kaynak: www.iskenderun.org<\/p>","protected":false},"excerpt":{"rendered":"<p>F\u0131rat Kalkan\u0131 ve Bar\u0131\u015f P\u0131nar\u0131 b\u00f6lgelerinde belirlenen 6 PKK\/YPG&#8217;li ter\u00f6rist etkisiz hale getirildi.ANKARA (\u0130GFA)- Ter\u00f6ristler kendilerini bekleyen sondan ka\u00e7am\u0131yor. Ter\u00f6r b\u00f6lgelerindeki operasyonlardan yeni geli\u015fmeleri Milli Savunma Bakanl\u0131\u011f\u0131 duyurdu. https:\/\/twitter.com\/tcsavunma\/status\/1870774287709139420 Bakanl\u0131ktan yap\u0131lan a\u00e7\u0131klamada, Suriye&#8217;nin kuzeyindeki F\u0131rat Kalkan\u0131 ve Bar\u0131\u015f P\u0131nar\u0131 b\u00f6lgelerinde belirlenen 6 PKK\/YPG&#8217;li ter\u00f6ristin etkisiz hale getirildi\u011fi a\u00e7\u0131kland\u0131. Payla\u015f\u0131mda, &#8220;Her nerede olursa olsunlar ter\u00f6r \u00f6rg\u00fctleri ile m\u00fccadelemiz, en son ter\u00f6rist etkisiz h\u00e2le getirilinceye kadar devam edecek&#8221; ifadeleri yer ald\u0131. \u00a0 \u200bF\u0131rat Kalkan\u0131 ve Bar\u0131\u015f P\u0131nar\u0131 b\u00f6lgelerinde belirlenen 6 PKK\/YPG&#8217;li ter\u00f6rist etkisiz hale getirildi.ANKARA (\u0130GFA)- Ter\u00f6ristler kendilerini bekleyen sondan ka\u00e7am\u0131yor. Ter\u00f6r b\u00f6lgelerindeki operasyonlardan yeni geli\u015fmeleri Milli Savunma Bakanl\u0131\u011f\u0131 duyurdu. https:\/\/twitter.com\/tcsavunma\/status\/1870774287709139420 Bakanl\u0131ktan yap\u0131lan a\u00e7\u0131klamada, Suriye&#8217;nin kuzeyindeki F\u0131rat Kalkan\u0131 ve Bar\u0131\u015f P\u0131nar\u0131 b\u00f6lgelerinde belirlenen 6 PKK\/YPG&#8217;li ter\u00f6ristin etkisiz hale getirildi\u011fi a\u00e7\u0131kland\u0131. Payla\u015f\u0131mda, &#8220;Her nerede olursa olsunlar ter\u00f6r \u00f6rg\u00fctleri ile m\u00fccadelemiz, en son ter\u00f6rist etkisiz h\u00e2le getirilinceye kadar devam edecek&#8221; ifadeleri yer ald\u0131. \u00a0\u00a0 \u200bHaberin Al\u0131nt\u0131land\u0131\u011f\u0131 Kaynak: www.iskenderun.org<\/p>","protected":false},"author":0,"featured_media":0,"comment_status":"open","ping_status":"open","sticky":false,"template":"","format":"standard","meta":{"_acf_changed":false,"footnotes":""},"categories":[24,535],"tags":[],"class_list":["post-21756","post","type-post","status-publish","format-standard","has-post-thumbnail","hentry","category-gundem","category-uncategorized-tr"],"acf":[],"yoast_head":"<!-- This site is optimized with the Yoast SEO Premium plugin v26.6 (Yoast SEO v27.1.1) - https:\/\/yoast.com\/product\/yoast-seo-premium-wordpress\/ -->\n<title>F\u0131rat Kalkan\u0131 ve Bar\u0131\u015f P\u0131nar\u0131&#039;nda 6 ter\u00f6rist etkisiz! - Av. Deniz Can K\u0131z\u0131l<\/title>\n<meta name=\"robots\" content=\"index, follow, max-snippet:-1, max-image-preview:large, max-video-preview:-1\" \/>\n<link rel=\"canonical\" href=\"http:\/\/denizcankizil.tr\/uk\/haberler\/gundem\/firat-kalkani-ve-baris-pinarinda-6-terorist-etkisiz\/\" \/>\n<meta property=\"og:locale\" content=\"uk_UA\" \/>\n<meta property=\"og:type\" content=\"article\" \/>\n<meta property=\"og:title\" content=\"F\u0131rat Kalkan\u0131 ve Bar\u0131\u015f P\u0131nar\u0131&#039;nda 6 ter\u00f6rist etkisiz!\" \/>\n<meta property=\"og:description\" content=\"F\u0131rat Kalkan\u0131 ve Bar\u0131\u015f P\u0131nar\u0131 b\u00f6lgelerinde belirlenen 6 PKK\/YPG&#8217;li ter\u00f6rist etkisiz hale getirildi.ANKARA (\u0130GFA)- Ter\u00f6ristler kendilerini bekleyen sondan ka\u00e7am\u0131yor. Ter\u00f6r b\u00f6lgelerindeki operasyonlardan yeni geli\u015fmeleri Milli Savunma Bakanl\u0131\u011f\u0131 duyurdu. https:\/\/twitter.com\/tcsavunma\/status\/1870774287709139420 Bakanl\u0131ktan yap\u0131lan a\u00e7\u0131klamada, Suriye&#8217;nin kuzeyindeki F\u0131rat Kalkan\u0131 ve Bar\u0131\u015f P\u0131nar\u0131 b\u00f6lgelerinde belirlenen 6 PKK\/YPG&#8217;li ter\u00f6ristin etkisiz hale getirildi\u011fi a\u00e7\u0131kland\u0131. Payla\u015f\u0131mda, &#8220;Her nerede olursa olsunlar ter\u00f6r \u00f6rg\u00fctleri ile m\u00fccadelemiz, en son ter\u00f6rist etkisiz h\u00e2le getirilinceye kadar devam edecek&#8221; ifadeleri yer ald\u0131. \u00a0 \u200bF\u0131rat Kalkan\u0131 ve Bar\u0131\u015f P\u0131nar\u0131 b\u00f6lgelerinde belirlenen 6 PKK\/YPG&#8217;li ter\u00f6rist etkisiz hale getirildi.ANKARA (\u0130GFA)- Ter\u00f6ristler kendilerini bekleyen sondan ka\u00e7am\u0131yor. Ter\u00f6r b\u00f6lgelerindeki operasyonlardan yeni geli\u015fmeleri Milli Savunma Bakanl\u0131\u011f\u0131 duyurdu. https:\/\/twitter.com\/tcsavunma\/status\/1870774287709139420 Bakanl\u0131ktan yap\u0131lan a\u00e7\u0131klamada, Suriye&#8217;nin kuzeyindeki F\u0131rat Kalkan\u0131 ve Bar\u0131\u015f P\u0131nar\u0131 b\u00f6lgelerinde belirlenen 6 PKK\/YPG&#8217;li ter\u00f6ristin etkisiz hale getirildi\u011fi a\u00e7\u0131kland\u0131. Payla\u015f\u0131mda, &#8220;Her nerede olursa olsunlar ter\u00f6r \u00f6rg\u00fctleri ile m\u00fccadelemiz, en son ter\u00f6rist etkisiz h\u00e2le getirilinceye kadar devam edecek&#8221; ifadeleri yer ald\u0131. \u00a0\u00a0 \u200bHaberin Al\u0131nt\u0131land\u0131\u011f\u0131 Kaynak: www.iskenderun.org\" \/>\n<meta property=\"og:url\" content=\"http:\/\/denizcankizil.tr\/uk\/haberler\/gundem\/firat-kalkani-ve-baris-pinarinda-6-terorist-etkisiz\/\" \/>\n<meta property=\"og:site_name\" content=\"Av. Deniz Can K\u0131z\u0131l\" \/>\n<meta property=\"article:published_time\" content=\"2024-12-22T13:41:21+00:00\" \/>\n<meta name=\"twitter:card\" content=\"summary_large_image\" \/>\n<meta name=\"twitter:label1\" content=\"\u041f\u0440\u0438\u0431\u043b. \u0447\u0430\u0441 \u0447\u0438\u0442\u0430\u043d\u043d\u044f\" \/>\n\t<meta name=\"twitter:data1\" content=\"1 \u0445\u0432\u0438\u043b\u0438\u043d\u0430\" \/>\n<script type=\"application\/ld+json\" class=\"yoast-schema-graph\">{\"@context\":\"https:\/\/schema.org\",\"@graph\":[{\"@type\":\"Article\",\"@id\":\"http:\/\/denizcankizil.tr\/uk\/haberler\/gundem\/firat-kalkani-ve-baris-pinarinda-6-terorist-etkisiz\/#article\",\"isPartOf\":{\"@id\":\"http:\/\/denizcankizil.tr\/uk\/haberler\/gundem\/firat-kalkani-ve-baris-pinarinda-6-terorist-etkisiz\/\"},\"author\":{\"name\":\"\",\"@id\":\"\"},\"headline\":\"F\u0131rat Kalkan\u0131 ve Bar\u0131\u015f P\u0131nar\u0131&#8217;nda 6 ter\u00f6rist etkisiz!\",\"datePublished\":\"2024-12-22T13:41:21+00:00\",\"mainEntityOfPage\":{\"@id\":\"http:\/\/denizcankizil.tr\/uk\/haberler\/gundem\/firat-kalkani-ve-baris-pinarinda-6-terorist-etkisiz\/\"},\"wordCount\":225,\"commentCount\":0,\"publisher\":{\"@id\":\"https:\/\/denizcankizil.tr\/de\/#organization\"},\"articleSection\":[\"G\u00fcndem\",\"Uncategorized\"],\"inLanguage\":\"uk\",\"potentialAction\":[{\"@type\":\"CommentAction\",\"name\":\"Comment\",\"target\":[\"http:\/\/denizcankizil.tr\/uk\/haberler\/gundem\/firat-kalkani-ve-baris-pinarinda-6-terorist-etkisiz\/#respond\"]}]},{\"@type\":\"WebPage\",\"@id\":\"http:\/\/denizcankizil.tr\/uk\/haberler\/gundem\/firat-kalkani-ve-baris-pinarinda-6-terorist-etkisiz\/\",\"url\":\"http:\/\/denizcankizil.tr\/uk\/haberler\/gundem\/firat-kalkani-ve-baris-pinarinda-6-terorist-etkisiz\/\",\"name\":\"F\u0131rat Kalkan\u0131 ve Bar\u0131\u015f P\u0131nar\u0131'nda 6 ter\u00f6rist etkisiz! - Av. Deniz Can K\u0131z\u0131l\",\"isPartOf\":{\"@id\":\"https:\/\/denizcankizil.tr\/de\/#website\"},\"datePublished\":\"2024-12-22T13:41:21+00:00\",\"breadcrumb\":{\"@id\":\"http:\/\/denizcankizil.tr\/uk\/haberler\/gundem\/firat-kalkani-ve-baris-pinarinda-6-terorist-etkisiz\/#breadcrumb\"},\"inLanguage\":\"uk\",\"potentialAction\":[{\"@type\":\"ReadAction\",\"target\":[\"http:\/\/denizcankizil.tr\/uk\/haberler\/gundem\/firat-kalkani-ve-baris-pinarinda-6-terorist-etkisiz\/\"]}]},{\"@type\":\"BreadcrumbList\",\"@id\":\"http:\/\/denizcankizil.tr\/uk\/haberler\/gundem\/firat-kalkani-ve-baris-pinarinda-6-terorist-etkisiz\/#breadcrumb\",\"itemListElement\":[{\"@type\":\"ListItem\",\"position\":1,\"name\":\"Home\",\"item\":\"https:\/\/denizcankizil.tr\/de\/\"},{\"@type\":\"ListItem\",\"position\":2,\"name\":\"F\u0131rat Kalkan\u0131 ve Bar\u0131\u015f P\u0131nar\u0131&#8217;nda 6 ter\u00f6rist etkisiz!\"}]},{\"@type\":\"WebSite\",\"@id\":\"https:\/\/denizcankizil.tr\/de\/#website\",\"url\":\"https:\/\/denizcankizil.tr\/de\/\",\"name\":\"Av. Deniz Can K\u0131z\u0131l\",\"description\":\"Avukat Deniz Can K\u0131z\u0131l Antalya Barosu\",\"publisher\":{\"@id\":\"https:\/\/denizcankizil.tr\/de\/#organization\"},\"potentialAction\":[{\"@type\":\"SearchAction\",\"target\":{\"@type\":\"EntryPoint\",\"urlTemplate\":\"https:\/\/denizcankizil.tr\/de\/?s={search_term_string}\"},\"query-input\":{\"@type\":\"PropertyValueSpecification\",\"valueRequired\":true,\"valueName\":\"search_term_string\"}}],\"inLanguage\":\"uk\"},{\"@type\":\"Organization\",\"@id\":\"https:\/\/denizcankizil.tr\/de\/#organization\",\"name\":\"Av. Deniz Can K\u0131z\u0131l\",\"url\":\"https:\/\/denizcankizil.tr\/de\/\",\"logo\":{\"@type\":\"ImageObject\",\"inLanguage\":\"uk\",\"@id\":\"https:\/\/denizcankizil.tr\/de\/#\/schema\/logo\/image\/\",\"url\":\"http:\/\/denizcankizil.tr\/wp-content\/uploads\/2024\/10\/siyah-logo-svg.svg\",\"contentUrl\":\"http:\/\/denizcankizil.tr\/wp-content\/uploads\/2024\/10\/siyah-logo-svg.svg\",\"width\":1080,\"height\":1080,\"caption\":\"Av. Deniz Can K\u0131z\u0131l\"},\"image\":{\"@id\":\"https:\/\/denizcankizil.tr\/de\/#\/schema\/logo\/image\/\"}}]}<\/script>\n<!-- \/ Yoast SEO Premium plugin. -->","yoast_head_json":{"title":"F\u0131rat Kalkan\u0131 ve Bar\u0131\u015f P\u0131nar\u0131'nda 6 ter\u00f6rist etkisiz! - Av. Deniz Can K\u0131z\u0131l","robots":{"index":"index","follow":"follow","max-snippet":"max-snippet:-1","max-image-preview":"max-image-preview:large","max-video-preview":"max-video-preview:-1"},"canonical":"http:\/\/denizcankizil.tr\/uk\/haberler\/gundem\/firat-kalkani-ve-baris-pinarinda-6-terorist-etkisiz\/","og_locale":"uk_UA","og_type":"article","og_title":"F\u0131rat Kalkan\u0131 ve Bar\u0131\u015f P\u0131nar\u0131'nda 6 ter\u00f6rist etkisiz!","og_description":"F\u0131rat Kalkan\u0131 ve Bar\u0131\u015f P\u0131nar\u0131 b\u00f6lgelerinde belirlenen 6 PKK\/YPG&#8217;li ter\u00f6rist etkisiz hale getirildi.ANKARA (\u0130GFA)- Ter\u00f6ristler kendilerini bekleyen sondan ka\u00e7am\u0131yor. Ter\u00f6r b\u00f6lgelerindeki operasyonlardan yeni geli\u015fmeleri Milli Savunma Bakanl\u0131\u011f\u0131 duyurdu. https:\/\/twitter.com\/tcsavunma\/status\/1870774287709139420 Bakanl\u0131ktan yap\u0131lan a\u00e7\u0131klamada, Suriye&#8217;nin kuzeyindeki F\u0131rat Kalkan\u0131 ve Bar\u0131\u015f P\u0131nar\u0131 b\u00f6lgelerinde belirlenen 6 PKK\/YPG&#8217;li ter\u00f6ristin etkisiz hale getirildi\u011fi a\u00e7\u0131kland\u0131. Payla\u015f\u0131mda, &#8220;Her nerede olursa olsunlar ter\u00f6r \u00f6rg\u00fctleri ile m\u00fccadelemiz, en son ter\u00f6rist etkisiz h\u00e2le getirilinceye kadar devam edecek&#8221; ifadeleri yer ald\u0131. \u00a0 \u200bF\u0131rat Kalkan\u0131 ve Bar\u0131\u015f P\u0131nar\u0131 b\u00f6lgelerinde belirlenen 6 PKK\/YPG&#8217;li ter\u00f6rist etkisiz hale getirildi.ANKARA (\u0130GFA)- Ter\u00f6ristler kendilerini bekleyen sondan ka\u00e7am\u0131yor. Ter\u00f6r b\u00f6lgelerindeki operasyonlardan yeni geli\u015fmeleri Milli Savunma Bakanl\u0131\u011f\u0131 duyurdu. https:\/\/twitter.com\/tcsavunma\/status\/1870774287709139420 Bakanl\u0131ktan yap\u0131lan a\u00e7\u0131klamada, Suriye&#8217;nin kuzeyindeki F\u0131rat Kalkan\u0131 ve Bar\u0131\u015f P\u0131nar\u0131 b\u00f6lgelerinde belirlenen 6 PKK\/YPG&#8217;li ter\u00f6ristin etkisiz hale getirildi\u011fi a\u00e7\u0131kland\u0131. Payla\u015f\u0131mda, &#8220;Her nerede olursa olsunlar ter\u00f6r \u00f6rg\u00fctleri ile m\u00fccadelemiz, en son ter\u00f6rist etkisiz h\u00e2le getirilinceye kadar devam edecek&#8221; ifadeleri yer ald\u0131. \u00a0\u00a0 \u200bHaberin Al\u0131nt\u0131land\u0131\u011f\u0131 Kaynak: www.iskenderun.org","og_url":"http:\/\/denizcankizil.tr\/uk\/haberler\/gundem\/firat-kalkani-ve-baris-pinarinda-6-terorist-etkisiz\/","og_site_name":"Av. Deniz Can K\u0131z\u0131l","article_published_time":"2024-12-22T13:41:21+00:00","twitter_card":"summary_large_image","twitter_misc":{"\u041f\u0440\u0438\u0431\u043b. \u0447\u0430\u0441 \u0447\u0438\u0442\u0430\u043d\u043d\u044f":"1 \u0445\u0432\u0438\u043b\u0438\u043d\u0430"},"schema":{"@context":"https:\/\/schema.org","@graph":[{"@type":"Article","@id":"http:\/\/denizcankizil.tr\/uk\/haberler\/gundem\/firat-kalkani-ve-baris-pinarinda-6-terorist-etkisiz\/#article","isPartOf":{"@id":"http:\/\/denizcankizil.tr\/uk\/haberler\/gundem\/firat-kalkani-ve-baris-pinarinda-6-terorist-etkisiz\/"},"author":{"name":"","@id":""},"headline":"F\u0131rat Kalkan\u0131 ve Bar\u0131\u015f P\u0131nar\u0131&#8217;nda 6 ter\u00f6rist etkisiz!","datePublished":"2024-12-22T13:41:21+00:00","mainEntityOfPage":{"@id":"http:\/\/denizcankizil.tr\/uk\/haberler\/gundem\/firat-kalkani-ve-baris-pinarinda-6-terorist-etkisiz\/"},"wordCount":225,"commentCount":0,"publisher":{"@id":"https:\/\/denizcankizil.tr\/de\/#organization"},"articleSection":["G\u00fcndem","Uncategorized"],"inLanguage":"uk","potentialAction":[{"@type":"CommentAction","name":"Comment","target":["http:\/\/denizcankizil.tr\/uk\/haberler\/gundem\/firat-kalkani-ve-baris-pinarinda-6-terorist-etkisiz\/#respond"]}]},{"@type":"WebPage","@id":"http:\/\/denizcankizil.tr\/uk\/haberler\/gundem\/firat-kalkani-ve-baris-pinarinda-6-terorist-etkisiz\/","url":"http:\/\/denizcankizil.tr\/uk\/haberler\/gundem\/firat-kalkani-ve-baris-pinarinda-6-terorist-etkisiz\/","name":"F\u0131rat Kalkan\u0131 ve Bar\u0131\u015f P\u0131nar\u0131'nda 6 ter\u00f6rist etkisiz! - Av. Deniz Can K\u0131z\u0131l","isPartOf":{"@id":"https:\/\/denizcankizil.tr\/de\/#website"},"datePublished":"2024-12-22T13:41:21+00:00","breadcrumb":{"@id":"http:\/\/denizcankizil.tr\/uk\/haberler\/gundem\/firat-kalkani-ve-baris-pinarinda-6-terorist-etkisiz\/#breadcrumb"},"inLanguage":"uk","potentialAction":[{"@type":"ReadAction","target":["http:\/\/denizcankizil.tr\/uk\/haberler\/gundem\/firat-kalkani-ve-baris-pinarinda-6-terorist-etkisiz\/"]}]},{"@type":"BreadcrumbList","@id":"http:\/\/denizcankizil.tr\/uk\/haberler\/gundem\/firat-kalkani-ve-baris-pinarinda-6-terorist-etkisiz\/#breadcrumb","itemListElement":[{"@type":"ListItem","position":1,"name":"Home","item":"https:\/\/denizcankizil.tr\/de\/"},{"@type":"ListItem","position":2,"name":"F\u0131rat Kalkan\u0131 ve Bar\u0131\u015f P\u0131nar\u0131&#8217;nda 6 ter\u00f6rist etkisiz!"}]},{"@type":"WebSite","@id":"https:\/\/denizcankizil.tr\/de\/#website","url":"https:\/\/denizcankizil.tr\/de\/","name":"Av. Deniz Can K\u0131z\u0131l","description":"Avukat Deniz Can K\u0131z\u0131l Antalya Barosu","publisher":{"@id":"https:\/\/denizcankizil.tr\/de\/#organization"},"potentialAction":[{"@type":"SearchAction","target":{"@type":"EntryPoint","urlTemplate":"https:\/\/denizcankizil.tr\/de\/?s={search_term_string}"},"query-input":{"@type":"PropertyValueSpecification","valueRequired":true,"valueName":"search_term_string"}}],"inLanguage":"uk"},{"@type":"Organization","@id":"https:\/\/denizcankizil.tr\/de\/#organization","name":"Av. Deniz Can K\u0131z\u0131l","url":"https:\/\/denizcankizil.tr\/de\/","logo":{"@type":"ImageObject","inLanguage":"uk","@id":"https:\/\/denizcankizil.tr\/de\/#\/schema\/logo\/image\/","url":"http:\/\/denizcankizil.tr\/wp-content\/uploads\/2024\/10\/siyah-logo-svg.svg","contentUrl":"http:\/\/denizcankizil.tr\/wp-content\/uploads\/2024\/10\/siyah-logo-svg.svg","width":1080,"height":1080,"caption":"Av. Deniz Can K\u0131z\u0131l"},"image":{"@id":"https:\/\/denizcankizil.tr\/de\/#\/schema\/logo\/image\/"}}]}},"_links":{"self":[{"href":"http:\/\/denizcankizil.tr\/uk\/wp-json\/wp\/v2\/posts\/21756","targetHints":{"allow":["GET"]}}],"collection":[{"href":"http:\/\/denizcankizil.tr\/uk\/wp-json\/wp\/v2\/posts"}],"about":[{"href":"http:\/\/denizcankizil.tr\/uk\/wp-json\/wp\/v2\/types\/post"}],"replies":[{"embeddable":true,"href":"http:\/\/denizcankizil.tr\/uk\/wp-json\/wp\/v2\/comments?post=21756"}],"version-history":[{"count":0,"href":"http:\/\/denizcankizil.tr\/uk\/wp-json\/wp\/v2\/posts\/21756\/revisions"}],"wp:attachment":[{"href":"http:\/\/denizcankizil.tr\/uk\/wp-json\/wp\/v2\/media?parent=21756"}],"wp:term":[{"taxonomy":"category","embeddable":true,"href":"http:\/\/denizcankizil.tr\/uk\/wp-json\/wp\/v2\/categories?post=21756"},{"taxonomy":"post_tag","embeddable":true,"href":"http:\/\/denizcankizil.tr\/uk\/wp-json\/wp\/v2\/tags?post=21756"}],"curies":[{"name":"wp","href":"https:\/\/api.w.org\/{rel}","templated":true}]}}