{"id":21234,"date":"2024-12-18T13:41:24","date_gmt":"2024-12-18T10:41:24","guid":{"rendered":"https:\/\/denizcankizil.tr\/uncategorized-tr\/gasp-suphelisi-7-kisi-tutuklandi\/"},"modified":"2024-12-18T13:41:24","modified_gmt":"2024-12-18T10:41:24","slug":"gasp-suphelisi-7-kisi-tutuklandi","status":"publish","type":"post","link":"http:\/\/denizcankizil.tr\/uk\/haberler\/antalya\/gasp-suphelisi-7-kisi-tutuklandi\/","title":{"rendered":"Gasp \u015f\u00fcphelisi 7 ki\u015fi tutukland\u0131"},"content":{"rendered":"<p>Antalya Emniyet M\u00fcd\u00fcrl\u00fc\u011f\u00fc Ka\u00e7ak\u00e7\u0131l\u0131k ve Organize Su\u00e7larla M\u00fccadele (KOM) \u015eube M\u00fcd\u00fcrl\u00fc\u011f\u00fc ekiplerince, Alanya il\u00e7esi Anamur yolu \u00fczerinde 2 \u015fahs\u0131n ara\u00e7lar\u0131n\u0131n \u00f6n\u00fc kesilerek ka\u00e7\u0131r\u0131lmalar\u0131, bir evde zorla tutulmalar\u0131, darp edilmeleri, hesaplar\u0131nda bulunan paran\u0131n zorla al\u0131nmas\u0131 olay\u0131 ile ilgili yap\u0131lan \u00e7al\u0131\u015fmalarda 7 \u015fah\u0131s yakaland\u0131.<br \/>\n\u201cNitelikli Ya\u011fma\u201d ve \u201cKi\u015fiyi H\u00fcrriyetinden Yoksun K\u0131lma\u201d su\u00e7lar\u0131ndan adliyeye sevk edilen 7 \u015f\u00fcpheli, \u00e7\u0131kar\u0131ld\u0131klar\u0131 mahkemece tutuklanarak cezaevine g\u00f6nderildi.<\/p>\n<p>Kaynak: www.kanalv.com.tr Haber Sitesinden Al\u0131nm\u0131\u015ft\u0131r.<\/p>","protected":false},"excerpt":{"rendered":"<p>Antalya Emniyet M\u00fcd\u00fcrl\u00fc\u011f\u00fc Ka\u00e7ak\u00e7\u0131l\u0131k ve Organize Su\u00e7larla M\u00fccadele (KOM) \u015eube M\u00fcd\u00fcrl\u00fc\u011f\u00fc ekiplerince, Alanya il\u00e7esi Anamur yolu \u00fczerinde 2 \u015fahs\u0131n ara\u00e7lar\u0131n\u0131n \u00f6n\u00fc kesilerek ka\u00e7\u0131r\u0131lmalar\u0131, bir evde zorla tutulmalar\u0131, darp edilmeleri, hesaplar\u0131nda bulunan paran\u0131n zorla al\u0131nmas\u0131 olay\u0131 ile ilgili yap\u0131lan \u00e7al\u0131\u015fmalarda 7 \u015fah\u0131s yakaland\u0131. \u201cNitelikli Ya\u011fma\u201d ve \u201cKi\u015fiyi H\u00fcrriyetinden Yoksun K\u0131lma\u201d su\u00e7lar\u0131ndan adliyeye sevk edilen 7 \u015f\u00fcpheli, \u00e7\u0131kar\u0131ld\u0131klar\u0131 mahkemece tutuklanarak cezaevine g\u00f6nderildi. Kaynak: www.kanalv.com.tr Haber Sitesinden Al\u0131nm\u0131\u015ft\u0131r.<\/p>","protected":false},"author":0,"featured_media":21235,"comment_status":"open","ping_status":"open","sticky":false,"template":"","format":"standard","meta":{"_acf_changed":false,"footnotes":""},"categories":[26,535],"tags":[],"class_list":["post-21234","post","type-post","status-publish","format-standard","has-post-thumbnail","hentry","category-antalya","category-uncategorized-tr"],"acf":[],"yoast_head":"<!-- This site is optimized with the Yoast SEO Premium plugin v26.6 (Yoast SEO v27.1.1) - https:\/\/yoast.com\/product\/yoast-seo-premium-wordpress\/ -->\n<title>Gasp \u015f\u00fcphelisi 7 ki\u015fi tutukland\u0131 - Av. Deniz Can K\u0131z\u0131l<\/title>\n<meta name=\"robots\" content=\"index, follow, max-snippet:-1, max-image-preview:large, max-video-preview:-1\" \/>\n<link rel=\"canonical\" href=\"http:\/\/denizcankizil.tr\/uk\/haberler\/antalya\/gasp-suphelisi-7-kisi-tutuklandi\/\" \/>\n<meta property=\"og:locale\" content=\"uk_UA\" \/>\n<meta property=\"og:type\" content=\"article\" \/>\n<meta property=\"og:title\" content=\"Gasp \u015f\u00fcphelisi 7 ki\u015fi tutukland\u0131\" \/>\n<meta property=\"og:description\" content=\"Antalya Emniyet M\u00fcd\u00fcrl\u00fc\u011f\u00fc Ka\u00e7ak\u00e7\u0131l\u0131k ve Organize Su\u00e7larla M\u00fccadele (KOM) \u015eube M\u00fcd\u00fcrl\u00fc\u011f\u00fc ekiplerince, Alanya il\u00e7esi Anamur yolu \u00fczerinde 2 \u015fahs\u0131n ara\u00e7lar\u0131n\u0131n \u00f6n\u00fc kesilerek ka\u00e7\u0131r\u0131lmalar\u0131, bir evde zorla tutulmalar\u0131, darp edilmeleri, hesaplar\u0131nda bulunan paran\u0131n zorla al\u0131nmas\u0131 olay\u0131 ile ilgili yap\u0131lan \u00e7al\u0131\u015fmalarda 7 \u015fah\u0131s yakaland\u0131. \u201cNitelikli Ya\u011fma\u201d ve \u201cKi\u015fiyi H\u00fcrriyetinden Yoksun K\u0131lma\u201d su\u00e7lar\u0131ndan adliyeye sevk edilen 7 \u015f\u00fcpheli, \u00e7\u0131kar\u0131ld\u0131klar\u0131 mahkemece tutuklanarak cezaevine g\u00f6nderildi. Kaynak: www.kanalv.com.tr Haber Sitesinden Al\u0131nm\u0131\u015ft\u0131r.\" \/>\n<meta property=\"og:url\" content=\"http:\/\/denizcankizil.tr\/uk\/haberler\/antalya\/gasp-suphelisi-7-kisi-tutuklandi\/\" \/>\n<meta property=\"og:site_name\" content=\"Av. Deniz Can K\u0131z\u0131l\" \/>\n<meta property=\"article:published_time\" content=\"2024-12-18T10:41:24+00:00\" \/>\n<meta property=\"og:image\" content=\"http:\/\/denizcankizil.tr\/wp-content\/uploads\/2024\/12\/3653-01-vuGZPI.jpeg\" \/>\n\t<meta property=\"og:image:width\" content=\"1280\" \/>\n\t<meta property=\"og:image:height\" content=\"720\" \/>\n\t<meta property=\"og:image:type\" content=\"image\/jpeg\" \/>\n<meta name=\"twitter:card\" content=\"summary_large_image\" \/>\n<script type=\"application\/ld+json\" class=\"yoast-schema-graph\">{\"@context\":\"https:\/\/schema.org\",\"@graph\":[{\"@type\":\"Article\",\"@id\":\"http:\/\/denizcankizil.tr\/uk\/haberler\/antalya\/gasp-suphelisi-7-kisi-tutuklandi\/#article\",\"isPartOf\":{\"@id\":\"http:\/\/denizcankizil.tr\/uk\/haberler\/antalya\/gasp-suphelisi-7-kisi-tutuklandi\/\"},\"author\":{\"name\":\"\",\"@id\":\"\"},\"headline\":\"Gasp \u015f\u00fcphelisi 7 ki\u015fi tutukland\u0131\",\"datePublished\":\"2024-12-18T10:41:24+00:00\",\"mainEntityOfPage\":{\"@id\":\"http:\/\/denizcankizil.tr\/uk\/haberler\/antalya\/gasp-suphelisi-7-kisi-tutuklandi\/\"},\"wordCount\":104,\"commentCount\":0,\"publisher\":{\"@id\":\"https:\/\/denizcankizil.tr\/de\/#organization\"},\"image\":{\"@id\":\"http:\/\/denizcankizil.tr\/uk\/haberler\/antalya\/gasp-suphelisi-7-kisi-tutuklandi\/#primaryimage\"},\"thumbnailUrl\":\"http:\/\/denizcankizil.tr\/wp-content\/uploads\/2024\/12\/3653-01-vuGZPI.jpeg\",\"articleSection\":[\"Antalya\",\"Uncategorized\"],\"inLanguage\":\"uk\",\"potentialAction\":[{\"@type\":\"CommentAction\",\"name\":\"Comment\",\"target\":[\"http:\/\/denizcankizil.tr\/uk\/haberler\/antalya\/gasp-suphelisi-7-kisi-tutuklandi\/#respond\"]}]},{\"@type\":\"WebPage\",\"@id\":\"http:\/\/denizcankizil.tr\/uk\/haberler\/antalya\/gasp-suphelisi-7-kisi-tutuklandi\/\",\"url\":\"http:\/\/denizcankizil.tr\/uk\/haberler\/antalya\/gasp-suphelisi-7-kisi-tutuklandi\/\",\"name\":\"Gasp \u015f\u00fcphelisi 7 ki\u015fi tutukland\u0131 - Av. Deniz Can K\u0131z\u0131l\",\"isPartOf\":{\"@id\":\"https:\/\/denizcankizil.tr\/de\/#website\"},\"primaryImageOfPage\":{\"@id\":\"http:\/\/denizcankizil.tr\/uk\/haberler\/antalya\/gasp-suphelisi-7-kisi-tutuklandi\/#primaryimage\"},\"image\":{\"@id\":\"http:\/\/denizcankizil.tr\/uk\/haberler\/antalya\/gasp-suphelisi-7-kisi-tutuklandi\/#primaryimage\"},\"thumbnailUrl\":\"http:\/\/denizcankizil.tr\/wp-content\/uploads\/2024\/12\/3653-01-vuGZPI.jpeg\",\"datePublished\":\"2024-12-18T10:41:24+00:00\",\"breadcrumb\":{\"@id\":\"http:\/\/denizcankizil.tr\/uk\/haberler\/antalya\/gasp-suphelisi-7-kisi-tutuklandi\/#breadcrumb\"},\"inLanguage\":\"uk\",\"potentialAction\":[{\"@type\":\"ReadAction\",\"target\":[\"http:\/\/denizcankizil.tr\/uk\/haberler\/antalya\/gasp-suphelisi-7-kisi-tutuklandi\/\"]}]},{\"@type\":\"ImageObject\",\"inLanguage\":\"uk\",\"@id\":\"http:\/\/denizcankizil.tr\/uk\/haberler\/antalya\/gasp-suphelisi-7-kisi-tutuklandi\/#primaryimage\",\"url\":\"http:\/\/denizcankizil.tr\/wp-content\/uploads\/2024\/12\/3653-01-vuGZPI.jpeg\",\"contentUrl\":\"http:\/\/denizcankizil.tr\/wp-content\/uploads\/2024\/12\/3653-01-vuGZPI.jpeg\",\"width\":1280,\"height\":720},{\"@type\":\"BreadcrumbList\",\"@id\":\"http:\/\/denizcankizil.tr\/uk\/haberler\/antalya\/gasp-suphelisi-7-kisi-tutuklandi\/#breadcrumb\",\"itemListElement\":[{\"@type\":\"ListItem\",\"position\":1,\"name\":\"Home\",\"item\":\"https:\/\/denizcankizil.tr\/de\/\"},{\"@type\":\"ListItem\",\"position\":2,\"name\":\"Gasp \u015f\u00fcphelisi 7 ki\u015fi tutukland\u0131\"}]},{\"@type\":\"WebSite\",\"@id\":\"https:\/\/denizcankizil.tr\/de\/#website\",\"url\":\"https:\/\/denizcankizil.tr\/de\/\",\"name\":\"Av. Deniz Can K\u0131z\u0131l\",\"description\":\"Avukat Deniz Can K\u0131z\u0131l Antalya Barosu\",\"publisher\":{\"@id\":\"https:\/\/denizcankizil.tr\/de\/#organization\"},\"potentialAction\":[{\"@type\":\"SearchAction\",\"target\":{\"@type\":\"EntryPoint\",\"urlTemplate\":\"https:\/\/denizcankizil.tr\/de\/?s={search_term_string}\"},\"query-input\":{\"@type\":\"PropertyValueSpecification\",\"valueRequired\":true,\"valueName\":\"search_term_string\"}}],\"inLanguage\":\"uk\"},{\"@type\":\"Organization\",\"@id\":\"https:\/\/denizcankizil.tr\/de\/#organization\",\"name\":\"Av. Deniz Can K\u0131z\u0131l\",\"url\":\"https:\/\/denizcankizil.tr\/de\/\",\"logo\":{\"@type\":\"ImageObject\",\"inLanguage\":\"uk\",\"@id\":\"https:\/\/denizcankizil.tr\/de\/#\/schema\/logo\/image\/\",\"url\":\"http:\/\/denizcankizil.tr\/wp-content\/uploads\/2024\/10\/siyah-logo-svg.svg\",\"contentUrl\":\"http:\/\/denizcankizil.tr\/wp-content\/uploads\/2024\/10\/siyah-logo-svg.svg\",\"width\":1080,\"height\":1080,\"caption\":\"Av. Deniz Can K\u0131z\u0131l\"},\"image\":{\"@id\":\"https:\/\/denizcankizil.tr\/de\/#\/schema\/logo\/image\/\"}}]}<\/script>\n<!-- \/ Yoast SEO Premium plugin. -->","yoast_head_json":{"title":"Gasp \u015f\u00fcphelisi 7 ki\u015fi tutukland\u0131 - Av. Deniz Can K\u0131z\u0131l","robots":{"index":"index","follow":"follow","max-snippet":"max-snippet:-1","max-image-preview":"max-image-preview:large","max-video-preview":"max-video-preview:-1"},"canonical":"http:\/\/denizcankizil.tr\/uk\/haberler\/antalya\/gasp-suphelisi-7-kisi-tutuklandi\/","og_locale":"uk_UA","og_type":"article","og_title":"Gasp \u015f\u00fcphelisi 7 ki\u015fi tutukland\u0131","og_description":"Antalya Emniyet M\u00fcd\u00fcrl\u00fc\u011f\u00fc Ka\u00e7ak\u00e7\u0131l\u0131k ve Organize Su\u00e7larla M\u00fccadele (KOM) \u015eube M\u00fcd\u00fcrl\u00fc\u011f\u00fc ekiplerince, Alanya il\u00e7esi Anamur yolu \u00fczerinde 2 \u015fahs\u0131n ara\u00e7lar\u0131n\u0131n \u00f6n\u00fc kesilerek ka\u00e7\u0131r\u0131lmalar\u0131, bir evde zorla tutulmalar\u0131, darp edilmeleri, hesaplar\u0131nda bulunan paran\u0131n zorla al\u0131nmas\u0131 olay\u0131 ile ilgili yap\u0131lan \u00e7al\u0131\u015fmalarda 7 \u015fah\u0131s yakaland\u0131. \u201cNitelikli Ya\u011fma\u201d ve \u201cKi\u015fiyi H\u00fcrriyetinden Yoksun K\u0131lma\u201d su\u00e7lar\u0131ndan adliyeye sevk edilen 7 \u015f\u00fcpheli, \u00e7\u0131kar\u0131ld\u0131klar\u0131 mahkemece tutuklanarak cezaevine g\u00f6nderildi. Kaynak: www.kanalv.com.tr Haber Sitesinden Al\u0131nm\u0131\u015ft\u0131r.","og_url":"http:\/\/denizcankizil.tr\/uk\/haberler\/antalya\/gasp-suphelisi-7-kisi-tutuklandi\/","og_site_name":"Av. Deniz Can K\u0131z\u0131l","article_published_time":"2024-12-18T10:41:24+00:00","og_image":[{"width":1280,"height":720,"url":"http:\/\/denizcankizil.tr\/wp-content\/uploads\/2024\/12\/3653-01-vuGZPI.jpeg","type":"image\/jpeg"}],"twitter_card":"summary_large_image","schema":{"@context":"https:\/\/schema.org","@graph":[{"@type":"Article","@id":"http:\/\/denizcankizil.tr\/uk\/haberler\/antalya\/gasp-suphelisi-7-kisi-tutuklandi\/#article","isPartOf":{"@id":"http:\/\/denizcankizil.tr\/uk\/haberler\/antalya\/gasp-suphelisi-7-kisi-tutuklandi\/"},"author":{"name":"","@id":""},"headline":"Gasp \u015f\u00fcphelisi 7 ki\u015fi tutukland\u0131","datePublished":"2024-12-18T10:41:24+00:00","mainEntityOfPage":{"@id":"http:\/\/denizcankizil.tr\/uk\/haberler\/antalya\/gasp-suphelisi-7-kisi-tutuklandi\/"},"wordCount":104,"commentCount":0,"publisher":{"@id":"https:\/\/denizcankizil.tr\/de\/#organization"},"image":{"@id":"http:\/\/denizcankizil.tr\/uk\/haberler\/antalya\/gasp-suphelisi-7-kisi-tutuklandi\/#primaryimage"},"thumbnailUrl":"http:\/\/denizcankizil.tr\/wp-content\/uploads\/2024\/12\/3653-01-vuGZPI.jpeg","articleSection":["Antalya","Uncategorized"],"inLanguage":"uk","potentialAction":[{"@type":"CommentAction","name":"Comment","target":["http:\/\/denizcankizil.tr\/uk\/haberler\/antalya\/gasp-suphelisi-7-kisi-tutuklandi\/#respond"]}]},{"@type":"WebPage","@id":"http:\/\/denizcankizil.tr\/uk\/haberler\/antalya\/gasp-suphelisi-7-kisi-tutuklandi\/","url":"http:\/\/denizcankizil.tr\/uk\/haberler\/antalya\/gasp-suphelisi-7-kisi-tutuklandi\/","name":"Gasp \u015f\u00fcphelisi 7 ki\u015fi tutukland\u0131 - Av. Deniz Can K\u0131z\u0131l","isPartOf":{"@id":"https:\/\/denizcankizil.tr\/de\/#website"},"primaryImageOfPage":{"@id":"http:\/\/denizcankizil.tr\/uk\/haberler\/antalya\/gasp-suphelisi-7-kisi-tutuklandi\/#primaryimage"},"image":{"@id":"http:\/\/denizcankizil.tr\/uk\/haberler\/antalya\/gasp-suphelisi-7-kisi-tutuklandi\/#primaryimage"},"thumbnailUrl":"http:\/\/denizcankizil.tr\/wp-content\/uploads\/2024\/12\/3653-01-vuGZPI.jpeg","datePublished":"2024-12-18T10:41:24+00:00","breadcrumb":{"@id":"http:\/\/denizcankizil.tr\/uk\/haberler\/antalya\/gasp-suphelisi-7-kisi-tutuklandi\/#breadcrumb"},"inLanguage":"uk","potentialAction":[{"@type":"ReadAction","target":["http:\/\/denizcankizil.tr\/uk\/haberler\/antalya\/gasp-suphelisi-7-kisi-tutuklandi\/"]}]},{"@type":"ImageObject","inLanguage":"uk","@id":"http:\/\/denizcankizil.tr\/uk\/haberler\/antalya\/gasp-suphelisi-7-kisi-tutuklandi\/#primaryimage","url":"http:\/\/denizcankizil.tr\/wp-content\/uploads\/2024\/12\/3653-01-vuGZPI.jpeg","contentUrl":"http:\/\/denizcankizil.tr\/wp-content\/uploads\/2024\/12\/3653-01-vuGZPI.jpeg","width":1280,"height":720},{"@type":"BreadcrumbList","@id":"http:\/\/denizcankizil.tr\/uk\/haberler\/antalya\/gasp-suphelisi-7-kisi-tutuklandi\/#breadcrumb","itemListElement":[{"@type":"ListItem","position":1,"name":"Home","item":"https:\/\/denizcankizil.tr\/de\/"},{"@type":"ListItem","position":2,"name":"Gasp \u015f\u00fcphelisi 7 ki\u015fi tutukland\u0131"}]},{"@type":"WebSite","@id":"https:\/\/denizcankizil.tr\/de\/#website","url":"https:\/\/denizcankizil.tr\/de\/","name":"Av. Deniz Can K\u0131z\u0131l","description":"Avukat Deniz Can K\u0131z\u0131l Antalya Barosu","publisher":{"@id":"https:\/\/denizcankizil.tr\/de\/#organization"},"potentialAction":[{"@type":"SearchAction","target":{"@type":"EntryPoint","urlTemplate":"https:\/\/denizcankizil.tr\/de\/?s={search_term_string}"},"query-input":{"@type":"PropertyValueSpecification","valueRequired":true,"valueName":"search_term_string"}}],"inLanguage":"uk"},{"@type":"Organization","@id":"https:\/\/denizcankizil.tr\/de\/#organization","name":"Av. Deniz Can K\u0131z\u0131l","url":"https:\/\/denizcankizil.tr\/de\/","logo":{"@type":"ImageObject","inLanguage":"uk","@id":"https:\/\/denizcankizil.tr\/de\/#\/schema\/logo\/image\/","url":"http:\/\/denizcankizil.tr\/wp-content\/uploads\/2024\/10\/siyah-logo-svg.svg","contentUrl":"http:\/\/denizcankizil.tr\/wp-content\/uploads\/2024\/10\/siyah-logo-svg.svg","width":1080,"height":1080,"caption":"Av. Deniz Can K\u0131z\u0131l"},"image":{"@id":"https:\/\/denizcankizil.tr\/de\/#\/schema\/logo\/image\/"}}]}},"_links":{"self":[{"href":"http:\/\/denizcankizil.tr\/uk\/wp-json\/wp\/v2\/posts\/21234","targetHints":{"allow":["GET"]}}],"collection":[{"href":"http:\/\/denizcankizil.tr\/uk\/wp-json\/wp\/v2\/posts"}],"about":[{"href":"http:\/\/denizcankizil.tr\/uk\/wp-json\/wp\/v2\/types\/post"}],"replies":[{"embeddable":true,"href":"http:\/\/denizcankizil.tr\/uk\/wp-json\/wp\/v2\/comments?post=21234"}],"version-history":[{"count":0,"href":"http:\/\/denizcankizil.tr\/uk\/wp-json\/wp\/v2\/posts\/21234\/revisions"}],"wp:featuredmedia":[{"embeddable":true,"href":"http:\/\/denizcankizil.tr\/uk\/wp-json\/wp\/v2\/media\/21235"}],"wp:attachment":[{"href":"http:\/\/denizcankizil.tr\/uk\/wp-json\/wp\/v2\/media?parent=21234"}],"wp:term":[{"taxonomy":"category","embeddable":true,"href":"http:\/\/denizcankizil.tr\/uk\/wp-json\/wp\/v2\/categories?post=21234"},{"taxonomy":"post_tag","embeddable":true,"href":"http:\/\/denizcankizil.tr\/uk\/wp-json\/wp\/v2\/tags?post=21234"}],"curies":[{"name":"wp","href":"https:\/\/api.w.org\/{rel}","templated":true}]}}