{"id":20975,"date":"2024-12-16T15:41:34","date_gmt":"2024-12-16T12:41:34","guid":{"rendered":"https:\/\/denizcankizil.tr\/uncategorized-tr\/anne-ve-cocuk-son-yolculuklarina-ugurlandi\/"},"modified":"2024-12-16T15:41:34","modified_gmt":"2024-12-16T12:41:34","slug":"anne-ve-cocuk-son-yolculuklarina-ugurlandi","status":"publish","type":"post","link":"http:\/\/denizcankizil.tr\/uk\/haberler\/gundem\/anne-ve-cocuk-son-yolculuklarina-ugurlandi\/","title":{"rendered":"Anne ve \u00e7ocuk Son Yolculuklar\u0131na U\u011furland\u0131"},"content":{"rendered":"<p>Depremzedeler i\u00e7in yap\u0131lan TOK\u0130 konutlar\u0131na \u00fc\u00e7 ay \u00f6nce ta\u015f\u0131nan K\u00f6k\u00e7\u00fc ailesinin G11 Blok\u2019taki ikinci kat dairesinde 12 Aral\u0131k g\u00fcn\u00fc ya\u015fanan olayda, anne Kader K\u00f6k\u00e7\u00fc (35) ve \u00e7ocuklar\u0131 Yi\u011fit Efe (14), Elif Bilge (12) ile \u0130smail Ege hayat\u0131n\u0131 kaybetmi\u015fti.<\/p>\n<p>Olaydan sa\u011f kurtulan ve \u0130skenderun Devlet Hastanesi\u2019nde tedavi g\u00f6ren baba Emrah K\u00f6k\u00e7\u00fc\u2019n\u00fcn, tedavisi tamamlanarak cenaze t\u00f6renine kat\u0131lmas\u0131 sa\u011fland\u0131. \u00c7ankaya Asri Mezarl\u0131\u011f\u0131\u2019nda d\u00fczenlenen cenaze t\u00f6renine, \u0130skenderun Kaymakam\u0131 Muhammet \u00d6nder, Belediye Ba\u015fkan\u0131 Mehmet D\u00f6nmez, \u0130l\u00e7e Emniyet M\u00fcd\u00fcr\u00fc Nevzat G\u00fcne\u015f, \u0130l\u00e7e Jandarma Komutan\u0131 Binba\u015f\u0131 Mustafa A\u00e7\u0131k, aile yak\u0131nlar\u0131 ve vatanda\u015flar kat\u0131ld\u0131. Anne ve \u00fc\u00e7 \u00e7ocu\u011fun cenazesi, mezarl\u0131kta k\u0131l\u0131nan cenaze namaz\u0131n\u0131n ard\u0131ndan yan yana topra\u011fa verildi.<\/p>\n<p>T\u00f6rende duygusal anlar ya\u015fan\u0131rken, aile yak\u0131nlar\u0131 ve sevenleri g\u00f6zya\u015flar\u0131 i\u00e7inde dualar etti. Baba Emrah K\u00f6k\u00e7\u00fc\u2019n\u00fcn ayakta durmakta zorland\u0131\u011f\u0131 g\u00f6zlemlendi. Anne ve \u00e7ocuklar, dualar ve g\u00f6zya\u015flar\u0131 e\u015fli\u011finde son yolculuklar\u0131na u\u011furland\u0131.<\/p>\n<p>\u200bHatay\u2019\u0131n \u0130skenderun il\u00e7esinde, zehirlenme sonucu hayat\u0131n\u0131 kaybeden K\u00f6k\u00e7\u00fc ailesinin anne ve \u00fc\u00e7 \u00e7ocu\u011fu, bug\u00fcn \u00c7ankaya Asri Mezarl\u0131\u011f\u0131\u2019nda d\u00fczenlenen t\u00f6renle topra\u011fa verildi.\u00a0<\/p>\n<p>\u200bHaberin Al\u0131nt\u0131land\u0131\u011f\u0131 Kaynak: www.iskenderun.org<\/p>","protected":false},"excerpt":{"rendered":"<p>Depremzedeler i\u00e7in yap\u0131lan TOK\u0130 konutlar\u0131na \u00fc\u00e7 ay \u00f6nce ta\u015f\u0131nan K\u00f6k\u00e7\u00fc ailesinin G11 Blok\u2019taki ikinci kat dairesinde 12 Aral\u0131k g\u00fcn\u00fc ya\u015fanan olayda, anne Kader K\u00f6k\u00e7\u00fc (35) ve \u00e7ocuklar\u0131 Yi\u011fit Efe (14), Elif Bilge (12) ile \u0130smail Ege hayat\u0131n\u0131 kaybetmi\u015fti. Olaydan sa\u011f kurtulan ve \u0130skenderun Devlet Hastanesi\u2019nde tedavi g\u00f6ren baba Emrah K\u00f6k\u00e7\u00fc\u2019n\u00fcn, tedavisi tamamlanarak cenaze t\u00f6renine kat\u0131lmas\u0131 sa\u011fland\u0131. \u00c7ankaya Asri Mezarl\u0131\u011f\u0131\u2019nda d\u00fczenlenen cenaze t\u00f6renine, \u0130skenderun Kaymakam\u0131 Muhammet \u00d6nder, Belediye Ba\u015fkan\u0131 Mehmet D\u00f6nmez, \u0130l\u00e7e Emniyet M\u00fcd\u00fcr\u00fc Nevzat G\u00fcne\u015f, \u0130l\u00e7e Jandarma Komutan\u0131 Binba\u015f\u0131 Mustafa A\u00e7\u0131k, aile yak\u0131nlar\u0131 ve vatanda\u015flar kat\u0131ld\u0131. Anne ve \u00fc\u00e7 \u00e7ocu\u011fun cenazesi, mezarl\u0131kta k\u0131l\u0131nan cenaze namaz\u0131n\u0131n ard\u0131ndan yan yana topra\u011fa verildi. T\u00f6rende duygusal anlar ya\u015fan\u0131rken, aile yak\u0131nlar\u0131 ve sevenleri g\u00f6zya\u015flar\u0131 i\u00e7inde dualar etti. Baba Emrah K\u00f6k\u00e7\u00fc\u2019n\u00fcn ayakta durmakta zorland\u0131\u011f\u0131 g\u00f6zlemlendi. Anne ve \u00e7ocuklar, dualar ve g\u00f6zya\u015flar\u0131 e\u015fli\u011finde son yolculuklar\u0131na u\u011furland\u0131. \u200bHatay\u2019\u0131n \u0130skenderun il\u00e7esinde, zehirlenme sonucu hayat\u0131n\u0131 kaybeden K\u00f6k\u00e7\u00fc ailesinin anne ve \u00fc\u00e7 \u00e7ocu\u011fu, bug\u00fcn \u00c7ankaya Asri Mezarl\u0131\u011f\u0131\u2019nda d\u00fczenlenen t\u00f6renle topra\u011fa verildi.\u00a0 \u200bHaberin Al\u0131nt\u0131land\u0131\u011f\u0131 Kaynak: www.iskenderun.org<\/p>","protected":false},"author":0,"featured_media":0,"comment_status":"open","ping_status":"open","sticky":false,"template":"","format":"standard","meta":{"_acf_changed":false,"footnotes":""},"categories":[24,535],"tags":[],"class_list":["post-20975","post","type-post","status-publish","format-standard","has-post-thumbnail","hentry","category-gundem","category-uncategorized-tr"],"acf":[],"yoast_head":"<!-- This site is optimized with the Yoast SEO Premium plugin v26.6 (Yoast SEO v27.1.1) - https:\/\/yoast.com\/product\/yoast-seo-premium-wordpress\/ -->\n<title>Anne ve \u00e7ocuk Son Yolculuklar\u0131na U\u011furland\u0131 - Av. Deniz Can K\u0131z\u0131l<\/title>\n<meta name=\"robots\" content=\"index, follow, max-snippet:-1, max-image-preview:large, max-video-preview:-1\" \/>\n<link rel=\"canonical\" href=\"http:\/\/denizcankizil.tr\/uk\/haberler\/gundem\/anne-ve-cocuk-son-yolculuklarina-ugurlandi\/\" \/>\n<meta property=\"og:locale\" content=\"uk_UA\" \/>\n<meta property=\"og:type\" content=\"article\" \/>\n<meta property=\"og:title\" content=\"Anne ve \u00e7ocuk Son Yolculuklar\u0131na U\u011furland\u0131\" \/>\n<meta property=\"og:description\" content=\"Depremzedeler i\u00e7in yap\u0131lan TOK\u0130 konutlar\u0131na \u00fc\u00e7 ay \u00f6nce ta\u015f\u0131nan K\u00f6k\u00e7\u00fc ailesinin G11 Blok\u2019taki ikinci kat dairesinde 12 Aral\u0131k g\u00fcn\u00fc ya\u015fanan olayda, anne Kader K\u00f6k\u00e7\u00fc (35) ve \u00e7ocuklar\u0131 Yi\u011fit Efe (14), Elif Bilge (12) ile \u0130smail Ege hayat\u0131n\u0131 kaybetmi\u015fti. Olaydan sa\u011f kurtulan ve \u0130skenderun Devlet Hastanesi\u2019nde tedavi g\u00f6ren baba Emrah K\u00f6k\u00e7\u00fc\u2019n\u00fcn, tedavisi tamamlanarak cenaze t\u00f6renine kat\u0131lmas\u0131 sa\u011fland\u0131. \u00c7ankaya Asri Mezarl\u0131\u011f\u0131\u2019nda d\u00fczenlenen cenaze t\u00f6renine, \u0130skenderun Kaymakam\u0131 Muhammet \u00d6nder, Belediye Ba\u015fkan\u0131 Mehmet D\u00f6nmez, \u0130l\u00e7e Emniyet M\u00fcd\u00fcr\u00fc Nevzat G\u00fcne\u015f, \u0130l\u00e7e Jandarma Komutan\u0131 Binba\u015f\u0131 Mustafa A\u00e7\u0131k, aile yak\u0131nlar\u0131 ve vatanda\u015flar kat\u0131ld\u0131. Anne ve \u00fc\u00e7 \u00e7ocu\u011fun cenazesi, mezarl\u0131kta k\u0131l\u0131nan cenaze namaz\u0131n\u0131n ard\u0131ndan yan yana topra\u011fa verildi. T\u00f6rende duygusal anlar ya\u015fan\u0131rken, aile yak\u0131nlar\u0131 ve sevenleri g\u00f6zya\u015flar\u0131 i\u00e7inde dualar etti. Baba Emrah K\u00f6k\u00e7\u00fc\u2019n\u00fcn ayakta durmakta zorland\u0131\u011f\u0131 g\u00f6zlemlendi. Anne ve \u00e7ocuklar, dualar ve g\u00f6zya\u015flar\u0131 e\u015fli\u011finde son yolculuklar\u0131na u\u011furland\u0131. \u200bHatay\u2019\u0131n \u0130skenderun il\u00e7esinde, zehirlenme sonucu hayat\u0131n\u0131 kaybeden K\u00f6k\u00e7\u00fc ailesinin anne ve \u00fc\u00e7 \u00e7ocu\u011fu, bug\u00fcn \u00c7ankaya Asri Mezarl\u0131\u011f\u0131\u2019nda d\u00fczenlenen t\u00f6renle topra\u011fa verildi.\u00a0 \u200bHaberin Al\u0131nt\u0131land\u0131\u011f\u0131 Kaynak: www.iskenderun.org\" \/>\n<meta property=\"og:url\" content=\"http:\/\/denizcankizil.tr\/uk\/haberler\/gundem\/anne-ve-cocuk-son-yolculuklarina-ugurlandi\/\" \/>\n<meta property=\"og:site_name\" content=\"Av. Deniz Can K\u0131z\u0131l\" \/>\n<meta property=\"article:published_time\" content=\"2024-12-16T12:41:34+00:00\" \/>\n<meta name=\"twitter:card\" content=\"summary_large_image\" \/>\n<meta name=\"twitter:label1\" content=\"\u041f\u0440\u0438\u0431\u043b. \u0447\u0430\u0441 \u0447\u0438\u0442\u0430\u043d\u043d\u044f\" \/>\n\t<meta name=\"twitter:data1\" content=\"1 \u0445\u0432\u0438\u043b\u0438\u043d\u0430\" \/>\n<script type=\"application\/ld+json\" class=\"yoast-schema-graph\">{\"@context\":\"https:\/\/schema.org\",\"@graph\":[{\"@type\":\"Article\",\"@id\":\"http:\/\/denizcankizil.tr\/uk\/haberler\/gundem\/anne-ve-cocuk-son-yolculuklarina-ugurlandi\/#article\",\"isPartOf\":{\"@id\":\"http:\/\/denizcankizil.tr\/uk\/haberler\/gundem\/anne-ve-cocuk-son-yolculuklarina-ugurlandi\/\"},\"author\":{\"name\":\"\",\"@id\":\"\"},\"headline\":\"Anne ve \u00e7ocuk Son Yolculuklar\u0131na U\u011furland\u0131\",\"datePublished\":\"2024-12-16T12:41:34+00:00\",\"mainEntityOfPage\":{\"@id\":\"http:\/\/denizcankizil.tr\/uk\/haberler\/gundem\/anne-ve-cocuk-son-yolculuklarina-ugurlandi\/\"},\"wordCount\":229,\"commentCount\":0,\"publisher\":{\"@id\":\"https:\/\/denizcankizil.tr\/#organization\"},\"articleSection\":[\"G\u00fcndem\",\"Uncategorized\"],\"inLanguage\":\"uk\",\"potentialAction\":[{\"@type\":\"CommentAction\",\"name\":\"Comment\",\"target\":[\"http:\/\/denizcankizil.tr\/uk\/haberler\/gundem\/anne-ve-cocuk-son-yolculuklarina-ugurlandi\/#respond\"]}]},{\"@type\":\"WebPage\",\"@id\":\"http:\/\/denizcankizil.tr\/uk\/haberler\/gundem\/anne-ve-cocuk-son-yolculuklarina-ugurlandi\/\",\"url\":\"http:\/\/denizcankizil.tr\/uk\/haberler\/gundem\/anne-ve-cocuk-son-yolculuklarina-ugurlandi\/\",\"name\":\"Anne ve \u00e7ocuk Son Yolculuklar\u0131na U\u011furland\u0131 - Av. Deniz Can K\u0131z\u0131l\",\"isPartOf\":{\"@id\":\"https:\/\/denizcankizil.tr\/#website\"},\"datePublished\":\"2024-12-16T12:41:34+00:00\",\"breadcrumb\":{\"@id\":\"http:\/\/denizcankizil.tr\/uk\/haberler\/gundem\/anne-ve-cocuk-son-yolculuklarina-ugurlandi\/#breadcrumb\"},\"inLanguage\":\"uk\",\"potentialAction\":[{\"@type\":\"ReadAction\",\"target\":[\"http:\/\/denizcankizil.tr\/uk\/haberler\/gundem\/anne-ve-cocuk-son-yolculuklarina-ugurlandi\/\"]}]},{\"@type\":\"BreadcrumbList\",\"@id\":\"http:\/\/denizcankizil.tr\/uk\/haberler\/gundem\/anne-ve-cocuk-son-yolculuklarina-ugurlandi\/#breadcrumb\",\"itemListElement\":[{\"@type\":\"ListItem\",\"position\":1,\"name\":\"Home\",\"item\":\"https:\/\/denizcankizil.tr\/de\/\"},{\"@type\":\"ListItem\",\"position\":2,\"name\":\"Anne ve \u00e7ocuk Son Yolculuklar\u0131na U\u011furland\u0131\"}]},{\"@type\":\"WebSite\",\"@id\":\"https:\/\/denizcankizil.tr\/#website\",\"url\":\"https:\/\/denizcankizil.tr\/\",\"name\":\"Av. Deniz Can K\u0131z\u0131l\",\"description\":\"Avukat Deniz Can K\u0131z\u0131l Antalya Barosu\",\"publisher\":{\"@id\":\"https:\/\/denizcankizil.tr\/#organization\"},\"potentialAction\":[{\"@type\":\"SearchAction\",\"target\":{\"@type\":\"EntryPoint\",\"urlTemplate\":\"https:\/\/denizcankizil.tr\/?s={search_term_string}\"},\"query-input\":{\"@type\":\"PropertyValueSpecification\",\"valueRequired\":true,\"valueName\":\"search_term_string\"}}],\"inLanguage\":\"uk\"},{\"@type\":\"Organization\",\"@id\":\"https:\/\/denizcankizil.tr\/#organization\",\"name\":\"Av. Deniz Can K\u0131z\u0131l\",\"url\":\"https:\/\/denizcankizil.tr\/\",\"logo\":{\"@type\":\"ImageObject\",\"inLanguage\":\"uk\",\"@id\":\"https:\/\/denizcankizil.tr\/#\/schema\/logo\/image\/\",\"url\":\"http:\/\/denizcankizil.tr\/wp-content\/uploads\/2024\/10\/siyah-logo-svg.svg\",\"contentUrl\":\"http:\/\/denizcankizil.tr\/wp-content\/uploads\/2024\/10\/siyah-logo-svg.svg\",\"width\":1080,\"height\":1080,\"caption\":\"Av. Deniz Can K\u0131z\u0131l\"},\"image\":{\"@id\":\"https:\/\/denizcankizil.tr\/#\/schema\/logo\/image\/\"}}]}<\/script>\n<!-- \/ Yoast SEO Premium plugin. -->","yoast_head_json":{"title":"Anne ve \u00e7ocuk Son Yolculuklar\u0131na U\u011furland\u0131 - Av. Deniz Can K\u0131z\u0131l","robots":{"index":"index","follow":"follow","max-snippet":"max-snippet:-1","max-image-preview":"max-image-preview:large","max-video-preview":"max-video-preview:-1"},"canonical":"http:\/\/denizcankizil.tr\/uk\/haberler\/gundem\/anne-ve-cocuk-son-yolculuklarina-ugurlandi\/","og_locale":"uk_UA","og_type":"article","og_title":"Anne ve \u00e7ocuk Son Yolculuklar\u0131na U\u011furland\u0131","og_description":"Depremzedeler i\u00e7in yap\u0131lan TOK\u0130 konutlar\u0131na \u00fc\u00e7 ay \u00f6nce ta\u015f\u0131nan K\u00f6k\u00e7\u00fc ailesinin G11 Blok\u2019taki ikinci kat dairesinde 12 Aral\u0131k g\u00fcn\u00fc ya\u015fanan olayda, anne Kader K\u00f6k\u00e7\u00fc (35) ve \u00e7ocuklar\u0131 Yi\u011fit Efe (14), Elif Bilge (12) ile \u0130smail Ege hayat\u0131n\u0131 kaybetmi\u015fti. Olaydan sa\u011f kurtulan ve \u0130skenderun Devlet Hastanesi\u2019nde tedavi g\u00f6ren baba Emrah K\u00f6k\u00e7\u00fc\u2019n\u00fcn, tedavisi tamamlanarak cenaze t\u00f6renine kat\u0131lmas\u0131 sa\u011fland\u0131. \u00c7ankaya Asri Mezarl\u0131\u011f\u0131\u2019nda d\u00fczenlenen cenaze t\u00f6renine, \u0130skenderun Kaymakam\u0131 Muhammet \u00d6nder, Belediye Ba\u015fkan\u0131 Mehmet D\u00f6nmez, \u0130l\u00e7e Emniyet M\u00fcd\u00fcr\u00fc Nevzat G\u00fcne\u015f, \u0130l\u00e7e Jandarma Komutan\u0131 Binba\u015f\u0131 Mustafa A\u00e7\u0131k, aile yak\u0131nlar\u0131 ve vatanda\u015flar kat\u0131ld\u0131. Anne ve \u00fc\u00e7 \u00e7ocu\u011fun cenazesi, mezarl\u0131kta k\u0131l\u0131nan cenaze namaz\u0131n\u0131n ard\u0131ndan yan yana topra\u011fa verildi. T\u00f6rende duygusal anlar ya\u015fan\u0131rken, aile yak\u0131nlar\u0131 ve sevenleri g\u00f6zya\u015flar\u0131 i\u00e7inde dualar etti. Baba Emrah K\u00f6k\u00e7\u00fc\u2019n\u00fcn ayakta durmakta zorland\u0131\u011f\u0131 g\u00f6zlemlendi. Anne ve \u00e7ocuklar, dualar ve g\u00f6zya\u015flar\u0131 e\u015fli\u011finde son yolculuklar\u0131na u\u011furland\u0131. \u200bHatay\u2019\u0131n \u0130skenderun il\u00e7esinde, zehirlenme sonucu hayat\u0131n\u0131 kaybeden K\u00f6k\u00e7\u00fc ailesinin anne ve \u00fc\u00e7 \u00e7ocu\u011fu, bug\u00fcn \u00c7ankaya Asri Mezarl\u0131\u011f\u0131\u2019nda d\u00fczenlenen t\u00f6renle topra\u011fa verildi.\u00a0 \u200bHaberin Al\u0131nt\u0131land\u0131\u011f\u0131 Kaynak: www.iskenderun.org","og_url":"http:\/\/denizcankizil.tr\/uk\/haberler\/gundem\/anne-ve-cocuk-son-yolculuklarina-ugurlandi\/","og_site_name":"Av. Deniz Can K\u0131z\u0131l","article_published_time":"2024-12-16T12:41:34+00:00","twitter_card":"summary_large_image","twitter_misc":{"\u041f\u0440\u0438\u0431\u043b. \u0447\u0430\u0441 \u0447\u0438\u0442\u0430\u043d\u043d\u044f":"1 \u0445\u0432\u0438\u043b\u0438\u043d\u0430"},"schema":{"@context":"https:\/\/schema.org","@graph":[{"@type":"Article","@id":"http:\/\/denizcankizil.tr\/uk\/haberler\/gundem\/anne-ve-cocuk-son-yolculuklarina-ugurlandi\/#article","isPartOf":{"@id":"http:\/\/denizcankizil.tr\/uk\/haberler\/gundem\/anne-ve-cocuk-son-yolculuklarina-ugurlandi\/"},"author":{"name":"","@id":""},"headline":"Anne ve \u00e7ocuk Son Yolculuklar\u0131na U\u011furland\u0131","datePublished":"2024-12-16T12:41:34+00:00","mainEntityOfPage":{"@id":"http:\/\/denizcankizil.tr\/uk\/haberler\/gundem\/anne-ve-cocuk-son-yolculuklarina-ugurlandi\/"},"wordCount":229,"commentCount":0,"publisher":{"@id":"https:\/\/denizcankizil.tr\/#organization"},"articleSection":["G\u00fcndem","Uncategorized"],"inLanguage":"uk","potentialAction":[{"@type":"CommentAction","name":"Comment","target":["http:\/\/denizcankizil.tr\/uk\/haberler\/gundem\/anne-ve-cocuk-son-yolculuklarina-ugurlandi\/#respond"]}]},{"@type":"WebPage","@id":"http:\/\/denizcankizil.tr\/uk\/haberler\/gundem\/anne-ve-cocuk-son-yolculuklarina-ugurlandi\/","url":"http:\/\/denizcankizil.tr\/uk\/haberler\/gundem\/anne-ve-cocuk-son-yolculuklarina-ugurlandi\/","name":"Anne ve \u00e7ocuk Son Yolculuklar\u0131na U\u011furland\u0131 - Av. Deniz Can K\u0131z\u0131l","isPartOf":{"@id":"https:\/\/denizcankizil.tr\/#website"},"datePublished":"2024-12-16T12:41:34+00:00","breadcrumb":{"@id":"http:\/\/denizcankizil.tr\/uk\/haberler\/gundem\/anne-ve-cocuk-son-yolculuklarina-ugurlandi\/#breadcrumb"},"inLanguage":"uk","potentialAction":[{"@type":"ReadAction","target":["http:\/\/denizcankizil.tr\/uk\/haberler\/gundem\/anne-ve-cocuk-son-yolculuklarina-ugurlandi\/"]}]},{"@type":"BreadcrumbList","@id":"http:\/\/denizcankizil.tr\/uk\/haberler\/gundem\/anne-ve-cocuk-son-yolculuklarina-ugurlandi\/#breadcrumb","itemListElement":[{"@type":"ListItem","position":1,"name":"Home","item":"https:\/\/denizcankizil.tr\/de\/"},{"@type":"ListItem","position":2,"name":"Anne ve \u00e7ocuk Son Yolculuklar\u0131na U\u011furland\u0131"}]},{"@type":"WebSite","@id":"https:\/\/denizcankizil.tr\/#website","url":"https:\/\/denizcankizil.tr\/","name":"Av. Deniz Can K\u0131z\u0131l","description":"Avukat Deniz Can K\u0131z\u0131l Antalya Barosu","publisher":{"@id":"https:\/\/denizcankizil.tr\/#organization"},"potentialAction":[{"@type":"SearchAction","target":{"@type":"EntryPoint","urlTemplate":"https:\/\/denizcankizil.tr\/?s={search_term_string}"},"query-input":{"@type":"PropertyValueSpecification","valueRequired":true,"valueName":"search_term_string"}}],"inLanguage":"uk"},{"@type":"Organization","@id":"https:\/\/denizcankizil.tr\/#organization","name":"Av. Deniz Can K\u0131z\u0131l","url":"https:\/\/denizcankizil.tr\/","logo":{"@type":"ImageObject","inLanguage":"uk","@id":"https:\/\/denizcankizil.tr\/#\/schema\/logo\/image\/","url":"http:\/\/denizcankizil.tr\/wp-content\/uploads\/2024\/10\/siyah-logo-svg.svg","contentUrl":"http:\/\/denizcankizil.tr\/wp-content\/uploads\/2024\/10\/siyah-logo-svg.svg","width":1080,"height":1080,"caption":"Av. Deniz Can K\u0131z\u0131l"},"image":{"@id":"https:\/\/denizcankizil.tr\/#\/schema\/logo\/image\/"}}]}},"_links":{"self":[{"href":"http:\/\/denizcankizil.tr\/uk\/wp-json\/wp\/v2\/posts\/20975","targetHints":{"allow":["GET"]}}],"collection":[{"href":"http:\/\/denizcankizil.tr\/uk\/wp-json\/wp\/v2\/posts"}],"about":[{"href":"http:\/\/denizcankizil.tr\/uk\/wp-json\/wp\/v2\/types\/post"}],"replies":[{"embeddable":true,"href":"http:\/\/denizcankizil.tr\/uk\/wp-json\/wp\/v2\/comments?post=20975"}],"version-history":[{"count":0,"href":"http:\/\/denizcankizil.tr\/uk\/wp-json\/wp\/v2\/posts\/20975\/revisions"}],"wp:attachment":[{"href":"http:\/\/denizcankizil.tr\/uk\/wp-json\/wp\/v2\/media?parent=20975"}],"wp:term":[{"taxonomy":"category","embeddable":true,"href":"http:\/\/denizcankizil.tr\/uk\/wp-json\/wp\/v2\/categories?post=20975"},{"taxonomy":"post_tag","embeddable":true,"href":"http:\/\/denizcankizil.tr\/uk\/wp-json\/wp\/v2\/tags?post=20975"}],"curies":[{"name":"wp","href":"https:\/\/api.w.org\/{rel}","templated":true}]}}