{"id":20967,"date":"2024-12-16T14:42:01","date_gmt":"2024-12-16T11:42:01","guid":{"rendered":"https:\/\/denizcankizil.tr\/uncategorized-tr\/yeni-yila-setur-farkiyla-merhaba-deyin\/"},"modified":"2024-12-16T14:42:01","modified_gmt":"2024-12-16T11:42:01","slug":"yeni-yila-setur-farkiyla-merhaba-deyin","status":"publish","type":"post","link":"http:\/\/denizcankizil.tr\/uk\/haberler\/gundem\/yeni-yila-setur-farkiyla-merhaba-deyin\/","title":{"rendered":"Yeni Y\u0131la Setur Fark\u0131yla \u2018Merhaba\u2019 Deyin"},"content":{"rendered":"<p>Ko\u00e7 Toplulu\u011fu \u015firketlerinden Setur, y\u0131l\u0131n bu \u00f6zel zaman\u0131nda seyahat severleri hayallerini kurduklar\u0131 y\u0131lba\u015f\u0131 tatiliyle bulu\u015fturuyor.\u00a0<\/p>\n<p>\u200bKo\u00e7 Toplulu\u011fu \u015firketlerinden Setur, y\u0131l\u0131n bu \u00f6zel zaman\u0131nda seyahat severleri hayallerini kurduklar\u0131 y\u0131lba\u015f\u0131 tatiliyle bulu\u015fturuyor.\u00a0\u00a0<\/p>\n<p>\u200bHaberin Al\u0131nt\u0131land\u0131\u011f\u0131 Kaynak: www.iskenderun.org<\/p>","protected":false},"excerpt":{"rendered":"<p>Ko\u00e7 Toplulu\u011fu \u015firketlerinden Setur, y\u0131l\u0131n bu \u00f6zel zaman\u0131nda seyahat severleri hayallerini kurduklar\u0131 y\u0131lba\u015f\u0131 tatiliyle bulu\u015fturuyor.\u00a0 \u200bKo\u00e7 Toplulu\u011fu \u015firketlerinden Setur, y\u0131l\u0131n bu \u00f6zel zaman\u0131nda seyahat severleri hayallerini kurduklar\u0131 y\u0131lba\u015f\u0131 tatiliyle bulu\u015fturuyor.\u00a0\u00a0 \u200bHaberin Al\u0131nt\u0131land\u0131\u011f\u0131 Kaynak: www.iskenderun.org<\/p>","protected":false},"author":0,"featured_media":0,"comment_status":"open","ping_status":"open","sticky":false,"template":"","format":"standard","meta":{"_acf_changed":false,"footnotes":""},"categories":[24,535],"tags":[],"class_list":["post-20967","post","type-post","status-publish","format-standard","has-post-thumbnail","hentry","category-gundem","category-uncategorized-tr"],"acf":[],"yoast_head":"<!-- This site is optimized with the Yoast SEO Premium plugin v26.6 (Yoast SEO v27.1.1) - https:\/\/yoast.com\/product\/yoast-seo-premium-wordpress\/ -->\n<title>Yeni Y\u0131la Setur Fark\u0131yla \u2018Merhaba\u2019 Deyin - Av. Deniz Can K\u0131z\u0131l<\/title>\n<meta name=\"robots\" content=\"index, follow, max-snippet:-1, max-image-preview:large, max-video-preview:-1\" \/>\n<link rel=\"canonical\" href=\"http:\/\/denizcankizil.tr\/uk\/haberler\/gundem\/yeni-yila-setur-farkiyla-merhaba-deyin\/\" \/>\n<meta property=\"og:locale\" content=\"uk_UA\" \/>\n<meta property=\"og:type\" content=\"article\" \/>\n<meta property=\"og:title\" content=\"Yeni Y\u0131la Setur Fark\u0131yla \u2018Merhaba\u2019 Deyin\" \/>\n<meta property=\"og:description\" content=\"Ko\u00e7 Toplulu\u011fu \u015firketlerinden Setur, y\u0131l\u0131n bu \u00f6zel zaman\u0131nda seyahat severleri hayallerini kurduklar\u0131 y\u0131lba\u015f\u0131 tatiliyle bulu\u015fturuyor.\u00a0 \u200bKo\u00e7 Toplulu\u011fu \u015firketlerinden Setur, y\u0131l\u0131n bu \u00f6zel zaman\u0131nda seyahat severleri hayallerini kurduklar\u0131 y\u0131lba\u015f\u0131 tatiliyle bulu\u015fturuyor.\u00a0\u00a0 \u200bHaberin Al\u0131nt\u0131land\u0131\u011f\u0131 Kaynak: www.iskenderun.org\" \/>\n<meta property=\"og:url\" content=\"http:\/\/denizcankizil.tr\/uk\/haberler\/gundem\/yeni-yila-setur-farkiyla-merhaba-deyin\/\" \/>\n<meta property=\"og:site_name\" content=\"Av. Deniz Can K\u0131z\u0131l\" \/>\n<meta property=\"article:published_time\" content=\"2024-12-16T11:42:01+00:00\" \/>\n<meta name=\"twitter:card\" content=\"summary_large_image\" \/>\n<script type=\"application\/ld+json\" class=\"yoast-schema-graph\">{\"@context\":\"https:\/\/schema.org\",\"@graph\":[{\"@type\":\"Article\",\"@id\":\"http:\/\/denizcankizil.tr\/uk\/haberler\/gundem\/yeni-yila-setur-farkiyla-merhaba-deyin\/#article\",\"isPartOf\":{\"@id\":\"http:\/\/denizcankizil.tr\/uk\/haberler\/gundem\/yeni-yila-setur-farkiyla-merhaba-deyin\/\"},\"author\":{\"name\":\"\",\"@id\":\"\"},\"headline\":\"Yeni Y\u0131la Setur Fark\u0131yla \u2018Merhaba\u2019 Deyin\",\"datePublished\":\"2024-12-16T11:42:01+00:00\",\"mainEntityOfPage\":{\"@id\":\"http:\/\/denizcankizil.tr\/uk\/haberler\/gundem\/yeni-yila-setur-farkiyla-merhaba-deyin\/\"},\"wordCount\":58,\"commentCount\":0,\"publisher\":{\"@id\":\"https:\/\/denizcankizil.tr\/de\/#organization\"},\"articleSection\":[\"G\u00fcndem\",\"Uncategorized\"],\"inLanguage\":\"uk\",\"potentialAction\":[{\"@type\":\"CommentAction\",\"name\":\"Comment\",\"target\":[\"http:\/\/denizcankizil.tr\/uk\/haberler\/gundem\/yeni-yila-setur-farkiyla-merhaba-deyin\/#respond\"]}]},{\"@type\":\"WebPage\",\"@id\":\"http:\/\/denizcankizil.tr\/uk\/haberler\/gundem\/yeni-yila-setur-farkiyla-merhaba-deyin\/\",\"url\":\"http:\/\/denizcankizil.tr\/uk\/haberler\/gundem\/yeni-yila-setur-farkiyla-merhaba-deyin\/\",\"name\":\"Yeni Y\u0131la Setur Fark\u0131yla \u2018Merhaba\u2019 Deyin - Av. Deniz Can K\u0131z\u0131l\",\"isPartOf\":{\"@id\":\"https:\/\/denizcankizil.tr\/de\/#website\"},\"datePublished\":\"2024-12-16T11:42:01+00:00\",\"breadcrumb\":{\"@id\":\"http:\/\/denizcankizil.tr\/uk\/haberler\/gundem\/yeni-yila-setur-farkiyla-merhaba-deyin\/#breadcrumb\"},\"inLanguage\":\"uk\",\"potentialAction\":[{\"@type\":\"ReadAction\",\"target\":[\"http:\/\/denizcankizil.tr\/uk\/haberler\/gundem\/yeni-yila-setur-farkiyla-merhaba-deyin\/\"]}]},{\"@type\":\"BreadcrumbList\",\"@id\":\"http:\/\/denizcankizil.tr\/uk\/haberler\/gundem\/yeni-yila-setur-farkiyla-merhaba-deyin\/#breadcrumb\",\"itemListElement\":[{\"@type\":\"ListItem\",\"position\":1,\"name\":\"Home\",\"item\":\"https:\/\/denizcankizil.tr\/de\/\"},{\"@type\":\"ListItem\",\"position\":2,\"name\":\"Yeni Y\u0131la Setur Fark\u0131yla \u2018Merhaba\u2019 Deyin\"}]},{\"@type\":\"WebSite\",\"@id\":\"https:\/\/denizcankizil.tr\/de\/#website\",\"url\":\"https:\/\/denizcankizil.tr\/de\/\",\"name\":\"Av. Deniz Can K\u0131z\u0131l\",\"description\":\"Avukat Deniz Can K\u0131z\u0131l Antalya Barosu\",\"publisher\":{\"@id\":\"https:\/\/denizcankizil.tr\/de\/#organization\"},\"potentialAction\":[{\"@type\":\"SearchAction\",\"target\":{\"@type\":\"EntryPoint\",\"urlTemplate\":\"https:\/\/denizcankizil.tr\/de\/?s={search_term_string}\"},\"query-input\":{\"@type\":\"PropertyValueSpecification\",\"valueRequired\":true,\"valueName\":\"search_term_string\"}}],\"inLanguage\":\"uk\"},{\"@type\":\"Organization\",\"@id\":\"https:\/\/denizcankizil.tr\/de\/#organization\",\"name\":\"Av. Deniz Can K\u0131z\u0131l\",\"url\":\"https:\/\/denizcankizil.tr\/de\/\",\"logo\":{\"@type\":\"ImageObject\",\"inLanguage\":\"uk\",\"@id\":\"https:\/\/denizcankizil.tr\/de\/#\/schema\/logo\/image\/\",\"url\":\"http:\/\/denizcankizil.tr\/wp-content\/uploads\/2024\/10\/siyah-logo-svg.svg\",\"contentUrl\":\"http:\/\/denizcankizil.tr\/wp-content\/uploads\/2024\/10\/siyah-logo-svg.svg\",\"width\":1080,\"height\":1080,\"caption\":\"Av. Deniz Can K\u0131z\u0131l\"},\"image\":{\"@id\":\"https:\/\/denizcankizil.tr\/de\/#\/schema\/logo\/image\/\"}}]}<\/script>\n<!-- \/ Yoast SEO Premium plugin. -->","yoast_head_json":{"title":"Yeni Y\u0131la Setur Fark\u0131yla \u2018Merhaba\u2019 Deyin - Av. Deniz Can K\u0131z\u0131l","robots":{"index":"index","follow":"follow","max-snippet":"max-snippet:-1","max-image-preview":"max-image-preview:large","max-video-preview":"max-video-preview:-1"},"canonical":"http:\/\/denizcankizil.tr\/uk\/haberler\/gundem\/yeni-yila-setur-farkiyla-merhaba-deyin\/","og_locale":"uk_UA","og_type":"article","og_title":"Yeni Y\u0131la Setur Fark\u0131yla \u2018Merhaba\u2019 Deyin","og_description":"Ko\u00e7 Toplulu\u011fu \u015firketlerinden Setur, y\u0131l\u0131n bu \u00f6zel zaman\u0131nda seyahat severleri hayallerini kurduklar\u0131 y\u0131lba\u015f\u0131 tatiliyle bulu\u015fturuyor.\u00a0 \u200bKo\u00e7 Toplulu\u011fu \u015firketlerinden Setur, y\u0131l\u0131n bu \u00f6zel zaman\u0131nda seyahat severleri hayallerini kurduklar\u0131 y\u0131lba\u015f\u0131 tatiliyle bulu\u015fturuyor.\u00a0\u00a0 \u200bHaberin Al\u0131nt\u0131land\u0131\u011f\u0131 Kaynak: www.iskenderun.org","og_url":"http:\/\/denizcankizil.tr\/uk\/haberler\/gundem\/yeni-yila-setur-farkiyla-merhaba-deyin\/","og_site_name":"Av. Deniz Can K\u0131z\u0131l","article_published_time":"2024-12-16T11:42:01+00:00","twitter_card":"summary_large_image","schema":{"@context":"https:\/\/schema.org","@graph":[{"@type":"Article","@id":"http:\/\/denizcankizil.tr\/uk\/haberler\/gundem\/yeni-yila-setur-farkiyla-merhaba-deyin\/#article","isPartOf":{"@id":"http:\/\/denizcankizil.tr\/uk\/haberler\/gundem\/yeni-yila-setur-farkiyla-merhaba-deyin\/"},"author":{"name":"","@id":""},"headline":"Yeni Y\u0131la Setur Fark\u0131yla \u2018Merhaba\u2019 Deyin","datePublished":"2024-12-16T11:42:01+00:00","mainEntityOfPage":{"@id":"http:\/\/denizcankizil.tr\/uk\/haberler\/gundem\/yeni-yila-setur-farkiyla-merhaba-deyin\/"},"wordCount":58,"commentCount":0,"publisher":{"@id":"https:\/\/denizcankizil.tr\/de\/#organization"},"articleSection":["G\u00fcndem","Uncategorized"],"inLanguage":"uk","potentialAction":[{"@type":"CommentAction","name":"Comment","target":["http:\/\/denizcankizil.tr\/uk\/haberler\/gundem\/yeni-yila-setur-farkiyla-merhaba-deyin\/#respond"]}]},{"@type":"WebPage","@id":"http:\/\/denizcankizil.tr\/uk\/haberler\/gundem\/yeni-yila-setur-farkiyla-merhaba-deyin\/","url":"http:\/\/denizcankizil.tr\/uk\/haberler\/gundem\/yeni-yila-setur-farkiyla-merhaba-deyin\/","name":"Yeni Y\u0131la Setur Fark\u0131yla \u2018Merhaba\u2019 Deyin - Av. Deniz Can K\u0131z\u0131l","isPartOf":{"@id":"https:\/\/denizcankizil.tr\/de\/#website"},"datePublished":"2024-12-16T11:42:01+00:00","breadcrumb":{"@id":"http:\/\/denizcankizil.tr\/uk\/haberler\/gundem\/yeni-yila-setur-farkiyla-merhaba-deyin\/#breadcrumb"},"inLanguage":"uk","potentialAction":[{"@type":"ReadAction","target":["http:\/\/denizcankizil.tr\/uk\/haberler\/gundem\/yeni-yila-setur-farkiyla-merhaba-deyin\/"]}]},{"@type":"BreadcrumbList","@id":"http:\/\/denizcankizil.tr\/uk\/haberler\/gundem\/yeni-yila-setur-farkiyla-merhaba-deyin\/#breadcrumb","itemListElement":[{"@type":"ListItem","position":1,"name":"Home","item":"https:\/\/denizcankizil.tr\/de\/"},{"@type":"ListItem","position":2,"name":"Yeni Y\u0131la Setur Fark\u0131yla \u2018Merhaba\u2019 Deyin"}]},{"@type":"WebSite","@id":"https:\/\/denizcankizil.tr\/de\/#website","url":"https:\/\/denizcankizil.tr\/de\/","name":"Av. Deniz Can K\u0131z\u0131l","description":"Avukat Deniz Can K\u0131z\u0131l Antalya Barosu","publisher":{"@id":"https:\/\/denizcankizil.tr\/de\/#organization"},"potentialAction":[{"@type":"SearchAction","target":{"@type":"EntryPoint","urlTemplate":"https:\/\/denizcankizil.tr\/de\/?s={search_term_string}"},"query-input":{"@type":"PropertyValueSpecification","valueRequired":true,"valueName":"search_term_string"}}],"inLanguage":"uk"},{"@type":"Organization","@id":"https:\/\/denizcankizil.tr\/de\/#organization","name":"Av. Deniz Can K\u0131z\u0131l","url":"https:\/\/denizcankizil.tr\/de\/","logo":{"@type":"ImageObject","inLanguage":"uk","@id":"https:\/\/denizcankizil.tr\/de\/#\/schema\/logo\/image\/","url":"http:\/\/denizcankizil.tr\/wp-content\/uploads\/2024\/10\/siyah-logo-svg.svg","contentUrl":"http:\/\/denizcankizil.tr\/wp-content\/uploads\/2024\/10\/siyah-logo-svg.svg","width":1080,"height":1080,"caption":"Av. Deniz Can K\u0131z\u0131l"},"image":{"@id":"https:\/\/denizcankizil.tr\/de\/#\/schema\/logo\/image\/"}}]}},"_links":{"self":[{"href":"http:\/\/denizcankizil.tr\/uk\/wp-json\/wp\/v2\/posts\/20967","targetHints":{"allow":["GET"]}}],"collection":[{"href":"http:\/\/denizcankizil.tr\/uk\/wp-json\/wp\/v2\/posts"}],"about":[{"href":"http:\/\/denizcankizil.tr\/uk\/wp-json\/wp\/v2\/types\/post"}],"replies":[{"embeddable":true,"href":"http:\/\/denizcankizil.tr\/uk\/wp-json\/wp\/v2\/comments?post=20967"}],"version-history":[{"count":0,"href":"http:\/\/denizcankizil.tr\/uk\/wp-json\/wp\/v2\/posts\/20967\/revisions"}],"wp:attachment":[{"href":"http:\/\/denizcankizil.tr\/uk\/wp-json\/wp\/v2\/media?parent=20967"}],"wp:term":[{"taxonomy":"category","embeddable":true,"href":"http:\/\/denizcankizil.tr\/uk\/wp-json\/wp\/v2\/categories?post=20967"},{"taxonomy":"post_tag","embeddable":true,"href":"http:\/\/denizcankizil.tr\/uk\/wp-json\/wp\/v2\/tags?post=20967"}],"curies":[{"name":"wp","href":"https:\/\/api.w.org\/{rel}","templated":true}]}}