{"id":20951,"date":"2024-12-16T14:41:25","date_gmt":"2024-12-16T11:41:25","guid":{"rendered":"https:\/\/denizcankizil.tr\/uncategorized-tr\/trafo-patladi-2-kisi-yaralandi\/"},"modified":"2024-12-16T14:41:25","modified_gmt":"2024-12-16T11:41:25","slug":"trafo-patladi-2-kisi-yaralandi","status":"publish","type":"post","link":"http:\/\/denizcankizil.tr\/uk\/haberler\/antalya\/trafo-patladi-2-kisi-yaralandi\/","title":{"rendered":"Trafo patlad\u0131: 2 ki\u015fi yaraland\u0131"},"content":{"rendered":"<p>Olay, \u00f6nceki g\u00fcn saat 22.45 s\u0131ralar\u0131nda Muratpa\u015fa il\u00e7esi Tah\u0131lpazar\u0131 Mahallesi 457 Sokak&#8217;ta meydana geldi. Edinilen bilgiye g\u00f6re sokak \u00fczerindeki trafoda AEDA\u015e ekiplerinin \u00e7al\u0131\u015fma yapt\u0131\u011f\u0131 s\u0131rada hen\u00fcz belirlenemeyen bir nedenle patlama oldu. Patlamada trafoda k\u00fc\u00e7\u00fck \u00e7apl\u0131 yang\u0131n \u00e7\u0131karken 2 \u00e7al\u0131\u015fan yaraland\u0131. \u00c7evredekilerin 112 Acil \u00c7a\u011fr\u0131 Merkezi&#8217;ne ihbar\u0131 ile olay yerine itfaiye, sa\u011fl\u0131k ve polis ekipleri sevk edildi.<\/p>\n<p>O anlar kamerada<br \/>\nV\u00fccutlar\u0131nda yan\u0131klar bulunan 2 \u00e7al\u0131\u015fan olay yerindeki ilk m\u00fcdahalenin ard\u0131ndan ambulansla hastaneye kald\u0131r\u0131ld\u0131. Patlama sonras\u0131 ya\u015fananlar bir vatanda\u015f\u0131n cep telefonu kameras\u0131na yans\u0131d\u0131.<\/p>\n<p>G\u00f6rg\u00fc tan\u0131\u011f\u0131 o anlar\u0131 anlatt\u0131<br \/>\nOlay an\u0131nda i\u015f yerinde bulunan Arif \u00c7al\u0131\u015fkan o s\u0131rada i\u015f yerindeki m\u00fc\u015fterilerin masalar\u0131n alt\u0131na sakland\u0131\u011f\u0131n\u0131 belirtti. \u00c7al\u0131\u015fanlar\u0131n sesi \u00fczerine d\u0131\u015far\u0131 \u00e7\u0131kt\u0131klar\u0131n\u0131 ve yard\u0131m etmeye \u00e7al\u0131\u015ft\u0131klar\u0131n\u0131 belirten \u00c7al\u0131\u015fkan, \u201c\u00c7ocu\u011fu yere yat\u0131rd\u0131k, bitkin bir haldeydi. \u0130ki ki\u015filerdi, di\u011fer \u00e7ocukta fazla bir \u015fey yoktu ama o da \u00e7ok korkmu\u015ftu. Arkada\u015flarla birlikte topland\u0131k, s\u00f6nd\u00fcrd\u00fck ama \u00fczerindeki elbisesinde yan\u0131klar vard\u0131\u201d dedi.<br \/>\nHastanede tedavi alt\u0131na al\u0131nan i\u015f\u00e7ilerin hayati tehlikesinin bulunmad\u0131\u011f\u0131 bildirildi.<\/p>\n<p>Kaynak: www.kanalv.com.tr Haber Sitesinden Al\u0131nm\u0131\u015ft\u0131r.<\/p>","protected":false},"excerpt":{"rendered":"<p>Olay, \u00f6nceki g\u00fcn saat 22.45 s\u0131ralar\u0131nda Muratpa\u015fa il\u00e7esi Tah\u0131lpazar\u0131 Mahallesi 457 Sokak&#8217;ta meydana geldi. Edinilen bilgiye g\u00f6re sokak \u00fczerindeki trafoda AEDA\u015e ekiplerinin \u00e7al\u0131\u015fma yapt\u0131\u011f\u0131 s\u0131rada hen\u00fcz belirlenemeyen bir nedenle patlama oldu. Patlamada trafoda k\u00fc\u00e7\u00fck \u00e7apl\u0131 yang\u0131n \u00e7\u0131karken 2 \u00e7al\u0131\u015fan yaraland\u0131. \u00c7evredekilerin 112 Acil \u00c7a\u011fr\u0131 Merkezi&#8217;ne ihbar\u0131 ile olay yerine itfaiye, sa\u011fl\u0131k ve polis ekipleri sevk edildi. O anlar kamerada V\u00fccutlar\u0131nda yan\u0131klar bulunan 2 \u00e7al\u0131\u015fan olay yerindeki ilk m\u00fcdahalenin ard\u0131ndan ambulansla hastaneye kald\u0131r\u0131ld\u0131. Patlama sonras\u0131 ya\u015fananlar bir vatanda\u015f\u0131n cep telefonu kameras\u0131na yans\u0131d\u0131. G\u00f6rg\u00fc tan\u0131\u011f\u0131 o anlar\u0131 anlatt\u0131 Olay an\u0131nda i\u015f yerinde bulunan Arif \u00c7al\u0131\u015fkan o s\u0131rada i\u015f yerindeki m\u00fc\u015fterilerin masalar\u0131n alt\u0131na sakland\u0131\u011f\u0131n\u0131 belirtti. \u00c7al\u0131\u015fanlar\u0131n sesi \u00fczerine d\u0131\u015far\u0131 \u00e7\u0131kt\u0131klar\u0131n\u0131 ve yard\u0131m etmeye \u00e7al\u0131\u015ft\u0131klar\u0131n\u0131 belirten \u00c7al\u0131\u015fkan, \u201c\u00c7ocu\u011fu yere yat\u0131rd\u0131k, bitkin bir haldeydi. \u0130ki ki\u015filerdi, di\u011fer \u00e7ocukta fazla bir \u015fey yoktu ama o da \u00e7ok korkmu\u015ftu. Arkada\u015flarla birlikte topland\u0131k, s\u00f6nd\u00fcrd\u00fck ama \u00fczerindeki elbisesinde yan\u0131klar vard\u0131\u201d dedi. Hastanede tedavi alt\u0131na al\u0131nan i\u015f\u00e7ilerin hayati tehlikesinin bulunmad\u0131\u011f\u0131 bildirildi. Kaynak: www.kanalv.com.tr Haber Sitesinden Al\u0131nm\u0131\u015ft\u0131r.<\/p>","protected":false},"author":0,"featured_media":20952,"comment_status":"open","ping_status":"open","sticky":false,"template":"","format":"standard","meta":{"_acf_changed":false,"footnotes":""},"categories":[26,535],"tags":[],"class_list":["post-20951","post","type-post","status-publish","format-standard","has-post-thumbnail","hentry","category-antalya","category-uncategorized-tr"],"acf":[],"yoast_head":"<!-- This site is optimized with the Yoast SEO Premium plugin v26.6 (Yoast SEO v27.1.1) - https:\/\/yoast.com\/product\/yoast-seo-premium-wordpress\/ -->\n<title>Trafo patlad\u0131: 2 ki\u015fi yaraland\u0131 - Av. Deniz Can K\u0131z\u0131l<\/title>\n<meta name=\"robots\" content=\"index, follow, max-snippet:-1, max-image-preview:large, max-video-preview:-1\" \/>\n<link rel=\"canonical\" href=\"http:\/\/denizcankizil.tr\/uk\/haberler\/antalya\/trafo-patladi-2-kisi-yaralandi\/\" \/>\n<meta property=\"og:locale\" content=\"uk_UA\" \/>\n<meta property=\"og:type\" content=\"article\" \/>\n<meta property=\"og:title\" content=\"Trafo patlad\u0131: 2 ki\u015fi yaraland\u0131\" \/>\n<meta property=\"og:description\" content=\"Olay, \u00f6nceki g\u00fcn saat 22.45 s\u0131ralar\u0131nda Muratpa\u015fa il\u00e7esi Tah\u0131lpazar\u0131 Mahallesi 457 Sokak&#8217;ta meydana geldi. Edinilen bilgiye g\u00f6re sokak \u00fczerindeki trafoda AEDA\u015e ekiplerinin \u00e7al\u0131\u015fma yapt\u0131\u011f\u0131 s\u0131rada hen\u00fcz belirlenemeyen bir nedenle patlama oldu. Patlamada trafoda k\u00fc\u00e7\u00fck \u00e7apl\u0131 yang\u0131n \u00e7\u0131karken 2 \u00e7al\u0131\u015fan yaraland\u0131. \u00c7evredekilerin 112 Acil \u00c7a\u011fr\u0131 Merkezi&#8217;ne ihbar\u0131 ile olay yerine itfaiye, sa\u011fl\u0131k ve polis ekipleri sevk edildi. O anlar kamerada V\u00fccutlar\u0131nda yan\u0131klar bulunan 2 \u00e7al\u0131\u015fan olay yerindeki ilk m\u00fcdahalenin ard\u0131ndan ambulansla hastaneye kald\u0131r\u0131ld\u0131. Patlama sonras\u0131 ya\u015fananlar bir vatanda\u015f\u0131n cep telefonu kameras\u0131na yans\u0131d\u0131. G\u00f6rg\u00fc tan\u0131\u011f\u0131 o anlar\u0131 anlatt\u0131 Olay an\u0131nda i\u015f yerinde bulunan Arif \u00c7al\u0131\u015fkan o s\u0131rada i\u015f yerindeki m\u00fc\u015fterilerin masalar\u0131n alt\u0131na sakland\u0131\u011f\u0131n\u0131 belirtti. \u00c7al\u0131\u015fanlar\u0131n sesi \u00fczerine d\u0131\u015far\u0131 \u00e7\u0131kt\u0131klar\u0131n\u0131 ve yard\u0131m etmeye \u00e7al\u0131\u015ft\u0131klar\u0131n\u0131 belirten \u00c7al\u0131\u015fkan, \u201c\u00c7ocu\u011fu yere yat\u0131rd\u0131k, bitkin bir haldeydi. \u0130ki ki\u015filerdi, di\u011fer \u00e7ocukta fazla bir \u015fey yoktu ama o da \u00e7ok korkmu\u015ftu. Arkada\u015flarla birlikte topland\u0131k, s\u00f6nd\u00fcrd\u00fck ama \u00fczerindeki elbisesinde yan\u0131klar vard\u0131\u201d dedi. Hastanede tedavi alt\u0131na al\u0131nan i\u015f\u00e7ilerin hayati tehlikesinin bulunmad\u0131\u011f\u0131 bildirildi. Kaynak: www.kanalv.com.tr Haber Sitesinden Al\u0131nm\u0131\u015ft\u0131r.\" \/>\n<meta property=\"og:url\" content=\"http:\/\/denizcankizil.tr\/uk\/haberler\/antalya\/trafo-patladi-2-kisi-yaralandi\/\" \/>\n<meta property=\"og:site_name\" content=\"Av. Deniz Can K\u0131z\u0131l\" \/>\n<meta property=\"article:published_time\" content=\"2024-12-16T11:41:25+00:00\" \/>\n<meta property=\"og:image\" content=\"http:\/\/denizcankizil.tr\/wp-content\/uploads\/2024\/12\/3615-01-bRkUXH.jpeg\" \/>\n\t<meta property=\"og:image:width\" content=\"1280\" \/>\n\t<meta property=\"og:image:height\" content=\"720\" \/>\n\t<meta property=\"og:image:type\" content=\"image\/jpeg\" \/>\n<meta name=\"twitter:card\" content=\"summary_large_image\" \/>\n<meta name=\"twitter:label1\" content=\"\u041f\u0440\u0438\u0431\u043b. \u0447\u0430\u0441 \u0447\u0438\u0442\u0430\u043d\u043d\u044f\" \/>\n\t<meta name=\"twitter:data1\" content=\"1 \u0445\u0432\u0438\u043b\u0438\u043d\u0430\" \/>\n<script type=\"application\/ld+json\" class=\"yoast-schema-graph\">{\"@context\":\"https:\/\/schema.org\",\"@graph\":[{\"@type\":\"Article\",\"@id\":\"http:\/\/denizcankizil.tr\/uk\/haberler\/antalya\/trafo-patladi-2-kisi-yaralandi\/#article\",\"isPartOf\":{\"@id\":\"http:\/\/denizcankizil.tr\/uk\/haberler\/antalya\/trafo-patladi-2-kisi-yaralandi\/\"},\"author\":{\"name\":\"\",\"@id\":\"\"},\"headline\":\"Trafo patlad\u0131: 2 ki\u015fi yaraland\u0131\",\"datePublished\":\"2024-12-16T11:41:25+00:00\",\"mainEntityOfPage\":{\"@id\":\"http:\/\/denizcankizil.tr\/uk\/haberler\/antalya\/trafo-patladi-2-kisi-yaralandi\/\"},\"wordCount\":225,\"commentCount\":0,\"publisher\":{\"@id\":\"https:\/\/denizcankizil.tr\/de\/#organization\"},\"image\":{\"@id\":\"http:\/\/denizcankizil.tr\/uk\/haberler\/antalya\/trafo-patladi-2-kisi-yaralandi\/#primaryimage\"},\"thumbnailUrl\":\"http:\/\/denizcankizil.tr\/wp-content\/uploads\/2024\/12\/3615-01-bRkUXH.jpeg\",\"articleSection\":[\"Antalya\",\"Uncategorized\"],\"inLanguage\":\"uk\",\"potentialAction\":[{\"@type\":\"CommentAction\",\"name\":\"Comment\",\"target\":[\"http:\/\/denizcankizil.tr\/uk\/haberler\/antalya\/trafo-patladi-2-kisi-yaralandi\/#respond\"]}]},{\"@type\":\"WebPage\",\"@id\":\"http:\/\/denizcankizil.tr\/uk\/haberler\/antalya\/trafo-patladi-2-kisi-yaralandi\/\",\"url\":\"http:\/\/denizcankizil.tr\/uk\/haberler\/antalya\/trafo-patladi-2-kisi-yaralandi\/\",\"name\":\"Trafo patlad\u0131: 2 ki\u015fi yaraland\u0131 - Av. Deniz Can K\u0131z\u0131l\",\"isPartOf\":{\"@id\":\"https:\/\/denizcankizil.tr\/de\/#website\"},\"primaryImageOfPage\":{\"@id\":\"http:\/\/denizcankizil.tr\/uk\/haberler\/antalya\/trafo-patladi-2-kisi-yaralandi\/#primaryimage\"},\"image\":{\"@id\":\"http:\/\/denizcankizil.tr\/uk\/haberler\/antalya\/trafo-patladi-2-kisi-yaralandi\/#primaryimage\"},\"thumbnailUrl\":\"http:\/\/denizcankizil.tr\/wp-content\/uploads\/2024\/12\/3615-01-bRkUXH.jpeg\",\"datePublished\":\"2024-12-16T11:41:25+00:00\",\"breadcrumb\":{\"@id\":\"http:\/\/denizcankizil.tr\/uk\/haberler\/antalya\/trafo-patladi-2-kisi-yaralandi\/#breadcrumb\"},\"inLanguage\":\"uk\",\"potentialAction\":[{\"@type\":\"ReadAction\",\"target\":[\"http:\/\/denizcankizil.tr\/uk\/haberler\/antalya\/trafo-patladi-2-kisi-yaralandi\/\"]}]},{\"@type\":\"ImageObject\",\"inLanguage\":\"uk\",\"@id\":\"http:\/\/denizcankizil.tr\/uk\/haberler\/antalya\/trafo-patladi-2-kisi-yaralandi\/#primaryimage\",\"url\":\"http:\/\/denizcankizil.tr\/wp-content\/uploads\/2024\/12\/3615-01-bRkUXH.jpeg\",\"contentUrl\":\"http:\/\/denizcankizil.tr\/wp-content\/uploads\/2024\/12\/3615-01-bRkUXH.jpeg\",\"width\":1280,\"height\":720},{\"@type\":\"BreadcrumbList\",\"@id\":\"http:\/\/denizcankizil.tr\/uk\/haberler\/antalya\/trafo-patladi-2-kisi-yaralandi\/#breadcrumb\",\"itemListElement\":[{\"@type\":\"ListItem\",\"position\":1,\"name\":\"Home\",\"item\":\"https:\/\/denizcankizil.tr\/de\/\"},{\"@type\":\"ListItem\",\"position\":2,\"name\":\"Trafo patlad\u0131: 2 ki\u015fi yaraland\u0131\"}]},{\"@type\":\"WebSite\",\"@id\":\"https:\/\/denizcankizil.tr\/de\/#website\",\"url\":\"https:\/\/denizcankizil.tr\/de\/\",\"name\":\"Av. Deniz Can K\u0131z\u0131l\",\"description\":\"Avukat Deniz Can K\u0131z\u0131l Antalya Barosu\",\"publisher\":{\"@id\":\"https:\/\/denizcankizil.tr\/de\/#organization\"},\"potentialAction\":[{\"@type\":\"SearchAction\",\"target\":{\"@type\":\"EntryPoint\",\"urlTemplate\":\"https:\/\/denizcankizil.tr\/de\/?s={search_term_string}\"},\"query-input\":{\"@type\":\"PropertyValueSpecification\",\"valueRequired\":true,\"valueName\":\"search_term_string\"}}],\"inLanguage\":\"uk\"},{\"@type\":\"Organization\",\"@id\":\"https:\/\/denizcankizil.tr\/de\/#organization\",\"name\":\"Av. Deniz Can K\u0131z\u0131l\",\"url\":\"https:\/\/denizcankizil.tr\/de\/\",\"logo\":{\"@type\":\"ImageObject\",\"inLanguage\":\"uk\",\"@id\":\"https:\/\/denizcankizil.tr\/de\/#\/schema\/logo\/image\/\",\"url\":\"http:\/\/denizcankizil.tr\/wp-content\/uploads\/2024\/10\/siyah-logo-svg.svg\",\"contentUrl\":\"http:\/\/denizcankizil.tr\/wp-content\/uploads\/2024\/10\/siyah-logo-svg.svg\",\"width\":1080,\"height\":1080,\"caption\":\"Av. Deniz Can K\u0131z\u0131l\"},\"image\":{\"@id\":\"https:\/\/denizcankizil.tr\/de\/#\/schema\/logo\/image\/\"}}]}<\/script>\n<!-- \/ Yoast SEO Premium plugin. -->","yoast_head_json":{"title":"Trafo patlad\u0131: 2 ki\u015fi yaraland\u0131 - Av. Deniz Can K\u0131z\u0131l","robots":{"index":"index","follow":"follow","max-snippet":"max-snippet:-1","max-image-preview":"max-image-preview:large","max-video-preview":"max-video-preview:-1"},"canonical":"http:\/\/denizcankizil.tr\/uk\/haberler\/antalya\/trafo-patladi-2-kisi-yaralandi\/","og_locale":"uk_UA","og_type":"article","og_title":"Trafo patlad\u0131: 2 ki\u015fi yaraland\u0131","og_description":"Olay, \u00f6nceki g\u00fcn saat 22.45 s\u0131ralar\u0131nda Muratpa\u015fa il\u00e7esi Tah\u0131lpazar\u0131 Mahallesi 457 Sokak&#8217;ta meydana geldi. Edinilen bilgiye g\u00f6re sokak \u00fczerindeki trafoda AEDA\u015e ekiplerinin \u00e7al\u0131\u015fma yapt\u0131\u011f\u0131 s\u0131rada hen\u00fcz belirlenemeyen bir nedenle patlama oldu. Patlamada trafoda k\u00fc\u00e7\u00fck \u00e7apl\u0131 yang\u0131n \u00e7\u0131karken 2 \u00e7al\u0131\u015fan yaraland\u0131. \u00c7evredekilerin 112 Acil \u00c7a\u011fr\u0131 Merkezi&#8217;ne ihbar\u0131 ile olay yerine itfaiye, sa\u011fl\u0131k ve polis ekipleri sevk edildi. O anlar kamerada V\u00fccutlar\u0131nda yan\u0131klar bulunan 2 \u00e7al\u0131\u015fan olay yerindeki ilk m\u00fcdahalenin ard\u0131ndan ambulansla hastaneye kald\u0131r\u0131ld\u0131. Patlama sonras\u0131 ya\u015fananlar bir vatanda\u015f\u0131n cep telefonu kameras\u0131na yans\u0131d\u0131. G\u00f6rg\u00fc tan\u0131\u011f\u0131 o anlar\u0131 anlatt\u0131 Olay an\u0131nda i\u015f yerinde bulunan Arif \u00c7al\u0131\u015fkan o s\u0131rada i\u015f yerindeki m\u00fc\u015fterilerin masalar\u0131n alt\u0131na sakland\u0131\u011f\u0131n\u0131 belirtti. \u00c7al\u0131\u015fanlar\u0131n sesi \u00fczerine d\u0131\u015far\u0131 \u00e7\u0131kt\u0131klar\u0131n\u0131 ve yard\u0131m etmeye \u00e7al\u0131\u015ft\u0131klar\u0131n\u0131 belirten \u00c7al\u0131\u015fkan, \u201c\u00c7ocu\u011fu yere yat\u0131rd\u0131k, bitkin bir haldeydi. \u0130ki ki\u015filerdi, di\u011fer \u00e7ocukta fazla bir \u015fey yoktu ama o da \u00e7ok korkmu\u015ftu. Arkada\u015flarla birlikte topland\u0131k, s\u00f6nd\u00fcrd\u00fck ama \u00fczerindeki elbisesinde yan\u0131klar vard\u0131\u201d dedi. Hastanede tedavi alt\u0131na al\u0131nan i\u015f\u00e7ilerin hayati tehlikesinin bulunmad\u0131\u011f\u0131 bildirildi. Kaynak: www.kanalv.com.tr Haber Sitesinden Al\u0131nm\u0131\u015ft\u0131r.","og_url":"http:\/\/denizcankizil.tr\/uk\/haberler\/antalya\/trafo-patladi-2-kisi-yaralandi\/","og_site_name":"Av. Deniz Can K\u0131z\u0131l","article_published_time":"2024-12-16T11:41:25+00:00","og_image":[{"width":1280,"height":720,"url":"http:\/\/denizcankizil.tr\/wp-content\/uploads\/2024\/12\/3615-01-bRkUXH.jpeg","type":"image\/jpeg"}],"twitter_card":"summary_large_image","twitter_misc":{"\u041f\u0440\u0438\u0431\u043b. \u0447\u0430\u0441 \u0447\u0438\u0442\u0430\u043d\u043d\u044f":"1 \u0445\u0432\u0438\u043b\u0438\u043d\u0430"},"schema":{"@context":"https:\/\/schema.org","@graph":[{"@type":"Article","@id":"http:\/\/denizcankizil.tr\/uk\/haberler\/antalya\/trafo-patladi-2-kisi-yaralandi\/#article","isPartOf":{"@id":"http:\/\/denizcankizil.tr\/uk\/haberler\/antalya\/trafo-patladi-2-kisi-yaralandi\/"},"author":{"name":"","@id":""},"headline":"Trafo patlad\u0131: 2 ki\u015fi yaraland\u0131","datePublished":"2024-12-16T11:41:25+00:00","mainEntityOfPage":{"@id":"http:\/\/denizcankizil.tr\/uk\/haberler\/antalya\/trafo-patladi-2-kisi-yaralandi\/"},"wordCount":225,"commentCount":0,"publisher":{"@id":"https:\/\/denizcankizil.tr\/de\/#organization"},"image":{"@id":"http:\/\/denizcankizil.tr\/uk\/haberler\/antalya\/trafo-patladi-2-kisi-yaralandi\/#primaryimage"},"thumbnailUrl":"http:\/\/denizcankizil.tr\/wp-content\/uploads\/2024\/12\/3615-01-bRkUXH.jpeg","articleSection":["Antalya","Uncategorized"],"inLanguage":"uk","potentialAction":[{"@type":"CommentAction","name":"Comment","target":["http:\/\/denizcankizil.tr\/uk\/haberler\/antalya\/trafo-patladi-2-kisi-yaralandi\/#respond"]}]},{"@type":"WebPage","@id":"http:\/\/denizcankizil.tr\/uk\/haberler\/antalya\/trafo-patladi-2-kisi-yaralandi\/","url":"http:\/\/denizcankizil.tr\/uk\/haberler\/antalya\/trafo-patladi-2-kisi-yaralandi\/","name":"Trafo patlad\u0131: 2 ki\u015fi yaraland\u0131 - Av. Deniz Can K\u0131z\u0131l","isPartOf":{"@id":"https:\/\/denizcankizil.tr\/de\/#website"},"primaryImageOfPage":{"@id":"http:\/\/denizcankizil.tr\/uk\/haberler\/antalya\/trafo-patladi-2-kisi-yaralandi\/#primaryimage"},"image":{"@id":"http:\/\/denizcankizil.tr\/uk\/haberler\/antalya\/trafo-patladi-2-kisi-yaralandi\/#primaryimage"},"thumbnailUrl":"http:\/\/denizcankizil.tr\/wp-content\/uploads\/2024\/12\/3615-01-bRkUXH.jpeg","datePublished":"2024-12-16T11:41:25+00:00","breadcrumb":{"@id":"http:\/\/denizcankizil.tr\/uk\/haberler\/antalya\/trafo-patladi-2-kisi-yaralandi\/#breadcrumb"},"inLanguage":"uk","potentialAction":[{"@type":"ReadAction","target":["http:\/\/denizcankizil.tr\/uk\/haberler\/antalya\/trafo-patladi-2-kisi-yaralandi\/"]}]},{"@type":"ImageObject","inLanguage":"uk","@id":"http:\/\/denizcankizil.tr\/uk\/haberler\/antalya\/trafo-patladi-2-kisi-yaralandi\/#primaryimage","url":"http:\/\/denizcankizil.tr\/wp-content\/uploads\/2024\/12\/3615-01-bRkUXH.jpeg","contentUrl":"http:\/\/denizcankizil.tr\/wp-content\/uploads\/2024\/12\/3615-01-bRkUXH.jpeg","width":1280,"height":720},{"@type":"BreadcrumbList","@id":"http:\/\/denizcankizil.tr\/uk\/haberler\/antalya\/trafo-patladi-2-kisi-yaralandi\/#breadcrumb","itemListElement":[{"@type":"ListItem","position":1,"name":"Home","item":"https:\/\/denizcankizil.tr\/de\/"},{"@type":"ListItem","position":2,"name":"Trafo patlad\u0131: 2 ki\u015fi yaraland\u0131"}]},{"@type":"WebSite","@id":"https:\/\/denizcankizil.tr\/de\/#website","url":"https:\/\/denizcankizil.tr\/de\/","name":"Av. Deniz Can K\u0131z\u0131l","description":"Avukat Deniz Can K\u0131z\u0131l Antalya Barosu","publisher":{"@id":"https:\/\/denizcankizil.tr\/de\/#organization"},"potentialAction":[{"@type":"SearchAction","target":{"@type":"EntryPoint","urlTemplate":"https:\/\/denizcankizil.tr\/de\/?s={search_term_string}"},"query-input":{"@type":"PropertyValueSpecification","valueRequired":true,"valueName":"search_term_string"}}],"inLanguage":"uk"},{"@type":"Organization","@id":"https:\/\/denizcankizil.tr\/de\/#organization","name":"Av. Deniz Can K\u0131z\u0131l","url":"https:\/\/denizcankizil.tr\/de\/","logo":{"@type":"ImageObject","inLanguage":"uk","@id":"https:\/\/denizcankizil.tr\/de\/#\/schema\/logo\/image\/","url":"http:\/\/denizcankizil.tr\/wp-content\/uploads\/2024\/10\/siyah-logo-svg.svg","contentUrl":"http:\/\/denizcankizil.tr\/wp-content\/uploads\/2024\/10\/siyah-logo-svg.svg","width":1080,"height":1080,"caption":"Av. Deniz Can K\u0131z\u0131l"},"image":{"@id":"https:\/\/denizcankizil.tr\/de\/#\/schema\/logo\/image\/"}}]}},"_links":{"self":[{"href":"http:\/\/denizcankizil.tr\/uk\/wp-json\/wp\/v2\/posts\/20951","targetHints":{"allow":["GET"]}}],"collection":[{"href":"http:\/\/denizcankizil.tr\/uk\/wp-json\/wp\/v2\/posts"}],"about":[{"href":"http:\/\/denizcankizil.tr\/uk\/wp-json\/wp\/v2\/types\/post"}],"replies":[{"embeddable":true,"href":"http:\/\/denizcankizil.tr\/uk\/wp-json\/wp\/v2\/comments?post=20951"}],"version-history":[{"count":0,"href":"http:\/\/denizcankizil.tr\/uk\/wp-json\/wp\/v2\/posts\/20951\/revisions"}],"wp:featuredmedia":[{"embeddable":true,"href":"http:\/\/denizcankizil.tr\/uk\/wp-json\/wp\/v2\/media\/20952"}],"wp:attachment":[{"href":"http:\/\/denizcankizil.tr\/uk\/wp-json\/wp\/v2\/media?parent=20951"}],"wp:term":[{"taxonomy":"category","embeddable":true,"href":"http:\/\/denizcankizil.tr\/uk\/wp-json\/wp\/v2\/categories?post=20951"},{"taxonomy":"post_tag","embeddable":true,"href":"http:\/\/denizcankizil.tr\/uk\/wp-json\/wp\/v2\/tags?post=20951"}],"curies":[{"name":"wp","href":"https:\/\/api.w.org\/{rel}","templated":true}]}}