{"id":20901,"date":"2024-12-16T09:41:43","date_gmt":"2024-12-16T06:41:43","guid":{"rendered":"https:\/\/denizcankizil.tr\/uncategorized-tr\/antalya-buyuksehir-belediyesi-iptal-edilen-altin-portakal-icin-milyonlari-odemis\/"},"modified":"2024-12-16T09:41:43","modified_gmt":"2024-12-16T06:41:43","slug":"antalya-buyuksehir-belediyesi-iptal-edilen-altin-portakal-icin-milyonlari-odemis","status":"publish","type":"post","link":"http:\/\/denizcankizil.tr\/uk\/haberler\/gundem\/antalya-buyuksehir-belediyesi-iptal-edilen-altin-portakal-icin-milyonlari-odemis\/","title":{"rendered":"Antalya B\u00fcy\u00fck\u015fehir Belediyesi iptal edilen Alt\u0131n Portakal i\u00e7in milyonlar\u0131 \u00f6demi\u015f!"},"content":{"rendered":"<p>Antalya B\u00fcy\u00fck\u015fehir Belediyesi taraf\u0131ndan d\u00fczenlenen Alt\u0131n Portakal Film Festivali&#8217;nin 60&#8217;\u0131nc\u0131s\u0131 iptal edilmi\u015fti. Festivalin iptaline giden s\u00fcre\u00e7, festival y\u00f6netiminin 22 Eyl\u00fcl 2023&#8217;te, Ulusal Belgesel Yar\u0131\u015fmas\u0131 se\u00e7kisinde bulunan Kanun H\u00fckm\u00fc adl\u0131 filmin karakterlerinden biri olan Engin Karata\u015f&#8217;\u0131n yarg\u0131 s\u00fcrecinde oldu\u011funu belirtilerek bu filmi &#8220;yarg\u0131lama s\u00fcrecini ve tarafs\u0131zl\u0131\u011f\u0131n\u0131 etkilememek&#8221; gerek\u00e7esiyle se\u00e7kiden \u00e7\u0131kard\u0131\u011f\u0131n\u0131 a\u00e7\u0131klamas\u0131 ile ba\u015flad\u0131. \u00a0Bu karardan sonra bir grup y\u00f6netmen ve yap\u0131mc\u0131 bir bildiri yay\u0131nlayarak festival y\u00f6netiminin karar\u0131n\u0131 &#8220;sanat \u00f6zg\u00fcrl\u00fc\u011f\u00fcne a\u00e7\u0131k bir tehdit&#8221; olarak nitelendirerek Kanun H\u00fckm\u00fc belgeselinin se\u00e7kiye al\u0131n\u0131ncaya kadar filmlerini festivalden \u00e7ektiklerini a\u00e7\u0131klad\u0131.<\/p>\n<p>TAR\u0130HTE 3 KEZ \u0130PTAL ED\u0130LD\u0130<\/p>\n<p>Festival Se\u00e7ici Kurulunda g\u00f6revli j\u00fcri \u00fcyeleri de ancak Kanun H\u00fckm\u00fc filminin belgesel yar\u0131\u015fma se\u00e7kisine geri al\u0131nmas\u0131yla festivaldeki g\u00f6revlerini yerine getirebileceklerini belirtti.\u00a0Antalya K\u00f6rfez Gazetesi muhabiri Ertu\u011frul G\u00fcn&#8217;\u00fcn haberine g\u00f6re, bu geli\u015fmelerden sonra festival y\u00f6netimi, yarg\u0131lama s\u00fcrecinin devam etmedi\u011finin belgelendi\u011fi gerek\u00e7esiyle filmi tekrar se\u00e7kiye dahil etti. Filmin se\u00e7kiye al\u0131nmas\u0131 \u00fczerine K\u00fclt\u00fcr ve Turizm Bakanl\u0131\u011f\u0131, &#8220;festivalin FET\u00d6 ter\u00f6r \u00f6rg\u00fct\u00fc propagandas\u0131 yap\u0131lmas\u0131na vesile oldu\u011fu&#8221; iddias\u0131yla festivalden \u00e7ekildi\u011fini a\u00e7\u0131klad\u0131. Festivalin yap\u0131laca\u011f\u0131 10 bin ki\u015filik kapal\u0131 spor salonun tahsisinden de vazge\u00e7ildi. Bu geli\u015fmeler \u00fczerine Ulusal Uzun Metraj Film Yar\u0131\u015fmas\u0131 J\u00fcrisi Ba\u015fkan\u0131 oyuncu Demet Akba\u011f festivaldeki g\u00f6revinden ayr\u0131ld\u0131\u011f\u0131n\u0131 duyurdu. Ya\u015fanan bu s\u00fcre\u00e7 nedeniyle festivalin iptal edildi\u011fi, Antalya B\u00fcy\u00fck\u015fehir Belediye Ba\u015fkan\u0131 Muhittin B\u00f6cek taraf\u0131ndan 29 Eyl\u00fcl 2023&#8217;te kamuoyuna duyuruldu. Alt\u0131n Portakal Film Festivali, bu kararla, 1979 ve 1980 y\u0131llar\u0131ndan sonra 3. kez iptal edilmi\u015f oldu.<\/p>\n<p>FEST\u0130VAL SAYI\u015eTAY RAPORUNDA<\/p>\n<p>Antalya B\u00fcy\u00fck\u015fehir Belediyesi\u2019nin 2023 y\u0131l\u0131 Say\u0131\u015ftay D\u00fczenlilik Denetim Raporu, 60. Antalya Alt\u0131n Portakal Film Festivali\u2019nin iptal edilme s\u00fcrecine ili\u015fkin geli\u015fmeler bulgular k\u0131sm\u0131nda yer ald\u0131. Rapora g\u00f6re, festivalin iptaline neden olan s\u00fcre\u00e7te y\u00fcklenici firman\u0131n teknik \u015fartnamede yer alan sorumluluklar\u0131n\u0131 tam olarak yerine getirmedi\u011fi belirtilirken, bu durumun belediyeye mali y\u00fck olu\u015fturdu\u011fu kaydedildi.<\/p>\n<p>4 M\u0130LYON 750 B\u0130N TL \u00d6DEME<\/p>\n<p>Say\u0131\u015ftay raporunda, teknik \u015fartnameye g\u00f6re festivalde yer alacak filmlerin se\u00e7imi, j\u00fcri \u00fcyelerinin belirlenmesi ve organizasyon hizmetlerinin y\u00fcklenici firman\u0131n sorumlulu\u011funda oldu\u011fu vurguland\u0131. Ancak festivalin iptal edilmesine yol a\u00e7an geli\u015fmeler nedeniyle y\u00fckleniciye herhangi bir ihtarda bulunulmad\u0131\u011f\u0131 ve do\u011frudan iptal karar\u0131 al\u0131nd\u0131\u011f\u0131 tespit edildi. \u0130ptalin ard\u0131ndan, y\u00fcklenicinin ger\u00e7ekle\u015ftirdi\u011fi i\u015f kalemleri i\u00e7in 4 milyon 750 bin TL (KDV hari\u00e7) \u00f6deme yap\u0131ld\u0131\u011f\u0131 belirtildi.<\/p>\n<p>B\u00dcY\u00dcK\u015eEH\u0130R KEND\u0130N\u0130 SAVUNDU<\/p>\n<p>Belediye ise savunmas\u0131nda, ya\u015fanan s\u00fcre\u00e7te y\u00fcklenicinin kusurunun bulunmad\u0131\u011f\u0131n\u0131 ifade ederek, iptalin tamamen toplumsal ve siyasi geli\u015fmelerden kaynakland\u0131\u011f\u0131n\u0131 belirtti. Buna ra\u011fmen, raporda y\u00fcklenicinin sorumlulu\u011funda olan i\u015flerin gerekti\u011fi gibi yerine getirilmedi\u011fi ve bu durumun belediyeye ek maliyet yaratt\u0131\u011f\u0131 ifade edildi. Say\u0131\u015ftay denet\u00e7ileri ise rapor \u00f6zetinde belediye taraf\u0131ndan y\u00fcklenicinin sorumlulu\u011funda bulunan i\u015fler nedeniyle ortaya \u00e7\u0131kan olumsuz durumlardan dolay\u0131 herhangi bir ihtarda bulunulmadan, 30.09.2023 tarihinde 60. Antalya Alt\u0131n Portakal Film Festivali\u2019nin iptal edildi\u011fi y\u00fckleniciye bildirildi\u011fini ve ger\u00e7ekle\u015ftirilemeyen bir festival i\u00e7in \u00f6deme yap\u0131larak ek bir maliyete katlan\u0131ld\u0131\u011f\u0131 ifade etti.\u00a0<\/p>\n<p>\u00a0<\/p>\n<p>\u200bAntalya B\u00fcy\u00fck\u015fehir Belediyesi\u2019nin 2023 y\u0131l\u0131 Say\u0131\u015ftay D\u00fczenlilik Denetim Raporunda 60. Antalya Alt\u0131n Portakal Film Festivali\u2019nin iptal edilme s\u00fcrecine ili\u015fkin \u00e7arp\u0131c\u0131 bulgular yer ald\u0131. Raporda iptalin ard\u0131ndan, y\u00fcklenicinin ger\u00e7ekle\u015ftirdi\u011fi i\u015f kalemleri i\u00e7in 4 milyon 750 bin TL (KDV hari\u00e7) \u00f6deme yap\u0131ld\u0131\u011f\u0131 tespit edildi\u00a0<\/p>\n<p>\u200bHaberin Al\u0131nt\u0131land\u0131\u011f\u0131 Kaynak: www.antalyakorfez.com<\/p>","protected":false},"excerpt":{"rendered":"<p>Antalya B\u00fcy\u00fck\u015fehir Belediyesi taraf\u0131ndan d\u00fczenlenen Alt\u0131n Portakal Film Festivali&#8217;nin 60&#8217;\u0131nc\u0131s\u0131 iptal edilmi\u015fti. Festivalin iptaline giden s\u00fcre\u00e7, festival y\u00f6netiminin 22 Eyl\u00fcl 2023&#8217;te, Ulusal Belgesel Yar\u0131\u015fmas\u0131 se\u00e7kisinde bulunan Kanun H\u00fckm\u00fc adl\u0131 filmin karakterlerinden biri olan Engin Karata\u015f&#8217;\u0131n yarg\u0131 s\u00fcrecinde oldu\u011funu belirtilerek bu filmi &#8220;yarg\u0131lama s\u00fcrecini ve tarafs\u0131zl\u0131\u011f\u0131n\u0131 etkilememek&#8221; gerek\u00e7esiyle se\u00e7kiden \u00e7\u0131kard\u0131\u011f\u0131n\u0131 a\u00e7\u0131klamas\u0131 ile ba\u015flad\u0131. \u00a0Bu karardan sonra bir grup y\u00f6netmen ve yap\u0131mc\u0131 bir bildiri yay\u0131nlayarak festival y\u00f6netiminin karar\u0131n\u0131 &#8220;sanat \u00f6zg\u00fcrl\u00fc\u011f\u00fcne a\u00e7\u0131k bir tehdit&#8221; olarak nitelendirerek Kanun H\u00fckm\u00fc belgeselinin se\u00e7kiye al\u0131n\u0131ncaya kadar filmlerini festivalden \u00e7ektiklerini a\u00e7\u0131klad\u0131. TAR\u0130HTE 3 KEZ \u0130PTAL ED\u0130LD\u0130 Festival Se\u00e7ici Kurulunda g\u00f6revli j\u00fcri \u00fcyeleri de ancak Kanun H\u00fckm\u00fc filminin belgesel yar\u0131\u015fma se\u00e7kisine geri al\u0131nmas\u0131yla festivaldeki g\u00f6revlerini yerine getirebileceklerini belirtti.\u00a0Antalya K\u00f6rfez Gazetesi muhabiri Ertu\u011frul G\u00fcn&#8217;\u00fcn haberine g\u00f6re, bu geli\u015fmelerden sonra festival y\u00f6netimi, yarg\u0131lama s\u00fcrecinin devam etmedi\u011finin belgelendi\u011fi gerek\u00e7esiyle filmi tekrar se\u00e7kiye dahil etti. Filmin se\u00e7kiye al\u0131nmas\u0131 \u00fczerine K\u00fclt\u00fcr ve Turizm Bakanl\u0131\u011f\u0131, &#8220;festivalin FET\u00d6 ter\u00f6r \u00f6rg\u00fct\u00fc propagandas\u0131 yap\u0131lmas\u0131na vesile oldu\u011fu&#8221; iddias\u0131yla festivalden \u00e7ekildi\u011fini a\u00e7\u0131klad\u0131. Festivalin yap\u0131laca\u011f\u0131 10 bin ki\u015filik kapal\u0131 spor salonun tahsisinden de vazge\u00e7ildi. Bu geli\u015fmeler \u00fczerine Ulusal Uzun Metraj Film Yar\u0131\u015fmas\u0131 J\u00fcrisi Ba\u015fkan\u0131 oyuncu Demet Akba\u011f festivaldeki g\u00f6revinden ayr\u0131ld\u0131\u011f\u0131n\u0131 duyurdu. Ya\u015fanan bu s\u00fcre\u00e7 nedeniyle festivalin iptal edildi\u011fi, Antalya B\u00fcy\u00fck\u015fehir Belediye Ba\u015fkan\u0131 Muhittin B\u00f6cek taraf\u0131ndan 29 Eyl\u00fcl 2023&#8217;te kamuoyuna duyuruldu. Alt\u0131n &hellip;<\/p>","protected":false},"author":0,"featured_media":0,"comment_status":"open","ping_status":"open","sticky":false,"template":"","format":"standard","meta":{"_acf_changed":false,"footnotes":""},"categories":[24,535],"tags":[],"class_list":["post-20901","post","type-post","status-publish","format-standard","has-post-thumbnail","hentry","category-gundem","category-uncategorized-tr"],"acf":[],"yoast_head":"<!-- This site is optimized with the Yoast SEO Premium plugin v26.6 (Yoast SEO v27.1.1) - https:\/\/yoast.com\/product\/yoast-seo-premium-wordpress\/ -->\n<title>Antalya B\u00fcy\u00fck\u015fehir Belediyesi iptal edilen Alt\u0131n Portakal i\u00e7in milyonlar\u0131 \u00f6demi\u015f! - Av. Deniz Can K\u0131z\u0131l<\/title>\n<meta name=\"robots\" content=\"index, follow, max-snippet:-1, max-image-preview:large, max-video-preview:-1\" \/>\n<link rel=\"canonical\" href=\"http:\/\/denizcankizil.tr\/uk\/haberler\/gundem\/antalya-buyuksehir-belediyesi-iptal-edilen-altin-portakal-icin-milyonlari-odemis\/\" \/>\n<meta property=\"og:locale\" content=\"uk_UA\" \/>\n<meta property=\"og:type\" content=\"article\" \/>\n<meta property=\"og:title\" content=\"Antalya B\u00fcy\u00fck\u015fehir Belediyesi iptal edilen Alt\u0131n Portakal i\u00e7in milyonlar\u0131 \u00f6demi\u015f!\" \/>\n<meta property=\"og:description\" content=\"Antalya B\u00fcy\u00fck\u015fehir Belediyesi taraf\u0131ndan d\u00fczenlenen Alt\u0131n Portakal Film Festivali&#8217;nin 60&#8217;\u0131nc\u0131s\u0131 iptal edilmi\u015fti. Festivalin iptaline giden s\u00fcre\u00e7, festival y\u00f6netiminin 22 Eyl\u00fcl 2023&#8217;te, Ulusal Belgesel Yar\u0131\u015fmas\u0131 se\u00e7kisinde bulunan Kanun H\u00fckm\u00fc adl\u0131 filmin karakterlerinden biri olan Engin Karata\u015f&#8217;\u0131n yarg\u0131 s\u00fcrecinde oldu\u011funu belirtilerek bu filmi &#8220;yarg\u0131lama s\u00fcrecini ve tarafs\u0131zl\u0131\u011f\u0131n\u0131 etkilememek&#8221; gerek\u00e7esiyle se\u00e7kiden \u00e7\u0131kard\u0131\u011f\u0131n\u0131 a\u00e7\u0131klamas\u0131 ile ba\u015flad\u0131. \u00a0Bu karardan sonra bir grup y\u00f6netmen ve yap\u0131mc\u0131 bir bildiri yay\u0131nlayarak festival y\u00f6netiminin karar\u0131n\u0131 &#8220;sanat \u00f6zg\u00fcrl\u00fc\u011f\u00fcne a\u00e7\u0131k bir tehdit&#8221; olarak nitelendirerek Kanun H\u00fckm\u00fc belgeselinin se\u00e7kiye al\u0131n\u0131ncaya kadar filmlerini festivalden \u00e7ektiklerini a\u00e7\u0131klad\u0131. TAR\u0130HTE 3 KEZ \u0130PTAL ED\u0130LD\u0130 Festival Se\u00e7ici Kurulunda g\u00f6revli j\u00fcri \u00fcyeleri de ancak Kanun H\u00fckm\u00fc filminin belgesel yar\u0131\u015fma se\u00e7kisine geri al\u0131nmas\u0131yla festivaldeki g\u00f6revlerini yerine getirebileceklerini belirtti.\u00a0Antalya K\u00f6rfez Gazetesi muhabiri Ertu\u011frul G\u00fcn&#8217;\u00fcn haberine g\u00f6re, bu geli\u015fmelerden sonra festival y\u00f6netimi, yarg\u0131lama s\u00fcrecinin devam etmedi\u011finin belgelendi\u011fi gerek\u00e7esiyle filmi tekrar se\u00e7kiye dahil etti. Filmin se\u00e7kiye al\u0131nmas\u0131 \u00fczerine K\u00fclt\u00fcr ve Turizm Bakanl\u0131\u011f\u0131, &#8220;festivalin FET\u00d6 ter\u00f6r \u00f6rg\u00fct\u00fc propagandas\u0131 yap\u0131lmas\u0131na vesile oldu\u011fu&#8221; iddias\u0131yla festivalden \u00e7ekildi\u011fini a\u00e7\u0131klad\u0131. Festivalin yap\u0131laca\u011f\u0131 10 bin ki\u015filik kapal\u0131 spor salonun tahsisinden de vazge\u00e7ildi. Bu geli\u015fmeler \u00fczerine Ulusal Uzun Metraj Film Yar\u0131\u015fmas\u0131 J\u00fcrisi Ba\u015fkan\u0131 oyuncu Demet Akba\u011f festivaldeki g\u00f6revinden ayr\u0131ld\u0131\u011f\u0131n\u0131 duyurdu. Ya\u015fanan bu s\u00fcre\u00e7 nedeniyle festivalin iptal edildi\u011fi, Antalya B\u00fcy\u00fck\u015fehir Belediye Ba\u015fkan\u0131 Muhittin B\u00f6cek taraf\u0131ndan 29 Eyl\u00fcl 2023&#8217;te kamuoyuna duyuruldu. Alt\u0131n &hellip;\" \/>\n<meta property=\"og:url\" content=\"http:\/\/denizcankizil.tr\/uk\/haberler\/gundem\/antalya-buyuksehir-belediyesi-iptal-edilen-altin-portakal-icin-milyonlari-odemis\/\" \/>\n<meta property=\"og:site_name\" content=\"Av. Deniz Can K\u0131z\u0131l\" \/>\n<meta property=\"article:published_time\" content=\"2024-12-16T06:41:43+00:00\" \/>\n<meta name=\"twitter:card\" content=\"summary_large_image\" \/>\n<meta name=\"twitter:label1\" content=\"\u041f\u0440\u0438\u0431\u043b. \u0447\u0430\u0441 \u0447\u0438\u0442\u0430\u043d\u043d\u044f\" \/>\n\t<meta name=\"twitter:data1\" content=\"3 \u0445\u0432\u0438\u043b\u0438\u043d\u0438\" \/>\n<script type=\"application\/ld+json\" class=\"yoast-schema-graph\">{\"@context\":\"https:\/\/schema.org\",\"@graph\":[{\"@type\":\"Article\",\"@id\":\"http:\/\/denizcankizil.tr\/uk\/haberler\/gundem\/antalya-buyuksehir-belediyesi-iptal-edilen-altin-portakal-icin-milyonlari-odemis\/#article\",\"isPartOf\":{\"@id\":\"http:\/\/denizcankizil.tr\/uk\/haberler\/gundem\/antalya-buyuksehir-belediyesi-iptal-edilen-altin-portakal-icin-milyonlari-odemis\/\"},\"author\":{\"name\":\"\",\"@id\":\"\"},\"headline\":\"Antalya B\u00fcy\u00fck\u015fehir Belediyesi iptal edilen Alt\u0131n Portakal i\u00e7in milyonlar\u0131 \u00f6demi\u015f!\",\"datePublished\":\"2024-12-16T06:41:43+00:00\",\"mainEntityOfPage\":{\"@id\":\"http:\/\/denizcankizil.tr\/uk\/haberler\/gundem\/antalya-buyuksehir-belediyesi-iptal-edilen-altin-portakal-icin-milyonlari-odemis\/\"},\"wordCount\":667,\"commentCount\":0,\"publisher\":{\"@id\":\"https:\/\/denizcankizil.tr\/#organization\"},\"articleSection\":[\"G\u00fcndem\",\"Uncategorized\"],\"inLanguage\":\"uk\",\"potentialAction\":[{\"@type\":\"CommentAction\",\"name\":\"Comment\",\"target\":[\"http:\/\/denizcankizil.tr\/uk\/haberler\/gundem\/antalya-buyuksehir-belediyesi-iptal-edilen-altin-portakal-icin-milyonlari-odemis\/#respond\"]}]},{\"@type\":\"WebPage\",\"@id\":\"http:\/\/denizcankizil.tr\/uk\/haberler\/gundem\/antalya-buyuksehir-belediyesi-iptal-edilen-altin-portakal-icin-milyonlari-odemis\/\",\"url\":\"http:\/\/denizcankizil.tr\/uk\/haberler\/gundem\/antalya-buyuksehir-belediyesi-iptal-edilen-altin-portakal-icin-milyonlari-odemis\/\",\"name\":\"Antalya B\u00fcy\u00fck\u015fehir Belediyesi iptal edilen Alt\u0131n Portakal i\u00e7in milyonlar\u0131 \u00f6demi\u015f! - Av. Deniz Can K\u0131z\u0131l\",\"isPartOf\":{\"@id\":\"https:\/\/denizcankizil.tr\/#website\"},\"datePublished\":\"2024-12-16T06:41:43+00:00\",\"breadcrumb\":{\"@id\":\"http:\/\/denizcankizil.tr\/uk\/haberler\/gundem\/antalya-buyuksehir-belediyesi-iptal-edilen-altin-portakal-icin-milyonlari-odemis\/#breadcrumb\"},\"inLanguage\":\"uk\",\"potentialAction\":[{\"@type\":\"ReadAction\",\"target\":[\"http:\/\/denizcankizil.tr\/uk\/haberler\/gundem\/antalya-buyuksehir-belediyesi-iptal-edilen-altin-portakal-icin-milyonlari-odemis\/\"]}]},{\"@type\":\"BreadcrumbList\",\"@id\":\"http:\/\/denizcankizil.tr\/uk\/haberler\/gundem\/antalya-buyuksehir-belediyesi-iptal-edilen-altin-portakal-icin-milyonlari-odemis\/#breadcrumb\",\"itemListElement\":[{\"@type\":\"ListItem\",\"position\":1,\"name\":\"Home\",\"item\":\"https:\/\/denizcankizil.tr\/de\/\"},{\"@type\":\"ListItem\",\"position\":2,\"name\":\"Antalya B\u00fcy\u00fck\u015fehir Belediyesi iptal edilen Alt\u0131n Portakal i\u00e7in milyonlar\u0131 \u00f6demi\u015f!\"}]},{\"@type\":\"WebSite\",\"@id\":\"https:\/\/denizcankizil.tr\/#website\",\"url\":\"https:\/\/denizcankizil.tr\/\",\"name\":\"Av. Deniz Can K\u0131z\u0131l\",\"description\":\"Avukat Deniz Can K\u0131z\u0131l Antalya Barosu\",\"publisher\":{\"@id\":\"https:\/\/denizcankizil.tr\/#organization\"},\"potentialAction\":[{\"@type\":\"SearchAction\",\"target\":{\"@type\":\"EntryPoint\",\"urlTemplate\":\"https:\/\/denizcankizil.tr\/?s={search_term_string}\"},\"query-input\":{\"@type\":\"PropertyValueSpecification\",\"valueRequired\":true,\"valueName\":\"search_term_string\"}}],\"inLanguage\":\"uk\"},{\"@type\":\"Organization\",\"@id\":\"https:\/\/denizcankizil.tr\/#organization\",\"name\":\"Av. Deniz Can K\u0131z\u0131l\",\"url\":\"https:\/\/denizcankizil.tr\/\",\"logo\":{\"@type\":\"ImageObject\",\"inLanguage\":\"uk\",\"@id\":\"https:\/\/denizcankizil.tr\/#\/schema\/logo\/image\/\",\"url\":\"http:\/\/denizcankizil.tr\/wp-content\/uploads\/2024\/10\/siyah-logo-svg.svg\",\"contentUrl\":\"http:\/\/denizcankizil.tr\/wp-content\/uploads\/2024\/10\/siyah-logo-svg.svg\",\"width\":1080,\"height\":1080,\"caption\":\"Av. Deniz Can K\u0131z\u0131l\"},\"image\":{\"@id\":\"https:\/\/denizcankizil.tr\/#\/schema\/logo\/image\/\"}}]}<\/script>\n<!-- \/ Yoast SEO Premium plugin. -->","yoast_head_json":{"title":"Antalya B\u00fcy\u00fck\u015fehir Belediyesi iptal edilen Alt\u0131n Portakal i\u00e7in milyonlar\u0131 \u00f6demi\u015f! - Av. Deniz Can K\u0131z\u0131l","robots":{"index":"index","follow":"follow","max-snippet":"max-snippet:-1","max-image-preview":"max-image-preview:large","max-video-preview":"max-video-preview:-1"},"canonical":"http:\/\/denizcankizil.tr\/uk\/haberler\/gundem\/antalya-buyuksehir-belediyesi-iptal-edilen-altin-portakal-icin-milyonlari-odemis\/","og_locale":"uk_UA","og_type":"article","og_title":"Antalya B\u00fcy\u00fck\u015fehir Belediyesi iptal edilen Alt\u0131n Portakal i\u00e7in milyonlar\u0131 \u00f6demi\u015f!","og_description":"Antalya B\u00fcy\u00fck\u015fehir Belediyesi taraf\u0131ndan d\u00fczenlenen Alt\u0131n Portakal Film Festivali&#8217;nin 60&#8217;\u0131nc\u0131s\u0131 iptal edilmi\u015fti. Festivalin iptaline giden s\u00fcre\u00e7, festival y\u00f6netiminin 22 Eyl\u00fcl 2023&#8217;te, Ulusal Belgesel Yar\u0131\u015fmas\u0131 se\u00e7kisinde bulunan Kanun H\u00fckm\u00fc adl\u0131 filmin karakterlerinden biri olan Engin Karata\u015f&#8217;\u0131n yarg\u0131 s\u00fcrecinde oldu\u011funu belirtilerek bu filmi &#8220;yarg\u0131lama s\u00fcrecini ve tarafs\u0131zl\u0131\u011f\u0131n\u0131 etkilememek&#8221; gerek\u00e7esiyle se\u00e7kiden \u00e7\u0131kard\u0131\u011f\u0131n\u0131 a\u00e7\u0131klamas\u0131 ile ba\u015flad\u0131. \u00a0Bu karardan sonra bir grup y\u00f6netmen ve yap\u0131mc\u0131 bir bildiri yay\u0131nlayarak festival y\u00f6netiminin karar\u0131n\u0131 &#8220;sanat \u00f6zg\u00fcrl\u00fc\u011f\u00fcne a\u00e7\u0131k bir tehdit&#8221; olarak nitelendirerek Kanun H\u00fckm\u00fc belgeselinin se\u00e7kiye al\u0131n\u0131ncaya kadar filmlerini festivalden \u00e7ektiklerini a\u00e7\u0131klad\u0131. TAR\u0130HTE 3 KEZ \u0130PTAL ED\u0130LD\u0130 Festival Se\u00e7ici Kurulunda g\u00f6revli j\u00fcri \u00fcyeleri de ancak Kanun H\u00fckm\u00fc filminin belgesel yar\u0131\u015fma se\u00e7kisine geri al\u0131nmas\u0131yla festivaldeki g\u00f6revlerini yerine getirebileceklerini belirtti.\u00a0Antalya K\u00f6rfez Gazetesi muhabiri Ertu\u011frul G\u00fcn&#8217;\u00fcn haberine g\u00f6re, bu geli\u015fmelerden sonra festival y\u00f6netimi, yarg\u0131lama s\u00fcrecinin devam etmedi\u011finin belgelendi\u011fi gerek\u00e7esiyle filmi tekrar se\u00e7kiye dahil etti. Filmin se\u00e7kiye al\u0131nmas\u0131 \u00fczerine K\u00fclt\u00fcr ve Turizm Bakanl\u0131\u011f\u0131, &#8220;festivalin FET\u00d6 ter\u00f6r \u00f6rg\u00fct\u00fc propagandas\u0131 yap\u0131lmas\u0131na vesile oldu\u011fu&#8221; iddias\u0131yla festivalden \u00e7ekildi\u011fini a\u00e7\u0131klad\u0131. Festivalin yap\u0131laca\u011f\u0131 10 bin ki\u015filik kapal\u0131 spor salonun tahsisinden de vazge\u00e7ildi. Bu geli\u015fmeler \u00fczerine Ulusal Uzun Metraj Film Yar\u0131\u015fmas\u0131 J\u00fcrisi Ba\u015fkan\u0131 oyuncu Demet Akba\u011f festivaldeki g\u00f6revinden ayr\u0131ld\u0131\u011f\u0131n\u0131 duyurdu. Ya\u015fanan bu s\u00fcre\u00e7 nedeniyle festivalin iptal edildi\u011fi, Antalya B\u00fcy\u00fck\u015fehir Belediye Ba\u015fkan\u0131 Muhittin B\u00f6cek taraf\u0131ndan 29 Eyl\u00fcl 2023&#8217;te kamuoyuna duyuruldu. Alt\u0131n &hellip;","og_url":"http:\/\/denizcankizil.tr\/uk\/haberler\/gundem\/antalya-buyuksehir-belediyesi-iptal-edilen-altin-portakal-icin-milyonlari-odemis\/","og_site_name":"Av. Deniz Can K\u0131z\u0131l","article_published_time":"2024-12-16T06:41:43+00:00","twitter_card":"summary_large_image","twitter_misc":{"\u041f\u0440\u0438\u0431\u043b. \u0447\u0430\u0441 \u0447\u0438\u0442\u0430\u043d\u043d\u044f":"3 \u0445\u0432\u0438\u043b\u0438\u043d\u0438"},"schema":{"@context":"https:\/\/schema.org","@graph":[{"@type":"Article","@id":"http:\/\/denizcankizil.tr\/uk\/haberler\/gundem\/antalya-buyuksehir-belediyesi-iptal-edilen-altin-portakal-icin-milyonlari-odemis\/#article","isPartOf":{"@id":"http:\/\/denizcankizil.tr\/uk\/haberler\/gundem\/antalya-buyuksehir-belediyesi-iptal-edilen-altin-portakal-icin-milyonlari-odemis\/"},"author":{"name":"","@id":""},"headline":"Antalya B\u00fcy\u00fck\u015fehir Belediyesi iptal edilen Alt\u0131n Portakal i\u00e7in milyonlar\u0131 \u00f6demi\u015f!","datePublished":"2024-12-16T06:41:43+00:00","mainEntityOfPage":{"@id":"http:\/\/denizcankizil.tr\/uk\/haberler\/gundem\/antalya-buyuksehir-belediyesi-iptal-edilen-altin-portakal-icin-milyonlari-odemis\/"},"wordCount":667,"commentCount":0,"publisher":{"@id":"https:\/\/denizcankizil.tr\/#organization"},"articleSection":["G\u00fcndem","Uncategorized"],"inLanguage":"uk","potentialAction":[{"@type":"CommentAction","name":"Comment","target":["http:\/\/denizcankizil.tr\/uk\/haberler\/gundem\/antalya-buyuksehir-belediyesi-iptal-edilen-altin-portakal-icin-milyonlari-odemis\/#respond"]}]},{"@type":"WebPage","@id":"http:\/\/denizcankizil.tr\/uk\/haberler\/gundem\/antalya-buyuksehir-belediyesi-iptal-edilen-altin-portakal-icin-milyonlari-odemis\/","url":"http:\/\/denizcankizil.tr\/uk\/haberler\/gundem\/antalya-buyuksehir-belediyesi-iptal-edilen-altin-portakal-icin-milyonlari-odemis\/","name":"Antalya B\u00fcy\u00fck\u015fehir Belediyesi iptal edilen Alt\u0131n Portakal i\u00e7in milyonlar\u0131 \u00f6demi\u015f! - Av. Deniz Can K\u0131z\u0131l","isPartOf":{"@id":"https:\/\/denizcankizil.tr\/#website"},"datePublished":"2024-12-16T06:41:43+00:00","breadcrumb":{"@id":"http:\/\/denizcankizil.tr\/uk\/haberler\/gundem\/antalya-buyuksehir-belediyesi-iptal-edilen-altin-portakal-icin-milyonlari-odemis\/#breadcrumb"},"inLanguage":"uk","potentialAction":[{"@type":"ReadAction","target":["http:\/\/denizcankizil.tr\/uk\/haberler\/gundem\/antalya-buyuksehir-belediyesi-iptal-edilen-altin-portakal-icin-milyonlari-odemis\/"]}]},{"@type":"BreadcrumbList","@id":"http:\/\/denizcankizil.tr\/uk\/haberler\/gundem\/antalya-buyuksehir-belediyesi-iptal-edilen-altin-portakal-icin-milyonlari-odemis\/#breadcrumb","itemListElement":[{"@type":"ListItem","position":1,"name":"Home","item":"https:\/\/denizcankizil.tr\/de\/"},{"@type":"ListItem","position":2,"name":"Antalya B\u00fcy\u00fck\u015fehir Belediyesi iptal edilen Alt\u0131n Portakal i\u00e7in milyonlar\u0131 \u00f6demi\u015f!"}]},{"@type":"WebSite","@id":"https:\/\/denizcankizil.tr\/#website","url":"https:\/\/denizcankizil.tr\/","name":"Av. Deniz Can K\u0131z\u0131l","description":"Avukat Deniz Can K\u0131z\u0131l Antalya Barosu","publisher":{"@id":"https:\/\/denizcankizil.tr\/#organization"},"potentialAction":[{"@type":"SearchAction","target":{"@type":"EntryPoint","urlTemplate":"https:\/\/denizcankizil.tr\/?s={search_term_string}"},"query-input":{"@type":"PropertyValueSpecification","valueRequired":true,"valueName":"search_term_string"}}],"inLanguage":"uk"},{"@type":"Organization","@id":"https:\/\/denizcankizil.tr\/#organization","name":"Av. Deniz Can K\u0131z\u0131l","url":"https:\/\/denizcankizil.tr\/","logo":{"@type":"ImageObject","inLanguage":"uk","@id":"https:\/\/denizcankizil.tr\/#\/schema\/logo\/image\/","url":"http:\/\/denizcankizil.tr\/wp-content\/uploads\/2024\/10\/siyah-logo-svg.svg","contentUrl":"http:\/\/denizcankizil.tr\/wp-content\/uploads\/2024\/10\/siyah-logo-svg.svg","width":1080,"height":1080,"caption":"Av. Deniz Can K\u0131z\u0131l"},"image":{"@id":"https:\/\/denizcankizil.tr\/#\/schema\/logo\/image\/"}}]}},"_links":{"self":[{"href":"http:\/\/denizcankizil.tr\/uk\/wp-json\/wp\/v2\/posts\/20901","targetHints":{"allow":["GET"]}}],"collection":[{"href":"http:\/\/denizcankizil.tr\/uk\/wp-json\/wp\/v2\/posts"}],"about":[{"href":"http:\/\/denizcankizil.tr\/uk\/wp-json\/wp\/v2\/types\/post"}],"replies":[{"embeddable":true,"href":"http:\/\/denizcankizil.tr\/uk\/wp-json\/wp\/v2\/comments?post=20901"}],"version-history":[{"count":0,"href":"http:\/\/denizcankizil.tr\/uk\/wp-json\/wp\/v2\/posts\/20901\/revisions"}],"wp:attachment":[{"href":"http:\/\/denizcankizil.tr\/uk\/wp-json\/wp\/v2\/media?parent=20901"}],"wp:term":[{"taxonomy":"category","embeddable":true,"href":"http:\/\/denizcankizil.tr\/uk\/wp-json\/wp\/v2\/categories?post=20901"},{"taxonomy":"post_tag","embeddable":true,"href":"http:\/\/denizcankizil.tr\/uk\/wp-json\/wp\/v2\/tags?post=20901"}],"curies":[{"name":"wp","href":"https:\/\/api.w.org\/{rel}","templated":true}]}}