{"id":20792,"date":"2024-12-14T17:42:12","date_gmt":"2024-12-14T14:42:12","guid":{"rendered":"https:\/\/denizcankizil.tr\/uncategorized-tr\/kardesinin-calinan-bisikletini-buldu\/"},"modified":"2024-12-14T17:42:12","modified_gmt":"2024-12-14T14:42:12","slug":"kardesinin-calinan-bisikletini-buldu","status":"publish","type":"post","link":"http:\/\/denizcankizil.tr\/uk\/haberler\/antalya\/kardesinin-calinan-bisikletini-buldu\/","title":{"rendered":"Karde\u015finin \u00e7al\u0131nan bisikletini buldu"},"content":{"rendered":"<p>Serik il\u00e7esi Yeni mahalle de 12 Aral\u0131k g\u00fcn\u00fc sabah saatlerinde Zekai Metin&#8217;in oturdu\u011fu apartman\u0131n bah\u00e7esinden o\u011flu Murat Metin&#8217;e (9) ait bisiklet kimli\u011fi belirsiz ki\u015filerce \u00e7al\u0131nd\u0131. Apartman\u0131n g\u00fcvenlik kamera kay\u0131tlar\u0131n\u0131 izleyen Zekai Metin&#8217;in o\u011flu Arda Metin (13) bisikletin bisikletle gelen 2 ki\u015fi taraf\u0131ndan \u00e7al\u0131nd\u0131\u011f\u0131n\u0131 g\u00f6rd\u00fc. Dedektif gibi iz s\u00fcren k\u00fc\u00e7\u00fck \u00e7ocuk, okulun bulundu\u011fu yere giderken bisikleti \u00e7alan \u015f\u00fcphelilerden bir tanesini g\u00f6r\u00fcp yan\u0131na gitti. Kamera kay\u0131tlar\u0131n\u0131 \u015f\u00fcpheliye izleten Metin, \u015f\u00fcphelinin ka\u00e7mas\u0131na izin vermeyerek yakalad\u0131. Daha sonra babas\u0131na haber vererek yakalatt\u0131\u011f\u0131 \u00e7ocu\u011fu polise teslim etti.<br \/>\n\u015e\u00fcphelini yer g\u00f6stermesi ile bulunan bisikleti polis, Metin ailesine teslim etti.<\/p>\n<p>Bisikletin \u00e7al\u0131nma anlar\u0131 g\u00fcvenlik kameras\u0131na yans\u0131d\u0131<br \/>\n\u00d6te yandan bisikletin \u00e7al\u0131nma anlar\u0131 g\u00fcvenlik kameralar\u0131na saniye saniye yans\u0131d\u0131. G\u00f6r\u00fcnt\u00fclerde, ya\u015f\u0131 k\u00fc\u00e7\u00fck iki \u00e7ocu\u011fun iki bisikletle apartman\u0131n bah\u00e7esine geldi\u011fi, ard\u0131ndan \u00e7ocuklardan birinin kendi kulland\u0131\u011f\u0131 bisikleti b\u0131rak\u0131p Metin ailesine ait bisikleti al\u0131p g\u00f6t\u00fcrd\u00fc\u011f\u00fc, bir s\u00fcre sonra tekrar gelip kendi bisikletini de g\u00f6t\u00fcrmesi yer ald\u0131.<br \/>\n\u015e\u00fcpheli Abdullah A. (11) ise serbest b\u0131rak\u0131ld\u0131.<\/p>\n<p>&#8220;Korkutmamak i\u00e7in omzundan tuttum&#8221;<br \/>\nAdeta bir dedektif gibi iz s\u00fcrerek \u00e7al\u0131nan bisikletini bulan ve \u015f\u00fcphelilerden birini yakalatan Arda Metin, gazetecilere yapt\u0131\u011f\u0131 a\u00e7\u0131klamada, \u201cPer\u015fembe g\u00fcn\u00fc karde\u015fimin bisikleti \u00e7al\u0131nm\u0131\u015ft\u0131. Okuldan \u00e7\u0131kt\u0131ktan sonra onu aramaya ba\u015flad\u0131m. 3-4 saat sokaklarda gezdim. Hurdac\u0131lara gittim bisikletin foto\u011fraf\u0131n\u0131 g\u00f6sterdim. Gelirse haber vermelerini istedim. Sonra eve d\u00f6nerken son kez okulun oraya gittim. Kamera kay\u0131tlar\u0131nda bisikleti \u00e7alan \u00e7ocu\u011fu g\u00f6rd\u00fcm. Bizim bisikleti \u00e7al\u0131p yerine b\u0131rakt\u0131\u011f\u0131 bisikletle duruyordu. Ben \u00e7ocu\u011fun yan\u0131na gitti\u011fimde onu korkutmamak i\u00e7in bilgisayar\u0131m\u0131n \u00e7al\u0131nd\u0131\u011f\u0131n\u0131 kamera kay\u0131tlar\u0131na bakmas\u0131n\u0131 istedim. Korkutmamak i\u00e7in omzundan tuttum. Babam\u0131n bana att\u0131\u011f\u0131 kamera kayd\u0131n\u0131 izlettim oradakinin kim oldu\u011funu sordum. Kendisini g\u00f6r\u00fcnce \u015fa\u015f\u0131rd\u0131. Ben de bu sensin dedim. Bisikletin yerini s\u00f6yle yoksa polis \u00e7a\u011f\u0131raca\u011f\u0131m dedim. Bir anda yere yatt\u0131. Elimi \u0131s\u0131rd\u0131. Etrafta bulunan herkes ba\u015f\u0131m\u0131za topland\u0131. Gelenlere elimdeki g\u00f6r\u00fcnt\u00fcleri g\u00f6sterdim. Daha sonra babam\u0131 arad\u0131m. Polisle birlikte geldi. Babamla birlikte \u00e7ocu\u011fu polise teslim ettik. Bisikleti ald\u0131m eve gittim\u201d dedi.<\/p>\n<p>&#8220;Arad\u0131m, buldum, mutluyum, ba\u015fard\u0131m&#8221;<br \/>\n\u00c7al\u0131nan bisikleti karde\u015finden \u00f6nce kendisinin de kulland\u0131\u011f\u0131n\u0131 belirten Metin, \u201c4 sene ben bindim. Bisikletle okula gidip geldim. \u00c7ok kez d\u00fc\u015ft\u00fcm. Hatta bir keresinde ka\u015f\u0131m\u0131 yard\u0131m. Birka\u00e7 defa az daha araba \u00e7arp\u0131yordu. Bisikletimle \u00e7ok hat\u0131ralar\u0131m vard\u0131. \u00c7al\u0131nd\u0131\u011f\u0131 i\u00e7in \u00e7ok \u00fcz\u00fclm\u00fc\u015ft\u00fcm. Hatta \u00e7al\u0131nd\u0131ktan sonra r\u00fcyama bile arad\u0131\u011f\u0131m girdi. \u00c7\u0131k\u0131p arayay\u0131m dedim. Arad\u0131m, buldum, mutluyum, ba\u015fard\u0131m\u201d diye konu\u015ftu.<br \/>\nBaba Zekai Metin ise, bisikleti bulduklar\u0131 i\u00e7in mutlu olduklar\u0131n\u0131 s\u00f6yledi ve bir mesaj verdi. Metin, \u201cBisikletimiz bulunduktan sonra di\u011fer bisikletlerin sahiplerine ula\u015fabilmek i\u00e7in sosyal medyada yay\u0131nlad\u0131ktan sonra beni \u00e7ok arayanlar oldu. \u00d6zellikle pahal\u0131 ve yeti\u015fkin bisikleti h\u0131rs\u0131zl\u0131klar\u0131 \u00e7ok fazla olmu\u015f. Konuyla polisimizin biraz daha fazla ilgilenmesini istiyorum. \u00c7\u00fcnk\u00fc son bir hafta i\u00e7erisinde baya\u011f\u0131 h\u0131rs\u0131zl\u0131k olay\u0131 olmu\u015f. Benim evim Yeni Mahallede, bisikletin bulundu\u011fu mahalle ise K\u00f6kez Mahallesi evimle aras\u0131nda en az 2-3 kilometre mesafe var\u201d dedi.<\/p>\n<p>Kaynak: www.kanalv.com.tr Haber Sitesinden Al\u0131nm\u0131\u015ft\u0131r.<\/p>","protected":false},"excerpt":{"rendered":"<p>Serik il\u00e7esi Yeni mahalle de 12 Aral\u0131k g\u00fcn\u00fc sabah saatlerinde Zekai Metin&#8217;in oturdu\u011fu apartman\u0131n bah\u00e7esinden o\u011flu Murat Metin&#8217;e (9) ait bisiklet kimli\u011fi belirsiz ki\u015filerce \u00e7al\u0131nd\u0131. Apartman\u0131n g\u00fcvenlik kamera kay\u0131tlar\u0131n\u0131 izleyen Zekai Metin&#8217;in o\u011flu Arda Metin (13) bisikletin bisikletle gelen 2 ki\u015fi taraf\u0131ndan \u00e7al\u0131nd\u0131\u011f\u0131n\u0131 g\u00f6rd\u00fc. Dedektif gibi iz s\u00fcren k\u00fc\u00e7\u00fck \u00e7ocuk, okulun bulundu\u011fu yere giderken bisikleti \u00e7alan \u015f\u00fcphelilerden bir tanesini g\u00f6r\u00fcp yan\u0131na gitti. Kamera kay\u0131tlar\u0131n\u0131 \u015f\u00fcpheliye izleten Metin, \u015f\u00fcphelinin ka\u00e7mas\u0131na izin vermeyerek yakalad\u0131. Daha sonra babas\u0131na haber vererek yakalatt\u0131\u011f\u0131 \u00e7ocu\u011fu polise teslim etti. \u015e\u00fcphelini yer g\u00f6stermesi ile bulunan bisikleti polis, Metin ailesine teslim etti. Bisikletin \u00e7al\u0131nma anlar\u0131 g\u00fcvenlik kameras\u0131na yans\u0131d\u0131 \u00d6te yandan bisikletin \u00e7al\u0131nma anlar\u0131 g\u00fcvenlik kameralar\u0131na saniye saniye yans\u0131d\u0131. G\u00f6r\u00fcnt\u00fclerde, ya\u015f\u0131 k\u00fc\u00e7\u00fck iki \u00e7ocu\u011fun iki bisikletle apartman\u0131n bah\u00e7esine geldi\u011fi, ard\u0131ndan \u00e7ocuklardan birinin kendi kulland\u0131\u011f\u0131 bisikleti b\u0131rak\u0131p Metin ailesine ait bisikleti al\u0131p g\u00f6t\u00fcrd\u00fc\u011f\u00fc, bir s\u00fcre sonra tekrar gelip kendi bisikletini de g\u00f6t\u00fcrmesi yer ald\u0131. \u015e\u00fcpheli Abdullah A. (11) ise serbest b\u0131rak\u0131ld\u0131. &#8220;Korkutmamak i\u00e7in omzundan tuttum&#8221; Adeta bir dedektif gibi iz s\u00fcrerek \u00e7al\u0131nan bisikletini bulan ve \u015f\u00fcphelilerden birini yakalatan Arda Metin, gazetecilere yapt\u0131\u011f\u0131 a\u00e7\u0131klamada, \u201cPer\u015fembe g\u00fcn\u00fc karde\u015fimin bisikleti \u00e7al\u0131nm\u0131\u015ft\u0131. Okuldan \u00e7\u0131kt\u0131ktan sonra onu aramaya ba\u015flad\u0131m. 3-4 saat sokaklarda gezdim. Hurdac\u0131lara gittim bisikletin foto\u011fraf\u0131n\u0131 g\u00f6sterdim. Gelirse haber vermelerini istedim. Sonra eve d\u00f6nerken son &hellip;<\/p>","protected":false},"author":0,"featured_media":20793,"comment_status":"open","ping_status":"open","sticky":false,"template":"","format":"standard","meta":{"_acf_changed":false,"footnotes":""},"categories":[26,535],"tags":[],"class_list":["post-20792","post","type-post","status-publish","format-standard","has-post-thumbnail","hentry","category-antalya","category-uncategorized-tr"],"acf":[],"yoast_head":"<!-- This site is optimized with the Yoast SEO Premium plugin v26.6 (Yoast SEO v27.1.1) - https:\/\/yoast.com\/product\/yoast-seo-premium-wordpress\/ -->\n<title>Karde\u015finin \u00e7al\u0131nan bisikletini buldu - Av. Deniz Can K\u0131z\u0131l<\/title>\n<meta name=\"robots\" content=\"index, follow, max-snippet:-1, max-image-preview:large, max-video-preview:-1\" \/>\n<link rel=\"canonical\" href=\"https:\/\/denizcankizil.tr\/uk\/haberler\/antalya\/kardesinin-calinan-bisikletini-buldu\/\" \/>\n<meta property=\"og:locale\" content=\"uk_UA\" \/>\n<meta property=\"og:type\" content=\"article\" \/>\n<meta property=\"og:title\" content=\"Karde\u015finin \u00e7al\u0131nan bisikletini buldu\" \/>\n<meta property=\"og:description\" content=\"Serik il\u00e7esi Yeni mahalle de 12 Aral\u0131k g\u00fcn\u00fc sabah saatlerinde Zekai Metin&#8217;in oturdu\u011fu apartman\u0131n bah\u00e7esinden o\u011flu Murat Metin&#8217;e (9) ait bisiklet kimli\u011fi belirsiz ki\u015filerce \u00e7al\u0131nd\u0131. Apartman\u0131n g\u00fcvenlik kamera kay\u0131tlar\u0131n\u0131 izleyen Zekai Metin&#8217;in o\u011flu Arda Metin (13) bisikletin bisikletle gelen 2 ki\u015fi taraf\u0131ndan \u00e7al\u0131nd\u0131\u011f\u0131n\u0131 g\u00f6rd\u00fc. Dedektif gibi iz s\u00fcren k\u00fc\u00e7\u00fck \u00e7ocuk, okulun bulundu\u011fu yere giderken bisikleti \u00e7alan \u015f\u00fcphelilerden bir tanesini g\u00f6r\u00fcp yan\u0131na gitti. Kamera kay\u0131tlar\u0131n\u0131 \u015f\u00fcpheliye izleten Metin, \u015f\u00fcphelinin ka\u00e7mas\u0131na izin vermeyerek yakalad\u0131. Daha sonra babas\u0131na haber vererek yakalatt\u0131\u011f\u0131 \u00e7ocu\u011fu polise teslim etti. \u015e\u00fcphelini yer g\u00f6stermesi ile bulunan bisikleti polis, Metin ailesine teslim etti. Bisikletin \u00e7al\u0131nma anlar\u0131 g\u00fcvenlik kameras\u0131na yans\u0131d\u0131 \u00d6te yandan bisikletin \u00e7al\u0131nma anlar\u0131 g\u00fcvenlik kameralar\u0131na saniye saniye yans\u0131d\u0131. G\u00f6r\u00fcnt\u00fclerde, ya\u015f\u0131 k\u00fc\u00e7\u00fck iki \u00e7ocu\u011fun iki bisikletle apartman\u0131n bah\u00e7esine geldi\u011fi, ard\u0131ndan \u00e7ocuklardan birinin kendi kulland\u0131\u011f\u0131 bisikleti b\u0131rak\u0131p Metin ailesine ait bisikleti al\u0131p g\u00f6t\u00fcrd\u00fc\u011f\u00fc, bir s\u00fcre sonra tekrar gelip kendi bisikletini de g\u00f6t\u00fcrmesi yer ald\u0131. \u015e\u00fcpheli Abdullah A. (11) ise serbest b\u0131rak\u0131ld\u0131. &#8220;Korkutmamak i\u00e7in omzundan tuttum&#8221; Adeta bir dedektif gibi iz s\u00fcrerek \u00e7al\u0131nan bisikletini bulan ve \u015f\u00fcphelilerden birini yakalatan Arda Metin, gazetecilere yapt\u0131\u011f\u0131 a\u00e7\u0131klamada, \u201cPer\u015fembe g\u00fcn\u00fc karde\u015fimin bisikleti \u00e7al\u0131nm\u0131\u015ft\u0131. Okuldan \u00e7\u0131kt\u0131ktan sonra onu aramaya ba\u015flad\u0131m. 3-4 saat sokaklarda gezdim. Hurdac\u0131lara gittim bisikletin foto\u011fraf\u0131n\u0131 g\u00f6sterdim. Gelirse haber vermelerini istedim. Sonra eve d\u00f6nerken son &hellip;\" \/>\n<meta property=\"og:url\" content=\"https:\/\/denizcankizil.tr\/uk\/haberler\/antalya\/kardesinin-calinan-bisikletini-buldu\/\" \/>\n<meta property=\"og:site_name\" content=\"Av. Deniz Can K\u0131z\u0131l\" \/>\n<meta property=\"article:published_time\" content=\"2024-12-14T14:42:12+00:00\" \/>\n<meta property=\"og:image\" content=\"https:\/\/denizcankizil.tr\/wp-content\/uploads\/2024\/12\/3594-01-THAU3z.jpeg\" \/>\n\t<meta property=\"og:image:width\" content=\"1280\" \/>\n\t<meta property=\"og:image:height\" content=\"720\" \/>\n\t<meta property=\"og:image:type\" content=\"image\/jpeg\" \/>\n<meta name=\"twitter:card\" content=\"summary_large_image\" \/>\n<meta name=\"twitter:label1\" content=\"\u041f\u0440\u0438\u0431\u043b. \u0447\u0430\u0441 \u0447\u0438\u0442\u0430\u043d\u043d\u044f\" \/>\n\t<meta name=\"twitter:data1\" content=\"3 \u0445\u0432\u0438\u043b\u0438\u043d\u0438\" \/>\n<script type=\"application\/ld+json\" class=\"yoast-schema-graph\">{\"@context\":\"https:\/\/schema.org\",\"@graph\":[{\"@type\":\"Article\",\"@id\":\"https:\/\/denizcankizil.tr\/en\/haberler\/antalya\/kardesinin-calinan-bisikletini-buldu\/#article\",\"isPartOf\":{\"@id\":\"https:\/\/denizcankizil.tr\/en\/haberler\/antalya\/kardesinin-calinan-bisikletini-buldu\/\"},\"author\":{\"name\":\"\",\"@id\":\"\"},\"headline\":\"Karde\u015finin \u00e7al\u0131nan bisikletini buldu\",\"datePublished\":\"2024-12-14T14:42:12+00:00\",\"mainEntityOfPage\":{\"@id\":\"https:\/\/denizcankizil.tr\/en\/haberler\/antalya\/kardesinin-calinan-bisikletini-buldu\/\"},\"wordCount\":602,\"commentCount\":0,\"publisher\":{\"@id\":\"https:\/\/denizcankizil.tr\/de\/#organization\"},\"image\":{\"@id\":\"https:\/\/denizcankizil.tr\/en\/haberler\/antalya\/kardesinin-calinan-bisikletini-buldu\/#primaryimage\"},\"thumbnailUrl\":\"http:\/\/denizcankizil.tr\/wp-content\/uploads\/2024\/12\/3594-01-THAU3z.jpeg\",\"articleSection\":[\"Antalya\",\"Uncategorized\"],\"inLanguage\":\"uk\",\"potentialAction\":[{\"@type\":\"CommentAction\",\"name\":\"Comment\",\"target\":[\"https:\/\/denizcankizil.tr\/en\/haberler\/antalya\/kardesinin-calinan-bisikletini-buldu\/#respond\"]}]},{\"@type\":\"WebPage\",\"@id\":\"https:\/\/denizcankizil.tr\/en\/haberler\/antalya\/kardesinin-calinan-bisikletini-buldu\/\",\"url\":\"https:\/\/denizcankizil.tr\/en\/haberler\/antalya\/kardesinin-calinan-bisikletini-buldu\/\",\"name\":\"Karde\u015finin \u00e7al\u0131nan bisikletini buldu - Av. Deniz Can K\u0131z\u0131l\",\"isPartOf\":{\"@id\":\"https:\/\/denizcankizil.tr\/de\/#website\"},\"primaryImageOfPage\":{\"@id\":\"https:\/\/denizcankizil.tr\/en\/haberler\/antalya\/kardesinin-calinan-bisikletini-buldu\/#primaryimage\"},\"image\":{\"@id\":\"https:\/\/denizcankizil.tr\/en\/haberler\/antalya\/kardesinin-calinan-bisikletini-buldu\/#primaryimage\"},\"thumbnailUrl\":\"http:\/\/denizcankizil.tr\/wp-content\/uploads\/2024\/12\/3594-01-THAU3z.jpeg\",\"datePublished\":\"2024-12-14T14:42:12+00:00\",\"breadcrumb\":{\"@id\":\"https:\/\/denizcankizil.tr\/en\/haberler\/antalya\/kardesinin-calinan-bisikletini-buldu\/#breadcrumb\"},\"inLanguage\":\"uk\",\"potentialAction\":[{\"@type\":\"ReadAction\",\"target\":[\"https:\/\/denizcankizil.tr\/en\/haberler\/antalya\/kardesinin-calinan-bisikletini-buldu\/\"]}]},{\"@type\":\"ImageObject\",\"inLanguage\":\"uk\",\"@id\":\"https:\/\/denizcankizil.tr\/en\/haberler\/antalya\/kardesinin-calinan-bisikletini-buldu\/#primaryimage\",\"url\":\"http:\/\/denizcankizil.tr\/wp-content\/uploads\/2024\/12\/3594-01-THAU3z.jpeg\",\"contentUrl\":\"http:\/\/denizcankizil.tr\/wp-content\/uploads\/2024\/12\/3594-01-THAU3z.jpeg\",\"width\":1280,\"height\":720},{\"@type\":\"BreadcrumbList\",\"@id\":\"https:\/\/denizcankizil.tr\/en\/haberler\/antalya\/kardesinin-calinan-bisikletini-buldu\/#breadcrumb\",\"itemListElement\":[{\"@type\":\"ListItem\",\"position\":1,\"name\":\"Home\",\"item\":\"https:\/\/denizcankizil.tr\/de\/\"},{\"@type\":\"ListItem\",\"position\":2,\"name\":\"Karde\u015finin \u00e7al\u0131nan bisikletini buldu\"}]},{\"@type\":\"WebSite\",\"@id\":\"https:\/\/denizcankizil.tr\/de\/#website\",\"url\":\"https:\/\/denizcankizil.tr\/de\/\",\"name\":\"Av. Deniz Can K\u0131z\u0131l\",\"description\":\"Avukat Deniz Can K\u0131z\u0131l Antalya Barosu\",\"publisher\":{\"@id\":\"https:\/\/denizcankizil.tr\/de\/#organization\"},\"potentialAction\":[{\"@type\":\"SearchAction\",\"target\":{\"@type\":\"EntryPoint\",\"urlTemplate\":\"https:\/\/denizcankizil.tr\/de\/?s={search_term_string}\"},\"query-input\":{\"@type\":\"PropertyValueSpecification\",\"valueRequired\":true,\"valueName\":\"search_term_string\"}}],\"inLanguage\":\"uk\"},{\"@type\":\"Organization\",\"@id\":\"https:\/\/denizcankizil.tr\/de\/#organization\",\"name\":\"Av. Deniz Can K\u0131z\u0131l\",\"url\":\"https:\/\/denizcankizil.tr\/de\/\",\"logo\":{\"@type\":\"ImageObject\",\"inLanguage\":\"uk\",\"@id\":\"https:\/\/denizcankizil.tr\/de\/#\/schema\/logo\/image\/\",\"url\":\"http:\/\/denizcankizil.tr\/wp-content\/uploads\/2024\/10\/siyah-logo-svg.svg\",\"contentUrl\":\"http:\/\/denizcankizil.tr\/wp-content\/uploads\/2024\/10\/siyah-logo-svg.svg\",\"width\":1080,\"height\":1080,\"caption\":\"Av. Deniz Can K\u0131z\u0131l\"},\"image\":{\"@id\":\"https:\/\/denizcankizil.tr\/de\/#\/schema\/logo\/image\/\"}}]}<\/script>\n<!-- \/ Yoast SEO Premium plugin. -->","yoast_head_json":{"title":"Karde\u015finin \u00e7al\u0131nan bisikletini buldu - Av. Deniz Can K\u0131z\u0131l","robots":{"index":"index","follow":"follow","max-snippet":"max-snippet:-1","max-image-preview":"max-image-preview:large","max-video-preview":"max-video-preview:-1"},"canonical":"https:\/\/denizcankizil.tr\/uk\/haberler\/antalya\/kardesinin-calinan-bisikletini-buldu\/","og_locale":"uk_UA","og_type":"article","og_title":"Karde\u015finin \u00e7al\u0131nan bisikletini buldu","og_description":"Serik il\u00e7esi Yeni mahalle de 12 Aral\u0131k g\u00fcn\u00fc sabah saatlerinde Zekai Metin&#8217;in oturdu\u011fu apartman\u0131n bah\u00e7esinden o\u011flu Murat Metin&#8217;e (9) ait bisiklet kimli\u011fi belirsiz ki\u015filerce \u00e7al\u0131nd\u0131. Apartman\u0131n g\u00fcvenlik kamera kay\u0131tlar\u0131n\u0131 izleyen Zekai Metin&#8217;in o\u011flu Arda Metin (13) bisikletin bisikletle gelen 2 ki\u015fi taraf\u0131ndan \u00e7al\u0131nd\u0131\u011f\u0131n\u0131 g\u00f6rd\u00fc. Dedektif gibi iz s\u00fcren k\u00fc\u00e7\u00fck \u00e7ocuk, okulun bulundu\u011fu yere giderken bisikleti \u00e7alan \u015f\u00fcphelilerden bir tanesini g\u00f6r\u00fcp yan\u0131na gitti. Kamera kay\u0131tlar\u0131n\u0131 \u015f\u00fcpheliye izleten Metin, \u015f\u00fcphelinin ka\u00e7mas\u0131na izin vermeyerek yakalad\u0131. Daha sonra babas\u0131na haber vererek yakalatt\u0131\u011f\u0131 \u00e7ocu\u011fu polise teslim etti. \u015e\u00fcphelini yer g\u00f6stermesi ile bulunan bisikleti polis, Metin ailesine teslim etti. Bisikletin \u00e7al\u0131nma anlar\u0131 g\u00fcvenlik kameras\u0131na yans\u0131d\u0131 \u00d6te yandan bisikletin \u00e7al\u0131nma anlar\u0131 g\u00fcvenlik kameralar\u0131na saniye saniye yans\u0131d\u0131. G\u00f6r\u00fcnt\u00fclerde, ya\u015f\u0131 k\u00fc\u00e7\u00fck iki \u00e7ocu\u011fun iki bisikletle apartman\u0131n bah\u00e7esine geldi\u011fi, ard\u0131ndan \u00e7ocuklardan birinin kendi kulland\u0131\u011f\u0131 bisikleti b\u0131rak\u0131p Metin ailesine ait bisikleti al\u0131p g\u00f6t\u00fcrd\u00fc\u011f\u00fc, bir s\u00fcre sonra tekrar gelip kendi bisikletini de g\u00f6t\u00fcrmesi yer ald\u0131. \u015e\u00fcpheli Abdullah A. (11) ise serbest b\u0131rak\u0131ld\u0131. &#8220;Korkutmamak i\u00e7in omzundan tuttum&#8221; Adeta bir dedektif gibi iz s\u00fcrerek \u00e7al\u0131nan bisikletini bulan ve \u015f\u00fcphelilerden birini yakalatan Arda Metin, gazetecilere yapt\u0131\u011f\u0131 a\u00e7\u0131klamada, \u201cPer\u015fembe g\u00fcn\u00fc karde\u015fimin bisikleti \u00e7al\u0131nm\u0131\u015ft\u0131. Okuldan \u00e7\u0131kt\u0131ktan sonra onu aramaya ba\u015flad\u0131m. 3-4 saat sokaklarda gezdim. Hurdac\u0131lara gittim bisikletin foto\u011fraf\u0131n\u0131 g\u00f6sterdim. Gelirse haber vermelerini istedim. Sonra eve d\u00f6nerken son &hellip;","og_url":"https:\/\/denizcankizil.tr\/uk\/haberler\/antalya\/kardesinin-calinan-bisikletini-buldu\/","og_site_name":"Av. Deniz Can K\u0131z\u0131l","article_published_time":"2024-12-14T14:42:12+00:00","og_image":[{"width":1280,"height":720,"url":"https:\/\/denizcankizil.tr\/wp-content\/uploads\/2024\/12\/3594-01-THAU3z.jpeg","type":"image\/jpeg"}],"twitter_card":"summary_large_image","twitter_misc":{"\u041f\u0440\u0438\u0431\u043b. \u0447\u0430\u0441 \u0447\u0438\u0442\u0430\u043d\u043d\u044f":"3 \u0445\u0432\u0438\u043b\u0438\u043d\u0438"},"schema":{"@context":"https:\/\/schema.org","@graph":[{"@type":"Article","@id":"https:\/\/denizcankizil.tr\/en\/haberler\/antalya\/kardesinin-calinan-bisikletini-buldu\/#article","isPartOf":{"@id":"https:\/\/denizcankizil.tr\/en\/haberler\/antalya\/kardesinin-calinan-bisikletini-buldu\/"},"author":{"name":"","@id":""},"headline":"Karde\u015finin \u00e7al\u0131nan bisikletini buldu","datePublished":"2024-12-14T14:42:12+00:00","mainEntityOfPage":{"@id":"https:\/\/denizcankizil.tr\/en\/haberler\/antalya\/kardesinin-calinan-bisikletini-buldu\/"},"wordCount":602,"commentCount":0,"publisher":{"@id":"https:\/\/denizcankizil.tr\/de\/#organization"},"image":{"@id":"https:\/\/denizcankizil.tr\/en\/haberler\/antalya\/kardesinin-calinan-bisikletini-buldu\/#primaryimage"},"thumbnailUrl":"http:\/\/denizcankizil.tr\/wp-content\/uploads\/2024\/12\/3594-01-THAU3z.jpeg","articleSection":["Antalya","Uncategorized"],"inLanguage":"uk","potentialAction":[{"@type":"CommentAction","name":"Comment","target":["https:\/\/denizcankizil.tr\/en\/haberler\/antalya\/kardesinin-calinan-bisikletini-buldu\/#respond"]}]},{"@type":"WebPage","@id":"https:\/\/denizcankizil.tr\/en\/haberler\/antalya\/kardesinin-calinan-bisikletini-buldu\/","url":"https:\/\/denizcankizil.tr\/en\/haberler\/antalya\/kardesinin-calinan-bisikletini-buldu\/","name":"Karde\u015finin \u00e7al\u0131nan bisikletini buldu - Av. Deniz Can K\u0131z\u0131l","isPartOf":{"@id":"https:\/\/denizcankizil.tr\/de\/#website"},"primaryImageOfPage":{"@id":"https:\/\/denizcankizil.tr\/en\/haberler\/antalya\/kardesinin-calinan-bisikletini-buldu\/#primaryimage"},"image":{"@id":"https:\/\/denizcankizil.tr\/en\/haberler\/antalya\/kardesinin-calinan-bisikletini-buldu\/#primaryimage"},"thumbnailUrl":"http:\/\/denizcankizil.tr\/wp-content\/uploads\/2024\/12\/3594-01-THAU3z.jpeg","datePublished":"2024-12-14T14:42:12+00:00","breadcrumb":{"@id":"https:\/\/denizcankizil.tr\/en\/haberler\/antalya\/kardesinin-calinan-bisikletini-buldu\/#breadcrumb"},"inLanguage":"uk","potentialAction":[{"@type":"ReadAction","target":["https:\/\/denizcankizil.tr\/en\/haberler\/antalya\/kardesinin-calinan-bisikletini-buldu\/"]}]},{"@type":"ImageObject","inLanguage":"uk","@id":"https:\/\/denizcankizil.tr\/en\/haberler\/antalya\/kardesinin-calinan-bisikletini-buldu\/#primaryimage","url":"http:\/\/denizcankizil.tr\/wp-content\/uploads\/2024\/12\/3594-01-THAU3z.jpeg","contentUrl":"http:\/\/denizcankizil.tr\/wp-content\/uploads\/2024\/12\/3594-01-THAU3z.jpeg","width":1280,"height":720},{"@type":"BreadcrumbList","@id":"https:\/\/denizcankizil.tr\/en\/haberler\/antalya\/kardesinin-calinan-bisikletini-buldu\/#breadcrumb","itemListElement":[{"@type":"ListItem","position":1,"name":"Home","item":"https:\/\/denizcankizil.tr\/de\/"},{"@type":"ListItem","position":2,"name":"Karde\u015finin \u00e7al\u0131nan bisikletini buldu"}]},{"@type":"WebSite","@id":"https:\/\/denizcankizil.tr\/de\/#website","url":"https:\/\/denizcankizil.tr\/de\/","name":"Av. Deniz Can K\u0131z\u0131l","description":"Avukat Deniz Can K\u0131z\u0131l Antalya Barosu","publisher":{"@id":"https:\/\/denizcankizil.tr\/de\/#organization"},"potentialAction":[{"@type":"SearchAction","target":{"@type":"EntryPoint","urlTemplate":"https:\/\/denizcankizil.tr\/de\/?s={search_term_string}"},"query-input":{"@type":"PropertyValueSpecification","valueRequired":true,"valueName":"search_term_string"}}],"inLanguage":"uk"},{"@type":"Organization","@id":"https:\/\/denizcankizil.tr\/de\/#organization","name":"Av. Deniz Can K\u0131z\u0131l","url":"https:\/\/denizcankizil.tr\/de\/","logo":{"@type":"ImageObject","inLanguage":"uk","@id":"https:\/\/denizcankizil.tr\/de\/#\/schema\/logo\/image\/","url":"http:\/\/denizcankizil.tr\/wp-content\/uploads\/2024\/10\/siyah-logo-svg.svg","contentUrl":"http:\/\/denizcankizil.tr\/wp-content\/uploads\/2024\/10\/siyah-logo-svg.svg","width":1080,"height":1080,"caption":"Av. Deniz Can K\u0131z\u0131l"},"image":{"@id":"https:\/\/denizcankizil.tr\/de\/#\/schema\/logo\/image\/"}}]}},"_links":{"self":[{"href":"http:\/\/denizcankizil.tr\/uk\/wp-json\/wp\/v2\/posts\/20792","targetHints":{"allow":["GET"]}}],"collection":[{"href":"http:\/\/denizcankizil.tr\/uk\/wp-json\/wp\/v2\/posts"}],"about":[{"href":"http:\/\/denizcankizil.tr\/uk\/wp-json\/wp\/v2\/types\/post"}],"replies":[{"embeddable":true,"href":"http:\/\/denizcankizil.tr\/uk\/wp-json\/wp\/v2\/comments?post=20792"}],"version-history":[{"count":0,"href":"http:\/\/denizcankizil.tr\/uk\/wp-json\/wp\/v2\/posts\/20792\/revisions"}],"wp:featuredmedia":[{"embeddable":true,"href":"http:\/\/denizcankizil.tr\/uk\/wp-json\/wp\/v2\/media\/20793"}],"wp:attachment":[{"href":"http:\/\/denizcankizil.tr\/uk\/wp-json\/wp\/v2\/media?parent=20792"}],"wp:term":[{"taxonomy":"category","embeddable":true,"href":"http:\/\/denizcankizil.tr\/uk\/wp-json\/wp\/v2\/categories?post=20792"},{"taxonomy":"post_tag","embeddable":true,"href":"http:\/\/denizcankizil.tr\/uk\/wp-json\/wp\/v2\/tags?post=20792"}],"curies":[{"name":"wp","href":"https:\/\/api.w.org\/{rel}","templated":true}]}}