{"id":20118,"date":"2024-12-10T14:56:24","date_gmt":"2024-12-10T11:56:24","guid":{"rendered":"https:\/\/denizcankizil.tr\/uncategorized-tr\/hukuk-ve-mantik-iliskisi-teorik-ve-pratik-boyutlar\/"},"modified":"2024-12-10T14:56:24","modified_gmt":"2024-12-10T11:56:24","slug":"hukuk-ve-mantik-iliskisi-teorik-ve-pratik-boyutlar","status":"publish","type":"post","link":"http:\/\/denizcankizil.tr\/uk\/koseyazilari\/degerlendirme\/hukuk-ve-mantik-iliskisi-teorik-ve-pratik-boyutlar\/","title":{"rendered":"Hukuk ve Mant\u0131k \u0130li\u015fkisi: Teorik ve Pratik Boyutlar"},"content":{"rendered":"<p> <strong>Hukuk\u200d ve \u2063Mant\u0131k \u0130li\u015fkisi: Teorik ve Pratik Boyutlar<\/strong><\/p>\n<p>Hukuk, toplumsal\u200b d\u00fczenin sa\u011flanmas\u0131nda ve\u2064 bireyler aras\u0131ndaki ili\u015fkilerin d\u00fczenlenmesinde temel bir \u2062rol oynamaktad\u0131r.\u2063 Bu\u2063 ba\u011flamda, hukukun mant\u0131k ile olan ili\u015fkisi, hem teorik hem\u200b de pratik \u200dboyutlar\u0131yla incelenmesi \u200dgereken \u2064\u00f6nemli bir konudur.\u2062 Mant\u0131k, d\u00fc\u015f\u00fcnme ve \u200cak\u0131l y\u00fcr\u00fctme s\u00fcre\u00e7lerinin\u200b sistematik\u2062 bir bi\u00e7imde\u200b d\u00fczenlenmesini sa\u011flayarak, \u200bhukukun uygulanabilirli\u011fini ve \u200bge\u00e7erlili\u011fini art\u0131ran bir\u200b ara\u00e7 \u200colarak kar\u015f\u0131m\u0131za \u00e7\u0131kmaktad\u0131r. Bu\u200b makalede, hukuk ve mant\u0131k aras\u0131ndaki\u200b etkile\u015fim, hukuki normlar\u0131n\u200b olu\u015fturulmas\u0131ndan yarg\u0131 \u200cs\u00fcre\u00e7lerine \u200bkadar\u2062 geni\u015f\u2063 bir yelpazede ele al\u0131nacak; teorik\u2062 \u00e7er\u00e7eve ile \u200dpratik \u2064uygulamalar \u200baras\u0131ndaki \u2063ba\u011flant\u0131lar derinlemesine incelenecektir. Ayr\u0131ca, mant\u0131\u011f\u0131n hukuki\u200d d\u00fc\u015f\u00fcnce \u00fczerindeki etkileri ve hukukun mant\u0131ksal\u2063 temellerinin, adaletin sa\u011flanmas\u0131ndaki rol\u00fc \u2062\u00fczerinde \u2062durulacakt\u0131r. Bu \u200b\u00e7al\u0131\u015fma, hukuk\u200c alan\u0131nda\u200d \u00e7al\u0131\u015fan akademisyenler, hukuk\u00e7ular \u200bve\u2062 \u00f6\u011frenciler\u2063 i\u00e7in, hukuk \u200dve mant\u0131k ili\u015fkisini daha iyi anlamalar\u0131na katk\u0131 sa\u011flamay\u0131 ama\u00e7lamaktad\u0131r.<br \/><img decoding=\"async\" class=\"kimage_class lazyload\" data-src=\"https:\/\/denizcankizil.tr\/wp-content\/uploads\/2024\/10\/4382-antalyada-ticaret-hukuku-avukatlarinin-yetki-alanlari.jpg\" alt=\"Hukuk\u200b ve Mant\u0131k:\u2062 Kavramsal \u200d\u00c7er\u00e7eve\" src=\"data:image\/svg+xml;base64,PHN2ZyB3aWR0aD0iMSIgaGVpZ2h0PSIxIiB4bWxucz0iaHR0cDovL3d3dy53My5vcmcvMjAwMC9zdmciPjwvc3ZnPg==\"><\/p>\n<h2 id=\"hukuk-ve-mantik-kavramsal-cerceve\">Hukuk ve\u200d Mant\u0131k: \u2062Kavramsal \u00c7er\u00e7eve<\/h2>\n<section>\n<p>Hukuk ve \u2063mant\u0131k aras\u0131ndaki ili\u015fki, hem teorik \u200chem de pratik boyutlar\u0131yla \u2063derin \u200bbir inceleme gerektiren bir konudur. Hukuk, toplumsal d\u00fczenin \u2062sa\u011flanmas\u0131 ve\u200b bireyler aras\u0131ndaki \u200dili\u015fkilerin d\u00fczenlenmesi amac\u0131yla \u2064olu\u015fturulmu\u015f kurallar b\u00fct\u00fcn\u00fcd\u00fcr. \u2064Mant\u0131k ise, d\u00fc\u015f\u00fcnme ve ak\u0131l y\u00fcr\u00fctme \u2063s\u00fcre\u00e7lerini sistematik bir\u200c \u015fekilde\u2063 ele \u2062alarak, \u200bdo\u011fru sonu\u00e7lara \u200cula\u015fmay\u0131 \u200bhedefleyen bir disiplindir. Bu iki \u200dalan\u0131n kesi\u015fim noktas\u0131, hukukun uygulanmas\u0131nda ve yorumlanmas\u0131nda mant\u0131ksal d\u00fc\u015f\u00fcncenin \u00f6nemini \u200bortaya koymaktad\u0131r.<\/p>\n<p>Hukukun mant\u0131ksal temelleri, hukuki \u2063normlar\u0131n ve\u200c ilkelerin anla\u015f\u0131lmas\u0131nda kritik \u200dbir \u200crol oynamaktad\u0131r.\u200b Bu \u2063ba\u011flamda, \u200ba\u015fa\u011f\u0131daki \u2064unsurlar \u00f6ne\u200b \u00e7\u0131kmaktad\u0131r:<\/p>\n<ul>\n<li><strong>Hukuki Ak\u0131l Y\u00fcr\u00fctme:<\/strong> Hukuk\u00e7ular, hukuki \u200bmeseleleri de\u011ferlendirirken mant\u0131ksal ak\u0131l y\u00fcr\u00fctme y\u00f6ntemlerini \u2063kullanarak, somut olaylar \u00fczerinde analiz yaparlar.<\/li>\n<li><strong>Normatif Yap\u0131:<\/strong> Hukukun\u2062 normatif yap\u0131s\u0131, mant\u0131ksal bir \u00e7er\u00e7eve i\u00e7inde\u200b de\u011ferlendirildi\u011finde, \u2062kurallar\u0131n nas\u0131l olu\u015fturuldu\u011fu \u2062ve uyguland\u0131\u011f\u0131 konusunda\u200c daha net bir anlay\u0131\u015f sa\u011flar.<\/li>\n<li><strong>\u00c7eli\u015fkilerin Giderilmesi:<\/strong> Mant\u0131k, hukuki\u2062 metinlerdeki\u2063 \u00e7eli\u015fkilerin tespit edilmesi ve giderilmesi a\u00e7\u0131s\u0131ndan \u00f6nemli bir ara\u00e7t\u0131r.<\/li>\n<\/ul>\n<p>Sonu\u00e7 olarak, <a href=\"https:\/\/denizcankizil.tr\/uk\/koseyazilari\/degerlendirme\/hukuk-ve-mantik-hukukun-temellerinde-akil-yurutme\/\" title=\"Hukuk ve Mant\u0131k: Hukukun Temellerinde Ak\u0131l Y\u00fcr\u00fctme\">hukuk ve mant\u0131k aras\u0131ndaki\u2064 ili\u015fki<\/a>, \u200dhukukun i\u015fleyi\u015fini \u2063ve etkinli\u011fini art\u0131ran bir \u2062dinamik olarak\u200d kar\u015f\u0131m\u0131za \u00e7\u0131kmaktad\u0131r.\u200b Bu iki \u2063alan\u0131n etkile\u015fimi, hukukun daha anla\u015f\u0131l\u0131r ve uygulanabilir hale gelmesine katk\u0131da bulunmakta, ayn\u0131 zamanda hukuki d\u00fc\u015f\u00fcncenin geli\u015fimine\u200c de zemin haz\u0131rlamaktad\u0131r.<\/p>\n<\/section>\n<p><img decoding=\"async\" class=\"kimage_class lazyload\" data-src=\"https:\/\/denizcankizil.tr\/wp-content\/uploads\/2024\/10\/4380-antalyada-sahtecilik-suclarina-bakan-avukat-ve-mahkemeler.jpg\" alt=\"Hukukun Mant\u0131ksal \u2063Temelleri\" src=\"data:image\/svg+xml;base64,PHN2ZyB3aWR0aD0iMSIgaGVpZ2h0PSIxIiB4bWxucz0iaHR0cDovL3d3dy53My5vcmcvMjAwMC9zdmciPjwvc3ZnPg==\"><\/p>\n<h2 id=\"hukukun-mantiksal-temelleri\">Hukukun Mant\u0131ksal Temelleri<\/h2>\n<section>\n<p>,\u200d hukuk sisteminin i\u015fleyi\u015fini \u2064ve kurallar\u0131n uygulanabilirli\u011fini belirleyen\u2063 \u00f6nemli unsurlard\u0131r. Hukuk, yaln\u0131zca \u2063normatif bir yap\u0131 \u2064de\u011fil, \u200cayn\u0131 \u2063zamanda mant\u0131ksal \u200bbir \u00e7er\u00e7eveye de sahiptir. Bu \u200bba\u011flamda, , hukukun nas\u0131l i\u015fledi\u011fini\u200c ve kurallar\u0131n nas\u0131l olu\u015fturuldu\u011funu anlamak \u2064i\u00e7in kritik\u2063 bir rol oynamaktad\u0131r.<\/p>\n<p>Hukukun mant\u0131ksal yap\u0131s\u0131,\u200b \u00e7e\u015fitli \u2062unsurlardan olu\u015fur. Bu unsurlar aras\u0131nda:<\/p>\n<ul>\n<li><strong>Normatif \u200cYap\u0131:<\/strong> Hukukun\u200c temel kurallar\u0131n\u0131n ve ilkelerinin olu\u015fturulmas\u0131.<\/li>\n<li><strong>\u0130\u00e7sel Tutarl\u0131l\u0131k:<\/strong> \u2062 Hukuk kurallar\u0131n\u0131n \u2062birbirleriyle \u00e7eli\u015fmemesi ve tutarl\u0131 bir\u200c b\u00fct\u00fcn olu\u015fturmas\u0131.<\/li>\n<li><strong>Uygulama \u200bve\u200b Yorumlama:<\/strong> Hukuk\u200d kurallar\u0131n\u0131n pratikte nas\u0131l uygulanaca\u011f\u0131 ve yorumlanaca\u011f\u0131.<\/li>\n<\/ul>\n<p>Bu unsurlar, nin sa\u011flam\u2064 bir\u200d \u015fekilde in\u015fa edilmesini sa\u011flar. Ayr\u0131ca,\u200d hukukun mant\u0131ksal \u2063boyutlar\u0131,\u200b hukuk\u00e7ular\u0131n ve uygulay\u0131c\u0131lar\u0131n karar verme \u2063s\u00fcre\u00e7lerinde \u00f6nemli bir rehberlik sunar. Sonu\u00e7 \u200colarak, , hem teorik hem de pratik a\u00e7\u0131dan hukukun i\u015fleyi\u015fini anlamak i\u00e7in\u2064 vazge\u00e7ilmez bir \u2062unsurdur.<\/p>\n<\/section>\n<p><img decoding=\"async\" class=\"kimage_class lazyload\" data-src=\"https:\/\/denizcankizil.tr\/wp-content\/uploads\/2024\/10\/H7KLQ-253D.jpg\" alt=\"Mant\u0131\u011f\u0131n\u2062 Hukuk \u2062Uygulamalar\u0131ndaki\u200b Rol\u00fc\" src=\"data:image\/svg+xml;base64,PHN2ZyB3aWR0aD0iMSIgaGVpZ2h0PSIxIiB4bWxucz0iaHR0cDovL3d3dy53My5vcmcvMjAwMC9zdmciPjwvc3ZnPg==\"><\/p>\n<h2 id=\"mantigin-hukuk-uygulamalarindaki-rolu\">Mant\u0131\u011f\u0131n \u2062Hukuk \u2062Uygulamalar\u0131ndaki Rol\u00fc<\/h2>\n<section>\n<p>Mant\u0131k, \u2063hukuk sisteminin \u200ctemel ta\u015flar\u0131ndan biri olarak,\u200b hukukun \u200cuygulanmas\u0131nda \u200dkritik bir \u200b\u00f6neme \u2063sahiptir.\u200d Hukuk \u2062uygulamalar\u0131,\u200b mant\u0131ksal d\u00fc\u015f\u00fcnme s\u00fcre\u00e7leri\u200c ile\u2063 \u015fekillenir ve bu s\u00fcre\u00e7ler, adaletin sa\u011flanmas\u0131nda \u2062belirleyici\u200b bir rol oynar. Mant\u0131\u011f\u0131n sa\u011flad\u0131\u011f\u0131 sistematik yakla\u015f\u0131m, hukukun\u200d karma\u015f\u0131k\u2064 yap\u0131s\u0131n\u0131 anlamak\u200d ve yorumlamak i\u00e7in gereklidir. Bu ba\u011flamda, mant\u0131\u011f\u0131n hukuk uygulamalar\u0131ndaki\u200b etkileri \u015fu\u2062 \u015fekilde \u00f6zetlenebilir:<\/p>\n<ul>\n<li><strong>Hukuki Ak\u0131l Y\u00fcr\u00fctme:<\/strong> Hukuk\u00e7ular,\u200d davalar\u0131 de\u011ferlendirirken mant\u0131ksal ak\u0131l y\u00fcr\u00fctme y\u00f6ntemlerini kullanarak, delilleri ve hukuki normlar\u0131 analiz ederler.<\/li>\n<li><strong>Karar Verme \u2063S\u00fcre\u00e7leri:<\/strong> Mahkemelerde verilen \u2062kararlar, mant\u0131ksal \u00e7\u0131kar\u0131mlar ve\u200d hukuki ilkeler\u200d do\u011frultusunda\u200b \u015fekillenir, \u2064bu\u200d da adaletin \u200bsa\u011flanmas\u0131na katk\u0131da \u2063bulunur.<\/li>\n<li><strong>Hukuki Arg\u00fcmanlar\u0131n Geli\u015ftirilmesi:<\/strong> Hukuk\u00e7ular, mant\u0131ksal yap\u0131\u200b kullanarak etkili\u200d arg\u00fcmanlar olu\u015fturur\u200c ve bu arg\u00fcmanlar, mahkeme \u200ds\u00fcre\u00e7lerinde \u00f6nemli bir rol oynar.<\/li>\n<\/ul>\n<p>Sonu\u00e7\u200b olarak, mant\u0131k, hukuk uygulamalar\u0131nda sadece bir\u200d ara\u00e7 de\u011fil, ayn\u0131 zamanda adaletin sa\u011flanmas\u0131nda vazge\u00e7ilmez\u200d bir\u200d unsurdur. Hukukun \u2062mant\u0131ksal temelleri, adil ve\u200b do\u011fru kararlar\u0131n \u200cal\u0131nmas\u0131nda\u2062 kritik bir rol oynamaktad\u0131r. Bu nedenle,\u2062 hukuk alan\u0131nda\u2063 mant\u0131ksal d\u00fc\u015f\u00fcnme becerilerinin geli\u015ftirilmesi, hem teorik hem de\u200c pratik \u2062a\u00e7\u0131dan b\u00fcy\u00fck bir \u200d\u00f6nem \u200cta\u015f\u0131maktad\u0131r.<\/p>\n<\/section>\n<p><img decoding=\"async\" class=\"kimage_class lazyload\" data-src=\"https:\/\/denizcankizil.tr\/wp-content\/uploads\/2024\/10\/3tcAw-253D.jpg\" alt=\"Teorik Yakla\u015f\u0131mlar\u2062 ve \u2063Mant\u0131k \u0130li\u015fkisi\" src=\"data:image\/svg+xml;base64,PHN2ZyB3aWR0aD0iMSIgaGVpZ2h0PSIxIiB4bWxucz0iaHR0cDovL3d3dy53My5vcmcvMjAwMC9zdmciPjwvc3ZnPg==\"><\/p>\n<h2 id=\"teorik-yaklasimlar-ve-mantik-iliskisi\">Teorik \u2064Yakla\u015f\u0131mlar ve Mant\u0131k \u0130li\u015fkisi<\/h2>\n<section>\n<p>Hukuk ve mant\u0131k aras\u0131ndaki\u2063 ili\u015fki, \u2064teorik yakla\u015f\u0131mlar a\u00e7\u0131s\u0131ndan derin\u200b bir inceleme gerektirmektedir. Bu ba\u011flamda, hukuk \u200csistemlerinin mant\u0131ksal \u2062temelleri, hukukun uygulanabilirli\u011fini ve yorumlanmas\u0131n\u0131 etkileyen \u00f6nemli unsurlar aras\u0131nda yer almaktad\u0131r. Hukukun\u200d mant\u0131ksal yap\u0131s\u0131, \u200bkurallar\u0131n \u2063tutarl\u0131l\u0131\u011f\u0131 ve ge\u00e7erlili\u011fi \u2063a\u00e7\u0131s\u0131ndan \u2062kritik bir rol oynamaktad\u0131r.<\/p>\n<p>Teorik yakla\u015f\u0131mlar, hukuk ve\u200b mant\u0131k ili\u015fkisini anlamak\u2063 i\u00e7in \u00e7e\u015fitli \u200dperspektifler sunmaktad\u0131r. Bu perspektifler aras\u0131nda\u200c \u015funlar \u00f6ne \u00e7\u0131kmaktad\u0131r:<\/p>\n<ul>\n<li><strong>Analitik Yakla\u015f\u0131m:<\/strong> Hukukun mant\u0131ksal yap\u0131s\u0131n\u0131 inceleyerek, kurallar\u0131n nas\u0131l olu\u015fturuldu\u011funu\u2062 ve uyguland\u0131\u011f\u0131n\u0131 analiz eder.<\/li>\n<li><strong>Normatif \u2063Yakla\u015f\u0131m:<\/strong> Hukukun normatif boyutunu ele \u200balarak, mant\u0131ksal\u2063 ilkelerin hukuki normlarla nas\u0131l etkile\u015fimde bulundu\u011funu ara\u015ft\u0131r\u0131r.<\/li>\n<li><strong>Pragmatik Yakla\u015f\u0131m:<\/strong> \u2063Hukukun pratikteki uygulamalar\u0131n\u0131 ve mant\u0131ksal \u2063d\u00fc\u015f\u00fcncenin bu uygulamalara nas\u0131l yans\u0131d\u0131\u011f\u0131n\u0131 de\u011ferlendirir.<\/li>\n<\/ul>\n<p>Bu teorik yakla\u015f\u0131mlar, hukuk sistemlerinin mant\u0131ksal temellerini anlamak \u2062ve\u200c hukukun i\u015fleyi\u015fini \u2063daha iyi\u200b kavramak\u200c i\u00e7in \u2063\u00f6nemlidir. Sonu\u00e7 olarak, hukuk ve mant\u0131k\u2064 aras\u0131ndaki \u2062ili\u015fki, hem teorik\u2064 hem de pratik\u2063 boyutlar\u0131yla \u200dele al\u0131nmal\u0131 ve bu ba\u011flamda derinlemesine bir analiz yap\u0131lmal\u0131d\u0131r.<\/p>\n<\/section>\n<h2 id=\"pratik-boyutlarda-hukuk-ve-mantik-etkilesimi\">Pratik \u2064Boyutlarda\u2064 Hukuk ve Mant\u0131k Etkile\u015fimi<\/h2>\n<section>\n<p>Hukuk ve \u200bmant\u0131k \u200baras\u0131ndaki etkile\u015fim, hem teorik hem de <a href=\"https:\/\/denizcankizil.tr\/uk\/koseyazilari\/degerlendirme\/turk-ceza-kanununun-amaci-tanimlari-temel-ilkeleri-ve-uygulama-alani\/\" title=\"T\u00fcrk Ceza Kanunu&#039;nun Amac\u0131, Tan\u0131mlar\u0131, Temel \u0130lkeleri ve Uygulama Alan\u0131\">pratik boyutlarda<\/a> \u00f6nemli bir yer tutmaktad\u0131r. Hukukun uygulanmas\u0131 s\u0131ras\u0131nda\u200d mant\u0131ksal\u200c d\u00fc\u015f\u00fcnme \u200dbecerileri, hukuki\u2063 normlar\u0131n yorumlanmas\u0131 ve uygulanmas\u0131nda kritik\u200c bir \u200drol oynamaktad\u0131r. Bu \u200cba\u011flamda,\u200b hukukun mant\u0131ksal\u200c yap\u0131s\u0131, yarg\u0131 s\u00fcre\u00e7lerinde\u2062 adaletin\u200b sa\u011flanmas\u0131na yard\u0131mc\u0131 olurken, ayn\u0131 zamanda\u2062 hukukun \u00f6ng\u00f6r\u00fclebilirli\u011fini art\u0131rmaktad\u0131r.<\/p>\n<p>Pratik boyutlarda, hukuk uygulay\u0131c\u0131lar\u0131\u2063 i\u00e7in \u200bmant\u0131k, karar \u2062verme s\u00fcre\u00e7lerinde bir rehber niteli\u011fi ta\u015f\u0131r. \u00d6zellikle a\u015fa\u011f\u0131daki alanlarda mant\u0131ksal d\u00fc\u015f\u00fcnme\u2063 becerileri b\u00fcy\u00fck \u2063\u00f6nem arz \u2064etmektedir:<\/p>\n<ul>\n<li><strong>Delil De\u011ferlendirmesi:<\/strong> \u200cDelillerin mant\u0131ksal bir \u00e7er\u00e7evede analiz\u200d edilmesi, do\u011fru sonuca ula\u015fmada kritik \u2062bir a\u015famad\u0131r.<\/li>\n<li><strong>Hukuki Arg\u00fcman Geli\u015ftirme:<\/strong> \u2062Hukuki \u200dmetinlerin mant\u0131ksal bir yap\u0131 i\u00e7erisinde\u200d yorumlanmas\u0131, etkili\u200c arg\u00fcmanlar\u0131n olu\u015fturulmas\u0131na olanak tan\u0131r.<\/li>\n<li><strong>Karar\u2064 Verme\u200b S\u00fcre\u00e7leri:<\/strong> \u200cYarg\u0131\u200d organlar\u0131n\u0131n, mant\u0131ksal bir \u00e7er\u00e7evede \u200dhareket\u200d etmesi,\u2062 adil ve tutarl\u0131 kararlar\u0131n al\u0131nmas\u0131n\u0131 sa\u011flar.<\/li>\n<\/ul>\n<p>Sonu\u00e7 olarak, hukuk ve mant\u0131k aras\u0131ndaki etkile\u015fim, hukukun i\u015fleyi\u015finde ve adaletin sa\u011flanmas\u0131nda vazge\u00e7ilmez \u2064bir unsurdur. Mant\u0131ksal d\u00fc\u015f\u00fcnme \u200cbecerileri, \u2064hukukun pratik uygulamalar\u0131nda \u200bdaha etkili \u2063ve adil sonu\u00e7lar elde edilmesine katk\u0131da bulunmaktad\u0131r.<\/p>\n<\/section>\n<p><img decoding=\"async\" class=\"kimage_class lazyload\" data-src=\"https:\/\/denizcankizil.tr\/wp-content\/uploads\/2024\/10\/o04aha.jpg\" alt=\"Hukuk Sistemlerinde Mant\u0131ksal\u200b Tutarl\u0131l\u0131k ve Anlaml\u0131l\u0131k\" src=\"data:image\/svg+xml;base64,PHN2ZyB3aWR0aD0iMSIgaGVpZ2h0PSIxIiB4bWxucz0iaHR0cDovL3d3dy53My5vcmcvMjAwMC9zdmciPjwvc3ZnPg==\"><\/p>\n<h2 id=\"hukuk-sistemlerinde-mantiksal-tutarlilik-ve-anlamlilik\">Hukuk \u200cSistemlerinde Mant\u0131ksal \u2062Tutarl\u0131l\u0131k ve \u2064Anlaml\u0131l\u0131k<\/h2>\n<section>\n<p>, \u200dhukukun i\u015fleyi\u015fi ve uygulanabilirli\u011fi a\u00e7\u0131s\u0131ndan kritik \u2064bir \u00f6neme sahiptir. Hukukun \u2063temel ilkeleri, mant\u0131ksal \u2064bir \u00e7er\u00e7eve \u200bi\u00e7inde \u015fekillenir ve bu \u00e7er\u00e7eve,\u200d hukukun adalet\u2063 anlay\u0131\u015f\u0131n\u0131 destekler. Mant\u0131ksal \u200btutarl\u0131l\u0131k, \u200chukukun kurallar\u0131n\u0131n birbiriyle \u00e7eli\u015fmemesi ve tutarl\u0131 bir \u015fekilde uygulanabilmesi anlam\u0131na\u200c gelir. Bu ba\u011flamda,\u2062 hukukun \u00e7e\u015fitli alanlar\u0131 aras\u0131nda sa\u011flanan uyum, hukukun\u2064 genel \u200cge\u00e7erlili\u011fini art\u0131r\u0131r.<\/p>\n<p>Hukuk sistemlerinde anlaml\u0131l\u0131k ise, hukukun\u200d toplumsal \u200dihtiya\u00e7lara \u200dcevap\u2063 verebilme yetene\u011fi\u200c ile ilgilidir. Anlaml\u0131 bir hukuk\u200c sistemi, bireylerin \u200chaklar\u0131n\u0131 koruyarak toplumsal d\u00fczeni sa\u011flamaya y\u00f6nelik olmal\u0131d\u0131r. Bu nedenle, \u2063hukukun\u200d mant\u0131ksal \u2064yap\u0131s\u0131, yaln\u0131zca kurallar\u0131n tutarl\u0131l\u0131\u011f\u0131 \u200dile de\u011fil,\u200c ayn\u0131 zamanda bu kurallar\u0131n toplumsal ger\u00e7ekliklerle ne\u200b \u00f6l\u00e7\u00fcde \u00f6rt\u00fc\u015ft\u00fc\u011f\u00fc \u200cile\u200b de de\u011ferlendirilmelidir.<\/p>\n<p>Hukuk \u200bve mant\u0131k ili\u015fkisi, \u2063hem\u2063 teorik hem de\u2063 pratik boyutlar\u0131yla ele al\u0131nmal\u0131d\u0131r.\u200d Bu ba\u011flamda, a\u015fa\u011f\u0131daki unsurlar dikkate al\u0131nmal\u0131d\u0131r:<\/p>\n<ul>\n<li><strong>Kurallar\u0131n Tutarl\u0131l\u0131\u011f\u0131:<\/strong> Hukuk kurallar\u0131n\u0131n birbiriyle \u00e7eli\u015fmemesi, sistemin g\u00fcvenilirli\u011fini \u200dart\u0131r\u0131r.<\/li>\n<li><strong>Toplumsal \u0130htiya\u00e7lar:<\/strong> Hukukun, toplumsal de\u011fi\u015fimlere ve ihtiya\u00e7lara cevap verebilmesi gerekmektedir.<\/li>\n<li><strong>Uygulama Prensipleri:<\/strong> Hukukun uygulanmas\u0131nda mant\u0131ksal bir\u2063 yakla\u015f\u0131m benimsenmesi, <a href=\"https:\/\/denizcankizil.tr\/uk\/seo\/kemerde-unlu-ceza-avukatlarinin-rolu-ve-onemi\/\" title=\"Kemer&#039;de \u00dcnl\u00fc Ceza Avukatlar\u0131n\u0131n Rol\u00fc ve \u00d6nemi\">adaletin sa\u011flanmas\u0131na katk\u0131da bulunur<\/a>.<\/li>\n<\/ul>\n<p>Sonu\u00e7 olarak, , hukukun \u200cetkinli\u011fini \u200bve ge\u00e7erlili\u011fini art\u0131ran temel unsurlard\u0131r. \u2063Bu unsurlar, hukukun \u200dhem teorik \u2062hem \u2064de pratik boyutlar\u0131n\u0131n sa\u011fl\u0131kl\u0131 bir \u015fekilde\u200b i\u015flemesi\u2062 i\u00e7in gereklidir.<\/p>\n<\/section>\n<p>Sonu\u00e7 olarak, \u2063hukuk \u200cve mant\u0131k\u2062 aras\u0131ndaki ili\u015fki,\u2063 hem teorik \u2062hem de pratik boyutlar\u0131yla \u2063derin bir inceleme gerektiren karma\u015f\u0131k\u2063 bir\u200d konudur.\u2062 Hukukun, mant\u0131ksal\u2063 ilkelerle \u015fekillenen\u200d bir yap\u0131\u200c oldu\u011fu ve bu \u2063yap\u0131 i\u00e7erisinde mant\u0131\u011f\u0131n rol\u00fcn\u00fcn g\u00f6z ard\u0131 edilemeyece\u011fi a\u00e7\u0131kt\u0131r. Teorik a\u00e7\u0131dan, \u2062hukukun mant\u0131ksal temelleri,\u200b normlar\u0131n yorumlanmas\u0131 ve \u200cuygulanmas\u0131nda\u200c \u00f6nemli bir \u2063rehberlik\u2063 sunarken; pratik\u2063 boyutta ise, \u2063hukuki s\u00fcre\u00e7lerin etkinli\u011fi ve adaletin sa\u011flanmas\u0131nda mant\u0131\u011f\u0131n \u200ckullan\u0131m\u0131 kritik bir \u00f6neme\u2064 sahiptir. Bu\u2062 ba\u011flamda, hukuk\u00e7ular\u0131n mant\u0131ksal d\u00fc\u015f\u00fcnme becerilerini \u2064geli\u015ftirmeleri, hukukun daha adil ve etkili bir \u015fekilde uygulanmas\u0131na katk\u0131da bulunacakt\u0131r.\u2063 Dolay\u0131s\u0131yla, hukuk ve mant\u0131k \u200dili\u015fkisi, sadece akademik bir\u2064 tart\u0131\u015fma konusu olman\u0131n \u00f6tesinde, hukukun i\u015fleyi\u015fine dair\u2063 somut sonu\u00e7lar do\u011furan bir olgudur. Gelecek \u200b\u00e7al\u0131\u015fmalar\u0131n, bu \u2063iki alan aras\u0131ndaki \u200betkile\u015fimi daha \u2063da derinlemesine incelemesi, hukuk sistemimizin geli\u015fimine \u00f6nemli\u200d katk\u0131lar\u200c sa\u011flayacakt\u0131r. <\/p>","protected":false},"excerpt":{"rendered":"<p>Hukuk ve mant\u0131k aras\u0131ndaki ili\u015fki, hukukun teorik temellerini ve pratik uygulamalar\u0131n\u0131 \u015fekillendiren \u00f6nemli bir unsurdur. Mant\u0131k, hukuki arg\u00fcmanlar\u0131n tutarl\u0131l\u0131\u011f\u0131n\u0131 sa\u011flarken, hukuk da mant\u0131ksal d\u00fc\u015f\u00fcncenin s\u0131n\u0131rlar\u0131n\u0131 belirler. Bu etkile\u015fim, adaletin sa\u011flanmas\u0131nda kritik bir rol oynamaktad\u0131r.<\/p>","protected":false},"author":4,"featured_media":20119,"comment_status":"open","ping_status":"open","sticky":false,"template":"","format":"standard","meta":{"_acf_changed":false,"footnotes":""},"categories":[22],"tags":[],"class_list":["post-20118","post","type-post","status-publish","format-standard","has-post-thumbnail","hentry","category-degerlendirme"],"acf":[],"yoast_head":"<!-- This site is optimized with the Yoast SEO Premium plugin v26.6 (Yoast SEO v27.1.1) - https:\/\/yoast.com\/product\/yoast-seo-premium-wordpress\/ -->\n<title>Hukuk ve Mant\u0131k \u0130li\u015fkisi: Teorik ve Pratik Boyutlar - Av. Deniz Can K\u0131z\u0131l<\/title>\n<meta name=\"robots\" content=\"index, follow, max-snippet:-1, max-image-preview:large, max-video-preview:-1\" \/>\n<link rel=\"canonical\" href=\"https:\/\/denizcankizil.tr\/uk\/koseyazilari\/degerlendirme\/hukuk-ve-mantik-iliskisi-teorik-ve-pratik-boyutlar\/\" \/>\n<meta property=\"og:locale\" content=\"uk_UA\" \/>\n<meta property=\"og:type\" content=\"article\" \/>\n<meta property=\"og:title\" content=\"Hukuk ve Mant\u0131k \u0130li\u015fkisi: Teorik ve Pratik Boyutlar\" \/>\n<meta property=\"og:description\" content=\"Hukuk ve mant\u0131k aras\u0131ndaki ili\u015fki, hukukun teorik temellerini ve pratik uygulamalar\u0131n\u0131 \u015fekillendiren \u00f6nemli bir unsurdur. Mant\u0131k, hukuki arg\u00fcmanlar\u0131n tutarl\u0131l\u0131\u011f\u0131n\u0131 sa\u011flarken, hukuk da mant\u0131ksal d\u00fc\u015f\u00fcncenin s\u0131n\u0131rlar\u0131n\u0131 belirler. Bu etkile\u015fim, adaletin sa\u011flanmas\u0131nda kritik bir rol oynamaktad\u0131r.\" \/>\n<meta property=\"og:url\" content=\"https:\/\/denizcankizil.tr\/uk\/koseyazilari\/degerlendirme\/hukuk-ve-mantik-iliskisi-teorik-ve-pratik-boyutlar\/\" \/>\n<meta property=\"og:site_name\" content=\"Av. Deniz Can K\u0131z\u0131l\" \/>\n<meta property=\"article:published_time\" content=\"2024-12-10T11:56:24+00:00\" \/>\n<meta property=\"og:image\" content=\"https:\/\/denizcankizil.tr\/wp-content\/uploads\/2024\/12\/20118-hukuk-ve-mantik-iliskisi-teorik-ve-pratik-boyutlar.jpg\" \/>\n\t<meta property=\"og:image:width\" content=\"800\" \/>\n\t<meta property=\"og:image:height\" content=\"800\" \/>\n\t<meta property=\"og:image:type\" content=\"image\/jpeg\" \/>\n<meta name=\"author\" content=\"Av. Deniz Can K\u0131z\u0131l\" \/>\n<meta name=\"twitter:card\" content=\"summary_large_image\" \/>\n<meta name=\"twitter:label1\" content=\"\u041d\u0430\u043f\u0438\u0441\u0430\u043d\u043e\" \/>\n\t<meta name=\"twitter:data1\" content=\"Av. Deniz Can K\u0131z\u0131l\" \/>\n\t<meta name=\"twitter:label2\" content=\"\u041f\u0440\u0438\u0431\u043b. \u0447\u0430\u0441 \u0447\u0438\u0442\u0430\u043d\u043d\u044f\" \/>\n\t<meta name=\"twitter:data2\" content=\"9 \u0445\u0432\u0438\u043b\u0438\u043d\" \/>\n<script type=\"application\/ld+json\" class=\"yoast-schema-graph\">{\"@context\":\"https:\/\/schema.org\",\"@graph\":[{\"@type\":\"Article\",\"@id\":\"https:\/\/denizcankizil.tr\/ru\/koseyazilari\/degerlendirme\/hukuk-ve-mantik-iliskisi-teorik-ve-pratik-boyutlar\/#article\",\"isPartOf\":{\"@id\":\"https:\/\/denizcankizil.tr\/ru\/koseyazilari\/degerlendirme\/hukuk-ve-mantik-iliskisi-teorik-ve-pratik-boyutlar\/\"},\"author\":{\"name\":\"Av. Deniz Can K\u0131z\u0131l\",\"@id\":\"https:\/\/denizcankizil.tr\/#\/schema\/person\/5dc1b22991bd7ac833867c10afc9b0ff\"},\"headline\":\"Hukuk ve Mant\u0131k \u0130li\u015fkisi: Teorik ve Pratik Boyutlar\",\"datePublished\":\"2024-12-10T11:56:24+00:00\",\"mainEntityOfPage\":{\"@id\":\"https:\/\/denizcankizil.tr\/ru\/koseyazilari\/degerlendirme\/hukuk-ve-mantik-iliskisi-teorik-ve-pratik-boyutlar\/\"},\"wordCount\":1739,\"commentCount\":0,\"publisher\":{\"@id\":\"https:\/\/denizcankizil.tr\/#organization\"},\"image\":{\"@id\":\"https:\/\/denizcankizil.tr\/ru\/koseyazilari\/degerlendirme\/hukuk-ve-mantik-iliskisi-teorik-ve-pratik-boyutlar\/#primaryimage\"},\"thumbnailUrl\":\"http:\/\/denizcankizil.tr\/wp-content\/uploads\/2024\/12\/20118-hukuk-ve-mantik-iliskisi-teorik-ve-pratik-boyutlar.jpg\",\"articleSection\":[\"De\u011ferlendirme\"],\"inLanguage\":\"uk\",\"potentialAction\":[{\"@type\":\"CommentAction\",\"name\":\"Comment\",\"target\":[\"https:\/\/denizcankizil.tr\/ru\/koseyazilari\/degerlendirme\/hukuk-ve-mantik-iliskisi-teorik-ve-pratik-boyutlar\/#respond\"]}]},{\"@type\":\"WebPage\",\"@id\":\"https:\/\/denizcankizil.tr\/ru\/koseyazilari\/degerlendirme\/hukuk-ve-mantik-iliskisi-teorik-ve-pratik-boyutlar\/\",\"url\":\"https:\/\/denizcankizil.tr\/ru\/koseyazilari\/degerlendirme\/hukuk-ve-mantik-iliskisi-teorik-ve-pratik-boyutlar\/\",\"name\":\"Hukuk ve Mant\u0131k \u0130li\u015fkisi: Teorik ve Pratik Boyutlar - Av. Deniz Can K\u0131z\u0131l\",\"isPartOf\":{\"@id\":\"https:\/\/denizcankizil.tr\/#website\"},\"primaryImageOfPage\":{\"@id\":\"https:\/\/denizcankizil.tr\/ru\/koseyazilari\/degerlendirme\/hukuk-ve-mantik-iliskisi-teorik-ve-pratik-boyutlar\/#primaryimage\"},\"image\":{\"@id\":\"https:\/\/denizcankizil.tr\/ru\/koseyazilari\/degerlendirme\/hukuk-ve-mantik-iliskisi-teorik-ve-pratik-boyutlar\/#primaryimage\"},\"thumbnailUrl\":\"http:\/\/denizcankizil.tr\/wp-content\/uploads\/2024\/12\/20118-hukuk-ve-mantik-iliskisi-teorik-ve-pratik-boyutlar.jpg\",\"datePublished\":\"2024-12-10T11:56:24+00:00\",\"breadcrumb\":{\"@id\":\"https:\/\/denizcankizil.tr\/ru\/koseyazilari\/degerlendirme\/hukuk-ve-mantik-iliskisi-teorik-ve-pratik-boyutlar\/#breadcrumb\"},\"inLanguage\":\"uk\",\"potentialAction\":[{\"@type\":\"ReadAction\",\"target\":[\"https:\/\/denizcankizil.tr\/ru\/koseyazilari\/degerlendirme\/hukuk-ve-mantik-iliskisi-teorik-ve-pratik-boyutlar\/\"]}]},{\"@type\":\"ImageObject\",\"inLanguage\":\"uk\",\"@id\":\"https:\/\/denizcankizil.tr\/ru\/koseyazilari\/degerlendirme\/hukuk-ve-mantik-iliskisi-teorik-ve-pratik-boyutlar\/#primaryimage\",\"url\":\"http:\/\/denizcankizil.tr\/wp-content\/uploads\/2024\/12\/20118-hukuk-ve-mantik-iliskisi-teorik-ve-pratik-boyutlar.jpg\",\"contentUrl\":\"http:\/\/denizcankizil.tr\/wp-content\/uploads\/2024\/12\/20118-hukuk-ve-mantik-iliskisi-teorik-ve-pratik-boyutlar.jpg\",\"width\":800,\"height\":800,\"caption\":\"Hukuk ve Mant\u0131k \u0130li\u015fkisi: Teorik ve Pratik Boyutlar\"},{\"@type\":\"BreadcrumbList\",\"@id\":\"https:\/\/denizcankizil.tr\/ru\/koseyazilari\/degerlendirme\/hukuk-ve-mantik-iliskisi-teorik-ve-pratik-boyutlar\/#breadcrumb\",\"itemListElement\":[{\"@type\":\"ListItem\",\"position\":1,\"name\":\"Home\",\"item\":\"https:\/\/denizcankizil.tr\/de\/\"},{\"@type\":\"ListItem\",\"position\":2,\"name\":\"Hukuk ve Mant\u0131k \u0130li\u015fkisi: Teorik ve Pratik Boyutlar\"}]},{\"@type\":\"WebSite\",\"@id\":\"https:\/\/denizcankizil.tr\/#website\",\"url\":\"https:\/\/denizcankizil.tr\/\",\"name\":\"Av. Deniz Can K\u0131z\u0131l\",\"description\":\"Avukat Deniz Can K\u0131z\u0131l Antalya Barosu\",\"publisher\":{\"@id\":\"https:\/\/denizcankizil.tr\/#organization\"},\"potentialAction\":[{\"@type\":\"SearchAction\",\"target\":{\"@type\":\"EntryPoint\",\"urlTemplate\":\"https:\/\/denizcankizil.tr\/?s={search_term_string}\"},\"query-input\":{\"@type\":\"PropertyValueSpecification\",\"valueRequired\":true,\"valueName\":\"search_term_string\"}}],\"inLanguage\":\"uk\"},{\"@type\":\"Organization\",\"@id\":\"https:\/\/denizcankizil.tr\/#organization\",\"name\":\"Av. Deniz Can K\u0131z\u0131l\",\"url\":\"https:\/\/denizcankizil.tr\/\",\"logo\":{\"@type\":\"ImageObject\",\"inLanguage\":\"uk\",\"@id\":\"https:\/\/denizcankizil.tr\/#\/schema\/logo\/image\/\",\"url\":\"http:\/\/denizcankizil.tr\/wp-content\/uploads\/2024\/10\/siyah-logo-svg.svg\",\"contentUrl\":\"http:\/\/denizcankizil.tr\/wp-content\/uploads\/2024\/10\/siyah-logo-svg.svg\",\"width\":1080,\"height\":1080,\"caption\":\"Av. Deniz Can K\u0131z\u0131l\"},\"image\":{\"@id\":\"https:\/\/denizcankizil.tr\/#\/schema\/logo\/image\/\"}},{\"@type\":\"Person\",\"@id\":\"https:\/\/denizcankizil.tr\/#\/schema\/person\/5dc1b22991bd7ac833867c10afc9b0ff\",\"name\":\"Av. Deniz Can K\u0131z\u0131l\",\"image\":{\"@type\":\"ImageObject\",\"inLanguage\":\"uk\",\"@id\":\"https:\/\/denizcankizil.tr\/#\/schema\/person\/image\/\",\"url\":\"https:\/\/secure.gravatar.com\/avatar\/a0b128fb9855c79efc976d5640eedb31dc35ec297594d6016d2cf7c60e975bb6?s=96&d=mm&r=g\",\"contentUrl\":\"https:\/\/secure.gravatar.com\/avatar\/a0b128fb9855c79efc976d5640eedb31dc35ec297594d6016d2cf7c60e975bb6?s=96&d=mm&r=g\",\"caption\":\"Av. Deniz Can K\u0131z\u0131l\"},\"sameAs\":[\"http:\/\/www.denizcankizil.tr\"],\"url\":\"http:\/\/denizcankizil.tr\/uk\/author\/denizcankizil\/\"}]}<\/script>\n<!-- \/ Yoast SEO Premium plugin. -->","yoast_head_json":{"title":"Hukuk ve Mant\u0131k \u0130li\u015fkisi: Teorik ve Pratik Boyutlar - Av. Deniz Can K\u0131z\u0131l","robots":{"index":"index","follow":"follow","max-snippet":"max-snippet:-1","max-image-preview":"max-image-preview:large","max-video-preview":"max-video-preview:-1"},"canonical":"https:\/\/denizcankizil.tr\/uk\/koseyazilari\/degerlendirme\/hukuk-ve-mantik-iliskisi-teorik-ve-pratik-boyutlar\/","og_locale":"uk_UA","og_type":"article","og_title":"Hukuk ve Mant\u0131k \u0130li\u015fkisi: Teorik ve Pratik Boyutlar","og_description":"Hukuk ve mant\u0131k aras\u0131ndaki ili\u015fki, hukukun teorik temellerini ve pratik uygulamalar\u0131n\u0131 \u015fekillendiren \u00f6nemli bir unsurdur. Mant\u0131k, hukuki arg\u00fcmanlar\u0131n tutarl\u0131l\u0131\u011f\u0131n\u0131 sa\u011flarken, hukuk da mant\u0131ksal d\u00fc\u015f\u00fcncenin s\u0131n\u0131rlar\u0131n\u0131 belirler. Bu etkile\u015fim, adaletin sa\u011flanmas\u0131nda kritik bir rol oynamaktad\u0131r.","og_url":"https:\/\/denizcankizil.tr\/uk\/koseyazilari\/degerlendirme\/hukuk-ve-mantik-iliskisi-teorik-ve-pratik-boyutlar\/","og_site_name":"Av. Deniz Can K\u0131z\u0131l","article_published_time":"2024-12-10T11:56:24+00:00","og_image":[{"width":800,"height":800,"url":"https:\/\/denizcankizil.tr\/wp-content\/uploads\/2024\/12\/20118-hukuk-ve-mantik-iliskisi-teorik-ve-pratik-boyutlar.jpg","type":"image\/jpeg"}],"author":"Av. Deniz Can K\u0131z\u0131l","twitter_card":"summary_large_image","twitter_misc":{"\u041d\u0430\u043f\u0438\u0441\u0430\u043d\u043e":"Av. Deniz Can K\u0131z\u0131l","\u041f\u0440\u0438\u0431\u043b. \u0447\u0430\u0441 \u0447\u0438\u0442\u0430\u043d\u043d\u044f":"9 \u0445\u0432\u0438\u043b\u0438\u043d"},"schema":{"@context":"https:\/\/schema.org","@graph":[{"@type":"Article","@id":"https:\/\/denizcankizil.tr\/ru\/koseyazilari\/degerlendirme\/hukuk-ve-mantik-iliskisi-teorik-ve-pratik-boyutlar\/#article","isPartOf":{"@id":"https:\/\/denizcankizil.tr\/ru\/koseyazilari\/degerlendirme\/hukuk-ve-mantik-iliskisi-teorik-ve-pratik-boyutlar\/"},"author":{"name":"Av. Deniz Can K\u0131z\u0131l","@id":"https:\/\/denizcankizil.tr\/#\/schema\/person\/5dc1b22991bd7ac833867c10afc9b0ff"},"headline":"Hukuk ve Mant\u0131k \u0130li\u015fkisi: Teorik ve Pratik Boyutlar","datePublished":"2024-12-10T11:56:24+00:00","mainEntityOfPage":{"@id":"https:\/\/denizcankizil.tr\/ru\/koseyazilari\/degerlendirme\/hukuk-ve-mantik-iliskisi-teorik-ve-pratik-boyutlar\/"},"wordCount":1739,"commentCount":0,"publisher":{"@id":"https:\/\/denizcankizil.tr\/#organization"},"image":{"@id":"https:\/\/denizcankizil.tr\/ru\/koseyazilari\/degerlendirme\/hukuk-ve-mantik-iliskisi-teorik-ve-pratik-boyutlar\/#primaryimage"},"thumbnailUrl":"http:\/\/denizcankizil.tr\/wp-content\/uploads\/2024\/12\/20118-hukuk-ve-mantik-iliskisi-teorik-ve-pratik-boyutlar.jpg","articleSection":["De\u011ferlendirme"],"inLanguage":"uk","potentialAction":[{"@type":"CommentAction","name":"Comment","target":["https:\/\/denizcankizil.tr\/ru\/koseyazilari\/degerlendirme\/hukuk-ve-mantik-iliskisi-teorik-ve-pratik-boyutlar\/#respond"]}]},{"@type":"WebPage","@id":"https:\/\/denizcankizil.tr\/ru\/koseyazilari\/degerlendirme\/hukuk-ve-mantik-iliskisi-teorik-ve-pratik-boyutlar\/","url":"https:\/\/denizcankizil.tr\/ru\/koseyazilari\/degerlendirme\/hukuk-ve-mantik-iliskisi-teorik-ve-pratik-boyutlar\/","name":"Hukuk ve Mant\u0131k \u0130li\u015fkisi: Teorik ve Pratik Boyutlar - Av. Deniz Can K\u0131z\u0131l","isPartOf":{"@id":"https:\/\/denizcankizil.tr\/#website"},"primaryImageOfPage":{"@id":"https:\/\/denizcankizil.tr\/ru\/koseyazilari\/degerlendirme\/hukuk-ve-mantik-iliskisi-teorik-ve-pratik-boyutlar\/#primaryimage"},"image":{"@id":"https:\/\/denizcankizil.tr\/ru\/koseyazilari\/degerlendirme\/hukuk-ve-mantik-iliskisi-teorik-ve-pratik-boyutlar\/#primaryimage"},"thumbnailUrl":"http:\/\/denizcankizil.tr\/wp-content\/uploads\/2024\/12\/20118-hukuk-ve-mantik-iliskisi-teorik-ve-pratik-boyutlar.jpg","datePublished":"2024-12-10T11:56:24+00:00","breadcrumb":{"@id":"https:\/\/denizcankizil.tr\/ru\/koseyazilari\/degerlendirme\/hukuk-ve-mantik-iliskisi-teorik-ve-pratik-boyutlar\/#breadcrumb"},"inLanguage":"uk","potentialAction":[{"@type":"ReadAction","target":["https:\/\/denizcankizil.tr\/ru\/koseyazilari\/degerlendirme\/hukuk-ve-mantik-iliskisi-teorik-ve-pratik-boyutlar\/"]}]},{"@type":"ImageObject","inLanguage":"uk","@id":"https:\/\/denizcankizil.tr\/ru\/koseyazilari\/degerlendirme\/hukuk-ve-mantik-iliskisi-teorik-ve-pratik-boyutlar\/#primaryimage","url":"http:\/\/denizcankizil.tr\/wp-content\/uploads\/2024\/12\/20118-hukuk-ve-mantik-iliskisi-teorik-ve-pratik-boyutlar.jpg","contentUrl":"http:\/\/denizcankizil.tr\/wp-content\/uploads\/2024\/12\/20118-hukuk-ve-mantik-iliskisi-teorik-ve-pratik-boyutlar.jpg","width":800,"height":800,"caption":"Hukuk ve Mant\u0131k \u0130li\u015fkisi: Teorik ve Pratik Boyutlar"},{"@type":"BreadcrumbList","@id":"https:\/\/denizcankizil.tr\/ru\/koseyazilari\/degerlendirme\/hukuk-ve-mantik-iliskisi-teorik-ve-pratik-boyutlar\/#breadcrumb","itemListElement":[{"@type":"ListItem","position":1,"name":"Home","item":"https:\/\/denizcankizil.tr\/de\/"},{"@type":"ListItem","position":2,"name":"Hukuk ve Mant\u0131k \u0130li\u015fkisi: Teorik ve Pratik Boyutlar"}]},{"@type":"WebSite","@id":"https:\/\/denizcankizil.tr\/#website","url":"https:\/\/denizcankizil.tr\/","name":"Av. Deniz Can K\u0131z\u0131l","description":"Avukat Deniz Can K\u0131z\u0131l Antalya Barosu","publisher":{"@id":"https:\/\/denizcankizil.tr\/#organization"},"potentialAction":[{"@type":"SearchAction","target":{"@type":"EntryPoint","urlTemplate":"https:\/\/denizcankizil.tr\/?s={search_term_string}"},"query-input":{"@type":"PropertyValueSpecification","valueRequired":true,"valueName":"search_term_string"}}],"inLanguage":"uk"},{"@type":"Organization","@id":"https:\/\/denizcankizil.tr\/#organization","name":"Av. Deniz Can K\u0131z\u0131l","url":"https:\/\/denizcankizil.tr\/","logo":{"@type":"ImageObject","inLanguage":"uk","@id":"https:\/\/denizcankizil.tr\/#\/schema\/logo\/image\/","url":"http:\/\/denizcankizil.tr\/wp-content\/uploads\/2024\/10\/siyah-logo-svg.svg","contentUrl":"http:\/\/denizcankizil.tr\/wp-content\/uploads\/2024\/10\/siyah-logo-svg.svg","width":1080,"height":1080,"caption":"Av. Deniz Can K\u0131z\u0131l"},"image":{"@id":"https:\/\/denizcankizil.tr\/#\/schema\/logo\/image\/"}},{"@type":"Person","@id":"https:\/\/denizcankizil.tr\/#\/schema\/person\/5dc1b22991bd7ac833867c10afc9b0ff","name":"Av. Deniz Can K\u0131z\u0131l","image":{"@type":"ImageObject","inLanguage":"uk","@id":"https:\/\/denizcankizil.tr\/#\/schema\/person\/image\/","url":"https:\/\/secure.gravatar.com\/avatar\/a0b128fb9855c79efc976d5640eedb31dc35ec297594d6016d2cf7c60e975bb6?s=96&d=mm&r=g","contentUrl":"https:\/\/secure.gravatar.com\/avatar\/a0b128fb9855c79efc976d5640eedb31dc35ec297594d6016d2cf7c60e975bb6?s=96&d=mm&r=g","caption":"Av. Deniz Can K\u0131z\u0131l"},"sameAs":["http:\/\/www.denizcankizil.tr"],"url":"http:\/\/denizcankizil.tr\/uk\/author\/denizcankizil\/"}]}},"_links":{"self":[{"href":"http:\/\/denizcankizil.tr\/uk\/wp-json\/wp\/v2\/posts\/20118","targetHints":{"allow":["GET"]}}],"collection":[{"href":"http:\/\/denizcankizil.tr\/uk\/wp-json\/wp\/v2\/posts"}],"about":[{"href":"http:\/\/denizcankizil.tr\/uk\/wp-json\/wp\/v2\/types\/post"}],"author":[{"embeddable":true,"href":"http:\/\/denizcankizil.tr\/uk\/wp-json\/wp\/v2\/users\/4"}],"replies":[{"embeddable":true,"href":"http:\/\/denizcankizil.tr\/uk\/wp-json\/wp\/v2\/comments?post=20118"}],"version-history":[{"count":0,"href":"http:\/\/denizcankizil.tr\/uk\/wp-json\/wp\/v2\/posts\/20118\/revisions"}],"wp:featuredmedia":[{"embeddable":true,"href":"http:\/\/denizcankizil.tr\/uk\/wp-json\/wp\/v2\/media\/20119"}],"wp:attachment":[{"href":"http:\/\/denizcankizil.tr\/uk\/wp-json\/wp\/v2\/media?parent=20118"}],"wp:term":[{"taxonomy":"category","embeddable":true,"href":"http:\/\/denizcankizil.tr\/uk\/wp-json\/wp\/v2\/categories?post=20118"},{"taxonomy":"post_tag","embeddable":true,"href":"http:\/\/denizcankizil.tr\/uk\/wp-json\/wp\/v2\/tags?post=20118"}],"curies":[{"name":"wp","href":"https:\/\/api.w.org\/{rel}","templated":true}]}}