{"id":19827,"date":"2024-12-08T18:44:19","date_gmt":"2024-12-08T15:44:19","guid":{"rendered":"https:\/\/denizcankizil.tr\/uncategorized-tr\/chpden-cok-sert-kizilarik-aciklamasi\/"},"modified":"2024-12-08T18:44:19","modified_gmt":"2024-12-08T15:44:19","slug":"chpden-cok-sert-kizilarik-aciklamasi","status":"publish","type":"post","link":"http:\/\/denizcankizil.tr\/uk\/haberler\/gundem\/chpden-cok-sert-kizilarik-aciklamasi\/","title":{"rendered":"CHP\u2019den \u00e7ok sert K\u0131z\u0131lar\u0131k a\u00e7\u0131klamas\u0131!"},"content":{"rendered":"<p>Antalya&#8217;n\u0131n Muratpa\u015fa il\u00e7e s\u0131n\u0131rlar\u0131nda yer alan K\u0131z\u0131lar\u0131k Mahallesi&#8217;nde atadan kalma evlerinden \u00e7\u0131kmalar\u0131 i\u00e7in 15 g\u00fcn s\u00fcre verilen mahalle sakinleri i\u00e7in CHP Antalya \u0130l Ba\u015fkanl\u0131\u011f\u0131 destek a\u00e7\u0131klamas\u0131 yapt\u0131. Antalya Vak\u0131flar B\u00f6lge M\u00fcd\u00fcrl\u00fc\u011f\u00fc&#8217;n\u00fcn belirledi\u011fi fahi\u015f ecrimisil bedelleri ve tahliye karar\u0131na kar\u015f\u0131 direnen mahalle sakinlerinin ma\u011fdur edilmemesini isteyen CHP,\u00a0 600 metrekarelik bir arazi i\u00e7in 3 milyon TL talep edilmesinin, dar gelirli ve ya\u015fl\u0131 vatanda\u015flar\u0131n bar\u0131nma hakk\u0131na do\u011frudan bir sald\u0131r\u0131 oldu\u011funa dikkat \u00e7ekti.\u00a0<\/p>\n<p>AYRIMCILIK YAPILIYOR<\/p>\n<p>Antalya K\u00f6rfez Gazetesi muhabiri Ertu\u011frul G\u00fcn&#8217;\u00fc haberine g\u00f6re; CHP, \u00f6zellikle Kepez\u2019de benzer sorunlar\u0131n 4706 say\u0131l\u0131 yasa ile \u00e7\u00f6z\u00fclmesine ra\u011fmen, K\u0131z\u0131lar\u0131k\u2019ta bu yasan\u0131n i\u015fletilmemesi ayr\u0131mc\u0131l\u0131k olarak de\u011ferlendirdi. E\u015fitlik ve adalet ilkelerinden sap\u0131ld\u0131\u011f\u0131na vurgu yap\u0131lan CHP a\u00e7\u0131klamas\u0131nda halk\u0131n ya\u015fam alanlar\u0131n\u0131 rant projelerine d\u00f6n\u00fc\u015ft\u00fcrmeye y\u00f6nelik giri\u015fimlere kar\u015f\u0131 duracaklar\u0131n\u0131 ifade etti.<\/p>\n<p>\u201cKIZILARIK HALKI \u0130\u015eGALC\u0130 DE\u011e\u0130L\u201d\u00a0<\/p>\n<p>CHP Antalya \u0130l Ba\u015fkanl\u0131\u011f\u0131, \u201cAdaletin terazisi \u015fa\u015ft\u0131ysa, bu teraziyi halk\u0131n iradesi yeniden dengeleyecek. K\u0131z\u0131lar\u0131k halk\u0131 i\u015fgalci de\u011fil, bu topraklar\u0131n emektar\u0131d\u0131r\u201d ifadelerini kulland\u0131. Hukuki m\u00fccadele ba\u015flatacaklar\u0131n\u0131 a\u00e7\u0131klayan parti yetkilileri, Vak\u0131flar\u2019a \u00e7a\u011fr\u0131da bulunarak, \u201cBu haks\u0131z giri\u015fimden vazge\u00e7in\u201d ifadelerine yer verdi.<\/p>\n<p>\u200bAntalya\u2019n\u0131n k\u00f6kl\u00fc mahallelerinden K\u0131z\u0131lar\u0131k\u2019ta, Vak\u0131flar B\u00f6lge M\u00fcd\u00fcrl\u00fc\u011f\u00fc\u2019n\u00fcn ecrimisil ve tahliye dayatmas\u0131 s\u00fcr\u00fcyor. CHP Antalya \u0130l Ba\u015fkanl\u0131\u011f\u0131, mahallede y\u00fcz y\u0131l\u0131 a\u015fk\u0131n s\u00fcredir ya\u015fayan vatanda\u015flar\u0131n oldu\u011funa dikkat \u00e7ekerek &#8220;Uygulama vicdanlara ve hukuka ayk\u0131r\u0131d\u0131r&#8221;  a\u00e7\u0131klamas\u0131 yapt\u0131\u00a0<\/p>\n<p>\u200bHaberin Al\u0131nt\u0131land\u0131\u011f\u0131 Kaynak: www.antalyakorfez.com<\/p>","protected":false},"excerpt":{"rendered":"<p>Antalya&#8217;n\u0131n Muratpa\u015fa il\u00e7e s\u0131n\u0131rlar\u0131nda yer alan K\u0131z\u0131lar\u0131k Mahallesi&#8217;nde atadan kalma evlerinden \u00e7\u0131kmalar\u0131 i\u00e7in 15 g\u00fcn s\u00fcre verilen mahalle sakinleri i\u00e7in CHP Antalya \u0130l Ba\u015fkanl\u0131\u011f\u0131 destek a\u00e7\u0131klamas\u0131 yapt\u0131. Antalya Vak\u0131flar B\u00f6lge M\u00fcd\u00fcrl\u00fc\u011f\u00fc&#8217;n\u00fcn belirledi\u011fi fahi\u015f ecrimisil bedelleri ve tahliye karar\u0131na kar\u015f\u0131 direnen mahalle sakinlerinin ma\u011fdur edilmemesini isteyen CHP,\u00a0 600 metrekarelik bir arazi i\u00e7in 3 milyon TL talep edilmesinin, dar gelirli ve ya\u015fl\u0131 vatanda\u015flar\u0131n bar\u0131nma hakk\u0131na do\u011frudan bir sald\u0131r\u0131 oldu\u011funa dikkat \u00e7ekti.\u00a0 AYRIMCILIK YAPILIYOR Antalya K\u00f6rfez Gazetesi muhabiri Ertu\u011frul G\u00fcn&#8217;\u00fc haberine g\u00f6re; CHP, \u00f6zellikle Kepez\u2019de benzer sorunlar\u0131n 4706 say\u0131l\u0131 yasa ile \u00e7\u00f6z\u00fclmesine ra\u011fmen, K\u0131z\u0131lar\u0131k\u2019ta bu yasan\u0131n i\u015fletilmemesi ayr\u0131mc\u0131l\u0131k olarak de\u011ferlendirdi. E\u015fitlik ve adalet ilkelerinden sap\u0131ld\u0131\u011f\u0131na vurgu yap\u0131lan CHP a\u00e7\u0131klamas\u0131nda halk\u0131n ya\u015fam alanlar\u0131n\u0131 rant projelerine d\u00f6n\u00fc\u015ft\u00fcrmeye y\u00f6nelik giri\u015fimlere kar\u015f\u0131 duracaklar\u0131n\u0131 ifade etti. \u201cKIZILARIK HALKI \u0130\u015eGALC\u0130 DE\u011e\u0130L\u201d\u00a0 CHP Antalya \u0130l Ba\u015fkanl\u0131\u011f\u0131, \u201cAdaletin terazisi \u015fa\u015ft\u0131ysa, bu teraziyi halk\u0131n iradesi yeniden dengeleyecek. K\u0131z\u0131lar\u0131k halk\u0131 i\u015fgalci de\u011fil, bu topraklar\u0131n emektar\u0131d\u0131r\u201d ifadelerini kulland\u0131. Hukuki m\u00fccadele ba\u015flatacaklar\u0131n\u0131 a\u00e7\u0131klayan parti yetkilileri, Vak\u0131flar\u2019a \u00e7a\u011fr\u0131da bulunarak, \u201cBu haks\u0131z giri\u015fimden vazge\u00e7in\u201d ifadelerine yer verdi. \u200bAntalya\u2019n\u0131n k\u00f6kl\u00fc mahallelerinden K\u0131z\u0131lar\u0131k\u2019ta, Vak\u0131flar B\u00f6lge M\u00fcd\u00fcrl\u00fc\u011f\u00fc\u2019n\u00fcn ecrimisil ve tahliye dayatmas\u0131 s\u00fcr\u00fcyor. CHP Antalya \u0130l Ba\u015fkanl\u0131\u011f\u0131, mahallede y\u00fcz y\u0131l\u0131 a\u015fk\u0131n s\u00fcredir ya\u015fayan vatanda\u015flar\u0131n oldu\u011funa dikkat \u00e7ekerek &#8220;Uygulama vicdanlara ve hukuka ayk\u0131r\u0131d\u0131r&#8221; a\u00e7\u0131klamas\u0131 yapt\u0131\u00a0 \u200bHaberin Al\u0131nt\u0131land\u0131\u011f\u0131 Kaynak: www.antalyakorfez.com<\/p>","protected":false},"author":0,"featured_media":0,"comment_status":"open","ping_status":"open","sticky":false,"template":"","format":"standard","meta":{"_acf_changed":false,"footnotes":""},"categories":[24,535],"tags":[],"class_list":["post-19827","post","type-post","status-publish","format-standard","has-post-thumbnail","hentry","category-gundem","category-uncategorized-tr"],"acf":[],"yoast_head":"<!-- This site is optimized with the Yoast SEO Premium plugin v26.6 (Yoast SEO v27.1.1) - https:\/\/yoast.com\/product\/yoast-seo-premium-wordpress\/ -->\n<title>CHP\u2019den \u00e7ok sert K\u0131z\u0131lar\u0131k a\u00e7\u0131klamas\u0131! - Av. Deniz Can K\u0131z\u0131l<\/title>\n<meta name=\"robots\" content=\"index, follow, max-snippet:-1, max-image-preview:large, max-video-preview:-1\" \/>\n<link rel=\"canonical\" href=\"http:\/\/denizcankizil.tr\/uk\/haberler\/gundem\/chpden-cok-sert-kizilarik-aciklamasi\/\" \/>\n<meta property=\"og:locale\" content=\"uk_UA\" \/>\n<meta property=\"og:type\" content=\"article\" \/>\n<meta property=\"og:title\" content=\"CHP\u2019den \u00e7ok sert K\u0131z\u0131lar\u0131k a\u00e7\u0131klamas\u0131!\" \/>\n<meta property=\"og:description\" content=\"Antalya&#8217;n\u0131n Muratpa\u015fa il\u00e7e s\u0131n\u0131rlar\u0131nda yer alan K\u0131z\u0131lar\u0131k Mahallesi&#8217;nde atadan kalma evlerinden \u00e7\u0131kmalar\u0131 i\u00e7in 15 g\u00fcn s\u00fcre verilen mahalle sakinleri i\u00e7in CHP Antalya \u0130l Ba\u015fkanl\u0131\u011f\u0131 destek a\u00e7\u0131klamas\u0131 yapt\u0131. Antalya Vak\u0131flar B\u00f6lge M\u00fcd\u00fcrl\u00fc\u011f\u00fc&#8217;n\u00fcn belirledi\u011fi fahi\u015f ecrimisil bedelleri ve tahliye karar\u0131na kar\u015f\u0131 direnen mahalle sakinlerinin ma\u011fdur edilmemesini isteyen CHP,\u00a0 600 metrekarelik bir arazi i\u00e7in 3 milyon TL talep edilmesinin, dar gelirli ve ya\u015fl\u0131 vatanda\u015flar\u0131n bar\u0131nma hakk\u0131na do\u011frudan bir sald\u0131r\u0131 oldu\u011funa dikkat \u00e7ekti.\u00a0 AYRIMCILIK YAPILIYOR Antalya K\u00f6rfez Gazetesi muhabiri Ertu\u011frul G\u00fcn&#8217;\u00fc haberine g\u00f6re; CHP, \u00f6zellikle Kepez\u2019de benzer sorunlar\u0131n 4706 say\u0131l\u0131 yasa ile \u00e7\u00f6z\u00fclmesine ra\u011fmen, K\u0131z\u0131lar\u0131k\u2019ta bu yasan\u0131n i\u015fletilmemesi ayr\u0131mc\u0131l\u0131k olarak de\u011ferlendirdi. E\u015fitlik ve adalet ilkelerinden sap\u0131ld\u0131\u011f\u0131na vurgu yap\u0131lan CHP a\u00e7\u0131klamas\u0131nda halk\u0131n ya\u015fam alanlar\u0131n\u0131 rant projelerine d\u00f6n\u00fc\u015ft\u00fcrmeye y\u00f6nelik giri\u015fimlere kar\u015f\u0131 duracaklar\u0131n\u0131 ifade etti. \u201cKIZILARIK HALKI \u0130\u015eGALC\u0130 DE\u011e\u0130L\u201d\u00a0 CHP Antalya \u0130l Ba\u015fkanl\u0131\u011f\u0131, \u201cAdaletin terazisi \u015fa\u015ft\u0131ysa, bu teraziyi halk\u0131n iradesi yeniden dengeleyecek. K\u0131z\u0131lar\u0131k halk\u0131 i\u015fgalci de\u011fil, bu topraklar\u0131n emektar\u0131d\u0131r\u201d ifadelerini kulland\u0131. Hukuki m\u00fccadele ba\u015flatacaklar\u0131n\u0131 a\u00e7\u0131klayan parti yetkilileri, Vak\u0131flar\u2019a \u00e7a\u011fr\u0131da bulunarak, \u201cBu haks\u0131z giri\u015fimden vazge\u00e7in\u201d ifadelerine yer verdi. \u200bAntalya\u2019n\u0131n k\u00f6kl\u00fc mahallelerinden K\u0131z\u0131lar\u0131k\u2019ta, Vak\u0131flar B\u00f6lge M\u00fcd\u00fcrl\u00fc\u011f\u00fc\u2019n\u00fcn ecrimisil ve tahliye dayatmas\u0131 s\u00fcr\u00fcyor. CHP Antalya \u0130l Ba\u015fkanl\u0131\u011f\u0131, mahallede y\u00fcz y\u0131l\u0131 a\u015fk\u0131n s\u00fcredir ya\u015fayan vatanda\u015flar\u0131n oldu\u011funa dikkat \u00e7ekerek &#8220;Uygulama vicdanlara ve hukuka ayk\u0131r\u0131d\u0131r&#8221; a\u00e7\u0131klamas\u0131 yapt\u0131\u00a0 \u200bHaberin Al\u0131nt\u0131land\u0131\u011f\u0131 Kaynak: www.antalyakorfez.com\" \/>\n<meta property=\"og:url\" content=\"http:\/\/denizcankizil.tr\/uk\/haberler\/gundem\/chpden-cok-sert-kizilarik-aciklamasi\/\" \/>\n<meta property=\"og:site_name\" content=\"Av. Deniz Can K\u0131z\u0131l\" \/>\n<meta property=\"article:published_time\" content=\"2024-12-08T15:44:19+00:00\" \/>\n<meta name=\"twitter:card\" content=\"summary_large_image\" \/>\n<meta name=\"twitter:label1\" content=\"\u041f\u0440\u0438\u0431\u043b. \u0447\u0430\u0441 \u0447\u0438\u0442\u0430\u043d\u043d\u044f\" \/>\n\t<meta name=\"twitter:data1\" content=\"2 \u0445\u0432\u0438\u043b\u0438\u043d\u0438\" \/>\n<script type=\"application\/ld+json\" class=\"yoast-schema-graph\">{\"@context\":\"https:\/\/schema.org\",\"@graph\":[{\"@type\":\"Article\",\"@id\":\"http:\/\/denizcankizil.tr\/uk\/haberler\/gundem\/chpden-cok-sert-kizilarik-aciklamasi\/#article\",\"isPartOf\":{\"@id\":\"http:\/\/denizcankizil.tr\/uk\/haberler\/gundem\/chpden-cok-sert-kizilarik-aciklamasi\/\"},\"author\":{\"name\":\"\",\"@id\":\"\"},\"headline\":\"CHP\u2019den \u00e7ok sert K\u0131z\u0131lar\u0131k a\u00e7\u0131klamas\u0131!\",\"datePublished\":\"2024-12-08T15:44:19+00:00\",\"mainEntityOfPage\":{\"@id\":\"http:\/\/denizcankizil.tr\/uk\/haberler\/gundem\/chpden-cok-sert-kizilarik-aciklamasi\/\"},\"wordCount\":329,\"commentCount\":0,\"publisher\":{\"@id\":\"https:\/\/denizcankizil.tr\/#organization\"},\"articleSection\":[\"G\u00fcndem\",\"Uncategorized\"],\"inLanguage\":\"uk\",\"potentialAction\":[{\"@type\":\"CommentAction\",\"name\":\"Comment\",\"target\":[\"http:\/\/denizcankizil.tr\/uk\/haberler\/gundem\/chpden-cok-sert-kizilarik-aciklamasi\/#respond\"]}]},{\"@type\":\"WebPage\",\"@id\":\"http:\/\/denizcankizil.tr\/uk\/haberler\/gundem\/chpden-cok-sert-kizilarik-aciklamasi\/\",\"url\":\"http:\/\/denizcankizil.tr\/uk\/haberler\/gundem\/chpden-cok-sert-kizilarik-aciklamasi\/\",\"name\":\"CHP\u2019den \u00e7ok sert K\u0131z\u0131lar\u0131k a\u00e7\u0131klamas\u0131! - Av. Deniz Can K\u0131z\u0131l\",\"isPartOf\":{\"@id\":\"https:\/\/denizcankizil.tr\/#website\"},\"datePublished\":\"2024-12-08T15:44:19+00:00\",\"breadcrumb\":{\"@id\":\"http:\/\/denizcankizil.tr\/uk\/haberler\/gundem\/chpden-cok-sert-kizilarik-aciklamasi\/#breadcrumb\"},\"inLanguage\":\"uk\",\"potentialAction\":[{\"@type\":\"ReadAction\",\"target\":[\"http:\/\/denizcankizil.tr\/uk\/haberler\/gundem\/chpden-cok-sert-kizilarik-aciklamasi\/\"]}]},{\"@type\":\"BreadcrumbList\",\"@id\":\"http:\/\/denizcankizil.tr\/uk\/haberler\/gundem\/chpden-cok-sert-kizilarik-aciklamasi\/#breadcrumb\",\"itemListElement\":[{\"@type\":\"ListItem\",\"position\":1,\"name\":\"Home\",\"item\":\"https:\/\/denizcankizil.tr\/uk\/\"},{\"@type\":\"ListItem\",\"position\":2,\"name\":\"CHP\u2019den \u00e7ok sert K\u0131z\u0131lar\u0131k a\u00e7\u0131klamas\u0131!\"}]},{\"@type\":\"WebSite\",\"@id\":\"https:\/\/denizcankizil.tr\/#website\",\"url\":\"https:\/\/denizcankizil.tr\/\",\"name\":\"Av. Deniz Can K\u0131z\u0131l\",\"description\":\"Avukat Deniz Can K\u0131z\u0131l Antalya Barosu\",\"publisher\":{\"@id\":\"https:\/\/denizcankizil.tr\/#organization\"},\"potentialAction\":[{\"@type\":\"SearchAction\",\"target\":{\"@type\":\"EntryPoint\",\"urlTemplate\":\"https:\/\/denizcankizil.tr\/?s={search_term_string}\"},\"query-input\":{\"@type\":\"PropertyValueSpecification\",\"valueRequired\":true,\"valueName\":\"search_term_string\"}}],\"inLanguage\":\"uk\"},{\"@type\":\"Organization\",\"@id\":\"https:\/\/denizcankizil.tr\/#organization\",\"name\":\"Av. Deniz Can K\u0131z\u0131l\",\"url\":\"https:\/\/denizcankizil.tr\/\",\"logo\":{\"@type\":\"ImageObject\",\"inLanguage\":\"uk\",\"@id\":\"https:\/\/denizcankizil.tr\/#\/schema\/logo\/image\/\",\"url\":\"http:\/\/denizcankizil.tr\/wp-content\/uploads\/2024\/10\/siyah-logo-svg.svg\",\"contentUrl\":\"http:\/\/denizcankizil.tr\/wp-content\/uploads\/2024\/10\/siyah-logo-svg.svg\",\"width\":1080,\"height\":1080,\"caption\":\"Av. Deniz Can K\u0131z\u0131l\"},\"image\":{\"@id\":\"https:\/\/denizcankizil.tr\/#\/schema\/logo\/image\/\"}}]}<\/script>\n<!-- \/ Yoast SEO Premium plugin. -->","yoast_head_json":{"title":"CHP\u2019den \u00e7ok sert K\u0131z\u0131lar\u0131k a\u00e7\u0131klamas\u0131! - Av. Deniz Can K\u0131z\u0131l","robots":{"index":"index","follow":"follow","max-snippet":"max-snippet:-1","max-image-preview":"max-image-preview:large","max-video-preview":"max-video-preview:-1"},"canonical":"http:\/\/denizcankizil.tr\/uk\/haberler\/gundem\/chpden-cok-sert-kizilarik-aciklamasi\/","og_locale":"uk_UA","og_type":"article","og_title":"CHP\u2019den \u00e7ok sert K\u0131z\u0131lar\u0131k a\u00e7\u0131klamas\u0131!","og_description":"Antalya&#8217;n\u0131n Muratpa\u015fa il\u00e7e s\u0131n\u0131rlar\u0131nda yer alan K\u0131z\u0131lar\u0131k Mahallesi&#8217;nde atadan kalma evlerinden \u00e7\u0131kmalar\u0131 i\u00e7in 15 g\u00fcn s\u00fcre verilen mahalle sakinleri i\u00e7in CHP Antalya \u0130l Ba\u015fkanl\u0131\u011f\u0131 destek a\u00e7\u0131klamas\u0131 yapt\u0131. Antalya Vak\u0131flar B\u00f6lge M\u00fcd\u00fcrl\u00fc\u011f\u00fc&#8217;n\u00fcn belirledi\u011fi fahi\u015f ecrimisil bedelleri ve tahliye karar\u0131na kar\u015f\u0131 direnen mahalle sakinlerinin ma\u011fdur edilmemesini isteyen CHP,\u00a0 600 metrekarelik bir arazi i\u00e7in 3 milyon TL talep edilmesinin, dar gelirli ve ya\u015fl\u0131 vatanda\u015flar\u0131n bar\u0131nma hakk\u0131na do\u011frudan bir sald\u0131r\u0131 oldu\u011funa dikkat \u00e7ekti.\u00a0 AYRIMCILIK YAPILIYOR Antalya K\u00f6rfez Gazetesi muhabiri Ertu\u011frul G\u00fcn&#8217;\u00fc haberine g\u00f6re; CHP, \u00f6zellikle Kepez\u2019de benzer sorunlar\u0131n 4706 say\u0131l\u0131 yasa ile \u00e7\u00f6z\u00fclmesine ra\u011fmen, K\u0131z\u0131lar\u0131k\u2019ta bu yasan\u0131n i\u015fletilmemesi ayr\u0131mc\u0131l\u0131k olarak de\u011ferlendirdi. E\u015fitlik ve adalet ilkelerinden sap\u0131ld\u0131\u011f\u0131na vurgu yap\u0131lan CHP a\u00e7\u0131klamas\u0131nda halk\u0131n ya\u015fam alanlar\u0131n\u0131 rant projelerine d\u00f6n\u00fc\u015ft\u00fcrmeye y\u00f6nelik giri\u015fimlere kar\u015f\u0131 duracaklar\u0131n\u0131 ifade etti. \u201cKIZILARIK HALKI \u0130\u015eGALC\u0130 DE\u011e\u0130L\u201d\u00a0 CHP Antalya \u0130l Ba\u015fkanl\u0131\u011f\u0131, \u201cAdaletin terazisi \u015fa\u015ft\u0131ysa, bu teraziyi halk\u0131n iradesi yeniden dengeleyecek. K\u0131z\u0131lar\u0131k halk\u0131 i\u015fgalci de\u011fil, bu topraklar\u0131n emektar\u0131d\u0131r\u201d ifadelerini kulland\u0131. Hukuki m\u00fccadele ba\u015flatacaklar\u0131n\u0131 a\u00e7\u0131klayan parti yetkilileri, Vak\u0131flar\u2019a \u00e7a\u011fr\u0131da bulunarak, \u201cBu haks\u0131z giri\u015fimden vazge\u00e7in\u201d ifadelerine yer verdi. \u200bAntalya\u2019n\u0131n k\u00f6kl\u00fc mahallelerinden K\u0131z\u0131lar\u0131k\u2019ta, Vak\u0131flar B\u00f6lge M\u00fcd\u00fcrl\u00fc\u011f\u00fc\u2019n\u00fcn ecrimisil ve tahliye dayatmas\u0131 s\u00fcr\u00fcyor. CHP Antalya \u0130l Ba\u015fkanl\u0131\u011f\u0131, mahallede y\u00fcz y\u0131l\u0131 a\u015fk\u0131n s\u00fcredir ya\u015fayan vatanda\u015flar\u0131n oldu\u011funa dikkat \u00e7ekerek &#8220;Uygulama vicdanlara ve hukuka ayk\u0131r\u0131d\u0131r&#8221; a\u00e7\u0131klamas\u0131 yapt\u0131\u00a0 \u200bHaberin Al\u0131nt\u0131land\u0131\u011f\u0131 Kaynak: www.antalyakorfez.com","og_url":"http:\/\/denizcankizil.tr\/uk\/haberler\/gundem\/chpden-cok-sert-kizilarik-aciklamasi\/","og_site_name":"Av. Deniz Can K\u0131z\u0131l","article_published_time":"2024-12-08T15:44:19+00:00","twitter_card":"summary_large_image","twitter_misc":{"\u041f\u0440\u0438\u0431\u043b. \u0447\u0430\u0441 \u0447\u0438\u0442\u0430\u043d\u043d\u044f":"2 \u0445\u0432\u0438\u043b\u0438\u043d\u0438"},"schema":{"@context":"https:\/\/schema.org","@graph":[{"@type":"Article","@id":"http:\/\/denizcankizil.tr\/uk\/haberler\/gundem\/chpden-cok-sert-kizilarik-aciklamasi\/#article","isPartOf":{"@id":"http:\/\/denizcankizil.tr\/uk\/haberler\/gundem\/chpden-cok-sert-kizilarik-aciklamasi\/"},"author":{"name":"","@id":""},"headline":"CHP\u2019den \u00e7ok sert K\u0131z\u0131lar\u0131k a\u00e7\u0131klamas\u0131!","datePublished":"2024-12-08T15:44:19+00:00","mainEntityOfPage":{"@id":"http:\/\/denizcankizil.tr\/uk\/haberler\/gundem\/chpden-cok-sert-kizilarik-aciklamasi\/"},"wordCount":329,"commentCount":0,"publisher":{"@id":"https:\/\/denizcankizil.tr\/#organization"},"articleSection":["G\u00fcndem","Uncategorized"],"inLanguage":"uk","potentialAction":[{"@type":"CommentAction","name":"Comment","target":["http:\/\/denizcankizil.tr\/uk\/haberler\/gundem\/chpden-cok-sert-kizilarik-aciklamasi\/#respond"]}]},{"@type":"WebPage","@id":"http:\/\/denizcankizil.tr\/uk\/haberler\/gundem\/chpden-cok-sert-kizilarik-aciklamasi\/","url":"http:\/\/denizcankizil.tr\/uk\/haberler\/gundem\/chpden-cok-sert-kizilarik-aciklamasi\/","name":"CHP\u2019den \u00e7ok sert K\u0131z\u0131lar\u0131k a\u00e7\u0131klamas\u0131! - Av. Deniz Can K\u0131z\u0131l","isPartOf":{"@id":"https:\/\/denizcankizil.tr\/#website"},"datePublished":"2024-12-08T15:44:19+00:00","breadcrumb":{"@id":"http:\/\/denizcankizil.tr\/uk\/haberler\/gundem\/chpden-cok-sert-kizilarik-aciklamasi\/#breadcrumb"},"inLanguage":"uk","potentialAction":[{"@type":"ReadAction","target":["http:\/\/denizcankizil.tr\/uk\/haberler\/gundem\/chpden-cok-sert-kizilarik-aciklamasi\/"]}]},{"@type":"BreadcrumbList","@id":"http:\/\/denizcankizil.tr\/uk\/haberler\/gundem\/chpden-cok-sert-kizilarik-aciklamasi\/#breadcrumb","itemListElement":[{"@type":"ListItem","position":1,"name":"Home","item":"https:\/\/denizcankizil.tr\/uk\/"},{"@type":"ListItem","position":2,"name":"CHP\u2019den \u00e7ok sert K\u0131z\u0131lar\u0131k a\u00e7\u0131klamas\u0131!"}]},{"@type":"WebSite","@id":"https:\/\/denizcankizil.tr\/#website","url":"https:\/\/denizcankizil.tr\/","name":"Av. Deniz Can K\u0131z\u0131l","description":"Avukat Deniz Can K\u0131z\u0131l Antalya Barosu","publisher":{"@id":"https:\/\/denizcankizil.tr\/#organization"},"potentialAction":[{"@type":"SearchAction","target":{"@type":"EntryPoint","urlTemplate":"https:\/\/denizcankizil.tr\/?s={search_term_string}"},"query-input":{"@type":"PropertyValueSpecification","valueRequired":true,"valueName":"search_term_string"}}],"inLanguage":"uk"},{"@type":"Organization","@id":"https:\/\/denizcankizil.tr\/#organization","name":"Av. Deniz Can K\u0131z\u0131l","url":"https:\/\/denizcankizil.tr\/","logo":{"@type":"ImageObject","inLanguage":"uk","@id":"https:\/\/denizcankizil.tr\/#\/schema\/logo\/image\/","url":"http:\/\/denizcankizil.tr\/wp-content\/uploads\/2024\/10\/siyah-logo-svg.svg","contentUrl":"http:\/\/denizcankizil.tr\/wp-content\/uploads\/2024\/10\/siyah-logo-svg.svg","width":1080,"height":1080,"caption":"Av. Deniz Can K\u0131z\u0131l"},"image":{"@id":"https:\/\/denizcankizil.tr\/#\/schema\/logo\/image\/"}}]}},"_links":{"self":[{"href":"http:\/\/denizcankizil.tr\/uk\/wp-json\/wp\/v2\/posts\/19827","targetHints":{"allow":["GET"]}}],"collection":[{"href":"http:\/\/denizcankizil.tr\/uk\/wp-json\/wp\/v2\/posts"}],"about":[{"href":"http:\/\/denizcankizil.tr\/uk\/wp-json\/wp\/v2\/types\/post"}],"replies":[{"embeddable":true,"href":"http:\/\/denizcankizil.tr\/uk\/wp-json\/wp\/v2\/comments?post=19827"}],"version-history":[{"count":0,"href":"http:\/\/denizcankizil.tr\/uk\/wp-json\/wp\/v2\/posts\/19827\/revisions"}],"wp:attachment":[{"href":"http:\/\/denizcankizil.tr\/uk\/wp-json\/wp\/v2\/media?parent=19827"}],"wp:term":[{"taxonomy":"category","embeddable":true,"href":"http:\/\/denizcankizil.tr\/uk\/wp-json\/wp\/v2\/categories?post=19827"},{"taxonomy":"post_tag","embeddable":true,"href":"http:\/\/denizcankizil.tr\/uk\/wp-json\/wp\/v2\/tags?post=19827"}],"curies":[{"name":"wp","href":"https:\/\/api.w.org\/{rel}","templated":true}]}}