{"id":19778,"date":"2024-12-08T08:41:31","date_gmt":"2024-12-08T05:41:31","guid":{"rendered":"https:\/\/denizcankizil.tr\/uncategorized-tr\/ekrem-imamoglundan-balkanlara-ovgu\/"},"modified":"2024-12-08T08:41:31","modified_gmt":"2024-12-08T05:41:31","slug":"ekrem-imamoglundan-balkanlara-ovgu","status":"publish","type":"post","link":"http:\/\/denizcankizil.tr\/uk\/haberler\/gundem\/ekrem-imamoglundan-balkanlara-ovgu\/","title":{"rendered":"Ekrem \u0130mamo\u011flu&#8217;ndan Balkanlara \u00f6vg\u00fc"},"content":{"rendered":"<p>TBB ve \u0130BB Ba\u015fkan\u0131 Ekrem \u0130mamo\u011flu, kurucusu oldu\u011fu B40 Ba\u015fkan \u015eehirleri A\u011f\u0131\u2019n\u0131n Tiran\u2019da d\u00fczenlenen \u2018Tiran Kentsel Forumu &#8211; Ya\u015fanabilir \u015eehirler \u0130\u00e7in Liderlik\u2019 konulu toplant\u0131da konu\u015ftu.\u0130STANBUL (\u0130GFA) &#8211; B40 D\u00f6nem Ba\u015fkan\u0131 Tiran Belediye Ba\u015fkan\u0131 Erion Veliaj taraf\u0131ndan \u2018ak\u0131l hocam\u0131z\u2019 ve \u00fcstad\u0131m\u0131z\u2019 s\u00f6zleriyle mikrofona \u00e7a\u011fr\u0131lan \u0130mamo\u011flu, \u201cE\u015fsiz co\u011frafyas\u0131 ve stratejik konumuyla b\u00f6lgemiz, tarih boyunca medeniyetlerin kesi\u015fme noktas\u0131 olmu\u015ftur. Fakat zengin miras\u0131na ra\u011fmen Balkanlar, tarihte s\u0131kl\u0131kla \u00e7at\u0131\u015fmalarla an\u0131lm\u0131\u015f ve \u2018Avrupa\u2019n\u0131n barut f\u0131\u00e7\u0131s\u0131\u2019 olarak bilinmi\u015ftir. Bug\u00fcn, bu anlat\u0131y\u0131 yeniden yaz\u0131yoruz. Birlikte Balkanlar\u0131 yat\u0131r\u0131mlar, yenilikler ve i\u015f birli\u011fi i\u00e7in y\u00fckselen bir y\u0131ld\u0131z olarak sergiliyoruz\u201d dedi.\u00a0<br \/>\nD\u00fcnyan\u0131n \u00e7oklu krizler ortam\u0131nda oldu\u011funun alt\u0131n\u0131 \u00e7izen \u0130mamo\u011flu, \u201cBalkanlar \u00e7at\u0131\u015fma ve sava\u015flarla \u00e7evrilidir. Ukrayna&#8217;daki sava\u015f, uluslararas\u0131 istikrar\u0131 derinden sarsm\u0131\u015f ve devletlerin toprak b\u00fct\u00fcnl\u00fc\u011f\u00fcn\u00fcn \u00f6nemini vurgulam\u0131\u015ft\u0131r. Gazze&#8217;de ya\u015fanan trajediler, insan haklar\u0131 ve adaletin g\u00fc\u00e7l\u00fc bir \u015fekilde savunulmas\u0131 ihtiyac\u0131n\u0131n alt\u0131n\u0131 \u00e7izmi\u015ftir. Suriye&#8217;deki \u00e7at\u0131\u015fmalar yeniden ba\u015flad\u0131 ve milyonlar\u0131 yeniden yerinden etme potansiyeline sahip.<br \/>\n\u0130\u00e7 sava\u015flar, vekalet sava\u015flar\u0131, insani krizler k\u00fcresel d\u00fczeni test ediyor. Enerji krizleri, t\u0131rmanan iklim de\u011fi\u015fikli\u011fi ve s\u00fcrekli artan do\u011fal afetler bu zorluklar\u0131 daha da artt\u0131rmakta, dayan\u0131kl\u0131l\u0131k ve s\u00fcrd\u00fcr\u00fclebilirli\u011fi \u015fehirlerimiz i\u00e7in kritik \u00f6ncelikler haline getirmektedir. \u015eehirler, temel hizmetleri sa\u011flamaktan daha fazlas\u0131n\u0131 yapmal\u0131, ayn\u0131 zamanda s\u00fcrd\u00fcr\u00fclebilir ve diren\u00e7li bir gelece\u011fi \u015fekillendirmelidir. \u0130\u015fte bu noktada, B40 gibi platformlar vazge\u00e7ilmez hale geliyor\u201d diye konu\u015ftu.<\/p>\n<p>\u200bTBB ve \u0130BB Ba\u015fkan\u0131 Ekrem \u0130mamo\u011flu, kurucusu oldu\u011fu B40 Ba\u015fkan \u015eehirleri A\u011f\u0131\u2019n\u0131n Tiran\u2019da d\u00fczenlenen \u2018Tiran Kentsel Forumu &#8211; Ya\u015fanabilir \u015eehirler \u0130\u00e7in Liderlik\u2019 konulu toplant\u0131da konu\u015ftu.\u0130STANBUL (\u0130GFA) &#8211; B40 D\u00f6nem Ba\u015fkan\u0131 Tiran Belediye Ba\u015fkan\u0131 Erion Veliaj taraf\u0131ndan \u2018ak\u0131l hocam\u0131z\u2019 ve \u00fcstad\u0131m\u0131z\u2019 s\u00f6zleriyle mikrofona \u00e7a\u011fr\u0131lan \u0130mamo\u011flu, \u201cE\u015fsiz co\u011frafyas\u0131 ve stratejik konumuyla b\u00f6lgemiz, tarih boyunca medeniyetlerin kesi\u015fme noktas\u0131 olmu\u015ftur. Fakat zengin miras\u0131na ra\u011fmen Balkanlar, tarihte s\u0131kl\u0131kla \u00e7at\u0131\u015fmalarla an\u0131lm\u0131\u015f ve \u2018Avrupa\u2019n\u0131n barut f\u0131\u00e7\u0131s\u0131\u2019 olarak bilinmi\u015ftir. Bug\u00fcn, bu anlat\u0131y\u0131 yeniden yaz\u0131yoruz. Birlikte Balkanlar\u0131 yat\u0131r\u0131mlar, yenilikler ve i\u015f birli\u011fi i\u00e7in y\u00fckselen bir y\u0131ld\u0131z olarak sergiliyoruz\u201d dedi.\u00a0<br \/>\nD\u00fcnyan\u0131n \u00e7oklu krizler ortam\u0131nda oldu\u011funun alt\u0131n\u0131 \u00e7izen \u0130mamo\u011flu, \u201cBalkanlar \u00e7at\u0131\u015fma ve sava\u015flarla \u00e7evrilidir. Ukrayna&#8217;daki sava\u015f, uluslararas\u0131 istikrar\u0131 derinden sarsm\u0131\u015f ve devletlerin toprak b\u00fct\u00fcnl\u00fc\u011f\u00fcn\u00fcn \u00f6nemini vurgulam\u0131\u015ft\u0131r. Gazze&#8217;de ya\u015fanan trajediler, insan haklar\u0131 ve adaletin g\u00fc\u00e7l\u00fc bir \u015fekilde savunulmas\u0131 ihtiyac\u0131n\u0131n alt\u0131n\u0131 \u00e7izmi\u015ftir. Suriye&#8217;deki \u00e7at\u0131\u015fmalar yeniden ba\u015flad\u0131 ve milyonlar\u0131 yeniden yerinden etme potansiyeline sahip.<br \/>\n\u0130\u00e7 sava\u015flar, vekalet sava\u015flar\u0131, insani krizler k\u00fcresel d\u00fczeni test ediyor. Enerji krizleri, t\u0131rmanan iklim de\u011fi\u015fikli\u011fi ve s\u00fcrekli artan do\u011fal afetler bu zorluklar\u0131 daha da artt\u0131rmakta, dayan\u0131kl\u0131l\u0131k ve s\u00fcrd\u00fcr\u00fclebilirli\u011fi \u015fehirlerimiz i\u00e7in kritik \u00f6ncelikler haline getirmektedir. \u015eehirler, temel hizmetleri sa\u011flamaktan daha fazlas\u0131n\u0131 yapmal\u0131, ayn\u0131 zamanda s\u00fcrd\u00fcr\u00fclebilir ve diren\u00e7li bir gelece\u011fi \u015fekillendirmelidir. \u0130\u015fte bu noktada, B40 gibi platformlar vazge\u00e7ilmez hale geliyor\u201d diye konu\u015ftu.\u00a0<\/p>\n<p>\u200bHaberin Al\u0131nt\u0131land\u0131\u011f\u0131 Kaynak: www.iskenderun.org<\/p>","protected":false},"excerpt":{"rendered":"<p>TBB ve \u0130BB Ba\u015fkan\u0131 Ekrem \u0130mamo\u011flu, kurucusu oldu\u011fu B40 Ba\u015fkan \u015eehirleri A\u011f\u0131\u2019n\u0131n Tiran\u2019da d\u00fczenlenen \u2018Tiran Kentsel Forumu &#8211; Ya\u015fanabilir \u015eehirler \u0130\u00e7in Liderlik\u2019 konulu toplant\u0131da konu\u015ftu.\u0130STANBUL (\u0130GFA) &#8211; B40 D\u00f6nem Ba\u015fkan\u0131 Tiran Belediye Ba\u015fkan\u0131 Erion Veliaj taraf\u0131ndan \u2018ak\u0131l hocam\u0131z\u2019 ve \u00fcstad\u0131m\u0131z\u2019 s\u00f6zleriyle mikrofona \u00e7a\u011fr\u0131lan \u0130mamo\u011flu, \u201cE\u015fsiz co\u011frafyas\u0131 ve stratejik konumuyla b\u00f6lgemiz, tarih boyunca medeniyetlerin kesi\u015fme noktas\u0131 olmu\u015ftur. Fakat zengin miras\u0131na ra\u011fmen Balkanlar, tarihte s\u0131kl\u0131kla \u00e7at\u0131\u015fmalarla an\u0131lm\u0131\u015f ve \u2018Avrupa\u2019n\u0131n barut f\u0131\u00e7\u0131s\u0131\u2019 olarak bilinmi\u015ftir. Bug\u00fcn, bu anlat\u0131y\u0131 yeniden yaz\u0131yoruz. Birlikte Balkanlar\u0131 yat\u0131r\u0131mlar, yenilikler ve i\u015f birli\u011fi i\u00e7in y\u00fckselen bir y\u0131ld\u0131z olarak sergiliyoruz\u201d dedi.\u00a0 D\u00fcnyan\u0131n \u00e7oklu krizler ortam\u0131nda oldu\u011funun alt\u0131n\u0131 \u00e7izen \u0130mamo\u011flu, \u201cBalkanlar \u00e7at\u0131\u015fma ve sava\u015flarla \u00e7evrilidir. Ukrayna&#8217;daki sava\u015f, uluslararas\u0131 istikrar\u0131 derinden sarsm\u0131\u015f ve devletlerin toprak b\u00fct\u00fcnl\u00fc\u011f\u00fcn\u00fcn \u00f6nemini vurgulam\u0131\u015ft\u0131r. Gazze&#8217;de ya\u015fanan trajediler, insan haklar\u0131 ve adaletin g\u00fc\u00e7l\u00fc bir \u015fekilde savunulmas\u0131 ihtiyac\u0131n\u0131n alt\u0131n\u0131 \u00e7izmi\u015ftir. Suriye&#8217;deki \u00e7at\u0131\u015fmalar yeniden ba\u015flad\u0131 ve milyonlar\u0131 yeniden yerinden etme potansiyeline sahip. \u0130\u00e7 sava\u015flar, vekalet sava\u015flar\u0131, insani krizler k\u00fcresel d\u00fczeni test ediyor. Enerji krizleri, t\u0131rmanan iklim de\u011fi\u015fikli\u011fi ve s\u00fcrekli artan do\u011fal afetler bu zorluklar\u0131 daha da artt\u0131rmakta, dayan\u0131kl\u0131l\u0131k ve s\u00fcrd\u00fcr\u00fclebilirli\u011fi \u015fehirlerimiz i\u00e7in kritik \u00f6ncelikler haline getirmektedir. \u015eehirler, temel hizmetleri sa\u011flamaktan daha fazlas\u0131n\u0131 yapmal\u0131, ayn\u0131 zamanda s\u00fcrd\u00fcr\u00fclebilir ve diren\u00e7li bir gelece\u011fi \u015fekillendirmelidir. \u0130\u015fte bu noktada, B40 gibi platformlar vazge\u00e7ilmez hale geliyor\u201d diye konu\u015ftu. &hellip;<\/p>","protected":false},"author":0,"featured_media":0,"comment_status":"open","ping_status":"open","sticky":false,"template":"","format":"standard","meta":{"_acf_changed":false,"footnotes":""},"categories":[24,535],"tags":[],"class_list":["post-19778","post","type-post","status-publish","format-standard","has-post-thumbnail","hentry","category-gundem","category-uncategorized-tr"],"acf":[],"yoast_head":"<!-- This site is optimized with the Yoast SEO Premium plugin v26.6 (Yoast SEO v27.1.1) - https:\/\/yoast.com\/product\/yoast-seo-premium-wordpress\/ -->\n<title>Ekrem \u0130mamo\u011flu&#039;ndan Balkanlara \u00f6vg\u00fc - Av. Deniz Can K\u0131z\u0131l<\/title>\n<meta name=\"robots\" content=\"index, follow, max-snippet:-1, max-image-preview:large, max-video-preview:-1\" \/>\n<link rel=\"canonical\" href=\"https:\/\/denizcankizil.tr\/uk\/haberler\/gundem\/ekrem-imamoglundan-balkanlara-ovgu\/\" \/>\n<meta property=\"og:locale\" content=\"uk_UA\" \/>\n<meta property=\"og:type\" content=\"article\" \/>\n<meta property=\"og:title\" content=\"Ekrem \u0130mamo\u011flu&#039;ndan Balkanlara \u00f6vg\u00fc\" \/>\n<meta property=\"og:description\" content=\"TBB ve \u0130BB Ba\u015fkan\u0131 Ekrem \u0130mamo\u011flu, kurucusu oldu\u011fu B40 Ba\u015fkan \u015eehirleri A\u011f\u0131\u2019n\u0131n Tiran\u2019da d\u00fczenlenen \u2018Tiran Kentsel Forumu &#8211; Ya\u015fanabilir \u015eehirler \u0130\u00e7in Liderlik\u2019 konulu toplant\u0131da konu\u015ftu.\u0130STANBUL (\u0130GFA) &#8211; B40 D\u00f6nem Ba\u015fkan\u0131 Tiran Belediye Ba\u015fkan\u0131 Erion Veliaj taraf\u0131ndan \u2018ak\u0131l hocam\u0131z\u2019 ve \u00fcstad\u0131m\u0131z\u2019 s\u00f6zleriyle mikrofona \u00e7a\u011fr\u0131lan \u0130mamo\u011flu, \u201cE\u015fsiz co\u011frafyas\u0131 ve stratejik konumuyla b\u00f6lgemiz, tarih boyunca medeniyetlerin kesi\u015fme noktas\u0131 olmu\u015ftur. Fakat zengin miras\u0131na ra\u011fmen Balkanlar, tarihte s\u0131kl\u0131kla \u00e7at\u0131\u015fmalarla an\u0131lm\u0131\u015f ve \u2018Avrupa\u2019n\u0131n barut f\u0131\u00e7\u0131s\u0131\u2019 olarak bilinmi\u015ftir. Bug\u00fcn, bu anlat\u0131y\u0131 yeniden yaz\u0131yoruz. Birlikte Balkanlar\u0131 yat\u0131r\u0131mlar, yenilikler ve i\u015f birli\u011fi i\u00e7in y\u00fckselen bir y\u0131ld\u0131z olarak sergiliyoruz\u201d dedi.\u00a0 D\u00fcnyan\u0131n \u00e7oklu krizler ortam\u0131nda oldu\u011funun alt\u0131n\u0131 \u00e7izen \u0130mamo\u011flu, \u201cBalkanlar \u00e7at\u0131\u015fma ve sava\u015flarla \u00e7evrilidir. Ukrayna&#8217;daki sava\u015f, uluslararas\u0131 istikrar\u0131 derinden sarsm\u0131\u015f ve devletlerin toprak b\u00fct\u00fcnl\u00fc\u011f\u00fcn\u00fcn \u00f6nemini vurgulam\u0131\u015ft\u0131r. Gazze&#8217;de ya\u015fanan trajediler, insan haklar\u0131 ve adaletin g\u00fc\u00e7l\u00fc bir \u015fekilde savunulmas\u0131 ihtiyac\u0131n\u0131n alt\u0131n\u0131 \u00e7izmi\u015ftir. Suriye&#8217;deki \u00e7at\u0131\u015fmalar yeniden ba\u015flad\u0131 ve milyonlar\u0131 yeniden yerinden etme potansiyeline sahip. \u0130\u00e7 sava\u015flar, vekalet sava\u015flar\u0131, insani krizler k\u00fcresel d\u00fczeni test ediyor. Enerji krizleri, t\u0131rmanan iklim de\u011fi\u015fikli\u011fi ve s\u00fcrekli artan do\u011fal afetler bu zorluklar\u0131 daha da artt\u0131rmakta, dayan\u0131kl\u0131l\u0131k ve s\u00fcrd\u00fcr\u00fclebilirli\u011fi \u015fehirlerimiz i\u00e7in kritik \u00f6ncelikler haline getirmektedir. \u015eehirler, temel hizmetleri sa\u011flamaktan daha fazlas\u0131n\u0131 yapmal\u0131, ayn\u0131 zamanda s\u00fcrd\u00fcr\u00fclebilir ve diren\u00e7li bir gelece\u011fi \u015fekillendirmelidir. \u0130\u015fte bu noktada, B40 gibi platformlar vazge\u00e7ilmez hale geliyor\u201d diye konu\u015ftu. &hellip;\" \/>\n<meta property=\"og:url\" content=\"https:\/\/denizcankizil.tr\/uk\/haberler\/gundem\/ekrem-imamoglundan-balkanlara-ovgu\/\" \/>\n<meta property=\"og:site_name\" content=\"Av. Deniz Can K\u0131z\u0131l\" \/>\n<meta property=\"article:published_time\" content=\"2024-12-08T05:41:31+00:00\" \/>\n<meta name=\"twitter:card\" content=\"summary_large_image\" \/>\n<meta name=\"twitter:label1\" content=\"\u041f\u0440\u0438\u0431\u043b. \u0447\u0430\u0441 \u0447\u0438\u0442\u0430\u043d\u043d\u044f\" \/>\n\t<meta name=\"twitter:data1\" content=\"3 \u0445\u0432\u0438\u043b\u0438\u043d\u0438\" \/>\n<script type=\"application\/ld+json\" class=\"yoast-schema-graph\">{\"@context\":\"https:\/\/schema.org\",\"@graph\":[{\"@type\":\"Article\",\"@id\":\"https:\/\/denizcankizil.tr\/ru\/haberler\/gundem\/ekrem-imamoglundan-balkanlara-ovgu\/#article\",\"isPartOf\":{\"@id\":\"https:\/\/denizcankizil.tr\/ru\/haberler\/gundem\/ekrem-imamoglundan-balkanlara-ovgu\/\"},\"author\":{\"name\":\"\",\"@id\":\"\"},\"headline\":\"Ekrem \u0130mamo\u011flu&#8217;ndan Balkanlara \u00f6vg\u00fc\",\"datePublished\":\"2024-12-08T05:41:31+00:00\",\"mainEntityOfPage\":{\"@id\":\"https:\/\/denizcankizil.tr\/ru\/haberler\/gundem\/ekrem-imamoglundan-balkanlara-ovgu\/\"},\"wordCount\":616,\"commentCount\":0,\"publisher\":{\"@id\":\"https:\/\/denizcankizil.tr\/#organization\"},\"articleSection\":[\"G\u00fcndem\",\"Uncategorized\"],\"inLanguage\":\"uk\",\"potentialAction\":[{\"@type\":\"CommentAction\",\"name\":\"Comment\",\"target\":[\"https:\/\/denizcankizil.tr\/ru\/haberler\/gundem\/ekrem-imamoglundan-balkanlara-ovgu\/#respond\"]}]},{\"@type\":\"WebPage\",\"@id\":\"https:\/\/denizcankizil.tr\/ru\/haberler\/gundem\/ekrem-imamoglundan-balkanlara-ovgu\/\",\"url\":\"https:\/\/denizcankizil.tr\/ru\/haberler\/gundem\/ekrem-imamoglundan-balkanlara-ovgu\/\",\"name\":\"Ekrem \u0130mamo\u011flu'ndan Balkanlara \u00f6vg\u00fc - Av. Deniz Can K\u0131z\u0131l\",\"isPartOf\":{\"@id\":\"https:\/\/denizcankizil.tr\/#website\"},\"datePublished\":\"2024-12-08T05:41:31+00:00\",\"breadcrumb\":{\"@id\":\"https:\/\/denizcankizil.tr\/ru\/haberler\/gundem\/ekrem-imamoglundan-balkanlara-ovgu\/#breadcrumb\"},\"inLanguage\":\"uk\",\"potentialAction\":[{\"@type\":\"ReadAction\",\"target\":[\"https:\/\/denizcankizil.tr\/ru\/haberler\/gundem\/ekrem-imamoglundan-balkanlara-ovgu\/\"]}]},{\"@type\":\"BreadcrumbList\",\"@id\":\"https:\/\/denizcankizil.tr\/ru\/haberler\/gundem\/ekrem-imamoglundan-balkanlara-ovgu\/#breadcrumb\",\"itemListElement\":[{\"@type\":\"ListItem\",\"position\":1,\"name\":\"Home\",\"item\":\"https:\/\/denizcankizil.tr\/uk\/\"},{\"@type\":\"ListItem\",\"position\":2,\"name\":\"Ekrem \u0130mamo\u011flu&#8217;ndan Balkanlara \u00f6vg\u00fc\"}]},{\"@type\":\"WebSite\",\"@id\":\"https:\/\/denizcankizil.tr\/#website\",\"url\":\"https:\/\/denizcankizil.tr\/\",\"name\":\"Av. Deniz Can K\u0131z\u0131l\",\"description\":\"Avukat Deniz Can K\u0131z\u0131l Antalya Barosu\",\"publisher\":{\"@id\":\"https:\/\/denizcankizil.tr\/#organization\"},\"potentialAction\":[{\"@type\":\"SearchAction\",\"target\":{\"@type\":\"EntryPoint\",\"urlTemplate\":\"https:\/\/denizcankizil.tr\/?s={search_term_string}\"},\"query-input\":{\"@type\":\"PropertyValueSpecification\",\"valueRequired\":true,\"valueName\":\"search_term_string\"}}],\"inLanguage\":\"uk\"},{\"@type\":\"Organization\",\"@id\":\"https:\/\/denizcankizil.tr\/#organization\",\"name\":\"Av. Deniz Can K\u0131z\u0131l\",\"url\":\"https:\/\/denizcankizil.tr\/\",\"logo\":{\"@type\":\"ImageObject\",\"inLanguage\":\"uk\",\"@id\":\"https:\/\/denizcankizil.tr\/#\/schema\/logo\/image\/\",\"url\":\"http:\/\/denizcankizil.tr\/wp-content\/uploads\/2024\/10\/siyah-logo-svg.svg\",\"contentUrl\":\"http:\/\/denizcankizil.tr\/wp-content\/uploads\/2024\/10\/siyah-logo-svg.svg\",\"width\":1080,\"height\":1080,\"caption\":\"Av. Deniz Can K\u0131z\u0131l\"},\"image\":{\"@id\":\"https:\/\/denizcankizil.tr\/#\/schema\/logo\/image\/\"}}]}<\/script>\n<!-- \/ Yoast SEO Premium plugin. -->","yoast_head_json":{"title":"Ekrem \u0130mamo\u011flu'ndan Balkanlara \u00f6vg\u00fc - Av. Deniz Can K\u0131z\u0131l","robots":{"index":"index","follow":"follow","max-snippet":"max-snippet:-1","max-image-preview":"max-image-preview:large","max-video-preview":"max-video-preview:-1"},"canonical":"https:\/\/denizcankizil.tr\/uk\/haberler\/gundem\/ekrem-imamoglundan-balkanlara-ovgu\/","og_locale":"uk_UA","og_type":"article","og_title":"Ekrem \u0130mamo\u011flu'ndan Balkanlara \u00f6vg\u00fc","og_description":"TBB ve \u0130BB Ba\u015fkan\u0131 Ekrem \u0130mamo\u011flu, kurucusu oldu\u011fu B40 Ba\u015fkan \u015eehirleri A\u011f\u0131\u2019n\u0131n Tiran\u2019da d\u00fczenlenen \u2018Tiran Kentsel Forumu &#8211; Ya\u015fanabilir \u015eehirler \u0130\u00e7in Liderlik\u2019 konulu toplant\u0131da konu\u015ftu.\u0130STANBUL (\u0130GFA) &#8211; B40 D\u00f6nem Ba\u015fkan\u0131 Tiran Belediye Ba\u015fkan\u0131 Erion Veliaj taraf\u0131ndan \u2018ak\u0131l hocam\u0131z\u2019 ve \u00fcstad\u0131m\u0131z\u2019 s\u00f6zleriyle mikrofona \u00e7a\u011fr\u0131lan \u0130mamo\u011flu, \u201cE\u015fsiz co\u011frafyas\u0131 ve stratejik konumuyla b\u00f6lgemiz, tarih boyunca medeniyetlerin kesi\u015fme noktas\u0131 olmu\u015ftur. Fakat zengin miras\u0131na ra\u011fmen Balkanlar, tarihte s\u0131kl\u0131kla \u00e7at\u0131\u015fmalarla an\u0131lm\u0131\u015f ve \u2018Avrupa\u2019n\u0131n barut f\u0131\u00e7\u0131s\u0131\u2019 olarak bilinmi\u015ftir. Bug\u00fcn, bu anlat\u0131y\u0131 yeniden yaz\u0131yoruz. Birlikte Balkanlar\u0131 yat\u0131r\u0131mlar, yenilikler ve i\u015f birli\u011fi i\u00e7in y\u00fckselen bir y\u0131ld\u0131z olarak sergiliyoruz\u201d dedi.\u00a0 D\u00fcnyan\u0131n \u00e7oklu krizler ortam\u0131nda oldu\u011funun alt\u0131n\u0131 \u00e7izen \u0130mamo\u011flu, \u201cBalkanlar \u00e7at\u0131\u015fma ve sava\u015flarla \u00e7evrilidir. Ukrayna&#8217;daki sava\u015f, uluslararas\u0131 istikrar\u0131 derinden sarsm\u0131\u015f ve devletlerin toprak b\u00fct\u00fcnl\u00fc\u011f\u00fcn\u00fcn \u00f6nemini vurgulam\u0131\u015ft\u0131r. Gazze&#8217;de ya\u015fanan trajediler, insan haklar\u0131 ve adaletin g\u00fc\u00e7l\u00fc bir \u015fekilde savunulmas\u0131 ihtiyac\u0131n\u0131n alt\u0131n\u0131 \u00e7izmi\u015ftir. Suriye&#8217;deki \u00e7at\u0131\u015fmalar yeniden ba\u015flad\u0131 ve milyonlar\u0131 yeniden yerinden etme potansiyeline sahip. \u0130\u00e7 sava\u015flar, vekalet sava\u015flar\u0131, insani krizler k\u00fcresel d\u00fczeni test ediyor. Enerji krizleri, t\u0131rmanan iklim de\u011fi\u015fikli\u011fi ve s\u00fcrekli artan do\u011fal afetler bu zorluklar\u0131 daha da artt\u0131rmakta, dayan\u0131kl\u0131l\u0131k ve s\u00fcrd\u00fcr\u00fclebilirli\u011fi \u015fehirlerimiz i\u00e7in kritik \u00f6ncelikler haline getirmektedir. \u015eehirler, temel hizmetleri sa\u011flamaktan daha fazlas\u0131n\u0131 yapmal\u0131, ayn\u0131 zamanda s\u00fcrd\u00fcr\u00fclebilir ve diren\u00e7li bir gelece\u011fi \u015fekillendirmelidir. \u0130\u015fte bu noktada, B40 gibi platformlar vazge\u00e7ilmez hale geliyor\u201d diye konu\u015ftu. &hellip;","og_url":"https:\/\/denizcankizil.tr\/uk\/haberler\/gundem\/ekrem-imamoglundan-balkanlara-ovgu\/","og_site_name":"Av. Deniz Can K\u0131z\u0131l","article_published_time":"2024-12-08T05:41:31+00:00","twitter_card":"summary_large_image","twitter_misc":{"\u041f\u0440\u0438\u0431\u043b. \u0447\u0430\u0441 \u0447\u0438\u0442\u0430\u043d\u043d\u044f":"3 \u0445\u0432\u0438\u043b\u0438\u043d\u0438"},"schema":{"@context":"https:\/\/schema.org","@graph":[{"@type":"Article","@id":"https:\/\/denizcankizil.tr\/ru\/haberler\/gundem\/ekrem-imamoglundan-balkanlara-ovgu\/#article","isPartOf":{"@id":"https:\/\/denizcankizil.tr\/ru\/haberler\/gundem\/ekrem-imamoglundan-balkanlara-ovgu\/"},"author":{"name":"","@id":""},"headline":"Ekrem \u0130mamo\u011flu&#8217;ndan Balkanlara \u00f6vg\u00fc","datePublished":"2024-12-08T05:41:31+00:00","mainEntityOfPage":{"@id":"https:\/\/denizcankizil.tr\/ru\/haberler\/gundem\/ekrem-imamoglundan-balkanlara-ovgu\/"},"wordCount":616,"commentCount":0,"publisher":{"@id":"https:\/\/denizcankizil.tr\/#organization"},"articleSection":["G\u00fcndem","Uncategorized"],"inLanguage":"uk","potentialAction":[{"@type":"CommentAction","name":"Comment","target":["https:\/\/denizcankizil.tr\/ru\/haberler\/gundem\/ekrem-imamoglundan-balkanlara-ovgu\/#respond"]}]},{"@type":"WebPage","@id":"https:\/\/denizcankizil.tr\/ru\/haberler\/gundem\/ekrem-imamoglundan-balkanlara-ovgu\/","url":"https:\/\/denizcankizil.tr\/ru\/haberler\/gundem\/ekrem-imamoglundan-balkanlara-ovgu\/","name":"Ekrem \u0130mamo\u011flu'ndan Balkanlara \u00f6vg\u00fc - Av. Deniz Can K\u0131z\u0131l","isPartOf":{"@id":"https:\/\/denizcankizil.tr\/#website"},"datePublished":"2024-12-08T05:41:31+00:00","breadcrumb":{"@id":"https:\/\/denizcankizil.tr\/ru\/haberler\/gundem\/ekrem-imamoglundan-balkanlara-ovgu\/#breadcrumb"},"inLanguage":"uk","potentialAction":[{"@type":"ReadAction","target":["https:\/\/denizcankizil.tr\/ru\/haberler\/gundem\/ekrem-imamoglundan-balkanlara-ovgu\/"]}]},{"@type":"BreadcrumbList","@id":"https:\/\/denizcankizil.tr\/ru\/haberler\/gundem\/ekrem-imamoglundan-balkanlara-ovgu\/#breadcrumb","itemListElement":[{"@type":"ListItem","position":1,"name":"Home","item":"https:\/\/denizcankizil.tr\/uk\/"},{"@type":"ListItem","position":2,"name":"Ekrem \u0130mamo\u011flu&#8217;ndan Balkanlara \u00f6vg\u00fc"}]},{"@type":"WebSite","@id":"https:\/\/denizcankizil.tr\/#website","url":"https:\/\/denizcankizil.tr\/","name":"Av. Deniz Can K\u0131z\u0131l","description":"Avukat Deniz Can K\u0131z\u0131l Antalya Barosu","publisher":{"@id":"https:\/\/denizcankizil.tr\/#organization"},"potentialAction":[{"@type":"SearchAction","target":{"@type":"EntryPoint","urlTemplate":"https:\/\/denizcankizil.tr\/?s={search_term_string}"},"query-input":{"@type":"PropertyValueSpecification","valueRequired":true,"valueName":"search_term_string"}}],"inLanguage":"uk"},{"@type":"Organization","@id":"https:\/\/denizcankizil.tr\/#organization","name":"Av. Deniz Can K\u0131z\u0131l","url":"https:\/\/denizcankizil.tr\/","logo":{"@type":"ImageObject","inLanguage":"uk","@id":"https:\/\/denizcankizil.tr\/#\/schema\/logo\/image\/","url":"http:\/\/denizcankizil.tr\/wp-content\/uploads\/2024\/10\/siyah-logo-svg.svg","contentUrl":"http:\/\/denizcankizil.tr\/wp-content\/uploads\/2024\/10\/siyah-logo-svg.svg","width":1080,"height":1080,"caption":"Av. Deniz Can K\u0131z\u0131l"},"image":{"@id":"https:\/\/denizcankizil.tr\/#\/schema\/logo\/image\/"}}]}},"_links":{"self":[{"href":"http:\/\/denizcankizil.tr\/uk\/wp-json\/wp\/v2\/posts\/19778","targetHints":{"allow":["GET"]}}],"collection":[{"href":"http:\/\/denizcankizil.tr\/uk\/wp-json\/wp\/v2\/posts"}],"about":[{"href":"http:\/\/denizcankizil.tr\/uk\/wp-json\/wp\/v2\/types\/post"}],"replies":[{"embeddable":true,"href":"http:\/\/denizcankizil.tr\/uk\/wp-json\/wp\/v2\/comments?post=19778"}],"version-history":[{"count":0,"href":"http:\/\/denizcankizil.tr\/uk\/wp-json\/wp\/v2\/posts\/19778\/revisions"}],"wp:attachment":[{"href":"http:\/\/denizcankizil.tr\/uk\/wp-json\/wp\/v2\/media?parent=19778"}],"wp:term":[{"taxonomy":"category","embeddable":true,"href":"http:\/\/denizcankizil.tr\/uk\/wp-json\/wp\/v2\/categories?post=19778"},{"taxonomy":"post_tag","embeddable":true,"href":"http:\/\/denizcankizil.tr\/uk\/wp-json\/wp\/v2\/tags?post=19778"}],"curies":[{"name":"wp","href":"https:\/\/api.w.org\/{rel}","templated":true}]}}