{"id":19146,"date":"2024-12-04T15:41:50","date_gmt":"2024-12-04T12:41:50","guid":{"rendered":"https:\/\/denizcankizil.tr\/uncategorized-tr\/buyuksehirden-ariciliga-bir-destek-daha-ari-yemi-uretim-tesisi-protokolu-imzalandi\/"},"modified":"2024-12-04T15:41:50","modified_gmt":"2024-12-04T12:41:50","slug":"buyuksehirden-ariciliga-bir-destek-daha-ari-yemi-uretim-tesisi-protokolu-imzalandi","status":"publish","type":"post","link":"http:\/\/denizcankizil.tr\/uk\/haberler\/gundem\/buyuksehirden-ariciliga-bir-destek-daha-ari-yemi-uretim-tesisi-protokolu-imzalandi\/","title":{"rendered":"B\u00fcy\u00fck\u015fehir\u2019den Ar\u0131c\u0131l\u0131\u011fa Bir Destek Daha; \u201cAr\u0131 Yemi \u00dcretim Tesisi Protokol\u00fc \u0130mzaland\u0131\u201d"},"content":{"rendered":"<p>Mu\u011fla B\u00fcy\u00fck\u015fehir Belediyesi ile Mu\u011fla Ar\u0131 Yeti\u015ftiricileri Birli\u011fi (MAYB\u0130R), ar\u0131c\u0131l\u0131k sekt\u00f6r\u00fcne y\u00f6nelik \u00f6nemli bir i\u015f birli\u011fine imza att\u0131.<\/p>\n<p>\u200bMu\u011fla B\u00fcy\u00fck\u015fehir Belediyesi ile Mu\u011fla Ar\u0131 Yeti\u015ftiricileri Birli\u011fi (MAYB\u0130R), ar\u0131c\u0131l\u0131k sekt\u00f6r\u00fcne y\u00f6nelik \u00f6nemli bir i\u015f birli\u011fine imza att\u0131.\u00a0<\/p>\n<p>\u200bHaberin Al\u0131nt\u0131land\u0131\u011f\u0131 Kaynak: www.iskenderun.org<\/p>","protected":false},"excerpt":{"rendered":"<p>Mu\u011fla B\u00fcy\u00fck\u015fehir Belediyesi ile Mu\u011fla Ar\u0131 Yeti\u015ftiricileri Birli\u011fi (MAYB\u0130R), ar\u0131c\u0131l\u0131k sekt\u00f6r\u00fcne y\u00f6nelik \u00f6nemli bir i\u015f birli\u011fine imza att\u0131. \u200bMu\u011fla B\u00fcy\u00fck\u015fehir Belediyesi ile Mu\u011fla Ar\u0131 Yeti\u015ftiricileri Birli\u011fi (MAYB\u0130R), ar\u0131c\u0131l\u0131k sekt\u00f6r\u00fcne y\u00f6nelik \u00f6nemli bir i\u015f birli\u011fine imza att\u0131.\u00a0 \u200bHaberin Al\u0131nt\u0131land\u0131\u011f\u0131 Kaynak: www.iskenderun.org<\/p>","protected":false},"author":0,"featured_media":0,"comment_status":"open","ping_status":"open","sticky":false,"template":"","format":"standard","meta":{"_acf_changed":false,"footnotes":""},"categories":[24,535],"tags":[],"class_list":["post-19146","post","type-post","status-publish","format-standard","has-post-thumbnail","hentry","category-gundem","category-uncategorized-tr"],"acf":[],"yoast_head":"<!-- This site is optimized with the Yoast SEO Premium plugin v26.6 (Yoast SEO v27.1.1) - https:\/\/yoast.com\/product\/yoast-seo-premium-wordpress\/ -->\n<title>B\u00fcy\u00fck\u015fehir\u2019den Ar\u0131c\u0131l\u0131\u011fa Bir Destek Daha; \u201cAr\u0131 Yemi \u00dcretim Tesisi Protokol\u00fc \u0130mzaland\u0131\u201d - Av. Deniz Can K\u0131z\u0131l<\/title>\n<meta name=\"robots\" content=\"index, follow, max-snippet:-1, max-image-preview:large, max-video-preview:-1\" \/>\n<link rel=\"canonical\" href=\"http:\/\/denizcankizil.tr\/uk\/haberler\/gundem\/buyuksehirden-ariciliga-bir-destek-daha-ari-yemi-uretim-tesisi-protokolu-imzalandi\/\" \/>\n<meta property=\"og:locale\" content=\"uk_UA\" \/>\n<meta property=\"og:type\" content=\"article\" \/>\n<meta property=\"og:title\" content=\"B\u00fcy\u00fck\u015fehir\u2019den Ar\u0131c\u0131l\u0131\u011fa Bir Destek Daha; \u201cAr\u0131 Yemi \u00dcretim Tesisi Protokol\u00fc \u0130mzaland\u0131\u201d\" \/>\n<meta property=\"og:description\" content=\"Mu\u011fla B\u00fcy\u00fck\u015fehir Belediyesi ile Mu\u011fla Ar\u0131 Yeti\u015ftiricileri Birli\u011fi (MAYB\u0130R), ar\u0131c\u0131l\u0131k sekt\u00f6r\u00fcne y\u00f6nelik \u00f6nemli bir i\u015f birli\u011fine imza att\u0131. \u200bMu\u011fla B\u00fcy\u00fck\u015fehir Belediyesi ile Mu\u011fla Ar\u0131 Yeti\u015ftiricileri Birli\u011fi (MAYB\u0130R), ar\u0131c\u0131l\u0131k sekt\u00f6r\u00fcne y\u00f6nelik \u00f6nemli bir i\u015f birli\u011fine imza att\u0131.\u00a0 \u200bHaberin Al\u0131nt\u0131land\u0131\u011f\u0131 Kaynak: www.iskenderun.org\" \/>\n<meta property=\"og:url\" content=\"http:\/\/denizcankizil.tr\/uk\/haberler\/gundem\/buyuksehirden-ariciliga-bir-destek-daha-ari-yemi-uretim-tesisi-protokolu-imzalandi\/\" \/>\n<meta property=\"og:site_name\" content=\"Av. Deniz Can K\u0131z\u0131l\" \/>\n<meta property=\"article:published_time\" content=\"2024-12-04T12:41:50+00:00\" \/>\n<meta name=\"twitter:card\" content=\"summary_large_image\" \/>\n<script type=\"application\/ld+json\" class=\"yoast-schema-graph\">{\"@context\":\"https:\/\/schema.org\",\"@graph\":[{\"@type\":\"Article\",\"@id\":\"http:\/\/denizcankizil.tr\/uk\/haberler\/gundem\/buyuksehirden-ariciliga-bir-destek-daha-ari-yemi-uretim-tesisi-protokolu-imzalandi\/#article\",\"isPartOf\":{\"@id\":\"http:\/\/denizcankizil.tr\/uk\/haberler\/gundem\/buyuksehirden-ariciliga-bir-destek-daha-ari-yemi-uretim-tesisi-protokolu-imzalandi\/\"},\"author\":{\"name\":\"\",\"@id\":\"\"},\"headline\":\"B\u00fcy\u00fck\u015fehir\u2019den Ar\u0131c\u0131l\u0131\u011fa Bir Destek Daha; \u201cAr\u0131 Yemi \u00dcretim Tesisi Protokol\u00fc \u0130mzaland\u0131\u201d\",\"datePublished\":\"2024-12-04T12:41:50+00:00\",\"mainEntityOfPage\":{\"@id\":\"http:\/\/denizcankizil.tr\/uk\/haberler\/gundem\/buyuksehirden-ariciliga-bir-destek-daha-ari-yemi-uretim-tesisi-protokolu-imzalandi\/\"},\"wordCount\":92,\"commentCount\":0,\"publisher\":{\"@id\":\"https:\/\/denizcankizil.tr\/de\/#organization\"},\"articleSection\":[\"G\u00fcndem\",\"Uncategorized\"],\"inLanguage\":\"uk\",\"potentialAction\":[{\"@type\":\"CommentAction\",\"name\":\"Comment\",\"target\":[\"http:\/\/denizcankizil.tr\/uk\/haberler\/gundem\/buyuksehirden-ariciliga-bir-destek-daha-ari-yemi-uretim-tesisi-protokolu-imzalandi\/#respond\"]}]},{\"@type\":\"WebPage\",\"@id\":\"http:\/\/denizcankizil.tr\/uk\/haberler\/gundem\/buyuksehirden-ariciliga-bir-destek-daha-ari-yemi-uretim-tesisi-protokolu-imzalandi\/\",\"url\":\"http:\/\/denizcankizil.tr\/uk\/haberler\/gundem\/buyuksehirden-ariciliga-bir-destek-daha-ari-yemi-uretim-tesisi-protokolu-imzalandi\/\",\"name\":\"B\u00fcy\u00fck\u015fehir\u2019den Ar\u0131c\u0131l\u0131\u011fa Bir Destek Daha; \u201cAr\u0131 Yemi \u00dcretim Tesisi Protokol\u00fc \u0130mzaland\u0131\u201d - Av. Deniz Can K\u0131z\u0131l\",\"isPartOf\":{\"@id\":\"https:\/\/denizcankizil.tr\/de\/#website\"},\"datePublished\":\"2024-12-04T12:41:50+00:00\",\"breadcrumb\":{\"@id\":\"http:\/\/denizcankizil.tr\/uk\/haberler\/gundem\/buyuksehirden-ariciliga-bir-destek-daha-ari-yemi-uretim-tesisi-protokolu-imzalandi\/#breadcrumb\"},\"inLanguage\":\"uk\",\"potentialAction\":[{\"@type\":\"ReadAction\",\"target\":[\"http:\/\/denizcankizil.tr\/uk\/haberler\/gundem\/buyuksehirden-ariciliga-bir-destek-daha-ari-yemi-uretim-tesisi-protokolu-imzalandi\/\"]}]},{\"@type\":\"BreadcrumbList\",\"@id\":\"http:\/\/denizcankizil.tr\/uk\/haberler\/gundem\/buyuksehirden-ariciliga-bir-destek-daha-ari-yemi-uretim-tesisi-protokolu-imzalandi\/#breadcrumb\",\"itemListElement\":[{\"@type\":\"ListItem\",\"position\":1,\"name\":\"Home\",\"item\":\"https:\/\/denizcankizil.tr\/de\/\"},{\"@type\":\"ListItem\",\"position\":2,\"name\":\"B\u00fcy\u00fck\u015fehir\u2019den Ar\u0131c\u0131l\u0131\u011fa Bir Destek Daha; \u201cAr\u0131 Yemi \u00dcretim Tesisi Protokol\u00fc \u0130mzaland\u0131\u201d\"}]},{\"@type\":\"WebSite\",\"@id\":\"https:\/\/denizcankizil.tr\/de\/#website\",\"url\":\"https:\/\/denizcankizil.tr\/de\/\",\"name\":\"Av. Deniz Can K\u0131z\u0131l\",\"description\":\"Avukat Deniz Can K\u0131z\u0131l Antalya Barosu\",\"publisher\":{\"@id\":\"https:\/\/denizcankizil.tr\/de\/#organization\"},\"potentialAction\":[{\"@type\":\"SearchAction\",\"target\":{\"@type\":\"EntryPoint\",\"urlTemplate\":\"https:\/\/denizcankizil.tr\/de\/?s={search_term_string}\"},\"query-input\":{\"@type\":\"PropertyValueSpecification\",\"valueRequired\":true,\"valueName\":\"search_term_string\"}}],\"inLanguage\":\"uk\"},{\"@type\":\"Organization\",\"@id\":\"https:\/\/denizcankizil.tr\/de\/#organization\",\"name\":\"Av. Deniz Can K\u0131z\u0131l\",\"url\":\"https:\/\/denizcankizil.tr\/de\/\",\"logo\":{\"@type\":\"ImageObject\",\"inLanguage\":\"uk\",\"@id\":\"https:\/\/denizcankizil.tr\/de\/#\/schema\/logo\/image\/\",\"url\":\"http:\/\/denizcankizil.tr\/wp-content\/uploads\/2024\/10\/siyah-logo-svg.svg\",\"contentUrl\":\"http:\/\/denizcankizil.tr\/wp-content\/uploads\/2024\/10\/siyah-logo-svg.svg\",\"width\":1080,\"height\":1080,\"caption\":\"Av. Deniz Can K\u0131z\u0131l\"},\"image\":{\"@id\":\"https:\/\/denizcankizil.tr\/de\/#\/schema\/logo\/image\/\"}}]}<\/script>\n<!-- \/ Yoast SEO Premium plugin. -->","yoast_head_json":{"title":"B\u00fcy\u00fck\u015fehir\u2019den Ar\u0131c\u0131l\u0131\u011fa Bir Destek Daha; \u201cAr\u0131 Yemi \u00dcretim Tesisi Protokol\u00fc \u0130mzaland\u0131\u201d - Av. Deniz Can K\u0131z\u0131l","robots":{"index":"index","follow":"follow","max-snippet":"max-snippet:-1","max-image-preview":"max-image-preview:large","max-video-preview":"max-video-preview:-1"},"canonical":"http:\/\/denizcankizil.tr\/uk\/haberler\/gundem\/buyuksehirden-ariciliga-bir-destek-daha-ari-yemi-uretim-tesisi-protokolu-imzalandi\/","og_locale":"uk_UA","og_type":"article","og_title":"B\u00fcy\u00fck\u015fehir\u2019den Ar\u0131c\u0131l\u0131\u011fa Bir Destek Daha; \u201cAr\u0131 Yemi \u00dcretim Tesisi Protokol\u00fc \u0130mzaland\u0131\u201d","og_description":"Mu\u011fla B\u00fcy\u00fck\u015fehir Belediyesi ile Mu\u011fla Ar\u0131 Yeti\u015ftiricileri Birli\u011fi (MAYB\u0130R), ar\u0131c\u0131l\u0131k sekt\u00f6r\u00fcne y\u00f6nelik \u00f6nemli bir i\u015f birli\u011fine imza att\u0131. \u200bMu\u011fla B\u00fcy\u00fck\u015fehir Belediyesi ile Mu\u011fla Ar\u0131 Yeti\u015ftiricileri Birli\u011fi (MAYB\u0130R), ar\u0131c\u0131l\u0131k sekt\u00f6r\u00fcne y\u00f6nelik \u00f6nemli bir i\u015f birli\u011fine imza att\u0131.\u00a0 \u200bHaberin Al\u0131nt\u0131land\u0131\u011f\u0131 Kaynak: www.iskenderun.org","og_url":"http:\/\/denizcankizil.tr\/uk\/haberler\/gundem\/buyuksehirden-ariciliga-bir-destek-daha-ari-yemi-uretim-tesisi-protokolu-imzalandi\/","og_site_name":"Av. Deniz Can K\u0131z\u0131l","article_published_time":"2024-12-04T12:41:50+00:00","twitter_card":"summary_large_image","schema":{"@context":"https:\/\/schema.org","@graph":[{"@type":"Article","@id":"http:\/\/denizcankizil.tr\/uk\/haberler\/gundem\/buyuksehirden-ariciliga-bir-destek-daha-ari-yemi-uretim-tesisi-protokolu-imzalandi\/#article","isPartOf":{"@id":"http:\/\/denizcankizil.tr\/uk\/haberler\/gundem\/buyuksehirden-ariciliga-bir-destek-daha-ari-yemi-uretim-tesisi-protokolu-imzalandi\/"},"author":{"name":"","@id":""},"headline":"B\u00fcy\u00fck\u015fehir\u2019den Ar\u0131c\u0131l\u0131\u011fa Bir Destek Daha; \u201cAr\u0131 Yemi \u00dcretim Tesisi Protokol\u00fc \u0130mzaland\u0131\u201d","datePublished":"2024-12-04T12:41:50+00:00","mainEntityOfPage":{"@id":"http:\/\/denizcankizil.tr\/uk\/haberler\/gundem\/buyuksehirden-ariciliga-bir-destek-daha-ari-yemi-uretim-tesisi-protokolu-imzalandi\/"},"wordCount":92,"commentCount":0,"publisher":{"@id":"https:\/\/denizcankizil.tr\/de\/#organization"},"articleSection":["G\u00fcndem","Uncategorized"],"inLanguage":"uk","potentialAction":[{"@type":"CommentAction","name":"Comment","target":["http:\/\/denizcankizil.tr\/uk\/haberler\/gundem\/buyuksehirden-ariciliga-bir-destek-daha-ari-yemi-uretim-tesisi-protokolu-imzalandi\/#respond"]}]},{"@type":"WebPage","@id":"http:\/\/denizcankizil.tr\/uk\/haberler\/gundem\/buyuksehirden-ariciliga-bir-destek-daha-ari-yemi-uretim-tesisi-protokolu-imzalandi\/","url":"http:\/\/denizcankizil.tr\/uk\/haberler\/gundem\/buyuksehirden-ariciliga-bir-destek-daha-ari-yemi-uretim-tesisi-protokolu-imzalandi\/","name":"B\u00fcy\u00fck\u015fehir\u2019den Ar\u0131c\u0131l\u0131\u011fa Bir Destek Daha; \u201cAr\u0131 Yemi \u00dcretim Tesisi Protokol\u00fc \u0130mzaland\u0131\u201d - Av. Deniz Can K\u0131z\u0131l","isPartOf":{"@id":"https:\/\/denizcankizil.tr\/de\/#website"},"datePublished":"2024-12-04T12:41:50+00:00","breadcrumb":{"@id":"http:\/\/denizcankizil.tr\/uk\/haberler\/gundem\/buyuksehirden-ariciliga-bir-destek-daha-ari-yemi-uretim-tesisi-protokolu-imzalandi\/#breadcrumb"},"inLanguage":"uk","potentialAction":[{"@type":"ReadAction","target":["http:\/\/denizcankizil.tr\/uk\/haberler\/gundem\/buyuksehirden-ariciliga-bir-destek-daha-ari-yemi-uretim-tesisi-protokolu-imzalandi\/"]}]},{"@type":"BreadcrumbList","@id":"http:\/\/denizcankizil.tr\/uk\/haberler\/gundem\/buyuksehirden-ariciliga-bir-destek-daha-ari-yemi-uretim-tesisi-protokolu-imzalandi\/#breadcrumb","itemListElement":[{"@type":"ListItem","position":1,"name":"Home","item":"https:\/\/denizcankizil.tr\/de\/"},{"@type":"ListItem","position":2,"name":"B\u00fcy\u00fck\u015fehir\u2019den Ar\u0131c\u0131l\u0131\u011fa Bir Destek Daha; \u201cAr\u0131 Yemi \u00dcretim Tesisi Protokol\u00fc \u0130mzaland\u0131\u201d"}]},{"@type":"WebSite","@id":"https:\/\/denizcankizil.tr\/de\/#website","url":"https:\/\/denizcankizil.tr\/de\/","name":"Av. Deniz Can K\u0131z\u0131l","description":"Avukat Deniz Can K\u0131z\u0131l Antalya Barosu","publisher":{"@id":"https:\/\/denizcankizil.tr\/de\/#organization"},"potentialAction":[{"@type":"SearchAction","target":{"@type":"EntryPoint","urlTemplate":"https:\/\/denizcankizil.tr\/de\/?s={search_term_string}"},"query-input":{"@type":"PropertyValueSpecification","valueRequired":true,"valueName":"search_term_string"}}],"inLanguage":"uk"},{"@type":"Organization","@id":"https:\/\/denizcankizil.tr\/de\/#organization","name":"Av. Deniz Can K\u0131z\u0131l","url":"https:\/\/denizcankizil.tr\/de\/","logo":{"@type":"ImageObject","inLanguage":"uk","@id":"https:\/\/denizcankizil.tr\/de\/#\/schema\/logo\/image\/","url":"http:\/\/denizcankizil.tr\/wp-content\/uploads\/2024\/10\/siyah-logo-svg.svg","contentUrl":"http:\/\/denizcankizil.tr\/wp-content\/uploads\/2024\/10\/siyah-logo-svg.svg","width":1080,"height":1080,"caption":"Av. Deniz Can K\u0131z\u0131l"},"image":{"@id":"https:\/\/denizcankizil.tr\/de\/#\/schema\/logo\/image\/"}}]}},"_links":{"self":[{"href":"http:\/\/denizcankizil.tr\/uk\/wp-json\/wp\/v2\/posts\/19146","targetHints":{"allow":["GET"]}}],"collection":[{"href":"http:\/\/denizcankizil.tr\/uk\/wp-json\/wp\/v2\/posts"}],"about":[{"href":"http:\/\/denizcankizil.tr\/uk\/wp-json\/wp\/v2\/types\/post"}],"replies":[{"embeddable":true,"href":"http:\/\/denizcankizil.tr\/uk\/wp-json\/wp\/v2\/comments?post=19146"}],"version-history":[{"count":0,"href":"http:\/\/denizcankizil.tr\/uk\/wp-json\/wp\/v2\/posts\/19146\/revisions"}],"wp:attachment":[{"href":"http:\/\/denizcankizil.tr\/uk\/wp-json\/wp\/v2\/media?parent=19146"}],"wp:term":[{"taxonomy":"category","embeddable":true,"href":"http:\/\/denizcankizil.tr\/uk\/wp-json\/wp\/v2\/categories?post=19146"},{"taxonomy":"post_tag","embeddable":true,"href":"http:\/\/denizcankizil.tr\/uk\/wp-json\/wp\/v2\/tags?post=19146"}],"curies":[{"name":"wp","href":"https:\/\/api.w.org\/{rel}","templated":true}]}}