{"id":18971,"date":"2024-12-03T19:41:14","date_gmt":"2024-12-03T16:41:14","guid":{"rendered":"https:\/\/denizcankizil.tr\/uncategorized-tr\/baskan-bocekten-dunya-engelliler-gununde-ozel-mesajlar-engelleri-birlikte-asacagiz\/"},"modified":"2024-12-03T19:41:14","modified_gmt":"2024-12-03T16:41:14","slug":"baskan-bocekten-dunya-engelliler-gununde-ozel-mesajlar-engelleri-birlikte-asacagiz","status":"publish","type":"post","link":"http:\/\/denizcankizil.tr\/uk\/haberler\/gundem\/baskan-bocekten-dunya-engelliler-gununde-ozel-mesajlar-engelleri-birlikte-asacagiz\/","title":{"rendered":"Ba\u015fkan B\u00f6cek&#8217;ten D\u00fcnya Engelliler G\u00fcn\u00fc&#8217;nde &#8220;\u00f6zel&#8221; mesajlar: &#8220;Engelleri birlikte a\u015faca\u011f\u0131z&#8221;"},"content":{"rendered":"<p>Antalya B\u00fcy\u00fck\u015fehir Belediyesi, 3 Aral\u0131k D\u00fcnya Engelliler G\u00fcn\u00fc\u2019n\u00fc B\u00fcy\u00fck\u015fehir \u00d6zel E\u011fitim Okulu ve Rehabilitasyon Merkezi\u2019nde bir dizi etkinlikle kutlad\u0131. Etkinliklere B\u00fcy\u00fck\u015fehir Belediye Ba\u015fkan\u0131 Muhittin B\u00f6cek, D\u00f6\u015femealt\u0131 Belediye Ba\u015fkan\u0131 Menderes Dal, Sivil Toplum Kurulu\u015flar\u0131 temsilcileri, engelli dernekleri, engelli bireyler ve aileleri kat\u0131ld\u0131. Sayg\u0131 duru\u015fu ve \u0130stiklal Mar\u015f\u0131\u2019n\u0131n okunmas\u0131ndan sonra etkinlik halk oyunlar\u0131 g\u00f6sterisiyle ba\u015flad\u0131.\u00a0<\/p>\n<p>D\u00dcNYA STANDARTLARINDA E\u011e\u0130T\u0130M VER\u0130YORUZ<\/p>\n<p>T\u00f6renin a\u00e7\u0131l\u0131\u015f\u0131nda bir konu\u015fma yapan Ba\u015fkan Muhittin B\u00f6cek, 3 Aral\u0131k D\u00fcnya Engelliler G\u00fcn\u00fc\u2019n\u00fcn toplumsal duyarl\u0131l\u0131\u011f\u0131n olu\u015fturulmas\u0131 a\u00e7\u0131s\u0131ndan \u00f6nemli bir g\u00fcn oldu\u011funa dikkat \u00e7ekti. \u201cEngelsiz bir d\u00fcnya i\u00e7in t\u00fcm engelleri hep beraber a\u015fmakta kararl\u0131y\u0131z\u201d diyen B\u00f6cek, \u201cBu tesisimizde 500\u2019\u00fcn \u00fczerinde \u00f6zel gereksinimli bireye d\u00fcnya standartlar\u0131nda rehabilitasyon ve e\u011fitim hizmeti vermekteyiz. Bu sosyal tesisin yap\u0131m\u0131n\u0131 ba\u015flatan Menderes T\u00fcrel ve Mustafa Akayd\u0131n hocam olmak \u00fczere eme\u011fi\u00a0ge\u00e7en herkese te\u015fekk\u00fcr ederim\u201d dedi.\u00a0<\/p>\n<p>ENGELL\u0130 B\u0130REYLER G\u00d6N\u00dcLLER\u0130NCE E\u011eLEND\u0130\u00a0<\/p>\n<p>Daha sonra \u00f6zel gereksinimli bireyler Ba\u015fkan Muhittin B\u00f6cek\u2019e g\u00fcn\u00fcn an\u0131s\u0131na \u00e7i\u00e7ek takdim etti. Engelli bireyler Ba\u015fkan B\u00f6cek\u2019e yo\u011fun sevgi g\u00f6sterisinde bulunurken, bol bol foto\u011fraf \u00e7ektirdi. B\u00fcy\u00fck\u015fehir Belediyesi \u00d6zel E\u011fitim Okulu ve Rehabilitasyon Merkezi \u00f6\u011frencilerinin haz\u0131rlad\u0131\u011f\u0131 m\u00fczik g\u00f6steri ise b\u00fcy\u00fck be\u011feni toplad\u0131. Engelli bireyler \u00e7alan m\u00fczikler e\u015fli\u011finde dans ederek ve oynayarak g\u00f6n\u00fcllerince e\u011fledi. B\u00fcy\u00fck\u015fehir Belediyesi \u0130smail Baha S\u00fcrelsan Konservatuvar\u0131 orkestras\u0131 da mini bir konser verdi. \u00d6zel \u00f6\u011frenciler konserde bol bol oynad\u0131. Etkinliklerin sonunda ise Ba\u015fkan Muhittin B\u00f6cek, STK temsilcileriyle toplant\u0131 yaparak, sorunlar\u0131 dinledi. Ba\u015fkan B\u00f6cek, son olarak \u00f6zel bireylere, spor malzemeleri da\u011f\u0131tt\u0131.\u00a0<\/p>\n<p>\u200b3 Aral\u0131k D\u00fcnya Engelliler G\u00fcn\u00fc&#8217;nde Antalya B\u00fcy\u00fck\u015fehir Belediyesi \u00d6zel E\u011fitim Okulu ve Rehabilitasyon Merkezi\u2019nde \u00f6zel gereksinimli bireylerle bir araya gelen B\u00fcy\u00fck\u015fehir Belediye Ba\u015fkan\u0131 Muhittin B\u00f6cek, &#8220;B\u00fct\u00fcn engelleri birlikte a\u015faca\u011f\u0131z&#8221; dedi. B\u00f6cek, \u00f6zel gereksinimli bireylere hizmet veren tesisin yap\u0131m\u0131n\u0131 sa\u011flayan eski ba\u015fkanlar T\u00fcrel ve Akayd\u0131n&#8217;a da te\u015fekk\u00fcr etti\u00a0<\/p>\n<p>\u200bHaberin Al\u0131nt\u0131land\u0131\u011f\u0131 Kaynak: www.antalyakorfez.com<\/p>","protected":false},"excerpt":{"rendered":"<p>Antalya B\u00fcy\u00fck\u015fehir Belediyesi, 3 Aral\u0131k D\u00fcnya Engelliler G\u00fcn\u00fc\u2019n\u00fc B\u00fcy\u00fck\u015fehir \u00d6zel E\u011fitim Okulu ve Rehabilitasyon Merkezi\u2019nde bir dizi etkinlikle kutlad\u0131. Etkinliklere B\u00fcy\u00fck\u015fehir Belediye Ba\u015fkan\u0131 Muhittin B\u00f6cek, D\u00f6\u015femealt\u0131 Belediye Ba\u015fkan\u0131 Menderes Dal, Sivil Toplum Kurulu\u015flar\u0131 temsilcileri, engelli dernekleri, engelli bireyler ve aileleri kat\u0131ld\u0131. Sayg\u0131 duru\u015fu ve \u0130stiklal Mar\u015f\u0131\u2019n\u0131n okunmas\u0131ndan sonra etkinlik halk oyunlar\u0131 g\u00f6sterisiyle ba\u015flad\u0131.\u00a0 D\u00dcNYA STANDARTLARINDA E\u011e\u0130T\u0130M VER\u0130YORUZ T\u00f6renin a\u00e7\u0131l\u0131\u015f\u0131nda bir konu\u015fma yapan Ba\u015fkan Muhittin B\u00f6cek, 3 Aral\u0131k D\u00fcnya Engelliler G\u00fcn\u00fc\u2019n\u00fcn toplumsal duyarl\u0131l\u0131\u011f\u0131n olu\u015fturulmas\u0131 a\u00e7\u0131s\u0131ndan \u00f6nemli bir g\u00fcn oldu\u011funa dikkat \u00e7ekti. \u201cEngelsiz bir d\u00fcnya i\u00e7in t\u00fcm engelleri hep beraber a\u015fmakta kararl\u0131y\u0131z\u201d diyen B\u00f6cek, \u201cBu tesisimizde 500\u2019\u00fcn \u00fczerinde \u00f6zel gereksinimli bireye d\u00fcnya standartlar\u0131nda rehabilitasyon ve e\u011fitim hizmeti vermekteyiz. Bu sosyal tesisin yap\u0131m\u0131n\u0131 ba\u015flatan Menderes T\u00fcrel ve Mustafa Akayd\u0131n hocam olmak \u00fczere eme\u011fi\u00a0ge\u00e7en herkese te\u015fekk\u00fcr ederim\u201d dedi.\u00a0 ENGELL\u0130 B\u0130REYLER G\u00d6N\u00dcLLER\u0130NCE E\u011eLEND\u0130\u00a0 Daha sonra \u00f6zel gereksinimli bireyler Ba\u015fkan Muhittin B\u00f6cek\u2019e g\u00fcn\u00fcn an\u0131s\u0131na \u00e7i\u00e7ek takdim etti. Engelli bireyler Ba\u015fkan B\u00f6cek\u2019e yo\u011fun sevgi g\u00f6sterisinde bulunurken, bol bol foto\u011fraf \u00e7ektirdi. B\u00fcy\u00fck\u015fehir Belediyesi \u00d6zel E\u011fitim Okulu ve Rehabilitasyon Merkezi \u00f6\u011frencilerinin haz\u0131rlad\u0131\u011f\u0131 m\u00fczik g\u00f6steri ise b\u00fcy\u00fck be\u011feni toplad\u0131. Engelli bireyler \u00e7alan m\u00fczikler e\u015fli\u011finde dans ederek ve oynayarak g\u00f6n\u00fcllerince e\u011fledi. B\u00fcy\u00fck\u015fehir Belediyesi \u0130smail Baha S\u00fcrelsan Konservatuvar\u0131 orkestras\u0131 da mini bir konser verdi. \u00d6zel \u00f6\u011frenciler konserde bol bol oynad\u0131. Etkinliklerin sonunda &hellip;<\/p>","protected":false},"author":0,"featured_media":0,"comment_status":"open","ping_status":"open","sticky":false,"template":"","format":"standard","meta":{"_acf_changed":false,"footnotes":""},"categories":[24,535],"tags":[],"class_list":["post-18971","post","type-post","status-publish","format-standard","has-post-thumbnail","hentry","category-gundem","category-uncategorized-tr"],"acf":[],"yoast_head":"<!-- This site is optimized with the Yoast SEO Premium plugin v26.6 (Yoast SEO v27.1.1) - https:\/\/yoast.com\/product\/yoast-seo-premium-wordpress\/ -->\n<title>Ba\u015fkan B\u00f6cek&#039;ten D\u00fcnya Engelliler G\u00fcn\u00fc&#039;nde &quot;\u00f6zel&quot; mesajlar: &quot;Engelleri birlikte a\u015faca\u011f\u0131z&quot; - Av. Deniz Can K\u0131z\u0131l<\/title>\n<meta name=\"robots\" content=\"index, follow, max-snippet:-1, max-image-preview:large, max-video-preview:-1\" \/>\n<link rel=\"canonical\" href=\"http:\/\/denizcankizil.tr\/uk\/haberler\/gundem\/baskan-bocekten-dunya-engelliler-gununde-ozel-mesajlar-engelleri-birlikte-asacagiz\/\" \/>\n<meta property=\"og:locale\" content=\"uk_UA\" \/>\n<meta property=\"og:type\" content=\"article\" \/>\n<meta property=\"og:title\" content=\"Ba\u015fkan B\u00f6cek&#039;ten D\u00fcnya Engelliler G\u00fcn\u00fc&#039;nde &quot;\u00f6zel&quot; mesajlar: &quot;Engelleri birlikte a\u015faca\u011f\u0131z&quot;\" \/>\n<meta property=\"og:description\" content=\"Antalya B\u00fcy\u00fck\u015fehir Belediyesi, 3 Aral\u0131k D\u00fcnya Engelliler G\u00fcn\u00fc\u2019n\u00fc B\u00fcy\u00fck\u015fehir \u00d6zel E\u011fitim Okulu ve Rehabilitasyon Merkezi\u2019nde bir dizi etkinlikle kutlad\u0131. Etkinliklere B\u00fcy\u00fck\u015fehir Belediye Ba\u015fkan\u0131 Muhittin B\u00f6cek, D\u00f6\u015femealt\u0131 Belediye Ba\u015fkan\u0131 Menderes Dal, Sivil Toplum Kurulu\u015flar\u0131 temsilcileri, engelli dernekleri, engelli bireyler ve aileleri kat\u0131ld\u0131. Sayg\u0131 duru\u015fu ve \u0130stiklal Mar\u015f\u0131\u2019n\u0131n okunmas\u0131ndan sonra etkinlik halk oyunlar\u0131 g\u00f6sterisiyle ba\u015flad\u0131.\u00a0 D\u00dcNYA STANDARTLARINDA E\u011e\u0130T\u0130M VER\u0130YORUZ T\u00f6renin a\u00e7\u0131l\u0131\u015f\u0131nda bir konu\u015fma yapan Ba\u015fkan Muhittin B\u00f6cek, 3 Aral\u0131k D\u00fcnya Engelliler G\u00fcn\u00fc\u2019n\u00fcn toplumsal duyarl\u0131l\u0131\u011f\u0131n olu\u015fturulmas\u0131 a\u00e7\u0131s\u0131ndan \u00f6nemli bir g\u00fcn oldu\u011funa dikkat \u00e7ekti. \u201cEngelsiz bir d\u00fcnya i\u00e7in t\u00fcm engelleri hep beraber a\u015fmakta kararl\u0131y\u0131z\u201d diyen B\u00f6cek, \u201cBu tesisimizde 500\u2019\u00fcn \u00fczerinde \u00f6zel gereksinimli bireye d\u00fcnya standartlar\u0131nda rehabilitasyon ve e\u011fitim hizmeti vermekteyiz. Bu sosyal tesisin yap\u0131m\u0131n\u0131 ba\u015flatan Menderes T\u00fcrel ve Mustafa Akayd\u0131n hocam olmak \u00fczere eme\u011fi\u00a0ge\u00e7en herkese te\u015fekk\u00fcr ederim\u201d dedi.\u00a0 ENGELL\u0130 B\u0130REYLER G\u00d6N\u00dcLLER\u0130NCE E\u011eLEND\u0130\u00a0 Daha sonra \u00f6zel gereksinimli bireyler Ba\u015fkan Muhittin B\u00f6cek\u2019e g\u00fcn\u00fcn an\u0131s\u0131na \u00e7i\u00e7ek takdim etti. Engelli bireyler Ba\u015fkan B\u00f6cek\u2019e yo\u011fun sevgi g\u00f6sterisinde bulunurken, bol bol foto\u011fraf \u00e7ektirdi. B\u00fcy\u00fck\u015fehir Belediyesi \u00d6zel E\u011fitim Okulu ve Rehabilitasyon Merkezi \u00f6\u011frencilerinin haz\u0131rlad\u0131\u011f\u0131 m\u00fczik g\u00f6steri ise b\u00fcy\u00fck be\u011feni toplad\u0131. Engelli bireyler \u00e7alan m\u00fczikler e\u015fli\u011finde dans ederek ve oynayarak g\u00f6n\u00fcllerince e\u011fledi. B\u00fcy\u00fck\u015fehir Belediyesi \u0130smail Baha S\u00fcrelsan Konservatuvar\u0131 orkestras\u0131 da mini bir konser verdi. \u00d6zel \u00f6\u011frenciler konserde bol bol oynad\u0131. Etkinliklerin sonunda &hellip;\" \/>\n<meta property=\"og:url\" content=\"http:\/\/denizcankizil.tr\/uk\/haberler\/gundem\/baskan-bocekten-dunya-engelliler-gununde-ozel-mesajlar-engelleri-birlikte-asacagiz\/\" \/>\n<meta property=\"og:site_name\" content=\"Av. Deniz Can K\u0131z\u0131l\" \/>\n<meta property=\"article:published_time\" content=\"2024-12-03T16:41:14+00:00\" \/>\n<meta name=\"twitter:card\" content=\"summary_large_image\" \/>\n<meta name=\"twitter:label1\" content=\"\u041f\u0440\u0438\u0431\u043b. \u0447\u0430\u0441 \u0447\u0438\u0442\u0430\u043d\u043d\u044f\" \/>\n\t<meta name=\"twitter:data1\" content=\"2 \u0445\u0432\u0438\u043b\u0438\u043d\u0438\" \/>\n<script type=\"application\/ld+json\" class=\"yoast-schema-graph\">{\"@context\":\"https:\/\/schema.org\",\"@graph\":[{\"@type\":\"Article\",\"@id\":\"http:\/\/denizcankizil.tr\/uk\/haberler\/gundem\/baskan-bocekten-dunya-engelliler-gununde-ozel-mesajlar-engelleri-birlikte-asacagiz\/#article\",\"isPartOf\":{\"@id\":\"http:\/\/denizcankizil.tr\/uk\/haberler\/gundem\/baskan-bocekten-dunya-engelliler-gununde-ozel-mesajlar-engelleri-birlikte-asacagiz\/\"},\"author\":{\"name\":\"\",\"@id\":\"\"},\"headline\":\"Ba\u015fkan B\u00f6cek&#8217;ten D\u00fcnya Engelliler G\u00fcn\u00fc&#8217;nde &#8220;\u00f6zel&#8221; mesajlar: &#8220;Engelleri birlikte a\u015faca\u011f\u0131z&#8221;\",\"datePublished\":\"2024-12-03T16:41:14+00:00\",\"mainEntityOfPage\":{\"@id\":\"http:\/\/denizcankizil.tr\/uk\/haberler\/gundem\/baskan-bocekten-dunya-engelliler-gununde-ozel-mesajlar-engelleri-birlikte-asacagiz\/\"},\"wordCount\":430,\"commentCount\":0,\"publisher\":{\"@id\":\"https:\/\/denizcankizil.tr\/de\/#organization\"},\"articleSection\":[\"G\u00fcndem\",\"Uncategorized\"],\"inLanguage\":\"uk\",\"potentialAction\":[{\"@type\":\"CommentAction\",\"name\":\"Comment\",\"target\":[\"http:\/\/denizcankizil.tr\/uk\/haberler\/gundem\/baskan-bocekten-dunya-engelliler-gununde-ozel-mesajlar-engelleri-birlikte-asacagiz\/#respond\"]}]},{\"@type\":\"WebPage\",\"@id\":\"http:\/\/denizcankizil.tr\/uk\/haberler\/gundem\/baskan-bocekten-dunya-engelliler-gununde-ozel-mesajlar-engelleri-birlikte-asacagiz\/\",\"url\":\"http:\/\/denizcankizil.tr\/uk\/haberler\/gundem\/baskan-bocekten-dunya-engelliler-gununde-ozel-mesajlar-engelleri-birlikte-asacagiz\/\",\"name\":\"Ba\u015fkan B\u00f6cek'ten D\u00fcnya Engelliler G\u00fcn\u00fc'nde \\\"\u00f6zel\\\" mesajlar: \\\"Engelleri birlikte a\u015faca\u011f\u0131z\\\" - Av. Deniz Can K\u0131z\u0131l\",\"isPartOf\":{\"@id\":\"https:\/\/denizcankizil.tr\/de\/#website\"},\"datePublished\":\"2024-12-03T16:41:14+00:00\",\"breadcrumb\":{\"@id\":\"http:\/\/denizcankizil.tr\/uk\/haberler\/gundem\/baskan-bocekten-dunya-engelliler-gununde-ozel-mesajlar-engelleri-birlikte-asacagiz\/#breadcrumb\"},\"inLanguage\":\"uk\",\"potentialAction\":[{\"@type\":\"ReadAction\",\"target\":[\"http:\/\/denizcankizil.tr\/uk\/haberler\/gundem\/baskan-bocekten-dunya-engelliler-gununde-ozel-mesajlar-engelleri-birlikte-asacagiz\/\"]}]},{\"@type\":\"BreadcrumbList\",\"@id\":\"http:\/\/denizcankizil.tr\/uk\/haberler\/gundem\/baskan-bocekten-dunya-engelliler-gununde-ozel-mesajlar-engelleri-birlikte-asacagiz\/#breadcrumb\",\"itemListElement\":[{\"@type\":\"ListItem\",\"position\":1,\"name\":\"Home\",\"item\":\"https:\/\/denizcankizil.tr\/de\/\"},{\"@type\":\"ListItem\",\"position\":2,\"name\":\"Ba\u015fkan B\u00f6cek&#8217;ten D\u00fcnya Engelliler G\u00fcn\u00fc&#8217;nde &#8220;\u00f6zel&#8221; mesajlar: &#8220;Engelleri birlikte a\u015faca\u011f\u0131z&#8221;\"}]},{\"@type\":\"WebSite\",\"@id\":\"https:\/\/denizcankizil.tr\/de\/#website\",\"url\":\"https:\/\/denizcankizil.tr\/de\/\",\"name\":\"Av. Deniz Can K\u0131z\u0131l\",\"description\":\"Avukat Deniz Can K\u0131z\u0131l Antalya Barosu\",\"publisher\":{\"@id\":\"https:\/\/denizcankizil.tr\/de\/#organization\"},\"potentialAction\":[{\"@type\":\"SearchAction\",\"target\":{\"@type\":\"EntryPoint\",\"urlTemplate\":\"https:\/\/denizcankizil.tr\/de\/?s={search_term_string}\"},\"query-input\":{\"@type\":\"PropertyValueSpecification\",\"valueRequired\":true,\"valueName\":\"search_term_string\"}}],\"inLanguage\":\"uk\"},{\"@type\":\"Organization\",\"@id\":\"https:\/\/denizcankizil.tr\/de\/#organization\",\"name\":\"Av. Deniz Can K\u0131z\u0131l\",\"url\":\"https:\/\/denizcankizil.tr\/de\/\",\"logo\":{\"@type\":\"ImageObject\",\"inLanguage\":\"uk\",\"@id\":\"https:\/\/denizcankizil.tr\/de\/#\/schema\/logo\/image\/\",\"url\":\"http:\/\/denizcankizil.tr\/wp-content\/uploads\/2024\/10\/siyah-logo-svg.svg\",\"contentUrl\":\"http:\/\/denizcankizil.tr\/wp-content\/uploads\/2024\/10\/siyah-logo-svg.svg\",\"width\":1080,\"height\":1080,\"caption\":\"Av. Deniz Can K\u0131z\u0131l\"},\"image\":{\"@id\":\"https:\/\/denizcankizil.tr\/de\/#\/schema\/logo\/image\/\"}}]}<\/script>\n<!-- \/ Yoast SEO Premium plugin. -->","yoast_head_json":{"title":"Ba\u015fkan B\u00f6cek'ten D\u00fcnya Engelliler G\u00fcn\u00fc'nde \"\u00f6zel\" mesajlar: \"Engelleri birlikte a\u015faca\u011f\u0131z\" - Av. Deniz Can K\u0131z\u0131l","robots":{"index":"index","follow":"follow","max-snippet":"max-snippet:-1","max-image-preview":"max-image-preview:large","max-video-preview":"max-video-preview:-1"},"canonical":"http:\/\/denizcankizil.tr\/uk\/haberler\/gundem\/baskan-bocekten-dunya-engelliler-gununde-ozel-mesajlar-engelleri-birlikte-asacagiz\/","og_locale":"uk_UA","og_type":"article","og_title":"Ba\u015fkan B\u00f6cek'ten D\u00fcnya Engelliler G\u00fcn\u00fc'nde \"\u00f6zel\" mesajlar: \"Engelleri birlikte a\u015faca\u011f\u0131z\"","og_description":"Antalya B\u00fcy\u00fck\u015fehir Belediyesi, 3 Aral\u0131k D\u00fcnya Engelliler G\u00fcn\u00fc\u2019n\u00fc B\u00fcy\u00fck\u015fehir \u00d6zel E\u011fitim Okulu ve Rehabilitasyon Merkezi\u2019nde bir dizi etkinlikle kutlad\u0131. Etkinliklere B\u00fcy\u00fck\u015fehir Belediye Ba\u015fkan\u0131 Muhittin B\u00f6cek, D\u00f6\u015femealt\u0131 Belediye Ba\u015fkan\u0131 Menderes Dal, Sivil Toplum Kurulu\u015flar\u0131 temsilcileri, engelli dernekleri, engelli bireyler ve aileleri kat\u0131ld\u0131. Sayg\u0131 duru\u015fu ve \u0130stiklal Mar\u015f\u0131\u2019n\u0131n okunmas\u0131ndan sonra etkinlik halk oyunlar\u0131 g\u00f6sterisiyle ba\u015flad\u0131.\u00a0 D\u00dcNYA STANDARTLARINDA E\u011e\u0130T\u0130M VER\u0130YORUZ T\u00f6renin a\u00e7\u0131l\u0131\u015f\u0131nda bir konu\u015fma yapan Ba\u015fkan Muhittin B\u00f6cek, 3 Aral\u0131k D\u00fcnya Engelliler G\u00fcn\u00fc\u2019n\u00fcn toplumsal duyarl\u0131l\u0131\u011f\u0131n olu\u015fturulmas\u0131 a\u00e7\u0131s\u0131ndan \u00f6nemli bir g\u00fcn oldu\u011funa dikkat \u00e7ekti. \u201cEngelsiz bir d\u00fcnya i\u00e7in t\u00fcm engelleri hep beraber a\u015fmakta kararl\u0131y\u0131z\u201d diyen B\u00f6cek, \u201cBu tesisimizde 500\u2019\u00fcn \u00fczerinde \u00f6zel gereksinimli bireye d\u00fcnya standartlar\u0131nda rehabilitasyon ve e\u011fitim hizmeti vermekteyiz. Bu sosyal tesisin yap\u0131m\u0131n\u0131 ba\u015flatan Menderes T\u00fcrel ve Mustafa Akayd\u0131n hocam olmak \u00fczere eme\u011fi\u00a0ge\u00e7en herkese te\u015fekk\u00fcr ederim\u201d dedi.\u00a0 ENGELL\u0130 B\u0130REYLER G\u00d6N\u00dcLLER\u0130NCE E\u011eLEND\u0130\u00a0 Daha sonra \u00f6zel gereksinimli bireyler Ba\u015fkan Muhittin B\u00f6cek\u2019e g\u00fcn\u00fcn an\u0131s\u0131na \u00e7i\u00e7ek takdim etti. Engelli bireyler Ba\u015fkan B\u00f6cek\u2019e yo\u011fun sevgi g\u00f6sterisinde bulunurken, bol bol foto\u011fraf \u00e7ektirdi. B\u00fcy\u00fck\u015fehir Belediyesi \u00d6zel E\u011fitim Okulu ve Rehabilitasyon Merkezi \u00f6\u011frencilerinin haz\u0131rlad\u0131\u011f\u0131 m\u00fczik g\u00f6steri ise b\u00fcy\u00fck be\u011feni toplad\u0131. Engelli bireyler \u00e7alan m\u00fczikler e\u015fli\u011finde dans ederek ve oynayarak g\u00f6n\u00fcllerince e\u011fledi. B\u00fcy\u00fck\u015fehir Belediyesi \u0130smail Baha S\u00fcrelsan Konservatuvar\u0131 orkestras\u0131 da mini bir konser verdi. \u00d6zel \u00f6\u011frenciler konserde bol bol oynad\u0131. Etkinliklerin sonunda &hellip;","og_url":"http:\/\/denizcankizil.tr\/uk\/haberler\/gundem\/baskan-bocekten-dunya-engelliler-gununde-ozel-mesajlar-engelleri-birlikte-asacagiz\/","og_site_name":"Av. Deniz Can K\u0131z\u0131l","article_published_time":"2024-12-03T16:41:14+00:00","twitter_card":"summary_large_image","twitter_misc":{"\u041f\u0440\u0438\u0431\u043b. \u0447\u0430\u0441 \u0447\u0438\u0442\u0430\u043d\u043d\u044f":"2 \u0445\u0432\u0438\u043b\u0438\u043d\u0438"},"schema":{"@context":"https:\/\/schema.org","@graph":[{"@type":"Article","@id":"http:\/\/denizcankizil.tr\/uk\/haberler\/gundem\/baskan-bocekten-dunya-engelliler-gununde-ozel-mesajlar-engelleri-birlikte-asacagiz\/#article","isPartOf":{"@id":"http:\/\/denizcankizil.tr\/uk\/haberler\/gundem\/baskan-bocekten-dunya-engelliler-gununde-ozel-mesajlar-engelleri-birlikte-asacagiz\/"},"author":{"name":"","@id":""},"headline":"Ba\u015fkan B\u00f6cek&#8217;ten D\u00fcnya Engelliler G\u00fcn\u00fc&#8217;nde &#8220;\u00f6zel&#8221; mesajlar: &#8220;Engelleri birlikte a\u015faca\u011f\u0131z&#8221;","datePublished":"2024-12-03T16:41:14+00:00","mainEntityOfPage":{"@id":"http:\/\/denizcankizil.tr\/uk\/haberler\/gundem\/baskan-bocekten-dunya-engelliler-gununde-ozel-mesajlar-engelleri-birlikte-asacagiz\/"},"wordCount":430,"commentCount":0,"publisher":{"@id":"https:\/\/denizcankizil.tr\/de\/#organization"},"articleSection":["G\u00fcndem","Uncategorized"],"inLanguage":"uk","potentialAction":[{"@type":"CommentAction","name":"Comment","target":["http:\/\/denizcankizil.tr\/uk\/haberler\/gundem\/baskan-bocekten-dunya-engelliler-gununde-ozel-mesajlar-engelleri-birlikte-asacagiz\/#respond"]}]},{"@type":"WebPage","@id":"http:\/\/denizcankizil.tr\/uk\/haberler\/gundem\/baskan-bocekten-dunya-engelliler-gununde-ozel-mesajlar-engelleri-birlikte-asacagiz\/","url":"http:\/\/denizcankizil.tr\/uk\/haberler\/gundem\/baskan-bocekten-dunya-engelliler-gununde-ozel-mesajlar-engelleri-birlikte-asacagiz\/","name":"Ba\u015fkan B\u00f6cek'ten D\u00fcnya Engelliler G\u00fcn\u00fc'nde \"\u00f6zel\" mesajlar: \"Engelleri birlikte a\u015faca\u011f\u0131z\" - Av. Deniz Can K\u0131z\u0131l","isPartOf":{"@id":"https:\/\/denizcankizil.tr\/de\/#website"},"datePublished":"2024-12-03T16:41:14+00:00","breadcrumb":{"@id":"http:\/\/denizcankizil.tr\/uk\/haberler\/gundem\/baskan-bocekten-dunya-engelliler-gununde-ozel-mesajlar-engelleri-birlikte-asacagiz\/#breadcrumb"},"inLanguage":"uk","potentialAction":[{"@type":"ReadAction","target":["http:\/\/denizcankizil.tr\/uk\/haberler\/gundem\/baskan-bocekten-dunya-engelliler-gununde-ozel-mesajlar-engelleri-birlikte-asacagiz\/"]}]},{"@type":"BreadcrumbList","@id":"http:\/\/denizcankizil.tr\/uk\/haberler\/gundem\/baskan-bocekten-dunya-engelliler-gununde-ozel-mesajlar-engelleri-birlikte-asacagiz\/#breadcrumb","itemListElement":[{"@type":"ListItem","position":1,"name":"Home","item":"https:\/\/denizcankizil.tr\/de\/"},{"@type":"ListItem","position":2,"name":"Ba\u015fkan B\u00f6cek&#8217;ten D\u00fcnya Engelliler G\u00fcn\u00fc&#8217;nde &#8220;\u00f6zel&#8221; mesajlar: &#8220;Engelleri birlikte a\u015faca\u011f\u0131z&#8221;"}]},{"@type":"WebSite","@id":"https:\/\/denizcankizil.tr\/de\/#website","url":"https:\/\/denizcankizil.tr\/de\/","name":"Av. Deniz Can K\u0131z\u0131l","description":"Avukat Deniz Can K\u0131z\u0131l Antalya Barosu","publisher":{"@id":"https:\/\/denizcankizil.tr\/de\/#organization"},"potentialAction":[{"@type":"SearchAction","target":{"@type":"EntryPoint","urlTemplate":"https:\/\/denizcankizil.tr\/de\/?s={search_term_string}"},"query-input":{"@type":"PropertyValueSpecification","valueRequired":true,"valueName":"search_term_string"}}],"inLanguage":"uk"},{"@type":"Organization","@id":"https:\/\/denizcankizil.tr\/de\/#organization","name":"Av. Deniz Can K\u0131z\u0131l","url":"https:\/\/denizcankizil.tr\/de\/","logo":{"@type":"ImageObject","inLanguage":"uk","@id":"https:\/\/denizcankizil.tr\/de\/#\/schema\/logo\/image\/","url":"http:\/\/denizcankizil.tr\/wp-content\/uploads\/2024\/10\/siyah-logo-svg.svg","contentUrl":"http:\/\/denizcankizil.tr\/wp-content\/uploads\/2024\/10\/siyah-logo-svg.svg","width":1080,"height":1080,"caption":"Av. Deniz Can K\u0131z\u0131l"},"image":{"@id":"https:\/\/denizcankizil.tr\/de\/#\/schema\/logo\/image\/"}}]}},"_links":{"self":[{"href":"http:\/\/denizcankizil.tr\/uk\/wp-json\/wp\/v2\/posts\/18971","targetHints":{"allow":["GET"]}}],"collection":[{"href":"http:\/\/denizcankizil.tr\/uk\/wp-json\/wp\/v2\/posts"}],"about":[{"href":"http:\/\/denizcankizil.tr\/uk\/wp-json\/wp\/v2\/types\/post"}],"replies":[{"embeddable":true,"href":"http:\/\/denizcankizil.tr\/uk\/wp-json\/wp\/v2\/comments?post=18971"}],"version-history":[{"count":0,"href":"http:\/\/denizcankizil.tr\/uk\/wp-json\/wp\/v2\/posts\/18971\/revisions"}],"wp:attachment":[{"href":"http:\/\/denizcankizil.tr\/uk\/wp-json\/wp\/v2\/media?parent=18971"}],"wp:term":[{"taxonomy":"category","embeddable":true,"href":"http:\/\/denizcankizil.tr\/uk\/wp-json\/wp\/v2\/categories?post=18971"},{"taxonomy":"post_tag","embeddable":true,"href":"http:\/\/denizcankizil.tr\/uk\/wp-json\/wp\/v2\/tags?post=18971"}],"curies":[{"name":"wp","href":"https:\/\/api.w.org\/{rel}","templated":true}]}}