{"id":18802,"date":"2024-12-02T23:42:59","date_gmt":"2024-12-02T20:42:59","guid":{"rendered":"https:\/\/denizcankizil.tr\/uncategorized-tr\/soner-sarikabadayinin-yeni-sarkisi-mevzu-derin-global-viral-listelerde\/"},"modified":"2024-12-02T23:42:59","modified_gmt":"2024-12-02T20:42:59","slug":"soner-sarikabadayinin-yeni-sarkisi-mevzu-derin-global-viral-listelerde","status":"publish","type":"post","link":"http:\/\/denizcankizil.tr\/uk\/haberler\/gundem\/soner-sarikabadayinin-yeni-sarkisi-mevzu-derin-global-viral-listelerde\/","title":{"rendered":"Soner Sar\u0131kabaday\u0131\u2019n\u0131n Yeni \u015eark\u0131s\u0131 &#8216;Mevzu Derin&#8217; Global Viral Listelerde!"},"content":{"rendered":"<p>T\u00fcrk pop m\u00fczi\u011finin hit makinesi Soner Sar\u0131kabaday\u0131, son \u015fark\u0131s\u0131 \u201cMevzu Derin\u201d ile uluslararas\u0131 bir ba\u015far\u0131ya daha imza att\u0131.<\/p>\n<p>\u200bT\u00fcrk pop m\u00fczi\u011finin hit makinesi Soner Sar\u0131kabaday\u0131, son \u015fark\u0131s\u0131 \u201cMevzu Derin\u201d ile uluslararas\u0131 bir ba\u015far\u0131ya daha imza att\u0131.\u00a0<\/p>\n<p>\u200bHaberin Al\u0131nt\u0131land\u0131\u011f\u0131 Kaynak: www.iskenderun.org<\/p>","protected":false},"excerpt":{"rendered":"<p>T\u00fcrk pop m\u00fczi\u011finin hit makinesi Soner Sar\u0131kabaday\u0131, son \u015fark\u0131s\u0131 \u201cMevzu Derin\u201d ile uluslararas\u0131 bir ba\u015far\u0131ya daha imza att\u0131. \u200bT\u00fcrk pop m\u00fczi\u011finin hit makinesi Soner Sar\u0131kabaday\u0131, son \u015fark\u0131s\u0131 \u201cMevzu Derin\u201d ile uluslararas\u0131 bir ba\u015far\u0131ya daha imza att\u0131.\u00a0 \u200bHaberin Al\u0131nt\u0131land\u0131\u011f\u0131 Kaynak: www.iskenderun.org<\/p>","protected":false},"author":0,"featured_media":0,"comment_status":"open","ping_status":"open","sticky":false,"template":"","format":"standard","meta":{"_acf_changed":false,"footnotes":""},"categories":[24,535],"tags":[],"class_list":["post-18802","post","type-post","status-publish","format-standard","has-post-thumbnail","hentry","category-gundem","category-uncategorized-tr"],"acf":[],"yoast_head":"<!-- This site is optimized with the Yoast SEO Premium plugin v26.6 (Yoast SEO v27.1.1) - https:\/\/yoast.com\/product\/yoast-seo-premium-wordpress\/ -->\n<title>Soner Sar\u0131kabaday\u0131\u2019n\u0131n Yeni \u015eark\u0131s\u0131 &#039;Mevzu Derin&#039; Global Viral Listelerde! - Av. Deniz Can K\u0131z\u0131l<\/title>\n<meta name=\"robots\" content=\"index, follow, max-snippet:-1, max-image-preview:large, max-video-preview:-1\" \/>\n<link rel=\"canonical\" href=\"https:\/\/denizcankizil.tr\/uk\/haberler\/gundem\/soner-sarikabadayinin-yeni-sarkisi-mevzu-derin-global-viral-listelerde\/\" \/>\n<meta property=\"og:locale\" content=\"uk_UA\" \/>\n<meta property=\"og:type\" content=\"article\" \/>\n<meta property=\"og:title\" content=\"Soner Sar\u0131kabaday\u0131\u2019n\u0131n Yeni \u015eark\u0131s\u0131 &#039;Mevzu Derin&#039; Global Viral Listelerde!\" \/>\n<meta property=\"og:description\" content=\"T\u00fcrk pop m\u00fczi\u011finin hit makinesi Soner Sar\u0131kabaday\u0131, son \u015fark\u0131s\u0131 \u201cMevzu Derin\u201d ile uluslararas\u0131 bir ba\u015far\u0131ya daha imza att\u0131. \u200bT\u00fcrk pop m\u00fczi\u011finin hit makinesi Soner Sar\u0131kabaday\u0131, son \u015fark\u0131s\u0131 \u201cMevzu Derin\u201d ile uluslararas\u0131 bir ba\u015far\u0131ya daha imza att\u0131.\u00a0 \u200bHaberin Al\u0131nt\u0131land\u0131\u011f\u0131 Kaynak: www.iskenderun.org\" \/>\n<meta property=\"og:url\" content=\"https:\/\/denizcankizil.tr\/uk\/haberler\/gundem\/soner-sarikabadayinin-yeni-sarkisi-mevzu-derin-global-viral-listelerde\/\" \/>\n<meta property=\"og:site_name\" content=\"Av. Deniz Can K\u0131z\u0131l\" \/>\n<meta property=\"article:published_time\" content=\"2024-12-02T20:42:59+00:00\" \/>\n<meta name=\"twitter:card\" content=\"summary_large_image\" \/>\n<script type=\"application\/ld+json\" class=\"yoast-schema-graph\">{\"@context\":\"https:\/\/schema.org\",\"@graph\":[{\"@type\":\"Article\",\"@id\":\"https:\/\/denizcankizil.tr\/de\/haberler\/gundem\/soner-sarikabadayinin-yeni-sarkisi-mevzu-derin-global-viral-listelerde\/#article\",\"isPartOf\":{\"@id\":\"https:\/\/denizcankizil.tr\/de\/haberler\/gundem\/soner-sarikabadayinin-yeni-sarkisi-mevzu-derin-global-viral-listelerde\/\"},\"author\":{\"name\":\"\",\"@id\":\"\"},\"headline\":\"Soner Sar\u0131kabaday\u0131\u2019n\u0131n Yeni \u015eark\u0131s\u0131 &#8216;Mevzu Derin&#8217; Global Viral Listelerde!\",\"datePublished\":\"2024-12-02T20:42:59+00:00\",\"mainEntityOfPage\":{\"@id\":\"https:\/\/denizcankizil.tr\/de\/haberler\/gundem\/soner-sarikabadayinin-yeni-sarkisi-mevzu-derin-global-viral-listelerde\/\"},\"wordCount\":71,\"commentCount\":0,\"publisher\":{\"@id\":\"https:\/\/denizcankizil.tr\/de\/#organization\"},\"articleSection\":[\"G\u00fcndem\",\"Uncategorized\"],\"inLanguage\":\"uk\",\"potentialAction\":[{\"@type\":\"CommentAction\",\"name\":\"Comment\",\"target\":[\"https:\/\/denizcankizil.tr\/de\/haberler\/gundem\/soner-sarikabadayinin-yeni-sarkisi-mevzu-derin-global-viral-listelerde\/#respond\"]}]},{\"@type\":\"WebPage\",\"@id\":\"https:\/\/denizcankizil.tr\/de\/haberler\/gundem\/soner-sarikabadayinin-yeni-sarkisi-mevzu-derin-global-viral-listelerde\/\",\"url\":\"https:\/\/denizcankizil.tr\/de\/haberler\/gundem\/soner-sarikabadayinin-yeni-sarkisi-mevzu-derin-global-viral-listelerde\/\",\"name\":\"Soner Sar\u0131kabaday\u0131\u2019n\u0131n Yeni \u015eark\u0131s\u0131 'Mevzu Derin' Global Viral Listelerde! - Av. Deniz Can K\u0131z\u0131l\",\"isPartOf\":{\"@id\":\"https:\/\/denizcankizil.tr\/de\/#website\"},\"datePublished\":\"2024-12-02T20:42:59+00:00\",\"breadcrumb\":{\"@id\":\"https:\/\/denizcankizil.tr\/de\/haberler\/gundem\/soner-sarikabadayinin-yeni-sarkisi-mevzu-derin-global-viral-listelerde\/#breadcrumb\"},\"inLanguage\":\"uk\",\"potentialAction\":[{\"@type\":\"ReadAction\",\"target\":[\"https:\/\/denizcankizil.tr\/de\/haberler\/gundem\/soner-sarikabadayinin-yeni-sarkisi-mevzu-derin-global-viral-listelerde\/\"]}]},{\"@type\":\"BreadcrumbList\",\"@id\":\"https:\/\/denizcankizil.tr\/de\/haberler\/gundem\/soner-sarikabadayinin-yeni-sarkisi-mevzu-derin-global-viral-listelerde\/#breadcrumb\",\"itemListElement\":[{\"@type\":\"ListItem\",\"position\":1,\"name\":\"Home\",\"item\":\"https:\/\/denizcankizil.tr\/de\/\"},{\"@type\":\"ListItem\",\"position\":2,\"name\":\"Soner Sar\u0131kabaday\u0131\u2019n\u0131n Yeni \u015eark\u0131s\u0131 &#8216;Mevzu Derin&#8217; Global Viral Listelerde!\"}]},{\"@type\":\"WebSite\",\"@id\":\"https:\/\/denizcankizil.tr\/de\/#website\",\"url\":\"https:\/\/denizcankizil.tr\/de\/\",\"name\":\"Av. Deniz Can K\u0131z\u0131l\",\"description\":\"Avukat Deniz Can K\u0131z\u0131l Antalya Barosu\",\"publisher\":{\"@id\":\"https:\/\/denizcankizil.tr\/de\/#organization\"},\"potentialAction\":[{\"@type\":\"SearchAction\",\"target\":{\"@type\":\"EntryPoint\",\"urlTemplate\":\"https:\/\/denizcankizil.tr\/de\/?s={search_term_string}\"},\"query-input\":{\"@type\":\"PropertyValueSpecification\",\"valueRequired\":true,\"valueName\":\"search_term_string\"}}],\"inLanguage\":\"uk\"},{\"@type\":\"Organization\",\"@id\":\"https:\/\/denizcankizil.tr\/de\/#organization\",\"name\":\"Av. Deniz Can K\u0131z\u0131l\",\"url\":\"https:\/\/denizcankizil.tr\/de\/\",\"logo\":{\"@type\":\"ImageObject\",\"inLanguage\":\"uk\",\"@id\":\"https:\/\/denizcankizil.tr\/de\/#\/schema\/logo\/image\/\",\"url\":\"http:\/\/denizcankizil.tr\/wp-content\/uploads\/2024\/10\/siyah-logo-svg.svg\",\"contentUrl\":\"http:\/\/denizcankizil.tr\/wp-content\/uploads\/2024\/10\/siyah-logo-svg.svg\",\"width\":1080,\"height\":1080,\"caption\":\"Av. Deniz Can K\u0131z\u0131l\"},\"image\":{\"@id\":\"https:\/\/denizcankizil.tr\/de\/#\/schema\/logo\/image\/\"}}]}<\/script>\n<!-- \/ Yoast SEO Premium plugin. -->","yoast_head_json":{"title":"Soner Sar\u0131kabaday\u0131\u2019n\u0131n Yeni \u015eark\u0131s\u0131 'Mevzu Derin' Global Viral Listelerde! - Av. Deniz Can K\u0131z\u0131l","robots":{"index":"index","follow":"follow","max-snippet":"max-snippet:-1","max-image-preview":"max-image-preview:large","max-video-preview":"max-video-preview:-1"},"canonical":"https:\/\/denizcankizil.tr\/uk\/haberler\/gundem\/soner-sarikabadayinin-yeni-sarkisi-mevzu-derin-global-viral-listelerde\/","og_locale":"uk_UA","og_type":"article","og_title":"Soner Sar\u0131kabaday\u0131\u2019n\u0131n Yeni \u015eark\u0131s\u0131 'Mevzu Derin' Global Viral Listelerde!","og_description":"T\u00fcrk pop m\u00fczi\u011finin hit makinesi Soner Sar\u0131kabaday\u0131, son \u015fark\u0131s\u0131 \u201cMevzu Derin\u201d ile uluslararas\u0131 bir ba\u015far\u0131ya daha imza att\u0131. \u200bT\u00fcrk pop m\u00fczi\u011finin hit makinesi Soner Sar\u0131kabaday\u0131, son \u015fark\u0131s\u0131 \u201cMevzu Derin\u201d ile uluslararas\u0131 bir ba\u015far\u0131ya daha imza att\u0131.\u00a0 \u200bHaberin Al\u0131nt\u0131land\u0131\u011f\u0131 Kaynak: www.iskenderun.org","og_url":"https:\/\/denizcankizil.tr\/uk\/haberler\/gundem\/soner-sarikabadayinin-yeni-sarkisi-mevzu-derin-global-viral-listelerde\/","og_site_name":"Av. Deniz Can K\u0131z\u0131l","article_published_time":"2024-12-02T20:42:59+00:00","twitter_card":"summary_large_image","schema":{"@context":"https:\/\/schema.org","@graph":[{"@type":"Article","@id":"https:\/\/denizcankizil.tr\/de\/haberler\/gundem\/soner-sarikabadayinin-yeni-sarkisi-mevzu-derin-global-viral-listelerde\/#article","isPartOf":{"@id":"https:\/\/denizcankizil.tr\/de\/haberler\/gundem\/soner-sarikabadayinin-yeni-sarkisi-mevzu-derin-global-viral-listelerde\/"},"author":{"name":"","@id":""},"headline":"Soner Sar\u0131kabaday\u0131\u2019n\u0131n Yeni \u015eark\u0131s\u0131 &#8216;Mevzu Derin&#8217; Global Viral Listelerde!","datePublished":"2024-12-02T20:42:59+00:00","mainEntityOfPage":{"@id":"https:\/\/denizcankizil.tr\/de\/haberler\/gundem\/soner-sarikabadayinin-yeni-sarkisi-mevzu-derin-global-viral-listelerde\/"},"wordCount":71,"commentCount":0,"publisher":{"@id":"https:\/\/denizcankizil.tr\/de\/#organization"},"articleSection":["G\u00fcndem","Uncategorized"],"inLanguage":"uk","potentialAction":[{"@type":"CommentAction","name":"Comment","target":["https:\/\/denizcankizil.tr\/de\/haberler\/gundem\/soner-sarikabadayinin-yeni-sarkisi-mevzu-derin-global-viral-listelerde\/#respond"]}]},{"@type":"WebPage","@id":"https:\/\/denizcankizil.tr\/de\/haberler\/gundem\/soner-sarikabadayinin-yeni-sarkisi-mevzu-derin-global-viral-listelerde\/","url":"https:\/\/denizcankizil.tr\/de\/haberler\/gundem\/soner-sarikabadayinin-yeni-sarkisi-mevzu-derin-global-viral-listelerde\/","name":"Soner Sar\u0131kabaday\u0131\u2019n\u0131n Yeni \u015eark\u0131s\u0131 'Mevzu Derin' Global Viral Listelerde! - Av. Deniz Can K\u0131z\u0131l","isPartOf":{"@id":"https:\/\/denizcankizil.tr\/de\/#website"},"datePublished":"2024-12-02T20:42:59+00:00","breadcrumb":{"@id":"https:\/\/denizcankizil.tr\/de\/haberler\/gundem\/soner-sarikabadayinin-yeni-sarkisi-mevzu-derin-global-viral-listelerde\/#breadcrumb"},"inLanguage":"uk","potentialAction":[{"@type":"ReadAction","target":["https:\/\/denizcankizil.tr\/de\/haberler\/gundem\/soner-sarikabadayinin-yeni-sarkisi-mevzu-derin-global-viral-listelerde\/"]}]},{"@type":"BreadcrumbList","@id":"https:\/\/denizcankizil.tr\/de\/haberler\/gundem\/soner-sarikabadayinin-yeni-sarkisi-mevzu-derin-global-viral-listelerde\/#breadcrumb","itemListElement":[{"@type":"ListItem","position":1,"name":"Home","item":"https:\/\/denizcankizil.tr\/de\/"},{"@type":"ListItem","position":2,"name":"Soner Sar\u0131kabaday\u0131\u2019n\u0131n Yeni \u015eark\u0131s\u0131 &#8216;Mevzu Derin&#8217; Global Viral Listelerde!"}]},{"@type":"WebSite","@id":"https:\/\/denizcankizil.tr\/de\/#website","url":"https:\/\/denizcankizil.tr\/de\/","name":"Av. Deniz Can K\u0131z\u0131l","description":"Avukat Deniz Can K\u0131z\u0131l Antalya Barosu","publisher":{"@id":"https:\/\/denizcankizil.tr\/de\/#organization"},"potentialAction":[{"@type":"SearchAction","target":{"@type":"EntryPoint","urlTemplate":"https:\/\/denizcankizil.tr\/de\/?s={search_term_string}"},"query-input":{"@type":"PropertyValueSpecification","valueRequired":true,"valueName":"search_term_string"}}],"inLanguage":"uk"},{"@type":"Organization","@id":"https:\/\/denizcankizil.tr\/de\/#organization","name":"Av. Deniz Can K\u0131z\u0131l","url":"https:\/\/denizcankizil.tr\/de\/","logo":{"@type":"ImageObject","inLanguage":"uk","@id":"https:\/\/denizcankizil.tr\/de\/#\/schema\/logo\/image\/","url":"http:\/\/denizcankizil.tr\/wp-content\/uploads\/2024\/10\/siyah-logo-svg.svg","contentUrl":"http:\/\/denizcankizil.tr\/wp-content\/uploads\/2024\/10\/siyah-logo-svg.svg","width":1080,"height":1080,"caption":"Av. Deniz Can K\u0131z\u0131l"},"image":{"@id":"https:\/\/denizcankizil.tr\/de\/#\/schema\/logo\/image\/"}}]}},"_links":{"self":[{"href":"http:\/\/denizcankizil.tr\/uk\/wp-json\/wp\/v2\/posts\/18802","targetHints":{"allow":["GET"]}}],"collection":[{"href":"http:\/\/denizcankizil.tr\/uk\/wp-json\/wp\/v2\/posts"}],"about":[{"href":"http:\/\/denizcankizil.tr\/uk\/wp-json\/wp\/v2\/types\/post"}],"replies":[{"embeddable":true,"href":"http:\/\/denizcankizil.tr\/uk\/wp-json\/wp\/v2\/comments?post=18802"}],"version-history":[{"count":0,"href":"http:\/\/denizcankizil.tr\/uk\/wp-json\/wp\/v2\/posts\/18802\/revisions"}],"wp:attachment":[{"href":"http:\/\/denizcankizil.tr\/uk\/wp-json\/wp\/v2\/media?parent=18802"}],"wp:term":[{"taxonomy":"category","embeddable":true,"href":"http:\/\/denizcankizil.tr\/uk\/wp-json\/wp\/v2\/categories?post=18802"},{"taxonomy":"post_tag","embeddable":true,"href":"http:\/\/denizcankizil.tr\/uk\/wp-json\/wp\/v2\/tags?post=18802"}],"curies":[{"name":"wp","href":"https:\/\/api.w.org\/{rel}","templated":true}]}}