{"id":18554,"date":"2024-12-01T08:41:31","date_gmt":"2024-12-01T05:41:31","guid":{"rendered":"https:\/\/denizcankizil.tr\/uncategorized-tr\/avmde-engelliler-gunu-farkindalik-sergisi\/"},"modified":"2024-12-01T08:41:31","modified_gmt":"2024-12-01T05:41:31","slug":"avmde-engelliler-gunu-farkindalik-sergisi","status":"publish","type":"post","link":"http:\/\/denizcankizil.tr\/uk\/haberler\/gundem\/avmde-engelliler-gunu-farkindalik-sergisi\/","title":{"rendered":"AVM\u2019de \u2018Engelliler G\u00fcn\u00fc\u2019 fark\u0131ndal\u0131k sergisi\u2026"},"content":{"rendered":"<p>Engelli bireyler taraf\u0131ndan b\u00fcy\u00fck emek ve \u00f6zenle haz\u0131rlanan eserlerin sergisine, \u0130skenderun Kaymakam\u0131 Muhammet \u00d6nder, \u0130l\u00e7e Jandarma Komutan\u0131 Binba\u015f\u0131 Mustafa A\u00e7\u0131k, Sosyal Hizmetler M\u00fcd\u00fcr\u00fc Y\u0131lmaz Balaman, engelli bireyler ve aileleri kat\u0131ld\u0131.<\/p>\n<p>Sergi a\u00e7\u0131l\u0131\u015f\u0131 \u00f6ncesinde konu\u015fan Engelliyim Engel Tan\u0131mam Derne\u011fi Ba\u015fkan\u0131 Kamil G\u00f6\u00e7men, \u201cFark\u0131ndal\u0131k g\u00fcn\u00fc nedeniyle bizleri yaln\u0131z b\u0131rakmayan herkese te\u015fekk\u00fcr ediyorum,\u201d dedi.<\/p>\n<p>\u0130skenderun Kaymakam\u0131 Muhammet \u00d6nder ise, 3 Aral\u0131k engelliler g\u00fcn\u00fc dolay\u0131s\u0131yla, y\u0131l boyu yapm\u0131\u015f olduklar\u0131 \u00fcr\u00fcnleri sergilemek i\u00e7in d\u00fczenlemi\u015f olduklar\u0131 sergi kat\u0131lman\u0131n mutlulu\u011funu ya\u015fad\u0131klar\u0131n\u0131 ifade ederek \u201cEngelli karde\u015flerimizin y\u0131l boyu haz\u0131rlad\u0131\u011f\u0131 \u00e7al\u0131\u015fmalar\u0131 fark\u0131ndal\u0131k olu\u015fturmas\u0131 i\u00e7in d\u00fczenlenen bu anlaml\u0131 sergiyi a\u00e7man\u0131n heyecan\u0131n\u0131 ya\u015f\u0131yorum. Hay\u0131rl\u0131 olmas\u0131n\u0131 diliyorum serginin\u201d diye konu\u015ftu.<\/p>\n<p>Konu\u015fmalar\u0131n ard\u0131ndan serginin a\u00e7\u0131l\u0131\u015f\u0131 dualarla ve kurdele kesimiyle ger\u00e7ekle\u015ftirildi. Etkinlik boyunca sergi gezilirken, m\u00fczik e\u015fli\u011finde d\u00fczenlenen e\u011flence, kat\u0131l\u0131mc\u0131lara keyifli anlar ya\u015fatt\u0131.<\/p>\n<p>\u200b\u0130skenderun Kaymakaml\u0131\u011f\u0131, Belediye ve Sosyal Hizmetler M\u00fcd\u00fcrl\u00fc\u011f\u00fc i\u015f birli\u011fiyle 3 Aral\u0131k D\u00fcnya Engelliler G\u00fcn\u00fc kapsam\u0131nda Park Forbes AVM\u2019de resim ve el i\u015fi sergisi d\u00fczenlendi.\u00a0<\/p>\n<p>\u200bHaberin Al\u0131nt\u0131land\u0131\u011f\u0131 Kaynak: www.iskenderun.org<\/p>","protected":false},"excerpt":{"rendered":"<p>Engelli bireyler taraf\u0131ndan b\u00fcy\u00fck emek ve \u00f6zenle haz\u0131rlanan eserlerin sergisine, \u0130skenderun Kaymakam\u0131 Muhammet \u00d6nder, \u0130l\u00e7e Jandarma Komutan\u0131 Binba\u015f\u0131 Mustafa A\u00e7\u0131k, Sosyal Hizmetler M\u00fcd\u00fcr\u00fc Y\u0131lmaz Balaman, engelli bireyler ve aileleri kat\u0131ld\u0131. Sergi a\u00e7\u0131l\u0131\u015f\u0131 \u00f6ncesinde konu\u015fan Engelliyim Engel Tan\u0131mam Derne\u011fi Ba\u015fkan\u0131 Kamil G\u00f6\u00e7men, \u201cFark\u0131ndal\u0131k g\u00fcn\u00fc nedeniyle bizleri yaln\u0131z b\u0131rakmayan herkese te\u015fekk\u00fcr ediyorum,\u201d dedi. \u0130skenderun Kaymakam\u0131 Muhammet \u00d6nder ise, 3 Aral\u0131k engelliler g\u00fcn\u00fc dolay\u0131s\u0131yla, y\u0131l boyu yapm\u0131\u015f olduklar\u0131 \u00fcr\u00fcnleri sergilemek i\u00e7in d\u00fczenlemi\u015f olduklar\u0131 sergi kat\u0131lman\u0131n mutlulu\u011funu ya\u015fad\u0131klar\u0131n\u0131 ifade ederek \u201cEngelli karde\u015flerimizin y\u0131l boyu haz\u0131rlad\u0131\u011f\u0131 \u00e7al\u0131\u015fmalar\u0131 fark\u0131ndal\u0131k olu\u015fturmas\u0131 i\u00e7in d\u00fczenlenen bu anlaml\u0131 sergiyi a\u00e7man\u0131n heyecan\u0131n\u0131 ya\u015f\u0131yorum. Hay\u0131rl\u0131 olmas\u0131n\u0131 diliyorum serginin\u201d diye konu\u015ftu. Konu\u015fmalar\u0131n ard\u0131ndan serginin a\u00e7\u0131l\u0131\u015f\u0131 dualarla ve kurdele kesimiyle ger\u00e7ekle\u015ftirildi. Etkinlik boyunca sergi gezilirken, m\u00fczik e\u015fli\u011finde d\u00fczenlenen e\u011flence, kat\u0131l\u0131mc\u0131lara keyifli anlar ya\u015fatt\u0131. \u200b\u0130skenderun Kaymakaml\u0131\u011f\u0131, Belediye ve Sosyal Hizmetler M\u00fcd\u00fcrl\u00fc\u011f\u00fc i\u015f birli\u011fiyle 3 Aral\u0131k D\u00fcnya Engelliler G\u00fcn\u00fc kapsam\u0131nda Park Forbes AVM\u2019de resim ve el i\u015fi sergisi d\u00fczenlendi.\u00a0 \u200bHaberin Al\u0131nt\u0131land\u0131\u011f\u0131 Kaynak: www.iskenderun.org<\/p>","protected":false},"author":0,"featured_media":0,"comment_status":"open","ping_status":"open","sticky":false,"template":"","format":"standard","meta":{"_acf_changed":false,"footnotes":""},"categories":[24,535],"tags":[],"class_list":["post-18554","post","type-post","status-publish","format-standard","has-post-thumbnail","hentry","category-gundem","category-uncategorized-tr"],"acf":[],"yoast_head":"<!-- This site is optimized with the Yoast SEO Premium plugin v26.6 (Yoast SEO v27.1.1) - https:\/\/yoast.com\/product\/yoast-seo-premium-wordpress\/ -->\n<title>AVM\u2019de \u2018Engelliler G\u00fcn\u00fc\u2019 fark\u0131ndal\u0131k sergisi\u2026 - Av. Deniz Can K\u0131z\u0131l<\/title>\n<meta name=\"robots\" content=\"index, follow, max-snippet:-1, max-image-preview:large, max-video-preview:-1\" \/>\n<link rel=\"canonical\" href=\"http:\/\/denizcankizil.tr\/uk\/haberler\/gundem\/avmde-engelliler-gunu-farkindalik-sergisi\/\" \/>\n<meta property=\"og:locale\" content=\"uk_UA\" \/>\n<meta property=\"og:type\" content=\"article\" \/>\n<meta property=\"og:title\" content=\"AVM\u2019de \u2018Engelliler G\u00fcn\u00fc\u2019 fark\u0131ndal\u0131k sergisi\u2026\" \/>\n<meta property=\"og:description\" content=\"Engelli bireyler taraf\u0131ndan b\u00fcy\u00fck emek ve \u00f6zenle haz\u0131rlanan eserlerin sergisine, \u0130skenderun Kaymakam\u0131 Muhammet \u00d6nder, \u0130l\u00e7e Jandarma Komutan\u0131 Binba\u015f\u0131 Mustafa A\u00e7\u0131k, Sosyal Hizmetler M\u00fcd\u00fcr\u00fc Y\u0131lmaz Balaman, engelli bireyler ve aileleri kat\u0131ld\u0131. Sergi a\u00e7\u0131l\u0131\u015f\u0131 \u00f6ncesinde konu\u015fan Engelliyim Engel Tan\u0131mam Derne\u011fi Ba\u015fkan\u0131 Kamil G\u00f6\u00e7men, \u201cFark\u0131ndal\u0131k g\u00fcn\u00fc nedeniyle bizleri yaln\u0131z b\u0131rakmayan herkese te\u015fekk\u00fcr ediyorum,\u201d dedi. \u0130skenderun Kaymakam\u0131 Muhammet \u00d6nder ise, 3 Aral\u0131k engelliler g\u00fcn\u00fc dolay\u0131s\u0131yla, y\u0131l boyu yapm\u0131\u015f olduklar\u0131 \u00fcr\u00fcnleri sergilemek i\u00e7in d\u00fczenlemi\u015f olduklar\u0131 sergi kat\u0131lman\u0131n mutlulu\u011funu ya\u015fad\u0131klar\u0131n\u0131 ifade ederek \u201cEngelli karde\u015flerimizin y\u0131l boyu haz\u0131rlad\u0131\u011f\u0131 \u00e7al\u0131\u015fmalar\u0131 fark\u0131ndal\u0131k olu\u015fturmas\u0131 i\u00e7in d\u00fczenlenen bu anlaml\u0131 sergiyi a\u00e7man\u0131n heyecan\u0131n\u0131 ya\u015f\u0131yorum. Hay\u0131rl\u0131 olmas\u0131n\u0131 diliyorum serginin\u201d diye konu\u015ftu. Konu\u015fmalar\u0131n ard\u0131ndan serginin a\u00e7\u0131l\u0131\u015f\u0131 dualarla ve kurdele kesimiyle ger\u00e7ekle\u015ftirildi. Etkinlik boyunca sergi gezilirken, m\u00fczik e\u015fli\u011finde d\u00fczenlenen e\u011flence, kat\u0131l\u0131mc\u0131lara keyifli anlar ya\u015fatt\u0131. \u200b\u0130skenderun Kaymakaml\u0131\u011f\u0131, Belediye ve Sosyal Hizmetler M\u00fcd\u00fcrl\u00fc\u011f\u00fc i\u015f birli\u011fiyle 3 Aral\u0131k D\u00fcnya Engelliler G\u00fcn\u00fc kapsam\u0131nda Park Forbes AVM\u2019de resim ve el i\u015fi sergisi d\u00fczenlendi.\u00a0 \u200bHaberin Al\u0131nt\u0131land\u0131\u011f\u0131 Kaynak: www.iskenderun.org\" \/>\n<meta property=\"og:url\" content=\"http:\/\/denizcankizil.tr\/uk\/haberler\/gundem\/avmde-engelliler-gunu-farkindalik-sergisi\/\" \/>\n<meta property=\"og:site_name\" content=\"Av. Deniz Can K\u0131z\u0131l\" \/>\n<meta property=\"article:published_time\" content=\"2024-12-01T05:41:31+00:00\" \/>\n<meta name=\"twitter:card\" content=\"summary_large_image\" \/>\n<meta name=\"twitter:label1\" content=\"\u041f\u0440\u0438\u0431\u043b. \u0447\u0430\u0441 \u0447\u0438\u0442\u0430\u043d\u043d\u044f\" \/>\n\t<meta name=\"twitter:data1\" content=\"1 \u0445\u0432\u0438\u043b\u0438\u043d\u0430\" \/>\n<script type=\"application\/ld+json\" class=\"yoast-schema-graph\">{\"@context\":\"https:\/\/schema.org\",\"@graph\":[{\"@type\":\"Article\",\"@id\":\"http:\/\/denizcankizil.tr\/uk\/haberler\/gundem\/avmde-engelliler-gunu-farkindalik-sergisi\/#article\",\"isPartOf\":{\"@id\":\"http:\/\/denizcankizil.tr\/uk\/haberler\/gundem\/avmde-engelliler-gunu-farkindalik-sergisi\/\"},\"author\":{\"name\":\"\",\"@id\":\"\"},\"headline\":\"AVM\u2019de \u2018Engelliler G\u00fcn\u00fc\u2019 fark\u0131ndal\u0131k sergisi\u2026\",\"datePublished\":\"2024-12-01T05:41:31+00:00\",\"mainEntityOfPage\":{\"@id\":\"http:\/\/denizcankizil.tr\/uk\/haberler\/gundem\/avmde-engelliler-gunu-farkindalik-sergisi\/\"},\"wordCount\":236,\"commentCount\":0,\"publisher\":{\"@id\":\"https:\/\/denizcankizil.tr\/#organization\"},\"articleSection\":[\"G\u00fcndem\",\"Uncategorized\"],\"inLanguage\":\"uk\",\"potentialAction\":[{\"@type\":\"CommentAction\",\"name\":\"Comment\",\"target\":[\"http:\/\/denizcankizil.tr\/uk\/haberler\/gundem\/avmde-engelliler-gunu-farkindalik-sergisi\/#respond\"]}]},{\"@type\":\"WebPage\",\"@id\":\"http:\/\/denizcankizil.tr\/uk\/haberler\/gundem\/avmde-engelliler-gunu-farkindalik-sergisi\/\",\"url\":\"http:\/\/denizcankizil.tr\/uk\/haberler\/gundem\/avmde-engelliler-gunu-farkindalik-sergisi\/\",\"name\":\"AVM\u2019de \u2018Engelliler G\u00fcn\u00fc\u2019 fark\u0131ndal\u0131k sergisi\u2026 - Av. Deniz Can K\u0131z\u0131l\",\"isPartOf\":{\"@id\":\"https:\/\/denizcankizil.tr\/#website\"},\"datePublished\":\"2024-12-01T05:41:31+00:00\",\"breadcrumb\":{\"@id\":\"http:\/\/denizcankizil.tr\/uk\/haberler\/gundem\/avmde-engelliler-gunu-farkindalik-sergisi\/#breadcrumb\"},\"inLanguage\":\"uk\",\"potentialAction\":[{\"@type\":\"ReadAction\",\"target\":[\"http:\/\/denizcankizil.tr\/uk\/haberler\/gundem\/avmde-engelliler-gunu-farkindalik-sergisi\/\"]}]},{\"@type\":\"BreadcrumbList\",\"@id\":\"http:\/\/denizcankizil.tr\/uk\/haberler\/gundem\/avmde-engelliler-gunu-farkindalik-sergisi\/#breadcrumb\",\"itemListElement\":[{\"@type\":\"ListItem\",\"position\":1,\"name\":\"Home\",\"item\":\"https:\/\/denizcankizil.tr\/de\/\"},{\"@type\":\"ListItem\",\"position\":2,\"name\":\"AVM\u2019de \u2018Engelliler G\u00fcn\u00fc\u2019 fark\u0131ndal\u0131k sergisi\u2026\"}]},{\"@type\":\"WebSite\",\"@id\":\"https:\/\/denizcankizil.tr\/#website\",\"url\":\"https:\/\/denizcankizil.tr\/\",\"name\":\"Av. Deniz Can K\u0131z\u0131l\",\"description\":\"Avukat Deniz Can K\u0131z\u0131l Antalya Barosu\",\"publisher\":{\"@id\":\"https:\/\/denizcankizil.tr\/#organization\"},\"potentialAction\":[{\"@type\":\"SearchAction\",\"target\":{\"@type\":\"EntryPoint\",\"urlTemplate\":\"https:\/\/denizcankizil.tr\/?s={search_term_string}\"},\"query-input\":{\"@type\":\"PropertyValueSpecification\",\"valueRequired\":true,\"valueName\":\"search_term_string\"}}],\"inLanguage\":\"uk\"},{\"@type\":\"Organization\",\"@id\":\"https:\/\/denizcankizil.tr\/#organization\",\"name\":\"Av. Deniz Can K\u0131z\u0131l\",\"url\":\"https:\/\/denizcankizil.tr\/\",\"logo\":{\"@type\":\"ImageObject\",\"inLanguage\":\"uk\",\"@id\":\"https:\/\/denizcankizil.tr\/#\/schema\/logo\/image\/\",\"url\":\"http:\/\/denizcankizil.tr\/wp-content\/uploads\/2024\/10\/siyah-logo-svg.svg\",\"contentUrl\":\"http:\/\/denizcankizil.tr\/wp-content\/uploads\/2024\/10\/siyah-logo-svg.svg\",\"width\":1080,\"height\":1080,\"caption\":\"Av. Deniz Can K\u0131z\u0131l\"},\"image\":{\"@id\":\"https:\/\/denizcankizil.tr\/#\/schema\/logo\/image\/\"}}]}<\/script>\n<!-- \/ Yoast SEO Premium plugin. -->","yoast_head_json":{"title":"AVM\u2019de \u2018Engelliler G\u00fcn\u00fc\u2019 fark\u0131ndal\u0131k sergisi\u2026 - Av. Deniz Can K\u0131z\u0131l","robots":{"index":"index","follow":"follow","max-snippet":"max-snippet:-1","max-image-preview":"max-image-preview:large","max-video-preview":"max-video-preview:-1"},"canonical":"http:\/\/denizcankizil.tr\/uk\/haberler\/gundem\/avmde-engelliler-gunu-farkindalik-sergisi\/","og_locale":"uk_UA","og_type":"article","og_title":"AVM\u2019de \u2018Engelliler G\u00fcn\u00fc\u2019 fark\u0131ndal\u0131k sergisi\u2026","og_description":"Engelli bireyler taraf\u0131ndan b\u00fcy\u00fck emek ve \u00f6zenle haz\u0131rlanan eserlerin sergisine, \u0130skenderun Kaymakam\u0131 Muhammet \u00d6nder, \u0130l\u00e7e Jandarma Komutan\u0131 Binba\u015f\u0131 Mustafa A\u00e7\u0131k, Sosyal Hizmetler M\u00fcd\u00fcr\u00fc Y\u0131lmaz Balaman, engelli bireyler ve aileleri kat\u0131ld\u0131. Sergi a\u00e7\u0131l\u0131\u015f\u0131 \u00f6ncesinde konu\u015fan Engelliyim Engel Tan\u0131mam Derne\u011fi Ba\u015fkan\u0131 Kamil G\u00f6\u00e7men, \u201cFark\u0131ndal\u0131k g\u00fcn\u00fc nedeniyle bizleri yaln\u0131z b\u0131rakmayan herkese te\u015fekk\u00fcr ediyorum,\u201d dedi. \u0130skenderun Kaymakam\u0131 Muhammet \u00d6nder ise, 3 Aral\u0131k engelliler g\u00fcn\u00fc dolay\u0131s\u0131yla, y\u0131l boyu yapm\u0131\u015f olduklar\u0131 \u00fcr\u00fcnleri sergilemek i\u00e7in d\u00fczenlemi\u015f olduklar\u0131 sergi kat\u0131lman\u0131n mutlulu\u011funu ya\u015fad\u0131klar\u0131n\u0131 ifade ederek \u201cEngelli karde\u015flerimizin y\u0131l boyu haz\u0131rlad\u0131\u011f\u0131 \u00e7al\u0131\u015fmalar\u0131 fark\u0131ndal\u0131k olu\u015fturmas\u0131 i\u00e7in d\u00fczenlenen bu anlaml\u0131 sergiyi a\u00e7man\u0131n heyecan\u0131n\u0131 ya\u015f\u0131yorum. Hay\u0131rl\u0131 olmas\u0131n\u0131 diliyorum serginin\u201d diye konu\u015ftu. Konu\u015fmalar\u0131n ard\u0131ndan serginin a\u00e7\u0131l\u0131\u015f\u0131 dualarla ve kurdele kesimiyle ger\u00e7ekle\u015ftirildi. Etkinlik boyunca sergi gezilirken, m\u00fczik e\u015fli\u011finde d\u00fczenlenen e\u011flence, kat\u0131l\u0131mc\u0131lara keyifli anlar ya\u015fatt\u0131. \u200b\u0130skenderun Kaymakaml\u0131\u011f\u0131, Belediye ve Sosyal Hizmetler M\u00fcd\u00fcrl\u00fc\u011f\u00fc i\u015f birli\u011fiyle 3 Aral\u0131k D\u00fcnya Engelliler G\u00fcn\u00fc kapsam\u0131nda Park Forbes AVM\u2019de resim ve el i\u015fi sergisi d\u00fczenlendi.\u00a0 \u200bHaberin Al\u0131nt\u0131land\u0131\u011f\u0131 Kaynak: www.iskenderun.org","og_url":"http:\/\/denizcankizil.tr\/uk\/haberler\/gundem\/avmde-engelliler-gunu-farkindalik-sergisi\/","og_site_name":"Av. Deniz Can K\u0131z\u0131l","article_published_time":"2024-12-01T05:41:31+00:00","twitter_card":"summary_large_image","twitter_misc":{"\u041f\u0440\u0438\u0431\u043b. \u0447\u0430\u0441 \u0447\u0438\u0442\u0430\u043d\u043d\u044f":"1 \u0445\u0432\u0438\u043b\u0438\u043d\u0430"},"schema":{"@context":"https:\/\/schema.org","@graph":[{"@type":"Article","@id":"http:\/\/denizcankizil.tr\/uk\/haberler\/gundem\/avmde-engelliler-gunu-farkindalik-sergisi\/#article","isPartOf":{"@id":"http:\/\/denizcankizil.tr\/uk\/haberler\/gundem\/avmde-engelliler-gunu-farkindalik-sergisi\/"},"author":{"name":"","@id":""},"headline":"AVM\u2019de \u2018Engelliler G\u00fcn\u00fc\u2019 fark\u0131ndal\u0131k sergisi\u2026","datePublished":"2024-12-01T05:41:31+00:00","mainEntityOfPage":{"@id":"http:\/\/denizcankizil.tr\/uk\/haberler\/gundem\/avmde-engelliler-gunu-farkindalik-sergisi\/"},"wordCount":236,"commentCount":0,"publisher":{"@id":"https:\/\/denizcankizil.tr\/#organization"},"articleSection":["G\u00fcndem","Uncategorized"],"inLanguage":"uk","potentialAction":[{"@type":"CommentAction","name":"Comment","target":["http:\/\/denizcankizil.tr\/uk\/haberler\/gundem\/avmde-engelliler-gunu-farkindalik-sergisi\/#respond"]}]},{"@type":"WebPage","@id":"http:\/\/denizcankizil.tr\/uk\/haberler\/gundem\/avmde-engelliler-gunu-farkindalik-sergisi\/","url":"http:\/\/denizcankizil.tr\/uk\/haberler\/gundem\/avmde-engelliler-gunu-farkindalik-sergisi\/","name":"AVM\u2019de \u2018Engelliler G\u00fcn\u00fc\u2019 fark\u0131ndal\u0131k sergisi\u2026 - Av. Deniz Can K\u0131z\u0131l","isPartOf":{"@id":"https:\/\/denizcankizil.tr\/#website"},"datePublished":"2024-12-01T05:41:31+00:00","breadcrumb":{"@id":"http:\/\/denizcankizil.tr\/uk\/haberler\/gundem\/avmde-engelliler-gunu-farkindalik-sergisi\/#breadcrumb"},"inLanguage":"uk","potentialAction":[{"@type":"ReadAction","target":["http:\/\/denizcankizil.tr\/uk\/haberler\/gundem\/avmde-engelliler-gunu-farkindalik-sergisi\/"]}]},{"@type":"BreadcrumbList","@id":"http:\/\/denizcankizil.tr\/uk\/haberler\/gundem\/avmde-engelliler-gunu-farkindalik-sergisi\/#breadcrumb","itemListElement":[{"@type":"ListItem","position":1,"name":"Home","item":"https:\/\/denizcankizil.tr\/de\/"},{"@type":"ListItem","position":2,"name":"AVM\u2019de \u2018Engelliler G\u00fcn\u00fc\u2019 fark\u0131ndal\u0131k sergisi\u2026"}]},{"@type":"WebSite","@id":"https:\/\/denizcankizil.tr\/#website","url":"https:\/\/denizcankizil.tr\/","name":"Av. Deniz Can K\u0131z\u0131l","description":"Avukat Deniz Can K\u0131z\u0131l Antalya Barosu","publisher":{"@id":"https:\/\/denizcankizil.tr\/#organization"},"potentialAction":[{"@type":"SearchAction","target":{"@type":"EntryPoint","urlTemplate":"https:\/\/denizcankizil.tr\/?s={search_term_string}"},"query-input":{"@type":"PropertyValueSpecification","valueRequired":true,"valueName":"search_term_string"}}],"inLanguage":"uk"},{"@type":"Organization","@id":"https:\/\/denizcankizil.tr\/#organization","name":"Av. Deniz Can K\u0131z\u0131l","url":"https:\/\/denizcankizil.tr\/","logo":{"@type":"ImageObject","inLanguage":"uk","@id":"https:\/\/denizcankizil.tr\/#\/schema\/logo\/image\/","url":"http:\/\/denizcankizil.tr\/wp-content\/uploads\/2024\/10\/siyah-logo-svg.svg","contentUrl":"http:\/\/denizcankizil.tr\/wp-content\/uploads\/2024\/10\/siyah-logo-svg.svg","width":1080,"height":1080,"caption":"Av. Deniz Can K\u0131z\u0131l"},"image":{"@id":"https:\/\/denizcankizil.tr\/#\/schema\/logo\/image\/"}}]}},"_links":{"self":[{"href":"http:\/\/denizcankizil.tr\/uk\/wp-json\/wp\/v2\/posts\/18554","targetHints":{"allow":["GET"]}}],"collection":[{"href":"http:\/\/denizcankizil.tr\/uk\/wp-json\/wp\/v2\/posts"}],"about":[{"href":"http:\/\/denizcankizil.tr\/uk\/wp-json\/wp\/v2\/types\/post"}],"replies":[{"embeddable":true,"href":"http:\/\/denizcankizil.tr\/uk\/wp-json\/wp\/v2\/comments?post=18554"}],"version-history":[{"count":0,"href":"http:\/\/denizcankizil.tr\/uk\/wp-json\/wp\/v2\/posts\/18554\/revisions"}],"wp:attachment":[{"href":"http:\/\/denizcankizil.tr\/uk\/wp-json\/wp\/v2\/media?parent=18554"}],"wp:term":[{"taxonomy":"category","embeddable":true,"href":"http:\/\/denizcankizil.tr\/uk\/wp-json\/wp\/v2\/categories?post=18554"},{"taxonomy":"post_tag","embeddable":true,"href":"http:\/\/denizcankizil.tr\/uk\/wp-json\/wp\/v2\/tags?post=18554"}],"curies":[{"name":"wp","href":"https:\/\/api.w.org\/{rel}","templated":true}]}}