{"id":18233,"date":"2024-11-29T08:42:32","date_gmt":"2024-11-29T05:42:32","guid":{"rendered":"https:\/\/denizcankizil.tr\/uncategorized-tr\/bayrampasada-bir-ilk\/"},"modified":"2024-11-29T08:42:32","modified_gmt":"2024-11-29T05:42:32","slug":"bayrampasada-bir-ilk","status":"publish","type":"post","link":"http:\/\/denizcankizil.tr\/uk\/haberler\/gundem\/bayrampasada-bir-ilk\/","title":{"rendered":"Bayrampa\u015fa\u2019da bir ilk!"},"content":{"rendered":"<p>\u0130stanbul U18 Ligi\u2019nin grup ve fikst\u00fcrlerinin belli olaca\u011f\u0131 kura \u00e7ekimi 29 Kas\u0131m Cuma g\u00fcn\u00fc Bayrampa\u015fa Belediyesi Mehmet Akif Ersoy K\u00fclt\u00fcr Merkezi\u2019nde ger\u00e7ekle\u015ftirilecek.<\/p>\n<p>\u200b\u0130stanbul U18 Ligi\u2019nin grup ve fikst\u00fcrlerinin belli olaca\u011f\u0131 kura \u00e7ekimi 29 Kas\u0131m Cuma g\u00fcn\u00fc Bayrampa\u015fa Belediyesi Mehmet Akif Ersoy K\u00fclt\u00fcr Merkezi\u2019nde ger\u00e7ekle\u015ftirilecek.\u00a0<\/p>\n<p>\u200bHaberin Al\u0131nt\u0131land\u0131\u011f\u0131 Kaynak: www.iskenderun.org<\/p>","protected":false},"excerpt":{"rendered":"<p>\u0130stanbul U18 Ligi\u2019nin grup ve fikst\u00fcrlerinin belli olaca\u011f\u0131 kura \u00e7ekimi 29 Kas\u0131m Cuma g\u00fcn\u00fc Bayrampa\u015fa Belediyesi Mehmet Akif Ersoy K\u00fclt\u00fcr Merkezi\u2019nde ger\u00e7ekle\u015ftirilecek. \u200b\u0130stanbul U18 Ligi\u2019nin grup ve fikst\u00fcrlerinin belli olaca\u011f\u0131 kura \u00e7ekimi 29 Kas\u0131m Cuma g\u00fcn\u00fc Bayrampa\u015fa Belediyesi Mehmet Akif Ersoy K\u00fclt\u00fcr Merkezi\u2019nde ger\u00e7ekle\u015ftirilecek.\u00a0 \u200bHaberin Al\u0131nt\u0131land\u0131\u011f\u0131 Kaynak: www.iskenderun.org<\/p>","protected":false},"author":0,"featured_media":0,"comment_status":"open","ping_status":"open","sticky":false,"template":"","format":"standard","meta":{"_acf_changed":false,"footnotes":""},"categories":[24,535],"tags":[],"class_list":["post-18233","post","type-post","status-publish","format-standard","has-post-thumbnail","hentry","category-gundem","category-uncategorized-tr"],"acf":[],"yoast_head":"<!-- This site is optimized with the Yoast SEO Premium plugin v26.6 (Yoast SEO v27.1.1) - https:\/\/yoast.com\/product\/yoast-seo-premium-wordpress\/ -->\n<title>Bayrampa\u015fa\u2019da bir ilk! - Av. Deniz Can K\u0131z\u0131l<\/title>\n<meta name=\"robots\" content=\"index, follow, max-snippet:-1, max-image-preview:large, max-video-preview:-1\" \/>\n<link rel=\"canonical\" href=\"http:\/\/denizcankizil.tr\/uk\/haberler\/gundem\/bayrampasada-bir-ilk\/\" \/>\n<meta property=\"og:locale\" content=\"uk_UA\" \/>\n<meta property=\"og:type\" content=\"article\" \/>\n<meta property=\"og:title\" content=\"Bayrampa\u015fa\u2019da bir ilk!\" \/>\n<meta property=\"og:description\" content=\"\u0130stanbul U18 Ligi\u2019nin grup ve fikst\u00fcrlerinin belli olaca\u011f\u0131 kura \u00e7ekimi 29 Kas\u0131m Cuma g\u00fcn\u00fc Bayrampa\u015fa Belediyesi Mehmet Akif Ersoy K\u00fclt\u00fcr Merkezi\u2019nde ger\u00e7ekle\u015ftirilecek. \u200b\u0130stanbul U18 Ligi\u2019nin grup ve fikst\u00fcrlerinin belli olaca\u011f\u0131 kura \u00e7ekimi 29 Kas\u0131m Cuma g\u00fcn\u00fc Bayrampa\u015fa Belediyesi Mehmet Akif Ersoy K\u00fclt\u00fcr Merkezi\u2019nde ger\u00e7ekle\u015ftirilecek.\u00a0 \u200bHaberin Al\u0131nt\u0131land\u0131\u011f\u0131 Kaynak: www.iskenderun.org\" \/>\n<meta property=\"og:url\" content=\"http:\/\/denizcankizil.tr\/uk\/haberler\/gundem\/bayrampasada-bir-ilk\/\" \/>\n<meta property=\"og:site_name\" content=\"Av. Deniz Can K\u0131z\u0131l\" \/>\n<meta property=\"article:published_time\" content=\"2024-11-29T05:42:32+00:00\" \/>\n<meta name=\"twitter:card\" content=\"summary_large_image\" \/>\n<script type=\"application\/ld+json\" class=\"yoast-schema-graph\">{\"@context\":\"https:\/\/schema.org\",\"@graph\":[{\"@type\":\"Article\",\"@id\":\"http:\/\/denizcankizil.tr\/uk\/haberler\/gundem\/bayrampasada-bir-ilk\/#article\",\"isPartOf\":{\"@id\":\"http:\/\/denizcankizil.tr\/uk\/haberler\/gundem\/bayrampasada-bir-ilk\/\"},\"author\":{\"name\":\"\",\"@id\":\"\"},\"headline\":\"Bayrampa\u015fa\u2019da bir ilk!\",\"datePublished\":\"2024-11-29T05:42:32+00:00\",\"mainEntityOfPage\":{\"@id\":\"http:\/\/denizcankizil.tr\/uk\/haberler\/gundem\/bayrampasada-bir-ilk\/\"},\"wordCount\":75,\"commentCount\":0,\"publisher\":{\"@id\":\"https:\/\/denizcankizil.tr\/de\/#organization\"},\"articleSection\":[\"G\u00fcndem\",\"Uncategorized\"],\"inLanguage\":\"uk\",\"potentialAction\":[{\"@type\":\"CommentAction\",\"name\":\"Comment\",\"target\":[\"http:\/\/denizcankizil.tr\/uk\/haberler\/gundem\/bayrampasada-bir-ilk\/#respond\"]}]},{\"@type\":\"WebPage\",\"@id\":\"http:\/\/denizcankizil.tr\/uk\/haberler\/gundem\/bayrampasada-bir-ilk\/\",\"url\":\"http:\/\/denizcankizil.tr\/uk\/haberler\/gundem\/bayrampasada-bir-ilk\/\",\"name\":\"Bayrampa\u015fa\u2019da bir ilk! - Av. Deniz Can K\u0131z\u0131l\",\"isPartOf\":{\"@id\":\"https:\/\/denizcankizil.tr\/de\/#website\"},\"datePublished\":\"2024-11-29T05:42:32+00:00\",\"breadcrumb\":{\"@id\":\"http:\/\/denizcankizil.tr\/uk\/haberler\/gundem\/bayrampasada-bir-ilk\/#breadcrumb\"},\"inLanguage\":\"uk\",\"potentialAction\":[{\"@type\":\"ReadAction\",\"target\":[\"http:\/\/denizcankizil.tr\/uk\/haberler\/gundem\/bayrampasada-bir-ilk\/\"]}]},{\"@type\":\"BreadcrumbList\",\"@id\":\"http:\/\/denizcankizil.tr\/uk\/haberler\/gundem\/bayrampasada-bir-ilk\/#breadcrumb\",\"itemListElement\":[{\"@type\":\"ListItem\",\"position\":1,\"name\":\"Home\",\"item\":\"https:\/\/denizcankizil.tr\/de\/\"},{\"@type\":\"ListItem\",\"position\":2,\"name\":\"Bayrampa\u015fa\u2019da bir ilk!\"}]},{\"@type\":\"WebSite\",\"@id\":\"https:\/\/denizcankizil.tr\/de\/#website\",\"url\":\"https:\/\/denizcankizil.tr\/de\/\",\"name\":\"Av. Deniz Can K\u0131z\u0131l\",\"description\":\"Avukat Deniz Can K\u0131z\u0131l Antalya Barosu\",\"publisher\":{\"@id\":\"https:\/\/denizcankizil.tr\/de\/#organization\"},\"potentialAction\":[{\"@type\":\"SearchAction\",\"target\":{\"@type\":\"EntryPoint\",\"urlTemplate\":\"https:\/\/denizcankizil.tr\/de\/?s={search_term_string}\"},\"query-input\":{\"@type\":\"PropertyValueSpecification\",\"valueRequired\":true,\"valueName\":\"search_term_string\"}}],\"inLanguage\":\"uk\"},{\"@type\":\"Organization\",\"@id\":\"https:\/\/denizcankizil.tr\/de\/#organization\",\"name\":\"Av. Deniz Can K\u0131z\u0131l\",\"url\":\"https:\/\/denizcankizil.tr\/de\/\",\"logo\":{\"@type\":\"ImageObject\",\"inLanguage\":\"uk\",\"@id\":\"https:\/\/denizcankizil.tr\/de\/#\/schema\/logo\/image\/\",\"url\":\"http:\/\/denizcankizil.tr\/wp-content\/uploads\/2024\/10\/siyah-logo-svg.svg\",\"contentUrl\":\"http:\/\/denizcankizil.tr\/wp-content\/uploads\/2024\/10\/siyah-logo-svg.svg\",\"width\":1080,\"height\":1080,\"caption\":\"Av. Deniz Can K\u0131z\u0131l\"},\"image\":{\"@id\":\"https:\/\/denizcankizil.tr\/de\/#\/schema\/logo\/image\/\"}}]}<\/script>\n<!-- \/ Yoast SEO Premium plugin. -->","yoast_head_json":{"title":"Bayrampa\u015fa\u2019da bir ilk! - Av. Deniz Can K\u0131z\u0131l","robots":{"index":"index","follow":"follow","max-snippet":"max-snippet:-1","max-image-preview":"max-image-preview:large","max-video-preview":"max-video-preview:-1"},"canonical":"http:\/\/denizcankizil.tr\/uk\/haberler\/gundem\/bayrampasada-bir-ilk\/","og_locale":"uk_UA","og_type":"article","og_title":"Bayrampa\u015fa\u2019da bir ilk!","og_description":"\u0130stanbul U18 Ligi\u2019nin grup ve fikst\u00fcrlerinin belli olaca\u011f\u0131 kura \u00e7ekimi 29 Kas\u0131m Cuma g\u00fcn\u00fc Bayrampa\u015fa Belediyesi Mehmet Akif Ersoy K\u00fclt\u00fcr Merkezi\u2019nde ger\u00e7ekle\u015ftirilecek. \u200b\u0130stanbul U18 Ligi\u2019nin grup ve fikst\u00fcrlerinin belli olaca\u011f\u0131 kura \u00e7ekimi 29 Kas\u0131m Cuma g\u00fcn\u00fc Bayrampa\u015fa Belediyesi Mehmet Akif Ersoy K\u00fclt\u00fcr Merkezi\u2019nde ger\u00e7ekle\u015ftirilecek.\u00a0 \u200bHaberin Al\u0131nt\u0131land\u0131\u011f\u0131 Kaynak: www.iskenderun.org","og_url":"http:\/\/denizcankizil.tr\/uk\/haberler\/gundem\/bayrampasada-bir-ilk\/","og_site_name":"Av. Deniz Can K\u0131z\u0131l","article_published_time":"2024-11-29T05:42:32+00:00","twitter_card":"summary_large_image","schema":{"@context":"https:\/\/schema.org","@graph":[{"@type":"Article","@id":"http:\/\/denizcankizil.tr\/uk\/haberler\/gundem\/bayrampasada-bir-ilk\/#article","isPartOf":{"@id":"http:\/\/denizcankizil.tr\/uk\/haberler\/gundem\/bayrampasada-bir-ilk\/"},"author":{"name":"","@id":""},"headline":"Bayrampa\u015fa\u2019da bir ilk!","datePublished":"2024-11-29T05:42:32+00:00","mainEntityOfPage":{"@id":"http:\/\/denizcankizil.tr\/uk\/haberler\/gundem\/bayrampasada-bir-ilk\/"},"wordCount":75,"commentCount":0,"publisher":{"@id":"https:\/\/denizcankizil.tr\/de\/#organization"},"articleSection":["G\u00fcndem","Uncategorized"],"inLanguage":"uk","potentialAction":[{"@type":"CommentAction","name":"Comment","target":["http:\/\/denizcankizil.tr\/uk\/haberler\/gundem\/bayrampasada-bir-ilk\/#respond"]}]},{"@type":"WebPage","@id":"http:\/\/denizcankizil.tr\/uk\/haberler\/gundem\/bayrampasada-bir-ilk\/","url":"http:\/\/denizcankizil.tr\/uk\/haberler\/gundem\/bayrampasada-bir-ilk\/","name":"Bayrampa\u015fa\u2019da bir ilk! - Av. Deniz Can K\u0131z\u0131l","isPartOf":{"@id":"https:\/\/denizcankizil.tr\/de\/#website"},"datePublished":"2024-11-29T05:42:32+00:00","breadcrumb":{"@id":"http:\/\/denizcankizil.tr\/uk\/haberler\/gundem\/bayrampasada-bir-ilk\/#breadcrumb"},"inLanguage":"uk","potentialAction":[{"@type":"ReadAction","target":["http:\/\/denizcankizil.tr\/uk\/haberler\/gundem\/bayrampasada-bir-ilk\/"]}]},{"@type":"BreadcrumbList","@id":"http:\/\/denizcankizil.tr\/uk\/haberler\/gundem\/bayrampasada-bir-ilk\/#breadcrumb","itemListElement":[{"@type":"ListItem","position":1,"name":"Home","item":"https:\/\/denizcankizil.tr\/de\/"},{"@type":"ListItem","position":2,"name":"Bayrampa\u015fa\u2019da bir ilk!"}]},{"@type":"WebSite","@id":"https:\/\/denizcankizil.tr\/de\/#website","url":"https:\/\/denizcankizil.tr\/de\/","name":"Av. Deniz Can K\u0131z\u0131l","description":"Avukat Deniz Can K\u0131z\u0131l Antalya Barosu","publisher":{"@id":"https:\/\/denizcankizil.tr\/de\/#organization"},"potentialAction":[{"@type":"SearchAction","target":{"@type":"EntryPoint","urlTemplate":"https:\/\/denizcankizil.tr\/de\/?s={search_term_string}"},"query-input":{"@type":"PropertyValueSpecification","valueRequired":true,"valueName":"search_term_string"}}],"inLanguage":"uk"},{"@type":"Organization","@id":"https:\/\/denizcankizil.tr\/de\/#organization","name":"Av. Deniz Can K\u0131z\u0131l","url":"https:\/\/denizcankizil.tr\/de\/","logo":{"@type":"ImageObject","inLanguage":"uk","@id":"https:\/\/denizcankizil.tr\/de\/#\/schema\/logo\/image\/","url":"http:\/\/denizcankizil.tr\/wp-content\/uploads\/2024\/10\/siyah-logo-svg.svg","contentUrl":"http:\/\/denizcankizil.tr\/wp-content\/uploads\/2024\/10\/siyah-logo-svg.svg","width":1080,"height":1080,"caption":"Av. Deniz Can K\u0131z\u0131l"},"image":{"@id":"https:\/\/denizcankizil.tr\/de\/#\/schema\/logo\/image\/"}}]}},"_links":{"self":[{"href":"http:\/\/denizcankizil.tr\/uk\/wp-json\/wp\/v2\/posts\/18233","targetHints":{"allow":["GET"]}}],"collection":[{"href":"http:\/\/denizcankizil.tr\/uk\/wp-json\/wp\/v2\/posts"}],"about":[{"href":"http:\/\/denizcankizil.tr\/uk\/wp-json\/wp\/v2\/types\/post"}],"replies":[{"embeddable":true,"href":"http:\/\/denizcankizil.tr\/uk\/wp-json\/wp\/v2\/comments?post=18233"}],"version-history":[{"count":0,"href":"http:\/\/denizcankizil.tr\/uk\/wp-json\/wp\/v2\/posts\/18233\/revisions"}],"wp:attachment":[{"href":"http:\/\/denizcankizil.tr\/uk\/wp-json\/wp\/v2\/media?parent=18233"}],"wp:term":[{"taxonomy":"category","embeddable":true,"href":"http:\/\/denizcankizil.tr\/uk\/wp-json\/wp\/v2\/categories?post=18233"},{"taxonomy":"post_tag","embeddable":true,"href":"http:\/\/denizcankizil.tr\/uk\/wp-json\/wp\/v2\/tags?post=18233"}],"curies":[{"name":"wp","href":"https:\/\/api.w.org\/{rel}","templated":true}]}}