{"id":18051,"date":"2024-11-28T06:41:22","date_gmt":"2024-11-28T03:41:22","guid":{"rendered":"https:\/\/denizcankizil.tr\/uncategorized-tr\/empati-var-engel-yok-ile-farkindalik-amaclandi\/"},"modified":"2024-11-28T06:41:22","modified_gmt":"2024-11-28T03:41:22","slug":"empati-var-engel-yok-ile-farkindalik-amaclandi","status":"publish","type":"post","link":"http:\/\/denizcankizil.tr\/uk\/haberler\/gundem\/empati-var-engel-yok-ile-farkindalik-amaclandi\/","title":{"rendered":"\u201cEmpati Var, Engel Yok\u201d ile Fark\u0131ndal\u0131k Ama\u00e7land\u0131"},"content":{"rendered":"<p>Manisa B\u00fcy\u00fck\u015fehir Belediyesi ve Manisa Celal Bayar \u00dcniversitesi i\u015fbirli\u011fiyle \u201cEmpati Var, Engel Yok\u201d etkinli\u011fi d\u00fczenlendi.<\/p>\n<p>\u200bManisa B\u00fcy\u00fck\u015fehir Belediyesi ve Manisa Celal Bayar \u00dcniversitesi i\u015fbirli\u011fiyle \u201cEmpati Var, Engel Yok\u201d etkinli\u011fi d\u00fczenlendi.\u00a0<\/p>\n<p>\u200bHaberin Al\u0131nt\u0131land\u0131\u011f\u0131 Kaynak: www.iskenderun.org<\/p>","protected":false},"excerpt":{"rendered":"<p>Manisa B\u00fcy\u00fck\u015fehir Belediyesi ve Manisa Celal Bayar \u00dcniversitesi i\u015fbirli\u011fiyle \u201cEmpati Var, Engel Yok\u201d etkinli\u011fi d\u00fczenlendi. \u200bManisa B\u00fcy\u00fck\u015fehir Belediyesi ve Manisa Celal Bayar \u00dcniversitesi i\u015fbirli\u011fiyle \u201cEmpati Var, Engel Yok\u201d etkinli\u011fi d\u00fczenlendi.\u00a0 \u200bHaberin Al\u0131nt\u0131land\u0131\u011f\u0131 Kaynak: www.iskenderun.org<\/p>","protected":false},"author":0,"featured_media":0,"comment_status":"open","ping_status":"open","sticky":false,"template":"","format":"standard","meta":{"_acf_changed":false,"footnotes":""},"categories":[24,535],"tags":[],"class_list":["post-18051","post","type-post","status-publish","format-standard","has-post-thumbnail","hentry","category-gundem","category-uncategorized-tr"],"acf":[],"yoast_head":"<!-- This site is optimized with the Yoast SEO Premium plugin v26.6 (Yoast SEO v27.1.1) - https:\/\/yoast.com\/product\/yoast-seo-premium-wordpress\/ -->\n<title>\u201cEmpati Var, Engel Yok\u201d ile Fark\u0131ndal\u0131k Ama\u00e7land\u0131 - Av. Deniz Can K\u0131z\u0131l<\/title>\n<meta name=\"robots\" content=\"index, follow, max-snippet:-1, max-image-preview:large, max-video-preview:-1\" \/>\n<link rel=\"canonical\" href=\"https:\/\/denizcankizil.tr\/uk\/haberler\/gundem\/empati-var-engel-yok-ile-farkindalik-amaclandi\/\" \/>\n<meta property=\"og:locale\" content=\"uk_UA\" \/>\n<meta property=\"og:type\" content=\"article\" \/>\n<meta property=\"og:title\" content=\"\u201cEmpati Var, Engel Yok\u201d ile Fark\u0131ndal\u0131k Ama\u00e7land\u0131\" \/>\n<meta property=\"og:description\" content=\"Manisa B\u00fcy\u00fck\u015fehir Belediyesi ve Manisa Celal Bayar \u00dcniversitesi i\u015fbirli\u011fiyle \u201cEmpati Var, Engel Yok\u201d etkinli\u011fi d\u00fczenlendi. \u200bManisa B\u00fcy\u00fck\u015fehir Belediyesi ve Manisa Celal Bayar \u00dcniversitesi i\u015fbirli\u011fiyle \u201cEmpati Var, Engel Yok\u201d etkinli\u011fi d\u00fczenlendi.\u00a0 \u200bHaberin Al\u0131nt\u0131land\u0131\u011f\u0131 Kaynak: www.iskenderun.org\" \/>\n<meta property=\"og:url\" content=\"https:\/\/denizcankizil.tr\/uk\/haberler\/gundem\/empati-var-engel-yok-ile-farkindalik-amaclandi\/\" \/>\n<meta property=\"og:site_name\" content=\"Av. Deniz Can K\u0131z\u0131l\" \/>\n<meta property=\"article:published_time\" content=\"2024-11-28T03:41:22+00:00\" \/>\n<meta name=\"twitter:card\" content=\"summary_large_image\" \/>\n<script type=\"application\/ld+json\" class=\"yoast-schema-graph\">{\"@context\":\"https:\/\/schema.org\",\"@graph\":[{\"@type\":\"Article\",\"@id\":\"https:\/\/denizcankizil.tr\/ru\/haberler\/gundem\/empati-var-engel-yok-ile-farkindalik-amaclandi\/#article\",\"isPartOf\":{\"@id\":\"https:\/\/denizcankizil.tr\/ru\/haberler\/gundem\/empati-var-engel-yok-ile-farkindalik-amaclandi\/\"},\"author\":{\"name\":\"\",\"@id\":\"\"},\"headline\":\"\u201cEmpati Var, Engel Yok\u201d ile Fark\u0131ndal\u0131k Ama\u00e7land\u0131\",\"datePublished\":\"2024-11-28T03:41:22+00:00\",\"mainEntityOfPage\":{\"@id\":\"https:\/\/denizcankizil.tr\/ru\/haberler\/gundem\/empati-var-engel-yok-ile-farkindalik-amaclandi\/\"},\"wordCount\":62,\"commentCount\":0,\"publisher\":{\"@id\":\"https:\/\/denizcankizil.tr\/de\/#organization\"},\"articleSection\":[\"G\u00fcndem\",\"Uncategorized\"],\"inLanguage\":\"uk\",\"potentialAction\":[{\"@type\":\"CommentAction\",\"name\":\"Comment\",\"target\":[\"https:\/\/denizcankizil.tr\/ru\/haberler\/gundem\/empati-var-engel-yok-ile-farkindalik-amaclandi\/#respond\"]}]},{\"@type\":\"WebPage\",\"@id\":\"https:\/\/denizcankizil.tr\/ru\/haberler\/gundem\/empati-var-engel-yok-ile-farkindalik-amaclandi\/\",\"url\":\"https:\/\/denizcankizil.tr\/ru\/haberler\/gundem\/empati-var-engel-yok-ile-farkindalik-amaclandi\/\",\"name\":\"\u201cEmpati Var, Engel Yok\u201d ile Fark\u0131ndal\u0131k Ama\u00e7land\u0131 - Av. Deniz Can K\u0131z\u0131l\",\"isPartOf\":{\"@id\":\"https:\/\/denizcankizil.tr\/de\/#website\"},\"datePublished\":\"2024-11-28T03:41:22+00:00\",\"breadcrumb\":{\"@id\":\"https:\/\/denizcankizil.tr\/ru\/haberler\/gundem\/empati-var-engel-yok-ile-farkindalik-amaclandi\/#breadcrumb\"},\"inLanguage\":\"uk\",\"potentialAction\":[{\"@type\":\"ReadAction\",\"target\":[\"https:\/\/denizcankizil.tr\/ru\/haberler\/gundem\/empati-var-engel-yok-ile-farkindalik-amaclandi\/\"]}]},{\"@type\":\"BreadcrumbList\",\"@id\":\"https:\/\/denizcankizil.tr\/ru\/haberler\/gundem\/empati-var-engel-yok-ile-farkindalik-amaclandi\/#breadcrumb\",\"itemListElement\":[{\"@type\":\"ListItem\",\"position\":1,\"name\":\"Home\",\"item\":\"https:\/\/denizcankizil.tr\/de\/\"},{\"@type\":\"ListItem\",\"position\":2,\"name\":\"\u201cEmpati Var, Engel Yok\u201d ile Fark\u0131ndal\u0131k Ama\u00e7land\u0131\"}]},{\"@type\":\"WebSite\",\"@id\":\"https:\/\/denizcankizil.tr\/de\/#website\",\"url\":\"https:\/\/denizcankizil.tr\/de\/\",\"name\":\"Av. Deniz Can K\u0131z\u0131l\",\"description\":\"Avukat Deniz Can K\u0131z\u0131l Antalya Barosu\",\"publisher\":{\"@id\":\"https:\/\/denizcankizil.tr\/de\/#organization\"},\"potentialAction\":[{\"@type\":\"SearchAction\",\"target\":{\"@type\":\"EntryPoint\",\"urlTemplate\":\"https:\/\/denizcankizil.tr\/de\/?s={search_term_string}\"},\"query-input\":{\"@type\":\"PropertyValueSpecification\",\"valueRequired\":true,\"valueName\":\"search_term_string\"}}],\"inLanguage\":\"uk\"},{\"@type\":\"Organization\",\"@id\":\"https:\/\/denizcankizil.tr\/de\/#organization\",\"name\":\"Av. Deniz Can K\u0131z\u0131l\",\"url\":\"https:\/\/denizcankizil.tr\/de\/\",\"logo\":{\"@type\":\"ImageObject\",\"inLanguage\":\"uk\",\"@id\":\"https:\/\/denizcankizil.tr\/de\/#\/schema\/logo\/image\/\",\"url\":\"http:\/\/denizcankizil.tr\/wp-content\/uploads\/2024\/10\/siyah-logo-svg.svg\",\"contentUrl\":\"http:\/\/denizcankizil.tr\/wp-content\/uploads\/2024\/10\/siyah-logo-svg.svg\",\"width\":1080,\"height\":1080,\"caption\":\"Av. Deniz Can K\u0131z\u0131l\"},\"image\":{\"@id\":\"https:\/\/denizcankizil.tr\/de\/#\/schema\/logo\/image\/\"}}]}<\/script>\n<!-- \/ Yoast SEO Premium plugin. -->","yoast_head_json":{"title":"\u201cEmpati Var, Engel Yok\u201d ile Fark\u0131ndal\u0131k Ama\u00e7land\u0131 - Av. Deniz Can K\u0131z\u0131l","robots":{"index":"index","follow":"follow","max-snippet":"max-snippet:-1","max-image-preview":"max-image-preview:large","max-video-preview":"max-video-preview:-1"},"canonical":"https:\/\/denizcankizil.tr\/uk\/haberler\/gundem\/empati-var-engel-yok-ile-farkindalik-amaclandi\/","og_locale":"uk_UA","og_type":"article","og_title":"\u201cEmpati Var, Engel Yok\u201d ile Fark\u0131ndal\u0131k Ama\u00e7land\u0131","og_description":"Manisa B\u00fcy\u00fck\u015fehir Belediyesi ve Manisa Celal Bayar \u00dcniversitesi i\u015fbirli\u011fiyle \u201cEmpati Var, Engel Yok\u201d etkinli\u011fi d\u00fczenlendi. \u200bManisa B\u00fcy\u00fck\u015fehir Belediyesi ve Manisa Celal Bayar \u00dcniversitesi i\u015fbirli\u011fiyle \u201cEmpati Var, Engel Yok\u201d etkinli\u011fi d\u00fczenlendi.\u00a0 \u200bHaberin Al\u0131nt\u0131land\u0131\u011f\u0131 Kaynak: www.iskenderun.org","og_url":"https:\/\/denizcankizil.tr\/uk\/haberler\/gundem\/empati-var-engel-yok-ile-farkindalik-amaclandi\/","og_site_name":"Av. Deniz Can K\u0131z\u0131l","article_published_time":"2024-11-28T03:41:22+00:00","twitter_card":"summary_large_image","schema":{"@context":"https:\/\/schema.org","@graph":[{"@type":"Article","@id":"https:\/\/denizcankizil.tr\/ru\/haberler\/gundem\/empati-var-engel-yok-ile-farkindalik-amaclandi\/#article","isPartOf":{"@id":"https:\/\/denizcankizil.tr\/ru\/haberler\/gundem\/empati-var-engel-yok-ile-farkindalik-amaclandi\/"},"author":{"name":"","@id":""},"headline":"\u201cEmpati Var, Engel Yok\u201d ile Fark\u0131ndal\u0131k Ama\u00e7land\u0131","datePublished":"2024-11-28T03:41:22+00:00","mainEntityOfPage":{"@id":"https:\/\/denizcankizil.tr\/ru\/haberler\/gundem\/empati-var-engel-yok-ile-farkindalik-amaclandi\/"},"wordCount":62,"commentCount":0,"publisher":{"@id":"https:\/\/denizcankizil.tr\/de\/#organization"},"articleSection":["G\u00fcndem","Uncategorized"],"inLanguage":"uk","potentialAction":[{"@type":"CommentAction","name":"Comment","target":["https:\/\/denizcankizil.tr\/ru\/haberler\/gundem\/empati-var-engel-yok-ile-farkindalik-amaclandi\/#respond"]}]},{"@type":"WebPage","@id":"https:\/\/denizcankizil.tr\/ru\/haberler\/gundem\/empati-var-engel-yok-ile-farkindalik-amaclandi\/","url":"https:\/\/denizcankizil.tr\/ru\/haberler\/gundem\/empati-var-engel-yok-ile-farkindalik-amaclandi\/","name":"\u201cEmpati Var, Engel Yok\u201d ile Fark\u0131ndal\u0131k Ama\u00e7land\u0131 - Av. Deniz Can K\u0131z\u0131l","isPartOf":{"@id":"https:\/\/denizcankizil.tr\/de\/#website"},"datePublished":"2024-11-28T03:41:22+00:00","breadcrumb":{"@id":"https:\/\/denizcankizil.tr\/ru\/haberler\/gundem\/empati-var-engel-yok-ile-farkindalik-amaclandi\/#breadcrumb"},"inLanguage":"uk","potentialAction":[{"@type":"ReadAction","target":["https:\/\/denizcankizil.tr\/ru\/haberler\/gundem\/empati-var-engel-yok-ile-farkindalik-amaclandi\/"]}]},{"@type":"BreadcrumbList","@id":"https:\/\/denizcankizil.tr\/ru\/haberler\/gundem\/empati-var-engel-yok-ile-farkindalik-amaclandi\/#breadcrumb","itemListElement":[{"@type":"ListItem","position":1,"name":"Home","item":"https:\/\/denizcankizil.tr\/de\/"},{"@type":"ListItem","position":2,"name":"\u201cEmpati Var, Engel Yok\u201d ile Fark\u0131ndal\u0131k Ama\u00e7land\u0131"}]},{"@type":"WebSite","@id":"https:\/\/denizcankizil.tr\/de\/#website","url":"https:\/\/denizcankizil.tr\/de\/","name":"Av. Deniz Can K\u0131z\u0131l","description":"Avukat Deniz Can K\u0131z\u0131l Antalya Barosu","publisher":{"@id":"https:\/\/denizcankizil.tr\/de\/#organization"},"potentialAction":[{"@type":"SearchAction","target":{"@type":"EntryPoint","urlTemplate":"https:\/\/denizcankizil.tr\/de\/?s={search_term_string}"},"query-input":{"@type":"PropertyValueSpecification","valueRequired":true,"valueName":"search_term_string"}}],"inLanguage":"uk"},{"@type":"Organization","@id":"https:\/\/denizcankizil.tr\/de\/#organization","name":"Av. Deniz Can K\u0131z\u0131l","url":"https:\/\/denizcankizil.tr\/de\/","logo":{"@type":"ImageObject","inLanguage":"uk","@id":"https:\/\/denizcankizil.tr\/de\/#\/schema\/logo\/image\/","url":"http:\/\/denizcankizil.tr\/wp-content\/uploads\/2024\/10\/siyah-logo-svg.svg","contentUrl":"http:\/\/denizcankizil.tr\/wp-content\/uploads\/2024\/10\/siyah-logo-svg.svg","width":1080,"height":1080,"caption":"Av. Deniz Can K\u0131z\u0131l"},"image":{"@id":"https:\/\/denizcankizil.tr\/de\/#\/schema\/logo\/image\/"}}]}},"_links":{"self":[{"href":"http:\/\/denizcankizil.tr\/uk\/wp-json\/wp\/v2\/posts\/18051","targetHints":{"allow":["GET"]}}],"collection":[{"href":"http:\/\/denizcankizil.tr\/uk\/wp-json\/wp\/v2\/posts"}],"about":[{"href":"http:\/\/denizcankizil.tr\/uk\/wp-json\/wp\/v2\/types\/post"}],"replies":[{"embeddable":true,"href":"http:\/\/denizcankizil.tr\/uk\/wp-json\/wp\/v2\/comments?post=18051"}],"version-history":[{"count":0,"href":"http:\/\/denizcankizil.tr\/uk\/wp-json\/wp\/v2\/posts\/18051\/revisions"}],"wp:attachment":[{"href":"http:\/\/denizcankizil.tr\/uk\/wp-json\/wp\/v2\/media?parent=18051"}],"wp:term":[{"taxonomy":"category","embeddable":true,"href":"http:\/\/denizcankizil.tr\/uk\/wp-json\/wp\/v2\/categories?post=18051"},{"taxonomy":"post_tag","embeddable":true,"href":"http:\/\/denizcankizil.tr\/uk\/wp-json\/wp\/v2\/tags?post=18051"}],"curies":[{"name":"wp","href":"https:\/\/api.w.org\/{rel}","templated":true}]}}