{"id":17553,"date":"2024-11-25T14:42:00","date_gmt":"2024-11-25T11:42:00","guid":{"rendered":"https:\/\/denizcankizil.tr\/uncategorized-tr\/izmir-bornovada-ogretmenler-gunu-ozel-etkinliklerle-kutlandi\/"},"modified":"2024-11-25T14:42:00","modified_gmt":"2024-11-25T11:42:00","slug":"izmir-bornovada-ogretmenler-gunu-ozel-etkinliklerle-kutlandi","status":"publish","type":"post","link":"http:\/\/denizcankizil.tr\/uk\/haberler\/gundem\/izmir-bornovada-ogretmenler-gunu-ozel-etkinliklerle-kutlandi\/","title":{"rendered":"\u0130zmir Bornova\u2019da \u00f6\u011fretmenler G\u00fcn\u00fc \u00f6zel etkinliklerle kutland\u0131"},"content":{"rendered":"<p>Bornova\u2019da 24 Kas\u0131m \u00d6\u011fretmenler G\u00fcn\u00fc, anlaml\u0131 ziyaretler, resmi t\u00f6renler ve \u00f6zel etkinliklerle kutland\u0131.\u0130ZM\u0130R (\u0130GFA) &#8211;\u00a0Bornova Belediye Ba\u015fkan\u0131 \u00d6mer E\u015fki\u2019nin Do\u011fanlar \u0130lkokulu ziyaretiyle ba\u015flayan etkinlikler, Cumhuriyet Meydan\u0131\u2019nda \u00e7elenk sunma t\u00f6reni ve Dramal\u0131lar K\u00f6\u015fk\u00fc\u2019nde emekli \u00f6\u011fretmenlerin \u015fiirlerle an\u0131lar\u0131n\u0131 payla\u015ft\u0131\u011f\u0131 etkinlikle devam etti. Belediye b\u00fcnyesindeki e\u011fitim birimlerinde g\u00f6rev yapan \u00f6\u011fretmenlere \u00f6zel bir gece d\u00fczenlendi. Ba\u015fkan E\u015fki, e\u011fitimin \u00f6nemine dikkat \u00e7ekerek belediyenin hayata ge\u00e7irece\u011fi yeni projelerle daha fazla insana dokunmay\u0131 hedeflediklerini ifade etti.<br \/>\nDO\u011eANLAR \u0130LKOKULU\u2019NDA Z\u0130YARET<br \/>\nBornova Belediye Ba\u015fkan\u0131 \u00d6mer E\u015fki, \u00d6\u011fretmenler G\u00fcn\u00fc dolay\u0131s\u0131yla Do\u011fanlar \u0130lkokulu\u2019nu ziyaret etti. \u00d6\u011fretmenlere \u00e7i\u00e7ek da\u011f\u0131tarak g\u00fcnlerini kutlayan Ba\u015fkan E\u015fki, \u00f6\u011frencilerle de bir araya gelip sohbet etti. E\u011fitimde \u00f6\u011fretmenlerin rol\u00fcne dikkat \u00e7eken Ba\u015fkan E\u015fki, \u201c\u00d6\u011fretmenlik kutsal bir g\u00f6revdir. \u0130l\u00e7emizdeki okullar\u0131n ihtiya\u00e7lar\u0131n\u0131 kar\u015f\u0131lamaya devam edece\u011fiz. Do\u011fanlar \u0130lkokulu\u2019nun eksiklerini de en k\u0131sa s\u00fcrede giderece\u011fiz\u201d dedi.<\/p>\n<p>CUMHUR\u0130YET MEYDANI\u2019NDA RESM\u0130 T\u00d6REN<br \/>\nKutlamalar, Cumhuriyet Meydan\u0131\u2019nda d\u00fczenlenen resmi t\u00f6renle devam etti. \u0130l\u00e7e Milli E\u011fitim M\u00fcd\u00fcrl\u00fc\u011f\u00fc ve CHP Bornova \u0130l\u00e7e Ba\u015fkanl\u0131\u011f\u0131, Atat\u00fcrk An\u0131t\u0131\u2019na \u00e7elenk koyarak sayg\u0131 duru\u015funda bulundu ve \u0130stiklal Mar\u015f\u0131 okundu.<br \/>\nDRAMALILAR K\u00d6\u015eK\u00dc\u2019NDE ANILAR TAZELEND\u0130<br \/>\nAtat\u00fcrk\u00e7\u00fc D\u00fc\u015f\u00fcnce Derne\u011fi (ADD) Bornova \u015eubesi, Bornova Belediyesi\u2019nin ev sahipli\u011finde Dramal\u0131lar K\u00f6\u015fk\u00fc\u2019nde anlaml\u0131 bir etkinlik d\u00fczenledi. Emekli \u00f6\u011fretmenler, \u015fiirler okuyarak\u00a0eski g\u00fcnlerini yad etti.<\/p>\n<p>BELED\u0130YE E\u011e\u0130TMENLER\u0130NE \u00d6ZEL GECE<br \/>\nBornova Belediyesi, b\u00fcnyesindeki e\u011fitim birimlerinde g\u00f6rev yapan \u00f6\u011fretmen ve e\u011fitmenler i\u00e7in \u00f6zel bir gece organize etti. BELGEM, Mevlana Toplum ve Bilim Merkezi, Gen\u00e7 Ka\u015fifler Bilim Evi, \u00c7ocuk Oyun ve Aktivite Merkezleri, Hobi ve Beceri Edindirme Kurslar\u0131, Spor ve Tiyatro Kurslar\u0131 e\u011fitmenlerinin kat\u0131ld\u0131\u011f\u0131 etkinlikte, Ba\u015fkan E\u015fki\u2019nin de e\u015flik etti\u011fi pasta kesimi ile kutlama co\u015fkusu zirveye ula\u015ft\u0131.<br \/>\nGecede konu\u015fan Ba\u015fkan E\u015fki, e\u011fitimin \u00f6nemine ve Bornova Belediyesi\u2019nin bu alandaki \u00e7al\u0131\u015fmalar\u0131na vurgu yapt\u0131.<\/p>\n<p>\u200bBornova\u2019da 24 Kas\u0131m \u00d6\u011fretmenler G\u00fcn\u00fc, anlaml\u0131 ziyaretler, resmi t\u00f6renler ve \u00f6zel etkinliklerle kutland\u0131\u00a0<\/p>\n<p>\u200bHaberin Al\u0131nt\u0131land\u0131\u011f\u0131 Kaynak: www.iskenderun.org<\/p>","protected":false},"excerpt":{"rendered":"<p>Bornova\u2019da 24 Kas\u0131m \u00d6\u011fretmenler G\u00fcn\u00fc, anlaml\u0131 ziyaretler, resmi t\u00f6renler ve \u00f6zel etkinliklerle kutland\u0131.\u0130ZM\u0130R (\u0130GFA) &#8211;\u00a0Bornova Belediye Ba\u015fkan\u0131 \u00d6mer E\u015fki\u2019nin Do\u011fanlar \u0130lkokulu ziyaretiyle ba\u015flayan etkinlikler, Cumhuriyet Meydan\u0131\u2019nda \u00e7elenk sunma t\u00f6reni ve Dramal\u0131lar K\u00f6\u015fk\u00fc\u2019nde emekli \u00f6\u011fretmenlerin \u015fiirlerle an\u0131lar\u0131n\u0131 payla\u015ft\u0131\u011f\u0131 etkinlikle devam etti. Belediye b\u00fcnyesindeki e\u011fitim birimlerinde g\u00f6rev yapan \u00f6\u011fretmenlere \u00f6zel bir gece d\u00fczenlendi. Ba\u015fkan E\u015fki, e\u011fitimin \u00f6nemine dikkat \u00e7ekerek belediyenin hayata ge\u00e7irece\u011fi yeni projelerle daha fazla insana dokunmay\u0131 hedeflediklerini ifade etti. DO\u011eANLAR \u0130LKOKULU\u2019NDA Z\u0130YARET Bornova Belediye Ba\u015fkan\u0131 \u00d6mer E\u015fki, \u00d6\u011fretmenler G\u00fcn\u00fc dolay\u0131s\u0131yla Do\u011fanlar \u0130lkokulu\u2019nu ziyaret etti. \u00d6\u011fretmenlere \u00e7i\u00e7ek da\u011f\u0131tarak g\u00fcnlerini kutlayan Ba\u015fkan E\u015fki, \u00f6\u011frencilerle de bir araya gelip sohbet etti. E\u011fitimde \u00f6\u011fretmenlerin rol\u00fcne dikkat \u00e7eken Ba\u015fkan E\u015fki, \u201c\u00d6\u011fretmenlik kutsal bir g\u00f6revdir. \u0130l\u00e7emizdeki okullar\u0131n ihtiya\u00e7lar\u0131n\u0131 kar\u015f\u0131lamaya devam edece\u011fiz. Do\u011fanlar \u0130lkokulu\u2019nun eksiklerini de en k\u0131sa s\u00fcrede giderece\u011fiz\u201d dedi. CUMHUR\u0130YET MEYDANI\u2019NDA RESM\u0130 T\u00d6REN Kutlamalar, Cumhuriyet Meydan\u0131\u2019nda d\u00fczenlenen resmi t\u00f6renle devam etti. \u0130l\u00e7e Milli E\u011fitim M\u00fcd\u00fcrl\u00fc\u011f\u00fc ve CHP Bornova \u0130l\u00e7e Ba\u015fkanl\u0131\u011f\u0131, Atat\u00fcrk An\u0131t\u0131\u2019na \u00e7elenk koyarak sayg\u0131 duru\u015funda bulundu ve \u0130stiklal Mar\u015f\u0131 okundu. DRAMALILAR K\u00d6\u015eK\u00dc\u2019NDE ANILAR TAZELEND\u0130 Atat\u00fcrk\u00e7\u00fc D\u00fc\u015f\u00fcnce Derne\u011fi (ADD) Bornova \u015eubesi, Bornova Belediyesi\u2019nin ev sahipli\u011finde Dramal\u0131lar K\u00f6\u015fk\u00fc\u2019nde anlaml\u0131 bir etkinlik d\u00fczenledi. Emekli \u00f6\u011fretmenler, \u015fiirler okuyarak\u00a0eski g\u00fcnlerini yad etti. BELED\u0130YE E\u011e\u0130TMENLER\u0130NE \u00d6ZEL GECE Bornova Belediyesi, b\u00fcnyesindeki e\u011fitim birimlerinde g\u00f6rev yapan \u00f6\u011fretmen ve e\u011fitmenler i\u00e7in \u00f6zel bir &hellip;<\/p>","protected":false},"author":0,"featured_media":0,"comment_status":"open","ping_status":"open","sticky":false,"template":"","format":"standard","meta":{"_acf_changed":false,"footnotes":""},"categories":[24,535],"tags":[],"class_list":["post-17553","post","type-post","status-publish","format-standard","has-post-thumbnail","hentry","category-gundem","category-uncategorized-tr"],"acf":[],"yoast_head":"<!-- This site is optimized with the Yoast SEO Premium plugin v26.6 (Yoast SEO v27.1.1) - https:\/\/yoast.com\/product\/yoast-seo-premium-wordpress\/ -->\n<title>\u0130zmir Bornova\u2019da \u00f6\u011fretmenler G\u00fcn\u00fc \u00f6zel etkinliklerle kutland\u0131 - Av. Deniz Can K\u0131z\u0131l<\/title>\n<meta name=\"robots\" content=\"index, follow, max-snippet:-1, max-image-preview:large, max-video-preview:-1\" \/>\n<link rel=\"canonical\" href=\"http:\/\/denizcankizil.tr\/uk\/haberler\/gundem\/izmir-bornovada-ogretmenler-gunu-ozel-etkinliklerle-kutlandi\/\" \/>\n<meta property=\"og:locale\" content=\"uk_UA\" \/>\n<meta property=\"og:type\" content=\"article\" \/>\n<meta property=\"og:title\" content=\"\u0130zmir Bornova\u2019da \u00f6\u011fretmenler G\u00fcn\u00fc \u00f6zel etkinliklerle kutland\u0131\" \/>\n<meta property=\"og:description\" content=\"Bornova\u2019da 24 Kas\u0131m \u00d6\u011fretmenler G\u00fcn\u00fc, anlaml\u0131 ziyaretler, resmi t\u00f6renler ve \u00f6zel etkinliklerle kutland\u0131.\u0130ZM\u0130R (\u0130GFA) &#8211;\u00a0Bornova Belediye Ba\u015fkan\u0131 \u00d6mer E\u015fki\u2019nin Do\u011fanlar \u0130lkokulu ziyaretiyle ba\u015flayan etkinlikler, Cumhuriyet Meydan\u0131\u2019nda \u00e7elenk sunma t\u00f6reni ve Dramal\u0131lar K\u00f6\u015fk\u00fc\u2019nde emekli \u00f6\u011fretmenlerin \u015fiirlerle an\u0131lar\u0131n\u0131 payla\u015ft\u0131\u011f\u0131 etkinlikle devam etti. Belediye b\u00fcnyesindeki e\u011fitim birimlerinde g\u00f6rev yapan \u00f6\u011fretmenlere \u00f6zel bir gece d\u00fczenlendi. Ba\u015fkan E\u015fki, e\u011fitimin \u00f6nemine dikkat \u00e7ekerek belediyenin hayata ge\u00e7irece\u011fi yeni projelerle daha fazla insana dokunmay\u0131 hedeflediklerini ifade etti. DO\u011eANLAR \u0130LKOKULU\u2019NDA Z\u0130YARET Bornova Belediye Ba\u015fkan\u0131 \u00d6mer E\u015fki, \u00d6\u011fretmenler G\u00fcn\u00fc dolay\u0131s\u0131yla Do\u011fanlar \u0130lkokulu\u2019nu ziyaret etti. \u00d6\u011fretmenlere \u00e7i\u00e7ek da\u011f\u0131tarak g\u00fcnlerini kutlayan Ba\u015fkan E\u015fki, \u00f6\u011frencilerle de bir araya gelip sohbet etti. E\u011fitimde \u00f6\u011fretmenlerin rol\u00fcne dikkat \u00e7eken Ba\u015fkan E\u015fki, \u201c\u00d6\u011fretmenlik kutsal bir g\u00f6revdir. \u0130l\u00e7emizdeki okullar\u0131n ihtiya\u00e7lar\u0131n\u0131 kar\u015f\u0131lamaya devam edece\u011fiz. Do\u011fanlar \u0130lkokulu\u2019nun eksiklerini de en k\u0131sa s\u00fcrede giderece\u011fiz\u201d dedi. CUMHUR\u0130YET MEYDANI\u2019NDA RESM\u0130 T\u00d6REN Kutlamalar, Cumhuriyet Meydan\u0131\u2019nda d\u00fczenlenen resmi t\u00f6renle devam etti. \u0130l\u00e7e Milli E\u011fitim M\u00fcd\u00fcrl\u00fc\u011f\u00fc ve CHP Bornova \u0130l\u00e7e Ba\u015fkanl\u0131\u011f\u0131, Atat\u00fcrk An\u0131t\u0131\u2019na \u00e7elenk koyarak sayg\u0131 duru\u015funda bulundu ve \u0130stiklal Mar\u015f\u0131 okundu. DRAMALILAR K\u00d6\u015eK\u00dc\u2019NDE ANILAR TAZELEND\u0130 Atat\u00fcrk\u00e7\u00fc D\u00fc\u015f\u00fcnce Derne\u011fi (ADD) Bornova \u015eubesi, Bornova Belediyesi\u2019nin ev sahipli\u011finde Dramal\u0131lar K\u00f6\u015fk\u00fc\u2019nde anlaml\u0131 bir etkinlik d\u00fczenledi. Emekli \u00f6\u011fretmenler, \u015fiirler okuyarak\u00a0eski g\u00fcnlerini yad etti. BELED\u0130YE E\u011e\u0130TMENLER\u0130NE \u00d6ZEL GECE Bornova Belediyesi, b\u00fcnyesindeki e\u011fitim birimlerinde g\u00f6rev yapan \u00f6\u011fretmen ve e\u011fitmenler i\u00e7in \u00f6zel bir &hellip;\" \/>\n<meta property=\"og:url\" content=\"http:\/\/denizcankizil.tr\/uk\/haberler\/gundem\/izmir-bornovada-ogretmenler-gunu-ozel-etkinliklerle-kutlandi\/\" \/>\n<meta property=\"og:site_name\" content=\"Av. Deniz Can K\u0131z\u0131l\" \/>\n<meta property=\"article:published_time\" content=\"2024-11-25T11:42:00+00:00\" \/>\n<meta name=\"twitter:card\" content=\"summary_large_image\" \/>\n<meta name=\"twitter:label1\" content=\"\u041f\u0440\u0438\u0431\u043b. \u0447\u0430\u0441 \u0447\u0438\u0442\u0430\u043d\u043d\u044f\" \/>\n\t<meta name=\"twitter:data1\" content=\"2 \u0445\u0432\u0438\u043b\u0438\u043d\u0438\" \/>\n<script type=\"application\/ld+json\" class=\"yoast-schema-graph\">{\"@context\":\"https:\/\/schema.org\",\"@graph\":[{\"@type\":\"Article\",\"@id\":\"http:\/\/denizcankizil.tr\/ru\/haberler\/gundem\/izmir-bornovada-ogretmenler-gunu-ozel-etkinliklerle-kutlandi\/#article\",\"isPartOf\":{\"@id\":\"http:\/\/denizcankizil.tr\/ru\/haberler\/gundem\/izmir-bornovada-ogretmenler-gunu-ozel-etkinliklerle-kutlandi\/\"},\"author\":{\"name\":\"\",\"@id\":\"\"},\"headline\":\"\u0130zmir Bornova\u2019da \u00f6\u011fretmenler G\u00fcn\u00fc \u00f6zel etkinliklerle kutland\u0131\",\"datePublished\":\"2024-11-25T11:42:00+00:00\",\"mainEntityOfPage\":{\"@id\":\"http:\/\/denizcankizil.tr\/ru\/haberler\/gundem\/izmir-bornovada-ogretmenler-gunu-ozel-etkinliklerle-kutlandi\/\"},\"wordCount\":402,\"commentCount\":0,\"publisher\":{\"@id\":\"https:\/\/denizcankizil.tr\/de\/#organization\"},\"articleSection\":[\"G\u00fcndem\",\"Uncategorized\"],\"inLanguage\":\"uk\",\"potentialAction\":[{\"@type\":\"CommentAction\",\"name\":\"Comment\",\"target\":[\"http:\/\/denizcankizil.tr\/ru\/haberler\/gundem\/izmir-bornovada-ogretmenler-gunu-ozel-etkinliklerle-kutlandi\/#respond\"]}]},{\"@type\":\"WebPage\",\"@id\":\"http:\/\/denizcankizil.tr\/ru\/haberler\/gundem\/izmir-bornovada-ogretmenler-gunu-ozel-etkinliklerle-kutlandi\/\",\"url\":\"http:\/\/denizcankizil.tr\/ru\/haberler\/gundem\/izmir-bornovada-ogretmenler-gunu-ozel-etkinliklerle-kutlandi\/\",\"name\":\"\u0130zmir Bornova\u2019da \u00f6\u011fretmenler G\u00fcn\u00fc \u00f6zel etkinliklerle kutland\u0131 - Av. Deniz Can K\u0131z\u0131l\",\"isPartOf\":{\"@id\":\"https:\/\/denizcankizil.tr\/de\/#website\"},\"datePublished\":\"2024-11-25T11:42:00+00:00\",\"breadcrumb\":{\"@id\":\"http:\/\/denizcankizil.tr\/ru\/haberler\/gundem\/izmir-bornovada-ogretmenler-gunu-ozel-etkinliklerle-kutlandi\/#breadcrumb\"},\"inLanguage\":\"uk\",\"potentialAction\":[{\"@type\":\"ReadAction\",\"target\":[\"http:\/\/denizcankizil.tr\/ru\/haberler\/gundem\/izmir-bornovada-ogretmenler-gunu-ozel-etkinliklerle-kutlandi\/\"]}]},{\"@type\":\"BreadcrumbList\",\"@id\":\"http:\/\/denizcankizil.tr\/ru\/haberler\/gundem\/izmir-bornovada-ogretmenler-gunu-ozel-etkinliklerle-kutlandi\/#breadcrumb\",\"itemListElement\":[{\"@type\":\"ListItem\",\"position\":1,\"name\":\"Home\",\"item\":\"https:\/\/denizcankizil.tr\/de\/\"},{\"@type\":\"ListItem\",\"position\":2,\"name\":\"\u0130zmir Bornova\u2019da \u00f6\u011fretmenler G\u00fcn\u00fc \u00f6zel etkinliklerle kutland\u0131\"}]},{\"@type\":\"WebSite\",\"@id\":\"https:\/\/denizcankizil.tr\/de\/#website\",\"url\":\"https:\/\/denizcankizil.tr\/de\/\",\"name\":\"Av. Deniz Can K\u0131z\u0131l\",\"description\":\"Avukat Deniz Can K\u0131z\u0131l Antalya Barosu\",\"publisher\":{\"@id\":\"https:\/\/denizcankizil.tr\/de\/#organization\"},\"potentialAction\":[{\"@type\":\"SearchAction\",\"target\":{\"@type\":\"EntryPoint\",\"urlTemplate\":\"https:\/\/denizcankizil.tr\/de\/?s={search_term_string}\"},\"query-input\":{\"@type\":\"PropertyValueSpecification\",\"valueRequired\":true,\"valueName\":\"search_term_string\"}}],\"inLanguage\":\"uk\"},{\"@type\":\"Organization\",\"@id\":\"https:\/\/denizcankizil.tr\/de\/#organization\",\"name\":\"Av. Deniz Can K\u0131z\u0131l\",\"url\":\"https:\/\/denizcankizil.tr\/de\/\",\"logo\":{\"@type\":\"ImageObject\",\"inLanguage\":\"uk\",\"@id\":\"https:\/\/denizcankizil.tr\/de\/#\/schema\/logo\/image\/\",\"url\":\"http:\/\/denizcankizil.tr\/wp-content\/uploads\/2024\/10\/siyah-logo-svg.svg\",\"contentUrl\":\"http:\/\/denizcankizil.tr\/wp-content\/uploads\/2024\/10\/siyah-logo-svg.svg\",\"width\":1080,\"height\":1080,\"caption\":\"Av. Deniz Can K\u0131z\u0131l\"},\"image\":{\"@id\":\"https:\/\/denizcankizil.tr\/de\/#\/schema\/logo\/image\/\"}}]}<\/script>\n<!-- \/ Yoast SEO Premium plugin. -->","yoast_head_json":{"title":"\u0130zmir Bornova\u2019da \u00f6\u011fretmenler G\u00fcn\u00fc \u00f6zel etkinliklerle kutland\u0131 - Av. Deniz Can K\u0131z\u0131l","robots":{"index":"index","follow":"follow","max-snippet":"max-snippet:-1","max-image-preview":"max-image-preview:large","max-video-preview":"max-video-preview:-1"},"canonical":"http:\/\/denizcankizil.tr\/uk\/haberler\/gundem\/izmir-bornovada-ogretmenler-gunu-ozel-etkinliklerle-kutlandi\/","og_locale":"uk_UA","og_type":"article","og_title":"\u0130zmir Bornova\u2019da \u00f6\u011fretmenler G\u00fcn\u00fc \u00f6zel etkinliklerle kutland\u0131","og_description":"Bornova\u2019da 24 Kas\u0131m \u00d6\u011fretmenler G\u00fcn\u00fc, anlaml\u0131 ziyaretler, resmi t\u00f6renler ve \u00f6zel etkinliklerle kutland\u0131.\u0130ZM\u0130R (\u0130GFA) &#8211;\u00a0Bornova Belediye Ba\u015fkan\u0131 \u00d6mer E\u015fki\u2019nin Do\u011fanlar \u0130lkokulu ziyaretiyle ba\u015flayan etkinlikler, Cumhuriyet Meydan\u0131\u2019nda \u00e7elenk sunma t\u00f6reni ve Dramal\u0131lar K\u00f6\u015fk\u00fc\u2019nde emekli \u00f6\u011fretmenlerin \u015fiirlerle an\u0131lar\u0131n\u0131 payla\u015ft\u0131\u011f\u0131 etkinlikle devam etti. Belediye b\u00fcnyesindeki e\u011fitim birimlerinde g\u00f6rev yapan \u00f6\u011fretmenlere \u00f6zel bir gece d\u00fczenlendi. Ba\u015fkan E\u015fki, e\u011fitimin \u00f6nemine dikkat \u00e7ekerek belediyenin hayata ge\u00e7irece\u011fi yeni projelerle daha fazla insana dokunmay\u0131 hedeflediklerini ifade etti. DO\u011eANLAR \u0130LKOKULU\u2019NDA Z\u0130YARET Bornova Belediye Ba\u015fkan\u0131 \u00d6mer E\u015fki, \u00d6\u011fretmenler G\u00fcn\u00fc dolay\u0131s\u0131yla Do\u011fanlar \u0130lkokulu\u2019nu ziyaret etti. \u00d6\u011fretmenlere \u00e7i\u00e7ek da\u011f\u0131tarak g\u00fcnlerini kutlayan Ba\u015fkan E\u015fki, \u00f6\u011frencilerle de bir araya gelip sohbet etti. E\u011fitimde \u00f6\u011fretmenlerin rol\u00fcne dikkat \u00e7eken Ba\u015fkan E\u015fki, \u201c\u00d6\u011fretmenlik kutsal bir g\u00f6revdir. \u0130l\u00e7emizdeki okullar\u0131n ihtiya\u00e7lar\u0131n\u0131 kar\u015f\u0131lamaya devam edece\u011fiz. Do\u011fanlar \u0130lkokulu\u2019nun eksiklerini de en k\u0131sa s\u00fcrede giderece\u011fiz\u201d dedi. CUMHUR\u0130YET MEYDANI\u2019NDA RESM\u0130 T\u00d6REN Kutlamalar, Cumhuriyet Meydan\u0131\u2019nda d\u00fczenlenen resmi t\u00f6renle devam etti. \u0130l\u00e7e Milli E\u011fitim M\u00fcd\u00fcrl\u00fc\u011f\u00fc ve CHP Bornova \u0130l\u00e7e Ba\u015fkanl\u0131\u011f\u0131, Atat\u00fcrk An\u0131t\u0131\u2019na \u00e7elenk koyarak sayg\u0131 duru\u015funda bulundu ve \u0130stiklal Mar\u015f\u0131 okundu. DRAMALILAR K\u00d6\u015eK\u00dc\u2019NDE ANILAR TAZELEND\u0130 Atat\u00fcrk\u00e7\u00fc D\u00fc\u015f\u00fcnce Derne\u011fi (ADD) Bornova \u015eubesi, Bornova Belediyesi\u2019nin ev sahipli\u011finde Dramal\u0131lar K\u00f6\u015fk\u00fc\u2019nde anlaml\u0131 bir etkinlik d\u00fczenledi. Emekli \u00f6\u011fretmenler, \u015fiirler okuyarak\u00a0eski g\u00fcnlerini yad etti. BELED\u0130YE E\u011e\u0130TMENLER\u0130NE \u00d6ZEL GECE Bornova Belediyesi, b\u00fcnyesindeki e\u011fitim birimlerinde g\u00f6rev yapan \u00f6\u011fretmen ve e\u011fitmenler i\u00e7in \u00f6zel bir &hellip;","og_url":"http:\/\/denizcankizil.tr\/uk\/haberler\/gundem\/izmir-bornovada-ogretmenler-gunu-ozel-etkinliklerle-kutlandi\/","og_site_name":"Av. Deniz Can K\u0131z\u0131l","article_published_time":"2024-11-25T11:42:00+00:00","twitter_card":"summary_large_image","twitter_misc":{"\u041f\u0440\u0438\u0431\u043b. \u0447\u0430\u0441 \u0447\u0438\u0442\u0430\u043d\u043d\u044f":"2 \u0445\u0432\u0438\u043b\u0438\u043d\u0438"},"schema":{"@context":"https:\/\/schema.org","@graph":[{"@type":"Article","@id":"http:\/\/denizcankizil.tr\/ru\/haberler\/gundem\/izmir-bornovada-ogretmenler-gunu-ozel-etkinliklerle-kutlandi\/#article","isPartOf":{"@id":"http:\/\/denizcankizil.tr\/ru\/haberler\/gundem\/izmir-bornovada-ogretmenler-gunu-ozel-etkinliklerle-kutlandi\/"},"author":{"name":"","@id":""},"headline":"\u0130zmir Bornova\u2019da \u00f6\u011fretmenler G\u00fcn\u00fc \u00f6zel etkinliklerle kutland\u0131","datePublished":"2024-11-25T11:42:00+00:00","mainEntityOfPage":{"@id":"http:\/\/denizcankizil.tr\/ru\/haberler\/gundem\/izmir-bornovada-ogretmenler-gunu-ozel-etkinliklerle-kutlandi\/"},"wordCount":402,"commentCount":0,"publisher":{"@id":"https:\/\/denizcankizil.tr\/de\/#organization"},"articleSection":["G\u00fcndem","Uncategorized"],"inLanguage":"uk","potentialAction":[{"@type":"CommentAction","name":"Comment","target":["http:\/\/denizcankizil.tr\/ru\/haberler\/gundem\/izmir-bornovada-ogretmenler-gunu-ozel-etkinliklerle-kutlandi\/#respond"]}]},{"@type":"WebPage","@id":"http:\/\/denizcankizil.tr\/ru\/haberler\/gundem\/izmir-bornovada-ogretmenler-gunu-ozel-etkinliklerle-kutlandi\/","url":"http:\/\/denizcankizil.tr\/ru\/haberler\/gundem\/izmir-bornovada-ogretmenler-gunu-ozel-etkinliklerle-kutlandi\/","name":"\u0130zmir Bornova\u2019da \u00f6\u011fretmenler G\u00fcn\u00fc \u00f6zel etkinliklerle kutland\u0131 - Av. Deniz Can K\u0131z\u0131l","isPartOf":{"@id":"https:\/\/denizcankizil.tr\/de\/#website"},"datePublished":"2024-11-25T11:42:00+00:00","breadcrumb":{"@id":"http:\/\/denizcankizil.tr\/ru\/haberler\/gundem\/izmir-bornovada-ogretmenler-gunu-ozel-etkinliklerle-kutlandi\/#breadcrumb"},"inLanguage":"uk","potentialAction":[{"@type":"ReadAction","target":["http:\/\/denizcankizil.tr\/ru\/haberler\/gundem\/izmir-bornovada-ogretmenler-gunu-ozel-etkinliklerle-kutlandi\/"]}]},{"@type":"BreadcrumbList","@id":"http:\/\/denizcankizil.tr\/ru\/haberler\/gundem\/izmir-bornovada-ogretmenler-gunu-ozel-etkinliklerle-kutlandi\/#breadcrumb","itemListElement":[{"@type":"ListItem","position":1,"name":"Home","item":"https:\/\/denizcankizil.tr\/de\/"},{"@type":"ListItem","position":2,"name":"\u0130zmir Bornova\u2019da \u00f6\u011fretmenler G\u00fcn\u00fc \u00f6zel etkinliklerle kutland\u0131"}]},{"@type":"WebSite","@id":"https:\/\/denizcankizil.tr\/de\/#website","url":"https:\/\/denizcankizil.tr\/de\/","name":"Av. Deniz Can K\u0131z\u0131l","description":"Avukat Deniz Can K\u0131z\u0131l Antalya Barosu","publisher":{"@id":"https:\/\/denizcankizil.tr\/de\/#organization"},"potentialAction":[{"@type":"SearchAction","target":{"@type":"EntryPoint","urlTemplate":"https:\/\/denizcankizil.tr\/de\/?s={search_term_string}"},"query-input":{"@type":"PropertyValueSpecification","valueRequired":true,"valueName":"search_term_string"}}],"inLanguage":"uk"},{"@type":"Organization","@id":"https:\/\/denizcankizil.tr\/de\/#organization","name":"Av. Deniz Can K\u0131z\u0131l","url":"https:\/\/denizcankizil.tr\/de\/","logo":{"@type":"ImageObject","inLanguage":"uk","@id":"https:\/\/denizcankizil.tr\/de\/#\/schema\/logo\/image\/","url":"http:\/\/denizcankizil.tr\/wp-content\/uploads\/2024\/10\/siyah-logo-svg.svg","contentUrl":"http:\/\/denizcankizil.tr\/wp-content\/uploads\/2024\/10\/siyah-logo-svg.svg","width":1080,"height":1080,"caption":"Av. Deniz Can K\u0131z\u0131l"},"image":{"@id":"https:\/\/denizcankizil.tr\/de\/#\/schema\/logo\/image\/"}}]}},"_links":{"self":[{"href":"http:\/\/denizcankizil.tr\/uk\/wp-json\/wp\/v2\/posts\/17553","targetHints":{"allow":["GET"]}}],"collection":[{"href":"http:\/\/denizcankizil.tr\/uk\/wp-json\/wp\/v2\/posts"}],"about":[{"href":"http:\/\/denizcankizil.tr\/uk\/wp-json\/wp\/v2\/types\/post"}],"replies":[{"embeddable":true,"href":"http:\/\/denizcankizil.tr\/uk\/wp-json\/wp\/v2\/comments?post=17553"}],"version-history":[{"count":0,"href":"http:\/\/denizcankizil.tr\/uk\/wp-json\/wp\/v2\/posts\/17553\/revisions"}],"wp:attachment":[{"href":"http:\/\/denizcankizil.tr\/uk\/wp-json\/wp\/v2\/media?parent=17553"}],"wp:term":[{"taxonomy":"category","embeddable":true,"href":"http:\/\/denizcankizil.tr\/uk\/wp-json\/wp\/v2\/categories?post=17553"},{"taxonomy":"post_tag","embeddable":true,"href":"http:\/\/denizcankizil.tr\/uk\/wp-json\/wp\/v2\/tags?post=17553"}],"curies":[{"name":"wp","href":"https:\/\/api.w.org\/{rel}","templated":true}]}}