{"id":1716,"date":"2024-10-12T10:01:40","date_gmt":"2024-10-12T10:01:40","guid":{"rendered":"https:\/\/denizcankizil.tr\/uncategorized\/stklardan-bashekim-yildirima-ziyareti\/"},"modified":"2024-10-12T10:01:40","modified_gmt":"2024-10-12T10:01:40","slug":"stklardan-bashekim-yildirima-ziyareti","status":"publish","type":"post","link":"http:\/\/denizcankizil.tr\/uk\/haberler\/gundem\/stklardan-bashekim-yildirima-ziyareti\/","title":{"rendered":"STK\u2019Lardan Ba\u015fhekim Y\u0131ld\u0131r\u0131m\u2019a Ziyareti\u2026"},"content":{"rendered":"<p>Ziyarete, ABADER (Abac\u0131 Y\u00f6r\u00fck T\u00fcrkmen Derne\u011fi) Ba\u015fkan\u0131 Duran Bilgin, \u0130SDER (\u0130skenderunlular Derne\u011fi) Ba\u015fkan\u0131 Onur A\u00e7\u0131kal\u0131n, K\u0131r\u0131khan Hassallar E\u011fitim ve Yard\u0131mla\u015fma Derne\u011fi Ba\u015fkan\u0131 Mehmet Altay, Erzurumlular Derne\u011fi Ba\u015fkan\u0131 Mustafa Enzin, \u0130skenderun Y\u00f6r\u00fckler Derne\u011fi Ba\u015fkan\u0131 Ya\u015far T\u00fcrkmen, i\u015f adam\u0131 Nihat A\u00e7\u0131kal\u0131n, meclis \u00fcyesi Erdal Kele\u015f, Bekbele Mahalle Muhtar\u0131 Hidayet K\u0131nal\u0131 ve e\u011fitimci Bestami Bilgin kat\u0131ld\u0131.<\/p>\n<p>Sivil toplum \u00f6rg\u00fct\u00fc ba\u015fkanlar\u0131, Ba\u015fhekim Veysel Y\u0131ld\u0131r\u0131m\u2019\u0131n arkas\u0131nda olduklar\u0131n\u0131 belirterek, y\u0131llard\u0131r s\u00fcrd\u00fcrd\u00fc\u011f\u00fc ba\u015fhekimlik g\u00f6revini ba\u015far\u0131l\u0131 bir \u015fekilde devam ettirmesini temenni ettiklerini ifade ettiler.<\/p>\n<p>Ziyaretin ayr\u0131ca, Y\u0131ld\u0131r\u0131m\u2019a destek vermek ve hastane hizmetlerinin geli\u015ftirilmesi konusundaki ortak hedeflerini peki\u015ftirmek amac\u0131yla ger\u00e7ekle\u015ftirildi\u011fi ifade edildi.<\/p>\n<p>\u200bHatay\u2019\u0131n \u0130skenderun il\u00e7esinde faaliyet g\u00f6steren Sivil Toplum \u00d6rg\u00fctleri temsilcileri ve \u00fcyelerinden olu\u015fan bir grup, Devlet Hastanesi Ba\u015fhekimi Veysel Y\u0131ld\u0131r\u0131m\u2019\u0131 makam\u0131nda ziyaret etti.\u00a0<\/p>\n<p>\u200biskenderun<\/p>","protected":false},"excerpt":{"rendered":"<p>Ziyarete, ABADER (Abac\u0131 Y\u00f6r\u00fck T\u00fcrkmen Derne\u011fi) Ba\u015fkan\u0131 Duran Bilgin, \u0130SDER (\u0130skenderunlular Derne\u011fi) Ba\u015fkan\u0131 Onur A\u00e7\u0131kal\u0131n, K\u0131r\u0131khan Hassallar E\u011fitim ve Yard\u0131mla\u015fma Derne\u011fi Ba\u015fkan\u0131 Mehmet Altay, Erzurumlular Derne\u011fi Ba\u015fkan\u0131 Mustafa Enzin, \u0130skenderun Y\u00f6r\u00fckler Derne\u011fi Ba\u015fkan\u0131 Ya\u015far T\u00fcrkmen, i\u015f adam\u0131 Nihat A\u00e7\u0131kal\u0131n, meclis \u00fcyesi Erdal Kele\u015f, Bekbele Mahalle Muhtar\u0131 Hidayet K\u0131nal\u0131 ve e\u011fitimci Bestami Bilgin kat\u0131ld\u0131. Sivil toplum \u00f6rg\u00fct\u00fc ba\u015fkanlar\u0131, Ba\u015fhekim Veysel Y\u0131ld\u0131r\u0131m\u2019\u0131n arkas\u0131nda olduklar\u0131n\u0131 belirterek, y\u0131llard\u0131r s\u00fcrd\u00fcrd\u00fc\u011f\u00fc ba\u015fhekimlik g\u00f6revini ba\u015far\u0131l\u0131 bir \u015fekilde devam ettirmesini temenni ettiklerini ifade ettiler. Ziyaretin ayr\u0131ca, Y\u0131ld\u0131r\u0131m\u2019a destek vermek ve hastane hizmetlerinin geli\u015ftirilmesi konusundaki ortak hedeflerini peki\u015ftirmek amac\u0131yla ger\u00e7ekle\u015ftirildi\u011fi ifade edildi. \u200bHatay\u2019\u0131n \u0130skenderun il\u00e7esinde faaliyet g\u00f6steren Sivil Toplum \u00d6rg\u00fctleri temsilcileri ve \u00fcyelerinden olu\u015fan bir grup, Devlet Hastanesi Ba\u015fhekimi Veysel Y\u0131ld\u0131r\u0131m\u2019\u0131 makam\u0131nda ziyaret etti.\u00a0 \u200biskenderun<\/p>","protected":false},"author":0,"featured_media":0,"comment_status":"open","ping_status":"open","sticky":false,"template":"","format":"standard","meta":{"_acf_changed":false,"footnotes":""},"categories":[24],"tags":[],"class_list":["post-1716","post","type-post","status-publish","format-standard","has-post-thumbnail","hentry","category-gundem"],"acf":[],"yoast_head":"<!-- This site is optimized with the Yoast SEO Premium plugin v26.6 (Yoast SEO v27.1.1) - https:\/\/yoast.com\/product\/yoast-seo-premium-wordpress\/ -->\n<title>STK\u2019Lardan Ba\u015fhekim Y\u0131ld\u0131r\u0131m\u2019a Ziyareti\u2026 - Av. Deniz Can K\u0131z\u0131l<\/title>\n<meta name=\"robots\" content=\"index, follow, max-snippet:-1, max-image-preview:large, max-video-preview:-1\" \/>\n<link rel=\"canonical\" href=\"http:\/\/denizcankizil.tr\/uk\/haberler\/gundem\/stklardan-bashekim-yildirima-ziyareti\/\" \/>\n<meta property=\"og:locale\" content=\"uk_UA\" \/>\n<meta property=\"og:type\" content=\"article\" \/>\n<meta property=\"og:title\" content=\"STK\u2019Lardan Ba\u015fhekim Y\u0131ld\u0131r\u0131m\u2019a Ziyareti\u2026\" \/>\n<meta property=\"og:description\" content=\"Ziyarete, ABADER (Abac\u0131 Y\u00f6r\u00fck T\u00fcrkmen Derne\u011fi) Ba\u015fkan\u0131 Duran Bilgin, \u0130SDER (\u0130skenderunlular Derne\u011fi) Ba\u015fkan\u0131 Onur A\u00e7\u0131kal\u0131n, K\u0131r\u0131khan Hassallar E\u011fitim ve Yard\u0131mla\u015fma Derne\u011fi Ba\u015fkan\u0131 Mehmet Altay, Erzurumlular Derne\u011fi Ba\u015fkan\u0131 Mustafa Enzin, \u0130skenderun Y\u00f6r\u00fckler Derne\u011fi Ba\u015fkan\u0131 Ya\u015far T\u00fcrkmen, i\u015f adam\u0131 Nihat A\u00e7\u0131kal\u0131n, meclis \u00fcyesi Erdal Kele\u015f, Bekbele Mahalle Muhtar\u0131 Hidayet K\u0131nal\u0131 ve e\u011fitimci Bestami Bilgin kat\u0131ld\u0131. Sivil toplum \u00f6rg\u00fct\u00fc ba\u015fkanlar\u0131, Ba\u015fhekim Veysel Y\u0131ld\u0131r\u0131m\u2019\u0131n arkas\u0131nda olduklar\u0131n\u0131 belirterek, y\u0131llard\u0131r s\u00fcrd\u00fcrd\u00fc\u011f\u00fc ba\u015fhekimlik g\u00f6revini ba\u015far\u0131l\u0131 bir \u015fekilde devam ettirmesini temenni ettiklerini ifade ettiler. Ziyaretin ayr\u0131ca, Y\u0131ld\u0131r\u0131m\u2019a destek vermek ve hastane hizmetlerinin geli\u015ftirilmesi konusundaki ortak hedeflerini peki\u015ftirmek amac\u0131yla ger\u00e7ekle\u015ftirildi\u011fi ifade edildi. \u200bHatay\u2019\u0131n \u0130skenderun il\u00e7esinde faaliyet g\u00f6steren Sivil Toplum \u00d6rg\u00fctleri temsilcileri ve \u00fcyelerinden olu\u015fan bir grup, Devlet Hastanesi Ba\u015fhekimi Veysel Y\u0131ld\u0131r\u0131m\u2019\u0131 makam\u0131nda ziyaret etti.\u00a0 \u200biskenderun\" \/>\n<meta property=\"og:url\" content=\"http:\/\/denizcankizil.tr\/uk\/haberler\/gundem\/stklardan-bashekim-yildirima-ziyareti\/\" \/>\n<meta property=\"og:site_name\" content=\"Av. Deniz Can K\u0131z\u0131l\" \/>\n<meta property=\"article:published_time\" content=\"2024-10-12T10:01:40+00:00\" \/>\n<meta name=\"twitter:card\" content=\"summary_large_image\" \/>\n<meta name=\"twitter:label1\" content=\"\u041f\u0440\u0438\u0431\u043b. \u0447\u0430\u0441 \u0447\u0438\u0442\u0430\u043d\u043d\u044f\" \/>\n\t<meta name=\"twitter:data1\" content=\"1 \u0445\u0432\u0438\u043b\u0438\u043d\u0430\" \/>\n<script type=\"application\/ld+json\" class=\"yoast-schema-graph\">{\"@context\":\"https:\/\/schema.org\",\"@graph\":[{\"@type\":\"Article\",\"@id\":\"http:\/\/denizcankizil.tr\/uk\/haberler\/gundem\/stklardan-bashekim-yildirima-ziyareti\/#article\",\"isPartOf\":{\"@id\":\"http:\/\/denizcankizil.tr\/uk\/haberler\/gundem\/stklardan-bashekim-yildirima-ziyareti\/\"},\"author\":{\"name\":\"\",\"@id\":\"\"},\"headline\":\"STK\u2019Lardan Ba\u015fhekim Y\u0131ld\u0131r\u0131m\u2019a Ziyareti\u2026\",\"datePublished\":\"2024-10-12T10:01:40+00:00\",\"mainEntityOfPage\":{\"@id\":\"http:\/\/denizcankizil.tr\/uk\/haberler\/gundem\/stklardan-bashekim-yildirima-ziyareti\/\"},\"wordCount\":193,\"commentCount\":0,\"publisher\":{\"@id\":\"https:\/\/denizcankizil.tr\/de\/#organization\"},\"articleSection\":[\"G\u00fcndem\"],\"inLanguage\":\"uk\",\"potentialAction\":[{\"@type\":\"CommentAction\",\"name\":\"Comment\",\"target\":[\"http:\/\/denizcankizil.tr\/uk\/haberler\/gundem\/stklardan-bashekim-yildirima-ziyareti\/#respond\"]}]},{\"@type\":\"WebPage\",\"@id\":\"http:\/\/denizcankizil.tr\/uk\/haberler\/gundem\/stklardan-bashekim-yildirima-ziyareti\/\",\"url\":\"http:\/\/denizcankizil.tr\/uk\/haberler\/gundem\/stklardan-bashekim-yildirima-ziyareti\/\",\"name\":\"STK\u2019Lardan Ba\u015fhekim Y\u0131ld\u0131r\u0131m\u2019a Ziyareti\u2026 - Av. Deniz Can K\u0131z\u0131l\",\"isPartOf\":{\"@id\":\"https:\/\/denizcankizil.tr\/de\/#website\"},\"datePublished\":\"2024-10-12T10:01:40+00:00\",\"breadcrumb\":{\"@id\":\"http:\/\/denizcankizil.tr\/uk\/haberler\/gundem\/stklardan-bashekim-yildirima-ziyareti\/#breadcrumb\"},\"inLanguage\":\"uk\",\"potentialAction\":[{\"@type\":\"ReadAction\",\"target\":[\"http:\/\/denizcankizil.tr\/uk\/haberler\/gundem\/stklardan-bashekim-yildirima-ziyareti\/\"]}]},{\"@type\":\"BreadcrumbList\",\"@id\":\"http:\/\/denizcankizil.tr\/uk\/haberler\/gundem\/stklardan-bashekim-yildirima-ziyareti\/#breadcrumb\",\"itemListElement\":[{\"@type\":\"ListItem\",\"position\":1,\"name\":\"Home\",\"item\":\"https:\/\/denizcankizil.tr\/de\/\"},{\"@type\":\"ListItem\",\"position\":2,\"name\":\"STK\u2019Lardan Ba\u015fhekim Y\u0131ld\u0131r\u0131m\u2019a Ziyareti\u2026\"}]},{\"@type\":\"WebSite\",\"@id\":\"https:\/\/denizcankizil.tr\/de\/#website\",\"url\":\"https:\/\/denizcankizil.tr\/de\/\",\"name\":\"Av. Deniz Can K\u0131z\u0131l\",\"description\":\"Avukat Deniz Can K\u0131z\u0131l Antalya Barosu\",\"publisher\":{\"@id\":\"https:\/\/denizcankizil.tr\/de\/#organization\"},\"potentialAction\":[{\"@type\":\"SearchAction\",\"target\":{\"@type\":\"EntryPoint\",\"urlTemplate\":\"https:\/\/denizcankizil.tr\/de\/?s={search_term_string}\"},\"query-input\":{\"@type\":\"PropertyValueSpecification\",\"valueRequired\":true,\"valueName\":\"search_term_string\"}}],\"inLanguage\":\"uk\"},{\"@type\":\"Organization\",\"@id\":\"https:\/\/denizcankizil.tr\/de\/#organization\",\"name\":\"Av. Deniz Can K\u0131z\u0131l\",\"url\":\"https:\/\/denizcankizil.tr\/de\/\",\"logo\":{\"@type\":\"ImageObject\",\"inLanguage\":\"uk\",\"@id\":\"https:\/\/denizcankizil.tr\/de\/#\/schema\/logo\/image\/\",\"url\":\"http:\/\/denizcankizil.tr\/wp-content\/uploads\/2024\/10\/siyah-logo-svg.svg\",\"contentUrl\":\"http:\/\/denizcankizil.tr\/wp-content\/uploads\/2024\/10\/siyah-logo-svg.svg\",\"width\":1080,\"height\":1080,\"caption\":\"Av. Deniz Can K\u0131z\u0131l\"},\"image\":{\"@id\":\"https:\/\/denizcankizil.tr\/de\/#\/schema\/logo\/image\/\"}}]}<\/script>\n<!-- \/ Yoast SEO Premium plugin. -->","yoast_head_json":{"title":"STK\u2019Lardan Ba\u015fhekim Y\u0131ld\u0131r\u0131m\u2019a Ziyareti\u2026 - Av. Deniz Can K\u0131z\u0131l","robots":{"index":"index","follow":"follow","max-snippet":"max-snippet:-1","max-image-preview":"max-image-preview:large","max-video-preview":"max-video-preview:-1"},"canonical":"http:\/\/denizcankizil.tr\/uk\/haberler\/gundem\/stklardan-bashekim-yildirima-ziyareti\/","og_locale":"uk_UA","og_type":"article","og_title":"STK\u2019Lardan Ba\u015fhekim Y\u0131ld\u0131r\u0131m\u2019a Ziyareti\u2026","og_description":"Ziyarete, ABADER (Abac\u0131 Y\u00f6r\u00fck T\u00fcrkmen Derne\u011fi) Ba\u015fkan\u0131 Duran Bilgin, \u0130SDER (\u0130skenderunlular Derne\u011fi) Ba\u015fkan\u0131 Onur A\u00e7\u0131kal\u0131n, K\u0131r\u0131khan Hassallar E\u011fitim ve Yard\u0131mla\u015fma Derne\u011fi Ba\u015fkan\u0131 Mehmet Altay, Erzurumlular Derne\u011fi Ba\u015fkan\u0131 Mustafa Enzin, \u0130skenderun Y\u00f6r\u00fckler Derne\u011fi Ba\u015fkan\u0131 Ya\u015far T\u00fcrkmen, i\u015f adam\u0131 Nihat A\u00e7\u0131kal\u0131n, meclis \u00fcyesi Erdal Kele\u015f, Bekbele Mahalle Muhtar\u0131 Hidayet K\u0131nal\u0131 ve e\u011fitimci Bestami Bilgin kat\u0131ld\u0131. Sivil toplum \u00f6rg\u00fct\u00fc ba\u015fkanlar\u0131, Ba\u015fhekim Veysel Y\u0131ld\u0131r\u0131m\u2019\u0131n arkas\u0131nda olduklar\u0131n\u0131 belirterek, y\u0131llard\u0131r s\u00fcrd\u00fcrd\u00fc\u011f\u00fc ba\u015fhekimlik g\u00f6revini ba\u015far\u0131l\u0131 bir \u015fekilde devam ettirmesini temenni ettiklerini ifade ettiler. Ziyaretin ayr\u0131ca, Y\u0131ld\u0131r\u0131m\u2019a destek vermek ve hastane hizmetlerinin geli\u015ftirilmesi konusundaki ortak hedeflerini peki\u015ftirmek amac\u0131yla ger\u00e7ekle\u015ftirildi\u011fi ifade edildi. \u200bHatay\u2019\u0131n \u0130skenderun il\u00e7esinde faaliyet g\u00f6steren Sivil Toplum \u00d6rg\u00fctleri temsilcileri ve \u00fcyelerinden olu\u015fan bir grup, Devlet Hastanesi Ba\u015fhekimi Veysel Y\u0131ld\u0131r\u0131m\u2019\u0131 makam\u0131nda ziyaret etti.\u00a0 \u200biskenderun","og_url":"http:\/\/denizcankizil.tr\/uk\/haberler\/gundem\/stklardan-bashekim-yildirima-ziyareti\/","og_site_name":"Av. Deniz Can K\u0131z\u0131l","article_published_time":"2024-10-12T10:01:40+00:00","twitter_card":"summary_large_image","twitter_misc":{"\u041f\u0440\u0438\u0431\u043b. \u0447\u0430\u0441 \u0447\u0438\u0442\u0430\u043d\u043d\u044f":"1 \u0445\u0432\u0438\u043b\u0438\u043d\u0430"},"schema":{"@context":"https:\/\/schema.org","@graph":[{"@type":"Article","@id":"http:\/\/denizcankizil.tr\/uk\/haberler\/gundem\/stklardan-bashekim-yildirima-ziyareti\/#article","isPartOf":{"@id":"http:\/\/denizcankizil.tr\/uk\/haberler\/gundem\/stklardan-bashekim-yildirima-ziyareti\/"},"author":{"name":"","@id":""},"headline":"STK\u2019Lardan Ba\u015fhekim Y\u0131ld\u0131r\u0131m\u2019a Ziyareti\u2026","datePublished":"2024-10-12T10:01:40+00:00","mainEntityOfPage":{"@id":"http:\/\/denizcankizil.tr\/uk\/haberler\/gundem\/stklardan-bashekim-yildirima-ziyareti\/"},"wordCount":193,"commentCount":0,"publisher":{"@id":"https:\/\/denizcankizil.tr\/de\/#organization"},"articleSection":["G\u00fcndem"],"inLanguage":"uk","potentialAction":[{"@type":"CommentAction","name":"Comment","target":["http:\/\/denizcankizil.tr\/uk\/haberler\/gundem\/stklardan-bashekim-yildirima-ziyareti\/#respond"]}]},{"@type":"WebPage","@id":"http:\/\/denizcankizil.tr\/uk\/haberler\/gundem\/stklardan-bashekim-yildirima-ziyareti\/","url":"http:\/\/denizcankizil.tr\/uk\/haberler\/gundem\/stklardan-bashekim-yildirima-ziyareti\/","name":"STK\u2019Lardan Ba\u015fhekim Y\u0131ld\u0131r\u0131m\u2019a Ziyareti\u2026 - Av. Deniz Can K\u0131z\u0131l","isPartOf":{"@id":"https:\/\/denizcankizil.tr\/de\/#website"},"datePublished":"2024-10-12T10:01:40+00:00","breadcrumb":{"@id":"http:\/\/denizcankizil.tr\/uk\/haberler\/gundem\/stklardan-bashekim-yildirima-ziyareti\/#breadcrumb"},"inLanguage":"uk","potentialAction":[{"@type":"ReadAction","target":["http:\/\/denizcankizil.tr\/uk\/haberler\/gundem\/stklardan-bashekim-yildirima-ziyareti\/"]}]},{"@type":"BreadcrumbList","@id":"http:\/\/denizcankizil.tr\/uk\/haberler\/gundem\/stklardan-bashekim-yildirima-ziyareti\/#breadcrumb","itemListElement":[{"@type":"ListItem","position":1,"name":"Home","item":"https:\/\/denizcankizil.tr\/de\/"},{"@type":"ListItem","position":2,"name":"STK\u2019Lardan Ba\u015fhekim Y\u0131ld\u0131r\u0131m\u2019a Ziyareti\u2026"}]},{"@type":"WebSite","@id":"https:\/\/denizcankizil.tr\/de\/#website","url":"https:\/\/denizcankizil.tr\/de\/","name":"Av. Deniz Can K\u0131z\u0131l","description":"Avukat Deniz Can K\u0131z\u0131l Antalya Barosu","publisher":{"@id":"https:\/\/denizcankizil.tr\/de\/#organization"},"potentialAction":[{"@type":"SearchAction","target":{"@type":"EntryPoint","urlTemplate":"https:\/\/denizcankizil.tr\/de\/?s={search_term_string}"},"query-input":{"@type":"PropertyValueSpecification","valueRequired":true,"valueName":"search_term_string"}}],"inLanguage":"uk"},{"@type":"Organization","@id":"https:\/\/denizcankizil.tr\/de\/#organization","name":"Av. Deniz Can K\u0131z\u0131l","url":"https:\/\/denizcankizil.tr\/de\/","logo":{"@type":"ImageObject","inLanguage":"uk","@id":"https:\/\/denizcankizil.tr\/de\/#\/schema\/logo\/image\/","url":"http:\/\/denizcankizil.tr\/wp-content\/uploads\/2024\/10\/siyah-logo-svg.svg","contentUrl":"http:\/\/denizcankizil.tr\/wp-content\/uploads\/2024\/10\/siyah-logo-svg.svg","width":1080,"height":1080,"caption":"Av. Deniz Can K\u0131z\u0131l"},"image":{"@id":"https:\/\/denizcankizil.tr\/de\/#\/schema\/logo\/image\/"}}]}},"_links":{"self":[{"href":"http:\/\/denizcankizil.tr\/uk\/wp-json\/wp\/v2\/posts\/1716","targetHints":{"allow":["GET"]}}],"collection":[{"href":"http:\/\/denizcankizil.tr\/uk\/wp-json\/wp\/v2\/posts"}],"about":[{"href":"http:\/\/denizcankizil.tr\/uk\/wp-json\/wp\/v2\/types\/post"}],"replies":[{"embeddable":true,"href":"http:\/\/denizcankizil.tr\/uk\/wp-json\/wp\/v2\/comments?post=1716"}],"version-history":[{"count":0,"href":"http:\/\/denizcankizil.tr\/uk\/wp-json\/wp\/v2\/posts\/1716\/revisions"}],"wp:attachment":[{"href":"http:\/\/denizcankizil.tr\/uk\/wp-json\/wp\/v2\/media?parent=1716"}],"wp:term":[{"taxonomy":"category","embeddable":true,"href":"http:\/\/denizcankizil.tr\/uk\/wp-json\/wp\/v2\/categories?post=1716"},{"taxonomy":"post_tag","embeddable":true,"href":"http:\/\/denizcankizil.tr\/uk\/wp-json\/wp\/v2\/tags?post=1716"}],"curies":[{"name":"wp","href":"https:\/\/api.w.org\/{rel}","templated":true}]}}